{"id":5434,"date":"2012-02-03T17:35:08","date_gmt":"2012-02-03T16:35:08","guid":{"rendered":"http:\/\/news.gold.fr\/?p=5434"},"modified":"2020-06-26T14:33:17","modified_gmt":"2020-06-26T12:33:17","slug":"semaine-de-lor-la-revue-des-experts","status":"publish","type":"post","link":"https:\/\/www.gold.fr\/news\/2012\/02\/03\/semaine-de-lor-la-revue-des-experts\/","title":{"rendered":"Semaine de l\u2019or \u2013 La revue des experts"},"content":{"rendered":"<p style=\"text-align: justify;\"><a href=\"http:\/\/news.gold.fr\/wp-content\/uploads\/2010\/09\/code-dor.jpg\"><img loading=\"lazy\" decoding=\"async\" class=\"alignleft size-thumbnail wp-image-5003\" title=\"code-d'or\" src=\"http:\/\/news.gold.fr\/wp-content\/uploads\/2010\/09\/code-dor-150x150.jpg\" alt=\"\" width=\"150\" height=\"150\" align=\"left\" border=\"1\" hspace=\"5\" vspace=\"5\" \/><\/a><span style=\"font-family: Verdana;\"><span style=\"text-align: justify;\">Dans le cadre de leur revue trimestrielle (\u00ab\u00a0Metals Review\u00a0\u00bb, publi\u00e9e la semaine derni\u00e8re), les experts de Natixis Commodity reviennent d\u2019abord sur les mouvements du <strong>cours<\/strong> tout au long du deuxi\u00e8me semestre 2011, comparant <strong>la flamb\u00e9e<\/strong> \u00e0 venir \u00e0 celle de la fin du premier semestre 2011. Ils d\u00e9clarent que \u00ab\u00a0alors que le congr\u00e8s se d\u00e9chirait sur le rel\u00e8vement du plafond de la dette f\u00e9d\u00e9rale am\u00e9ricaine (durant l&rsquo;\u00e9t\u00e9 2011), la crainte d&rsquo;un d\u00e9faut de paiement des Etats-Unis a tir\u00e9 les prix vers le haut\u00a0\u00bb. Notons d\u2019ailleurs que le pic historique de 1\u00a0920 dollars l\u2019<a href=\"https:\/\/www.gold.fr\/once-en\/\">once<\/a> avait \u00e9t\u00e9 atteint par l\u2019<strong><a class=\"esk-seo-plu-link\" href=\"https:\/\/www.gold.fr\/news\/tags\/or\">or<\/a><\/strong> au d\u00e9but du mois de septembre, juste apr\u00e8s que les Etats-Unis aient perdu leur &lsquo;AAA&rsquo; chez Standard &amp; Poor&rsquo;s, (d\u00e9but ao\u00fbt).<\/span><br style=\"font-family: Arial, Helvetica, sans-serif; text-align: justify;\" \/><br style=\"font-family: Arial, Helvetica, sans-serif; text-align: justify;\" \/><span style=\"text-align: justify;\">De son c\u00f4t\u00e9, Walter de Wet, analyste \u00e0 Standard Bank, attire l\u2019attention de la discr\u00e9tion des banques centrales qui n\u2019ont achet\u00e9, en 2011, que 73 tonnes (volume pr\u00e9vu pour d\u00e9passer les 500 tonnes). \u00ab\u00a0De plus en plus de banques centrales font des r\u00e9serves d\u2019<strong><a class=\"esk-seo-plu-link\" href=\"https:\/\/www.gold.fr\/news\/tags\/or\">or<\/a><\/strong>, constate-t-il. M\u00eame si les pays de la <strong>zone euro<\/strong> et les Etats-Unis parviennent \u00e0 trouver des solutions [\u00e0 la crise de la dette], ils seront malgr\u00e9 tout confront\u00e9s \u00e0 une r\u00e9cession. <a class=\"esk-seo-plu-link\" href=\"https:\/\/www.gold.fr\/news\/tags\/or\">Or<\/a>, en p\u00e9riode de r\u00e9cession, les Etats impriment de la monnaie ; <a href=\"https:\/\/www.gold.fr\/cours-prix-de-l-or\/\">le cours de l\u2019o<\/a>r va donc monter\u00a0\u00bb.<\/span><\/span><\/p>\n<p>&nbsp;<\/p>\n<!-- AddThis Advanced Settings generic via filter on the_content --><!-- AddThis Share Buttons generic via filter on the_content -->","protected":false},"excerpt":{"rendered":"<p>Dans le cadre de leur revue trimestrielle (\u00ab\u00a0Metals Review\u00a0\u00bb, publi\u00e9e la semaine derni\u00e8re), les experts de Natixis Commodity reviennent d\u2019abord sur les mouvements du cours tout au long du deuxi\u00e8me semestre 2011, comparant la flamb\u00e9e \u00e0 [&hellip;]<\/p>\n","protected":false},"author":18,"featured_media":5064,"comment_status":"closed","ping_status":"closed","sticky":false,"template":"","format":"standard","meta":{"_mbp_gutenberg_autopost":false,"_pgmb_is_evergreen":false,"_pgmb_ap_template_id":0,"footnotes":""},"categories":[6],"tags":[85,76,84],"ppma_author":[2565],"class_list":["post-5434","post","type-post","status-publish","format-standard","has-post-thumbnail","hentry","category-articles-de-presse","tag-once-dor","tag-or","tag-cours-de-lor"],"yoast_head":"<!-- This site is optimized with the Yoast SEO plugin v27.5 - https:\/\/yoast.com\/product\/yoast-seo-wordpress\/ -->\n<title>Semaine de l\u2019or \u2013 La revue des experts - Gold.fr<\/title>\n<meta name=\"description\" content=\"Dans le cadre de la revue trimestrielle Metals Review les experts comparent la flamb\u00e9e de l&#039;or \u00e0 venir \u00e0 celle de la fin du 1er semestre 2011\" \/>\n<meta name=\"robots\" content=\"index, follow, max-snippet:-1, max-image-preview:large, max-video-preview:-1\" \/>\n<link rel=\"canonical\" href=\"https:\/\/www.gold.fr\/news\/2012\/02\/03\/semaine-de-lor-la-revue-des-experts\/\" \/>\n<meta property=\"og:locale\" content=\"fr_FR\" \/>\n<meta property=\"og:type\" content=\"article\" \/>\n<meta property=\"og:title\" content=\"Semaine de l\u2019or \u2013 La revue des experts - Gold.fr\" \/>\n<meta property=\"og:description\" content=\"Dans le cadre de la revue trimestrielle Metals Review les experts comparent la flamb\u00e9e de l&#039;or \u00e0 venir \u00e0 celle de la fin du 1er semestre 2011\" \/>\n<meta property=\"og:url\" content=\"https:\/\/www.gold.fr\/news\/2012\/02\/03\/semaine-de-lor-la-revue-des-experts\/\" \/>\n<meta property=\"og:site_name\" content=\"Gold.fr\" \/>\n<meta property=\"article:publisher\" content=\"https:\/\/www.facebook.com\/Goldfr\/\" \/>\n<meta property=\"article:published_time\" content=\"2012-02-03T16:35:08+00:00\" \/>\n<meta property=\"article:modified_time\" content=\"2020-06-26T12:33:17+00:00\" \/>\n<meta property=\"og:image\" content=\"https:\/\/www.gold.fr\/news\/wp-content\/uploads\/2010\/09\/world-or.jpg\" \/>\n\t<meta property=\"og:image:width\" content=\"600\" \/>\n\t<meta property=\"og:image:height\" content=\"400\" \/>\n\t<meta property=\"og:image:type\" content=\"image\/jpeg\" \/>\n<meta name=\"author\" content=\"Comptoir National de l&#039;Or\" \/>\n<meta name=\"twitter:card\" content=\"summary_large_image\" \/>\n<meta name=\"twitter:label1\" content=\"\u00c9crit par\" \/>\n\t<meta name=\"twitter:data1\" content=\"Comptoir National de l&#039;Or\" \/>\n\t<meta name=\"twitter:label2\" content=\"Dur\u00e9e de lecture estim\u00e9e\" \/>\n\t<meta name=\"twitter:data2\" content=\"1 minute\" \/>\n<script type=\"application\/ld+json\" class=\"yoast-schema-graph\">{\"@context\":\"https:\\\/\\\/schema.org\",\"@graph\":[{\"@type\":\"Article\",\"@id\":\"https:\\\/\\\/www.gold.fr\\\/news\\\/2012\\\/02\\\/03\\\/semaine-de-lor-la-revue-des-experts\\\/#article\",\"isPartOf\":{\"@id\":\"https:\\\/\\\/www.gold.fr\\\/news\\\/2012\\\/02\\\/03\\\/semaine-de-lor-la-revue-des-experts\\\/\"},\"author\":{\"name\":\"Comptoir National de l'Or\",\"@id\":\"https:\\\/\\\/www.gold.fr\\\/news\\\/#\\\/schema\\\/person\\\/070491b4b4fb7671bf59b3be20302ce9\"},\"headline\":\"Semaine de l\u2019or \u2013 La revue des experts\",\"datePublished\":\"2012-02-03T16:35:08+00:00\",\"dateModified\":\"2020-06-26T12:33:17+00:00\",\"mainEntityOfPage\":{\"@id\":\"https:\\\/\\\/www.gold.fr\\\/news\\\/2012\\\/02\\\/03\\\/semaine-de-lor-la-revue-des-experts\\\/\"},\"wordCount\":245,\"image\":{\"@id\":\"https:\\\/\\\/www.gold.fr\\\/news\\\/2012\\\/02\\\/03\\\/semaine-de-lor-la-revue-des-experts\\\/#primaryimage\"},\"thumbnailUrl\":\"https:\\\/\\\/www.gold.fr\\\/news\\\/wp-content\\\/uploads\\\/2010\\\/09\\\/world-or.jpg\",\"keywords\":[\"once d'or\",\"Or\",\"Tout Cours de l'Or\"],\"articleSection\":[\"Articles de presse\"],\"inLanguage\":\"fr-FR\"},{\"@type\":\"WebPage\",\"@id\":\"https:\\\/\\\/www.gold.fr\\\/news\\\/2012\\\/02\\\/03\\\/semaine-de-lor-la-revue-des-experts\\\/\",\"url\":\"https:\\\/\\\/www.gold.fr\\\/news\\\/2012\\\/02\\\/03\\\/semaine-de-lor-la-revue-des-experts\\\/\",\"name\":\"Semaine de l\u2019or \u2013 La revue des experts - Gold.fr\",\"isPartOf\":{\"@id\":\"https:\\\/\\\/www.gold.fr\\\/news\\\/#website\"},\"primaryImageOfPage\":{\"@id\":\"https:\\\/\\\/www.gold.fr\\\/news\\\/2012\\\/02\\\/03\\\/semaine-de-lor-la-revue-des-experts\\\/#primaryimage\"},\"image\":{\"@id\":\"https:\\\/\\\/www.gold.fr\\\/news\\\/2012\\\/02\\\/03\\\/semaine-de-lor-la-revue-des-experts\\\/#primaryimage\"},\"thumbnailUrl\":\"https:\\\/\\\/www.gold.fr\\\/news\\\/wp-content\\\/uploads\\\/2010\\\/09\\\/world-or.jpg\",\"datePublished\":\"2012-02-03T16:35:08+00:00\",\"dateModified\":\"2020-06-26T12:33:17+00:00\",\"author\":{\"@id\":\"https:\\\/\\\/www.gold.fr\\\/news\\\/#\\\/schema\\\/person\\\/070491b4b4fb7671bf59b3be20302ce9\"},\"description\":\"Dans le cadre de la revue trimestrielle Metals Review les experts comparent la flamb\u00e9e de l'or \u00e0 venir \u00e0 celle de la fin du 1er semestre 2011\",\"breadcrumb\":{\"@id\":\"https:\\\/\\\/www.gold.fr\\\/news\\\/2012\\\/02\\\/03\\\/semaine-de-lor-la-revue-des-experts\\\/#breadcrumb\"},\"inLanguage\":\"fr-FR\",\"potentialAction\":[{\"@type\":\"ReadAction\",\"target\":[\"https:\\\/\\\/www.gold.fr\\\/news\\\/2012\\\/02\\\/03\\\/semaine-de-lor-la-revue-des-experts\\\/\"]}]},{\"@type\":\"ImageObject\",\"inLanguage\":\"fr-FR\",\"@id\":\"https:\\\/\\\/www.gold.fr\\\/news\\\/2012\\\/02\\\/03\\\/semaine-de-lor-la-revue-des-experts\\\/#primaryimage\",\"url\":\"https:\\\/\\\/www.gold.fr\\\/news\\\/wp-content\\\/uploads\\\/2010\\\/09\\\/world-or.jpg\",\"contentUrl\":\"https:\\\/\\\/www.gold.fr\\\/news\\\/wp-content\\\/uploads\\\/2010\\\/09\\\/world-or.jpg\",\"width\":\"600\",\"height\":\"400\",\"caption\":\"world-or\"},{\"@type\":\"BreadcrumbList\",\"@id\":\"https:\\\/\\\/www.gold.fr\\\/news\\\/2012\\\/02\\\/03\\\/semaine-de-lor-la-revue-des-experts\\\/#breadcrumb\",\"itemListElement\":[{\"@type\":\"ListItem\",\"position\":1,\"name\":\"Accueil\",\"item\":\"https:\\\/\\\/www.gold.fr\\\/\"},{\"@type\":\"ListItem\",\"position\":2,\"name\":\"Actualit\u00e9s\",\"item\":\"https:\\\/\\\/www.gold.fr\\\/news\\\/\"},{\"@type\":\"ListItem\",\"position\":3,\"name\":\"Semaine de l\u2019or \u2013 La revue des experts\"}]},{\"@type\":\"WebSite\",\"@id\":\"https:\\\/\\\/www.gold.fr\\\/news\\\/#website\",\"url\":\"https:\\\/\\\/www.gold.fr\\\/news\\\/\",\"name\":\"Gold.fr\",\"description\":\"Actualit\u00e9s de l&#039;Or et des m\u00e9taux pr\u00e9cieux\",\"potentialAction\":[{\"@type\":\"SearchAction\",\"target\":{\"@type\":\"EntryPoint\",\"urlTemplate\":\"https:\\\/\\\/www.gold.fr\\\/news\\\/?s={search_term_string}\"},\"query-input\":{\"@type\":\"PropertyValueSpecification\",\"valueRequired\":true,\"valueName\":\"search_term_string\"}}],\"inLanguage\":\"fr-FR\"},{\"@type\":\"Person\",\"@id\":\"https:\\\/\\\/www.gold.fr\\\/news\\\/#\\\/schema\\\/person\\\/070491b4b4fb7671bf59b3be20302ce9\",\"name\":\"Comptoir National de l'Or\",\"image\":{\"@type\":\"ImageObject\",\"inLanguage\":\"fr-FR\",\"@id\":\"https:\\\/\\\/secure.gravatar.com\\\/avatar\\\/0a2867fd5abe37bed95d5a65e9d58f01756e11efc68af9888dfc50cfa7f65948?s=96&d=mm&r=gb490554db0a38188709de567aa58480d\",\"url\":\"https:\\\/\\\/secure.gravatar.com\\\/avatar\\\/0a2867fd5abe37bed95d5a65e9d58f01756e11efc68af9888dfc50cfa7f65948?s=96&d=mm&r=g\",\"contentUrl\":\"https:\\\/\\\/secure.gravatar.com\\\/avatar\\\/0a2867fd5abe37bed95d5a65e9d58f01756e11efc68af9888dfc50cfa7f65948?s=96&d=mm&r=g\",\"caption\":\"Comptoir National de l'Or\"},\"description\":\"Notre r\u00e9daction est constitu\u00e9e de membres experts dans les m\u00e9tiers de l'\u00e9conomie et la gestion, des Responsables d'agence Comptoir National de l'Or, des analystes financiers qui publient r\u00e9guli\u00e8rement des \u00e9tudes sur les politiques des banques centrales, le cours de l'or, prix de l'or, cours de l'argent, prix de l'argent, cours du platine, cours du palladium,... la situation en zone euro et l'impact de la strat\u00e9gie mon\u00e9taire de la FED. Notre \u00e9quipe scrute \u00e9galement une information plus g\u00e9n\u00e9raliste \u00e0 la recherche d'actualit\u00e9 \\\"p\u00e9pite\\\" \u00e0 vous partager. Depuis 5 ans, nous avons publi\u00e9 un peu plus de 4000 articles qui s'adressent \u00e0 un public large et vari\u00e9 ayant pour objectif de satisfaire votre curiosit\u00e9 et de partager avec vous une certaine fascination pour le m\u00e9tal jaune, le rachat d'or, et pour ceux qui veulent investir dans l'or, vendre leur or tout simplement en savoir plus... Pour tous vos achat or et argent, n'h\u00e9sitez pas \u00e0 prendre rendez-vous dans l'un de nos nombreux comptoirs.\",\"sameAs\":[\"https:\\\/\\\/www.gold.fr\"]}]}<\/script>\n<!-- \/ Yoast SEO plugin. -->","yoast_head_json":{"title":"Semaine de l\u2019or \u2013 La revue des experts - Gold.fr","description":"Dans le cadre de la revue trimestrielle Metals Review les experts comparent la flamb\u00e9e de l'or \u00e0 venir \u00e0 celle de la fin du 1er semestre 2011","robots":{"index":"index","follow":"follow","max-snippet":"max-snippet:-1","max-image-preview":"max-image-preview:large","max-video-preview":"max-video-preview:-1"},"canonical":"https:\/\/www.gold.fr\/news\/2012\/02\/03\/semaine-de-lor-la-revue-des-experts\/","og_locale":"fr_FR","og_type":"article","og_title":"Semaine de l\u2019or \u2013 La revue des experts - Gold.fr","og_description":"Dans le cadre de la revue trimestrielle Metals Review les experts comparent la flamb\u00e9e de l'or \u00e0 venir \u00e0 celle de la fin du 1er semestre 2011","og_url":"https:\/\/www.gold.fr\/news\/2012\/02\/03\/semaine-de-lor-la-revue-des-experts\/","og_site_name":"Gold.fr","article_publisher":"https:\/\/www.facebook.com\/Goldfr\/","article_published_time":"2012-02-03T16:35:08+00:00","article_modified_time":"2020-06-26T12:33:17+00:00","og_image":[{"width":600,"height":400,"url":"https:\/\/www.gold.fr\/news\/wp-content\/uploads\/2010\/09\/world-or.jpg","type":"image\/jpeg"}],"author":"Comptoir National de l'Or","twitter_card":"summary_large_image","twitter_misc":{"\u00c9crit par":"Comptoir National de l'Or","Dur\u00e9e de lecture estim\u00e9e":"1 minute"},"schema":{"@context":"https:\/\/schema.org","@graph":[{"@type":"Article","@id":"https:\/\/www.gold.fr\/news\/2012\/02\/03\/semaine-de-lor-la-revue-des-experts\/#article","isPartOf":{"@id":"https:\/\/www.gold.fr\/news\/2012\/02\/03\/semaine-de-lor-la-revue-des-experts\/"},"author":{"name":"Comptoir National de l'Or","@id":"https:\/\/www.gold.fr\/news\/#\/schema\/person\/070491b4b4fb7671bf59b3be20302ce9"},"headline":"Semaine de l\u2019or \u2013 La revue des experts","datePublished":"2012-02-03T16:35:08+00:00","dateModified":"2020-06-26T12:33:17+00:00","mainEntityOfPage":{"@id":"https:\/\/www.gold.fr\/news\/2012\/02\/03\/semaine-de-lor-la-revue-des-experts\/"},"wordCount":245,"image":{"@id":"https:\/\/www.gold.fr\/news\/2012\/02\/03\/semaine-de-lor-la-revue-des-experts\/#primaryimage"},"thumbnailUrl":"https:\/\/www.gold.fr\/news\/wp-content\/uploads\/2010\/09\/world-or.jpg","keywords":["once d'or","Or","Tout Cours de l'Or"],"articleSection":["Articles de presse"],"inLanguage":"fr-FR"},{"@type":"WebPage","@id":"https:\/\/www.gold.fr\/news\/2012\/02\/03\/semaine-de-lor-la-revue-des-experts\/","url":"https:\/\/www.gold.fr\/news\/2012\/02\/03\/semaine-de-lor-la-revue-des-experts\/","name":"Semaine de l\u2019or \u2013 La revue des experts - Gold.fr","isPartOf":{"@id":"https:\/\/www.gold.fr\/news\/#website"},"primaryImageOfPage":{"@id":"https:\/\/www.gold.fr\/news\/2012\/02\/03\/semaine-de-lor-la-revue-des-experts\/#primaryimage"},"image":{"@id":"https:\/\/www.gold.fr\/news\/2012\/02\/03\/semaine-de-lor-la-revue-des-experts\/#primaryimage"},"thumbnailUrl":"https:\/\/www.gold.fr\/news\/wp-content\/uploads\/2010\/09\/world-or.jpg","datePublished":"2012-02-03T16:35:08+00:00","dateModified":"2020-06-26T12:33:17+00:00","author":{"@id":"https:\/\/www.gold.fr\/news\/#\/schema\/person\/070491b4b4fb7671bf59b3be20302ce9"},"description":"Dans le cadre de la revue trimestrielle Metals Review les experts comparent la flamb\u00e9e de l'or \u00e0 venir \u00e0 celle de la fin du 1er semestre 2011","breadcrumb":{"@id":"https:\/\/www.gold.fr\/news\/2012\/02\/03\/semaine-de-lor-la-revue-des-experts\/#breadcrumb"},"inLanguage":"fr-FR","potentialAction":[{"@type":"ReadAction","target":["https:\/\/www.gold.fr\/news\/2012\/02\/03\/semaine-de-lor-la-revue-des-experts\/"]}]},{"@type":"ImageObject","inLanguage":"fr-FR","@id":"https:\/\/www.gold.fr\/news\/2012\/02\/03\/semaine-de-lor-la-revue-des-experts\/#primaryimage","url":"https:\/\/www.gold.fr\/news\/wp-content\/uploads\/2010\/09\/world-or.jpg","contentUrl":"https:\/\/www.gold.fr\/news\/wp-content\/uploads\/2010\/09\/world-or.jpg","width":"600","height":"400","caption":"world-or"},{"@type":"BreadcrumbList","@id":"https:\/\/www.gold.fr\/news\/2012\/02\/03\/semaine-de-lor-la-revue-des-experts\/#breadcrumb","itemListElement":[{"@type":"ListItem","position":1,"name":"Accueil","item":"https:\/\/www.gold.fr\/"},{"@type":"ListItem","position":2,"name":"Actualit\u00e9s","item":"https:\/\/www.gold.fr\/news\/"},{"@type":"ListItem","position":3,"name":"Semaine de l\u2019or \u2013 La revue des experts"}]},{"@type":"WebSite","@id":"https:\/\/www.gold.fr\/news\/#website","url":"https:\/\/www.gold.fr\/news\/","name":"Gold.fr","description":"Actualit\u00e9s de l&#039;Or et des m\u00e9taux pr\u00e9cieux","potentialAction":[{"@type":"SearchAction","target":{"@type":"EntryPoint","urlTemplate":"https:\/\/www.gold.fr\/news\/?s={search_term_string}"},"query-input":{"@type":"PropertyValueSpecification","valueRequired":true,"valueName":"search_term_string"}}],"inLanguage":"fr-FR"},{"@type":"Person","@id":"https:\/\/www.gold.fr\/news\/#\/schema\/person\/070491b4b4fb7671bf59b3be20302ce9","name":"Comptoir National de l'Or","image":{"@type":"ImageObject","inLanguage":"fr-FR","@id":"https:\/\/secure.gravatar.com\/avatar\/0a2867fd5abe37bed95d5a65e9d58f01756e11efc68af9888dfc50cfa7f65948?s=96&d=mm&r=gb490554db0a38188709de567aa58480d","url":"https:\/\/secure.gravatar.com\/avatar\/0a2867fd5abe37bed95d5a65e9d58f01756e11efc68af9888dfc50cfa7f65948?s=96&d=mm&r=g","contentUrl":"https:\/\/secure.gravatar.com\/avatar\/0a2867fd5abe37bed95d5a65e9d58f01756e11efc68af9888dfc50cfa7f65948?s=96&d=mm&r=g","caption":"Comptoir National de l'Or"},"description":"Notre r\u00e9daction est constitu\u00e9e de membres experts dans les m\u00e9tiers de l'\u00e9conomie et la gestion, des Responsables d'agence Comptoir National de l'Or, des analystes financiers qui publient r\u00e9guli\u00e8rement des \u00e9tudes sur les politiques des banques centrales, le cours de l'or, prix de l'or, cours de l'argent, prix de l'argent, cours du platine, cours du palladium,... la situation en zone euro et l'impact de la strat\u00e9gie mon\u00e9taire de la FED. Notre \u00e9quipe scrute \u00e9galement une information plus g\u00e9n\u00e9raliste \u00e0 la recherche d'actualit\u00e9 \"p\u00e9pite\" \u00e0 vous partager. Depuis 5 ans, nous avons publi\u00e9 un peu plus de 4000 articles qui s'adressent \u00e0 un public large et vari\u00e9 ayant pour objectif de satisfaire votre curiosit\u00e9 et de partager avec vous une certaine fascination pour le m\u00e9tal jaune, le rachat d'or, et pour ceux qui veulent investir dans l'or, vendre leur or tout simplement en savoir plus... Pour tous vos achat or et argent, n'h\u00e9sitez pas \u00e0 prendre rendez-vous dans l'un de nos nombreux comptoirs.","sameAs":["https:\/\/www.gold.fr"]}]}},"authors":[{"term_id":2565,"user_id":18,"is_guest":0,"slug":"julie","display_name":"Comptoir National de l'Or","avatar_url":"https:\/\/secure.gravatar.com\/avatar\/713f289e398d35ead876c4a4cc08607f0d6d266058cfc25683fffb6092d0e572?s=96&d=mm&r=g","0":null,"1":"","2":"","3":"","4":"","5":"","6":"","7":"","8":""}],"_links":{"self":[{"href":"https:\/\/www.gold.fr\/news\/wp-json\/wp\/v2\/posts\/5434","targetHints":{"allow":["GET"]}}],"collection":[{"href":"https:\/\/www.gold.fr\/news\/wp-json\/wp\/v2\/posts"}],"about":[{"href":"https:\/\/www.gold.fr\/news\/wp-json\/wp\/v2\/types\/post"}],"author":[{"embeddable":true,"href":"https:\/\/www.gold.fr\/news\/wp-json\/wp\/v2\/users\/18"}],"replies":[{"embeddable":true,"href":"https:\/\/www.gold.fr\/news\/wp-json\/wp\/v2\/comments?post=5434"}],"version-history":[{"count":0,"href":"https:\/\/www.gold.fr\/news\/wp-json\/wp\/v2\/posts\/5434\/revisions"}],"wp:featuredmedia":[{"embeddable":true,"href":"https:\/\/www.gold.fr\/news\/wp-json\/wp\/v2\/media\/5064"}],"wp:attachment":[{"href":"https:\/\/www.gold.fr\/news\/wp-json\/wp\/v2\/media?parent=5434"}],"wp:term":[{"taxonomy":"category","embeddable":true,"href":"https:\/\/www.gold.fr\/news\/wp-json\/wp\/v2\/categories?post=5434"},{"taxonomy":"post_tag","embeddable":true,"href":"https:\/\/www.gold.fr\/news\/wp-json\/wp\/v2\/tags?post=5434"},{"taxonomy":"author","embeddable":true,"href":"https:\/\/www.gold.fr\/news\/wp-json\/wp\/v2\/ppma_author?post=5434"}],"curies":[{"name":"wp","href":"https:\/\/api.w.org\/{rel}","templated":true}]}}