{"id":5322,"date":"2012-01-27T17:16:29","date_gmt":"2012-01-27T16:16:29","guid":{"rendered":"http:\/\/news.gold.fr\/?p=5322"},"modified":"2020-06-26T14:34:43","modified_gmt":"2020-06-26T12:34:43","slug":"previsions-du-cours-de-lor-en-2012","status":"publish","type":"post","link":"https:\/\/www.gold.fr\/news\/2012\/01\/27\/previsions-du-cours-de-lor-en-2012\/","title":{"rendered":"Pr\u00e9visions du Cours de l&rsquo;Or en 2012"},"content":{"rendered":"<p style=\"text-align: justify;\"><img loading=\"lazy\" decoding=\"async\" class=\"alignleft size-thumbnail wp-image-3672\" title=\"flamb\u00e9e de l'or\" src=\"http:\/\/news.gold.fr\/wp-content\/uploads\/2011\/11\/SA74818-150x150.jpg\" alt=\"\" width=\"150\" height=\"150\" align=\"left\" border=\"1\" hspace=\"5\" vspace=\"5\" \/><span style=\"font-size: small;\"><span style=\"font-family: Verdana;\"><span style=\"text-align: justify;\">Flambera\u00a0? Ne flambera pas\u00a0? C\u2019est la pol\u00e9mique du moment, dans les milieux professionnels des sp\u00e9cialistes des m\u00e9taux pr\u00e9cieux.<\/span><\/span><\/span><\/p>\n<p style=\"font-family: Arial, Helvetica, sans-serif; text-align: justify;\"><span style=\"font-size: small;\"><span style=\"font-family: Verdana;\">Certains analystes et investisseurs restent sceptiques, et persistent \u00e0 affirmer que 2012 ne sera pas une nouvelle ann\u00e9e de hausse pour les <\/span><\/span><span style=\"font-family: Verdana;\"><span style=\"font-size: small;\"><strong><a class=\"esk-seo-plu-link\" href=\"https:\/\/www.gold.fr\/news\/tags\/cours-de-lor\">cours de l&rsquo;Or<\/a><\/strong><\/span><\/span><span style=\"font-size: small;\"><span style=\"font-family: Verdana;\">. Un scepticisme qui prend probablement racine dans la forte <\/span><\/span><span style=\"font-size: small;\"><span style=\"font-size: small;\"><span style=\"font-family: Verdana;\"><a title=\"Correction de l'Or\" href=\"http:\/\/news.gold.fr\/2011\/11\/23\/baisse-de-l%E2%80%99or-%E2%80%93-a-quand-la-fin-de-la-chute\/3930\/\" target=\"_blank\" rel=\"noopener noreferrer\"><span style=\"font-size: small;\"><span style=\"font-family: Verdana;\">correction<\/span><\/span><\/a><\/span><\/span><\/span><span style=\"font-size: small;\"><span style=\"font-family: Verdana;\">\u00a0que le m\u00e9tal jaune a connu durant le dernier trimestre 2011.<\/span><\/span><\/p>\n<p style=\"font-family: Arial, Helvetica, sans-serif; text-align: justify;\"><span style=\"font-size: small;\"><span style=\"font-family: Verdana;\">Pourtant, la plupart des analystes maintiennent la confiance qu\u2019ils accordent inlassablement au fin m\u00e9tal. C\u2019est par exemple le cas des analystes de Thomson Reuters GFMS (institut de recherche sur le march\u00e9 de l&rsquo;<a class=\"esk-seo-plu-link\" href=\"https:\/\/www.gold.fr\/news\/tags\/or\">or<\/a>). Les professionnels de l\u2019institut sont convaincus du contraire et ils d\u00e9taillent leur analyse dans le cadre de la publication du volumineux rapport 2011 sur l&rsquo;<a class=\"esk-seo-plu-link\" href=\"https:\/\/www.gold.fr\/news\/tags\/or\">Or<\/a> (pr\u00e9sent\u00e9 mardi dernier). L\u2019\u00e9quipe de professionnels parie m\u00eame sur <strong>de nouveaux records en 2012<\/strong>.<\/span><\/span><\/p>\n<p style=\"font-family: Arial, Helvetica, sans-serif; text-align: justify;\"><span style=\"font-size: small;\"><span style=\"font-family: Verdana;\">\u00ab\u00a0Ceux qui se montrent aujourd\u2019hui sceptiques sont les m\u00eames qui trouvaient la pr\u00e9vision de 1\u00a0600 dollars l\u2019once (en d\u00e9but 2011) ridicule\u00a0\u00bb, explique Mr Louis des Jamoni\u00e8res, directeur de l\u2019agence du Comptoir National de l\u2019<a class=\"esk-seo-plu-link\" href=\"https:\/\/www.gold.fr\/news\/tags\/or\">Or<\/a> de Bordeaux. \u00ab\u00a0Le fin m\u00e9tal aura le dernier mot. Ce sont les investisseurs qui cr\u00e9ent son succ\u00e8s, et ils sont loin d\u2019avoir retir\u00e9 leur confiance\u00a0\u00bb.\u00a0<\/span><\/span><\/p>\n<p style=\"font-family: Arial, Helvetica, sans-serif; text-align: justify;\"><span style=\"font-family: Verdana;\"><u><span style=\"font-family: Verdana;\"><a title=\"Comptoir National de l'Or de Bordeaux\" href=\"https:\/\/www.gold.fr\/comptoirs-ville\/bordeaux\/\" target=\"_blank\" rel=\"noopener noreferrer\"><span style=\"font-size: small;\"><span style=\"font-family: Verdana;\">Comptoir d&rsquo;achat et vente d&rsquo;<\/span><\/span><\/a><a class=\"esk-seo-plu-link\" href=\"https:\/\/www.gold.fr\/news\/tags\/or\">Or<\/a> de Bordeaux<\/span><\/u><\/span><\/p>\n<p style=\"font-family: Arial, Helvetica, sans-serif; text-align: justify;\"><span style=\"font-size: small;\"><span style=\"font-family: Verdana;\"> Adresse : 54 rue des Remparts 33000 &#8211; Bordeaux<br \/>\nT\u00e9l. fixe : 05 40 25 02 61<br \/>\nT\u00e9l. mobile : 06 50 52 31 51<br \/>\nFax : 09 56 79 84 80<\/p>\n<p><\/span><\/span><\/p>\n<p style=\"font-family: Arial, Helvetica, sans-serif; text-align: justify;\"><span style=\"font-size: small;\"><span style=\"font-family: Verdana;\"><a title=\"Contact Bordeaux\" href=\"https:\/\/www.gold.fr\/contact-comptoir\/bordeaux\/\" target=\"_blank\" rel=\"noopener noreferrer\"><span style=\"font-family: Verdana;\">&gt;&gt;&gt; Contacter ce Comptoir<\/span><\/a><\/span><span style=\"font-family: Verdana;\">\u00a0<\/span><\/span><\/p>\n<!-- AddThis Advanced Settings generic via filter on the_content --><!-- AddThis Share Buttons generic via filter on the_content -->","protected":false},"excerpt":{"rendered":"<p>Flambera\u00a0? Ne flambera pas\u00a0? C\u2019est la pol\u00e9mique du moment, dans les milieux professionnels des sp\u00e9cialistes des m\u00e9taux pr\u00e9cieux. Certains analystes et investisseurs restent sceptiques, et persistent \u00e0 affirmer que 2012 ne sera pas une nouvelle ann\u00e9e [&hellip;]<\/p>\n","protected":false},"author":11,"featured_media":3672,"comment_status":"closed","ping_status":"closed","sticky":false,"template":"","format":"standard","meta":{"_mbp_gutenberg_autopost":false,"_pgmb_is_evergreen":false,"_pgmb_ap_template_id":0,"footnotes":""},"categories":[6],"tags":[233,281,10,84,21,197],"ppma_author":[2562],"class_list":["post-5322","post","type-post","status-publish","format-standard","has-post-thumbnail","hentry","category-articles-de-presse","tag-233","tag-or-tendance-haussiere","tag-records-de-lor","tag-cours-de-lor","tag-_bordeaux_","tag-_bordeaux_footer_"],"yoast_head":"<!-- This site is optimized with the Yoast SEO plugin v27.5 - https:\/\/yoast.com\/product\/yoast-seo-wordpress\/ -->\n<title>Pr\u00e9visions du Cours de l&#039;Or en 2012 - Gold.fr<\/title>\n<meta name=\"description\" content=\"Flambera ? Ne flambera pas ? C\u2019est la pol\u00e9mique du moment, dans les milieux professionnels des sp\u00e9cialistes des m\u00e9taux pr\u00e9cieux\" \/>\n<meta name=\"robots\" content=\"index, follow, max-snippet:-1, max-image-preview:large, max-video-preview:-1\" \/>\n<link rel=\"canonical\" href=\"https:\/\/www.gold.fr\/news\/2012\/01\/27\/previsions-du-cours-de-lor-en-2012\/\" \/>\n<meta property=\"og:locale\" content=\"fr_FR\" \/>\n<meta property=\"og:type\" content=\"article\" \/>\n<meta property=\"og:title\" content=\"Pr\u00e9visions du Cours de l&#039;Or en 2012 - Gold.fr\" \/>\n<meta property=\"og:description\" content=\"Flambera ? Ne flambera pas ? C\u2019est la pol\u00e9mique du moment, dans les milieux professionnels des sp\u00e9cialistes des m\u00e9taux pr\u00e9cieux\" \/>\n<meta property=\"og:url\" content=\"https:\/\/www.gold.fr\/news\/2012\/01\/27\/previsions-du-cours-de-lor-en-2012\/\" \/>\n<meta property=\"og:site_name\" content=\"Gold.fr\" \/>\n<meta property=\"article:publisher\" content=\"https:\/\/www.facebook.com\/Goldfr\/\" \/>\n<meta property=\"article:published_time\" content=\"2012-01-27T16:16:29+00:00\" \/>\n<meta property=\"article:modified_time\" content=\"2020-06-26T12:34:43+00:00\" \/>\n<meta property=\"og:image\" content=\"https:\/\/www.gold.fr\/news\/wp-content\/uploads\/2011\/11\/SA74818.jpg\" \/>\n\t<meta property=\"og:image:width\" content=\"600\" \/>\n\t<meta property=\"og:image:height\" content=\"399\" \/>\n\t<meta property=\"og:image:type\" content=\"image\/jpeg\" \/>\n<meta name=\"author\" content=\"Anthony\" \/>\n<meta name=\"twitter:card\" content=\"summary_large_image\" \/>\n<meta name=\"twitter:label1\" content=\"\u00c9crit par\" \/>\n\t<meta name=\"twitter:data1\" content=\"Anthony\" \/>\n\t<meta name=\"twitter:label2\" content=\"Dur\u00e9e de lecture estim\u00e9e\" \/>\n\t<meta name=\"twitter:data2\" content=\"1 minute\" \/>\n<script type=\"application\/ld+json\" class=\"yoast-schema-graph\">{\"@context\":\"https:\\\/\\\/schema.org\",\"@graph\":[{\"@type\":\"Article\",\"@id\":\"https:\\\/\\\/www.gold.fr\\\/news\\\/2012\\\/01\\\/27\\\/previsions-du-cours-de-lor-en-2012\\\/#article\",\"isPartOf\":{\"@id\":\"https:\\\/\\\/www.gold.fr\\\/news\\\/2012\\\/01\\\/27\\\/previsions-du-cours-de-lor-en-2012\\\/\"},\"author\":{\"name\":\"Anthony\",\"@id\":\"https:\\\/\\\/www.gold.fr\\\/news\\\/#\\\/schema\\\/person\\\/feb6458ffd7bceeeb4e228398c34fbe5\"},\"headline\":\"Pr\u00e9visions du Cours de l&rsquo;Or en 2012\",\"datePublished\":\"2012-01-27T16:16:29+00:00\",\"dateModified\":\"2020-06-26T12:34:43+00:00\",\"mainEntityOfPage\":{\"@id\":\"https:\\\/\\\/www.gold.fr\\\/news\\\/2012\\\/01\\\/27\\\/previsions-du-cours-de-lor-en-2012\\\/\"},\"wordCount\":254,\"image\":{\"@id\":\"https:\\\/\\\/www.gold.fr\\\/news\\\/2012\\\/01\\\/27\\\/previsions-du-cours-de-lor-en-2012\\\/#primaryimage\"},\"thumbnailUrl\":\"https:\\\/\\\/www.gold.fr\\\/news\\\/wp-content\\\/uploads\\\/2011\\\/11\\\/SA74818.jpg\",\"keywords\":[\"2012\",\"or tendance haussi\u00e8re\",\"Records de l'Or\",\"Tout Cours de l'Or\",\"_Bordeaux_\",\"_Bordeaux_Footer_\"],\"articleSection\":[\"Articles de presse\"],\"inLanguage\":\"fr-FR\"},{\"@type\":\"WebPage\",\"@id\":\"https:\\\/\\\/www.gold.fr\\\/news\\\/2012\\\/01\\\/27\\\/previsions-du-cours-de-lor-en-2012\\\/\",\"url\":\"https:\\\/\\\/www.gold.fr\\\/news\\\/2012\\\/01\\\/27\\\/previsions-du-cours-de-lor-en-2012\\\/\",\"name\":\"Pr\u00e9visions du Cours de l'Or en 2012 - Gold.fr\",\"isPartOf\":{\"@id\":\"https:\\\/\\\/www.gold.fr\\\/news\\\/#website\"},\"primaryImageOfPage\":{\"@id\":\"https:\\\/\\\/www.gold.fr\\\/news\\\/2012\\\/01\\\/27\\\/previsions-du-cours-de-lor-en-2012\\\/#primaryimage\"},\"image\":{\"@id\":\"https:\\\/\\\/www.gold.fr\\\/news\\\/2012\\\/01\\\/27\\\/previsions-du-cours-de-lor-en-2012\\\/#primaryimage\"},\"thumbnailUrl\":\"https:\\\/\\\/www.gold.fr\\\/news\\\/wp-content\\\/uploads\\\/2011\\\/11\\\/SA74818.jpg\",\"datePublished\":\"2012-01-27T16:16:29+00:00\",\"dateModified\":\"2020-06-26T12:34:43+00:00\",\"author\":{\"@id\":\"https:\\\/\\\/www.gold.fr\\\/news\\\/#\\\/schema\\\/person\\\/feb6458ffd7bceeeb4e228398c34fbe5\"},\"description\":\"Flambera ? Ne flambera pas ? C\u2019est la pol\u00e9mique du moment, dans les milieux professionnels des sp\u00e9cialistes des m\u00e9taux pr\u00e9cieux\",\"breadcrumb\":{\"@id\":\"https:\\\/\\\/www.gold.fr\\\/news\\\/2012\\\/01\\\/27\\\/previsions-du-cours-de-lor-en-2012\\\/#breadcrumb\"},\"inLanguage\":\"fr-FR\",\"potentialAction\":[{\"@type\":\"ReadAction\",\"target\":[\"https:\\\/\\\/www.gold.fr\\\/news\\\/2012\\\/01\\\/27\\\/previsions-du-cours-de-lor-en-2012\\\/\"]}]},{\"@type\":\"ImageObject\",\"inLanguage\":\"fr-FR\",\"@id\":\"https:\\\/\\\/www.gold.fr\\\/news\\\/2012\\\/01\\\/27\\\/previsions-du-cours-de-lor-en-2012\\\/#primaryimage\",\"url\":\"https:\\\/\\\/www.gold.fr\\\/news\\\/wp-content\\\/uploads\\\/2011\\\/11\\\/SA74818.jpg\",\"contentUrl\":\"https:\\\/\\\/www.gold.fr\\\/news\\\/wp-content\\\/uploads\\\/2011\\\/11\\\/SA74818.jpg\",\"width\":\"600\",\"height\":\"399\",\"caption\":\"La panique grecque booste l\u2019or\"},{\"@type\":\"BreadcrumbList\",\"@id\":\"https:\\\/\\\/www.gold.fr\\\/news\\\/2012\\\/01\\\/27\\\/previsions-du-cours-de-lor-en-2012\\\/#breadcrumb\",\"itemListElement\":[{\"@type\":\"ListItem\",\"position\":1,\"name\":\"Accueil\",\"item\":\"https:\\\/\\\/www.gold.fr\\\/\"},{\"@type\":\"ListItem\",\"position\":2,\"name\":\"Actualit\u00e9s\",\"item\":\"https:\\\/\\\/www.gold.fr\\\/news\\\/\"},{\"@type\":\"ListItem\",\"position\":3,\"name\":\"Pr\u00e9visions du Cours de l&rsquo;Or en 2012\"}]},{\"@type\":\"WebSite\",\"@id\":\"https:\\\/\\\/www.gold.fr\\\/news\\\/#website\",\"url\":\"https:\\\/\\\/www.gold.fr\\\/news\\\/\",\"name\":\"Gold.fr\",\"description\":\"Actualit\u00e9s de l&#039;Or et des m\u00e9taux pr\u00e9cieux\",\"potentialAction\":[{\"@type\":\"SearchAction\",\"target\":{\"@type\":\"EntryPoint\",\"urlTemplate\":\"https:\\\/\\\/www.gold.fr\\\/news\\\/?s={search_term_string}\"},\"query-input\":{\"@type\":\"PropertyValueSpecification\",\"valueRequired\":true,\"valueName\":\"search_term_string\"}}],\"inLanguage\":\"fr-FR\"},{\"@type\":\"Person\",\"@id\":\"https:\\\/\\\/www.gold.fr\\\/news\\\/#\\\/schema\\\/person\\\/feb6458ffd7bceeeb4e228398c34fbe5\",\"name\":\"Anthony\",\"image\":{\"@type\":\"ImageObject\",\"inLanguage\":\"fr-FR\",\"@id\":\"https:\\\/\\\/secure.gravatar.com\\\/avatar\\\/19974f7c75da5f0b217374f3a37eb05031e41aaad4ceb3fe17ada2ab3daf6b95?s=96&d=mm&r=gbc5324aff3d366843e00df00c899c1a8\",\"url\":\"https:\\\/\\\/secure.gravatar.com\\\/avatar\\\/19974f7c75da5f0b217374f3a37eb05031e41aaad4ceb3fe17ada2ab3daf6b95?s=96&d=mm&r=g\",\"contentUrl\":\"https:\\\/\\\/secure.gravatar.com\\\/avatar\\\/19974f7c75da5f0b217374f3a37eb05031e41aaad4ceb3fe17ada2ab3daf6b95?s=96&d=mm&r=g\",\"caption\":\"Anthony\"},\"description\":\"Notre r\u00e9daction est constitu\u00e9e de membres experts dans les m\u00e9tiers de l'\u00e9conomie et la gestion, des Responsables d'agence Comptoir National de l'Or, des analystes financiers qui publient r\u00e9guli\u00e8rement des \u00e9tudes sur les politiques des banques centrales, le cours de l'or, le cours de l'argent, cours du platine, cours du palladium... la situation en zone euro et l'impact de la strat\u00e9gie mon\u00e9taire de la FED. Notre \u00e9quipe scrute \u00e9galement une information plus g\u00e9n\u00e9raliste \u00e0 la recherche d'actualit\u00e9 \\\"p\u00e9pite\\\" \u00e0 vous partager. Depuis 5 ans, nous avons publi\u00e9 un peu plus de 4000 articles qui s'adressent \u00e0 un public large et vari\u00e9 ayant pour objectif de satisfaire votre curiosit\u00e9 et de partager avec vous une certaine fascination pour le m\u00e9tal jaune, pour ceux qui veulent investir dans l'or, vendre leur or tout simplement en savoir plus...\",\"sameAs\":[\"https:\\\/\\\/www.gold.fr\\\/news\"]}]}<\/script>\n<!-- \/ Yoast SEO plugin. -->","yoast_head_json":{"title":"Pr\u00e9visions du Cours de l'Or en 2012 - Gold.fr","description":"Flambera ? Ne flambera pas ? C\u2019est la pol\u00e9mique du moment, dans les milieux professionnels des sp\u00e9cialistes des m\u00e9taux pr\u00e9cieux","robots":{"index":"index","follow":"follow","max-snippet":"max-snippet:-1","max-image-preview":"max-image-preview:large","max-video-preview":"max-video-preview:-1"},"canonical":"https:\/\/www.gold.fr\/news\/2012\/01\/27\/previsions-du-cours-de-lor-en-2012\/","og_locale":"fr_FR","og_type":"article","og_title":"Pr\u00e9visions du Cours de l'Or en 2012 - Gold.fr","og_description":"Flambera ? Ne flambera pas ? C\u2019est la pol\u00e9mique du moment, dans les milieux professionnels des sp\u00e9cialistes des m\u00e9taux pr\u00e9cieux","og_url":"https:\/\/www.gold.fr\/news\/2012\/01\/27\/previsions-du-cours-de-lor-en-2012\/","og_site_name":"Gold.fr","article_publisher":"https:\/\/www.facebook.com\/Goldfr\/","article_published_time":"2012-01-27T16:16:29+00:00","article_modified_time":"2020-06-26T12:34:43+00:00","og_image":[{"width":600,"height":399,"url":"https:\/\/www.gold.fr\/news\/wp-content\/uploads\/2011\/11\/SA74818.jpg","type":"image\/jpeg"}],"author":"Anthony","twitter_card":"summary_large_image","twitter_misc":{"\u00c9crit par":"Anthony","Dur\u00e9e de lecture estim\u00e9e":"1 minute"},"schema":{"@context":"https:\/\/schema.org","@graph":[{"@type":"Article","@id":"https:\/\/www.gold.fr\/news\/2012\/01\/27\/previsions-du-cours-de-lor-en-2012\/#article","isPartOf":{"@id":"https:\/\/www.gold.fr\/news\/2012\/01\/27\/previsions-du-cours-de-lor-en-2012\/"},"author":{"name":"Anthony","@id":"https:\/\/www.gold.fr\/news\/#\/schema\/person\/feb6458ffd7bceeeb4e228398c34fbe5"},"headline":"Pr\u00e9visions du Cours de l&rsquo;Or en 2012","datePublished":"2012-01-27T16:16:29+00:00","dateModified":"2020-06-26T12:34:43+00:00","mainEntityOfPage":{"@id":"https:\/\/www.gold.fr\/news\/2012\/01\/27\/previsions-du-cours-de-lor-en-2012\/"},"wordCount":254,"image":{"@id":"https:\/\/www.gold.fr\/news\/2012\/01\/27\/previsions-du-cours-de-lor-en-2012\/#primaryimage"},"thumbnailUrl":"https:\/\/www.gold.fr\/news\/wp-content\/uploads\/2011\/11\/SA74818.jpg","keywords":["2012","or tendance haussi\u00e8re","Records de l'Or","Tout Cours de l'Or","_Bordeaux_","_Bordeaux_Footer_"],"articleSection":["Articles de presse"],"inLanguage":"fr-FR"},{"@type":"WebPage","@id":"https:\/\/www.gold.fr\/news\/2012\/01\/27\/previsions-du-cours-de-lor-en-2012\/","url":"https:\/\/www.gold.fr\/news\/2012\/01\/27\/previsions-du-cours-de-lor-en-2012\/","name":"Pr\u00e9visions du Cours de l'Or en 2012 - Gold.fr","isPartOf":{"@id":"https:\/\/www.gold.fr\/news\/#website"},"primaryImageOfPage":{"@id":"https:\/\/www.gold.fr\/news\/2012\/01\/27\/previsions-du-cours-de-lor-en-2012\/#primaryimage"},"image":{"@id":"https:\/\/www.gold.fr\/news\/2012\/01\/27\/previsions-du-cours-de-lor-en-2012\/#primaryimage"},"thumbnailUrl":"https:\/\/www.gold.fr\/news\/wp-content\/uploads\/2011\/11\/SA74818.jpg","datePublished":"2012-01-27T16:16:29+00:00","dateModified":"2020-06-26T12:34:43+00:00","author":{"@id":"https:\/\/www.gold.fr\/news\/#\/schema\/person\/feb6458ffd7bceeeb4e228398c34fbe5"},"description":"Flambera ? Ne flambera pas ? C\u2019est la pol\u00e9mique du moment, dans les milieux professionnels des sp\u00e9cialistes des m\u00e9taux pr\u00e9cieux","breadcrumb":{"@id":"https:\/\/www.gold.fr\/news\/2012\/01\/27\/previsions-du-cours-de-lor-en-2012\/#breadcrumb"},"inLanguage":"fr-FR","potentialAction":[{"@type":"ReadAction","target":["https:\/\/www.gold.fr\/news\/2012\/01\/27\/previsions-du-cours-de-lor-en-2012\/"]}]},{"@type":"ImageObject","inLanguage":"fr-FR","@id":"https:\/\/www.gold.fr\/news\/2012\/01\/27\/previsions-du-cours-de-lor-en-2012\/#primaryimage","url":"https:\/\/www.gold.fr\/news\/wp-content\/uploads\/2011\/11\/SA74818.jpg","contentUrl":"https:\/\/www.gold.fr\/news\/wp-content\/uploads\/2011\/11\/SA74818.jpg","width":"600","height":"399","caption":"La panique grecque booste l\u2019or"},{"@type":"BreadcrumbList","@id":"https:\/\/www.gold.fr\/news\/2012\/01\/27\/previsions-du-cours-de-lor-en-2012\/#breadcrumb","itemListElement":[{"@type":"ListItem","position":1,"name":"Accueil","item":"https:\/\/www.gold.fr\/"},{"@type":"ListItem","position":2,"name":"Actualit\u00e9s","item":"https:\/\/www.gold.fr\/news\/"},{"@type":"ListItem","position":3,"name":"Pr\u00e9visions du Cours de l&rsquo;Or en 2012"}]},{"@type":"WebSite","@id":"https:\/\/www.gold.fr\/news\/#website","url":"https:\/\/www.gold.fr\/news\/","name":"Gold.fr","description":"Actualit\u00e9s de l&#039;Or et des m\u00e9taux pr\u00e9cieux","potentialAction":[{"@type":"SearchAction","target":{"@type":"EntryPoint","urlTemplate":"https:\/\/www.gold.fr\/news\/?s={search_term_string}"},"query-input":{"@type":"PropertyValueSpecification","valueRequired":true,"valueName":"search_term_string"}}],"inLanguage":"fr-FR"},{"@type":"Person","@id":"https:\/\/www.gold.fr\/news\/#\/schema\/person\/feb6458ffd7bceeeb4e228398c34fbe5","name":"Anthony","image":{"@type":"ImageObject","inLanguage":"fr-FR","@id":"https:\/\/secure.gravatar.com\/avatar\/19974f7c75da5f0b217374f3a37eb05031e41aaad4ceb3fe17ada2ab3daf6b95?s=96&d=mm&r=gbc5324aff3d366843e00df00c899c1a8","url":"https:\/\/secure.gravatar.com\/avatar\/19974f7c75da5f0b217374f3a37eb05031e41aaad4ceb3fe17ada2ab3daf6b95?s=96&d=mm&r=g","contentUrl":"https:\/\/secure.gravatar.com\/avatar\/19974f7c75da5f0b217374f3a37eb05031e41aaad4ceb3fe17ada2ab3daf6b95?s=96&d=mm&r=g","caption":"Anthony"},"description":"Notre r\u00e9daction est constitu\u00e9e de membres experts dans les m\u00e9tiers de l'\u00e9conomie et la gestion, des Responsables d'agence Comptoir National de l'Or, des analystes financiers qui publient r\u00e9guli\u00e8rement des \u00e9tudes sur les politiques des banques centrales, le cours de l'or, le cours de l'argent, cours du platine, cours du palladium... la situation en zone euro et l'impact de la strat\u00e9gie mon\u00e9taire de la FED. Notre \u00e9quipe scrute \u00e9galement une information plus g\u00e9n\u00e9raliste \u00e0 la recherche d'actualit\u00e9 \"p\u00e9pite\" \u00e0 vous partager. Depuis 5 ans, nous avons publi\u00e9 un peu plus de 4000 articles qui s'adressent \u00e0 un public large et vari\u00e9 ayant pour objectif de satisfaire votre curiosit\u00e9 et de partager avec vous une certaine fascination pour le m\u00e9tal jaune, pour ceux qui veulent investir dans l'or, vendre leur or tout simplement en savoir plus...","sameAs":["https:\/\/www.gold.fr\/news"]}]}},"authors":[{"term_id":2562,"user_id":11,"is_guest":0,"slug":"anthony","display_name":"Anthony","avatar_url":"https:\/\/secure.gravatar.com\/avatar\/19974f7c75da5f0b217374f3a37eb05031e41aaad4ceb3fe17ada2ab3daf6b95?s=96&d=mm&r=g","0":null,"1":"","2":"","3":"","4":"","5":"","6":"","7":"","8":""}],"_links":{"self":[{"href":"https:\/\/www.gold.fr\/news\/wp-json\/wp\/v2\/posts\/5322","targetHints":{"allow":["GET"]}}],"collection":[{"href":"https:\/\/www.gold.fr\/news\/wp-json\/wp\/v2\/posts"}],"about":[{"href":"https:\/\/www.gold.fr\/news\/wp-json\/wp\/v2\/types\/post"}],"author":[{"embeddable":true,"href":"https:\/\/www.gold.fr\/news\/wp-json\/wp\/v2\/users\/11"}],"replies":[{"embeddable":true,"href":"https:\/\/www.gold.fr\/news\/wp-json\/wp\/v2\/comments?post=5322"}],"version-history":[{"count":0,"href":"https:\/\/www.gold.fr\/news\/wp-json\/wp\/v2\/posts\/5322\/revisions"}],"wp:featuredmedia":[{"embeddable":true,"href":"https:\/\/www.gold.fr\/news\/wp-json\/wp\/v2\/media\/3672"}],"wp:attachment":[{"href":"https:\/\/www.gold.fr\/news\/wp-json\/wp\/v2\/media?parent=5322"}],"wp:term":[{"taxonomy":"category","embeddable":true,"href":"https:\/\/www.gold.fr\/news\/wp-json\/wp\/v2\/categories?post=5322"},{"taxonomy":"post_tag","embeddable":true,"href":"https:\/\/www.gold.fr\/news\/wp-json\/wp\/v2\/tags?post=5322"},{"taxonomy":"author","embeddable":true,"href":"https:\/\/www.gold.fr\/news\/wp-json\/wp\/v2\/ppma_author?post=5322"}],"curies":[{"name":"wp","href":"https:\/\/api.w.org\/{rel}","templated":true}]}}