{"id":5174,"date":"2012-01-23T16:00:48","date_gmt":"2012-01-23T15:00:48","guid":{"rendered":"http:\/\/news.gold.fr\/?p=5174"},"modified":"2017-11-02T11:36:43","modified_gmt":"2017-11-02T10:36:43","slug":"or-en-2012-lart-de-remonter-la-pente","status":"publish","type":"post","link":"https:\/\/www.gold.fr\/news\/2012\/01\/23\/or-en-2012-lart-de-remonter-la-pente\/","title":{"rendered":"Or en 2012 \u2013 L\u2019art de remonter la pente"},"content":{"rendered":"<p style=\"text-align: justify;\"><span style=\"font-family: verdana, geneva;\"><span style=\"font-size: small;\"><img loading=\"lazy\" decoding=\"async\" class=\"alignleft size-thumbnail wp-image-5189\" style=\"float: left; border-image: initial; border-width: 1px; border-color: black; border-style: solid; margin: 5px;\" title=\"Pi\u00e8ce-or-chine\" src=\"http:\/\/news.gold.fr\/wp-content\/uploads\/2012\/01\/Pi\u00e8ce-or-chine-150x150.jpg\" alt=\"\" width=\"150\" height=\"150\" \/>La fuite des capitaux traditionnellement r\u00e9serv\u00e9s \u00e0 l&rsquo;<a href='https:\/\/www.gold.fr\/news\/tags\/or' class='esk-seo-plu-link'>Or<\/a>, durant le troisi\u00e8me trimestre 2011, est un ph\u00e9nom\u00e8ne que les sp\u00e9cialistes des m\u00e9taux pr\u00e9cieux justifient par diff\u00e9rentes raisons.<\/span><\/span><\/p>\n<p style=\"text-align: justify;\"><span style=\"font-family: verdana, geneva; font-size: small;\">Il est cependant vrai que les r\u00e9centes mesures prises, durant cette p\u00e9riode, par le gouvernement chinois ont largement contribu\u00e9 \u00e0 ce surprenant r\u00e9sultat. D&rsquo;apr\u00e8s le texte du communiqu\u00e9 commun publi\u00e9 par la Banque centrale et le ministre de la s\u00e9curit\u00e9 publique, seuls le <strong>Shanghai Gold Exchange<\/strong> et le <strong>Shanghai Futures Exchange<\/strong> seront d\u00e9sormais <strong>autoris\u00e9s \u00e0 traiter l&rsquo;<a href='https:\/\/www.gold.fr\/news\/tags\/or' class='esk-seo-plu-link'>Or<\/a><\/strong>. La d\u00e9cision a eu pour impact imm\u00e9diat de r\u00e9duire consid\u00e9rablement la sp\u00e9culation sur l&rsquo;<a href='https:\/\/www.gold.fr\/news\/tags\/or' class='esk-seo-plu-link'>Or<\/a>.<\/span><\/p>\n<p style=\"text-align: justify;\"><span style=\"font-family: verdana, geneva; font-size: small;\">\u00ab Souvenez-vous ; l&rsquo;<a href='https:\/\/www.gold.fr\/news\/tags\/or' class='esk-seo-plu-link'>Or<\/a> avait connu des p\u00e9riodes de corrections tr\u00e8s fortes l&rsquo;ann\u00e9e derni\u00e8re. Il en \u00e9tait toujours revenu avec force, effectuant des rebonds aussi impressionnants qu&rsquo;inattendus. Etant donn\u00e9 la conjoncture, tous les indicateurs tendent vers<strong> une nouvelle vague de flamb\u00e9e<\/strong> au cours du premier trimestre 2012 \u00bb, affirme Laurence BELLILTY, directrice de l&rsquo;agence du Comptoir National de l&rsquo;<a href='https:\/\/www.gold.fr\/news\/tags\/or' class='esk-seo-plu-link'>Or<\/a> d&rsquo;Al\u00e8s.<\/span><\/p>\n<p style=\"text-align: justify;\"><span style=\"text-decoration: underline; font-family: verdana, geneva; font-size: small;\"><a title=\"Comptoir National de l'Or Al\u00e8s\" href=\"https:\/\/www.gold.fr\/comptoirs-ville\/ales\/\" target=\"_blank\">Comptoir d&rsquo;achat et vente d&rsquo;Or d\u2019Al\u00e8s<\/a><\/span>  <span style=\"font-family: verdana, geneva; font-size: small;\"> Adresse : 25bis Place Saint Jean 30100 &#8211; Al\u00e8s<\/span>  <span style=\"font-family: verdana, geneva; font-size: small;\"> T\u00e9l. fixe : 04 89 49 00 57<\/span>  <span style=\"font-family: verdana, geneva; font-size: small;\"> Email : ales@gold.fr<\/span><\/p>\n<p style=\"text-align: justify;\"><span style=\"font-family: verdana, geneva; font-size: small;\"><a title=\"Contact Al\u00e8s\" href=\"https:\/\/www.gold.fr\/contact-comptoir\/ales\/\" target=\"_blank\">&gt;&gt;&gt; Contacter ce Comptoir<\/a><\/span><\/p>\n<!-- AddThis Advanced Settings generic via filter on the_content --><!-- AddThis Share Buttons generic via filter on the_content -->","protected":false},"excerpt":{"rendered":"<p>La fuite des capitaux traditionnellement r\u00e9serv\u00e9s \u00e0 l&rsquo;Or, durant le troisi\u00e8me trimestre 2011, est un ph\u00e9nom\u00e8ne que les sp\u00e9cialistes des m\u00e9taux pr\u00e9cieux justifient par diff\u00e9rentes raisons. Il est cependant vrai que les r\u00e9centes mesures prises, durant [&hellip;]<\/p>\n","protected":false},"author":11,"featured_media":5189,"comment_status":"open","ping_status":"open","sticky":false,"template":"","format":"standard","meta":{"_mbp_gutenberg_autopost":false,"_pgmb_is_evergreen":false,"_pgmb_ap_template_id":0,"footnotes":""},"categories":[4],"tags":[271,146,76,26,201],"ppma_author":[2562],"class_list":["post-5174","post","type-post","status-publish","format-standard","has-post-thumbnail","hentry","category-analyses-economiques","tag-ales","tag-chine","tag-or","tag-_ales_","tag-_ales_footer_"],"yoast_head":"<!-- This site is optimized with the Yoast SEO plugin v27.5 - https:\/\/yoast.com\/product\/yoast-seo-wordpress\/ -->\n<title>Or en 2012 \u2013 L\u2019art de remonter la pente - Gold.fr<\/title>\n<meta name=\"robots\" content=\"index, follow, max-snippet:-1, max-image-preview:large, max-video-preview:-1\" \/>\n<link rel=\"canonical\" href=\"https:\/\/www.gold.fr\/news\/2012\/01\/23\/or-en-2012-lart-de-remonter-la-pente\/\" \/>\n<meta property=\"og:locale\" content=\"fr_FR\" \/>\n<meta property=\"og:type\" content=\"article\" \/>\n<meta property=\"og:title\" content=\"Or en 2012 \u2013 L\u2019art de remonter la pente - Gold.fr\" \/>\n<meta property=\"og:description\" content=\"La fuite des capitaux traditionnellement r\u00e9serv\u00e9s \u00e0 l&rsquo;Or, durant le troisi\u00e8me trimestre 2011, est un ph\u00e9nom\u00e8ne que les sp\u00e9cialistes des m\u00e9taux pr\u00e9cieux justifient par diff\u00e9rentes raisons. Il est cependant vrai que les r\u00e9centes mesures prises, durant [&hellip;]\" \/>\n<meta property=\"og:url\" content=\"https:\/\/www.gold.fr\/news\/2012\/01\/23\/or-en-2012-lart-de-remonter-la-pente\/\" \/>\n<meta property=\"og:site_name\" content=\"Gold.fr\" \/>\n<meta property=\"article:publisher\" content=\"https:\/\/www.facebook.com\/Goldfr\/\" \/>\n<meta property=\"article:published_time\" content=\"2012-01-23T15:00:48+00:00\" \/>\n<meta property=\"article:modified_time\" content=\"2017-11-02T10:36:43+00:00\" \/>\n<meta property=\"og:image\" content=\"https:\/\/www.gold.fr\/news\/wp-content\/uploads\/2012\/01\/Pi\u00e8ce-or-chine.jpg\" \/>\n\t<meta property=\"og:image:width\" content=\"600\" \/>\n\t<meta property=\"og:image:height\" content=\"400\" \/>\n\t<meta property=\"og:image:type\" content=\"image\/jpeg\" \/>\n<meta name=\"author\" content=\"Anthony\" \/>\n<meta name=\"twitter:card\" content=\"summary_large_image\" \/>\n<meta name=\"twitter:label1\" content=\"\u00c9crit par\" \/>\n\t<meta name=\"twitter:data1\" content=\"Anthony\" \/>\n\t<meta name=\"twitter:label2\" content=\"Dur\u00e9e de lecture estim\u00e9e\" \/>\n\t<meta name=\"twitter:data2\" content=\"1 minute\" \/>\n<script type=\"application\/ld+json\" class=\"yoast-schema-graph\">{\"@context\":\"https:\\\/\\\/schema.org\",\"@graph\":[{\"@type\":\"Article\",\"@id\":\"https:\\\/\\\/www.gold.fr\\\/news\\\/2012\\\/01\\\/23\\\/or-en-2012-lart-de-remonter-la-pente\\\/#article\",\"isPartOf\":{\"@id\":\"https:\\\/\\\/www.gold.fr\\\/news\\\/2012\\\/01\\\/23\\\/or-en-2012-lart-de-remonter-la-pente\\\/\"},\"author\":{\"name\":\"Anthony\",\"@id\":\"https:\\\/\\\/www.gold.fr\\\/news\\\/#\\\/schema\\\/person\\\/feb6458ffd7bceeeb4e228398c34fbe5\"},\"headline\":\"Or en 2012 \u2013 L\u2019art de remonter la pente\",\"datePublished\":\"2012-01-23T15:00:48+00:00\",\"dateModified\":\"2017-11-02T10:36:43+00:00\",\"mainEntityOfPage\":{\"@id\":\"https:\\\/\\\/www.gold.fr\\\/news\\\/2012\\\/01\\\/23\\\/or-en-2012-lart-de-remonter-la-pente\\\/\"},\"wordCount\":225,\"commentCount\":0,\"image\":{\"@id\":\"https:\\\/\\\/www.gold.fr\\\/news\\\/2012\\\/01\\\/23\\\/or-en-2012-lart-de-remonter-la-pente\\\/#primaryimage\"},\"thumbnailUrl\":\"https:\\\/\\\/www.gold.fr\\\/news\\\/wp-content\\\/uploads\\\/2012\\\/01\\\/Pi\u00e8ce-or-chine.jpg\",\"keywords\":[\"al\u00e8s\",\"chine\",\"Or\",\"_Al\u00e8s_\",\"_Al\u00e8s_Footer_\"],\"articleSection\":[\"Analyses Economiques\"],\"inLanguage\":\"fr-FR\"},{\"@type\":\"WebPage\",\"@id\":\"https:\\\/\\\/www.gold.fr\\\/news\\\/2012\\\/01\\\/23\\\/or-en-2012-lart-de-remonter-la-pente\\\/\",\"url\":\"https:\\\/\\\/www.gold.fr\\\/news\\\/2012\\\/01\\\/23\\\/or-en-2012-lart-de-remonter-la-pente\\\/\",\"name\":\"Or en 2012 \u2013 L\u2019art de remonter la pente - Gold.fr\",\"isPartOf\":{\"@id\":\"https:\\\/\\\/www.gold.fr\\\/news\\\/#website\"},\"primaryImageOfPage\":{\"@id\":\"https:\\\/\\\/www.gold.fr\\\/news\\\/2012\\\/01\\\/23\\\/or-en-2012-lart-de-remonter-la-pente\\\/#primaryimage\"},\"image\":{\"@id\":\"https:\\\/\\\/www.gold.fr\\\/news\\\/2012\\\/01\\\/23\\\/or-en-2012-lart-de-remonter-la-pente\\\/#primaryimage\"},\"thumbnailUrl\":\"https:\\\/\\\/www.gold.fr\\\/news\\\/wp-content\\\/uploads\\\/2012\\\/01\\\/Pi\u00e8ce-or-chine.jpg\",\"datePublished\":\"2012-01-23T15:00:48+00:00\",\"dateModified\":\"2017-11-02T10:36:43+00:00\",\"author\":{\"@id\":\"https:\\\/\\\/www.gold.fr\\\/news\\\/#\\\/schema\\\/person\\\/feb6458ffd7bceeeb4e228398c34fbe5\"},\"breadcrumb\":{\"@id\":\"https:\\\/\\\/www.gold.fr\\\/news\\\/2012\\\/01\\\/23\\\/or-en-2012-lart-de-remonter-la-pente\\\/#breadcrumb\"},\"inLanguage\":\"fr-FR\",\"potentialAction\":[{\"@type\":\"ReadAction\",\"target\":[\"https:\\\/\\\/www.gold.fr\\\/news\\\/2012\\\/01\\\/23\\\/or-en-2012-lart-de-remonter-la-pente\\\/\"]}]},{\"@type\":\"ImageObject\",\"inLanguage\":\"fr-FR\",\"@id\":\"https:\\\/\\\/www.gold.fr\\\/news\\\/2012\\\/01\\\/23\\\/or-en-2012-lart-de-remonter-la-pente\\\/#primaryimage\",\"url\":\"https:\\\/\\\/www.gold.fr\\\/news\\\/wp-content\\\/uploads\\\/2012\\\/01\\\/Pi\u00e8ce-or-chine.jpg\",\"contentUrl\":\"https:\\\/\\\/www.gold.fr\\\/news\\\/wp-content\\\/uploads\\\/2012\\\/01\\\/Pi\u00e8ce-or-chine.jpg\",\"width\":\"600\",\"height\":\"400\",\"caption\":\"La devise chinoise mise sur l\u2019or\"},{\"@type\":\"BreadcrumbList\",\"@id\":\"https:\\\/\\\/www.gold.fr\\\/news\\\/2012\\\/01\\\/23\\\/or-en-2012-lart-de-remonter-la-pente\\\/#breadcrumb\",\"itemListElement\":[{\"@type\":\"ListItem\",\"position\":1,\"name\":\"Accueil\",\"item\":\"https:\\\/\\\/www.gold.fr\\\/\"},{\"@type\":\"ListItem\",\"position\":2,\"name\":\"Actualit\u00e9s\",\"item\":\"https:\\\/\\\/www.gold.fr\\\/news\\\/\"},{\"@type\":\"ListItem\",\"position\":3,\"name\":\"Or en 2012 \u2013 L\u2019art de remonter la pente\"}]},{\"@type\":\"WebSite\",\"@id\":\"https:\\\/\\\/www.gold.fr\\\/news\\\/#website\",\"url\":\"https:\\\/\\\/www.gold.fr\\\/news\\\/\",\"name\":\"Gold.fr\",\"description\":\"Actualit\u00e9s de l&#039;Or et des m\u00e9taux pr\u00e9cieux\",\"potentialAction\":[{\"@type\":\"SearchAction\",\"target\":{\"@type\":\"EntryPoint\",\"urlTemplate\":\"https:\\\/\\\/www.gold.fr\\\/news\\\/?s={search_term_string}\"},\"query-input\":{\"@type\":\"PropertyValueSpecification\",\"valueRequired\":true,\"valueName\":\"search_term_string\"}}],\"inLanguage\":\"fr-FR\"},{\"@type\":\"Person\",\"@id\":\"https:\\\/\\\/www.gold.fr\\\/news\\\/#\\\/schema\\\/person\\\/feb6458ffd7bceeeb4e228398c34fbe5\",\"name\":\"Anthony\",\"image\":{\"@type\":\"ImageObject\",\"inLanguage\":\"fr-FR\",\"@id\":\"https:\\\/\\\/secure.gravatar.com\\\/avatar\\\/19974f7c75da5f0b217374f3a37eb05031e41aaad4ceb3fe17ada2ab3daf6b95?s=96&d=mm&r=gbc5324aff3d366843e00df00c899c1a8\",\"url\":\"https:\\\/\\\/secure.gravatar.com\\\/avatar\\\/19974f7c75da5f0b217374f3a37eb05031e41aaad4ceb3fe17ada2ab3daf6b95?s=96&d=mm&r=g\",\"contentUrl\":\"https:\\\/\\\/secure.gravatar.com\\\/avatar\\\/19974f7c75da5f0b217374f3a37eb05031e41aaad4ceb3fe17ada2ab3daf6b95?s=96&d=mm&r=g\",\"caption\":\"Anthony\"},\"description\":\"Notre r\u00e9daction est constitu\u00e9e de membres experts dans les m\u00e9tiers de l'\u00e9conomie et la gestion, des Responsables d'agence Comptoir National de l'Or, des analystes financiers qui publient r\u00e9guli\u00e8rement des \u00e9tudes sur les politiques des banques centrales, le cours de l'or, le cours de l'argent, cours du platine, cours du palladium... la situation en zone euro et l'impact de la strat\u00e9gie mon\u00e9taire de la FED. Notre \u00e9quipe scrute \u00e9galement une information plus g\u00e9n\u00e9raliste \u00e0 la recherche d'actualit\u00e9 \\\"p\u00e9pite\\\" \u00e0 vous partager. Depuis 5 ans, nous avons publi\u00e9 un peu plus de 4000 articles qui s'adressent \u00e0 un public large et vari\u00e9 ayant pour objectif de satisfaire votre curiosit\u00e9 et de partager avec vous une certaine fascination pour le m\u00e9tal jaune, pour ceux qui veulent investir dans l'or, vendre leur or tout simplement en savoir plus...\",\"sameAs\":[\"https:\\\/\\\/www.gold.fr\\\/news\"]}]}<\/script>\n<!-- \/ Yoast SEO plugin. -->","yoast_head_json":{"title":"Or en 2012 \u2013 L\u2019art de remonter la pente - Gold.fr","robots":{"index":"index","follow":"follow","max-snippet":"max-snippet:-1","max-image-preview":"max-image-preview:large","max-video-preview":"max-video-preview:-1"},"canonical":"https:\/\/www.gold.fr\/news\/2012\/01\/23\/or-en-2012-lart-de-remonter-la-pente\/","og_locale":"fr_FR","og_type":"article","og_title":"Or en 2012 \u2013 L\u2019art de remonter la pente - Gold.fr","og_description":"La fuite des capitaux traditionnellement r\u00e9serv\u00e9s \u00e0 l&rsquo;Or, durant le troisi\u00e8me trimestre 2011, est un ph\u00e9nom\u00e8ne que les sp\u00e9cialistes des m\u00e9taux pr\u00e9cieux justifient par diff\u00e9rentes raisons. Il est cependant vrai que les r\u00e9centes mesures prises, durant [&hellip;]","og_url":"https:\/\/www.gold.fr\/news\/2012\/01\/23\/or-en-2012-lart-de-remonter-la-pente\/","og_site_name":"Gold.fr","article_publisher":"https:\/\/www.facebook.com\/Goldfr\/","article_published_time":"2012-01-23T15:00:48+00:00","article_modified_time":"2017-11-02T10:36:43+00:00","og_image":[{"width":600,"height":400,"url":"https:\/\/www.gold.fr\/news\/wp-content\/uploads\/2012\/01\/Pi\u00e8ce-or-chine.jpg","type":"image\/jpeg"}],"author":"Anthony","twitter_card":"summary_large_image","twitter_misc":{"\u00c9crit par":"Anthony","Dur\u00e9e de lecture estim\u00e9e":"1 minute"},"schema":{"@context":"https:\/\/schema.org","@graph":[{"@type":"Article","@id":"https:\/\/www.gold.fr\/news\/2012\/01\/23\/or-en-2012-lart-de-remonter-la-pente\/#article","isPartOf":{"@id":"https:\/\/www.gold.fr\/news\/2012\/01\/23\/or-en-2012-lart-de-remonter-la-pente\/"},"author":{"name":"Anthony","@id":"https:\/\/www.gold.fr\/news\/#\/schema\/person\/feb6458ffd7bceeeb4e228398c34fbe5"},"headline":"Or en 2012 \u2013 L\u2019art de remonter la pente","datePublished":"2012-01-23T15:00:48+00:00","dateModified":"2017-11-02T10:36:43+00:00","mainEntityOfPage":{"@id":"https:\/\/www.gold.fr\/news\/2012\/01\/23\/or-en-2012-lart-de-remonter-la-pente\/"},"wordCount":225,"commentCount":0,"image":{"@id":"https:\/\/www.gold.fr\/news\/2012\/01\/23\/or-en-2012-lart-de-remonter-la-pente\/#primaryimage"},"thumbnailUrl":"https:\/\/www.gold.fr\/news\/wp-content\/uploads\/2012\/01\/Pi\u00e8ce-or-chine.jpg","keywords":["al\u00e8s","chine","Or","_Al\u00e8s_","_Al\u00e8s_Footer_"],"articleSection":["Analyses Economiques"],"inLanguage":"fr-FR"},{"@type":"WebPage","@id":"https:\/\/www.gold.fr\/news\/2012\/01\/23\/or-en-2012-lart-de-remonter-la-pente\/","url":"https:\/\/www.gold.fr\/news\/2012\/01\/23\/or-en-2012-lart-de-remonter-la-pente\/","name":"Or en 2012 \u2013 L\u2019art de remonter la pente - Gold.fr","isPartOf":{"@id":"https:\/\/www.gold.fr\/news\/#website"},"primaryImageOfPage":{"@id":"https:\/\/www.gold.fr\/news\/2012\/01\/23\/or-en-2012-lart-de-remonter-la-pente\/#primaryimage"},"image":{"@id":"https:\/\/www.gold.fr\/news\/2012\/01\/23\/or-en-2012-lart-de-remonter-la-pente\/#primaryimage"},"thumbnailUrl":"https:\/\/www.gold.fr\/news\/wp-content\/uploads\/2012\/01\/Pi\u00e8ce-or-chine.jpg","datePublished":"2012-01-23T15:00:48+00:00","dateModified":"2017-11-02T10:36:43+00:00","author":{"@id":"https:\/\/www.gold.fr\/news\/#\/schema\/person\/feb6458ffd7bceeeb4e228398c34fbe5"},"breadcrumb":{"@id":"https:\/\/www.gold.fr\/news\/2012\/01\/23\/or-en-2012-lart-de-remonter-la-pente\/#breadcrumb"},"inLanguage":"fr-FR","potentialAction":[{"@type":"ReadAction","target":["https:\/\/www.gold.fr\/news\/2012\/01\/23\/or-en-2012-lart-de-remonter-la-pente\/"]}]},{"@type":"ImageObject","inLanguage":"fr-FR","@id":"https:\/\/www.gold.fr\/news\/2012\/01\/23\/or-en-2012-lart-de-remonter-la-pente\/#primaryimage","url":"https:\/\/www.gold.fr\/news\/wp-content\/uploads\/2012\/01\/Pi\u00e8ce-or-chine.jpg","contentUrl":"https:\/\/www.gold.fr\/news\/wp-content\/uploads\/2012\/01\/Pi\u00e8ce-or-chine.jpg","width":"600","height":"400","caption":"La devise chinoise mise sur l\u2019or"},{"@type":"BreadcrumbList","@id":"https:\/\/www.gold.fr\/news\/2012\/01\/23\/or-en-2012-lart-de-remonter-la-pente\/#breadcrumb","itemListElement":[{"@type":"ListItem","position":1,"name":"Accueil","item":"https:\/\/www.gold.fr\/"},{"@type":"ListItem","position":2,"name":"Actualit\u00e9s","item":"https:\/\/www.gold.fr\/news\/"},{"@type":"ListItem","position":3,"name":"Or en 2012 \u2013 L\u2019art de remonter la pente"}]},{"@type":"WebSite","@id":"https:\/\/www.gold.fr\/news\/#website","url":"https:\/\/www.gold.fr\/news\/","name":"Gold.fr","description":"Actualit\u00e9s de l&#039;Or et des m\u00e9taux pr\u00e9cieux","potentialAction":[{"@type":"SearchAction","target":{"@type":"EntryPoint","urlTemplate":"https:\/\/www.gold.fr\/news\/?s={search_term_string}"},"query-input":{"@type":"PropertyValueSpecification","valueRequired":true,"valueName":"search_term_string"}}],"inLanguage":"fr-FR"},{"@type":"Person","@id":"https:\/\/www.gold.fr\/news\/#\/schema\/person\/feb6458ffd7bceeeb4e228398c34fbe5","name":"Anthony","image":{"@type":"ImageObject","inLanguage":"fr-FR","@id":"https:\/\/secure.gravatar.com\/avatar\/19974f7c75da5f0b217374f3a37eb05031e41aaad4ceb3fe17ada2ab3daf6b95?s=96&d=mm&r=gbc5324aff3d366843e00df00c899c1a8","url":"https:\/\/secure.gravatar.com\/avatar\/19974f7c75da5f0b217374f3a37eb05031e41aaad4ceb3fe17ada2ab3daf6b95?s=96&d=mm&r=g","contentUrl":"https:\/\/secure.gravatar.com\/avatar\/19974f7c75da5f0b217374f3a37eb05031e41aaad4ceb3fe17ada2ab3daf6b95?s=96&d=mm&r=g","caption":"Anthony"},"description":"Notre r\u00e9daction est constitu\u00e9e de membres experts dans les m\u00e9tiers de l'\u00e9conomie et la gestion, des Responsables d'agence Comptoir National de l'Or, des analystes financiers qui publient r\u00e9guli\u00e8rement des \u00e9tudes sur les politiques des banques centrales, le cours de l'or, le cours de l'argent, cours du platine, cours du palladium... la situation en zone euro et l'impact de la strat\u00e9gie mon\u00e9taire de la FED. Notre \u00e9quipe scrute \u00e9galement une information plus g\u00e9n\u00e9raliste \u00e0 la recherche d'actualit\u00e9 \"p\u00e9pite\" \u00e0 vous partager. Depuis 5 ans, nous avons publi\u00e9 un peu plus de 4000 articles qui s'adressent \u00e0 un public large et vari\u00e9 ayant pour objectif de satisfaire votre curiosit\u00e9 et de partager avec vous une certaine fascination pour le m\u00e9tal jaune, pour ceux qui veulent investir dans l'or, vendre leur or tout simplement en savoir plus...","sameAs":["https:\/\/www.gold.fr\/news"]}]}},"authors":[{"term_id":2562,"user_id":11,"is_guest":0,"slug":"anthony","display_name":"Anthony","avatar_url":"https:\/\/secure.gravatar.com\/avatar\/19974f7c75da5f0b217374f3a37eb05031e41aaad4ceb3fe17ada2ab3daf6b95?s=96&d=mm&r=g","0":null,"1":"","2":"","3":"","4":"","5":"","6":"","7":"","8":""}],"_links":{"self":[{"href":"https:\/\/www.gold.fr\/news\/wp-json\/wp\/v2\/posts\/5174","targetHints":{"allow":["GET"]}}],"collection":[{"href":"https:\/\/www.gold.fr\/news\/wp-json\/wp\/v2\/posts"}],"about":[{"href":"https:\/\/www.gold.fr\/news\/wp-json\/wp\/v2\/types\/post"}],"author":[{"embeddable":true,"href":"https:\/\/www.gold.fr\/news\/wp-json\/wp\/v2\/users\/11"}],"replies":[{"embeddable":true,"href":"https:\/\/www.gold.fr\/news\/wp-json\/wp\/v2\/comments?post=5174"}],"version-history":[{"count":0,"href":"https:\/\/www.gold.fr\/news\/wp-json\/wp\/v2\/posts\/5174\/revisions"}],"wp:featuredmedia":[{"embeddable":true,"href":"https:\/\/www.gold.fr\/news\/wp-json\/wp\/v2\/media\/5189"}],"wp:attachment":[{"href":"https:\/\/www.gold.fr\/news\/wp-json\/wp\/v2\/media?parent=5174"}],"wp:term":[{"taxonomy":"category","embeddable":true,"href":"https:\/\/www.gold.fr\/news\/wp-json\/wp\/v2\/categories?post=5174"},{"taxonomy":"post_tag","embeddable":true,"href":"https:\/\/www.gold.fr\/news\/wp-json\/wp\/v2\/tags?post=5174"},{"taxonomy":"author","embeddable":true,"href":"https:\/\/www.gold.fr\/news\/wp-json\/wp\/v2\/ppma_author?post=5174"}],"curies":[{"name":"wp","href":"https:\/\/api.w.org\/{rel}","templated":true}]}}