{"id":5173,"date":"2012-02-08T09:00:28","date_gmt":"2012-02-08T08:00:28","guid":{"rendered":"http:\/\/news.gold.fr\/?p=5173"},"modified":"2020-06-26T11:25:32","modified_gmt":"2020-06-26T09:25:32","slug":"tours-ouverture-du-39eme-comptoir-national-de-lor","status":"publish","type":"post","link":"https:\/\/www.gold.fr\/news\/2012\/02\/08\/tours-ouverture-du-39eme-comptoir-national-de-lor\/","title":{"rendered":"Tours: Ouverture du 39\u00e8me Comptoir National de l\u2019Or"},"content":{"rendered":"<p style=\"text-align: justify;\"><a href=\"http:\/\/news.gold.fr\/wp-content\/uploads\/2011\/12\/Comptoir-Lyon.jpg\"><img loading=\"lazy\" decoding=\"async\" class=\"alignleft size-full wp-image-4209\" style=\"float: left; border-image: initial; margin: 5px; border: 1px solid black;\" title=\"Comptoir-or\" src=\"http:\/\/news.gold.fr\/wp-content\/uploads\/2011\/12\/Comptoir-Lyon.jpg\" alt=\"\" width=\"150\" height=\"97\" srcset=\"https:\/\/www.gold.fr\/news\/wp-content\/uploads\/2011\/12\/Comptoir-Lyon.jpg 150w, https:\/\/www.gold.fr\/news\/wp-content\/uploads\/2011\/12\/Comptoir-Lyon-1x1.jpg 1w\" sizes=\"auto, (max-width: 150px) 100vw, 150px\" \/><\/a>Nous vous annoncions il y a deux semaines l&rsquo;ouverture prochaine d&rsquo;une agence d&rsquo;<strong>achat<\/strong>\u00a0et\u00a0<strong>vente<\/strong>\u00a0d&rsquo;<strong><a class=\"esk-seo-plu-link\" href=\"https:\/\/www.gold.fr\/news\/tags\/or\">or<\/a><\/strong>\u00a0\u00e0\u00a0<strong>Tours<\/strong>.<\/p>\n<p style=\"text-align: justify;\">Aujourd&rsquo;hui 8 f\u00e9vrier 2012,\u00a0<strong>Le Comptoir National de l&rsquo;<a class=\"esk-seo-plu-link\" href=\"https:\/\/www.gold.fr\/news\/tags\/or\">Or<\/a><\/strong>\u00a0est heureux d&rsquo;ouvrir pour les Tourangeaux qui souhaite\u00a0<a href=\"https:\/\/www.gold.fr\/vente-or\/\">vendre<\/a>\u00a0ou acheter de l&rsquo;<a class=\"esk-seo-plu-link\" href=\"https:\/\/www.gold.fr\/news\/tags\/or\">or<\/a>.<\/p>\n<p style=\"text-align: justify;\">Venez nous rendre visite d\u00e8s aujourd&rsquo;hui afin de b\u00e9n\u00e9ficier d\u2019une expertise gratuite de qualit\u00e9 sur vos\u00a0<strong>bijoux en <a class=\"esk-seo-plu-link\" href=\"https:\/\/www.gold.fr\/news\/tags\/or\">or<\/a><\/strong>,\u00a0<strong>pi\u00e8ces d\u2019<a class=\"esk-seo-plu-link\" href=\"https:\/\/www.gold.fr\/news\/tags\/or\">or<\/a><\/strong>,\u00a0<strong><a class=\"esk-seo-plu-link\" href=\"https:\/\/www.gold.fr\/news\/tags\/or\">or<\/a> dentaire<\/strong>\u00a0et\u00a0<strong>d\u00e9bris d\u2019<a class=\"esk-seo-plu-link\" href=\"https:\/\/www.gold.fr\/news\/tags\/or\">or<\/a>.\u00a0<\/strong>Vous avez \u00e9galement la possibilit\u00e9 d\u2019<strong><a href=\"https:\/\/www.gold.fr\/achat-or\/\">acheter<\/a>\u00a0pi\u00e8ces d\u2019<a class=\"esk-seo-plu-link\" href=\"https:\/\/www.gold.fr\/news\/tags\/or\">or<\/a><\/strong>\u00a0(Napol\u00e9ons 20 Francs, <a class=\"esk-seo-plu-link\" href=\"https:\/\/www.gold.fr\/news\/tags\/piece-dor\">Croix Suisse<\/a>, Krugerrand\u2026),\u00a0<strong>lingots d\u2019<a class=\"esk-seo-plu-link\" href=\"https:\/\/www.gold.fr\/news\/tags\/or\">or<\/a> et<\/strong>\u00a0<strong><a class=\"esk-seo-plu-link\" href=\"https:\/\/www.gold.fr\/news\/tags\/lingot-dor\">lingotins<\/a>\u00a0<\/strong>sur\u00a0<a href=\"https:\/\/www.gold.fr\/cours-prix-de-l-or\/\">les cours officiels de la bourse.<\/a><\/p>\n<p style=\"text-align: justify;\"><a href=\"http:\/\/maps.google.fr\/maps?q=12+rue+marceau,+37000+Torus&amp;hl=fr&amp;sll=46.75984,1.738281&amp;sspn=7.708345,21.643066&amp;vpsrc=0&amp;hnear=12+Rue+Marceau,+37000+Tours,+Indre-et-Loire,+Centre&amp;t=h&amp;z=16\">Comptoir National de l\u2019Or de Tours<\/a>:<\/p>\n<p style=\"text-align: justify;\">Responsable d\u2019agence: Jean-Marc Breton<\/p>\n<p style=\"text-align: justify;\">Adresse: 12 rue Marceau, 37000 Tours<\/p>\n<p style=\"text-align: justify;\">\n<p style=\"text-align: justify;\"><a href=\"https:\/\/www.gold.fr\/contact-comptoir\/comptoir-dachat-dor-de-tours-tours\/\">&gt;&gt;&gt; contacter ce comptoir<\/a><\/p>\n<!-- AddThis Advanced Settings generic via filter on the_content --><!-- AddThis Share Buttons generic via filter on the_content -->","protected":false},"excerpt":{"rendered":"<p>Nous vous annoncions il y a deux semaines l&rsquo;ouverture prochaine d&rsquo;une agence d&rsquo;achat\u00a0et\u00a0vente\u00a0d&rsquo;or\u00a0\u00e0\u00a0Tours. Aujourd&rsquo;hui 8 f\u00e9vrier 2012,\u00a0Le Comptoir National de l&rsquo;Or\u00a0est heureux d&rsquo;ouvrir pour les Tourangeaux qui souhaite\u00a0vendre\u00a0ou acheter de l&rsquo;or. Venez nous rendre visite d\u00e8s [&hellip;]<\/p>\n","protected":false},"author":18,"featured_media":4217,"comment_status":"closed","ping_status":"closed","sticky":false,"template":"","format":"standard","meta":{"_mbp_gutenberg_autopost":false,"_pgmb_is_evergreen":false,"_pgmb_ap_template_id":0,"footnotes":""},"categories":[5],"tags":[17,76,268,18,269,270],"ppma_author":[2565],"class_list":["post-5173","post","type-post","status-publish","format-standard","has-post-thumbnail","hentry","category-flash-infos","tag-achat-dor","tag-or","tag-tours","tag-vente-dor","tag-_tours_","tag-_tours_footer_"],"yoast_head":"<!-- This site is optimized with the Yoast SEO plugin v27.5 - https:\/\/yoast.com\/product\/yoast-seo-wordpress\/ -->\n<title>Tours: Ouverture du 39\u00e8me Comptoir National de l\u2019Or - Gold.fr<\/title>\n<meta name=\"description\" content=\"Nous vous annoncions il y a deux semaines l&#039;ouverture prochaine d&#039;une agence d&#039;achat et vente d&#039;or \u00e0 Tours Achat, Vente Lingot, Pi\u00e8ces Or\" \/>\n<meta name=\"robots\" content=\"index, follow, max-snippet:-1, max-image-preview:large, max-video-preview:-1\" \/>\n<link rel=\"canonical\" href=\"https:\/\/www.gold.fr\/news\/2012\/02\/08\/tours-ouverture-du-39eme-comptoir-national-de-lor\/\" \/>\n<meta property=\"og:locale\" content=\"fr_FR\" \/>\n<meta property=\"og:type\" content=\"article\" \/>\n<meta property=\"og:title\" content=\"Tours: Ouverture du 39\u00e8me Comptoir National de l\u2019Or - Gold.fr\" \/>\n<meta property=\"og:description\" content=\"Nous vous annoncions il y a deux semaines l&#039;ouverture prochaine d&#039;une agence d&#039;achat et vente d&#039;or \u00e0 Tours Achat, Vente Lingot, Pi\u00e8ces Or\" \/>\n<meta property=\"og:url\" content=\"https:\/\/www.gold.fr\/news\/2012\/02\/08\/tours-ouverture-du-39eme-comptoir-national-de-lor\/\" \/>\n<meta property=\"og:site_name\" content=\"Gold.fr\" \/>\n<meta property=\"article:publisher\" content=\"https:\/\/www.facebook.com\/Goldfr\/\" \/>\n<meta property=\"article:published_time\" content=\"2012-02-08T08:00:28+00:00\" \/>\n<meta property=\"article:modified_time\" content=\"2020-06-26T09:25:32+00:00\" \/>\n<meta property=\"og:image\" content=\"https:\/\/www.gold.fr\/news\/wp-content\/uploads\/2011\/12\/Comptoir-national-de-lor-d-e1323099990877.jpg\" \/>\n\t<meta property=\"og:image:width\" content=\"625\" \/>\n\t<meta property=\"og:image:height\" content=\"404\" \/>\n\t<meta property=\"og:image:type\" content=\"image\/jpeg\" \/>\n<meta name=\"author\" content=\"Comptoir National de l&#039;Or\" \/>\n<meta name=\"twitter:card\" content=\"summary_large_image\" \/>\n<meta name=\"twitter:label1\" content=\"\u00c9crit par\" \/>\n\t<meta name=\"twitter:data1\" content=\"Comptoir National de l&#039;Or\" \/>\n\t<meta name=\"twitter:label2\" content=\"Dur\u00e9e de lecture estim\u00e9e\" \/>\n\t<meta name=\"twitter:data2\" content=\"1 minute\" \/>\n<script type=\"application\/ld+json\" class=\"yoast-schema-graph\">{\"@context\":\"https:\\\/\\\/schema.org\",\"@graph\":[{\"@type\":\"Article\",\"@id\":\"https:\\\/\\\/www.gold.fr\\\/news\\\/2012\\\/02\\\/08\\\/tours-ouverture-du-39eme-comptoir-national-de-lor\\\/#article\",\"isPartOf\":{\"@id\":\"https:\\\/\\\/www.gold.fr\\\/news\\\/2012\\\/02\\\/08\\\/tours-ouverture-du-39eme-comptoir-national-de-lor\\\/\"},\"author\":{\"name\":\"Comptoir National de l'Or\",\"@id\":\"https:\\\/\\\/www.gold.fr\\\/news\\\/#\\\/schema\\\/person\\\/070491b4b4fb7671bf59b3be20302ce9\"},\"headline\":\"Tours: Ouverture du 39\u00e8me Comptoir National de l\u2019Or\",\"datePublished\":\"2012-02-08T08:00:28+00:00\",\"dateModified\":\"2020-06-26T09:25:32+00:00\",\"mainEntityOfPage\":{\"@id\":\"https:\\\/\\\/www.gold.fr\\\/news\\\/2012\\\/02\\\/08\\\/tours-ouverture-du-39eme-comptoir-national-de-lor\\\/\"},\"wordCount\":141,\"image\":{\"@id\":\"https:\\\/\\\/www.gold.fr\\\/news\\\/2012\\\/02\\\/08\\\/tours-ouverture-du-39eme-comptoir-national-de-lor\\\/#primaryimage\"},\"thumbnailUrl\":\"https:\\\/\\\/www.gold.fr\\\/news\\\/wp-content\\\/uploads\\\/2011\\\/12\\\/Comptoir-national-de-lor-d-e1323099990877.jpg\",\"keywords\":[\"Achat d'Or\",\"Or\",\"Tours\",\"Vente d'Or\",\"_Tours_\",\"_Tours_footer_\"],\"articleSection\":[\"Flash infos\"],\"inLanguage\":\"fr-FR\"},{\"@type\":\"WebPage\",\"@id\":\"https:\\\/\\\/www.gold.fr\\\/news\\\/2012\\\/02\\\/08\\\/tours-ouverture-du-39eme-comptoir-national-de-lor\\\/\",\"url\":\"https:\\\/\\\/www.gold.fr\\\/news\\\/2012\\\/02\\\/08\\\/tours-ouverture-du-39eme-comptoir-national-de-lor\\\/\",\"name\":\"Tours: Ouverture du 39\u00e8me Comptoir National de l\u2019Or - Gold.fr\",\"isPartOf\":{\"@id\":\"https:\\\/\\\/www.gold.fr\\\/news\\\/#website\"},\"primaryImageOfPage\":{\"@id\":\"https:\\\/\\\/www.gold.fr\\\/news\\\/2012\\\/02\\\/08\\\/tours-ouverture-du-39eme-comptoir-national-de-lor\\\/#primaryimage\"},\"image\":{\"@id\":\"https:\\\/\\\/www.gold.fr\\\/news\\\/2012\\\/02\\\/08\\\/tours-ouverture-du-39eme-comptoir-national-de-lor\\\/#primaryimage\"},\"thumbnailUrl\":\"https:\\\/\\\/www.gold.fr\\\/news\\\/wp-content\\\/uploads\\\/2011\\\/12\\\/Comptoir-national-de-lor-d-e1323099990877.jpg\",\"datePublished\":\"2012-02-08T08:00:28+00:00\",\"dateModified\":\"2020-06-26T09:25:32+00:00\",\"author\":{\"@id\":\"https:\\\/\\\/www.gold.fr\\\/news\\\/#\\\/schema\\\/person\\\/070491b4b4fb7671bf59b3be20302ce9\"},\"description\":\"Nous vous annoncions il y a deux semaines l'ouverture prochaine d'une agence d'achat et vente d'or \u00e0 Tours Achat, Vente Lingot, Pi\u00e8ces Or\",\"breadcrumb\":{\"@id\":\"https:\\\/\\\/www.gold.fr\\\/news\\\/2012\\\/02\\\/08\\\/tours-ouverture-du-39eme-comptoir-national-de-lor\\\/#breadcrumb\"},\"inLanguage\":\"fr-FR\",\"potentialAction\":[{\"@type\":\"ReadAction\",\"target\":[\"https:\\\/\\\/www.gold.fr\\\/news\\\/2012\\\/02\\\/08\\\/tours-ouverture-du-39eme-comptoir-national-de-lor\\\/\"]}]},{\"@type\":\"ImageObject\",\"inLanguage\":\"fr-FR\",\"@id\":\"https:\\\/\\\/www.gold.fr\\\/news\\\/2012\\\/02\\\/08\\\/tours-ouverture-du-39eme-comptoir-national-de-lor\\\/#primaryimage\",\"url\":\"https:\\\/\\\/www.gold.fr\\\/news\\\/wp-content\\\/uploads\\\/2011\\\/12\\\/Comptoir-national-de-lor-d-e1323099990877.jpg\",\"contentUrl\":\"https:\\\/\\\/www.gold.fr\\\/news\\\/wp-content\\\/uploads\\\/2011\\\/12\\\/Comptoir-national-de-lor-d-e1323099990877.jpg\",\"width\":\"625\",\"height\":\"404\",\"caption\":\"Comptoir-national-de-l'or\"},{\"@type\":\"BreadcrumbList\",\"@id\":\"https:\\\/\\\/www.gold.fr\\\/news\\\/2012\\\/02\\\/08\\\/tours-ouverture-du-39eme-comptoir-national-de-lor\\\/#breadcrumb\",\"itemListElement\":[{\"@type\":\"ListItem\",\"position\":1,\"name\":\"Accueil\",\"item\":\"https:\\\/\\\/www.gold.fr\\\/\"},{\"@type\":\"ListItem\",\"position\":2,\"name\":\"Actualit\u00e9s\",\"item\":\"https:\\\/\\\/www.gold.fr\\\/news\\\/\"},{\"@type\":\"ListItem\",\"position\":3,\"name\":\"Tours: Ouverture du 39\u00e8me Comptoir National de l\u2019Or\"}]},{\"@type\":\"WebSite\",\"@id\":\"https:\\\/\\\/www.gold.fr\\\/news\\\/#website\",\"url\":\"https:\\\/\\\/www.gold.fr\\\/news\\\/\",\"name\":\"Gold.fr\",\"description\":\"Actualit\u00e9s de l&#039;Or et des m\u00e9taux pr\u00e9cieux\",\"potentialAction\":[{\"@type\":\"SearchAction\",\"target\":{\"@type\":\"EntryPoint\",\"urlTemplate\":\"https:\\\/\\\/www.gold.fr\\\/news\\\/?s={search_term_string}\"},\"query-input\":{\"@type\":\"PropertyValueSpecification\",\"valueRequired\":true,\"valueName\":\"search_term_string\"}}],\"inLanguage\":\"fr-FR\"},{\"@type\":\"Person\",\"@id\":\"https:\\\/\\\/www.gold.fr\\\/news\\\/#\\\/schema\\\/person\\\/070491b4b4fb7671bf59b3be20302ce9\",\"name\":\"Comptoir National de l'Or\",\"image\":{\"@type\":\"ImageObject\",\"inLanguage\":\"fr-FR\",\"@id\":\"https:\\\/\\\/secure.gravatar.com\\\/avatar\\\/0a2867fd5abe37bed95d5a65e9d58f01756e11efc68af9888dfc50cfa7f65948?s=96&d=mm&r=gb490554db0a38188709de567aa58480d\",\"url\":\"https:\\\/\\\/secure.gravatar.com\\\/avatar\\\/0a2867fd5abe37bed95d5a65e9d58f01756e11efc68af9888dfc50cfa7f65948?s=96&d=mm&r=g\",\"contentUrl\":\"https:\\\/\\\/secure.gravatar.com\\\/avatar\\\/0a2867fd5abe37bed95d5a65e9d58f01756e11efc68af9888dfc50cfa7f65948?s=96&d=mm&r=g\",\"caption\":\"Comptoir National de l'Or\"},\"description\":\"Notre r\u00e9daction est constitu\u00e9e de membres experts dans les m\u00e9tiers de l'\u00e9conomie et la gestion, des Responsables d'agence Comptoir National de l'Or, des analystes financiers qui publient r\u00e9guli\u00e8rement des \u00e9tudes sur les politiques des banques centrales, le cours de l'or, prix de l'or, cours de l'argent, prix de l'argent, cours du platine, cours du palladium,... la situation en zone euro et l'impact de la strat\u00e9gie mon\u00e9taire de la FED. Notre \u00e9quipe scrute \u00e9galement une information plus g\u00e9n\u00e9raliste \u00e0 la recherche d'actualit\u00e9 \\\"p\u00e9pite\\\" \u00e0 vous partager. Depuis 5 ans, nous avons publi\u00e9 un peu plus de 4000 articles qui s'adressent \u00e0 un public large et vari\u00e9 ayant pour objectif de satisfaire votre curiosit\u00e9 et de partager avec vous une certaine fascination pour le m\u00e9tal jaune, le rachat d'or, et pour ceux qui veulent investir dans l'or, vendre leur or tout simplement en savoir plus... Pour tous vos achat or et argent, n'h\u00e9sitez pas \u00e0 prendre rendez-vous dans l'un de nos nombreux comptoirs.\",\"sameAs\":[\"https:\\\/\\\/www.gold.fr\"]}]}<\/script>\n<!-- \/ Yoast SEO plugin. -->","yoast_head_json":{"title":"Tours: Ouverture du 39\u00e8me Comptoir National de l\u2019Or - Gold.fr","description":"Nous vous annoncions il y a deux semaines l'ouverture prochaine d'une agence d'achat et vente d'or \u00e0 Tours Achat, Vente Lingot, Pi\u00e8ces Or","robots":{"index":"index","follow":"follow","max-snippet":"max-snippet:-1","max-image-preview":"max-image-preview:large","max-video-preview":"max-video-preview:-1"},"canonical":"https:\/\/www.gold.fr\/news\/2012\/02\/08\/tours-ouverture-du-39eme-comptoir-national-de-lor\/","og_locale":"fr_FR","og_type":"article","og_title":"Tours: Ouverture du 39\u00e8me Comptoir National de l\u2019Or - Gold.fr","og_description":"Nous vous annoncions il y a deux semaines l'ouverture prochaine d'une agence d'achat et vente d'or \u00e0 Tours Achat, Vente Lingot, Pi\u00e8ces Or","og_url":"https:\/\/www.gold.fr\/news\/2012\/02\/08\/tours-ouverture-du-39eme-comptoir-national-de-lor\/","og_site_name":"Gold.fr","article_publisher":"https:\/\/www.facebook.com\/Goldfr\/","article_published_time":"2012-02-08T08:00:28+00:00","article_modified_time":"2020-06-26T09:25:32+00:00","og_image":[{"width":625,"height":404,"url":"https:\/\/www.gold.fr\/news\/wp-content\/uploads\/2011\/12\/Comptoir-national-de-lor-d-e1323099990877.jpg","type":"image\/jpeg"}],"author":"Comptoir National de l'Or","twitter_card":"summary_large_image","twitter_misc":{"\u00c9crit par":"Comptoir National de l'Or","Dur\u00e9e de lecture estim\u00e9e":"1 minute"},"schema":{"@context":"https:\/\/schema.org","@graph":[{"@type":"Article","@id":"https:\/\/www.gold.fr\/news\/2012\/02\/08\/tours-ouverture-du-39eme-comptoir-national-de-lor\/#article","isPartOf":{"@id":"https:\/\/www.gold.fr\/news\/2012\/02\/08\/tours-ouverture-du-39eme-comptoir-national-de-lor\/"},"author":{"name":"Comptoir National de l'Or","@id":"https:\/\/www.gold.fr\/news\/#\/schema\/person\/070491b4b4fb7671bf59b3be20302ce9"},"headline":"Tours: Ouverture du 39\u00e8me Comptoir National de l\u2019Or","datePublished":"2012-02-08T08:00:28+00:00","dateModified":"2020-06-26T09:25:32+00:00","mainEntityOfPage":{"@id":"https:\/\/www.gold.fr\/news\/2012\/02\/08\/tours-ouverture-du-39eme-comptoir-national-de-lor\/"},"wordCount":141,"image":{"@id":"https:\/\/www.gold.fr\/news\/2012\/02\/08\/tours-ouverture-du-39eme-comptoir-national-de-lor\/#primaryimage"},"thumbnailUrl":"https:\/\/www.gold.fr\/news\/wp-content\/uploads\/2011\/12\/Comptoir-national-de-lor-d-e1323099990877.jpg","keywords":["Achat d'Or","Or","Tours","Vente d'Or","_Tours_","_Tours_footer_"],"articleSection":["Flash infos"],"inLanguage":"fr-FR"},{"@type":"WebPage","@id":"https:\/\/www.gold.fr\/news\/2012\/02\/08\/tours-ouverture-du-39eme-comptoir-national-de-lor\/","url":"https:\/\/www.gold.fr\/news\/2012\/02\/08\/tours-ouverture-du-39eme-comptoir-national-de-lor\/","name":"Tours: Ouverture du 39\u00e8me Comptoir National de l\u2019Or - Gold.fr","isPartOf":{"@id":"https:\/\/www.gold.fr\/news\/#website"},"primaryImageOfPage":{"@id":"https:\/\/www.gold.fr\/news\/2012\/02\/08\/tours-ouverture-du-39eme-comptoir-national-de-lor\/#primaryimage"},"image":{"@id":"https:\/\/www.gold.fr\/news\/2012\/02\/08\/tours-ouverture-du-39eme-comptoir-national-de-lor\/#primaryimage"},"thumbnailUrl":"https:\/\/www.gold.fr\/news\/wp-content\/uploads\/2011\/12\/Comptoir-national-de-lor-d-e1323099990877.jpg","datePublished":"2012-02-08T08:00:28+00:00","dateModified":"2020-06-26T09:25:32+00:00","author":{"@id":"https:\/\/www.gold.fr\/news\/#\/schema\/person\/070491b4b4fb7671bf59b3be20302ce9"},"description":"Nous vous annoncions il y a deux semaines l'ouverture prochaine d'une agence d'achat et vente d'or \u00e0 Tours Achat, Vente Lingot, Pi\u00e8ces Or","breadcrumb":{"@id":"https:\/\/www.gold.fr\/news\/2012\/02\/08\/tours-ouverture-du-39eme-comptoir-national-de-lor\/#breadcrumb"},"inLanguage":"fr-FR","potentialAction":[{"@type":"ReadAction","target":["https:\/\/www.gold.fr\/news\/2012\/02\/08\/tours-ouverture-du-39eme-comptoir-national-de-lor\/"]}]},{"@type":"ImageObject","inLanguage":"fr-FR","@id":"https:\/\/www.gold.fr\/news\/2012\/02\/08\/tours-ouverture-du-39eme-comptoir-national-de-lor\/#primaryimage","url":"https:\/\/www.gold.fr\/news\/wp-content\/uploads\/2011\/12\/Comptoir-national-de-lor-d-e1323099990877.jpg","contentUrl":"https:\/\/www.gold.fr\/news\/wp-content\/uploads\/2011\/12\/Comptoir-national-de-lor-d-e1323099990877.jpg","width":"625","height":"404","caption":"Comptoir-national-de-l'or"},{"@type":"BreadcrumbList","@id":"https:\/\/www.gold.fr\/news\/2012\/02\/08\/tours-ouverture-du-39eme-comptoir-national-de-lor\/#breadcrumb","itemListElement":[{"@type":"ListItem","position":1,"name":"Accueil","item":"https:\/\/www.gold.fr\/"},{"@type":"ListItem","position":2,"name":"Actualit\u00e9s","item":"https:\/\/www.gold.fr\/news\/"},{"@type":"ListItem","position":3,"name":"Tours: Ouverture du 39\u00e8me Comptoir National de l\u2019Or"}]},{"@type":"WebSite","@id":"https:\/\/www.gold.fr\/news\/#website","url":"https:\/\/www.gold.fr\/news\/","name":"Gold.fr","description":"Actualit\u00e9s de l&#039;Or et des m\u00e9taux pr\u00e9cieux","potentialAction":[{"@type":"SearchAction","target":{"@type":"EntryPoint","urlTemplate":"https:\/\/www.gold.fr\/news\/?s={search_term_string}"},"query-input":{"@type":"PropertyValueSpecification","valueRequired":true,"valueName":"search_term_string"}}],"inLanguage":"fr-FR"},{"@type":"Person","@id":"https:\/\/www.gold.fr\/news\/#\/schema\/person\/070491b4b4fb7671bf59b3be20302ce9","name":"Comptoir National de l'Or","image":{"@type":"ImageObject","inLanguage":"fr-FR","@id":"https:\/\/secure.gravatar.com\/avatar\/0a2867fd5abe37bed95d5a65e9d58f01756e11efc68af9888dfc50cfa7f65948?s=96&d=mm&r=gb490554db0a38188709de567aa58480d","url":"https:\/\/secure.gravatar.com\/avatar\/0a2867fd5abe37bed95d5a65e9d58f01756e11efc68af9888dfc50cfa7f65948?s=96&d=mm&r=g","contentUrl":"https:\/\/secure.gravatar.com\/avatar\/0a2867fd5abe37bed95d5a65e9d58f01756e11efc68af9888dfc50cfa7f65948?s=96&d=mm&r=g","caption":"Comptoir National de l'Or"},"description":"Notre r\u00e9daction est constitu\u00e9e de membres experts dans les m\u00e9tiers de l'\u00e9conomie et la gestion, des Responsables d'agence Comptoir National de l'Or, des analystes financiers qui publient r\u00e9guli\u00e8rement des \u00e9tudes sur les politiques des banques centrales, le cours de l'or, prix de l'or, cours de l'argent, prix de l'argent, cours du platine, cours du palladium,... la situation en zone euro et l'impact de la strat\u00e9gie mon\u00e9taire de la FED. Notre \u00e9quipe scrute \u00e9galement une information plus g\u00e9n\u00e9raliste \u00e0 la recherche d'actualit\u00e9 \"p\u00e9pite\" \u00e0 vous partager. Depuis 5 ans, nous avons publi\u00e9 un peu plus de 4000 articles qui s'adressent \u00e0 un public large et vari\u00e9 ayant pour objectif de satisfaire votre curiosit\u00e9 et de partager avec vous une certaine fascination pour le m\u00e9tal jaune, le rachat d'or, et pour ceux qui veulent investir dans l'or, vendre leur or tout simplement en savoir plus... Pour tous vos achat or et argent, n'h\u00e9sitez pas \u00e0 prendre rendez-vous dans l'un de nos nombreux comptoirs.","sameAs":["https:\/\/www.gold.fr"]}]}},"authors":[{"term_id":2565,"user_id":18,"is_guest":0,"slug":"julie","display_name":"Comptoir National de l'Or","avatar_url":"https:\/\/secure.gravatar.com\/avatar\/713f289e398d35ead876c4a4cc08607f0d6d266058cfc25683fffb6092d0e572?s=96&d=mm&r=g","0":null,"1":"","2":"","3":"","4":"","5":"","6":"","7":"","8":""}],"_links":{"self":[{"href":"https:\/\/www.gold.fr\/news\/wp-json\/wp\/v2\/posts\/5173","targetHints":{"allow":["GET"]}}],"collection":[{"href":"https:\/\/www.gold.fr\/news\/wp-json\/wp\/v2\/posts"}],"about":[{"href":"https:\/\/www.gold.fr\/news\/wp-json\/wp\/v2\/types\/post"}],"author":[{"embeddable":true,"href":"https:\/\/www.gold.fr\/news\/wp-json\/wp\/v2\/users\/18"}],"replies":[{"embeddable":true,"href":"https:\/\/www.gold.fr\/news\/wp-json\/wp\/v2\/comments?post=5173"}],"version-history":[{"count":0,"href":"https:\/\/www.gold.fr\/news\/wp-json\/wp\/v2\/posts\/5173\/revisions"}],"wp:featuredmedia":[{"embeddable":true,"href":"https:\/\/www.gold.fr\/news\/wp-json\/wp\/v2\/media\/4217"}],"wp:attachment":[{"href":"https:\/\/www.gold.fr\/news\/wp-json\/wp\/v2\/media?parent=5173"}],"wp:term":[{"taxonomy":"category","embeddable":true,"href":"https:\/\/www.gold.fr\/news\/wp-json\/wp\/v2\/categories?post=5173"},{"taxonomy":"post_tag","embeddable":true,"href":"https:\/\/www.gold.fr\/news\/wp-json\/wp\/v2\/tags?post=5173"},{"taxonomy":"author","embeddable":true,"href":"https:\/\/www.gold.fr\/news\/wp-json\/wp\/v2\/ppma_author?post=5173"}],"curies":[{"name":"wp","href":"https:\/\/api.w.org\/{rel}","templated":true}]}}