{"id":51581,"date":"2026-09-03T15:05:01","date_gmt":"2026-09-03T13:05:01","guid":{"rendered":"https:\/\/www.gold.fr\/news\/?p=51581"},"modified":"2026-09-03T16:50:44","modified_gmt":"2026-09-03T14:50:44","slug":"cours-de-lor-retour-des-investisseurs-en-aout","status":"publish","type":"post","link":"https:\/\/www.gold.fr\/news\/2026\/09\/03\/cours-de-lor-retour-des-investisseurs-en-aout\/","title":{"rendered":"Cours de l\u2019or : retour des investisseurs en ao\u00fbt"},"content":{"rendered":"<p>Apr\u00e8s plusieurs mois d\u2019h\u00e9sitation, l\u2019or a rebondi de 9% en ao\u00fbt, creusant l\u2019\u00e9cart avec les march\u00e9s actions. Retour des investisseurs via les ETF, achats records de la banque centrale chinoise, tensions sur la dette am\u00e9ricaine : plusieurs facteurs ont soutenu le m\u00e9tal jaune. D\u00e9couvrez l\u2019analyse compl\u00e8te de notre rapport mensuel.<\/p>\n<h2><strong>Ce qu\u2019il faut retenir<\/strong><\/h2>\n<ul>\n<li>+9% en Aout<\/li>\n<li>Les tensions sur le march\u00e9 obligataire soutiennent le cours de l\u2019or<\/li>\n<li>La demande financi\u00e8re repart<\/li>\n<li>La chine acc\u00e9l\u00e8re ses achats d\u2019or<\/li>\n<\/ul>\n<p>&nbsp;<\/p>\n<h2><strong>L\u2019or gagne 9 % en ao\u00fbt<\/strong><\/h2>\n<p>Apr\u00e8s plusieurs mois d\u2019h\u00e9sitation, <strong><a href=\"https:\/\/www.gold.fr\/cours-or-prix-de-l-or\/\">le cours de l\u2019or<\/a> est nettement reparti \u00e0 la hausse en ao\u00fbt<\/strong>, progressant de <strong>9 % en euros <\/strong>(+10,5 % en dollars). <a href=\"https:\/\/www.gold.fr\/once-dor\/\">L\u2019once<\/a> termine ainsi le mois \u00e0 <strong>3 829 euros<\/strong> <strong>(4 449 dollars). <\/strong>Cette performance contraste fortement avec celle des march\u00e9s actions : <strong>le CAC 40 a recul\u00e9 de 2,1 % sur la m\u00eame p\u00e9riode<\/strong>, soit un diff\u00e9rentiel de plus de 11 points en faveur de l\u2019or en Aout.<\/p>\n<p>Depuis le d\u00e9but de l\u2019ann\u00e9e, le m\u00e9tal jaune affiche d\u00e9sormais une <strong>progression de 4,3 % en euros<\/strong> (3,3 % en dollars).<\/p>\n<p><a href=\"https:\/\/www.gold.fr\/news\/wp-content\/uploads\/2026\/09\/cours-de-l-or-aout-2026.svg\"><img decoding=\"async\" class=\"alignnone size-full wp-image-51584\" src=\"https:\/\/www.gold.fr\/news\/wp-content\/uploads\/2026\/09\/cours-de-l-or-aout-2026.svg\" alt=\"\" \/><\/a> <a href=\"https:\/\/www.gold.fr\/news\/wp-content\/uploads\/2026\/09\/cours-de-l-or-vs-actions-aout-2026.svg\"><img loading=\"lazy\" decoding=\"async\" class=\"alignnone size-medium wp-image-51585\" src=\"https:\/\/www.gold.fr\/news\/wp-content\/uploads\/2026\/09\/cours-de-l-or-vs-actions-aout-2026.svg\" alt=\"\" width=\"1\" height=\"1\" \/><\/a><\/p>\n<p><a href=\"https:\/\/www.gold.fr\/news\/wp-content\/uploads\/2026\/09\/cours-de-l-or-vs-actions-aout-2026.svg\"><img decoding=\"async\" class=\"alignnone size-full wp-image-51585\" src=\"https:\/\/www.gold.fr\/news\/wp-content\/uploads\/2026\/09\/cours-de-l-or-vs-actions-aout-2026.svg\" alt=\"\" \/><\/a><\/p>\n<p>Dans la premi\u00e8re moiti\u00e9 du mois d\u2019ao\u00fbt, le <a href=\"https:\/\/www.gold.fr\/cours-or-prix-de-l-or\/\">cours de l\u2019or<\/a> a \u00e9t\u00e9 soutenu par des statistiques \u00e9conomiques am\u00e9ricaines en demi-teinte, qui sont venues calmer les anticipations de hausse des taux de la Fed. Les inqui\u00e9tudes entourant la dette publique am\u00e9ricaine et les tensions sur les maturit\u00e9s longues ont renforc\u00e9 l\u2019attrait du m\u00e9tal jaune comme actif de diversification au cours de la 3<sup>\u00e8me<\/sup> semaine. <strong>La tendance s\u2019est toutefois brutalement invers\u00e9e en fin de mois<\/strong> avec le discours plus restrictif de Kevin Warsh \u00e0 Jackson Hole qui a raviv\u00e9 les anticipations de hausse des taux, provoquant un rebond du dollar et une correction de l\u2019or.<\/p>\n<p>&nbsp;<\/p>\n<h2><strong>Les tensions sur le march\u00e9 obligataire am\u00e9ricain renforcent l\u2019attrait de l\u2019or<\/strong><\/h2>\n<p>Le 19 ao\u00fbt, le secr\u00e9taire au Tr\u00e9sor Scott Bessent a annonc\u00e9 le doublement des rachats de bons du tr\u00e9sor de maturit\u00e9 longue. Cette d\u00e9cision intervient apr\u00e8s que le rendement du Bons du tr\u00e9sor \u00e0 30 ans a atteint<strong> 5,34 %, son plus haut niveau depuis 2007<\/strong>, dans un contexte o\u00f9 la dette publique am\u00e9ricaine approche les 40 000 milliards de dollars.<\/p>\n<p>L&rsquo;annonce a imm\u00e9diatement fait baisser le taux \u00e0 30 ans d&rsquo;environ 10 points de base, mais l&rsquo;effet s&rsquo;est rapidement estomp\u00e9. L&rsquo;intervention du Tr\u00e9sor alimente la crainte que les autorit\u00e9s cherchent d\u00e9sormais \u00e0 contenir artificiellement les taux d\u2019int\u00e9r\u00eat \u00e0 long terme. Certains y voient un tr\u00e8s mauvais signal.<\/p>\n<p>Cette situation est favorable \u00e0 l\u2019or : elle fragilise l\u2019attrait des obligations souveraines comme valeur refuge et renforce l\u2019int\u00e9r\u00eat pour un actif qui, contrairement aux bons du tr\u00e9sor, ne d\u00e9pend ni de la solvabilit\u00e9 d\u2019un \u00c9tat ni de sa politique mon\u00e9taire, ni des interventions politiques.<\/p>\n<p>&nbsp;<\/p>\n<h2><strong>La demande financi\u00e8re repart<\/strong><\/h2>\n<p>Apr\u00e8s plusieurs mois de d\u00e9collecte, les fonds adoss\u00e9s \u00e0 l\u2019or ont enregistr\u00e9 un retour des capitaux en juillet et en ao\u00fbt. Apr\u00e8s avoir achet\u00e9 23 tonnes d\u2019or en juillet, <strong>ces fonds ont acquis plus de 45 tonnes de m\u00e9tal jaune sur la seule troisi\u00e8me semaine d\u2019ao\u00fbt<\/strong> (derniers chiffres disponibles), soit le rythme hebdomadaire le plus \u00e9lev\u00e9 depuis janvier. La demande des investisseurs financiers, qui avait constitu\u00e9 un vent contraire pour <a href=\"https:\/\/www.gold.fr\/cours-or-prix-de-l-or\/\">le cours de l\u2019or<\/a> ces derniers mois, est ainsi redevenue un facteur de soutien.<\/p>\n<p>Le retour des investisseurs institutionnels vers l\u2019or est \u00e9galement visible dans les allocations de certains grands fonds en ETF. <strong>Harvard Management Company, qui g\u00e8re le fonds de dotation de l\u2019universit\u00e9 am\u00e9ricaine, d\u00e9tenait ainsi environ 171 millions de dollars d\u2019ETF adoss\u00e9s \u00e0 l\u2019or \u00e0 fin juin<\/strong>, selon sa derni\u00e8re d\u00e9claration aupr\u00e8s de la SEC.<\/p>\n<p>&nbsp;<\/p>\n<h2><strong>La Chine acc\u00e9l\u00e8re ses achats d\u2019or <\/strong><\/h2>\n<p>La banque centrale chinoise a ajout\u00e9 20 tonnes d\u2019or \u00e0 ses r\u00e9serves en juillet, <strong>son achat mensuel le plus important depuis octobre 2023<\/strong>. Ses r\u00e9serves atteignent d\u00e9sormais 2 366 tonnes, soit environ 8 % de ses r\u00e9serves de change.<\/p>\n<p>Surtout, <strong>P\u00e9kin ach\u00e8te d\u00e9sormais de l\u2019or depuis 21 mois cons\u00e9cutifs<\/strong>, la plus longue s\u00e9quence jamais enregistr\u00e9e par la banque centrale. Cette accumulation r\u00e9guli\u00e8re illustre la volont\u00e9 chinoise de poursuivre la diversification de ses r\u00e9serves, encore tr\u00e8s largement constitu\u00e9es d\u2019actifs libell\u00e9s en dollars.<\/p>\n<p>Ces achats accompagnent plus largement la mont\u00e9e en puissance du pays sur le march\u00e9 mondial de l\u2019or, tant du c\u00f4t\u00e9 de la demande que des infrastructures de n\u00e9goce et de stockage. La Chine cherche \u00e0 renforcer le r\u00f4le de Shanghai dans le commerce international de l\u2019or, tandis que Hong Kong d\u00e9veloppe ses capacit\u00e9s de stockage et ses infrastructures de n\u00e9goce.<\/p>\n<p>&nbsp;<\/p>\n<h2><strong>Les autres infos<\/strong><\/h2>\n<ul>\n<li>La banque centrale des Pays -Bas a transf\u00e9r\u00e9 86 tonnes d\u2019or de New York vers Londres entre mars et ao\u00fbt, afin de mieux r\u00e9partir ses avoirs et profiter de la meilleure liquidit\u00e9 offerte par la place anglaise.<\/li>\n<li>En Russie, le vice-ministre des Finances Alexe\u00ef Moiseev <strong>a d\u00e9clar\u00e9 que l\u2019or pourrait progressivement remplacer les devises \u00e9trang\u00e8res comme instrument d\u2019\u00e9pargne<\/strong>, une \u00e9volution qui pourrait selon lui g\u00e9n\u00e9rer une hausse importante de la demande<\/li>\n<li>Barrick et Newmont ont r\u00e9gl\u00e9 leur diff\u00e9rend autour de Nevada Gold Mines : Newmont versera 1,95 Md$ \u00e0 Barrick dans le cadre d\u2019un accord portant sur un ensemble de pr\u00e8s de 100 millions d\u2019onces de ressources aurif\u00e8res.<\/li>\n<li>En Belgique, un \u00e9tudiant de 18 ans travaillant sur un chantier a d\u00e9couvert dans la cave d\u2019une ancienne demeure un tr\u00e9sor compos\u00e9 de <a href=\"https:\/\/www.gold.fr\/achat-piece-or\/\">pi\u00e8ces<\/a>, p\u00e9pites et <a href=\"https:\/\/www.gold.fr\/achat-lingot-or\/\">lingots d\u2019or<\/a> estim\u00e9 \u00e0 9 M\u20ac. L\u2019origine et la propri\u00e9t\u00e9 du tr\u00e9sor font d\u00e9sormais l\u2019objet d\u2019investigations<\/li>\n<\/ul>\n<p>&nbsp;<\/p>\n<p><em><u>Avertissement<\/u><\/em><em>\u00a0:<\/em><\/p>\n<p><em>Le cours de l\u2019or peut varier significativement \u00e0 la hausse ou \u00e0 la baisse. Les informations contenues dans ce document ne constituent pas une recommandation d\u2019investissement et le lecteur est invit\u00e9 \u00e0 prendre conseil aupr\u00e8s de professionnels pour la gestion de son \u00e9pargne.<\/em><\/p>\n<!-- AddThis Advanced Settings generic via filter on the_content --><!-- AddThis Share Buttons generic via filter on the_content -->","protected":false},"excerpt":{"rendered":"<p>Apr\u00e8s plusieurs mois d\u2019h\u00e9sitation, l\u2019or a rebondi de 9% en ao\u00fbt, creusant l\u2019\u00e9cart avec les march\u00e9s actions. Retour des investisseurs via les ETF, achats records de la banque centrale chinoise, tensions sur la dette am\u00e9ricaine : [&hellip;]<\/p>\n","protected":false},"author":22,"featured_media":51587,"comment_status":"closed","ping_status":"closed","sticky":false,"template":"","format":"standard","meta":{"_mbp_gutenberg_autopost":false,"_pgmb_is_evergreen":false,"_pgmb_ap_template_id":0,"footnotes":""},"categories":[4,2558],"tags":[],"ppma_author":[2564],"class_list":["post-51581","post","type-post","status-publish","format-standard","has-post-thumbnail","hentry","category-analyses-economiques","category-news"],"yoast_head":"<!-- This site is optimized with the Yoast SEO plugin v28.3 - https:\/\/yoast.com\/product\/yoast-seo-wordpress\/ -->\n<title>Cours de l\u2019or : retour des investisseurs en ao\u00fbt - Gold.fr<\/title>\n<meta name=\"description\" content=\"L\u2019or progresse de 9 % en ao\u00fbt. Retour des ETF, achats massifs de la Chine et tensions sur la dette am\u00e9ricaine soutiennent le march\u00e9.\" \/>\n<meta name=\"robots\" content=\"index, follow, max-snippet:-1, max-image-preview:large, max-video-preview:-1\" \/>\n<link rel=\"canonical\" href=\"https:\/\/www.gold.fr\/news\/2026\/09\/03\/cours-de-lor-retour-des-investisseurs-en-aout\/\" \/>\n<meta property=\"og:locale\" content=\"fr_FR\" \/>\n<meta property=\"og:type\" content=\"article\" \/>\n<meta property=\"og:title\" content=\"Cours de l\u2019or : retour des investisseurs en ao\u00fbt - Gold.fr\" \/>\n<meta property=\"og:description\" content=\"L\u2019or progresse de 9 % en ao\u00fbt. Retour des ETF, achats massifs de la Chine et tensions sur la dette am\u00e9ricaine soutiennent le march\u00e9.\" \/>\n<meta property=\"og:url\" content=\"https:\/\/www.gold.fr\/news\/2026\/09\/03\/cours-de-lor-retour-des-investisseurs-en-aout\/\" \/>\n<meta property=\"og:site_name\" content=\"Gold.fr\" \/>\n<meta property=\"article:publisher\" content=\"https:\/\/www.facebook.com\/Goldfr\/\" \/>\n<meta property=\"article:published_time\" content=\"2026-09-03T13:05:01+00:00\" \/>\n<meta property=\"article:modified_time\" content=\"2026-09-03T14:50:44+00:00\" \/>\n<meta property=\"og:image\" content=\"https:\/\/www.gold.fr\/news\/wp-content\/uploads\/2026\/09\/Rapport-mensuel-banniere-article-5.png\" \/>\n\t<meta property=\"og:image:width\" content=\"1472\" \/>\n\t<meta property=\"og:image:height\" content=\"832\" \/>\n\t<meta property=\"og:image:type\" content=\"image\/png\" \/>\n<meta name=\"author\" content=\"Nicolas Compard\" \/>\n<meta name=\"twitter:card\" content=\"summary_large_image\" \/>\n<meta name=\"twitter:label1\" content=\"\u00c9crit par\" \/>\n\t<meta name=\"twitter:data1\" content=\"Nicolas Compard\" \/>\n\t<meta name=\"twitter:label2\" content=\"Dur\u00e9e de lecture estim\u00e9e\" \/>\n\t<meta name=\"twitter:data2\" content=\"6 minutes\" \/>\n<script type=\"application\/ld+json\" class=\"yoast-schema-graph\">{\"@context\":\"https:\\\/\\\/schema.org\",\"@graph\":[{\"@type\":\"Article\",\"@id\":\"https:\\\/\\\/www.gold.fr\\\/news\\\/2026\\\/09\\\/03\\\/cours-de-lor-retour-des-investisseurs-en-aout\\\/#article\",\"isPartOf\":{\"@id\":\"https:\\\/\\\/www.gold.fr\\\/news\\\/2026\\\/09\\\/03\\\/cours-de-lor-retour-des-investisseurs-en-aout\\\/\"},\"author\":{\"name\":\"Nicolas Compard\",\"@id\":\"https:\\\/\\\/www.gold.fr\\\/news\\\/#\\\/schema\\\/person\\\/7bc2aa35a3ca537d66aa518f3e6babc5\"},\"headline\":\"Cours de l\u2019or : retour des investisseurs en ao\u00fbt\",\"datePublished\":\"2026-09-03T13:05:01+00:00\",\"dateModified\":\"2026-09-03T14:50:44+00:00\",\"mainEntityOfPage\":{\"@id\":\"https:\\\/\\\/www.gold.fr\\\/news\\\/2026\\\/09\\\/03\\\/cours-de-lor-retour-des-investisseurs-en-aout\\\/\"},\"wordCount\":1050,\"image\":{\"@id\":\"https:\\\/\\\/www.gold.fr\\\/news\\\/2026\\\/09\\\/03\\\/cours-de-lor-retour-des-investisseurs-en-aout\\\/#primaryimage\"},\"thumbnailUrl\":\"https:\\\/\\\/www.gold.fr\\\/news\\\/wp-content\\\/uploads\\\/2026\\\/09\\\/Rapport-mensuel-banniere-article-5.png\",\"articleSection\":[\"Analyses Economiques\",\"News\"],\"inLanguage\":\"fr-FR\"},{\"@type\":\"WebPage\",\"@id\":\"https:\\\/\\\/www.gold.fr\\\/news\\\/2026\\\/09\\\/03\\\/cours-de-lor-retour-des-investisseurs-en-aout\\\/\",\"url\":\"https:\\\/\\\/www.gold.fr\\\/news\\\/2026\\\/09\\\/03\\\/cours-de-lor-retour-des-investisseurs-en-aout\\\/\",\"name\":\"Cours de l\u2019or : retour des investisseurs en ao\u00fbt - Gold.fr\",\"isPartOf\":{\"@id\":\"https:\\\/\\\/www.gold.fr\\\/news\\\/#website\"},\"primaryImageOfPage\":{\"@id\":\"https:\\\/\\\/www.gold.fr\\\/news\\\/2026\\\/09\\\/03\\\/cours-de-lor-retour-des-investisseurs-en-aout\\\/#primaryimage\"},\"image\":{\"@id\":\"https:\\\/\\\/www.gold.fr\\\/news\\\/2026\\\/09\\\/03\\\/cours-de-lor-retour-des-investisseurs-en-aout\\\/#primaryimage\"},\"thumbnailUrl\":\"https:\\\/\\\/www.gold.fr\\\/news\\\/wp-content\\\/uploads\\\/2026\\\/09\\\/Rapport-mensuel-banniere-article-5.png\",\"datePublished\":\"2026-09-03T13:05:01+00:00\",\"dateModified\":\"2026-09-03T14:50:44+00:00\",\"author\":{\"@id\":\"https:\\\/\\\/www.gold.fr\\\/news\\\/#\\\/schema\\\/person\\\/7bc2aa35a3ca537d66aa518f3e6babc5\"},\"description\":\"L\u2019or progresse de 9 % en ao\u00fbt. Retour des ETF, achats massifs de la Chine et tensions sur la dette am\u00e9ricaine soutiennent le march\u00e9.\",\"breadcrumb\":{\"@id\":\"https:\\\/\\\/www.gold.fr\\\/news\\\/2026\\\/09\\\/03\\\/cours-de-lor-retour-des-investisseurs-en-aout\\\/#breadcrumb\"},\"inLanguage\":\"fr-FR\",\"potentialAction\":[{\"@type\":\"ReadAction\",\"target\":[\"https:\\\/\\\/www.gold.fr\\\/news\\\/2026\\\/09\\\/03\\\/cours-de-lor-retour-des-investisseurs-en-aout\\\/\"]}]},{\"@type\":\"ImageObject\",\"inLanguage\":\"fr-FR\",\"@id\":\"https:\\\/\\\/www.gold.fr\\\/news\\\/2026\\\/09\\\/03\\\/cours-de-lor-retour-des-investisseurs-en-aout\\\/#primaryimage\",\"url\":\"https:\\\/\\\/www.gold.fr\\\/news\\\/wp-content\\\/uploads\\\/2026\\\/09\\\/Rapport-mensuel-banniere-article-5.png\",\"contentUrl\":\"https:\\\/\\\/www.gold.fr\\\/news\\\/wp-content\\\/uploads\\\/2026\\\/09\\\/Rapport-mensuel-banniere-article-5.png\",\"width\":1472,\"height\":832},{\"@type\":\"BreadcrumbList\",\"@id\":\"https:\\\/\\\/www.gold.fr\\\/news\\\/2026\\\/09\\\/03\\\/cours-de-lor-retour-des-investisseurs-en-aout\\\/#breadcrumb\",\"itemListElement\":[{\"@type\":\"ListItem\",\"position\":1,\"name\":\"Accueil\",\"item\":\"https:\\\/\\\/www.gold.fr\\\/\"},{\"@type\":\"ListItem\",\"position\":2,\"name\":\"Actualit\u00e9s\",\"item\":\"https:\\\/\\\/www.gold.fr\\\/news\\\/\"},{\"@type\":\"ListItem\",\"position\":3,\"name\":\"Cours de l\u2019or : retour des investisseurs en ao\u00fbt\"}]},{\"@type\":\"WebSite\",\"@id\":\"https:\\\/\\\/www.gold.fr\\\/news\\\/#website\",\"url\":\"https:\\\/\\\/www.gold.fr\\\/news\\\/\",\"name\":\"Gold.fr\",\"description\":\"Actualit\u00e9s de l&#039;Or et des m\u00e9taux pr\u00e9cieux\",\"potentialAction\":[{\"@type\":\"SearchAction\",\"target\":{\"@type\":\"EntryPoint\",\"urlTemplate\":\"https:\\\/\\\/www.gold.fr\\\/news\\\/?s={search_term_string}\"},\"query-input\":{\"@type\":\"PropertyValueSpecification\",\"valueRequired\":true,\"valueName\":\"search_term_string\"}}],\"inLanguage\":\"fr-FR\"},{\"@type\":\"Person\",\"@id\":\"https:\\\/\\\/www.gold.fr\\\/news\\\/#\\\/schema\\\/person\\\/7bc2aa35a3ca537d66aa518f3e6babc5\",\"name\":\"Nicolas Compard\",\"image\":{\"@type\":\"ImageObject\",\"inLanguage\":\"fr-FR\",\"@id\":\"https:\\\/\\\/secure.gravatar.com\\\/avatar\\\/b0b0f766f7445908ed9762f223d7c50c50d563bd2182972bcd07379667630a81?s=96&d=mm&r=g28902ed1f885fd292871a4e83767be95\",\"url\":\"https:\\\/\\\/secure.gravatar.com\\\/avatar\\\/b0b0f766f7445908ed9762f223d7c50c50d563bd2182972bcd07379667630a81?s=96&d=mm&r=g\",\"contentUrl\":\"https:\\\/\\\/secure.gravatar.com\\\/avatar\\\/b0b0f766f7445908ed9762f223d7c50c50d563bd2182972bcd07379667630a81?s=96&d=mm&r=g\",\"caption\":\"Nicolas Compard\"},\"description\":\"Nicolas Compard, (Chartered Financial Analyst) Au cours de sa carri\u00e8re, Nicolas a occup\u00e9 plusieurs fonctions cl\u00e9s aux sein d\u2019investisseurs institutionnels, notamment \u00e0 la Caisse de pension du CERN. Analyste, g\u00e9rant des risques et g\u00e9rant de portefeuille, il a notamment eu la responsabilit\u00e9 pendant 4 ans d\u2019un portefeuille de mati\u00e8res premi\u00e8res de plusieurs dizaines de millions d\u2019euros. Passionn\u00e9 d\u2019\u00e9conomie et de finance, il poursuit aujourd\u2019hui son travail d\u2019analyse de mani\u00e8re ind\u00e9pendante. Dipl\u00f4m\u00e9 de l\u2019Edhec, Nicolas est aussi d\u00e9tenteur du certificat de Chartered Financial Analyst\u00ae d\u00e9livr\u00e9e par le CFA Institute.\"}]}<\/script>\n<!-- \/ Yoast SEO plugin. -->","yoast_head_json":{"title":"Cours de l\u2019or : retour des investisseurs en ao\u00fbt - Gold.fr","description":"L\u2019or progresse de 9 % en ao\u00fbt. Retour des ETF, achats massifs de la Chine et tensions sur la dette am\u00e9ricaine soutiennent le march\u00e9.","robots":{"index":"index","follow":"follow","max-snippet":"max-snippet:-1","max-image-preview":"max-image-preview:large","max-video-preview":"max-video-preview:-1"},"canonical":"https:\/\/www.gold.fr\/news\/2026\/09\/03\/cours-de-lor-retour-des-investisseurs-en-aout\/","og_locale":"fr_FR","og_type":"article","og_title":"Cours de l\u2019or : retour des investisseurs en ao\u00fbt - Gold.fr","og_description":"L\u2019or progresse de 9 % en ao\u00fbt. Retour des ETF, achats massifs de la Chine et tensions sur la dette am\u00e9ricaine soutiennent le march\u00e9.","og_url":"https:\/\/www.gold.fr\/news\/2026\/09\/03\/cours-de-lor-retour-des-investisseurs-en-aout\/","og_site_name":"Gold.fr","article_publisher":"https:\/\/www.facebook.com\/Goldfr\/","article_published_time":"2026-09-03T13:05:01+00:00","article_modified_time":"2026-09-03T14:50:44+00:00","og_image":[{"width":1472,"height":832,"url":"https:\/\/www.gold.fr\/news\/wp-content\/uploads\/2026\/09\/Rapport-mensuel-banniere-article-5.png","type":"image\/png"}],"author":"Nicolas Compard","twitter_card":"summary_large_image","twitter_misc":{"\u00c9crit par":"Nicolas Compard","Dur\u00e9e de lecture estim\u00e9e":"6 minutes"},"schema":{"@context":"https:\/\/schema.org","@graph":[{"@type":"Article","@id":"https:\/\/www.gold.fr\/news\/2026\/09\/03\/cours-de-lor-retour-des-investisseurs-en-aout\/#article","isPartOf":{"@id":"https:\/\/www.gold.fr\/news\/2026\/09\/03\/cours-de-lor-retour-des-investisseurs-en-aout\/"},"author":{"name":"Nicolas Compard","@id":"https:\/\/www.gold.fr\/news\/#\/schema\/person\/7bc2aa35a3ca537d66aa518f3e6babc5"},"headline":"Cours de l\u2019or : retour des investisseurs en ao\u00fbt","datePublished":"2026-09-03T13:05:01+00:00","dateModified":"2026-09-03T14:50:44+00:00","mainEntityOfPage":{"@id":"https:\/\/www.gold.fr\/news\/2026\/09\/03\/cours-de-lor-retour-des-investisseurs-en-aout\/"},"wordCount":1050,"image":{"@id":"https:\/\/www.gold.fr\/news\/2026\/09\/03\/cours-de-lor-retour-des-investisseurs-en-aout\/#primaryimage"},"thumbnailUrl":"https:\/\/www.gold.fr\/news\/wp-content\/uploads\/2026\/09\/Rapport-mensuel-banniere-article-5.png","articleSection":["Analyses Economiques","News"],"inLanguage":"fr-FR"},{"@type":"WebPage","@id":"https:\/\/www.gold.fr\/news\/2026\/09\/03\/cours-de-lor-retour-des-investisseurs-en-aout\/","url":"https:\/\/www.gold.fr\/news\/2026\/09\/03\/cours-de-lor-retour-des-investisseurs-en-aout\/","name":"Cours de l\u2019or : retour des investisseurs en ao\u00fbt - Gold.fr","isPartOf":{"@id":"https:\/\/www.gold.fr\/news\/#website"},"primaryImageOfPage":{"@id":"https:\/\/www.gold.fr\/news\/2026\/09\/03\/cours-de-lor-retour-des-investisseurs-en-aout\/#primaryimage"},"image":{"@id":"https:\/\/www.gold.fr\/news\/2026\/09\/03\/cours-de-lor-retour-des-investisseurs-en-aout\/#primaryimage"},"thumbnailUrl":"https:\/\/www.gold.fr\/news\/wp-content\/uploads\/2026\/09\/Rapport-mensuel-banniere-article-5.png","datePublished":"2026-09-03T13:05:01+00:00","dateModified":"2026-09-03T14:50:44+00:00","author":{"@id":"https:\/\/www.gold.fr\/news\/#\/schema\/person\/7bc2aa35a3ca537d66aa518f3e6babc5"},"description":"L\u2019or progresse de 9 % en ao\u00fbt. Retour des ETF, achats massifs de la Chine et tensions sur la dette am\u00e9ricaine soutiennent le march\u00e9.","breadcrumb":{"@id":"https:\/\/www.gold.fr\/news\/2026\/09\/03\/cours-de-lor-retour-des-investisseurs-en-aout\/#breadcrumb"},"inLanguage":"fr-FR","potentialAction":[{"@type":"ReadAction","target":["https:\/\/www.gold.fr\/news\/2026\/09\/03\/cours-de-lor-retour-des-investisseurs-en-aout\/"]}]},{"@type":"ImageObject","inLanguage":"fr-FR","@id":"https:\/\/www.gold.fr\/news\/2026\/09\/03\/cours-de-lor-retour-des-investisseurs-en-aout\/#primaryimage","url":"https:\/\/www.gold.fr\/news\/wp-content\/uploads\/2026\/09\/Rapport-mensuel-banniere-article-5.png","contentUrl":"https:\/\/www.gold.fr\/news\/wp-content\/uploads\/2026\/09\/Rapport-mensuel-banniere-article-5.png","width":1472,"height":832},{"@type":"BreadcrumbList","@id":"https:\/\/www.gold.fr\/news\/2026\/09\/03\/cours-de-lor-retour-des-investisseurs-en-aout\/#breadcrumb","itemListElement":[{"@type":"ListItem","position":1,"name":"Accueil","item":"https:\/\/www.gold.fr\/"},{"@type":"ListItem","position":2,"name":"Actualit\u00e9s","item":"https:\/\/www.gold.fr\/news\/"},{"@type":"ListItem","position":3,"name":"Cours de l\u2019or : retour des investisseurs en ao\u00fbt"}]},{"@type":"WebSite","@id":"https:\/\/www.gold.fr\/news\/#website","url":"https:\/\/www.gold.fr\/news\/","name":"Gold.fr","description":"Actualit\u00e9s de l&#039;Or et des m\u00e9taux pr\u00e9cieux","potentialAction":[{"@type":"SearchAction","target":{"@type":"EntryPoint","urlTemplate":"https:\/\/www.gold.fr\/news\/?s={search_term_string}"},"query-input":{"@type":"PropertyValueSpecification","valueRequired":true,"valueName":"search_term_string"}}],"inLanguage":"fr-FR"},{"@type":"Person","@id":"https:\/\/www.gold.fr\/news\/#\/schema\/person\/7bc2aa35a3ca537d66aa518f3e6babc5","name":"Nicolas Compard","image":{"@type":"ImageObject","inLanguage":"fr-FR","@id":"https:\/\/secure.gravatar.com\/avatar\/b0b0f766f7445908ed9762f223d7c50c50d563bd2182972bcd07379667630a81?s=96&d=mm&r=g28902ed1f885fd292871a4e83767be95","url":"https:\/\/secure.gravatar.com\/avatar\/b0b0f766f7445908ed9762f223d7c50c50d563bd2182972bcd07379667630a81?s=96&d=mm&r=g","contentUrl":"https:\/\/secure.gravatar.com\/avatar\/b0b0f766f7445908ed9762f223d7c50c50d563bd2182972bcd07379667630a81?s=96&d=mm&r=g","caption":"Nicolas Compard"},"description":"Nicolas Compard, (Chartered Financial Analyst) Au cours de sa carri\u00e8re, Nicolas a occup\u00e9 plusieurs fonctions cl\u00e9s aux sein d\u2019investisseurs institutionnels, notamment \u00e0 la Caisse de pension du CERN. Analyste, g\u00e9rant des risques et g\u00e9rant de portefeuille, il a notamment eu la responsabilit\u00e9 pendant 4 ans d\u2019un portefeuille de mati\u00e8res premi\u00e8res de plusieurs dizaines de millions d\u2019euros. Passionn\u00e9 d\u2019\u00e9conomie et de finance, il poursuit aujourd\u2019hui son travail d\u2019analyse de mani\u00e8re ind\u00e9pendante. Dipl\u00f4m\u00e9 de l\u2019Edhec, Nicolas est aussi d\u00e9tenteur du certificat de Chartered Financial Analyst\u00ae d\u00e9livr\u00e9e par le CFA Institute."}]}},"authors":[{"term_id":2564,"user_id":22,"is_guest":0,"slug":"nicolas-c","display_name":"Nicolas Compard","avatar_url":"https:\/\/secure.gravatar.com\/avatar\/b0b0f766f7445908ed9762f223d7c50c50d563bd2182972bcd07379667630a81?s=96&d=mm&r=g","author_category":"","first_name":"Nicolas","last_name":"Compard","user_url":"","job_title":"","description":"Nicolas Compard, (Chartered Financial Analyst)\r\nAu cours de sa carri\u00e8re, Nicolas a occup\u00e9 plusieurs fonctions cl\u00e9s aux sein d\u2019investisseurs institutionnels, notamment \u00e0 la Caisse de pension du CERN. Analyste, g\u00e9rant des risques et g\u00e9rant de portefeuille, il a notamment eu la responsabilit\u00e9 pendant 4 ans d\u2019un portefeuille de mati\u00e8res premi\u00e8res de plusieurs dizaines de millions d\u2019euros. Passionn\u00e9 d\u2019\u00e9conomie et de finance, il poursuit aujourd\u2019hui son travail d\u2019analyse de mani\u00e8re ind\u00e9pendante. Dipl\u00f4m\u00e9 de l\u2019Edhec, Nicolas est aussi d\u00e9tenteur du certificat de Chartered Financial Analyst\u00ae d\u00e9livr\u00e9e par le CFA Institute."}],"_links":{"self":[{"href":"https:\/\/www.gold.fr\/news\/wp-json\/wp\/v2\/posts\/51581","targetHints":{"allow":["GET"]}}],"collection":[{"href":"https:\/\/www.gold.fr\/news\/wp-json\/wp\/v2\/posts"}],"about":[{"href":"https:\/\/www.gold.fr\/news\/wp-json\/wp\/v2\/types\/post"}],"author":[{"embeddable":true,"href":"https:\/\/www.gold.fr\/news\/wp-json\/wp\/v2\/users\/22"}],"replies":[{"embeddable":true,"href":"https:\/\/www.gold.fr\/news\/wp-json\/wp\/v2\/comments?post=51581"}],"version-history":[{"count":4,"href":"https:\/\/www.gold.fr\/news\/wp-json\/wp\/v2\/posts\/51581\/revisions"}],"predecessor-version":[{"id":51589,"href":"https:\/\/www.gold.fr\/news\/wp-json\/wp\/v2\/posts\/51581\/revisions\/51589"}],"wp:featuredmedia":[{"embeddable":true,"href":"https:\/\/www.gold.fr\/news\/wp-json\/wp\/v2\/media\/51587"}],"wp:attachment":[{"href":"https:\/\/www.gold.fr\/news\/wp-json\/wp\/v2\/media?parent=51581"}],"wp:term":[{"taxonomy":"category","embeddable":true,"href":"https:\/\/www.gold.fr\/news\/wp-json\/wp\/v2\/categories?post=51581"},{"taxonomy":"post_tag","embeddable":true,"href":"https:\/\/www.gold.fr\/news\/wp-json\/wp\/v2\/tags?post=51581"},{"taxonomy":"author","embeddable":true,"href":"https:\/\/www.gold.fr\/news\/wp-json\/wp\/v2\/ppma_author?post=51581"}],"curies":[{"name":"wp","href":"https:\/\/api.w.org\/{rel}","templated":true}]}}