{"id":51577,"date":"2026-09-03T12:31:11","date_gmt":"2026-09-03T10:31:11","guid":{"rendered":"https:\/\/www.gold.fr\/news\/?p=51577"},"modified":"2026-09-03T12:31:11","modified_gmt":"2026-09-03T10:31:11","slug":"or-des-pays-bas-laurent-schwartz-cite-par-lafp","status":"publish","type":"post","link":"https:\/\/www.gold.fr\/news\/2026\/09\/03\/or-des-pays-bas-laurent-schwartz-cite-par-lafp\/","title":{"rendered":"Or des Pays-Bas : Laurent Schwartz cit\u00e9 par l\u2019AFP"},"content":{"rendered":"<div class=\"flex max-w-full flex-col flex-grow\">\n<div class=\"min-h-8 text-message flex w-full flex-col items-end gap-2 whitespace-normal break-words text-start [.text-message+&amp;]:mt-5\" dir=\"auto\" data-message-author-role=\"assistant\" data-message-id=\"20d61891-48d8-470b-9ce9-c42a580adf2e\" data-message-model-slug=\"gpt-4o\">\n<div class=\"flex w-full flex-col gap-1 empty:hidden first:pt-[3px]\">\n<div class=\"markdown prose w-full break-words dark:prose-invert dark\">\n<p class=\"isSelectedEnd\">Le 2 septembre 2026, l\u2019AFP s\u2019est int\u00e9ress\u00e9e \u00e0 une d\u00e9cision marquante de la banque centrale n\u00e9erlandaise : le transfert de 86 tonnes d\u2019or stock\u00e9es aux \u00c9tats-Unis et au Canada vers Londres. Pr\u00e9sent\u00e9e comme une mesure de pr\u00e9paration face \u00e0 un contexte g\u00e9opolitique plus incertain, cette op\u00e9ration illustre l\u2019importance strat\u00e9gique des r\u00e9serves d\u2019or pour les banques centrales.<\/p>\n<p class=\"isSelectedEnd\">Interrog\u00e9 par l\u2019AFP, Laurent Schwartz, pr\u00e9sident du <a href=\"https:\/\/www.gold.fr\/\">Comptoir National de l\u2019Or<\/a>, replace ce mouvement dans une tendance plus large observ\u00e9e depuis plusieurs ann\u00e9es. Selon lui, de nombreuses banques centrales r\u00e9\u00e9valuent progressivement la localisation de leurs r\u00e9serves afin de privil\u00e9gier des places de stockage offrant davantage de flexibilit\u00e9 en cas de besoin.<\/p>\n<p class=\"isSelectedEnd\">Laurent Schwartz souligne notamment les atouts du march\u00e9 londonien, principal centre mondial du n\u00e9goce physique de l\u2019or. La profondeur et la liquidit\u00e9 de ce march\u00e9 permettent de mobiliser plus rapidement les r\u00e9serves, que ce soit pour les vendre ou pour les mettre \u00e0 disposition d\u2019\u00e9tablissements financiers.<\/p>\n<p>Si ce transfert reste pour l\u2019instant un cas relativement isol\u00e9, il t\u00e9moigne de l\u2019attention croissante port\u00e9e par les \u00c9tats \u00e0 la gestion et \u00e0 l\u2019accessibilit\u00e9 de leurs r\u00e9serves d\u2019or dans un environnement \u00e9conomique et g\u00e9opolitique en constante \u00e9volution.<\/p>\n<\/div>\n<\/div>\n<\/div>\n<\/div>\n<p><strong>Pour lire l&rsquo;article en entier, <a href=\"https:\/\/www.gold.fr\/news\/wp-content\/uploads\/2026\/09\/2026-09-02-AFP-AGENCE-FRANCE-PRESSE-ECONOMIQUE-02-septembre-2026-10000000072297014.pdf\">cliquez ici<\/a> !<\/strong><\/p>\n<p>&nbsp;<\/p>\n<a href=\"https:\/\/support.gold.fr\/presse-news\/livreblanc-investir-dans-l-or-gdn2025\" target=\"_blank\" class=\"goldCTA\">\n    <img decoding=\"async\" src=\"https:\/\/www.gold.fr\/news\/wp-content\/uploads\/2024\/09\/Couverture-LB-quel-budget-pour-investir-dans-lor.png\" alt=\"\" \/>    <div class=\"rightPart\">\n        <div class=\"content\">\n            <\/p>\n<h2><strong>Vous souhaitez investir dans l&rsquo;or ?\u00a0<\/strong><\/h2>\n<p>Vous h\u00e9sitez \u00e0 diversifier votre portefeuille ? Pourquoi ne pas investir dans l&rsquo;or ? Notre guide vous permettra d&rsquo;affiner votre r\u00e9flexion gr\u00e2ce \u00e0 des exemples de pi\u00e8ces et lingots d&rsquo;or que vous pourriez acqu\u00e9rir avec votre budget.<\/p>\n<p>        <\/div>\n                <span class=\"button\">Je souhaite investir dans l'or !<\/span>\n            <\/div>\n<\/a>\n<!-- AddThis Advanced Settings generic via filter on the_content --><!-- AddThis Share Buttons generic via filter on the_content -->","protected":false},"excerpt":{"rendered":"<p>Le 2 septembre 2026, l\u2019AFP s\u2019est int\u00e9ress\u00e9e \u00e0 une d\u00e9cision marquante de la banque centrale n\u00e9erlandaise : le transfert de 86 tonnes d\u2019or stock\u00e9es aux \u00c9tats-Unis et au Canada vers Londres. Pr\u00e9sent\u00e9e comme une mesure de [&hellip;]<\/p>\n","protected":false},"author":48,"featured_media":51578,"comment_status":"closed","ping_status":"closed","sticky":false,"template":"","format":"standard","meta":{"_mbp_gutenberg_autopost":false,"_pgmb_is_evergreen":false,"_pgmb_ap_template_id":0,"footnotes":""},"categories":[6,2414],"tags":[],"ppma_author":[2563],"class_list":["post-51577","post","type-post","status-publish","format-standard","has-post-thumbnail","hentry","category-articles-de-presse","category-cndo-dans-la-presse"],"yoast_head":"<!-- This site is optimized with the Yoast SEO plugin v28.3 - https:\/\/yoast.com\/product\/yoast-seo-wordpress\/ -->\n<title>Or des Pays-Bas : Laurent Schwartz cit\u00e9 par l\u2019AFP - Gold.fr<\/title>\n<meta name=\"description\" content=\"Analyse du cours de l\u2019or 2025-2026 par Laurent Schwartz : performance record et attractivit\u00e9 face aux tensions g\u00e9opolitiques.\" \/>\n<meta name=\"robots\" content=\"index, follow, max-snippet:-1, max-image-preview:large, max-video-preview:-1\" \/>\n<link rel=\"canonical\" href=\"https:\/\/www.gold.fr\/news\/?p=51577\" \/>\n<meta property=\"og:locale\" content=\"fr_FR\" \/>\n<meta property=\"og:type\" content=\"article\" \/>\n<meta property=\"og:title\" content=\"Or des Pays-Bas : Laurent Schwartz cit\u00e9 par l\u2019AFP - Gold.fr\" \/>\n<meta property=\"og:description\" content=\"Analyse du cours de l\u2019or 2025-2026 par Laurent Schwartz : performance record et attractivit\u00e9 face aux tensions g\u00e9opolitiques.\" \/>\n<meta property=\"og:url\" content=\"https:\/\/www.gold.fr\/news\/?p=51577\" \/>\n<meta property=\"og:site_name\" content=\"Gold.fr\" \/>\n<meta property=\"article:publisher\" content=\"https:\/\/www.facebook.com\/Goldfr\/\" \/>\n<meta property=\"article:published_time\" content=\"2026-09-03T10:31:11+00:00\" \/>\n<meta property=\"og:image\" content=\"https:\/\/www.gold.fr\/news\/wp-content\/uploads\/2026\/08\/Miniature-article-paysage-4.png\" \/>\n\t<meta property=\"og:image:width\" content=\"1200\" \/>\n\t<meta property=\"og:image:height\" content=\"500\" \/>\n\t<meta property=\"og:image:type\" content=\"image\/png\" \/>\n<meta name=\"author\" content=\"Presse\" \/>\n<meta name=\"twitter:card\" content=\"summary_large_image\" \/>\n<meta name=\"twitter:label1\" content=\"\u00c9crit par\" \/>\n\t<meta name=\"twitter:data1\" content=\"Perrine Marchand\" \/>\n\t<meta name=\"twitter:label2\" content=\"Dur\u00e9e de lecture estim\u00e9e\" \/>\n\t<meta name=\"twitter:data2\" content=\"2 minutes\" \/>\n<script type=\"application\/ld+json\" class=\"yoast-schema-graph\">{\"@context\":\"https:\\\/\\\/schema.org\",\"@graph\":[{\"@type\":\"Article\",\"@id\":\"https:\\\/\\\/www.gold.fr\\\/news\\\/?p=51577#article\",\"isPartOf\":{\"@id\":\"https:\\\/\\\/www.gold.fr\\\/news\\\/?p=51577\"},\"author\":{\"name\":\"Perrine Marchand\",\"@id\":\"https:\\\/\\\/www.gold.fr\\\/news\\\/#\\\/schema\\\/person\\\/c5986cdf774abc12d26f151fe1eaccfd\"},\"headline\":\"Or des Pays-Bas : Laurent Schwartz cit\u00e9 par l\u2019AFP\",\"datePublished\":\"2026-09-03T10:31:11+00:00\",\"mainEntityOfPage\":{\"@id\":\"https:\\\/\\\/www.gold.fr\\\/news\\\/?p=51577\"},\"wordCount\":312,\"image\":{\"@id\":\"https:\\\/\\\/www.gold.fr\\\/news\\\/?p=51577#primaryimage\"},\"thumbnailUrl\":\"https:\\\/\\\/www.gold.fr\\\/news\\\/wp-content\\\/uploads\\\/2026\\\/09\\\/Miniature-article-paysage-5.png\",\"articleSection\":[\"Articles de presse\",\"CNDO dans la presse\"],\"inLanguage\":\"fr-FR\"},{\"@type\":\"WebPage\",\"@id\":\"https:\\\/\\\/www.gold.fr\\\/news\\\/?p=51577\",\"url\":\"https:\\\/\\\/www.gold.fr\\\/news\\\/?p=51577\",\"name\":\"Or des Pays-Bas : Laurent Schwartz cit\u00e9 par l\u2019AFP - Gold.fr\",\"isPartOf\":{\"@id\":\"https:\\\/\\\/www.gold.fr\\\/news\\\/#website\"},\"primaryImageOfPage\":{\"@id\":\"https:\\\/\\\/www.gold.fr\\\/news\\\/?p=51577#primaryimage\"},\"image\":{\"@id\":\"https:\\\/\\\/www.gold.fr\\\/news\\\/?p=51577#primaryimage\"},\"thumbnailUrl\":\"https:\\\/\\\/www.gold.fr\\\/news\\\/wp-content\\\/uploads\\\/2026\\\/09\\\/Miniature-article-paysage-5.png\",\"datePublished\":\"2026-09-03T10:31:11+00:00\",\"author\":{\"@id\":\"https:\\\/\\\/www.gold.fr\\\/news\\\/#\\\/schema\\\/person\\\/c5986cdf774abc12d26f151fe1eaccfd\"},\"description\":\"Analyse du cours de l\u2019or 2025-2026 par Laurent Schwartz : performance record et attractivit\u00e9 face aux tensions g\u00e9opolitiques.\",\"breadcrumb\":{\"@id\":\"https:\\\/\\\/www.gold.fr\\\/news\\\/?p=51577#breadcrumb\"},\"inLanguage\":\"fr-FR\",\"potentialAction\":[{\"@type\":\"ReadAction\",\"target\":[\"https:\\\/\\\/www.gold.fr\\\/news\\\/?p=51577\"]}]},{\"@type\":\"ImageObject\",\"inLanguage\":\"fr-FR\",\"@id\":\"https:\\\/\\\/www.gold.fr\\\/news\\\/?p=51577#primaryimage\",\"url\":\"https:\\\/\\\/www.gold.fr\\\/news\\\/wp-content\\\/uploads\\\/2026\\\/09\\\/Miniature-article-paysage-5.png\",\"contentUrl\":\"https:\\\/\\\/www.gold.fr\\\/news\\\/wp-content\\\/uploads\\\/2026\\\/09\\\/Miniature-article-paysage-5.png\",\"width\":1200,\"height\":500},{\"@type\":\"BreadcrumbList\",\"@id\":\"https:\\\/\\\/www.gold.fr\\\/news\\\/?p=51577#breadcrumb\",\"itemListElement\":[{\"@type\":\"ListItem\",\"position\":1,\"name\":\"Accueil\",\"item\":\"https:\\\/\\\/www.gold.fr\\\/\"},{\"@type\":\"ListItem\",\"position\":2,\"name\":\"Actualit\u00e9s\",\"item\":\"https:\\\/\\\/www.gold.fr\\\/news\\\/\"},{\"@type\":\"ListItem\",\"position\":3,\"name\":\"Or des Pays-Bas : Laurent Schwartz cit\u00e9 par l\u2019AFP\"}]},{\"@type\":\"WebSite\",\"@id\":\"https:\\\/\\\/www.gold.fr\\\/news\\\/#website\",\"url\":\"https:\\\/\\\/www.gold.fr\\\/news\\\/\",\"name\":\"Gold.fr\",\"description\":\"Actualit\u00e9s de l&#039;Or et des m\u00e9taux pr\u00e9cieux\",\"potentialAction\":[{\"@type\":\"SearchAction\",\"target\":{\"@type\":\"EntryPoint\",\"urlTemplate\":\"https:\\\/\\\/www.gold.fr\\\/news\\\/?s={search_term_string}\"},\"query-input\":{\"@type\":\"PropertyValueSpecification\",\"valueRequired\":true,\"valueName\":\"search_term_string\"}}],\"inLanguage\":\"fr-FR\"},{\"@type\":\"Person\",\"@id\":\"https:\\\/\\\/www.gold.fr\\\/news\\\/#\\\/schema\\\/person\\\/c5986cdf774abc12d26f151fe1eaccfd\",\"name\":\"Perrine Marchand\",\"image\":{\"@type\":\"ImageObject\",\"inLanguage\":\"fr-FR\",\"@id\":\"https:\\\/\\\/secure.gravatar.com\\\/avatar\\\/0b1bd2735df5442c2fef112ca6e35acc31ad4f0d9ea9677e79bd7d2630569a13?s=96&d=mm&r=g6422d01a376cb64ce164fe574c7d41a9\",\"url\":\"https:\\\/\\\/secure.gravatar.com\\\/avatar\\\/0b1bd2735df5442c2fef112ca6e35acc31ad4f0d9ea9677e79bd7d2630569a13?s=96&d=mm&r=g\",\"contentUrl\":\"https:\\\/\\\/secure.gravatar.com\\\/avatar\\\/0b1bd2735df5442c2fef112ca6e35acc31ad4f0d9ea9677e79bd7d2630569a13?s=96&d=mm&r=g\",\"caption\":\"Perrine Marchand\"}}]}<\/script>\n<!-- \/ Yoast SEO plugin. -->","yoast_head_json":{"title":"Or des Pays-Bas : Laurent Schwartz cit\u00e9 par l\u2019AFP - Gold.fr","description":"Analyse du cours de l\u2019or 2025-2026 par Laurent Schwartz : performance record et attractivit\u00e9 face aux tensions g\u00e9opolitiques.","robots":{"index":"index","follow":"follow","max-snippet":"max-snippet:-1","max-image-preview":"max-image-preview:large","max-video-preview":"max-video-preview:-1"},"canonical":"https:\/\/www.gold.fr\/news\/?p=51577","og_locale":"fr_FR","og_type":"article","og_title":"Or des Pays-Bas : Laurent Schwartz cit\u00e9 par l\u2019AFP - Gold.fr","og_description":"Analyse du cours de l\u2019or 2025-2026 par Laurent Schwartz : performance record et attractivit\u00e9 face aux tensions g\u00e9opolitiques.","og_url":"https:\/\/www.gold.fr\/news\/?p=51577","og_site_name":"Gold.fr","article_publisher":"https:\/\/www.facebook.com\/Goldfr\/","article_published_time":"2026-09-03T10:31:11+00:00","og_image":[{"width":1200,"height":500,"url":"https:\/\/www.gold.fr\/news\/wp-content\/uploads\/2026\/08\/Miniature-article-paysage-4.png","type":"image\/png"}],"author":"Presse","twitter_card":"summary_large_image","twitter_misc":{"\u00c9crit par":"Perrine Marchand","Dur\u00e9e de lecture estim\u00e9e":"2 minutes"},"schema":{"@context":"https:\/\/schema.org","@graph":[{"@type":"Article","@id":"https:\/\/www.gold.fr\/news\/?p=51577#article","isPartOf":{"@id":"https:\/\/www.gold.fr\/news\/?p=51577"},"author":{"name":"Perrine Marchand","@id":"https:\/\/www.gold.fr\/news\/#\/schema\/person\/c5986cdf774abc12d26f151fe1eaccfd"},"headline":"Or des Pays-Bas : Laurent Schwartz cit\u00e9 par l\u2019AFP","datePublished":"2026-09-03T10:31:11+00:00","mainEntityOfPage":{"@id":"https:\/\/www.gold.fr\/news\/?p=51577"},"wordCount":312,"image":{"@id":"https:\/\/www.gold.fr\/news\/?p=51577#primaryimage"},"thumbnailUrl":"https:\/\/www.gold.fr\/news\/wp-content\/uploads\/2026\/09\/Miniature-article-paysage-5.png","articleSection":["Articles de presse","CNDO dans la presse"],"inLanguage":"fr-FR"},{"@type":"WebPage","@id":"https:\/\/www.gold.fr\/news\/?p=51577","url":"https:\/\/www.gold.fr\/news\/?p=51577","name":"Or des Pays-Bas : Laurent Schwartz cit\u00e9 par l\u2019AFP - Gold.fr","isPartOf":{"@id":"https:\/\/www.gold.fr\/news\/#website"},"primaryImageOfPage":{"@id":"https:\/\/www.gold.fr\/news\/?p=51577#primaryimage"},"image":{"@id":"https:\/\/www.gold.fr\/news\/?p=51577#primaryimage"},"thumbnailUrl":"https:\/\/www.gold.fr\/news\/wp-content\/uploads\/2026\/09\/Miniature-article-paysage-5.png","datePublished":"2026-09-03T10:31:11+00:00","author":{"@id":"https:\/\/www.gold.fr\/news\/#\/schema\/person\/c5986cdf774abc12d26f151fe1eaccfd"},"description":"Analyse du cours de l\u2019or 2025-2026 par Laurent Schwartz : performance record et attractivit\u00e9 face aux tensions g\u00e9opolitiques.","breadcrumb":{"@id":"https:\/\/www.gold.fr\/news\/?p=51577#breadcrumb"},"inLanguage":"fr-FR","potentialAction":[{"@type":"ReadAction","target":["https:\/\/www.gold.fr\/news\/?p=51577"]}]},{"@type":"ImageObject","inLanguage":"fr-FR","@id":"https:\/\/www.gold.fr\/news\/?p=51577#primaryimage","url":"https:\/\/www.gold.fr\/news\/wp-content\/uploads\/2026\/09\/Miniature-article-paysage-5.png","contentUrl":"https:\/\/www.gold.fr\/news\/wp-content\/uploads\/2026\/09\/Miniature-article-paysage-5.png","width":1200,"height":500},{"@type":"BreadcrumbList","@id":"https:\/\/www.gold.fr\/news\/?p=51577#breadcrumb","itemListElement":[{"@type":"ListItem","position":1,"name":"Accueil","item":"https:\/\/www.gold.fr\/"},{"@type":"ListItem","position":2,"name":"Actualit\u00e9s","item":"https:\/\/www.gold.fr\/news\/"},{"@type":"ListItem","position":3,"name":"Or des Pays-Bas : Laurent Schwartz cit\u00e9 par l\u2019AFP"}]},{"@type":"WebSite","@id":"https:\/\/www.gold.fr\/news\/#website","url":"https:\/\/www.gold.fr\/news\/","name":"Gold.fr","description":"Actualit\u00e9s de l&#039;Or et des m\u00e9taux pr\u00e9cieux","potentialAction":[{"@type":"SearchAction","target":{"@type":"EntryPoint","urlTemplate":"https:\/\/www.gold.fr\/news\/?s={search_term_string}"},"query-input":{"@type":"PropertyValueSpecification","valueRequired":true,"valueName":"search_term_string"}}],"inLanguage":"fr-FR"},{"@type":"Person","@id":"https:\/\/www.gold.fr\/news\/#\/schema\/person\/c5986cdf774abc12d26f151fe1eaccfd","name":"Perrine Marchand","image":{"@type":"ImageObject","inLanguage":"fr-FR","@id":"https:\/\/secure.gravatar.com\/avatar\/0b1bd2735df5442c2fef112ca6e35acc31ad4f0d9ea9677e79bd7d2630569a13?s=96&d=mm&r=g6422d01a376cb64ce164fe574c7d41a9","url":"https:\/\/secure.gravatar.com\/avatar\/0b1bd2735df5442c2fef112ca6e35acc31ad4f0d9ea9677e79bd7d2630569a13?s=96&d=mm&r=g","contentUrl":"https:\/\/secure.gravatar.com\/avatar\/0b1bd2735df5442c2fef112ca6e35acc31ad4f0d9ea9677e79bd7d2630569a13?s=96&d=mm&r=g","caption":"Perrine Marchand"}}]}},"authors":[{"term_id":2563,"user_id":13,"is_guest":0,"slug":"on-parle-du-comptoir-national-de-lor-dans-la-press","display_name":"Presse","avatar_url":"https:\/\/secure.gravatar.com\/avatar\/392ef11d08663715e9f94a7c765916e46b5b0ce11b8ce82a6a96a9e60580030b?s=96&d=mm&r=g","author_category":"1","first_name":"La","last_name":"Presse","user_url":"https:\/\/www.gold.fr\/informations-sur-l-or\/","job_title":"","description":"Avec plus de\u00a0<strong>800 000 clients<\/strong>\u00a0qui nous ont fait confiance depuis notre cr\u00e9ation,\u00a0<a href=\"https:\/\/www.gold.fr\/a-propos\/\"><strong>Le Comptoir National de l'Or<\/strong><\/a>\u00a0est devenu un acteur majeur en France de la\u00a0<strong><a href=\"https:\/\/www.gold.fr\/achat-or\/\">vente<\/a> et du <a href=\"https:\/\/www.gold.fr\/vente-or\/\">rachat<\/a> de m\u00e9taux pr\u00e9cieux<\/strong>\u00a0(Or, Argent, Platine, Palladium). Le Comptoir National de l'Or compte aujourd'hui plus de\u00a0<a href=\"https:\/\/www.gold.fr\/comptoirs-achat-vente-or\/\"><strong>100 Comptoirs d'achat d'Or pr\u00e9sents partout en France<\/strong><\/a>."}],"_links":{"self":[{"href":"https:\/\/www.gold.fr\/news\/wp-json\/wp\/v2\/posts\/51577","targetHints":{"allow":["GET"]}}],"collection":[{"href":"https:\/\/www.gold.fr\/news\/wp-json\/wp\/v2\/posts"}],"about":[{"href":"https:\/\/www.gold.fr\/news\/wp-json\/wp\/v2\/types\/post"}],"author":[{"embeddable":true,"href":"https:\/\/www.gold.fr\/news\/wp-json\/wp\/v2\/users\/48"}],"replies":[{"embeddable":true,"href":"https:\/\/www.gold.fr\/news\/wp-json\/wp\/v2\/comments?post=51577"}],"version-history":[{"count":0,"href":"https:\/\/www.gold.fr\/news\/wp-json\/wp\/v2\/posts\/51577\/revisions"}],"wp:featuredmedia":[{"embeddable":true,"href":"https:\/\/www.gold.fr\/news\/wp-json\/wp\/v2\/media\/51578"}],"wp:attachment":[{"href":"https:\/\/www.gold.fr\/news\/wp-json\/wp\/v2\/media?parent=51577"}],"wp:term":[{"taxonomy":"category","embeddable":true,"href":"https:\/\/www.gold.fr\/news\/wp-json\/wp\/v2\/categories?post=51577"},{"taxonomy":"post_tag","embeddable":true,"href":"https:\/\/www.gold.fr\/news\/wp-json\/wp\/v2\/tags?post=51577"},{"taxonomy":"author","embeddable":true,"href":"https:\/\/www.gold.fr\/news\/wp-json\/wp\/v2\/ppma_author?post=51577"}],"curies":[{"name":"wp","href":"https:\/\/api.w.org\/{rel}","templated":true}]}}