{"id":50638,"date":"2026-01-03T17:00:58","date_gmt":"2026-01-03T16:00:58","guid":{"rendered":"https:\/\/www.gold.fr\/news\/?p=50638"},"modified":"2026-01-02T12:36:35","modified_gmt":"2026-01-02T11:36:35","slug":"quand-une-decision-politique-fait-vaciller-le-prix-dun-metal-precieux-en-quelques-minutes","status":"publish","type":"post","link":"https:\/\/www.gold.fr\/news\/2026\/01\/03\/quand-une-decision-politique-fait-vaciller-le-prix-dun-metal-precieux-en-quelques-minutes\/","title":{"rendered":"Quand une d\u00e9cision politique fait vaciller le prix d\u2019un m\u00e9tal pr\u00e9cieux en quelques minutes"},"content":{"rendered":"<p data-start=\"559\" data-end=\"912\">Sur les march\u00e9s des m\u00e9taux pr\u00e9cieux, certaines annonces suffisent \u00e0 provoquer des mouvements imm\u00e9diats. En quelques minutes, le prix de l\u2019or ou de l\u2019argent peut \u00e9voluer nettement, sans qu\u2019aucun \u00e9v\u00e9nement mat\u00e9riel n\u2019ait modifi\u00e9 l\u2019offre ou la demande. Ces r\u00e9actions sont directement li\u00e9es aux d\u00e9cisions et aux communications des grandes banques centrales.<\/p>\n<p data-start=\"914\" data-end=\"1026\">La R\u00e9serve f\u00e9d\u00e9rale am\u00e9ricaine et la Banque centrale europ\u00e9enne occupent une place centrale dans ces m\u00e9canismes.<\/p>\n<h2 data-start=\"1028\" data-end=\"1089\">Des march\u00e9s suspendus aux d\u00e9cisions de la Fed et de la BCE<\/h2>\n<p data-start=\"1091\" data-end=\"1367\">\u00c0 l\u2019approche d\u2019une d\u00e9cision de politique mon\u00e9taire, les cours de l\u2019or et de l\u2019argent entrent fr\u00e9quemment dans une phase d\u2019attentisme. Les investisseurs scrutent alors les annonces officielles, mais aussi le ton employ\u00e9, les projections \u00e9conomiques et les perspectives de taux.<\/p>\n<p data-start=\"1369\" data-end=\"1656\">Les d\u00e9cisions de la <a href=\"https:\/\/fr.wikipedia.org\/wiki\/R%C3%A9serve_f%C3%A9d%C3%A9rale_des_%C3%89tats-Unis\"><strong data-start=\"1389\" data-end=\"1430\"><span class=\"hover:entity-accent entity-underline inline cursor-pointer align-baseline\"><span class=\"whitespace-normal\">Federal Reserve<\/span><\/span><\/strong><\/a> influencent directement les anticipations de taux r\u00e9els et l\u2019\u00e9volution du dollar, deux param\u00e8tres d\u00e9terminants pour les m\u00e9taux pr\u00e9cieux. Une inflexion, m\u00eame mineure, dans le discours peut d\u00e9clencher des ajustements imm\u00e9diats.<\/p>\n<p data-start=\"1658\" data-end=\"1849\">La <a href=\"https:\/\/fr.wikipedia.org\/wiki\/Banque_centrale_europ%C3%A9enne\"><strong data-start=\"1661\" data-end=\"1702\"><span class=\"hover:entity-accent entity-underline inline cursor-pointer align-baseline\"><span class=\"whitespace-normal\">Banque centrale europ\u00e9enne<\/span><\/span><\/strong><\/a> joue un r\u00f4le comparable en zone euro, notamment via ses d\u00e9cisions de taux et ses indications sur l\u2019inflation et les conditions mon\u00e9taires futures.<\/p>\n<h2 data-start=\"1851\" data-end=\"1911\">Un exemple chiffr\u00e9 r\u00e9cent de r\u00e9action en quelques minutes<\/h2>\n<p data-start=\"1913\" data-end=\"2294\">Un \u00e9pisode illustre bien cette sensibilit\u00e9.<br data-start=\"1956\" data-end=\"1959\" \/>Le <strong data-start=\"1962\" data-end=\"1978\">20 mars 2024<\/strong>, \u00e0 l\u2019issue de la r\u00e9union de la R\u00e9serve f\u00e9d\u00e9rale am\u00e9ricaine, le prix de l\u2019or a recul\u00e9 de <strong data-start=\"2067\" data-end=\"2091\">plus d\u20191 % en s\u00e9ance<\/strong>, dont une large partie <strong data-start=\"2115\" data-end=\"2202\">dans les minutes suivant la publication du communiqu\u00e9 et de la conf\u00e9rence de presse<\/strong>, les march\u00e9s r\u00e9\u00e9valuant les perspectives de taux apr\u00e8s les nouvelles projections de la Fed.<\/p>\n<p data-start=\"2296\" data-end=\"2453\">Aucun changement physique n\u2019\u00e9tait intervenu sur le march\u00e9 de l\u2019or. Le mouvement refl\u00e9tait uniquement une <strong data-start=\"2401\" data-end=\"2452\">r\u00e9vision imm\u00e9diate des anticipations mon\u00e9taires<\/strong>.<\/p>\n<p data-start=\"2455\" data-end=\"2640\">Des r\u00e9actions comparables ont \u00e9t\u00e9 observ\u00e9es \u00e0 plusieurs reprises sur l\u2019argent, avec des variations souvent plus marqu\u00e9es sur de courtes p\u00e9riodes, en raison de sa volatilit\u00e9 plus \u00e9lev\u00e9e.<\/p>\n<h2 data-start=\"2642\" data-end=\"2687\">Des mouvements rapides, souvent techniques<\/h2>\n<p data-start=\"2689\" data-end=\"2936\">Ces fluctuations de court terme sont g\u00e9n\u00e9ralement amplifi\u00e9es par les \u00e9changes automatis\u00e9s et la concentration des ordres au moment des annonces. Elles correspondent \u00e0 une phase d\u2019ajustement rapide, avant que le march\u00e9 ne prenne davantage de recul.<\/p>\n<p data-start=\"2938\" data-end=\"3094\">Dans de nombreux cas, les cours se stabilisent ensuite, voire corrigent une partie du mouvement initial, une fois l\u2019information analys\u00e9e plus en profondeur.<\/p>\n<h2 data-start=\"3096\" data-end=\"3155\">Une r\u00e9alit\u00e9 structurelle des march\u00e9s des m\u00e9taux pr\u00e9cieux<\/h2>\n<p data-start=\"3157\" data-end=\"3363\">Ces \u00e9pisodes rappellent une constante : l\u2019or et l\u2019argent restent \u00e9troitement li\u00e9s aux politiques mon\u00e9taires. Leur prix r\u00e9agit autant aux d\u00e9cisions concr\u00e8tes qu\u2019aux signaux envoy\u00e9s par les banques centrales.<\/p>\n<p data-start=\"3365\" data-end=\"3614\">Tant que la politique mon\u00e9taire demeure un facteur central de l\u2019environnement \u00e9conomique, <strong data-start=\"3455\" data-end=\"3572\">les m\u00e9taux pr\u00e9cieux resteront sensibles aux annonces de la Fed, de la BCE et des autres grandes banques centrales<\/strong>, parfois en l\u2019espace de quelques minutes.<\/p>\n<!-- AddThis Advanced Settings generic via filter on the_content --><!-- AddThis Share Buttons generic via filter on the_content -->","protected":false},"excerpt":{"rendered":"<p>Sur les march\u00e9s des m\u00e9taux pr\u00e9cieux, certaines annonces suffisent \u00e0 provoquer des mouvements imm\u00e9diats. En quelques minutes, le prix de l\u2019or ou de l\u2019argent peut \u00e9voluer nettement, sans qu\u2019aucun \u00e9v\u00e9nement mat\u00e9riel n\u2019ait modifi\u00e9 l\u2019offre ou la [&hellip;]<\/p>\n","protected":false},"author":18,"featured_media":50639,"comment_status":"closed","ping_status":"closed","sticky":false,"template":"","format":"standard","meta":{"_mbp_gutenberg_autopost":false,"_pgmb_is_evergreen":false,"_pgmb_ap_template_id":0,"footnotes":""},"categories":[2558],"tags":[],"ppma_author":[2565],"class_list":["post-50638","post","type-post","status-publish","format-standard","has-post-thumbnail","hentry","category-news"],"yoast_head":"<!-- This site is optimized with the Yoast SEO plugin v26.9 - https:\/\/yoast.com\/product\/yoast-seo-wordpress\/ -->\n<title>Quand une d\u00e9cision politique fait vaciller le prix d\u2019un m\u00e9tal pr\u00e9cieux en quelques minutes - Gold.fr<\/title>\n<meta name=\"robots\" content=\"index, follow, max-snippet:-1, max-image-preview:large, max-video-preview:-1\" \/>\n<link rel=\"canonical\" href=\"https:\/\/www.gold.fr\/news\/2026\/01\/03\/quand-une-decision-politique-fait-vaciller-le-prix-dun-metal-precieux-en-quelques-minutes\/\" \/>\n<meta property=\"og:locale\" content=\"fr_FR\" \/>\n<meta property=\"og:type\" content=\"article\" \/>\n<meta property=\"og:title\" content=\"Quand une d\u00e9cision politique fait vaciller le prix d\u2019un m\u00e9tal pr\u00e9cieux en quelques minutes - Gold.fr\" \/>\n<meta property=\"og:description\" content=\"Sur les march\u00e9s des m\u00e9taux pr\u00e9cieux, certaines annonces suffisent \u00e0 provoquer des mouvements imm\u00e9diats. En quelques minutes, le prix de l\u2019or ou de l\u2019argent peut \u00e9voluer nettement, sans qu\u2019aucun \u00e9v\u00e9nement mat\u00e9riel n\u2019ait modifi\u00e9 l\u2019offre ou la [&hellip;]\" \/>\n<meta property=\"og:url\" content=\"https:\/\/www.gold.fr\/news\/2026\/01\/03\/quand-une-decision-politique-fait-vaciller-le-prix-dun-metal-precieux-en-quelques-minutes\/\" \/>\n<meta property=\"og:site_name\" content=\"Gold.fr\" \/>\n<meta property=\"article:publisher\" content=\"https:\/\/www.facebook.com\/Goldfr\/\" \/>\n<meta property=\"article:published_time\" content=\"2026-01-03T16:00:58+00:00\" \/>\n<meta property=\"og:image\" content=\"https:\/\/www.gold.fr\/news\/wp-content\/uploads\/2026\/01\/ChatGPT-Image-2-janv.-2026-12_34_48-1024x683.png\" \/>\n\t<meta property=\"og:image:width\" content=\"1024\" \/>\n\t<meta property=\"og:image:height\" content=\"683\" \/>\n\t<meta property=\"og:image:type\" content=\"image\/png\" \/>\n<meta name=\"author\" content=\"Comptoir National de l&#039;Or\" \/>\n<meta name=\"twitter:card\" content=\"summary_large_image\" \/>\n<meta name=\"twitter:label1\" content=\"\u00c9crit par\" \/>\n\t<meta name=\"twitter:data1\" content=\"Comptoir National de l&#039;Or\" \/>\n\t<meta name=\"twitter:label2\" content=\"Dur\u00e9e de lecture estim\u00e9e\" \/>\n\t<meta name=\"twitter:data2\" content=\"3 minutes\" \/>\n<script type=\"application\/ld+json\" class=\"yoast-schema-graph\">{\"@context\":\"https:\/\/schema.org\",\"@graph\":[{\"@type\":\"Article\",\"@id\":\"https:\/\/www.gold.fr\/news\/2026\/01\/03\/quand-une-decision-politique-fait-vaciller-le-prix-dun-metal-precieux-en-quelques-minutes\/#article\",\"isPartOf\":{\"@id\":\"https:\/\/www.gold.fr\/news\/2026\/01\/03\/quand-une-decision-politique-fait-vaciller-le-prix-dun-metal-precieux-en-quelques-minutes\/\"},\"author\":{\"name\":\"Comptoir National de l'Or\",\"@id\":\"https:\/\/www.gold.fr\/news\/#\/schema\/person\/760ee7cec237915eebf2be78df0404c4\"},\"headline\":\"Quand une d\u00e9cision politique fait vaciller le prix d\u2019un m\u00e9tal pr\u00e9cieux en quelques minutes\",\"datePublished\":\"2026-01-03T16:00:58+00:00\",\"mainEntityOfPage\":{\"@id\":\"https:\/\/www.gold.fr\/news\/2026\/01\/03\/quand-une-decision-politique-fait-vaciller-le-prix-dun-metal-precieux-en-quelques-minutes\/\"},\"wordCount\":547,\"image\":{\"@id\":\"https:\/\/www.gold.fr\/news\/2026\/01\/03\/quand-une-decision-politique-fait-vaciller-le-prix-dun-metal-precieux-en-quelques-minutes\/#primaryimage\"},\"thumbnailUrl\":\"https:\/\/www.gold.fr\/news\/wp-content\/uploads\/2026\/01\/ChatGPT-Image-2-janv.-2026-12_34_48.png\",\"articleSection\":[\"News\"],\"inLanguage\":\"fr-FR\"},{\"@type\":\"WebPage\",\"@id\":\"https:\/\/www.gold.fr\/news\/2026\/01\/03\/quand-une-decision-politique-fait-vaciller-le-prix-dun-metal-precieux-en-quelques-minutes\/\",\"url\":\"https:\/\/www.gold.fr\/news\/2026\/01\/03\/quand-une-decision-politique-fait-vaciller-le-prix-dun-metal-precieux-en-quelques-minutes\/\",\"name\":\"Quand une d\u00e9cision politique fait vaciller le prix d\u2019un m\u00e9tal pr\u00e9cieux en quelques minutes - Gold.fr\",\"isPartOf\":{\"@id\":\"https:\/\/www.gold.fr\/news\/#website\"},\"primaryImageOfPage\":{\"@id\":\"https:\/\/www.gold.fr\/news\/2026\/01\/03\/quand-une-decision-politique-fait-vaciller-le-prix-dun-metal-precieux-en-quelques-minutes\/#primaryimage\"},\"image\":{\"@id\":\"https:\/\/www.gold.fr\/news\/2026\/01\/03\/quand-une-decision-politique-fait-vaciller-le-prix-dun-metal-precieux-en-quelques-minutes\/#primaryimage\"},\"thumbnailUrl\":\"https:\/\/www.gold.fr\/news\/wp-content\/uploads\/2026\/01\/ChatGPT-Image-2-janv.-2026-12_34_48.png\",\"datePublished\":\"2026-01-03T16:00:58+00:00\",\"author\":{\"@id\":\"https:\/\/www.gold.fr\/news\/#\/schema\/person\/760ee7cec237915eebf2be78df0404c4\"},\"breadcrumb\":{\"@id\":\"https:\/\/www.gold.fr\/news\/2026\/01\/03\/quand-une-decision-politique-fait-vaciller-le-prix-dun-metal-precieux-en-quelques-minutes\/#breadcrumb\"},\"inLanguage\":\"fr-FR\",\"potentialAction\":[{\"@type\":\"ReadAction\",\"target\":[\"https:\/\/www.gold.fr\/news\/2026\/01\/03\/quand-une-decision-politique-fait-vaciller-le-prix-dun-metal-precieux-en-quelques-minutes\/\"]}]},{\"@type\":\"ImageObject\",\"inLanguage\":\"fr-FR\",\"@id\":\"https:\/\/www.gold.fr\/news\/2026\/01\/03\/quand-une-decision-politique-fait-vaciller-le-prix-dun-metal-precieux-en-quelques-minutes\/#primaryimage\",\"url\":\"https:\/\/www.gold.fr\/news\/wp-content\/uploads\/2026\/01\/ChatGPT-Image-2-janv.-2026-12_34_48.png\",\"contentUrl\":\"https:\/\/www.gold.fr\/news\/wp-content\/uploads\/2026\/01\/ChatGPT-Image-2-janv.-2026-12_34_48.png\",\"width\":1536,\"height\":1024},{\"@type\":\"BreadcrumbList\",\"@id\":\"https:\/\/www.gold.fr\/news\/2026\/01\/03\/quand-une-decision-politique-fait-vaciller-le-prix-dun-metal-precieux-en-quelques-minutes\/#breadcrumb\",\"itemListElement\":[{\"@type\":\"ListItem\",\"position\":1,\"name\":\"Accueil\",\"item\":\"https:\/\/www.gold.fr\/\"},{\"@type\":\"ListItem\",\"position\":2,\"name\":\"Actualit\u00e9s\",\"item\":\"https:\/\/www.gold.fr\/news\/\"},{\"@type\":\"ListItem\",\"position\":3,\"name\":\"Quand une d\u00e9cision politique fait vaciller le prix d\u2019un m\u00e9tal pr\u00e9cieux en quelques minutes\"}]},{\"@type\":\"WebSite\",\"@id\":\"https:\/\/www.gold.fr\/news\/#website\",\"url\":\"https:\/\/www.gold.fr\/news\/\",\"name\":\"Gold.fr\",\"description\":\"Actualit\u00e9s de l&#039;Or et des m\u00e9taux pr\u00e9cieux\",\"potentialAction\":[{\"@type\":\"SearchAction\",\"target\":{\"@type\":\"EntryPoint\",\"urlTemplate\":\"https:\/\/www.gold.fr\/news\/?s={search_term_string}\"},\"query-input\":{\"@type\":\"PropertyValueSpecification\",\"valueRequired\":true,\"valueName\":\"search_term_string\"}}],\"inLanguage\":\"fr-FR\"},{\"@type\":\"Person\",\"@id\":\"https:\/\/www.gold.fr\/news\/#\/schema\/person\/760ee7cec237915eebf2be78df0404c4\",\"name\":\"Comptoir National de l'Or\",\"image\":{\"@type\":\"ImageObject\",\"inLanguage\":\"fr-FR\",\"@id\":\"https:\/\/www.gold.fr\/news\/#\/schema\/person\/image\/c36675942654553a86039d2dfa93c740\",\"url\":\"https:\/\/secure.gravatar.com\/avatar\/713f289e398d35ead876c4a4cc08607f0d6d266058cfc25683fffb6092d0e572?s=96&d=mm&r=g\",\"contentUrl\":\"https:\/\/secure.gravatar.com\/avatar\/713f289e398d35ead876c4a4cc08607f0d6d266058cfc25683fffb6092d0e572?s=96&d=mm&r=g\",\"caption\":\"Comptoir National de l'Or\"},\"description\":\"Notre r\u00e9daction est constitu\u00e9e de membres experts dans les m\u00e9tiers de l'\u00e9conomie et la gestion, des Responsables d'agence Comptoir National de l'Or, des analystes financiers qui publient r\u00e9guli\u00e8rement des \u00e9tudes sur les politiques des banques centrales, le cours de l'or, prix de l'or, cours de l'argent, prix de l'argent, cours du platine, cours du palladium,... la situation en zone euro et l'impact de la strat\u00e9gie mon\u00e9taire de la FED. Notre \u00e9quipe scrute \u00e9galement une information plus g\u00e9n\u00e9raliste \u00e0 la recherche d'actualit\u00e9 \\\"p\u00e9pite\\\" \u00e0 vous partager. Depuis 5 ans, nous avons publi\u00e9 un peu plus de 4000 articles qui s'adressent \u00e0 un public large et vari\u00e9 ayant pour objectif de satisfaire votre curiosit\u00e9 et de partager avec vous une certaine fascination pour le m\u00e9tal jaune, le rachat d'or, et pour ceux qui veulent investir dans l'or, vendre leur or tout simplement en savoir plus... Pour tous vos achat or et argent, n'h\u00e9sitez pas \u00e0 prendre rendez-vous dans l'un de nos nombreux comptoirs.\",\"sameAs\":[\"https:\/\/www.gold.fr\"]}]}<\/script>\n<!-- \/ Yoast SEO plugin. -->","yoast_head_json":{"title":"Quand une d\u00e9cision politique fait vaciller le prix d\u2019un m\u00e9tal pr\u00e9cieux en quelques minutes - Gold.fr","robots":{"index":"index","follow":"follow","max-snippet":"max-snippet:-1","max-image-preview":"max-image-preview:large","max-video-preview":"max-video-preview:-1"},"canonical":"https:\/\/www.gold.fr\/news\/2026\/01\/03\/quand-une-decision-politique-fait-vaciller-le-prix-dun-metal-precieux-en-quelques-minutes\/","og_locale":"fr_FR","og_type":"article","og_title":"Quand une d\u00e9cision politique fait vaciller le prix d\u2019un m\u00e9tal pr\u00e9cieux en quelques minutes - Gold.fr","og_description":"Sur les march\u00e9s des m\u00e9taux pr\u00e9cieux, certaines annonces suffisent \u00e0 provoquer des mouvements imm\u00e9diats. En quelques minutes, le prix de l\u2019or ou de l\u2019argent peut \u00e9voluer nettement, sans qu\u2019aucun \u00e9v\u00e9nement mat\u00e9riel n\u2019ait modifi\u00e9 l\u2019offre ou la [&hellip;]","og_url":"https:\/\/www.gold.fr\/news\/2026\/01\/03\/quand-une-decision-politique-fait-vaciller-le-prix-dun-metal-precieux-en-quelques-minutes\/","og_site_name":"Gold.fr","article_publisher":"https:\/\/www.facebook.com\/Goldfr\/","article_published_time":"2026-01-03T16:00:58+00:00","og_image":[{"width":1024,"height":683,"url":"https:\/\/www.gold.fr\/news\/wp-content\/uploads\/2026\/01\/ChatGPT-Image-2-janv.-2026-12_34_48-1024x683.png","type":"image\/png"}],"author":"Comptoir National de l'Or","twitter_card":"summary_large_image","twitter_misc":{"\u00c9crit par":"Comptoir National de l'Or","Dur\u00e9e de lecture estim\u00e9e":"3 minutes"},"schema":{"@context":"https:\/\/schema.org","@graph":[{"@type":"Article","@id":"https:\/\/www.gold.fr\/news\/2026\/01\/03\/quand-une-decision-politique-fait-vaciller-le-prix-dun-metal-precieux-en-quelques-minutes\/#article","isPartOf":{"@id":"https:\/\/www.gold.fr\/news\/2026\/01\/03\/quand-une-decision-politique-fait-vaciller-le-prix-dun-metal-precieux-en-quelques-minutes\/"},"author":{"name":"Comptoir National de l'Or","@id":"https:\/\/www.gold.fr\/news\/#\/schema\/person\/760ee7cec237915eebf2be78df0404c4"},"headline":"Quand une d\u00e9cision politique fait vaciller le prix d\u2019un m\u00e9tal pr\u00e9cieux en quelques minutes","datePublished":"2026-01-03T16:00:58+00:00","mainEntityOfPage":{"@id":"https:\/\/www.gold.fr\/news\/2026\/01\/03\/quand-une-decision-politique-fait-vaciller-le-prix-dun-metal-precieux-en-quelques-minutes\/"},"wordCount":547,"image":{"@id":"https:\/\/www.gold.fr\/news\/2026\/01\/03\/quand-une-decision-politique-fait-vaciller-le-prix-dun-metal-precieux-en-quelques-minutes\/#primaryimage"},"thumbnailUrl":"https:\/\/www.gold.fr\/news\/wp-content\/uploads\/2026\/01\/ChatGPT-Image-2-janv.-2026-12_34_48.png","articleSection":["News"],"inLanguage":"fr-FR"},{"@type":"WebPage","@id":"https:\/\/www.gold.fr\/news\/2026\/01\/03\/quand-une-decision-politique-fait-vaciller-le-prix-dun-metal-precieux-en-quelques-minutes\/","url":"https:\/\/www.gold.fr\/news\/2026\/01\/03\/quand-une-decision-politique-fait-vaciller-le-prix-dun-metal-precieux-en-quelques-minutes\/","name":"Quand une d\u00e9cision politique fait vaciller le prix d\u2019un m\u00e9tal pr\u00e9cieux en quelques minutes - Gold.fr","isPartOf":{"@id":"https:\/\/www.gold.fr\/news\/#website"},"primaryImageOfPage":{"@id":"https:\/\/www.gold.fr\/news\/2026\/01\/03\/quand-une-decision-politique-fait-vaciller-le-prix-dun-metal-precieux-en-quelques-minutes\/#primaryimage"},"image":{"@id":"https:\/\/www.gold.fr\/news\/2026\/01\/03\/quand-une-decision-politique-fait-vaciller-le-prix-dun-metal-precieux-en-quelques-minutes\/#primaryimage"},"thumbnailUrl":"https:\/\/www.gold.fr\/news\/wp-content\/uploads\/2026\/01\/ChatGPT-Image-2-janv.-2026-12_34_48.png","datePublished":"2026-01-03T16:00:58+00:00","author":{"@id":"https:\/\/www.gold.fr\/news\/#\/schema\/person\/760ee7cec237915eebf2be78df0404c4"},"breadcrumb":{"@id":"https:\/\/www.gold.fr\/news\/2026\/01\/03\/quand-une-decision-politique-fait-vaciller-le-prix-dun-metal-precieux-en-quelques-minutes\/#breadcrumb"},"inLanguage":"fr-FR","potentialAction":[{"@type":"ReadAction","target":["https:\/\/www.gold.fr\/news\/2026\/01\/03\/quand-une-decision-politique-fait-vaciller-le-prix-dun-metal-precieux-en-quelques-minutes\/"]}]},{"@type":"ImageObject","inLanguage":"fr-FR","@id":"https:\/\/www.gold.fr\/news\/2026\/01\/03\/quand-une-decision-politique-fait-vaciller-le-prix-dun-metal-precieux-en-quelques-minutes\/#primaryimage","url":"https:\/\/www.gold.fr\/news\/wp-content\/uploads\/2026\/01\/ChatGPT-Image-2-janv.-2026-12_34_48.png","contentUrl":"https:\/\/www.gold.fr\/news\/wp-content\/uploads\/2026\/01\/ChatGPT-Image-2-janv.-2026-12_34_48.png","width":1536,"height":1024},{"@type":"BreadcrumbList","@id":"https:\/\/www.gold.fr\/news\/2026\/01\/03\/quand-une-decision-politique-fait-vaciller-le-prix-dun-metal-precieux-en-quelques-minutes\/#breadcrumb","itemListElement":[{"@type":"ListItem","position":1,"name":"Accueil","item":"https:\/\/www.gold.fr\/"},{"@type":"ListItem","position":2,"name":"Actualit\u00e9s","item":"https:\/\/www.gold.fr\/news\/"},{"@type":"ListItem","position":3,"name":"Quand une d\u00e9cision politique fait vaciller le prix d\u2019un m\u00e9tal pr\u00e9cieux en quelques minutes"}]},{"@type":"WebSite","@id":"https:\/\/www.gold.fr\/news\/#website","url":"https:\/\/www.gold.fr\/news\/","name":"Gold.fr","description":"Actualit\u00e9s de l&#039;Or et des m\u00e9taux pr\u00e9cieux","potentialAction":[{"@type":"SearchAction","target":{"@type":"EntryPoint","urlTemplate":"https:\/\/www.gold.fr\/news\/?s={search_term_string}"},"query-input":{"@type":"PropertyValueSpecification","valueRequired":true,"valueName":"search_term_string"}}],"inLanguage":"fr-FR"},{"@type":"Person","@id":"https:\/\/www.gold.fr\/news\/#\/schema\/person\/760ee7cec237915eebf2be78df0404c4","name":"Comptoir National de l'Or","image":{"@type":"ImageObject","inLanguage":"fr-FR","@id":"https:\/\/www.gold.fr\/news\/#\/schema\/person\/image\/c36675942654553a86039d2dfa93c740","url":"https:\/\/secure.gravatar.com\/avatar\/713f289e398d35ead876c4a4cc08607f0d6d266058cfc25683fffb6092d0e572?s=96&d=mm&r=g","contentUrl":"https:\/\/secure.gravatar.com\/avatar\/713f289e398d35ead876c4a4cc08607f0d6d266058cfc25683fffb6092d0e572?s=96&d=mm&r=g","caption":"Comptoir National de l'Or"},"description":"Notre r\u00e9daction est constitu\u00e9e de membres experts dans les m\u00e9tiers de l'\u00e9conomie et la gestion, des Responsables d'agence Comptoir National de l'Or, des analystes financiers qui publient r\u00e9guli\u00e8rement des \u00e9tudes sur les politiques des banques centrales, le cours de l'or, prix de l'or, cours de l'argent, prix de l'argent, cours du platine, cours du palladium,... la situation en zone euro et l'impact de la strat\u00e9gie mon\u00e9taire de la FED. Notre \u00e9quipe scrute \u00e9galement une information plus g\u00e9n\u00e9raliste \u00e0 la recherche d'actualit\u00e9 \"p\u00e9pite\" \u00e0 vous partager. Depuis 5 ans, nous avons publi\u00e9 un peu plus de 4000 articles qui s'adressent \u00e0 un public large et vari\u00e9 ayant pour objectif de satisfaire votre curiosit\u00e9 et de partager avec vous une certaine fascination pour le m\u00e9tal jaune, le rachat d'or, et pour ceux qui veulent investir dans l'or, vendre leur or tout simplement en savoir plus... Pour tous vos achat or et argent, n'h\u00e9sitez pas \u00e0 prendre rendez-vous dans l'un de nos nombreux comptoirs.","sameAs":["https:\/\/www.gold.fr"]}]}},"authors":[{"term_id":2565,"user_id":18,"is_guest":0,"slug":"julie","display_name":"Comptoir National de l'Or","avatar_url":"https:\/\/secure.gravatar.com\/avatar\/713f289e398d35ead876c4a4cc08607f0d6d266058cfc25683fffb6092d0e572?s=96&d=mm&r=g","0":null,"1":"","2":"","3":"","4":"","5":"","6":"","7":"","8":""}],"_links":{"self":[{"href":"https:\/\/www.gold.fr\/news\/wp-json\/wp\/v2\/posts\/50638","targetHints":{"allow":["GET"]}}],"collection":[{"href":"https:\/\/www.gold.fr\/news\/wp-json\/wp\/v2\/posts"}],"about":[{"href":"https:\/\/www.gold.fr\/news\/wp-json\/wp\/v2\/types\/post"}],"author":[{"embeddable":true,"href":"https:\/\/www.gold.fr\/news\/wp-json\/wp\/v2\/users\/18"}],"replies":[{"embeddable":true,"href":"https:\/\/www.gold.fr\/news\/wp-json\/wp\/v2\/comments?post=50638"}],"version-history":[{"count":1,"href":"https:\/\/www.gold.fr\/news\/wp-json\/wp\/v2\/posts\/50638\/revisions"}],"predecessor-version":[{"id":50640,"href":"https:\/\/www.gold.fr\/news\/wp-json\/wp\/v2\/posts\/50638\/revisions\/50640"}],"wp:featuredmedia":[{"embeddable":true,"href":"https:\/\/www.gold.fr\/news\/wp-json\/wp\/v2\/media\/50639"}],"wp:attachment":[{"href":"https:\/\/www.gold.fr\/news\/wp-json\/wp\/v2\/media?parent=50638"}],"wp:term":[{"taxonomy":"category","embeddable":true,"href":"https:\/\/www.gold.fr\/news\/wp-json\/wp\/v2\/categories?post=50638"},{"taxonomy":"post_tag","embeddable":true,"href":"https:\/\/www.gold.fr\/news\/wp-json\/wp\/v2\/tags?post=50638"},{"taxonomy":"author","embeddable":true,"href":"https:\/\/www.gold.fr\/news\/wp-json\/wp\/v2\/ppma_author?post=50638"}],"curies":[{"name":"wp","href":"https:\/\/api.w.org\/{rel}","templated":true}]}}