{"id":5034,"date":"2012-01-18T12:30:23","date_gmt":"2012-01-18T11:30:23","guid":{"rendered":"http:\/\/news.gold.fr\/?p=5034"},"modified":"2021-09-20T17:17:22","modified_gmt":"2021-09-20T15:17:22","slug":"lor-en-2012-un-nouveau-depart","status":"publish","type":"post","link":"https:\/\/www.gold.fr\/news\/2012\/01\/18\/lor-en-2012-un-nouveau-depart\/","title":{"rendered":"L&rsquo;or en 2012 \u2013 Un nouveau d\u00e9part"},"content":{"rendered":"<p style=\"text-align: justify;\"><span style=\"font-family: verdana, geneva;\"><img loading=\"lazy\" decoding=\"async\" class=\"alignleft size-thumbnail wp-image-5036\" style=\"float: left; border-image: initial; margin: 5px; border: 1px solid black;\" title=\"Or\" src=\"https:\/\/www.gold.fr\/news\/wp-content\/uploads\/2012\/01\/Or.jpg\" alt=\"\" width=\"150\" height=\"150\" srcset=\"https:\/\/www.gold.fr\/news\/wp-content\/uploads\/2012\/01\/Or-298x298.jpg 298w, https:\/\/www.gold.fr\/news\/wp-content\/uploads\/2012\/01\/Or-1x1.jpg 1w\" sizes=\"auto, (max-width: 150px) 100vw, 150px\" \/><span style=\"font-size: small;\">On en dira ce qu\u2019on voudra, mais, en d\u00e9pit des corrections accumul\u00e9es ces derniers mois, le <strong><a title=\"Cours de l'or\" href=\"https:\/\/www.gold.fr\/cours-prix-de-l-or\/\" target=\"_blank\" rel=\"noopener\">cours de l&rsquo;or<\/a><\/strong> a tout de m\u00eame r\u00e9ussi \u00e0 cl\u00f4turer l\u2019ann\u00e9e sur une note globalement <strong>haussi\u00e8re<\/strong>. Il peut m\u00eame se vanter d\u2019avoir fini l&rsquo;ann\u00e9e 2011 en meilleure position, avec un prix de <strong>1 540,90 dollars l\u2019once<\/strong> au 31 d\u00e9cembre, qu\u2019il ne l\u2019avait commenc\u00e9e avec un peu moins de 1\u00a0400 dollars l\u2019once au 1 janvier 2011.<\/span><\/span><\/p>\n<p style=\"text-align: justify;\"><span style=\"font-family: verdana, geneva; font-size: small;\">Dans ce contexte, certains analystes comme Dennis Gartman, c\u00e9l\u00e8bre \u00e9diteur d&rsquo;une tr\u00e8s populaire et fiable lettre, essaient de remonter \u00e0 l&rsquo;origine du ph\u00e9nom\u00e8ne. Il estime que les mesures adopt\u00e9es, dans l\u2019espoir vain de r\u00e9gler les probl\u00e8mes de dettes gouvernementales dans la zone euro, auront certainement un impact d\u00e9flationniste. Ils ont donc pr\u00e9f\u00e9r\u00e9 <strong><a title=\"vente d'or\" href=\"https:\/\/www.gold.fr\/vente-or\/\" target=\"_blank\" rel=\"noopener\">vendre leur or<\/a><\/strong>, traditionnellement per\u00e7u comme un bouclier efficace contre l&rsquo;inflation.<\/span><\/p>\n<p style=\"text-align: justify;\"><span style=\"font-family: verdana, geneva; font-size: small;\">Et la liquidation de la position des fonds sp\u00e9culatifs, qui avaient initialement mis\u00e9 sur une remont\u00e9e de derni\u00e8re minute du<strong> <a class=\"esk-seo-plu-link\" href=\"https:\/\/www.gold.fr\/news\/tags\/cours-de-lor\">cours de l&rsquo;or<\/a><\/strong>, n\u2019a fait que contribuer \u00e0 la baisse consid\u00e9rable du <strong><a title=\"cours lingot\" href=\"https:\/\/www.gold.fr\/cours-prix-de-l-or\/lingot-1-kg\/\" target=\"_blank\" rel=\"noopener\">prix du lingot d\u2019or<\/a><\/strong> (par exemple).<\/span><\/p>\n<!-- AddThis Advanced Settings generic via filter on the_content --><!-- AddThis Share Buttons generic via filter on the_content -->","protected":false},"excerpt":{"rendered":"<p>On en dira ce qu\u2019on voudra, mais, en d\u00e9pit des corrections accumul\u00e9es ces derniers mois, le cours de l&rsquo;or a tout de m\u00eame r\u00e9ussi \u00e0 cl\u00f4turer l\u2019ann\u00e9e sur une note globalement haussi\u00e8re. Il peut m\u00eame se [&hellip;]<\/p>\n","protected":false},"author":11,"featured_media":5036,"comment_status":"closed","ping_status":"closed","sticky":false,"template":"","format":"standard","meta":{"_mbp_gutenberg_autopost":false,"_pgmb_is_evergreen":false,"_pgmb_ap_template_id":0,"footnotes":""},"categories":[4],"tags":[233,262,84,42,164,45,165,44,166,43,167,46,168],"ppma_author":[2562],"class_list":["post-5034","post","type-post","status-publish","format-standard","has-post-thumbnail","hentry","category-analyses-economiques","tag-233","tag-prix-lingot","tag-cours-de-lor","tag-_lingot-1-kg_","tag-_lingot-1-kg_footer_","tag-_lingotin-100g_","tag-_lingotin-100g_footer_","tag-_lingotin-250g_","tag-_lingotin-250g_footer_","tag-_lingotin-500g_","tag-_lingotin-500g_footer_","tag-_lingotin-50g_","tag-_lingotin-50g_footer_"],"yoast_head":"<!-- This site is optimized with the Yoast SEO plugin v27.5 - https:\/\/yoast.com\/product\/yoast-seo-wordpress\/ -->\n<title>L&#039;or en 2012 Un nouveau d\u00e9part Pr\u00e9f\u00e9rence pour la vente de son or<\/title>\n<meta name=\"description\" content=\"L&#039;or en 2012 Un nouveau d\u00e9part Pr\u00e9f\u00e9rence pour la vente de son or au vu du contexte \u00e9conomique et financier, Remont\u00e9e cours de l&#039;or\" \/>\n<meta name=\"robots\" content=\"index, follow, max-snippet:-1, max-image-preview:large, max-video-preview:-1\" \/>\n<link rel=\"canonical\" href=\"https:\/\/www.gold.fr\/news\/2012\/01\/18\/lor-en-2012-un-nouveau-depart\/\" \/>\n<meta property=\"og:locale\" content=\"fr_FR\" \/>\n<meta property=\"og:type\" content=\"article\" \/>\n<meta property=\"og:title\" content=\"L&#039;or en 2012 Un nouveau d\u00e9part Pr\u00e9f\u00e9rence pour la vente de son or\" \/>\n<meta property=\"og:description\" content=\"L&#039;or en 2012 Un nouveau d\u00e9part Pr\u00e9f\u00e9rence pour la vente de son or au vu du contexte \u00e9conomique et financier, Remont\u00e9e cours de l&#039;or\" \/>\n<meta property=\"og:url\" content=\"https:\/\/www.gold.fr\/news\/2012\/01\/18\/lor-en-2012-un-nouveau-depart\/\" \/>\n<meta property=\"og:site_name\" content=\"Gold.fr\" \/>\n<meta property=\"article:publisher\" content=\"https:\/\/www.facebook.com\/Goldfr\/\" \/>\n<meta property=\"article:published_time\" content=\"2012-01-18T11:30:23+00:00\" \/>\n<meta property=\"article:modified_time\" content=\"2021-09-20T15:17:22+00:00\" \/>\n<meta property=\"og:image\" content=\"https:\/\/www.gold.fr\/news\/wp-content\/uploads\/2012\/01\/Or.jpg\" \/>\n\t<meta property=\"og:image:width\" content=\"600\" \/>\n\t<meta property=\"og:image:height\" content=\"526\" \/>\n\t<meta property=\"og:image:type\" content=\"image\/jpeg\" \/>\n<meta name=\"author\" content=\"Anthony\" \/>\n<meta name=\"twitter:card\" content=\"summary_large_image\" \/>\n<meta name=\"twitter:label1\" content=\"\u00c9crit par\" \/>\n\t<meta name=\"twitter:data1\" content=\"Anthony\" \/>\n\t<meta name=\"twitter:label2\" content=\"Dur\u00e9e de lecture estim\u00e9e\" \/>\n\t<meta name=\"twitter:data2\" content=\"1 minute\" \/>\n<script type=\"application\/ld+json\" class=\"yoast-schema-graph\">{\"@context\":\"https:\\\/\\\/schema.org\",\"@graph\":[{\"@type\":\"Article\",\"@id\":\"https:\\\/\\\/www.gold.fr\\\/news\\\/2012\\\/01\\\/18\\\/lor-en-2012-un-nouveau-depart\\\/#article\",\"isPartOf\":{\"@id\":\"https:\\\/\\\/www.gold.fr\\\/news\\\/2012\\\/01\\\/18\\\/lor-en-2012-un-nouveau-depart\\\/\"},\"author\":{\"name\":\"Anthony\",\"@id\":\"https:\\\/\\\/www.gold.fr\\\/news\\\/#\\\/schema\\\/person\\\/feb6458ffd7bceeeb4e228398c34fbe5\"},\"headline\":\"L&rsquo;or en 2012 \u2013 Un nouveau d\u00e9part\",\"datePublished\":\"2012-01-18T11:30:23+00:00\",\"dateModified\":\"2021-09-20T15:17:22+00:00\",\"mainEntityOfPage\":{\"@id\":\"https:\\\/\\\/www.gold.fr\\\/news\\\/2012\\\/01\\\/18\\\/lor-en-2012-un-nouveau-depart\\\/\"},\"wordCount\":212,\"image\":{\"@id\":\"https:\\\/\\\/www.gold.fr\\\/news\\\/2012\\\/01\\\/18\\\/lor-en-2012-un-nouveau-depart\\\/#primaryimage\"},\"thumbnailUrl\":\"https:\\\/\\\/www.gold.fr\\\/news\\\/wp-content\\\/uploads\\\/2012\\\/01\\\/Or.jpg\",\"keywords\":[\"2012\",\"prix lingot\",\"Tout Cours de l'Or\",\"_Lingot 1 Kg_\",\"_Lingot 1 Kg_Footer_\",\"_Lingotin 100g_\",\"_Lingotin 100g_Footer_\",\"_Lingotin 250g_\",\"_Lingotin 250g_Footer_\",\"_Lingotin 500g_\",\"_Lingotin 500g_Footer_\",\"_Lingotin 50g_\",\"_Lingotin 50g_Footer_\"],\"articleSection\":[\"Analyses Economiques\"],\"inLanguage\":\"fr-FR\"},{\"@type\":\"WebPage\",\"@id\":\"https:\\\/\\\/www.gold.fr\\\/news\\\/2012\\\/01\\\/18\\\/lor-en-2012-un-nouveau-depart\\\/\",\"url\":\"https:\\\/\\\/www.gold.fr\\\/news\\\/2012\\\/01\\\/18\\\/lor-en-2012-un-nouveau-depart\\\/\",\"name\":\"L'or en 2012 Un nouveau d\u00e9part Pr\u00e9f\u00e9rence pour la vente de son or\",\"isPartOf\":{\"@id\":\"https:\\\/\\\/www.gold.fr\\\/news\\\/#website\"},\"primaryImageOfPage\":{\"@id\":\"https:\\\/\\\/www.gold.fr\\\/news\\\/2012\\\/01\\\/18\\\/lor-en-2012-un-nouveau-depart\\\/#primaryimage\"},\"image\":{\"@id\":\"https:\\\/\\\/www.gold.fr\\\/news\\\/2012\\\/01\\\/18\\\/lor-en-2012-un-nouveau-depart\\\/#primaryimage\"},\"thumbnailUrl\":\"https:\\\/\\\/www.gold.fr\\\/news\\\/wp-content\\\/uploads\\\/2012\\\/01\\\/Or.jpg\",\"datePublished\":\"2012-01-18T11:30:23+00:00\",\"dateModified\":\"2021-09-20T15:17:22+00:00\",\"author\":{\"@id\":\"https:\\\/\\\/www.gold.fr\\\/news\\\/#\\\/schema\\\/person\\\/feb6458ffd7bceeeb4e228398c34fbe5\"},\"description\":\"L'or en 2012 Un nouveau d\u00e9part Pr\u00e9f\u00e9rence pour la vente de son or au vu du contexte \u00e9conomique et financier, Remont\u00e9e cours de l'or\",\"breadcrumb\":{\"@id\":\"https:\\\/\\\/www.gold.fr\\\/news\\\/2012\\\/01\\\/18\\\/lor-en-2012-un-nouveau-depart\\\/#breadcrumb\"},\"inLanguage\":\"fr-FR\",\"potentialAction\":[{\"@type\":\"ReadAction\",\"target\":[\"https:\\\/\\\/www.gold.fr\\\/news\\\/2012\\\/01\\\/18\\\/lor-en-2012-un-nouveau-depart\\\/\"]}]},{\"@type\":\"ImageObject\",\"inLanguage\":\"fr-FR\",\"@id\":\"https:\\\/\\\/www.gold.fr\\\/news\\\/2012\\\/01\\\/18\\\/lor-en-2012-un-nouveau-depart\\\/#primaryimage\",\"url\":\"https:\\\/\\\/www.gold.fr\\\/news\\\/wp-content\\\/uploads\\\/2012\\\/01\\\/Or.jpg\",\"contentUrl\":\"https:\\\/\\\/www.gold.fr\\\/news\\\/wp-content\\\/uploads\\\/2012\\\/01\\\/Or.jpg\",\"width\":\"600\",\"height\":\"526\",\"caption\":\"March\u00e9s : La nervosit\u00e9 r\u00e8gne toujours\"},{\"@type\":\"BreadcrumbList\",\"@id\":\"https:\\\/\\\/www.gold.fr\\\/news\\\/2012\\\/01\\\/18\\\/lor-en-2012-un-nouveau-depart\\\/#breadcrumb\",\"itemListElement\":[{\"@type\":\"ListItem\",\"position\":1,\"name\":\"Accueil\",\"item\":\"https:\\\/\\\/www.gold.fr\\\/\"},{\"@type\":\"ListItem\",\"position\":2,\"name\":\"Actualit\u00e9s\",\"item\":\"https:\\\/\\\/www.gold.fr\\\/news\\\/\"},{\"@type\":\"ListItem\",\"position\":3,\"name\":\"L&rsquo;or en 2012 \u2013 Un nouveau d\u00e9part\"}]},{\"@type\":\"WebSite\",\"@id\":\"https:\\\/\\\/www.gold.fr\\\/news\\\/#website\",\"url\":\"https:\\\/\\\/www.gold.fr\\\/news\\\/\",\"name\":\"Gold.fr\",\"description\":\"Actualit\u00e9s de l&#039;Or et des m\u00e9taux pr\u00e9cieux\",\"potentialAction\":[{\"@type\":\"SearchAction\",\"target\":{\"@type\":\"EntryPoint\",\"urlTemplate\":\"https:\\\/\\\/www.gold.fr\\\/news\\\/?s={search_term_string}\"},\"query-input\":{\"@type\":\"PropertyValueSpecification\",\"valueRequired\":true,\"valueName\":\"search_term_string\"}}],\"inLanguage\":\"fr-FR\"},{\"@type\":\"Person\",\"@id\":\"https:\\\/\\\/www.gold.fr\\\/news\\\/#\\\/schema\\\/person\\\/feb6458ffd7bceeeb4e228398c34fbe5\",\"name\":\"Anthony\",\"image\":{\"@type\":\"ImageObject\",\"inLanguage\":\"fr-FR\",\"@id\":\"https:\\\/\\\/secure.gravatar.com\\\/avatar\\\/19974f7c75da5f0b217374f3a37eb05031e41aaad4ceb3fe17ada2ab3daf6b95?s=96&d=mm&r=gbc5324aff3d366843e00df00c899c1a8\",\"url\":\"https:\\\/\\\/secure.gravatar.com\\\/avatar\\\/19974f7c75da5f0b217374f3a37eb05031e41aaad4ceb3fe17ada2ab3daf6b95?s=96&d=mm&r=g\",\"contentUrl\":\"https:\\\/\\\/secure.gravatar.com\\\/avatar\\\/19974f7c75da5f0b217374f3a37eb05031e41aaad4ceb3fe17ada2ab3daf6b95?s=96&d=mm&r=g\",\"caption\":\"Anthony\"},\"description\":\"Notre r\u00e9daction est constitu\u00e9e de membres experts dans les m\u00e9tiers de l'\u00e9conomie et la gestion, des Responsables d'agence Comptoir National de l'Or, des analystes financiers qui publient r\u00e9guli\u00e8rement des \u00e9tudes sur les politiques des banques centrales, le cours de l'or, le cours de l'argent, cours du platine, cours du palladium... la situation en zone euro et l'impact de la strat\u00e9gie mon\u00e9taire de la FED. Notre \u00e9quipe scrute \u00e9galement une information plus g\u00e9n\u00e9raliste \u00e0 la recherche d'actualit\u00e9 \\\"p\u00e9pite\\\" \u00e0 vous partager. Depuis 5 ans, nous avons publi\u00e9 un peu plus de 4000 articles qui s'adressent \u00e0 un public large et vari\u00e9 ayant pour objectif de satisfaire votre curiosit\u00e9 et de partager avec vous une certaine fascination pour le m\u00e9tal jaune, pour ceux qui veulent investir dans l'or, vendre leur or tout simplement en savoir plus...\",\"sameAs\":[\"https:\\\/\\\/www.gold.fr\\\/news\"]}]}<\/script>\n<!-- \/ Yoast SEO plugin. -->","yoast_head_json":{"title":"L'or en 2012 Un nouveau d\u00e9part Pr\u00e9f\u00e9rence pour la vente de son or","description":"L'or en 2012 Un nouveau d\u00e9part Pr\u00e9f\u00e9rence pour la vente de son or au vu du contexte \u00e9conomique et financier, Remont\u00e9e cours de l'or","robots":{"index":"index","follow":"follow","max-snippet":"max-snippet:-1","max-image-preview":"max-image-preview:large","max-video-preview":"max-video-preview:-1"},"canonical":"https:\/\/www.gold.fr\/news\/2012\/01\/18\/lor-en-2012-un-nouveau-depart\/","og_locale":"fr_FR","og_type":"article","og_title":"L'or en 2012 Un nouveau d\u00e9part Pr\u00e9f\u00e9rence pour la vente de son or","og_description":"L'or en 2012 Un nouveau d\u00e9part Pr\u00e9f\u00e9rence pour la vente de son or au vu du contexte \u00e9conomique et financier, Remont\u00e9e cours de l'or","og_url":"https:\/\/www.gold.fr\/news\/2012\/01\/18\/lor-en-2012-un-nouveau-depart\/","og_site_name":"Gold.fr","article_publisher":"https:\/\/www.facebook.com\/Goldfr\/","article_published_time":"2012-01-18T11:30:23+00:00","article_modified_time":"2021-09-20T15:17:22+00:00","og_image":[{"width":600,"height":526,"url":"https:\/\/www.gold.fr\/news\/wp-content\/uploads\/2012\/01\/Or.jpg","type":"image\/jpeg"}],"author":"Anthony","twitter_card":"summary_large_image","twitter_misc":{"\u00c9crit par":"Anthony","Dur\u00e9e de lecture estim\u00e9e":"1 minute"},"schema":{"@context":"https:\/\/schema.org","@graph":[{"@type":"Article","@id":"https:\/\/www.gold.fr\/news\/2012\/01\/18\/lor-en-2012-un-nouveau-depart\/#article","isPartOf":{"@id":"https:\/\/www.gold.fr\/news\/2012\/01\/18\/lor-en-2012-un-nouveau-depart\/"},"author":{"name":"Anthony","@id":"https:\/\/www.gold.fr\/news\/#\/schema\/person\/feb6458ffd7bceeeb4e228398c34fbe5"},"headline":"L&rsquo;or en 2012 \u2013 Un nouveau d\u00e9part","datePublished":"2012-01-18T11:30:23+00:00","dateModified":"2021-09-20T15:17:22+00:00","mainEntityOfPage":{"@id":"https:\/\/www.gold.fr\/news\/2012\/01\/18\/lor-en-2012-un-nouveau-depart\/"},"wordCount":212,"image":{"@id":"https:\/\/www.gold.fr\/news\/2012\/01\/18\/lor-en-2012-un-nouveau-depart\/#primaryimage"},"thumbnailUrl":"https:\/\/www.gold.fr\/news\/wp-content\/uploads\/2012\/01\/Or.jpg","keywords":["2012","prix lingot","Tout Cours de l'Or","_Lingot 1 Kg_","_Lingot 1 Kg_Footer_","_Lingotin 100g_","_Lingotin 100g_Footer_","_Lingotin 250g_","_Lingotin 250g_Footer_","_Lingotin 500g_","_Lingotin 500g_Footer_","_Lingotin 50g_","_Lingotin 50g_Footer_"],"articleSection":["Analyses Economiques"],"inLanguage":"fr-FR"},{"@type":"WebPage","@id":"https:\/\/www.gold.fr\/news\/2012\/01\/18\/lor-en-2012-un-nouveau-depart\/","url":"https:\/\/www.gold.fr\/news\/2012\/01\/18\/lor-en-2012-un-nouveau-depart\/","name":"L'or en 2012 Un nouveau d\u00e9part Pr\u00e9f\u00e9rence pour la vente de son or","isPartOf":{"@id":"https:\/\/www.gold.fr\/news\/#website"},"primaryImageOfPage":{"@id":"https:\/\/www.gold.fr\/news\/2012\/01\/18\/lor-en-2012-un-nouveau-depart\/#primaryimage"},"image":{"@id":"https:\/\/www.gold.fr\/news\/2012\/01\/18\/lor-en-2012-un-nouveau-depart\/#primaryimage"},"thumbnailUrl":"https:\/\/www.gold.fr\/news\/wp-content\/uploads\/2012\/01\/Or.jpg","datePublished":"2012-01-18T11:30:23+00:00","dateModified":"2021-09-20T15:17:22+00:00","author":{"@id":"https:\/\/www.gold.fr\/news\/#\/schema\/person\/feb6458ffd7bceeeb4e228398c34fbe5"},"description":"L'or en 2012 Un nouveau d\u00e9part Pr\u00e9f\u00e9rence pour la vente de son or au vu du contexte \u00e9conomique et financier, Remont\u00e9e cours de l'or","breadcrumb":{"@id":"https:\/\/www.gold.fr\/news\/2012\/01\/18\/lor-en-2012-un-nouveau-depart\/#breadcrumb"},"inLanguage":"fr-FR","potentialAction":[{"@type":"ReadAction","target":["https:\/\/www.gold.fr\/news\/2012\/01\/18\/lor-en-2012-un-nouveau-depart\/"]}]},{"@type":"ImageObject","inLanguage":"fr-FR","@id":"https:\/\/www.gold.fr\/news\/2012\/01\/18\/lor-en-2012-un-nouveau-depart\/#primaryimage","url":"https:\/\/www.gold.fr\/news\/wp-content\/uploads\/2012\/01\/Or.jpg","contentUrl":"https:\/\/www.gold.fr\/news\/wp-content\/uploads\/2012\/01\/Or.jpg","width":"600","height":"526","caption":"March\u00e9s : La nervosit\u00e9 r\u00e8gne toujours"},{"@type":"BreadcrumbList","@id":"https:\/\/www.gold.fr\/news\/2012\/01\/18\/lor-en-2012-un-nouveau-depart\/#breadcrumb","itemListElement":[{"@type":"ListItem","position":1,"name":"Accueil","item":"https:\/\/www.gold.fr\/"},{"@type":"ListItem","position":2,"name":"Actualit\u00e9s","item":"https:\/\/www.gold.fr\/news\/"},{"@type":"ListItem","position":3,"name":"L&rsquo;or en 2012 \u2013 Un nouveau d\u00e9part"}]},{"@type":"WebSite","@id":"https:\/\/www.gold.fr\/news\/#website","url":"https:\/\/www.gold.fr\/news\/","name":"Gold.fr","description":"Actualit\u00e9s de l&#039;Or et des m\u00e9taux pr\u00e9cieux","potentialAction":[{"@type":"SearchAction","target":{"@type":"EntryPoint","urlTemplate":"https:\/\/www.gold.fr\/news\/?s={search_term_string}"},"query-input":{"@type":"PropertyValueSpecification","valueRequired":true,"valueName":"search_term_string"}}],"inLanguage":"fr-FR"},{"@type":"Person","@id":"https:\/\/www.gold.fr\/news\/#\/schema\/person\/feb6458ffd7bceeeb4e228398c34fbe5","name":"Anthony","image":{"@type":"ImageObject","inLanguage":"fr-FR","@id":"https:\/\/secure.gravatar.com\/avatar\/19974f7c75da5f0b217374f3a37eb05031e41aaad4ceb3fe17ada2ab3daf6b95?s=96&d=mm&r=gbc5324aff3d366843e00df00c899c1a8","url":"https:\/\/secure.gravatar.com\/avatar\/19974f7c75da5f0b217374f3a37eb05031e41aaad4ceb3fe17ada2ab3daf6b95?s=96&d=mm&r=g","contentUrl":"https:\/\/secure.gravatar.com\/avatar\/19974f7c75da5f0b217374f3a37eb05031e41aaad4ceb3fe17ada2ab3daf6b95?s=96&d=mm&r=g","caption":"Anthony"},"description":"Notre r\u00e9daction est constitu\u00e9e de membres experts dans les m\u00e9tiers de l'\u00e9conomie et la gestion, des Responsables d'agence Comptoir National de l'Or, des analystes financiers qui publient r\u00e9guli\u00e8rement des \u00e9tudes sur les politiques des banques centrales, le cours de l'or, le cours de l'argent, cours du platine, cours du palladium... la situation en zone euro et l'impact de la strat\u00e9gie mon\u00e9taire de la FED. Notre \u00e9quipe scrute \u00e9galement une information plus g\u00e9n\u00e9raliste \u00e0 la recherche d'actualit\u00e9 \"p\u00e9pite\" \u00e0 vous partager. Depuis 5 ans, nous avons publi\u00e9 un peu plus de 4000 articles qui s'adressent \u00e0 un public large et vari\u00e9 ayant pour objectif de satisfaire votre curiosit\u00e9 et de partager avec vous une certaine fascination pour le m\u00e9tal jaune, pour ceux qui veulent investir dans l'or, vendre leur or tout simplement en savoir plus...","sameAs":["https:\/\/www.gold.fr\/news"]}]}},"authors":[{"term_id":2562,"user_id":11,"is_guest":0,"slug":"anthony","display_name":"Anthony","avatar_url":"https:\/\/secure.gravatar.com\/avatar\/19974f7c75da5f0b217374f3a37eb05031e41aaad4ceb3fe17ada2ab3daf6b95?s=96&d=mm&r=g","0":null,"1":"","2":"","3":"","4":"","5":"","6":"","7":"","8":""}],"_links":{"self":[{"href":"https:\/\/www.gold.fr\/news\/wp-json\/wp\/v2\/posts\/5034","targetHints":{"allow":["GET"]}}],"collection":[{"href":"https:\/\/www.gold.fr\/news\/wp-json\/wp\/v2\/posts"}],"about":[{"href":"https:\/\/www.gold.fr\/news\/wp-json\/wp\/v2\/types\/post"}],"author":[{"embeddable":true,"href":"https:\/\/www.gold.fr\/news\/wp-json\/wp\/v2\/users\/11"}],"replies":[{"embeddable":true,"href":"https:\/\/www.gold.fr\/news\/wp-json\/wp\/v2\/comments?post=5034"}],"version-history":[{"count":0,"href":"https:\/\/www.gold.fr\/news\/wp-json\/wp\/v2\/posts\/5034\/revisions"}],"wp:featuredmedia":[{"embeddable":true,"href":"https:\/\/www.gold.fr\/news\/wp-json\/wp\/v2\/media\/5036"}],"wp:attachment":[{"href":"https:\/\/www.gold.fr\/news\/wp-json\/wp\/v2\/media?parent=5034"}],"wp:term":[{"taxonomy":"category","embeddable":true,"href":"https:\/\/www.gold.fr\/news\/wp-json\/wp\/v2\/categories?post=5034"},{"taxonomy":"post_tag","embeddable":true,"href":"https:\/\/www.gold.fr\/news\/wp-json\/wp\/v2\/tags?post=5034"},{"taxonomy":"author","embeddable":true,"href":"https:\/\/www.gold.fr\/news\/wp-json\/wp\/v2\/ppma_author?post=5034"}],"curies":[{"name":"wp","href":"https:\/\/api.w.org\/{rel}","templated":true}]}}