{"id":50046,"date":"2025-12-09T20:26:31","date_gmt":"2025-12-09T19:26:31","guid":{"rendered":"https:\/\/www.gold.fr\/news\/?p=50046"},"modified":"2025-12-15T12:29:20","modified_gmt":"2025-12-15T11:29:20","slug":"le-scenario-noir-que-personne-nevoque-et-si-lor-montait-pour-de-mauvaises-raisons-en-2026","status":"publish","type":"post","link":"https:\/\/www.gold.fr\/news\/2025\/12\/09\/le-scenario-noir-que-personne-nevoque-et-si-lor-montait-pour-de-mauvaises-raisons-en-2026\/","title":{"rendered":"Le sc\u00e9nario noir que personne n\u2019\u00e9voque : et si l\u2019or montait pour de mauvaises raisons en 2026 ?"},"content":{"rendered":"<p data-start=\"405\" data-end=\"680\">Et si la hausse de l\u2019or en 2026 n\u2019\u00e9tait pas une bonne nouvelle ?<br data-start=\"469\" data-end=\"472\" \/>Et si ce rally tant attendu par les investisseurs r\u00e9v\u00e9lait en r\u00e9alit\u00e9 un d\u00e9r\u00e8glement profond du syst\u00e8me financier mondial ?<br data-start=\"595\" data-end=\"598\" \/>C\u2019est l\u2019hypoth\u00e8se que plusieurs analystes commencent \u00e0 \u00e9voquer\u2026 mais \u00e0 voix basse.<\/p>\n<h2 data-start=\"682\" data-end=\"772\">Pourquoi tout le monde se r\u00e9jouit d\u2019un or en hausse\u2026 sans voir l\u2019autre face du march\u00e9<\/h2>\n<p data-start=\"773\" data-end=\"1084\">En 2024 et 2025, les records successifs du m\u00e9tal jaune ont \u00e9t\u00e9 c\u00e9l\u00e9br\u00e9s comme la preuve d\u2019une demande solide et d\u2019une sant\u00e9 robuste du march\u00e9.<br data-start=\"915\" data-end=\"918\" \/>Mais cette interpr\u00e9tation pourrait masquer un probl\u00e8me majeur : <strong data-start=\"982\" data-end=\"1084\">et si l\u2019or ne montait pas parce qu\u2019il inspire confiance, mais parce que tout le reste s\u2019effondre ?<\/strong><\/p>\n<p data-start=\"1086\" data-end=\"1240\">Selon les experts du Comptoir National de l\u2019Or (<a class=\"decorated-link\" href=\"http:\/\/www.gold.fr\" target=\"_new\" rel=\"noopener\" data-start=\"1134\" data-end=\"1145\">www.gold.fr<\/a>), \u201cla v\u00e9ritable question n\u2019est pas <em data-start=\"1181\" data-end=\"1202\">pourquoi l\u2019or monte<\/em>, mais <em data-start=\"1209\" data-end=\"1238\">contre quoi l\u2019or se prot\u00e8ge<\/em>.\u201d<\/p>\n<h2 data-start=\"1242\" data-end=\"1330\">Ce chiffre que personne n\u2019ose montrer : l\u2019explosion des achats de banques centrales<\/h2>\n<p data-start=\"1331\" data-end=\"1569\">Les donn\u00e9es du <strong data-start=\"1346\" data-end=\"1391\">World Gold Council (<a class=\"decorated-link\" href=\"https:\/\/www.gold.org\" target=\"_new\" rel=\"noopener\" data-start=\"1368\" data-end=\"1388\">https:\/\/www.gold.org<\/a>)<\/strong> montrent une tendance spectaculaire :<br data-start=\"1429\" data-end=\"1432\" \/>de nombreuses banques centrales renforcent leurs r\u00e9serves d\u2019or depuis deux ans, parfois \u00e0 un rythme in\u00e9dit depuis la fin des ann\u00e9es 1960.<\/p>\n<p data-start=\"1571\" data-end=\"1850\">Officiellement, il s\u2019agit d\u2019une strat\u00e9gie de diversification.<br data-start=\"1632\" data-end=\"1635\" \/>Officieusement, certains \u00e9conomistes y voient un signal d\u2019alarme :<br data-start=\"1701\" data-end=\"1704\" \/><strong data-start=\"1704\" data-end=\"1733\">m\u00e9fiance envers le dollar<\/strong>,<br data-start=\"1734\" data-end=\"1737\" \/><strong data-start=\"1737\" data-end=\"1775\">crainte d\u2019instabilit\u00e9 g\u00e9opolitique<\/strong>,<br data-start=\"1776\" data-end=\"1779\" \/><strong data-start=\"1779\" data-end=\"1849\">anticipation de chocs budg\u00e9taires dans plusieurs grandes \u00e9conomies<\/strong>.<\/p>\n<p data-start=\"1852\" data-end=\"1976\">Lorsque les banques centrales ach\u00e8tent massivement, ce n\u2019est pas un signe de confiance\u2026<br data-start=\"1939\" data-end=\"1942\" \/>mais de <strong data-start=\"1950\" data-end=\"1975\">pr\u00e9paration \u00e0 un choc<\/strong>.<\/p>\n<h2 data-start=\"1978\" data-end=\"2042\">Comment l\u2019or pourrait grimper pour de \u00ab mauvaises raisons \u00bb<\/h2>\n<p data-start=\"2043\" data-end=\"2172\">Plusieurs sc\u00e9narios noirs circulent dans les salles de march\u00e9.<br data-start=\"2105\" data-end=\"2108\" \/>Ils ne sont jamais mis en avant, mais tout le monde les conna\u00eet.<\/p>\n<h3 data-start=\"2174\" data-end=\"2215\"><strong data-start=\"2178\" data-end=\"2215\">1. Une crise obligataire mondiale<\/strong><\/h3>\n<p data-start=\"2216\" data-end=\"2460\">Si les taux restent durablement \u00e9lev\u00e9s, la dette publique pourrait devenir insoutenable dans plusieurs pays majeurs.<br data-start=\"2332\" data-end=\"2335\" \/>Un emballement du co\u00fbt des int\u00e9r\u00eats pousserait les investisseurs \u00e0 quitter les obligations d\u2019\u00c9tat pour se r\u00e9fugier dans l\u2019or.<\/p>\n<p data-start=\"2462\" data-end=\"2581\">Dans ce cas, la hausse du m\u00e9tal jaune serait avant tout le reflet d\u2019un <strong data-start=\"2533\" data-end=\"2580\">perte de confiance dans les \u00c9tats eux-m\u00eames<\/strong>.<\/p>\n<h3 data-start=\"2583\" data-end=\"2642\"><strong data-start=\"2587\" data-end=\"2642\">2. Une d\u00e9gradation brutale de la situation bancaire<\/strong><\/h3>\n<p data-start=\"2643\" data-end=\"2757\">En 2023 et 2024, plusieurs banques r\u00e9gionales am\u00e9ricaines ont vacill\u00e9.<br data-start=\"2713\" data-end=\"2716\" \/>Ce n\u2019\u00e9tait peut-\u00eatre qu\u2019un avertissement.<\/p>\n<p data-start=\"2759\" data-end=\"2900\">Une vague plus large de d\u00e9fauts bancaires pousserait l\u2019or \u00e0 bondir\u2026<br data-start=\"2826\" data-end=\"2829\" \/>mais dans un contexte o\u00f9 les \u00e9pargnants fuiraient le syst\u00e8me financier.<\/p>\n<h3 data-start=\"2902\" data-end=\"2942\"><strong data-start=\"2906\" data-end=\"2942\">3. Une d\u00e9dollarisation acc\u00e9l\u00e9r\u00e9e<\/strong><\/h3>\n<p data-start=\"2943\" data-end=\"3176\">Si des pays strat\u00e9giques r\u00e9duisent leur exposition au dollar pour privil\u00e9gier l\u2019or, le billet vert pourrait se retrouver affaibli.<br data-start=\"3073\" data-end=\"3076\" \/>Cons\u00e9quence :<br data-start=\"3089\" data-end=\"3092\" \/><strong data-start=\"3092\" data-end=\"3176\">l\u2019or monte, oui \u2014 mais parce que la monnaie dominante du syst\u00e8me mondial recule.<\/strong><\/p>\n<h3 data-start=\"3178\" data-end=\"3216\"><strong data-start=\"3182\" data-end=\"3216\">4. Un choc g\u00e9opolitique majeur<\/strong><\/h3>\n<p data-start=\"3217\" data-end=\"3381\">Conflit \u00e9largi, rupture de cha\u00eene d\u2019approvisionnement, crise \u00e9nerg\u00e9tique\u2026<br data-start=\"3290\" data-end=\"3293\" \/>Dans chacun de ces sc\u00e9narios, l\u2019or grimperait \u2014 mais comme sympt\u00f4me d\u2019un malaise global.<\/p>\n<h2 data-start=\"3383\" data-end=\"3479\">La v\u00e9rit\u00e9 que personne n\u2019admet : un or trop haut est souvent le signe d\u2019un monde qui va mal<\/h2>\n<p data-start=\"3480\" data-end=\"3583\">Historiquement, les grandes envol\u00e9es du m\u00e9tal jaune co\u00efncident rarement avec des p\u00e9riodes paisibles :<\/p>\n<ul data-start=\"3584\" data-end=\"3810\">\n<li data-start=\"3584\" data-end=\"3641\">\n<p data-start=\"3586\" data-end=\"3641\">ann\u00e9es 1970 : inflation galopante, chocs p\u00e9troliers ;<\/p>\n<\/li>\n<li data-start=\"3642\" data-end=\"3680\">\n<p data-start=\"3644\" data-end=\"3680\">2008 : crise financi\u00e8re mondiale ;<\/p>\n<\/li>\n<li data-start=\"3681\" data-end=\"3729\">\n<p data-start=\"3683\" data-end=\"3729\">2020 : pand\u00e9mie et effondrement \u00e9conomique ;<\/p>\n<\/li>\n<li data-start=\"3730\" data-end=\"3810\">\n<p data-start=\"3732\" data-end=\"3810\">2024\u20132025 : instabilit\u00e9 g\u00e9opolitique, endettement record, tensions mon\u00e9taires.<\/p>\n<\/li>\n<\/ul>\n<p data-start=\"3812\" data-end=\"3924\">Un or qui grimpe \u201cpour les mauvaises raisons\u201d, c\u2019est un or qui refl\u00e8te la fragilit\u00e9 du syst\u00e8me, pas sa solidit\u00e9.<\/p>\n<h2 data-start=\"3926\" data-end=\"4011\">Le conseil des sp\u00e9cialistes : ne pas confondre opportunit\u00e9 et signal de d\u00e9tresse<\/h2>\n<p data-start=\"4012\" data-end=\"4194\">Selon le Comptoir National de l\u2019Or, \u201cl\u2019or n\u2019est pas seulement un placement. C\u2019est un barom\u00e8tre. Quand il s\u2019envole trop vite, c\u2019est rarement un bon signe pour le reste de l\u2019\u00e9conomie.\u201d<\/p>\n<p data-start=\"4196\" data-end=\"4301\">Investir dans l\u2019or en 2026 peut \u00eatre judicieux.<br data-start=\"4243\" data-end=\"4246\" \/>Mais uniquement si l\u2019on comprend <strong data-start=\"4279\" data-end=\"4291\">pourquoi<\/strong> il monte.<\/p>\n<p data-start=\"4303\" data-end=\"4332\">Car si la hausse provient :<\/p>\n<ul data-start=\"4333\" data-end=\"4434\">\n<li data-start=\"4333\" data-end=\"4362\">\n<p data-start=\"4335\" data-end=\"4362\">d\u2019une crise de confiance,<\/p>\n<\/li>\n<li data-start=\"4363\" data-end=\"4404\">\n<p data-start=\"4365\" data-end=\"4404\">d\u2019une fuite vers les valeurs refuges,<\/p>\n<\/li>\n<li data-start=\"4405\" data-end=\"4434\">\n<p data-start=\"4407\" data-end=\"4434\">ou d\u2019un choc obligataire,<\/p>\n<\/li>\n<\/ul>\n<p data-start=\"4436\" data-end=\"4535\">alors ce n\u2019est pas une victoire des investisseurs\u2026<br data-start=\"4486\" data-end=\"4489\" \/>mais un avertissement adress\u00e9 au monde entier.<\/p>\n<h2 data-start=\"4537\" data-end=\"4647\">Conclusion : et si 2026 \u00e9tait l\u2019ann\u00e9e o\u00f9 l\u2019or nous disait la v\u00e9rit\u00e9 que les march\u00e9s refusent d\u2019entendre ?<\/h2>\n<p data-start=\"4648\" data-end=\"4778\">Le danger ne vient pas d\u2019un cours de l\u2019or \u00e0 2 500 ou 3 000 dollars.<br data-start=\"4715\" data-end=\"4718\" \/>Le danger vient du <strong data-start=\"4737\" data-end=\"4777\">monde qui rend cette hausse possible<\/strong>.<\/p>\n<p data-start=\"4780\" data-end=\"5073\">Peut-\u00eatre que 2026 sera une ann\u00e9e exceptionnelle pour le m\u00e9tal jaune.<br data-start=\"4849\" data-end=\"4852\" \/>Mais si cette envol\u00e9e s\u2019accompagne d\u2019un affaiblissement des monnaies, d\u2019un endettement ing\u00e9rable ou d\u2019une d\u00e9fiance envers les \u00c9tats\u2026<br data-start=\"4984\" data-end=\"4987\" \/>alors cette hausse ne sera pas une bonne nouvelle \u2014 elle sera un <strong data-start=\"5052\" data-end=\"5072\">signal d\u2019urgence<\/strong>.<\/p>\n<a href=\"https:\/\/support.gold.fr\/fr\/livreblanc-investir-dans-l-or-gdn2024-sj\" target=\"_blank\" class=\"goldCTA\">\n    <img decoding=\"async\" src=\"https:\/\/www.gold.fr\/news\/wp-content\/uploads\/2024\/09\/Couverture-LB-quel-budget-pour-investir-dans-lor.png\" alt=\"\" \/>    <div class=\"rightPart\">\n        <div class=\"content\">\n            <\/p>\n<p>Vous souhaitez investir dans l&rsquo;or ?<\/p>\n<p>Vous h\u00e9sitez \u00e0 diversifier votre portefeuille ? Pourquoi ne pas investir dans l&rsquo;or ? Notre guide vous permettra d&rsquo;affiner votre r\u00e9flexion gr\u00e2ce \u00e0 des exemples de pi\u00e8ces et lingots d&rsquo;or que vous pourriez acqu\u00e9rir avec votre budget.<\/p>\n<p>        <\/div>\n                <span class=\"button\">Je souhaite investir dans l'or !<\/span>\n            <\/div>\n<\/a>\n<!-- AddThis Advanced Settings generic via filter on the_content --><!-- AddThis Share Buttons generic via filter on the_content -->","protected":false},"excerpt":{"rendered":"<p>Et si la hausse de l\u2019or en 2026 n\u2019\u00e9tait pas une bonne nouvelle ?Et si ce rally tant attendu par les investisseurs r\u00e9v\u00e9lait en r\u00e9alit\u00e9 un d\u00e9r\u00e8glement profond du syst\u00e8me financier mondial ?C\u2019est l\u2019hypoth\u00e8se que plusieurs [&hellip;]<\/p>\n","protected":false},"author":18,"featured_media":50047,"comment_status":"closed","ping_status":"closed","sticky":false,"template":"","format":"standard","meta":{"_mbp_gutenberg_autopost":false,"_pgmb_is_evergreen":false,"_pgmb_ap_template_id":0,"footnotes":""},"categories":[2558],"tags":[],"ppma_author":[2565],"class_list":["post-50046","post","type-post","status-publish","format-standard","has-post-thumbnail","hentry","category-news"],"yoast_head":"<!-- This site is optimized with the Yoast SEO plugin v27.5 - https:\/\/yoast.com\/product\/yoast-seo-wordpress\/ -->\n<title>Le sc\u00e9nario noir que personne n\u2019\u00e9voque : et si l\u2019or montait pour de mauvaises raisons en 2026 ? - Gold.fr<\/title>\n<meta name=\"robots\" content=\"index, follow, max-snippet:-1, max-image-preview:large, max-video-preview:-1\" \/>\n<link rel=\"canonical\" href=\"https:\/\/www.gold.fr\/news\/2025\/12\/09\/le-scenario-noir-que-personne-nevoque-et-si-lor-montait-pour-de-mauvaises-raisons-en-2026\/\" \/>\n<meta property=\"og:locale\" content=\"fr_FR\" \/>\n<meta property=\"og:type\" content=\"article\" \/>\n<meta property=\"og:title\" content=\"Le sc\u00e9nario noir que personne n\u2019\u00e9voque : et si l\u2019or montait pour de mauvaises raisons en 2026 ? - Gold.fr\" \/>\n<meta property=\"og:description\" content=\"Et si la hausse de l\u2019or en 2026 n\u2019\u00e9tait pas une bonne nouvelle ?Et si ce rally tant attendu par les investisseurs r\u00e9v\u00e9lait en r\u00e9alit\u00e9 un d\u00e9r\u00e8glement profond du syst\u00e8me financier mondial ?C\u2019est l\u2019hypoth\u00e8se que plusieurs [&hellip;]\" \/>\n<meta property=\"og:url\" content=\"https:\/\/www.gold.fr\/news\/2025\/12\/09\/le-scenario-noir-que-personne-nevoque-et-si-lor-montait-pour-de-mauvaises-raisons-en-2026\/\" \/>\n<meta property=\"og:site_name\" content=\"Gold.fr\" \/>\n<meta property=\"article:publisher\" content=\"https:\/\/www.facebook.com\/Goldfr\/\" \/>\n<meta property=\"article:published_time\" content=\"2025-12-09T19:26:31+00:00\" \/>\n<meta property=\"article:modified_time\" content=\"2025-12-15T11:29:20+00:00\" \/>\n<meta property=\"og:image\" content=\"https:\/\/www.gold.fr\/news\/wp-content\/uploads\/2025\/12\/ChatGPT-Image-9-dec.-2025-20_25_58.png\" \/>\n\t<meta property=\"og:image:width\" content=\"1536\" \/>\n\t<meta property=\"og:image:height\" content=\"1024\" \/>\n\t<meta property=\"og:image:type\" content=\"image\/png\" \/>\n<meta name=\"author\" content=\"Comptoir National de l&#039;Or\" \/>\n<meta name=\"twitter:card\" content=\"summary_large_image\" \/>\n<meta name=\"twitter:label1\" content=\"\u00c9crit par\" \/>\n\t<meta name=\"twitter:data1\" content=\"Comptoir National de l&#039;Or\" \/>\n\t<meta name=\"twitter:label2\" content=\"Dur\u00e9e de lecture estim\u00e9e\" \/>\n\t<meta name=\"twitter:data2\" content=\"4 minutes\" \/>\n<script type=\"application\/ld+json\" class=\"yoast-schema-graph\">{\"@context\":\"https:\\\/\\\/schema.org\",\"@graph\":[{\"@type\":\"Article\",\"@id\":\"https:\\\/\\\/www.gold.fr\\\/news\\\/2025\\\/12\\\/09\\\/le-scenario-noir-que-personne-nevoque-et-si-lor-montait-pour-de-mauvaises-raisons-en-2026\\\/#article\",\"isPartOf\":{\"@id\":\"https:\\\/\\\/www.gold.fr\\\/news\\\/2025\\\/12\\\/09\\\/le-scenario-noir-que-personne-nevoque-et-si-lor-montait-pour-de-mauvaises-raisons-en-2026\\\/\"},\"author\":{\"name\":\"Comptoir National de l'Or\",\"@id\":\"https:\\\/\\\/www.gold.fr\\\/news\\\/#\\\/schema\\\/person\\\/070491b4b4fb7671bf59b3be20302ce9\"},\"headline\":\"Le sc\u00e9nario noir que personne n\u2019\u00e9voque : et si l\u2019or montait pour de mauvaises raisons en 2026 ?\",\"datePublished\":\"2025-12-09T19:26:31+00:00\",\"dateModified\":\"2025-12-15T11:29:20+00:00\",\"mainEntityOfPage\":{\"@id\":\"https:\\\/\\\/www.gold.fr\\\/news\\\/2025\\\/12\\\/09\\\/le-scenario-noir-que-personne-nevoque-et-si-lor-montait-pour-de-mauvaises-raisons-en-2026\\\/\"},\"wordCount\":889,\"image\":{\"@id\":\"https:\\\/\\\/www.gold.fr\\\/news\\\/2025\\\/12\\\/09\\\/le-scenario-noir-que-personne-nevoque-et-si-lor-montait-pour-de-mauvaises-raisons-en-2026\\\/#primaryimage\"},\"thumbnailUrl\":\"https:\\\/\\\/www.gold.fr\\\/news\\\/wp-content\\\/uploads\\\/2025\\\/12\\\/ChatGPT-Image-9-dec.-2025-20_25_58.png\",\"articleSection\":[\"News\"],\"inLanguage\":\"fr-FR\"},{\"@type\":\"WebPage\",\"@id\":\"https:\\\/\\\/www.gold.fr\\\/news\\\/2025\\\/12\\\/09\\\/le-scenario-noir-que-personne-nevoque-et-si-lor-montait-pour-de-mauvaises-raisons-en-2026\\\/\",\"url\":\"https:\\\/\\\/www.gold.fr\\\/news\\\/2025\\\/12\\\/09\\\/le-scenario-noir-que-personne-nevoque-et-si-lor-montait-pour-de-mauvaises-raisons-en-2026\\\/\",\"name\":\"Le sc\u00e9nario noir que personne n\u2019\u00e9voque : et si l\u2019or montait pour de mauvaises raisons en 2026 ? - Gold.fr\",\"isPartOf\":{\"@id\":\"https:\\\/\\\/www.gold.fr\\\/news\\\/#website\"},\"primaryImageOfPage\":{\"@id\":\"https:\\\/\\\/www.gold.fr\\\/news\\\/2025\\\/12\\\/09\\\/le-scenario-noir-que-personne-nevoque-et-si-lor-montait-pour-de-mauvaises-raisons-en-2026\\\/#primaryimage\"},\"image\":{\"@id\":\"https:\\\/\\\/www.gold.fr\\\/news\\\/2025\\\/12\\\/09\\\/le-scenario-noir-que-personne-nevoque-et-si-lor-montait-pour-de-mauvaises-raisons-en-2026\\\/#primaryimage\"},\"thumbnailUrl\":\"https:\\\/\\\/www.gold.fr\\\/news\\\/wp-content\\\/uploads\\\/2025\\\/12\\\/ChatGPT-Image-9-dec.-2025-20_25_58.png\",\"datePublished\":\"2025-12-09T19:26:31+00:00\",\"dateModified\":\"2025-12-15T11:29:20+00:00\",\"author\":{\"@id\":\"https:\\\/\\\/www.gold.fr\\\/news\\\/#\\\/schema\\\/person\\\/070491b4b4fb7671bf59b3be20302ce9\"},\"breadcrumb\":{\"@id\":\"https:\\\/\\\/www.gold.fr\\\/news\\\/2025\\\/12\\\/09\\\/le-scenario-noir-que-personne-nevoque-et-si-lor-montait-pour-de-mauvaises-raisons-en-2026\\\/#breadcrumb\"},\"inLanguage\":\"fr-FR\",\"potentialAction\":[{\"@type\":\"ReadAction\",\"target\":[\"https:\\\/\\\/www.gold.fr\\\/news\\\/2025\\\/12\\\/09\\\/le-scenario-noir-que-personne-nevoque-et-si-lor-montait-pour-de-mauvaises-raisons-en-2026\\\/\"]}]},{\"@type\":\"ImageObject\",\"inLanguage\":\"fr-FR\",\"@id\":\"https:\\\/\\\/www.gold.fr\\\/news\\\/2025\\\/12\\\/09\\\/le-scenario-noir-que-personne-nevoque-et-si-lor-montait-pour-de-mauvaises-raisons-en-2026\\\/#primaryimage\",\"url\":\"https:\\\/\\\/www.gold.fr\\\/news\\\/wp-content\\\/uploads\\\/2025\\\/12\\\/ChatGPT-Image-9-dec.-2025-20_25_58.png\",\"contentUrl\":\"https:\\\/\\\/www.gold.fr\\\/news\\\/wp-content\\\/uploads\\\/2025\\\/12\\\/ChatGPT-Image-9-dec.-2025-20_25_58.png\",\"width\":1536,\"height\":1024},{\"@type\":\"BreadcrumbList\",\"@id\":\"https:\\\/\\\/www.gold.fr\\\/news\\\/2025\\\/12\\\/09\\\/le-scenario-noir-que-personne-nevoque-et-si-lor-montait-pour-de-mauvaises-raisons-en-2026\\\/#breadcrumb\",\"itemListElement\":[{\"@type\":\"ListItem\",\"position\":1,\"name\":\"Accueil\",\"item\":\"https:\\\/\\\/www.gold.fr\\\/\"},{\"@type\":\"ListItem\",\"position\":2,\"name\":\"Actualit\u00e9s\",\"item\":\"https:\\\/\\\/www.gold.fr\\\/news\\\/\"},{\"@type\":\"ListItem\",\"position\":3,\"name\":\"Le sc\u00e9nario noir que personne n\u2019\u00e9voque : et si l\u2019or montait pour de mauvaises raisons en 2026 ?\"}]},{\"@type\":\"WebSite\",\"@id\":\"https:\\\/\\\/www.gold.fr\\\/news\\\/#website\",\"url\":\"https:\\\/\\\/www.gold.fr\\\/news\\\/\",\"name\":\"Gold.fr\",\"description\":\"Actualit\u00e9s de l&#039;Or et des m\u00e9taux pr\u00e9cieux\",\"potentialAction\":[{\"@type\":\"SearchAction\",\"target\":{\"@type\":\"EntryPoint\",\"urlTemplate\":\"https:\\\/\\\/www.gold.fr\\\/news\\\/?s={search_term_string}\"},\"query-input\":{\"@type\":\"PropertyValueSpecification\",\"valueRequired\":true,\"valueName\":\"search_term_string\"}}],\"inLanguage\":\"fr-FR\"},{\"@type\":\"Person\",\"@id\":\"https:\\\/\\\/www.gold.fr\\\/news\\\/#\\\/schema\\\/person\\\/070491b4b4fb7671bf59b3be20302ce9\",\"name\":\"Comptoir National de l'Or\",\"image\":{\"@type\":\"ImageObject\",\"inLanguage\":\"fr-FR\",\"@id\":\"https:\\\/\\\/secure.gravatar.com\\\/avatar\\\/0a2867fd5abe37bed95d5a65e9d58f01756e11efc68af9888dfc50cfa7f65948?s=96&d=mm&r=gb490554db0a38188709de567aa58480d\",\"url\":\"https:\\\/\\\/secure.gravatar.com\\\/avatar\\\/0a2867fd5abe37bed95d5a65e9d58f01756e11efc68af9888dfc50cfa7f65948?s=96&d=mm&r=g\",\"contentUrl\":\"https:\\\/\\\/secure.gravatar.com\\\/avatar\\\/0a2867fd5abe37bed95d5a65e9d58f01756e11efc68af9888dfc50cfa7f65948?s=96&d=mm&r=g\",\"caption\":\"Comptoir National de l'Or\"},\"description\":\"Notre r\u00e9daction est constitu\u00e9e de membres experts dans les m\u00e9tiers de l'\u00e9conomie et la gestion, des Responsables d'agence Comptoir National de l'Or, des analystes financiers qui publient r\u00e9guli\u00e8rement des \u00e9tudes sur les politiques des banques centrales, le cours de l'or, prix de l'or, cours de l'argent, prix de l'argent, cours du platine, cours du palladium,... la situation en zone euro et l'impact de la strat\u00e9gie mon\u00e9taire de la FED. Notre \u00e9quipe scrute \u00e9galement une information plus g\u00e9n\u00e9raliste \u00e0 la recherche d'actualit\u00e9 \\\"p\u00e9pite\\\" \u00e0 vous partager. Depuis 5 ans, nous avons publi\u00e9 un peu plus de 4000 articles qui s'adressent \u00e0 un public large et vari\u00e9 ayant pour objectif de satisfaire votre curiosit\u00e9 et de partager avec vous une certaine fascination pour le m\u00e9tal jaune, le rachat d'or, et pour ceux qui veulent investir dans l'or, vendre leur or tout simplement en savoir plus... Pour tous vos achat or et argent, n'h\u00e9sitez pas \u00e0 prendre rendez-vous dans l'un de nos nombreux comptoirs.\",\"sameAs\":[\"https:\\\/\\\/www.gold.fr\"]}]}<\/script>\n<!-- \/ Yoast SEO plugin. -->","yoast_head_json":{"title":"Le sc\u00e9nario noir que personne n\u2019\u00e9voque : et si l\u2019or montait pour de mauvaises raisons en 2026 ? - Gold.fr","robots":{"index":"index","follow":"follow","max-snippet":"max-snippet:-1","max-image-preview":"max-image-preview:large","max-video-preview":"max-video-preview:-1"},"canonical":"https:\/\/www.gold.fr\/news\/2025\/12\/09\/le-scenario-noir-que-personne-nevoque-et-si-lor-montait-pour-de-mauvaises-raisons-en-2026\/","og_locale":"fr_FR","og_type":"article","og_title":"Le sc\u00e9nario noir que personne n\u2019\u00e9voque : et si l\u2019or montait pour de mauvaises raisons en 2026 ? - Gold.fr","og_description":"Et si la hausse de l\u2019or en 2026 n\u2019\u00e9tait pas une bonne nouvelle ?Et si ce rally tant attendu par les investisseurs r\u00e9v\u00e9lait en r\u00e9alit\u00e9 un d\u00e9r\u00e8glement profond du syst\u00e8me financier mondial ?C\u2019est l\u2019hypoth\u00e8se que plusieurs [&hellip;]","og_url":"https:\/\/www.gold.fr\/news\/2025\/12\/09\/le-scenario-noir-que-personne-nevoque-et-si-lor-montait-pour-de-mauvaises-raisons-en-2026\/","og_site_name":"Gold.fr","article_publisher":"https:\/\/www.facebook.com\/Goldfr\/","article_published_time":"2025-12-09T19:26:31+00:00","article_modified_time":"2025-12-15T11:29:20+00:00","og_image":[{"width":1536,"height":1024,"url":"https:\/\/www.gold.fr\/news\/wp-content\/uploads\/2025\/12\/ChatGPT-Image-9-dec.-2025-20_25_58.png","type":"image\/png"}],"author":"Comptoir National de l'Or","twitter_card":"summary_large_image","twitter_misc":{"\u00c9crit par":"Comptoir National de l'Or","Dur\u00e9e de lecture estim\u00e9e":"4 minutes"},"schema":{"@context":"https:\/\/schema.org","@graph":[{"@type":"Article","@id":"https:\/\/www.gold.fr\/news\/2025\/12\/09\/le-scenario-noir-que-personne-nevoque-et-si-lor-montait-pour-de-mauvaises-raisons-en-2026\/#article","isPartOf":{"@id":"https:\/\/www.gold.fr\/news\/2025\/12\/09\/le-scenario-noir-que-personne-nevoque-et-si-lor-montait-pour-de-mauvaises-raisons-en-2026\/"},"author":{"name":"Comptoir National de l'Or","@id":"https:\/\/www.gold.fr\/news\/#\/schema\/person\/070491b4b4fb7671bf59b3be20302ce9"},"headline":"Le sc\u00e9nario noir que personne n\u2019\u00e9voque : et si l\u2019or montait pour de mauvaises raisons en 2026 ?","datePublished":"2025-12-09T19:26:31+00:00","dateModified":"2025-12-15T11:29:20+00:00","mainEntityOfPage":{"@id":"https:\/\/www.gold.fr\/news\/2025\/12\/09\/le-scenario-noir-que-personne-nevoque-et-si-lor-montait-pour-de-mauvaises-raisons-en-2026\/"},"wordCount":889,"image":{"@id":"https:\/\/www.gold.fr\/news\/2025\/12\/09\/le-scenario-noir-que-personne-nevoque-et-si-lor-montait-pour-de-mauvaises-raisons-en-2026\/#primaryimage"},"thumbnailUrl":"https:\/\/www.gold.fr\/news\/wp-content\/uploads\/2025\/12\/ChatGPT-Image-9-dec.-2025-20_25_58.png","articleSection":["News"],"inLanguage":"fr-FR"},{"@type":"WebPage","@id":"https:\/\/www.gold.fr\/news\/2025\/12\/09\/le-scenario-noir-que-personne-nevoque-et-si-lor-montait-pour-de-mauvaises-raisons-en-2026\/","url":"https:\/\/www.gold.fr\/news\/2025\/12\/09\/le-scenario-noir-que-personne-nevoque-et-si-lor-montait-pour-de-mauvaises-raisons-en-2026\/","name":"Le sc\u00e9nario noir que personne n\u2019\u00e9voque : et si l\u2019or montait pour de mauvaises raisons en 2026 ? - Gold.fr","isPartOf":{"@id":"https:\/\/www.gold.fr\/news\/#website"},"primaryImageOfPage":{"@id":"https:\/\/www.gold.fr\/news\/2025\/12\/09\/le-scenario-noir-que-personne-nevoque-et-si-lor-montait-pour-de-mauvaises-raisons-en-2026\/#primaryimage"},"image":{"@id":"https:\/\/www.gold.fr\/news\/2025\/12\/09\/le-scenario-noir-que-personne-nevoque-et-si-lor-montait-pour-de-mauvaises-raisons-en-2026\/#primaryimage"},"thumbnailUrl":"https:\/\/www.gold.fr\/news\/wp-content\/uploads\/2025\/12\/ChatGPT-Image-9-dec.-2025-20_25_58.png","datePublished":"2025-12-09T19:26:31+00:00","dateModified":"2025-12-15T11:29:20+00:00","author":{"@id":"https:\/\/www.gold.fr\/news\/#\/schema\/person\/070491b4b4fb7671bf59b3be20302ce9"},"breadcrumb":{"@id":"https:\/\/www.gold.fr\/news\/2025\/12\/09\/le-scenario-noir-que-personne-nevoque-et-si-lor-montait-pour-de-mauvaises-raisons-en-2026\/#breadcrumb"},"inLanguage":"fr-FR","potentialAction":[{"@type":"ReadAction","target":["https:\/\/www.gold.fr\/news\/2025\/12\/09\/le-scenario-noir-que-personne-nevoque-et-si-lor-montait-pour-de-mauvaises-raisons-en-2026\/"]}]},{"@type":"ImageObject","inLanguage":"fr-FR","@id":"https:\/\/www.gold.fr\/news\/2025\/12\/09\/le-scenario-noir-que-personne-nevoque-et-si-lor-montait-pour-de-mauvaises-raisons-en-2026\/#primaryimage","url":"https:\/\/www.gold.fr\/news\/wp-content\/uploads\/2025\/12\/ChatGPT-Image-9-dec.-2025-20_25_58.png","contentUrl":"https:\/\/www.gold.fr\/news\/wp-content\/uploads\/2025\/12\/ChatGPT-Image-9-dec.-2025-20_25_58.png","width":1536,"height":1024},{"@type":"BreadcrumbList","@id":"https:\/\/www.gold.fr\/news\/2025\/12\/09\/le-scenario-noir-que-personne-nevoque-et-si-lor-montait-pour-de-mauvaises-raisons-en-2026\/#breadcrumb","itemListElement":[{"@type":"ListItem","position":1,"name":"Accueil","item":"https:\/\/www.gold.fr\/"},{"@type":"ListItem","position":2,"name":"Actualit\u00e9s","item":"https:\/\/www.gold.fr\/news\/"},{"@type":"ListItem","position":3,"name":"Le sc\u00e9nario noir que personne n\u2019\u00e9voque : et si l\u2019or montait pour de mauvaises raisons en 2026 ?"}]},{"@type":"WebSite","@id":"https:\/\/www.gold.fr\/news\/#website","url":"https:\/\/www.gold.fr\/news\/","name":"Gold.fr","description":"Actualit\u00e9s de l&#039;Or et des m\u00e9taux pr\u00e9cieux","potentialAction":[{"@type":"SearchAction","target":{"@type":"EntryPoint","urlTemplate":"https:\/\/www.gold.fr\/news\/?s={search_term_string}"},"query-input":{"@type":"PropertyValueSpecification","valueRequired":true,"valueName":"search_term_string"}}],"inLanguage":"fr-FR"},{"@type":"Person","@id":"https:\/\/www.gold.fr\/news\/#\/schema\/person\/070491b4b4fb7671bf59b3be20302ce9","name":"Comptoir National de l'Or","image":{"@type":"ImageObject","inLanguage":"fr-FR","@id":"https:\/\/secure.gravatar.com\/avatar\/0a2867fd5abe37bed95d5a65e9d58f01756e11efc68af9888dfc50cfa7f65948?s=96&d=mm&r=gb490554db0a38188709de567aa58480d","url":"https:\/\/secure.gravatar.com\/avatar\/0a2867fd5abe37bed95d5a65e9d58f01756e11efc68af9888dfc50cfa7f65948?s=96&d=mm&r=g","contentUrl":"https:\/\/secure.gravatar.com\/avatar\/0a2867fd5abe37bed95d5a65e9d58f01756e11efc68af9888dfc50cfa7f65948?s=96&d=mm&r=g","caption":"Comptoir National de l'Or"},"description":"Notre r\u00e9daction est constitu\u00e9e de membres experts dans les m\u00e9tiers de l'\u00e9conomie et la gestion, des Responsables d'agence Comptoir National de l'Or, des analystes financiers qui publient r\u00e9guli\u00e8rement des \u00e9tudes sur les politiques des banques centrales, le cours de l'or, prix de l'or, cours de l'argent, prix de l'argent, cours du platine, cours du palladium,... la situation en zone euro et l'impact de la strat\u00e9gie mon\u00e9taire de la FED. Notre \u00e9quipe scrute \u00e9galement une information plus g\u00e9n\u00e9raliste \u00e0 la recherche d'actualit\u00e9 \"p\u00e9pite\" \u00e0 vous partager. Depuis 5 ans, nous avons publi\u00e9 un peu plus de 4000 articles qui s'adressent \u00e0 un public large et vari\u00e9 ayant pour objectif de satisfaire votre curiosit\u00e9 et de partager avec vous une certaine fascination pour le m\u00e9tal jaune, le rachat d'or, et pour ceux qui veulent investir dans l'or, vendre leur or tout simplement en savoir plus... Pour tous vos achat or et argent, n'h\u00e9sitez pas \u00e0 prendre rendez-vous dans l'un de nos nombreux comptoirs.","sameAs":["https:\/\/www.gold.fr"]}]}},"authors":[{"term_id":2565,"user_id":18,"is_guest":0,"slug":"julie","display_name":"Comptoir National de l'Or","avatar_url":"https:\/\/secure.gravatar.com\/avatar\/713f289e398d35ead876c4a4cc08607f0d6d266058cfc25683fffb6092d0e572?s=96&d=mm&r=g","0":null,"1":"","2":"","3":"","4":"","5":"","6":"","7":"","8":""}],"_links":{"self":[{"href":"https:\/\/www.gold.fr\/news\/wp-json\/wp\/v2\/posts\/50046","targetHints":{"allow":["GET"]}}],"collection":[{"href":"https:\/\/www.gold.fr\/news\/wp-json\/wp\/v2\/posts"}],"about":[{"href":"https:\/\/www.gold.fr\/news\/wp-json\/wp\/v2\/types\/post"}],"author":[{"embeddable":true,"href":"https:\/\/www.gold.fr\/news\/wp-json\/wp\/v2\/users\/18"}],"replies":[{"embeddable":true,"href":"https:\/\/www.gold.fr\/news\/wp-json\/wp\/v2\/comments?post=50046"}],"version-history":[{"count":2,"href":"https:\/\/www.gold.fr\/news\/wp-json\/wp\/v2\/posts\/50046\/revisions"}],"predecessor-version":[{"id":50223,"href":"https:\/\/www.gold.fr\/news\/wp-json\/wp\/v2\/posts\/50046\/revisions\/50223"}],"wp:featuredmedia":[{"embeddable":true,"href":"https:\/\/www.gold.fr\/news\/wp-json\/wp\/v2\/media\/50047"}],"wp:attachment":[{"href":"https:\/\/www.gold.fr\/news\/wp-json\/wp\/v2\/media?parent=50046"}],"wp:term":[{"taxonomy":"category","embeddable":true,"href":"https:\/\/www.gold.fr\/news\/wp-json\/wp\/v2\/categories?post=50046"},{"taxonomy":"post_tag","embeddable":true,"href":"https:\/\/www.gold.fr\/news\/wp-json\/wp\/v2\/tags?post=50046"},{"taxonomy":"author","embeddable":true,"href":"https:\/\/www.gold.fr\/news\/wp-json\/wp\/v2\/ppma_author?post=50046"}],"curies":[{"name":"wp","href":"https:\/\/api.w.org\/{rel}","templated":true}]}}