{"id":50037,"date":"2025-12-09T20:01:11","date_gmt":"2025-12-09T19:01:11","guid":{"rendered":"https:\/\/www.gold.fr\/news\/?p=50037"},"modified":"2025-12-15T12:30:23","modified_gmt":"2025-12-15T11:30:23","slug":"lor-bloque-en-attente-de-la-decision-de-la-fed","status":"publish","type":"post","link":"https:\/\/www.gold.fr\/news\/2025\/12\/09\/lor-bloque-en-attente-de-la-decision-de-la-fed\/","title":{"rendered":"L\u2019or bloqu\u00e9 en attente de la d\u00e9cision de la Fed"},"content":{"rendered":"<p data-start=\"260\" data-end=\"471\">Le march\u00e9 retient son souffle. Depuis plusieurs jours, le cours de l\u2019or semble fig\u00e9, comme paralys\u00e9 par une seule question : <strong data-start=\"385\" data-end=\"440\">que va d\u00e9cider la R\u00e9serve f\u00e9d\u00e9rale am\u00e9ricaine (Fed)<\/strong> lors de sa prochaine r\u00e9union ?<\/p>\n<h2 data-start=\"473\" data-end=\"551\">Pourquoi l\u2019or ne bouge presque plus : ce que personne n\u2019explique vraiment<\/h2>\n<p data-start=\"552\" data-end=\"794\">En temps normal, l\u2019or r\u00e9agit vivement \u00e0 la moindre donn\u00e9e \u00e9conomique. Mais cette fois, un ph\u00e9nom\u00e8ne \u00e9tonne les analystes : <strong data-start=\"675\" data-end=\"735\">le m\u00e9tal jaune \u00e9volue dans un couloir extr\u00eamement \u00e9troit<\/strong>, malgr\u00e9 une volatilit\u00e9 historique sur les taux am\u00e9ricains.<\/p>\n<p data-start=\"796\" data-end=\"939\">Pourquoi ce calme \u00e9trange ?<br data-start=\"823\" data-end=\"826\" \/>Parce que <strong data-start=\"836\" data-end=\"861\">tout d\u00e9pend de la Fed<\/strong>, et le march\u00e9 refuse de prendre position avant d\u2019en conna\u00eetre la trajectoire.<\/p>\n<p data-start=\"941\" data-end=\"1250\">Selon les experts du Comptoir National de l\u2019Or (<a class=\"decorated-link\" href=\"http:\/\/www.gold.fr\" target=\"_new\" rel=\"noopener\" data-start=\"989\" data-end=\"1000\">www.gold.fr<\/a>), cette phase de calme apparent est typique des moments qui pr\u00e9c\u00e8dent une annonce majeure de politique mon\u00e9taire : \u00ab Les investisseurs se placent en mode attente. Le moindre mot de la Fed peut inverser la tendance du dollar, et donc celle de l\u2019or \u00bb.<\/p>\n<h2 data-start=\"1252\" data-end=\"1327\">Comment une seule phrase de la Fed peut faire basculer le prix de l\u2019or<\/h2>\n<p data-start=\"1328\" data-end=\"1355\">Le m\u00e9canisme est simple :<\/p>\n<ul data-start=\"1357\" data-end=\"1685\">\n<li data-start=\"1357\" data-end=\"1538\">\n<p data-start=\"1359\" data-end=\"1538\"><strong data-start=\"1359\" data-end=\"1413\">Si la Fed annonce une pause ou une baisse des taux<\/strong>, le dollar s\u2019affaiblit.<br data-start=\"1437\" data-end=\"1440\" \/>L\u2019or, valoris\u00e9 en dollars, devient m\u00e9caniquement plus attractif \u2192 <strong data-start=\"1506\" data-end=\"1537\">hausse potentielle du cours<\/strong>.<\/p>\n<\/li>\n<li data-start=\"1540\" data-end=\"1685\">\n<p data-start=\"1542\" data-end=\"1685\"><strong data-start=\"1542\" data-end=\"1583\">Si la Fed adopte un ton plus agressif<\/strong>, en promettant de maintenir les taux \u00e9lev\u00e9s, le dollar se renforce \u2192 <strong data-start=\"1653\" data-end=\"1684\">pression baissi\u00e8re sur l\u2019or<\/strong>.<\/p>\n<\/li>\n<\/ul>\n<p data-start=\"1687\" data-end=\"1828\">C\u2019est ce dilemme qui fige actuellement le march\u00e9.<br data-start=\"1736\" data-end=\"1739\" \/>Les investisseurs ne veulent ni acheter trop t\u00f4t\u2026 ni vendre juste avant un rebond massif.<\/p>\n<h2 data-start=\"1830\" data-end=\"1921\">Ce chiffre que personne ne montre : la corr\u00e9lation or\/dollar atteint un niveau extr\u00eame<\/h2>\n<p data-start=\"1922\" data-end=\"2157\">Selon les donn\u00e9es du <strong data-start=\"1943\" data-end=\"1988\">World Gold Council (<a class=\"decorated-link\" href=\"https:\/\/www.gold.org\" target=\"_new\" rel=\"noopener\" data-start=\"1965\" data-end=\"1985\">https:\/\/www.gold.org<\/a>)<\/strong>, l\u2019inverse-corr\u00e9lation entre le dollar et le m\u00e9tal jaune a rarement \u00e9t\u00e9 aussi forte.<br data-start=\"2073\" data-end=\"2076\" \/>Autrement dit, <strong data-start=\"2091\" data-end=\"2156\">chaque mouvement du billet vert a un impact amplifi\u00e9 sur l\u2019or<\/strong>.<\/p>\n<p data-start=\"2159\" data-end=\"2261\">Un renforcement du dollar ces derni\u00e8res semaines a d\u2019ailleurs limit\u00e9 la progression du m\u00e9tal, malgr\u00e9 :<\/p>\n<ul data-start=\"2263\" data-end=\"2391\">\n<li data-start=\"2263\" data-end=\"2308\">\n<p data-start=\"2265\" data-end=\"2308\">une demande solide des banques centrales,<\/p>\n<\/li>\n<li data-start=\"2309\" data-end=\"2340\">\n<p data-start=\"2311\" data-end=\"2340\">des tensions g\u00e9opolitiques,<\/p>\n<\/li>\n<li data-start=\"2341\" data-end=\"2391\">\n<p data-start=\"2343\" data-end=\"2391\">et un app\u00e9tit croissant pour les valeurs refuge.<\/p>\n<\/li>\n<\/ul>\n<p data-start=\"2393\" data-end=\"2578\">Ce d\u00e9calage entre fondamentaux haussiers et prix bloqu\u00e9 cr\u00e9e une situation explosive : <strong data-start=\"2480\" data-end=\"2578\">il suffirait d\u2019un signal accommodant de la Fed pour que l\u2019or reparte brusquement vers l\u2019avant.<\/strong><\/p>\n<h2 data-start=\"2580\" data-end=\"2651\">Pourquoi les investisseurs se pr\u00e9parent \u00e0 une d\u00e9cision \u201ccharni\u00e8re\u201d<\/h2>\n<p data-start=\"2652\" data-end=\"2802\">L\u2019incertitude actuelle n\u2019est pas seulement mon\u00e9taire :<br data-start=\"2706\" data-end=\"2709\" \/>elle touche aussi <strong data-start=\"2727\" data-end=\"2753\">l\u2019inflation am\u00e9ricaine<\/strong>, qui refuse de redescendre aussi vite que pr\u00e9vu.<\/p>\n<p data-start=\"2804\" data-end=\"2974\">Si la Fed confirme que la lutte contre l\u2019inflation n\u2019est pas termin\u00e9e, le march\u00e9 pourrait interpr\u00e9ter cela comme la promesse d\u2019une politique rigide plus longue que pr\u00e9vu.<\/p>\n<p data-start=\"2976\" data-end=\"3125\">\u00c0 l\u2019inverse, si le discours est plus conciliant \u2014 m\u00eame l\u00e9g\u00e8rement \u2014 les op\u00e9rateurs y verront <strong data-start=\"3069\" data-end=\"3124\">le signal tant attendu d\u2019un cycle d\u2019assouplissement<\/strong>.<\/p>\n<p data-start=\"3127\" data-end=\"3179\">Dans les deux cas, l\u2019or r\u00e9agira. Et il r\u00e9agira fort.<\/p>\n<h2 data-start=\"3181\" data-end=\"3249\">Que faire face \u00e0 un march\u00e9 qui attend\u2026 mais qui peut exploser ?<\/h2>\n<p data-start=\"3250\" data-end=\"3384\">Les sp\u00e9cialistes du Comptoir National de l\u2019Or rappellent un principe simple :<br data-start=\"3327\" data-end=\"3330\" \/><strong data-start=\"3330\" data-end=\"3366\">l\u2019or est un actif d\u2019anticipation<\/strong>, pas de r\u00e9action.<\/p>\n<p data-start=\"3386\" data-end=\"3551\">Lorsque les mouvements sont d\u00e9clench\u00e9s par les banques centrales, ils sont souvent rapides, violents, et difficiles \u00e0 suivre pour ceux qui attendent \u201cle bon moment\u201d.<\/p>\n<p data-start=\"3553\" data-end=\"3731\">Historiquement, les investisseurs qui utilisent l\u2019or comme assurance patrimoniale l\u2019acqui\u00e8rent <strong data-start=\"3648\" data-end=\"3657\">avant<\/strong> les d\u00e9cisions majeures, non apr\u00e8s, pour \u00e9viter d\u2019acheter dans la panique.<\/p>\n<h2 data-start=\"3733\" data-end=\"3787\">Conclusion : un calme trompeur avant la temp\u00eate ?<\/h2>\n<p data-start=\"3788\" data-end=\"3955\">Le march\u00e9 de l\u2019or semble immobile.<br data-start=\"3822\" data-end=\"3825\" \/>Mais derri\u00e8re cette immobilit\u00e9 se cache une tension extr\u00eame, construite autour d\u2019une seule phrase qui sera prononc\u00e9e \u00e0 Washington.<\/p>\n<p data-start=\"3957\" data-end=\"4128\">Lorsque la Fed parlera, l\u2019or pourrait <strong data-start=\"3995\" data-end=\"4033\">enfin sortir de son couloir \u00e9troit<\/strong>.<br data-start=\"4034\" data-end=\"4037\" \/>Vers le haut ou vers le bas\u2026 tout d\u00e9pendra du ton adopt\u00e9 par la banque centrale am\u00e9ricaine.<\/p>\n<a href=\"https:\/\/support.gold.fr\/fr\/livreblanc-investir-dans-l-or-gdn2024-sj\" target=\"_blank\" class=\"goldCTA\">\n    <img decoding=\"async\" src=\"https:\/\/www.gold.fr\/news\/wp-content\/uploads\/2024\/09\/Couverture-LB-quel-budget-pour-investir-dans-lor.png\" alt=\"\" \/>    <div class=\"rightPart\">\n        <div class=\"content\">\n            <\/p>\n<p>Vous souhaitez investir dans l&rsquo;or ?<\/p>\n<p>Vous h\u00e9sitez \u00e0 diversifier votre portefeuille ? Pourquoi ne pas investir dans l&rsquo;or ? Notre guide vous permettra d&rsquo;affiner votre r\u00e9flexion gr\u00e2ce \u00e0 des exemples de pi\u00e8ces et lingots d&rsquo;or que vous pourriez acqu\u00e9rir avec votre budget.<\/p>\n<p>        <\/div>\n                <span class=\"button\">Je souhaite investir dans l'or !<\/span>\n            <\/div>\n<\/a>\n<!-- AddThis Advanced Settings generic via filter on the_content --><!-- AddThis Share Buttons generic via filter on the_content -->","protected":false},"excerpt":{"rendered":"<p>Le march\u00e9 retient son souffle. Depuis plusieurs jours, le cours de l\u2019or semble fig\u00e9, comme paralys\u00e9 par une seule question : que va d\u00e9cider la R\u00e9serve f\u00e9d\u00e9rale am\u00e9ricaine (Fed) lors de sa prochaine r\u00e9union ? Pourquoi [&hellip;]<\/p>\n","protected":false},"author":18,"featured_media":50038,"comment_status":"closed","ping_status":"closed","sticky":false,"template":"","format":"standard","meta":{"_mbp_gutenberg_autopost":false,"_pgmb_is_evergreen":false,"_pgmb_ap_template_id":0,"footnotes":""},"categories":[2558],"tags":[],"ppma_author":[2565],"class_list":["post-50037","post","type-post","status-publish","format-standard","has-post-thumbnail","hentry","category-news"],"yoast_head":"<!-- This site is optimized with the Yoast SEO plugin v27.5 - https:\/\/yoast.com\/product\/yoast-seo-wordpress\/ -->\n<title>L\u2019or bloqu\u00e9 en attente de la d\u00e9cision de la Fed - Gold.fr<\/title>\n<meta name=\"robots\" content=\"index, follow, max-snippet:-1, max-image-preview:large, max-video-preview:-1\" \/>\n<link rel=\"canonical\" href=\"https:\/\/www.gold.fr\/news\/2025\/12\/09\/lor-bloque-en-attente-de-la-decision-de-la-fed\/\" \/>\n<meta property=\"og:locale\" content=\"fr_FR\" \/>\n<meta property=\"og:type\" content=\"article\" \/>\n<meta property=\"og:title\" content=\"L\u2019or bloqu\u00e9 en attente de la d\u00e9cision de la Fed - Gold.fr\" \/>\n<meta property=\"og:description\" content=\"Le march\u00e9 retient son souffle. Depuis plusieurs jours, le cours de l\u2019or semble fig\u00e9, comme paralys\u00e9 par une seule question : que va d\u00e9cider la R\u00e9serve f\u00e9d\u00e9rale am\u00e9ricaine (Fed) lors de sa prochaine r\u00e9union ? Pourquoi [&hellip;]\" \/>\n<meta property=\"og:url\" content=\"https:\/\/www.gold.fr\/news\/2025\/12\/09\/lor-bloque-en-attente-de-la-decision-de-la-fed\/\" \/>\n<meta property=\"og:site_name\" content=\"Gold.fr\" \/>\n<meta property=\"article:publisher\" content=\"https:\/\/www.facebook.com\/Goldfr\/\" \/>\n<meta property=\"article:published_time\" content=\"2025-12-09T19:01:11+00:00\" \/>\n<meta property=\"article:modified_time\" content=\"2025-12-15T11:30:23+00:00\" \/>\n<meta property=\"og:image\" content=\"https:\/\/www.gold.fr\/news\/wp-content\/uploads\/2025\/12\/ChatGPT-Image-9-dec.-2025-20_00_27-1024x683.png\" \/>\n\t<meta property=\"og:image:width\" content=\"1024\" \/>\n\t<meta property=\"og:image:height\" content=\"683\" \/>\n\t<meta property=\"og:image:type\" content=\"image\/png\" \/>\n<meta name=\"author\" content=\"Comptoir National de l&#039;Or\" \/>\n<meta name=\"twitter:card\" content=\"summary_large_image\" \/>\n<meta name=\"twitter:label1\" content=\"\u00c9crit par\" \/>\n\t<meta name=\"twitter:data1\" content=\"Comptoir National de l&#039;Or\" \/>\n\t<meta name=\"twitter:label2\" content=\"Dur\u00e9e de lecture estim\u00e9e\" \/>\n\t<meta name=\"twitter:data2\" content=\"4 minutes\" \/>\n<script type=\"application\/ld+json\" class=\"yoast-schema-graph\">{\"@context\":\"https:\\\/\\\/schema.org\",\"@graph\":[{\"@type\":\"Article\",\"@id\":\"https:\\\/\\\/www.gold.fr\\\/news\\\/2025\\\/12\\\/09\\\/lor-bloque-en-attente-de-la-decision-de-la-fed\\\/#article\",\"isPartOf\":{\"@id\":\"https:\\\/\\\/www.gold.fr\\\/news\\\/2025\\\/12\\\/09\\\/lor-bloque-en-attente-de-la-decision-de-la-fed\\\/\"},\"author\":{\"name\":\"Comptoir National de l'Or\",\"@id\":\"https:\\\/\\\/www.gold.fr\\\/news\\\/#\\\/schema\\\/person\\\/070491b4b4fb7671bf59b3be20302ce9\"},\"headline\":\"L\u2019or bloqu\u00e9 en attente de la d\u00e9cision de la Fed\",\"datePublished\":\"2025-12-09T19:01:11+00:00\",\"dateModified\":\"2025-12-15T11:30:23+00:00\",\"mainEntityOfPage\":{\"@id\":\"https:\\\/\\\/www.gold.fr\\\/news\\\/2025\\\/12\\\/09\\\/lor-bloque-en-attente-de-la-decision-de-la-fed\\\/\"},\"wordCount\":761,\"image\":{\"@id\":\"https:\\\/\\\/www.gold.fr\\\/news\\\/2025\\\/12\\\/09\\\/lor-bloque-en-attente-de-la-decision-de-la-fed\\\/#primaryimage\"},\"thumbnailUrl\":\"https:\\\/\\\/www.gold.fr\\\/news\\\/wp-content\\\/uploads\\\/2025\\\/12\\\/ChatGPT-Image-9-dec.-2025-20_00_27.png\",\"articleSection\":[\"News\"],\"inLanguage\":\"fr-FR\"},{\"@type\":\"WebPage\",\"@id\":\"https:\\\/\\\/www.gold.fr\\\/news\\\/2025\\\/12\\\/09\\\/lor-bloque-en-attente-de-la-decision-de-la-fed\\\/\",\"url\":\"https:\\\/\\\/www.gold.fr\\\/news\\\/2025\\\/12\\\/09\\\/lor-bloque-en-attente-de-la-decision-de-la-fed\\\/\",\"name\":\"L\u2019or bloqu\u00e9 en attente de la d\u00e9cision de la Fed - Gold.fr\",\"isPartOf\":{\"@id\":\"https:\\\/\\\/www.gold.fr\\\/news\\\/#website\"},\"primaryImageOfPage\":{\"@id\":\"https:\\\/\\\/www.gold.fr\\\/news\\\/2025\\\/12\\\/09\\\/lor-bloque-en-attente-de-la-decision-de-la-fed\\\/#primaryimage\"},\"image\":{\"@id\":\"https:\\\/\\\/www.gold.fr\\\/news\\\/2025\\\/12\\\/09\\\/lor-bloque-en-attente-de-la-decision-de-la-fed\\\/#primaryimage\"},\"thumbnailUrl\":\"https:\\\/\\\/www.gold.fr\\\/news\\\/wp-content\\\/uploads\\\/2025\\\/12\\\/ChatGPT-Image-9-dec.-2025-20_00_27.png\",\"datePublished\":\"2025-12-09T19:01:11+00:00\",\"dateModified\":\"2025-12-15T11:30:23+00:00\",\"author\":{\"@id\":\"https:\\\/\\\/www.gold.fr\\\/news\\\/#\\\/schema\\\/person\\\/070491b4b4fb7671bf59b3be20302ce9\"},\"breadcrumb\":{\"@id\":\"https:\\\/\\\/www.gold.fr\\\/news\\\/2025\\\/12\\\/09\\\/lor-bloque-en-attente-de-la-decision-de-la-fed\\\/#breadcrumb\"},\"inLanguage\":\"fr-FR\",\"potentialAction\":[{\"@type\":\"ReadAction\",\"target\":[\"https:\\\/\\\/www.gold.fr\\\/news\\\/2025\\\/12\\\/09\\\/lor-bloque-en-attente-de-la-decision-de-la-fed\\\/\"]}]},{\"@type\":\"ImageObject\",\"inLanguage\":\"fr-FR\",\"@id\":\"https:\\\/\\\/www.gold.fr\\\/news\\\/2025\\\/12\\\/09\\\/lor-bloque-en-attente-de-la-decision-de-la-fed\\\/#primaryimage\",\"url\":\"https:\\\/\\\/www.gold.fr\\\/news\\\/wp-content\\\/uploads\\\/2025\\\/12\\\/ChatGPT-Image-9-dec.-2025-20_00_27.png\",\"contentUrl\":\"https:\\\/\\\/www.gold.fr\\\/news\\\/wp-content\\\/uploads\\\/2025\\\/12\\\/ChatGPT-Image-9-dec.-2025-20_00_27.png\",\"width\":1536,\"height\":1024},{\"@type\":\"BreadcrumbList\",\"@id\":\"https:\\\/\\\/www.gold.fr\\\/news\\\/2025\\\/12\\\/09\\\/lor-bloque-en-attente-de-la-decision-de-la-fed\\\/#breadcrumb\",\"itemListElement\":[{\"@type\":\"ListItem\",\"position\":1,\"name\":\"Accueil\",\"item\":\"https:\\\/\\\/www.gold.fr\\\/\"},{\"@type\":\"ListItem\",\"position\":2,\"name\":\"Actualit\u00e9s\",\"item\":\"https:\\\/\\\/www.gold.fr\\\/news\\\/\"},{\"@type\":\"ListItem\",\"position\":3,\"name\":\"L\u2019or bloqu\u00e9 en attente de la d\u00e9cision de la Fed\"}]},{\"@type\":\"WebSite\",\"@id\":\"https:\\\/\\\/www.gold.fr\\\/news\\\/#website\",\"url\":\"https:\\\/\\\/www.gold.fr\\\/news\\\/\",\"name\":\"Gold.fr\",\"description\":\"Actualit\u00e9s de l&#039;Or et des m\u00e9taux pr\u00e9cieux\",\"potentialAction\":[{\"@type\":\"SearchAction\",\"target\":{\"@type\":\"EntryPoint\",\"urlTemplate\":\"https:\\\/\\\/www.gold.fr\\\/news\\\/?s={search_term_string}\"},\"query-input\":{\"@type\":\"PropertyValueSpecification\",\"valueRequired\":true,\"valueName\":\"search_term_string\"}}],\"inLanguage\":\"fr-FR\"},{\"@type\":\"Person\",\"@id\":\"https:\\\/\\\/www.gold.fr\\\/news\\\/#\\\/schema\\\/person\\\/070491b4b4fb7671bf59b3be20302ce9\",\"name\":\"Comptoir National de l'Or\",\"image\":{\"@type\":\"ImageObject\",\"inLanguage\":\"fr-FR\",\"@id\":\"https:\\\/\\\/secure.gravatar.com\\\/avatar\\\/0a2867fd5abe37bed95d5a65e9d58f01756e11efc68af9888dfc50cfa7f65948?s=96&d=mm&r=gb490554db0a38188709de567aa58480d\",\"url\":\"https:\\\/\\\/secure.gravatar.com\\\/avatar\\\/0a2867fd5abe37bed95d5a65e9d58f01756e11efc68af9888dfc50cfa7f65948?s=96&d=mm&r=g\",\"contentUrl\":\"https:\\\/\\\/secure.gravatar.com\\\/avatar\\\/0a2867fd5abe37bed95d5a65e9d58f01756e11efc68af9888dfc50cfa7f65948?s=96&d=mm&r=g\",\"caption\":\"Comptoir National de l'Or\"},\"description\":\"Notre r\u00e9daction est constitu\u00e9e de membres experts dans les m\u00e9tiers de l'\u00e9conomie et la gestion, des Responsables d'agence Comptoir National de l'Or, des analystes financiers qui publient r\u00e9guli\u00e8rement des \u00e9tudes sur les politiques des banques centrales, le cours de l'or, prix de l'or, cours de l'argent, prix de l'argent, cours du platine, cours du palladium,... la situation en zone euro et l'impact de la strat\u00e9gie mon\u00e9taire de la FED. Notre \u00e9quipe scrute \u00e9galement une information plus g\u00e9n\u00e9raliste \u00e0 la recherche d'actualit\u00e9 \\\"p\u00e9pite\\\" \u00e0 vous partager. Depuis 5 ans, nous avons publi\u00e9 un peu plus de 4000 articles qui s'adressent \u00e0 un public large et vari\u00e9 ayant pour objectif de satisfaire votre curiosit\u00e9 et de partager avec vous une certaine fascination pour le m\u00e9tal jaune, le rachat d'or, et pour ceux qui veulent investir dans l'or, vendre leur or tout simplement en savoir plus... Pour tous vos achat or et argent, n'h\u00e9sitez pas \u00e0 prendre rendez-vous dans l'un de nos nombreux comptoirs.\",\"sameAs\":[\"https:\\\/\\\/www.gold.fr\"]}]}<\/script>\n<!-- \/ Yoast SEO plugin. -->","yoast_head_json":{"title":"L\u2019or bloqu\u00e9 en attente de la d\u00e9cision de la Fed - Gold.fr","robots":{"index":"index","follow":"follow","max-snippet":"max-snippet:-1","max-image-preview":"max-image-preview:large","max-video-preview":"max-video-preview:-1"},"canonical":"https:\/\/www.gold.fr\/news\/2025\/12\/09\/lor-bloque-en-attente-de-la-decision-de-la-fed\/","og_locale":"fr_FR","og_type":"article","og_title":"L\u2019or bloqu\u00e9 en attente de la d\u00e9cision de la Fed - Gold.fr","og_description":"Le march\u00e9 retient son souffle. Depuis plusieurs jours, le cours de l\u2019or semble fig\u00e9, comme paralys\u00e9 par une seule question : que va d\u00e9cider la R\u00e9serve f\u00e9d\u00e9rale am\u00e9ricaine (Fed) lors de sa prochaine r\u00e9union ? Pourquoi [&hellip;]","og_url":"https:\/\/www.gold.fr\/news\/2025\/12\/09\/lor-bloque-en-attente-de-la-decision-de-la-fed\/","og_site_name":"Gold.fr","article_publisher":"https:\/\/www.facebook.com\/Goldfr\/","article_published_time":"2025-12-09T19:01:11+00:00","article_modified_time":"2025-12-15T11:30:23+00:00","og_image":[{"width":1024,"height":683,"url":"https:\/\/www.gold.fr\/news\/wp-content\/uploads\/2025\/12\/ChatGPT-Image-9-dec.-2025-20_00_27-1024x683.png","type":"image\/png"}],"author":"Comptoir National de l'Or","twitter_card":"summary_large_image","twitter_misc":{"\u00c9crit par":"Comptoir National de l'Or","Dur\u00e9e de lecture estim\u00e9e":"4 minutes"},"schema":{"@context":"https:\/\/schema.org","@graph":[{"@type":"Article","@id":"https:\/\/www.gold.fr\/news\/2025\/12\/09\/lor-bloque-en-attente-de-la-decision-de-la-fed\/#article","isPartOf":{"@id":"https:\/\/www.gold.fr\/news\/2025\/12\/09\/lor-bloque-en-attente-de-la-decision-de-la-fed\/"},"author":{"name":"Comptoir National de l'Or","@id":"https:\/\/www.gold.fr\/news\/#\/schema\/person\/070491b4b4fb7671bf59b3be20302ce9"},"headline":"L\u2019or bloqu\u00e9 en attente de la d\u00e9cision de la Fed","datePublished":"2025-12-09T19:01:11+00:00","dateModified":"2025-12-15T11:30:23+00:00","mainEntityOfPage":{"@id":"https:\/\/www.gold.fr\/news\/2025\/12\/09\/lor-bloque-en-attente-de-la-decision-de-la-fed\/"},"wordCount":761,"image":{"@id":"https:\/\/www.gold.fr\/news\/2025\/12\/09\/lor-bloque-en-attente-de-la-decision-de-la-fed\/#primaryimage"},"thumbnailUrl":"https:\/\/www.gold.fr\/news\/wp-content\/uploads\/2025\/12\/ChatGPT-Image-9-dec.-2025-20_00_27.png","articleSection":["News"],"inLanguage":"fr-FR"},{"@type":"WebPage","@id":"https:\/\/www.gold.fr\/news\/2025\/12\/09\/lor-bloque-en-attente-de-la-decision-de-la-fed\/","url":"https:\/\/www.gold.fr\/news\/2025\/12\/09\/lor-bloque-en-attente-de-la-decision-de-la-fed\/","name":"L\u2019or bloqu\u00e9 en attente de la d\u00e9cision de la Fed - Gold.fr","isPartOf":{"@id":"https:\/\/www.gold.fr\/news\/#website"},"primaryImageOfPage":{"@id":"https:\/\/www.gold.fr\/news\/2025\/12\/09\/lor-bloque-en-attente-de-la-decision-de-la-fed\/#primaryimage"},"image":{"@id":"https:\/\/www.gold.fr\/news\/2025\/12\/09\/lor-bloque-en-attente-de-la-decision-de-la-fed\/#primaryimage"},"thumbnailUrl":"https:\/\/www.gold.fr\/news\/wp-content\/uploads\/2025\/12\/ChatGPT-Image-9-dec.-2025-20_00_27.png","datePublished":"2025-12-09T19:01:11+00:00","dateModified":"2025-12-15T11:30:23+00:00","author":{"@id":"https:\/\/www.gold.fr\/news\/#\/schema\/person\/070491b4b4fb7671bf59b3be20302ce9"},"breadcrumb":{"@id":"https:\/\/www.gold.fr\/news\/2025\/12\/09\/lor-bloque-en-attente-de-la-decision-de-la-fed\/#breadcrumb"},"inLanguage":"fr-FR","potentialAction":[{"@type":"ReadAction","target":["https:\/\/www.gold.fr\/news\/2025\/12\/09\/lor-bloque-en-attente-de-la-decision-de-la-fed\/"]}]},{"@type":"ImageObject","inLanguage":"fr-FR","@id":"https:\/\/www.gold.fr\/news\/2025\/12\/09\/lor-bloque-en-attente-de-la-decision-de-la-fed\/#primaryimage","url":"https:\/\/www.gold.fr\/news\/wp-content\/uploads\/2025\/12\/ChatGPT-Image-9-dec.-2025-20_00_27.png","contentUrl":"https:\/\/www.gold.fr\/news\/wp-content\/uploads\/2025\/12\/ChatGPT-Image-9-dec.-2025-20_00_27.png","width":1536,"height":1024},{"@type":"BreadcrumbList","@id":"https:\/\/www.gold.fr\/news\/2025\/12\/09\/lor-bloque-en-attente-de-la-decision-de-la-fed\/#breadcrumb","itemListElement":[{"@type":"ListItem","position":1,"name":"Accueil","item":"https:\/\/www.gold.fr\/"},{"@type":"ListItem","position":2,"name":"Actualit\u00e9s","item":"https:\/\/www.gold.fr\/news\/"},{"@type":"ListItem","position":3,"name":"L\u2019or bloqu\u00e9 en attente de la d\u00e9cision de la Fed"}]},{"@type":"WebSite","@id":"https:\/\/www.gold.fr\/news\/#website","url":"https:\/\/www.gold.fr\/news\/","name":"Gold.fr","description":"Actualit\u00e9s de l&#039;Or et des m\u00e9taux pr\u00e9cieux","potentialAction":[{"@type":"SearchAction","target":{"@type":"EntryPoint","urlTemplate":"https:\/\/www.gold.fr\/news\/?s={search_term_string}"},"query-input":{"@type":"PropertyValueSpecification","valueRequired":true,"valueName":"search_term_string"}}],"inLanguage":"fr-FR"},{"@type":"Person","@id":"https:\/\/www.gold.fr\/news\/#\/schema\/person\/070491b4b4fb7671bf59b3be20302ce9","name":"Comptoir National de l'Or","image":{"@type":"ImageObject","inLanguage":"fr-FR","@id":"https:\/\/secure.gravatar.com\/avatar\/0a2867fd5abe37bed95d5a65e9d58f01756e11efc68af9888dfc50cfa7f65948?s=96&d=mm&r=gb490554db0a38188709de567aa58480d","url":"https:\/\/secure.gravatar.com\/avatar\/0a2867fd5abe37bed95d5a65e9d58f01756e11efc68af9888dfc50cfa7f65948?s=96&d=mm&r=g","contentUrl":"https:\/\/secure.gravatar.com\/avatar\/0a2867fd5abe37bed95d5a65e9d58f01756e11efc68af9888dfc50cfa7f65948?s=96&d=mm&r=g","caption":"Comptoir National de l'Or"},"description":"Notre r\u00e9daction est constitu\u00e9e de membres experts dans les m\u00e9tiers de l'\u00e9conomie et la gestion, des Responsables d'agence Comptoir National de l'Or, des analystes financiers qui publient r\u00e9guli\u00e8rement des \u00e9tudes sur les politiques des banques centrales, le cours de l'or, prix de l'or, cours de l'argent, prix de l'argent, cours du platine, cours du palladium,... la situation en zone euro et l'impact de la strat\u00e9gie mon\u00e9taire de la FED. Notre \u00e9quipe scrute \u00e9galement une information plus g\u00e9n\u00e9raliste \u00e0 la recherche d'actualit\u00e9 \"p\u00e9pite\" \u00e0 vous partager. Depuis 5 ans, nous avons publi\u00e9 un peu plus de 4000 articles qui s'adressent \u00e0 un public large et vari\u00e9 ayant pour objectif de satisfaire votre curiosit\u00e9 et de partager avec vous une certaine fascination pour le m\u00e9tal jaune, le rachat d'or, et pour ceux qui veulent investir dans l'or, vendre leur or tout simplement en savoir plus... Pour tous vos achat or et argent, n'h\u00e9sitez pas \u00e0 prendre rendez-vous dans l'un de nos nombreux comptoirs.","sameAs":["https:\/\/www.gold.fr"]}]}},"authors":[{"term_id":2565,"user_id":18,"is_guest":0,"slug":"julie","display_name":"Comptoir National de l'Or","avatar_url":"https:\/\/secure.gravatar.com\/avatar\/713f289e398d35ead876c4a4cc08607f0d6d266058cfc25683fffb6092d0e572?s=96&d=mm&r=g","0":null,"1":"","2":"","3":"","4":"","5":"","6":"","7":"","8":""}],"_links":{"self":[{"href":"https:\/\/www.gold.fr\/news\/wp-json\/wp\/v2\/posts\/50037","targetHints":{"allow":["GET"]}}],"collection":[{"href":"https:\/\/www.gold.fr\/news\/wp-json\/wp\/v2\/posts"}],"about":[{"href":"https:\/\/www.gold.fr\/news\/wp-json\/wp\/v2\/types\/post"}],"author":[{"embeddable":true,"href":"https:\/\/www.gold.fr\/news\/wp-json\/wp\/v2\/users\/18"}],"replies":[{"embeddable":true,"href":"https:\/\/www.gold.fr\/news\/wp-json\/wp\/v2\/comments?post=50037"}],"version-history":[{"count":2,"href":"https:\/\/www.gold.fr\/news\/wp-json\/wp\/v2\/posts\/50037\/revisions"}],"predecessor-version":[{"id":50226,"href":"https:\/\/www.gold.fr\/news\/wp-json\/wp\/v2\/posts\/50037\/revisions\/50226"}],"wp:featuredmedia":[{"embeddable":true,"href":"https:\/\/www.gold.fr\/news\/wp-json\/wp\/v2\/media\/50038"}],"wp:attachment":[{"href":"https:\/\/www.gold.fr\/news\/wp-json\/wp\/v2\/media?parent=50037"}],"wp:term":[{"taxonomy":"category","embeddable":true,"href":"https:\/\/www.gold.fr\/news\/wp-json\/wp\/v2\/categories?post=50037"},{"taxonomy":"post_tag","embeddable":true,"href":"https:\/\/www.gold.fr\/news\/wp-json\/wp\/v2\/tags?post=50037"},{"taxonomy":"author","embeddable":true,"href":"https:\/\/www.gold.fr\/news\/wp-json\/wp\/v2\/ppma_author?post=50037"}],"curies":[{"name":"wp","href":"https:\/\/api.w.org\/{rel}","templated":true}]}}