{"id":49982,"date":"2025-12-08T09:00:14","date_gmt":"2025-12-08T08:00:14","guid":{"rendered":"https:\/\/www.gold.fr\/news\/?p=49982"},"modified":"2025-12-08T17:50:51","modified_gmt":"2025-12-08T16:50:51","slug":"ce-que-lactuelle-ruee-vers-lor-dit-de-notre-peur-du-futur-1765139474711","status":"publish","type":"post","link":"https:\/\/www.gold.fr\/news\/2025\/12\/08\/ce-que-lactuelle-ruee-vers-lor-dit-de-notre-peur-du-futur-1765139474711\/","title":{"rendered":"Ce que l&rsquo;actuelle ru\u00e9e vers l\u2019or dit de notre peur du futur"},"content":{"rendered":"<p>Depuis plusieurs mois, une tendance inattendue s\u2019impose : la demande mondiale en or atteint des niveaux rarement observ\u00e9s en dehors des crises majeures. Derri\u00e8re cette ru\u00e9e silencieuse se cache un malaise plus profond, presque instinctif : la peur du futur. Les investisseurs ne se contentent plus de diversifier ; ils cherchent \u00e0 se prot\u00e9ger d\u2019un monde qui semble devenir impr\u00e9visible.<\/p>\n<p><strong>Pourquoi la demande d\u2019or explose r\u00e9ellement en ce moment<\/strong><\/p>\n<p>Selon les derni\u00e8res donn\u00e9es du World Gold Council, les achats d\u2019or physique ont progress\u00e9 fortement en 2024 et 2025, port\u00e9s par les banques centrales mais aussi par les m\u00e9nages. Ce qui frappe les experts du <em>Comptoir national de l\u2019or<\/em> (<a href=\"http:\/\/www.gold.fr\">www.gold.fr<\/a>), ce n\u2019est pas seulement le volume, mais la raison invoqu\u00e9e par les acheteurs : la crainte d\u2019une instabilit\u00e9 durable. Inflation persistante, tensions g\u00e9opolitiques, volatilit\u00e9 des devises\u2026 Tout cela cr\u00e9e un climat o\u00f9 l\u2019or redevient le symbole mat\u00e9riel de la s\u00e9curit\u00e9.<\/p>\n<p><strong>Le retour de l\u2019or comme \u00ab\u00a0assurance psychologique\u00a0\u00bb<\/strong><\/p>\n<p>L\u2019or n\u2019est pas qu\u2019un actif financier. C\u2019est un refuge \u00e9motionnel. Lorsqu\u2019un investisseur ach\u00e8te un lingot aujourd\u2019hui, il ach\u00e8te aussi un sentiment de contr\u00f4le. Les crises successives ont r\u00e9veill\u00e9 un r\u00e9flexe ancestral : se tourner vers une valeur per\u00e7ue comme intemporelle. Les experts du <em>Comptoir national de l\u2019or<\/em> constatent que ce n\u2019est plus seulement une strat\u00e9gie patrimoniale, mais un geste de pr\u00e9servation face \u00e0 l\u2019inconnu.<\/p>\n<p><strong>Ce que cette ru\u00e9e r\u00e9v\u00e8le vraiment sur nos inqui\u00e9tudes<\/strong><\/p>\n<p>Cette vague d\u2019achats traduit surtout une profonde perte de confiance dans les institutions financi\u00e8res et politiques. Le public anticipe des ruptures possibles \u2014 qu\u2019il s\u2019agisse de crises \u00e9conomiques, de conflits ou de chocs \u00e9nerg\u00e9tiques. L\u2019or devient alors un garde-fou, une mani\u00e8re concr\u00e8te de pr\u00e9parer l\u2019avenir sans devoir pr\u00e9dire le sc\u00e9nario exact. Si cette dynamique se poursuit, elle pourrait continuer \u00e0 soutenir le prix de l\u2019or et modifier durablement le comportement des investisseurs.<\/p>\n<p><strong>Une tendance amplifi\u00e9e par les r\u00e9seaux sociaux et les crises r\u00e9centes<\/strong><\/p>\n<p>Les discussions autour de l\u2019incertitude mondiale se multiplient sur les plateformes sociales, alimentant un climat d\u2019anxi\u00e9t\u00e9 collective. Les vid\u00e9os et t\u00e9moignages d\u2019\u00e9pargnants cherchant \u00e0 s\u00e9curiser leurs \u00e9conomies ont un effet domino : plus les inqui\u00e9tudes se diffusent, plus l\u2019or appara\u00eet comme une \u00e9vidence. Les experts du <em>Comptoir national de l\u2019or<\/em> expliquent que ce ph\u00e9nom\u00e8ne de contagion \u00e9motionnelle n\u2019avait jamais \u00e9t\u00e9 aussi visible.<\/p>\n<p><strong>Un comportement qui pourrait annoncer une transformation durable du march\u00e9<\/strong><\/p>\n<p>Si la demande continue d\u2019\u00eatre tir\u00e9e par la psychologie plut\u00f4t que par la sp\u00e9culation, 2026 pourrait marquer un tournant historique. Le m\u00e9tal jaune deviendrait alors non seulement un investissement, mais un symbole de pr\u00e9paration face \u00e0 un avenir incertain. Une transformation qui pourrait remodeler le march\u00e9 de l\u2019or pour des ann\u00e9es.<\/p>\n<a href=\"https:\/\/support.gold.fr\/fr\/livreblanc-investir-dans-l-or-gdn2024-sj\" target=\"_blank\" class=\"goldCTA\">\n    <img decoding=\"async\" src=\"https:\/\/www.gold.fr\/news\/wp-content\/uploads\/2024\/09\/Couverture-LB-quel-budget-pour-investir-dans-lor.png\" alt=\"\" \/>    <div class=\"rightPart\">\n        <div class=\"content\">\n            <\/p>\n<p>Vous souhaitez investir dans l&rsquo;or ?\u00a0<\/p>\n<p>Vous h\u00e9sitez \u00e0 diversifier votre portefeuille ? Pourquoi ne pas investir dans l&rsquo;or ? Notre guide vous permettra d&rsquo;affiner votre r\u00e9flexion gr\u00e2ce \u00e0 des exemples de pi\u00e8ces et lingots d&rsquo;or que vous pourriez acqu\u00e9rir avec votre budget.<\/p>\n<p>        <\/div>\n                <span class=\"button\">Je souhaite investir dans l'or !<\/span>\n            <\/div>\n<\/a>\n<!-- AddThis Advanced Settings generic via filter on the_content --><!-- AddThis Share Buttons generic via filter on the_content -->","protected":false},"excerpt":{"rendered":"<p>Depuis plusieurs mois, une tendance inattendue s\u2019impose : la demande mondiale en or atteint des niveaux rarement observ\u00e9s en dehors des crises majeures. Derri\u00e8re cette ru\u00e9e silencieuse se cache un malaise plus profond, presque instinctif : [&hellip;]<\/p>\n","protected":false},"author":18,"featured_media":49996,"comment_status":"closed","ping_status":"closed","sticky":false,"template":"","format":"standard","meta":{"_mbp_gutenberg_autopost":false,"_pgmb_is_evergreen":false,"_pgmb_ap_template_id":0,"footnotes":""},"categories":[2558],"tags":[],"ppma_author":[2565],"class_list":["post-49982","post","type-post","status-publish","format-standard","has-post-thumbnail","hentry","category-news"],"yoast_head":"<!-- This site is optimized with the Yoast SEO plugin v27.5 - https:\/\/yoast.com\/product\/yoast-seo-wordpress\/ -->\n<title>Ce que l&#039;actuelle ru\u00e9e vers l\u2019or dit de notre peur du futur - Gold.fr<\/title>\n<meta name=\"robots\" content=\"index, follow, max-snippet:-1, max-image-preview:large, max-video-preview:-1\" \/>\n<link rel=\"canonical\" href=\"https:\/\/www.gold.fr\/news\/2025\/12\/08\/ce-que-lactuelle-ruee-vers-lor-dit-de-notre-peur-du-futur-1765139474711\/\" \/>\n<meta property=\"og:locale\" content=\"fr_FR\" \/>\n<meta property=\"og:type\" content=\"article\" \/>\n<meta property=\"og:title\" content=\"Ce que l&#039;actuelle ru\u00e9e vers l\u2019or dit de notre peur du futur - Gold.fr\" \/>\n<meta property=\"og:description\" content=\"Depuis plusieurs mois, une tendance inattendue s\u2019impose : la demande mondiale en or atteint des niveaux rarement observ\u00e9s en dehors des crises majeures. Derri\u00e8re cette ru\u00e9e silencieuse se cache un malaise plus profond, presque instinctif : [&hellip;]\" \/>\n<meta property=\"og:url\" content=\"https:\/\/www.gold.fr\/news\/2025\/12\/08\/ce-que-lactuelle-ruee-vers-lor-dit-de-notre-peur-du-futur-1765139474711\/\" \/>\n<meta property=\"og:site_name\" content=\"Gold.fr\" \/>\n<meta property=\"article:publisher\" content=\"https:\/\/www.facebook.com\/Goldfr\/\" \/>\n<meta property=\"article:published_time\" content=\"2025-12-08T08:00:14+00:00\" \/>\n<meta property=\"article:modified_time\" content=\"2025-12-08T16:50:51+00:00\" \/>\n<meta property=\"og:image\" content=\"https:\/\/www.gold.fr\/news\/wp-content\/uploads\/2025\/12\/ChatGPT-Image-7-dec.-2025-22_35_47.png\" \/>\n\t<meta property=\"og:image:width\" content=\"1536\" \/>\n\t<meta property=\"og:image:height\" content=\"1024\" \/>\n\t<meta property=\"og:image:type\" content=\"image\/png\" \/>\n<meta name=\"author\" content=\"Comptoir National de l&#039;Or\" \/>\n<meta name=\"twitter:card\" content=\"summary_large_image\" \/>\n<meta name=\"twitter:label1\" content=\"\u00c9crit par\" \/>\n\t<meta name=\"twitter:data1\" content=\"Comptoir National de l&#039;Or\" \/>\n\t<meta name=\"twitter:label2\" content=\"Dur\u00e9e de lecture estim\u00e9e\" \/>\n\t<meta name=\"twitter:data2\" content=\"3 minutes\" \/>\n<script type=\"application\/ld+json\" class=\"yoast-schema-graph\">{\"@context\":\"https:\\\/\\\/schema.org\",\"@graph\":[{\"@type\":\"Article\",\"@id\":\"https:\\\/\\\/www.gold.fr\\\/news\\\/2025\\\/12\\\/08\\\/ce-que-lactuelle-ruee-vers-lor-dit-de-notre-peur-du-futur-1765139474711\\\/#article\",\"isPartOf\":{\"@id\":\"https:\\\/\\\/www.gold.fr\\\/news\\\/2025\\\/12\\\/08\\\/ce-que-lactuelle-ruee-vers-lor-dit-de-notre-peur-du-futur-1765139474711\\\/\"},\"author\":{\"name\":\"Comptoir National de l'Or\",\"@id\":\"https:\\\/\\\/www.gold.fr\\\/news\\\/#\\\/schema\\\/person\\\/070491b4b4fb7671bf59b3be20302ce9\"},\"headline\":\"Ce que l&rsquo;actuelle ru\u00e9e vers l\u2019or dit de notre peur du futur\",\"datePublished\":\"2025-12-08T08:00:14+00:00\",\"dateModified\":\"2025-12-08T16:50:51+00:00\",\"mainEntityOfPage\":{\"@id\":\"https:\\\/\\\/www.gold.fr\\\/news\\\/2025\\\/12\\\/08\\\/ce-que-lactuelle-ruee-vers-lor-dit-de-notre-peur-du-futur-1765139474711\\\/\"},\"wordCount\":596,\"image\":{\"@id\":\"https:\\\/\\\/www.gold.fr\\\/news\\\/2025\\\/12\\\/08\\\/ce-que-lactuelle-ruee-vers-lor-dit-de-notre-peur-du-futur-1765139474711\\\/#primaryimage\"},\"thumbnailUrl\":\"https:\\\/\\\/www.gold.fr\\\/news\\\/wp-content\\\/uploads\\\/2025\\\/12\\\/ChatGPT-Image-7-dec.-2025-22_35_47.png\",\"articleSection\":[\"News\"],\"inLanguage\":\"fr-FR\"},{\"@type\":\"WebPage\",\"@id\":\"https:\\\/\\\/www.gold.fr\\\/news\\\/2025\\\/12\\\/08\\\/ce-que-lactuelle-ruee-vers-lor-dit-de-notre-peur-du-futur-1765139474711\\\/\",\"url\":\"https:\\\/\\\/www.gold.fr\\\/news\\\/2025\\\/12\\\/08\\\/ce-que-lactuelle-ruee-vers-lor-dit-de-notre-peur-du-futur-1765139474711\\\/\",\"name\":\"Ce que l'actuelle ru\u00e9e vers l\u2019or dit de notre peur du futur - Gold.fr\",\"isPartOf\":{\"@id\":\"https:\\\/\\\/www.gold.fr\\\/news\\\/#website\"},\"primaryImageOfPage\":{\"@id\":\"https:\\\/\\\/www.gold.fr\\\/news\\\/2025\\\/12\\\/08\\\/ce-que-lactuelle-ruee-vers-lor-dit-de-notre-peur-du-futur-1765139474711\\\/#primaryimage\"},\"image\":{\"@id\":\"https:\\\/\\\/www.gold.fr\\\/news\\\/2025\\\/12\\\/08\\\/ce-que-lactuelle-ruee-vers-lor-dit-de-notre-peur-du-futur-1765139474711\\\/#primaryimage\"},\"thumbnailUrl\":\"https:\\\/\\\/www.gold.fr\\\/news\\\/wp-content\\\/uploads\\\/2025\\\/12\\\/ChatGPT-Image-7-dec.-2025-22_35_47.png\",\"datePublished\":\"2025-12-08T08:00:14+00:00\",\"dateModified\":\"2025-12-08T16:50:51+00:00\",\"author\":{\"@id\":\"https:\\\/\\\/www.gold.fr\\\/news\\\/#\\\/schema\\\/person\\\/070491b4b4fb7671bf59b3be20302ce9\"},\"breadcrumb\":{\"@id\":\"https:\\\/\\\/www.gold.fr\\\/news\\\/2025\\\/12\\\/08\\\/ce-que-lactuelle-ruee-vers-lor-dit-de-notre-peur-du-futur-1765139474711\\\/#breadcrumb\"},\"inLanguage\":\"fr-FR\",\"potentialAction\":[{\"@type\":\"ReadAction\",\"target\":[\"https:\\\/\\\/www.gold.fr\\\/news\\\/2025\\\/12\\\/08\\\/ce-que-lactuelle-ruee-vers-lor-dit-de-notre-peur-du-futur-1765139474711\\\/\"]}]},{\"@type\":\"ImageObject\",\"inLanguage\":\"fr-FR\",\"@id\":\"https:\\\/\\\/www.gold.fr\\\/news\\\/2025\\\/12\\\/08\\\/ce-que-lactuelle-ruee-vers-lor-dit-de-notre-peur-du-futur-1765139474711\\\/#primaryimage\",\"url\":\"https:\\\/\\\/www.gold.fr\\\/news\\\/wp-content\\\/uploads\\\/2025\\\/12\\\/ChatGPT-Image-7-dec.-2025-22_35_47.png\",\"contentUrl\":\"https:\\\/\\\/www.gold.fr\\\/news\\\/wp-content\\\/uploads\\\/2025\\\/12\\\/ChatGPT-Image-7-dec.-2025-22_35_47.png\",\"width\":1536,\"height\":1024},{\"@type\":\"BreadcrumbList\",\"@id\":\"https:\\\/\\\/www.gold.fr\\\/news\\\/2025\\\/12\\\/08\\\/ce-que-lactuelle-ruee-vers-lor-dit-de-notre-peur-du-futur-1765139474711\\\/#breadcrumb\",\"itemListElement\":[{\"@type\":\"ListItem\",\"position\":1,\"name\":\"Accueil\",\"item\":\"https:\\\/\\\/www.gold.fr\\\/\"},{\"@type\":\"ListItem\",\"position\":2,\"name\":\"Actualit\u00e9s\",\"item\":\"https:\\\/\\\/www.gold.fr\\\/news\\\/\"},{\"@type\":\"ListItem\",\"position\":3,\"name\":\"Ce que l&rsquo;actuelle ru\u00e9e vers l\u2019or dit de notre peur du futur\"}]},{\"@type\":\"WebSite\",\"@id\":\"https:\\\/\\\/www.gold.fr\\\/news\\\/#website\",\"url\":\"https:\\\/\\\/www.gold.fr\\\/news\\\/\",\"name\":\"Gold.fr\",\"description\":\"Actualit\u00e9s de l&#039;Or et des m\u00e9taux pr\u00e9cieux\",\"potentialAction\":[{\"@type\":\"SearchAction\",\"target\":{\"@type\":\"EntryPoint\",\"urlTemplate\":\"https:\\\/\\\/www.gold.fr\\\/news\\\/?s={search_term_string}\"},\"query-input\":{\"@type\":\"PropertyValueSpecification\",\"valueRequired\":true,\"valueName\":\"search_term_string\"}}],\"inLanguage\":\"fr-FR\"},{\"@type\":\"Person\",\"@id\":\"https:\\\/\\\/www.gold.fr\\\/news\\\/#\\\/schema\\\/person\\\/070491b4b4fb7671bf59b3be20302ce9\",\"name\":\"Comptoir National de l'Or\",\"image\":{\"@type\":\"ImageObject\",\"inLanguage\":\"fr-FR\",\"@id\":\"https:\\\/\\\/secure.gravatar.com\\\/avatar\\\/0a2867fd5abe37bed95d5a65e9d58f01756e11efc68af9888dfc50cfa7f65948?s=96&d=mm&r=gb490554db0a38188709de567aa58480d\",\"url\":\"https:\\\/\\\/secure.gravatar.com\\\/avatar\\\/0a2867fd5abe37bed95d5a65e9d58f01756e11efc68af9888dfc50cfa7f65948?s=96&d=mm&r=g\",\"contentUrl\":\"https:\\\/\\\/secure.gravatar.com\\\/avatar\\\/0a2867fd5abe37bed95d5a65e9d58f01756e11efc68af9888dfc50cfa7f65948?s=96&d=mm&r=g\",\"caption\":\"Comptoir National de l'Or\"},\"description\":\"Notre r\u00e9daction est constitu\u00e9e de membres experts dans les m\u00e9tiers de l'\u00e9conomie et la gestion, des Responsables d'agence Comptoir National de l'Or, des analystes financiers qui publient r\u00e9guli\u00e8rement des \u00e9tudes sur les politiques des banques centrales, le cours de l'or, prix de l'or, cours de l'argent, prix de l'argent, cours du platine, cours du palladium,... la situation en zone euro et l'impact de la strat\u00e9gie mon\u00e9taire de la FED. Notre \u00e9quipe scrute \u00e9galement une information plus g\u00e9n\u00e9raliste \u00e0 la recherche d'actualit\u00e9 \\\"p\u00e9pite\\\" \u00e0 vous partager. Depuis 5 ans, nous avons publi\u00e9 un peu plus de 4000 articles qui s'adressent \u00e0 un public large et vari\u00e9 ayant pour objectif de satisfaire votre curiosit\u00e9 et de partager avec vous une certaine fascination pour le m\u00e9tal jaune, le rachat d'or, et pour ceux qui veulent investir dans l'or, vendre leur or tout simplement en savoir plus... Pour tous vos achat or et argent, n'h\u00e9sitez pas \u00e0 prendre rendez-vous dans l'un de nos nombreux comptoirs.\",\"sameAs\":[\"https:\\\/\\\/www.gold.fr\"]}]}<\/script>\n<!-- \/ Yoast SEO plugin. -->","yoast_head_json":{"title":"Ce que l'actuelle ru\u00e9e vers l\u2019or dit de notre peur du futur - Gold.fr","robots":{"index":"index","follow":"follow","max-snippet":"max-snippet:-1","max-image-preview":"max-image-preview:large","max-video-preview":"max-video-preview:-1"},"canonical":"https:\/\/www.gold.fr\/news\/2025\/12\/08\/ce-que-lactuelle-ruee-vers-lor-dit-de-notre-peur-du-futur-1765139474711\/","og_locale":"fr_FR","og_type":"article","og_title":"Ce que l'actuelle ru\u00e9e vers l\u2019or dit de notre peur du futur - Gold.fr","og_description":"Depuis plusieurs mois, une tendance inattendue s\u2019impose : la demande mondiale en or atteint des niveaux rarement observ\u00e9s en dehors des crises majeures. Derri\u00e8re cette ru\u00e9e silencieuse se cache un malaise plus profond, presque instinctif : [&hellip;]","og_url":"https:\/\/www.gold.fr\/news\/2025\/12\/08\/ce-que-lactuelle-ruee-vers-lor-dit-de-notre-peur-du-futur-1765139474711\/","og_site_name":"Gold.fr","article_publisher":"https:\/\/www.facebook.com\/Goldfr\/","article_published_time":"2025-12-08T08:00:14+00:00","article_modified_time":"2025-12-08T16:50:51+00:00","og_image":[{"width":1536,"height":1024,"url":"https:\/\/www.gold.fr\/news\/wp-content\/uploads\/2025\/12\/ChatGPT-Image-7-dec.-2025-22_35_47.png","type":"image\/png"}],"author":"Comptoir National de l'Or","twitter_card":"summary_large_image","twitter_misc":{"\u00c9crit par":"Comptoir National de l'Or","Dur\u00e9e de lecture estim\u00e9e":"3 minutes"},"schema":{"@context":"https:\/\/schema.org","@graph":[{"@type":"Article","@id":"https:\/\/www.gold.fr\/news\/2025\/12\/08\/ce-que-lactuelle-ruee-vers-lor-dit-de-notre-peur-du-futur-1765139474711\/#article","isPartOf":{"@id":"https:\/\/www.gold.fr\/news\/2025\/12\/08\/ce-que-lactuelle-ruee-vers-lor-dit-de-notre-peur-du-futur-1765139474711\/"},"author":{"name":"Comptoir National de l'Or","@id":"https:\/\/www.gold.fr\/news\/#\/schema\/person\/070491b4b4fb7671bf59b3be20302ce9"},"headline":"Ce que l&rsquo;actuelle ru\u00e9e vers l\u2019or dit de notre peur du futur","datePublished":"2025-12-08T08:00:14+00:00","dateModified":"2025-12-08T16:50:51+00:00","mainEntityOfPage":{"@id":"https:\/\/www.gold.fr\/news\/2025\/12\/08\/ce-que-lactuelle-ruee-vers-lor-dit-de-notre-peur-du-futur-1765139474711\/"},"wordCount":596,"image":{"@id":"https:\/\/www.gold.fr\/news\/2025\/12\/08\/ce-que-lactuelle-ruee-vers-lor-dit-de-notre-peur-du-futur-1765139474711\/#primaryimage"},"thumbnailUrl":"https:\/\/www.gold.fr\/news\/wp-content\/uploads\/2025\/12\/ChatGPT-Image-7-dec.-2025-22_35_47.png","articleSection":["News"],"inLanguage":"fr-FR"},{"@type":"WebPage","@id":"https:\/\/www.gold.fr\/news\/2025\/12\/08\/ce-que-lactuelle-ruee-vers-lor-dit-de-notre-peur-du-futur-1765139474711\/","url":"https:\/\/www.gold.fr\/news\/2025\/12\/08\/ce-que-lactuelle-ruee-vers-lor-dit-de-notre-peur-du-futur-1765139474711\/","name":"Ce que l'actuelle ru\u00e9e vers l\u2019or dit de notre peur du futur - Gold.fr","isPartOf":{"@id":"https:\/\/www.gold.fr\/news\/#website"},"primaryImageOfPage":{"@id":"https:\/\/www.gold.fr\/news\/2025\/12\/08\/ce-que-lactuelle-ruee-vers-lor-dit-de-notre-peur-du-futur-1765139474711\/#primaryimage"},"image":{"@id":"https:\/\/www.gold.fr\/news\/2025\/12\/08\/ce-que-lactuelle-ruee-vers-lor-dit-de-notre-peur-du-futur-1765139474711\/#primaryimage"},"thumbnailUrl":"https:\/\/www.gold.fr\/news\/wp-content\/uploads\/2025\/12\/ChatGPT-Image-7-dec.-2025-22_35_47.png","datePublished":"2025-12-08T08:00:14+00:00","dateModified":"2025-12-08T16:50:51+00:00","author":{"@id":"https:\/\/www.gold.fr\/news\/#\/schema\/person\/070491b4b4fb7671bf59b3be20302ce9"},"breadcrumb":{"@id":"https:\/\/www.gold.fr\/news\/2025\/12\/08\/ce-que-lactuelle-ruee-vers-lor-dit-de-notre-peur-du-futur-1765139474711\/#breadcrumb"},"inLanguage":"fr-FR","potentialAction":[{"@type":"ReadAction","target":["https:\/\/www.gold.fr\/news\/2025\/12\/08\/ce-que-lactuelle-ruee-vers-lor-dit-de-notre-peur-du-futur-1765139474711\/"]}]},{"@type":"ImageObject","inLanguage":"fr-FR","@id":"https:\/\/www.gold.fr\/news\/2025\/12\/08\/ce-que-lactuelle-ruee-vers-lor-dit-de-notre-peur-du-futur-1765139474711\/#primaryimage","url":"https:\/\/www.gold.fr\/news\/wp-content\/uploads\/2025\/12\/ChatGPT-Image-7-dec.-2025-22_35_47.png","contentUrl":"https:\/\/www.gold.fr\/news\/wp-content\/uploads\/2025\/12\/ChatGPT-Image-7-dec.-2025-22_35_47.png","width":1536,"height":1024},{"@type":"BreadcrumbList","@id":"https:\/\/www.gold.fr\/news\/2025\/12\/08\/ce-que-lactuelle-ruee-vers-lor-dit-de-notre-peur-du-futur-1765139474711\/#breadcrumb","itemListElement":[{"@type":"ListItem","position":1,"name":"Accueil","item":"https:\/\/www.gold.fr\/"},{"@type":"ListItem","position":2,"name":"Actualit\u00e9s","item":"https:\/\/www.gold.fr\/news\/"},{"@type":"ListItem","position":3,"name":"Ce que l&rsquo;actuelle ru\u00e9e vers l\u2019or dit de notre peur du futur"}]},{"@type":"WebSite","@id":"https:\/\/www.gold.fr\/news\/#website","url":"https:\/\/www.gold.fr\/news\/","name":"Gold.fr","description":"Actualit\u00e9s de l&#039;Or et des m\u00e9taux pr\u00e9cieux","potentialAction":[{"@type":"SearchAction","target":{"@type":"EntryPoint","urlTemplate":"https:\/\/www.gold.fr\/news\/?s={search_term_string}"},"query-input":{"@type":"PropertyValueSpecification","valueRequired":true,"valueName":"search_term_string"}}],"inLanguage":"fr-FR"},{"@type":"Person","@id":"https:\/\/www.gold.fr\/news\/#\/schema\/person\/070491b4b4fb7671bf59b3be20302ce9","name":"Comptoir National de l'Or","image":{"@type":"ImageObject","inLanguage":"fr-FR","@id":"https:\/\/secure.gravatar.com\/avatar\/0a2867fd5abe37bed95d5a65e9d58f01756e11efc68af9888dfc50cfa7f65948?s=96&d=mm&r=gb490554db0a38188709de567aa58480d","url":"https:\/\/secure.gravatar.com\/avatar\/0a2867fd5abe37bed95d5a65e9d58f01756e11efc68af9888dfc50cfa7f65948?s=96&d=mm&r=g","contentUrl":"https:\/\/secure.gravatar.com\/avatar\/0a2867fd5abe37bed95d5a65e9d58f01756e11efc68af9888dfc50cfa7f65948?s=96&d=mm&r=g","caption":"Comptoir National de l'Or"},"description":"Notre r\u00e9daction est constitu\u00e9e de membres experts dans les m\u00e9tiers de l'\u00e9conomie et la gestion, des Responsables d'agence Comptoir National de l'Or, des analystes financiers qui publient r\u00e9guli\u00e8rement des \u00e9tudes sur les politiques des banques centrales, le cours de l'or, prix de l'or, cours de l'argent, prix de l'argent, cours du platine, cours du palladium,... la situation en zone euro et l'impact de la strat\u00e9gie mon\u00e9taire de la FED. Notre \u00e9quipe scrute \u00e9galement une information plus g\u00e9n\u00e9raliste \u00e0 la recherche d'actualit\u00e9 \"p\u00e9pite\" \u00e0 vous partager. Depuis 5 ans, nous avons publi\u00e9 un peu plus de 4000 articles qui s'adressent \u00e0 un public large et vari\u00e9 ayant pour objectif de satisfaire votre curiosit\u00e9 et de partager avec vous une certaine fascination pour le m\u00e9tal jaune, le rachat d'or, et pour ceux qui veulent investir dans l'or, vendre leur or tout simplement en savoir plus... Pour tous vos achat or et argent, n'h\u00e9sitez pas \u00e0 prendre rendez-vous dans l'un de nos nombreux comptoirs.","sameAs":["https:\/\/www.gold.fr"]}]}},"authors":[{"term_id":2565,"user_id":18,"is_guest":0,"slug":"julie","display_name":"Comptoir National de l'Or","avatar_url":"https:\/\/secure.gravatar.com\/avatar\/713f289e398d35ead876c4a4cc08607f0d6d266058cfc25683fffb6092d0e572?s=96&d=mm&r=g","0":null,"1":"","2":"","3":"","4":"","5":"","6":"","7":"","8":""}],"_links":{"self":[{"href":"https:\/\/www.gold.fr\/news\/wp-json\/wp\/v2\/posts\/49982","targetHints":{"allow":["GET"]}}],"collection":[{"href":"https:\/\/www.gold.fr\/news\/wp-json\/wp\/v2\/posts"}],"about":[{"href":"https:\/\/www.gold.fr\/news\/wp-json\/wp\/v2\/types\/post"}],"author":[{"embeddable":true,"href":"https:\/\/www.gold.fr\/news\/wp-json\/wp\/v2\/users\/18"}],"replies":[{"embeddable":true,"href":"https:\/\/www.gold.fr\/news\/wp-json\/wp\/v2\/comments?post=49982"}],"version-history":[{"count":3,"href":"https:\/\/www.gold.fr\/news\/wp-json\/wp\/v2\/posts\/49982\/revisions"}],"predecessor-version":[{"id":50012,"href":"https:\/\/www.gold.fr\/news\/wp-json\/wp\/v2\/posts\/49982\/revisions\/50012"}],"wp:featuredmedia":[{"embeddable":true,"href":"https:\/\/www.gold.fr\/news\/wp-json\/wp\/v2\/media\/49996"}],"wp:attachment":[{"href":"https:\/\/www.gold.fr\/news\/wp-json\/wp\/v2\/media?parent=49982"}],"wp:term":[{"taxonomy":"category","embeddable":true,"href":"https:\/\/www.gold.fr\/news\/wp-json\/wp\/v2\/categories?post=49982"},{"taxonomy":"post_tag","embeddable":true,"href":"https:\/\/www.gold.fr\/news\/wp-json\/wp\/v2\/tags?post=49982"},{"taxonomy":"author","embeddable":true,"href":"https:\/\/www.gold.fr\/news\/wp-json\/wp\/v2\/ppma_author?post=49982"}],"curies":[{"name":"wp","href":"https:\/\/api.w.org\/{rel}","templated":true}]}}