{"id":49909,"date":"2025-12-05T15:14:55","date_gmt":"2025-12-05T14:14:55","guid":{"rendered":"https:\/\/www.gold.fr\/news\/?p=49909"},"modified":"2025-12-05T15:14:55","modified_gmt":"2025-12-05T14:14:55","slug":"lor-repart-a-la-hausse-analyse-de-laurent-schwartz-sur-bfm","status":"publish","type":"post","link":"https:\/\/www.gold.fr\/news\/2025\/12\/05\/lor-repart-a-la-hausse-analyse-de-laurent-schwartz-sur-bfm\/","title":{"rendered":"L\u2019or repart \u00e0 la hausse : analyse de Laurent Schwartz sur BFM"},"content":{"rendered":"<div class=\"flex max-w-full flex-col flex-grow\">\n<div class=\"min-h-8 text-message flex w-full flex-col items-end gap-2 whitespace-normal break-words text-start [.text-message+&amp;]:mt-5\" dir=\"auto\" data-message-author-role=\"assistant\" data-message-id=\"20d61891-48d8-470b-9ce9-c42a580adf2e\" data-message-model-slug=\"gpt-4o\">\n<div class=\"flex w-full flex-col gap-1 empty:hidden first:pt-[3px]\">\n<div class=\"markdown prose w-full break-words dark:prose-invert dark\">\n<p data-start=\"607\" data-end=\"800\">Invit\u00e9 sur <em data-start=\"136\" data-end=\"150\">BFM Business<\/em> le 4 d\u00e9cembre 2025, Laurent Schwartz est revenu sur la solidit\u00e9 du <a href=\"https:\/\/www.gold.fr\/\">march\u00e9 de l\u2019or<\/a>. Le m\u00e9tal pr\u00e9cieux s\u2019\u00e9change aujourd\u2019hui autour de 116 000 \u20ac <a href=\"https:\/\/www.gold.fr\/lingot-d-or-1-kg\/\">le lingot d&rsquo;un kilo<\/a>, apr\u00e8s avoir atteint un record historique \u00e0 120 000 \u20ac il y a quelques semaines. Malgr\u00e9 un l\u00e9ger repli, la tendance repart \u00e0 la hausse : depuis le d\u00e9but de l\u2019ann\u00e9e, l\u2019or progresse de +45 % en euros et +61 % en dollars, des performances tr\u00e8s largement sup\u00e9rieures au CAC 40 (+10 %) ou au bitcoin (\u201313 %).<br data-start=\"579\" data-end=\"582\" \/>Cette dynamique s\u2019explique par plusieurs facteurs d\u00e9terminants. Aux \u00c9tats-Unis, Donald Trump plaide pour une baisse rapide des taux, et Kevin Hassett, pressenti \u00e0 la t\u00eate de la Fed, soutient \u00e9galement une politique mon\u00e9taire plus accommodante. Sur le plan g\u00e9opolitique, les inqui\u00e9tudes se renforcent autour du futur plan de paix d\u00e9fendu par Trump, per\u00e7u comme un risque strat\u00e9gique pour l\u2019Europe et incitant certains pays, comme la Pologne, \u00e0 accro\u00eetre leurs achats d\u2019or. S\u2019ajoutent les tensions li\u00e9es \u00e0 une dette fran\u00e7aise jug\u00e9e \u00ab difficilement soutenable \u00bb par le FMI, ainsi que les craintes sur la bulle de l\u2019IA, qui encouragent les investisseurs \u00e0 se diversifier.<br data-start=\"1249\" data-end=\"1252\" data-is-only-node=\"\" \/>Si la demande des bijouteries recule de 23 % lorsque les prix montent, l\u2019investissement, lui, bondit de 58 %, soutenu \u00e0 la fois par les banques centrales et les particuliers. L\u2019or confirme ainsi son statut de valeur refuge incontournable.<\/p>\n<\/div>\n<\/div>\n<\/div>\n<\/div>\n<p><strong>Pour visionner l&rsquo;\u00e9mission en replay, <a href=\"https:\/\/www.bfmtv.com\/economie\/replay-emissions\/bfm-patrimoine\/video-le-coffre-fort-l-or-continue-de-performer-en-novembre-04-12_VN-202512040491.html\">cliquez ici<\/a> !<\/strong><\/p>\n<a href=\"https:\/\/support.gold.fr\/presse-news\/livreblanc-investir-dans-l-or-gdn2025\" target=\"_blank\" class=\"goldCTA\">\n    <img decoding=\"async\" src=\"https:\/\/www.gold.fr\/news\/wp-content\/uploads\/2024\/09\/Couverture-LB-quel-budget-pour-investir-dans-lor.png\" alt=\"\" \/>    <div class=\"rightPart\">\n        <div class=\"content\">\n            <\/p>\n<h2><strong>Vous souhaitez investir dans l&rsquo;or ?\u00a0<\/strong><\/h2>\n<p>Vous h\u00e9sitez \u00e0 diversifier votre portefeuille ? Pourquoi ne pas investir dans l&rsquo;or ? Notre guide vous permettra d&rsquo;affiner votre r\u00e9flexion gr\u00e2ce \u00e0 des exemples de pi\u00e8ces et lingots d&rsquo;or que vous pourriez acqu\u00e9rir avec votre budget.<\/p>\n<p>        <\/div>\n                <span class=\"button\">Je souhaite investir dans l'or !<\/span>\n            <\/div>\n<\/a>\n<!-- AddThis Advanced Settings generic via filter on the_content --><!-- AddThis Share Buttons generic via filter on the_content -->","protected":false},"excerpt":{"rendered":"<p>Invit\u00e9 sur BFM Business le 4 d\u00e9cembre 2025, Laurent Schwartz est revenu sur la solidit\u00e9 du march\u00e9 de l\u2019or. Le m\u00e9tal pr\u00e9cieux s\u2019\u00e9change aujourd\u2019hui autour de 116 000 \u20ac le lingot d&rsquo;un kilo, apr\u00e8s avoir atteint [&hellip;]<\/p>\n","protected":false},"author":13,"featured_media":49910,"comment_status":"closed","ping_status":"closed","sticky":false,"template":"","format":"standard","meta":{"_mbp_gutenberg_autopost":false,"_pgmb_is_evergreen":false,"_pgmb_ap_template_id":0,"footnotes":""},"categories":[6,2414],"tags":[],"ppma_author":[2563],"class_list":["post-49909","post","type-post","status-publish","format-standard","has-post-thumbnail","hentry","category-articles-de-presse","category-cndo-dans-la-presse"],"yoast_head":"<!-- This site is optimized with the Yoast SEO plugin v27.5 - https:\/\/yoast.com\/product\/yoast-seo-wordpress\/ -->\n<title>L\u2019or repart \u00e0 la hausse : analyse de Laurent Schwartz sur BFM - Gold.fr<\/title>\n<meta name=\"description\" content=\"Le cours de l\u2019or repart \u00e0 la hausse : tensions g\u00e9opolitiques, baisse des taux et bulle IA renforcent l\u2019int\u00e9r\u00eat pour l\u2019investissement en or.\" \/>\n<meta name=\"robots\" content=\"index, follow, max-snippet:-1, max-image-preview:large, max-video-preview:-1\" \/>\n<link rel=\"canonical\" href=\"https:\/\/www.gold.fr\/news\/2025\/12\/05\/lor-repart-a-la-hausse-analyse-de-laurent-schwartz-sur-bfm\/\" \/>\n<meta property=\"og:locale\" content=\"fr_FR\" \/>\n<meta property=\"og:type\" content=\"article\" \/>\n<meta property=\"og:title\" content=\"L\u2019or repart \u00e0 la hausse : analyse de Laurent Schwartz sur BFM - Gold.fr\" \/>\n<meta property=\"og:description\" content=\"Le cours de l\u2019or repart \u00e0 la hausse : tensions g\u00e9opolitiques, baisse des taux et bulle IA renforcent l\u2019int\u00e9r\u00eat pour l\u2019investissement en or.\" \/>\n<meta property=\"og:url\" content=\"https:\/\/www.gold.fr\/news\/2025\/12\/05\/lor-repart-a-la-hausse-analyse-de-laurent-schwartz-sur-bfm\/\" \/>\n<meta property=\"og:site_name\" content=\"Gold.fr\" \/>\n<meta property=\"article:publisher\" content=\"https:\/\/www.facebook.com\/Goldfr\/\" \/>\n<meta property=\"article:published_time\" content=\"2025-12-05T14:14:55+00:00\" \/>\n<meta property=\"og:image\" content=\"https:\/\/www.gold.fr\/news\/wp-content\/uploads\/2025\/12\/itw-bfm-04.12-laurent-schwartz.png\" \/>\n\t<meta property=\"og:image:width\" content=\"780\" \/>\n\t<meta property=\"og:image:height\" content=\"437\" \/>\n\t<meta property=\"og:image:type\" content=\"image\/png\" \/>\n<meta name=\"author\" content=\"Presse\" \/>\n<meta name=\"twitter:card\" content=\"summary_large_image\" \/>\n<meta name=\"twitter:label1\" content=\"\u00c9crit par\" \/>\n\t<meta name=\"twitter:data1\" content=\"Presse\" \/>\n\t<meta name=\"twitter:label2\" content=\"Dur\u00e9e de lecture estim\u00e9e\" \/>\n\t<meta name=\"twitter:data2\" content=\"2 minutes\" \/>\n<script type=\"application\/ld+json\" class=\"yoast-schema-graph\">{\"@context\":\"https:\\\/\\\/schema.org\",\"@graph\":[{\"@type\":\"Article\",\"@id\":\"https:\\\/\\\/www.gold.fr\\\/news\\\/2025\\\/12\\\/05\\\/lor-repart-a-la-hausse-analyse-de-laurent-schwartz-sur-bfm\\\/#article\",\"isPartOf\":{\"@id\":\"https:\\\/\\\/www.gold.fr\\\/news\\\/2025\\\/12\\\/05\\\/lor-repart-a-la-hausse-analyse-de-laurent-schwartz-sur-bfm\\\/\"},\"author\":{\"name\":\"Presse\",\"@id\":\"https:\\\/\\\/www.gold.fr\\\/news\\\/#\\\/schema\\\/person\\\/3ff0382c40999d45cb6b26eacf558dd0\"},\"headline\":\"L\u2019or repart \u00e0 la hausse : analyse de Laurent Schwartz sur BFM\",\"datePublished\":\"2025-12-05T14:14:55+00:00\",\"mainEntityOfPage\":{\"@id\":\"https:\\\/\\\/www.gold.fr\\\/news\\\/2025\\\/12\\\/05\\\/lor-repart-a-la-hausse-analyse-de-laurent-schwartz-sur-bfm\\\/\"},\"wordCount\":330,\"image\":{\"@id\":\"https:\\\/\\\/www.gold.fr\\\/news\\\/2025\\\/12\\\/05\\\/lor-repart-a-la-hausse-analyse-de-laurent-schwartz-sur-bfm\\\/#primaryimage\"},\"thumbnailUrl\":\"https:\\\/\\\/www.gold.fr\\\/news\\\/wp-content\\\/uploads\\\/2025\\\/12\\\/itw-bfm-04.12-laurent-schwartz.png\",\"articleSection\":[\"Articles de presse\",\"CNDO dans la presse\"],\"inLanguage\":\"fr-FR\"},{\"@type\":\"WebPage\",\"@id\":\"https:\\\/\\\/www.gold.fr\\\/news\\\/2025\\\/12\\\/05\\\/lor-repart-a-la-hausse-analyse-de-laurent-schwartz-sur-bfm\\\/\",\"url\":\"https:\\\/\\\/www.gold.fr\\\/news\\\/2025\\\/12\\\/05\\\/lor-repart-a-la-hausse-analyse-de-laurent-schwartz-sur-bfm\\\/\",\"name\":\"L\u2019or repart \u00e0 la hausse : analyse de Laurent Schwartz sur BFM - Gold.fr\",\"isPartOf\":{\"@id\":\"https:\\\/\\\/www.gold.fr\\\/news\\\/#website\"},\"primaryImageOfPage\":{\"@id\":\"https:\\\/\\\/www.gold.fr\\\/news\\\/2025\\\/12\\\/05\\\/lor-repart-a-la-hausse-analyse-de-laurent-schwartz-sur-bfm\\\/#primaryimage\"},\"image\":{\"@id\":\"https:\\\/\\\/www.gold.fr\\\/news\\\/2025\\\/12\\\/05\\\/lor-repart-a-la-hausse-analyse-de-laurent-schwartz-sur-bfm\\\/#primaryimage\"},\"thumbnailUrl\":\"https:\\\/\\\/www.gold.fr\\\/news\\\/wp-content\\\/uploads\\\/2025\\\/12\\\/itw-bfm-04.12-laurent-schwartz.png\",\"datePublished\":\"2025-12-05T14:14:55+00:00\",\"author\":{\"@id\":\"https:\\\/\\\/www.gold.fr\\\/news\\\/#\\\/schema\\\/person\\\/3ff0382c40999d45cb6b26eacf558dd0\"},\"description\":\"Le cours de l\u2019or repart \u00e0 la hausse : tensions g\u00e9opolitiques, baisse des taux et bulle IA renforcent l\u2019int\u00e9r\u00eat pour l\u2019investissement en or.\",\"breadcrumb\":{\"@id\":\"https:\\\/\\\/www.gold.fr\\\/news\\\/2025\\\/12\\\/05\\\/lor-repart-a-la-hausse-analyse-de-laurent-schwartz-sur-bfm\\\/#breadcrumb\"},\"inLanguage\":\"fr-FR\",\"potentialAction\":[{\"@type\":\"ReadAction\",\"target\":[\"https:\\\/\\\/www.gold.fr\\\/news\\\/2025\\\/12\\\/05\\\/lor-repart-a-la-hausse-analyse-de-laurent-schwartz-sur-bfm\\\/\"]}]},{\"@type\":\"ImageObject\",\"inLanguage\":\"fr-FR\",\"@id\":\"https:\\\/\\\/www.gold.fr\\\/news\\\/2025\\\/12\\\/05\\\/lor-repart-a-la-hausse-analyse-de-laurent-schwartz-sur-bfm\\\/#primaryimage\",\"url\":\"https:\\\/\\\/www.gold.fr\\\/news\\\/wp-content\\\/uploads\\\/2025\\\/12\\\/itw-bfm-04.12-laurent-schwartz.png\",\"contentUrl\":\"https:\\\/\\\/www.gold.fr\\\/news\\\/wp-content\\\/uploads\\\/2025\\\/12\\\/itw-bfm-04.12-laurent-schwartz.png\",\"width\":780,\"height\":437,\"caption\":\"Rubrique \\\"Coffre-fort\\\" de l'\u00e9mission \\\"Tout pour Investir\\\"\"},{\"@type\":\"BreadcrumbList\",\"@id\":\"https:\\\/\\\/www.gold.fr\\\/news\\\/2025\\\/12\\\/05\\\/lor-repart-a-la-hausse-analyse-de-laurent-schwartz-sur-bfm\\\/#breadcrumb\",\"itemListElement\":[{\"@type\":\"ListItem\",\"position\":1,\"name\":\"Accueil\",\"item\":\"https:\\\/\\\/www.gold.fr\\\/\"},{\"@type\":\"ListItem\",\"position\":2,\"name\":\"Actualit\u00e9s\",\"item\":\"https:\\\/\\\/www.gold.fr\\\/news\\\/\"},{\"@type\":\"ListItem\",\"position\":3,\"name\":\"L\u2019or repart \u00e0 la hausse : analyse de Laurent Schwartz sur BFM\"}]},{\"@type\":\"WebSite\",\"@id\":\"https:\\\/\\\/www.gold.fr\\\/news\\\/#website\",\"url\":\"https:\\\/\\\/www.gold.fr\\\/news\\\/\",\"name\":\"Gold.fr\",\"description\":\"Actualit\u00e9s de l&#039;Or et des m\u00e9taux pr\u00e9cieux\",\"potentialAction\":[{\"@type\":\"SearchAction\",\"target\":{\"@type\":\"EntryPoint\",\"urlTemplate\":\"https:\\\/\\\/www.gold.fr\\\/news\\\/?s={search_term_string}\"},\"query-input\":{\"@type\":\"PropertyValueSpecification\",\"valueRequired\":true,\"valueName\":\"search_term_string\"}}],\"inLanguage\":\"fr-FR\"},{\"@type\":\"Person\",\"@id\":\"https:\\\/\\\/www.gold.fr\\\/news\\\/#\\\/schema\\\/person\\\/3ff0382c40999d45cb6b26eacf558dd0\",\"name\":\"Presse\",\"image\":{\"@type\":\"ImageObject\",\"inLanguage\":\"fr-FR\",\"@id\":\"https:\\\/\\\/secure.gravatar.com\\\/avatar\\\/392ef11d08663715e9f94a7c765916e46b5b0ce11b8ce82a6a96a9e60580030b?s=96&d=mm&r=g0d21c659f39d0b3dd3d526db8197c1aa\",\"url\":\"https:\\\/\\\/secure.gravatar.com\\\/avatar\\\/392ef11d08663715e9f94a7c765916e46b5b0ce11b8ce82a6a96a9e60580030b?s=96&d=mm&r=g\",\"contentUrl\":\"https:\\\/\\\/secure.gravatar.com\\\/avatar\\\/392ef11d08663715e9f94a7c765916e46b5b0ce11b8ce82a6a96a9e60580030b?s=96&d=mm&r=g\",\"caption\":\"Presse\"},\"description\":\"Avec plus de\u00a0800 000 clients\u00a0qui nous ont fait confiance depuis notre cr\u00e9ation,\u00a0Le Comptoir National de l'Or\u00a0est devenu un acteur majeur en France de la\u00a0vente et du rachat de m\u00e9taux pr\u00e9cieux\u00a0(Or, Argent, Platine, Palladium). Le Comptoir National de l'Or compte aujourd'hui plus de\u00a0100 Comptoirs d'achat d'Or pr\u00e9sents partout en France.\",\"sameAs\":[\"https:\\\/\\\/www.gold.fr\\\/informations-sur-l-or\\\/\"]}]}<\/script>\n<!-- \/ Yoast SEO plugin. -->","yoast_head_json":{"title":"L\u2019or repart \u00e0 la hausse : analyse de Laurent Schwartz sur BFM - Gold.fr","description":"Le cours de l\u2019or repart \u00e0 la hausse : tensions g\u00e9opolitiques, baisse des taux et bulle IA renforcent l\u2019int\u00e9r\u00eat pour l\u2019investissement en or.","robots":{"index":"index","follow":"follow","max-snippet":"max-snippet:-1","max-image-preview":"max-image-preview:large","max-video-preview":"max-video-preview:-1"},"canonical":"https:\/\/www.gold.fr\/news\/2025\/12\/05\/lor-repart-a-la-hausse-analyse-de-laurent-schwartz-sur-bfm\/","og_locale":"fr_FR","og_type":"article","og_title":"L\u2019or repart \u00e0 la hausse : analyse de Laurent Schwartz sur BFM - Gold.fr","og_description":"Le cours de l\u2019or repart \u00e0 la hausse : tensions g\u00e9opolitiques, baisse des taux et bulle IA renforcent l\u2019int\u00e9r\u00eat pour l\u2019investissement en or.","og_url":"https:\/\/www.gold.fr\/news\/2025\/12\/05\/lor-repart-a-la-hausse-analyse-de-laurent-schwartz-sur-bfm\/","og_site_name":"Gold.fr","article_publisher":"https:\/\/www.facebook.com\/Goldfr\/","article_published_time":"2025-12-05T14:14:55+00:00","og_image":[{"width":780,"height":437,"url":"https:\/\/www.gold.fr\/news\/wp-content\/uploads\/2025\/12\/itw-bfm-04.12-laurent-schwartz.png","type":"image\/png"}],"author":"Presse","twitter_card":"summary_large_image","twitter_misc":{"\u00c9crit par":"Presse","Dur\u00e9e de lecture estim\u00e9e":"2 minutes"},"schema":{"@context":"https:\/\/schema.org","@graph":[{"@type":"Article","@id":"https:\/\/www.gold.fr\/news\/2025\/12\/05\/lor-repart-a-la-hausse-analyse-de-laurent-schwartz-sur-bfm\/#article","isPartOf":{"@id":"https:\/\/www.gold.fr\/news\/2025\/12\/05\/lor-repart-a-la-hausse-analyse-de-laurent-schwartz-sur-bfm\/"},"author":{"name":"Presse","@id":"https:\/\/www.gold.fr\/news\/#\/schema\/person\/3ff0382c40999d45cb6b26eacf558dd0"},"headline":"L\u2019or repart \u00e0 la hausse : analyse de Laurent Schwartz sur BFM","datePublished":"2025-12-05T14:14:55+00:00","mainEntityOfPage":{"@id":"https:\/\/www.gold.fr\/news\/2025\/12\/05\/lor-repart-a-la-hausse-analyse-de-laurent-schwartz-sur-bfm\/"},"wordCount":330,"image":{"@id":"https:\/\/www.gold.fr\/news\/2025\/12\/05\/lor-repart-a-la-hausse-analyse-de-laurent-schwartz-sur-bfm\/#primaryimage"},"thumbnailUrl":"https:\/\/www.gold.fr\/news\/wp-content\/uploads\/2025\/12\/itw-bfm-04.12-laurent-schwartz.png","articleSection":["Articles de presse","CNDO dans la presse"],"inLanguage":"fr-FR"},{"@type":"WebPage","@id":"https:\/\/www.gold.fr\/news\/2025\/12\/05\/lor-repart-a-la-hausse-analyse-de-laurent-schwartz-sur-bfm\/","url":"https:\/\/www.gold.fr\/news\/2025\/12\/05\/lor-repart-a-la-hausse-analyse-de-laurent-schwartz-sur-bfm\/","name":"L\u2019or repart \u00e0 la hausse : analyse de Laurent Schwartz sur BFM - Gold.fr","isPartOf":{"@id":"https:\/\/www.gold.fr\/news\/#website"},"primaryImageOfPage":{"@id":"https:\/\/www.gold.fr\/news\/2025\/12\/05\/lor-repart-a-la-hausse-analyse-de-laurent-schwartz-sur-bfm\/#primaryimage"},"image":{"@id":"https:\/\/www.gold.fr\/news\/2025\/12\/05\/lor-repart-a-la-hausse-analyse-de-laurent-schwartz-sur-bfm\/#primaryimage"},"thumbnailUrl":"https:\/\/www.gold.fr\/news\/wp-content\/uploads\/2025\/12\/itw-bfm-04.12-laurent-schwartz.png","datePublished":"2025-12-05T14:14:55+00:00","author":{"@id":"https:\/\/www.gold.fr\/news\/#\/schema\/person\/3ff0382c40999d45cb6b26eacf558dd0"},"description":"Le cours de l\u2019or repart \u00e0 la hausse : tensions g\u00e9opolitiques, baisse des taux et bulle IA renforcent l\u2019int\u00e9r\u00eat pour l\u2019investissement en or.","breadcrumb":{"@id":"https:\/\/www.gold.fr\/news\/2025\/12\/05\/lor-repart-a-la-hausse-analyse-de-laurent-schwartz-sur-bfm\/#breadcrumb"},"inLanguage":"fr-FR","potentialAction":[{"@type":"ReadAction","target":["https:\/\/www.gold.fr\/news\/2025\/12\/05\/lor-repart-a-la-hausse-analyse-de-laurent-schwartz-sur-bfm\/"]}]},{"@type":"ImageObject","inLanguage":"fr-FR","@id":"https:\/\/www.gold.fr\/news\/2025\/12\/05\/lor-repart-a-la-hausse-analyse-de-laurent-schwartz-sur-bfm\/#primaryimage","url":"https:\/\/www.gold.fr\/news\/wp-content\/uploads\/2025\/12\/itw-bfm-04.12-laurent-schwartz.png","contentUrl":"https:\/\/www.gold.fr\/news\/wp-content\/uploads\/2025\/12\/itw-bfm-04.12-laurent-schwartz.png","width":780,"height":437,"caption":"Rubrique \"Coffre-fort\" de l'\u00e9mission \"Tout pour Investir\""},{"@type":"BreadcrumbList","@id":"https:\/\/www.gold.fr\/news\/2025\/12\/05\/lor-repart-a-la-hausse-analyse-de-laurent-schwartz-sur-bfm\/#breadcrumb","itemListElement":[{"@type":"ListItem","position":1,"name":"Accueil","item":"https:\/\/www.gold.fr\/"},{"@type":"ListItem","position":2,"name":"Actualit\u00e9s","item":"https:\/\/www.gold.fr\/news\/"},{"@type":"ListItem","position":3,"name":"L\u2019or repart \u00e0 la hausse : analyse de Laurent Schwartz sur BFM"}]},{"@type":"WebSite","@id":"https:\/\/www.gold.fr\/news\/#website","url":"https:\/\/www.gold.fr\/news\/","name":"Gold.fr","description":"Actualit\u00e9s de l&#039;Or et des m\u00e9taux pr\u00e9cieux","potentialAction":[{"@type":"SearchAction","target":{"@type":"EntryPoint","urlTemplate":"https:\/\/www.gold.fr\/news\/?s={search_term_string}"},"query-input":{"@type":"PropertyValueSpecification","valueRequired":true,"valueName":"search_term_string"}}],"inLanguage":"fr-FR"},{"@type":"Person","@id":"https:\/\/www.gold.fr\/news\/#\/schema\/person\/3ff0382c40999d45cb6b26eacf558dd0","name":"Presse","image":{"@type":"ImageObject","inLanguage":"fr-FR","@id":"https:\/\/secure.gravatar.com\/avatar\/392ef11d08663715e9f94a7c765916e46b5b0ce11b8ce82a6a96a9e60580030b?s=96&d=mm&r=g0d21c659f39d0b3dd3d526db8197c1aa","url":"https:\/\/secure.gravatar.com\/avatar\/392ef11d08663715e9f94a7c765916e46b5b0ce11b8ce82a6a96a9e60580030b?s=96&d=mm&r=g","contentUrl":"https:\/\/secure.gravatar.com\/avatar\/392ef11d08663715e9f94a7c765916e46b5b0ce11b8ce82a6a96a9e60580030b?s=96&d=mm&r=g","caption":"Presse"},"description":"Avec plus de\u00a0800 000 clients\u00a0qui nous ont fait confiance depuis notre cr\u00e9ation,\u00a0Le Comptoir National de l'Or\u00a0est devenu un acteur majeur en France de la\u00a0vente et du rachat de m\u00e9taux pr\u00e9cieux\u00a0(Or, Argent, Platine, Palladium). Le Comptoir National de l'Or compte aujourd'hui plus de\u00a0100 Comptoirs d'achat d'Or pr\u00e9sents partout en France.","sameAs":["https:\/\/www.gold.fr\/informations-sur-l-or\/"]}]}},"authors":[{"term_id":2563,"user_id":13,"is_guest":0,"slug":"on-parle-du-comptoir-national-de-lor-dans-la-press","display_name":"Presse","avatar_url":"https:\/\/secure.gravatar.com\/avatar\/392ef11d08663715e9f94a7c765916e46b5b0ce11b8ce82a6a96a9e60580030b?s=96&d=mm&r=g","0":null,"1":"","2":"","3":"","4":"","5":"","6":"","7":"","8":""}],"_links":{"self":[{"href":"https:\/\/www.gold.fr\/news\/wp-json\/wp\/v2\/posts\/49909","targetHints":{"allow":["GET"]}}],"collection":[{"href":"https:\/\/www.gold.fr\/news\/wp-json\/wp\/v2\/posts"}],"about":[{"href":"https:\/\/www.gold.fr\/news\/wp-json\/wp\/v2\/types\/post"}],"author":[{"embeddable":true,"href":"https:\/\/www.gold.fr\/news\/wp-json\/wp\/v2\/users\/13"}],"replies":[{"embeddable":true,"href":"https:\/\/www.gold.fr\/news\/wp-json\/wp\/v2\/comments?post=49909"}],"version-history":[{"count":1,"href":"https:\/\/www.gold.fr\/news\/wp-json\/wp\/v2\/posts\/49909\/revisions"}],"predecessor-version":[{"id":49911,"href":"https:\/\/www.gold.fr\/news\/wp-json\/wp\/v2\/posts\/49909\/revisions\/49911"}],"wp:featuredmedia":[{"embeddable":true,"href":"https:\/\/www.gold.fr\/news\/wp-json\/wp\/v2\/media\/49910"}],"wp:attachment":[{"href":"https:\/\/www.gold.fr\/news\/wp-json\/wp\/v2\/media?parent=49909"}],"wp:term":[{"taxonomy":"category","embeddable":true,"href":"https:\/\/www.gold.fr\/news\/wp-json\/wp\/v2\/categories?post=49909"},{"taxonomy":"post_tag","embeddable":true,"href":"https:\/\/www.gold.fr\/news\/wp-json\/wp\/v2\/tags?post=49909"},{"taxonomy":"author","embeddable":true,"href":"https:\/\/www.gold.fr\/news\/wp-json\/wp\/v2\/ppma_author?post=49909"}],"curies":[{"name":"wp","href":"https:\/\/api.w.org\/{rel}","templated":true}]}}