{"id":49873,"date":"2025-12-03T20:13:15","date_gmt":"2025-12-03T19:13:15","guid":{"rendered":"https:\/\/www.gold.fr\/news\/?p=49873"},"modified":"2025-12-05T17:39:00","modified_gmt":"2025-12-05T16:39:00","slug":"les-marches-retiennent-leur-souffle-ce-scenario-sur-lor-inquiete-meme-les-analystes","status":"publish","type":"post","link":"https:\/\/www.gold.fr\/news\/2025\/12\/03\/les-marches-retiennent-leur-souffle-ce-scenario-sur-lor-inquiete-meme-les-analystes\/","title":{"rendered":"Les march\u00e9s retiennent leur souffle : ce sc\u00e9nario sur l\u2019or inqui\u00e8te m\u00eame les analystes"},"content":{"rendered":"<p data-start=\"370\" data-end=\"607\">Le m\u00e9tal jaune vacille l\u00e9g\u00e8rement apr\u00e8s une p\u00e9riode record \u2014 mais la vraie le\u00e7on n\u2019est pas dans cette respiration : c\u2019est l\u2019ensemble des incertitudes \u2014 g\u00e9opolitiques, \u00e9conomiques et mon\u00e9taires \u2014 qui met l\u2019or sous une pression historique.<\/p>\n<h2 data-start=\"614\" data-end=\"671\"><strong data-start=\"617\" data-end=\"671\">Cours de l\u2019or aujourd\u2019hui : solide mais sur un fil<\/strong><\/h2>\n<p data-start=\"673\" data-end=\"1029\">\u00c0 la cl\u00f4ture du 2 d\u00e9cembre 2025, le prix spot de l\u2019or s\u2019\u00e9tablissait autour de <strong data-start=\"751\" data-end=\"769\">4 215 $ l\u2019once<\/strong> (valeur <strong data-start=\"778\" data-end=\"794\">hypoth\u00e9tique<\/strong>, car les cours exacts d\u00e9pendent des donn\u00e9es de march\u00e9 du jour).<br data-start=\"858\" data-end=\"861\" \/>La variation de quelques dollars d\u2019un jour \u00e0 l\u2019autre correspond g\u00e9n\u00e9ralement \u00e0 une baisse inf\u00e9rieure \u00e0 0,2 %, ce qui reste une fluctuation courante pour le m\u00e9tal jaune.<\/p>\n<p data-start=\"1031\" data-end=\"1445\">Toutefois, le texte \u00e9voque un r\u00e9cent record autour de <strong data-start=\"1085\" data-end=\"1103\">4 300 $ l\u2019once<\/strong> :<br data-start=\"1105\" data-end=\"1108\" \/>&#x27a1;&#xfe0f; Ce niveau est plausible dans une projection ou un sc\u00e9nario, mais \u00e0 date r\u00e9elle (2023\u2013d\u00e9but 2025), <strong data-start=\"1209\" data-end=\"1301\">le record historique observ\u00e9 en conditions r\u00e9elles demeure largement inf\u00e9rieur \u00e0 4 000 $<\/strong>.<br data-start=\"1302\" data-end=\"1305\" \/>Il faut donc consid\u00e9rer ces chiffres comme <strong data-start=\"1348\" data-end=\"1376\">des valeurs prospectives<\/strong>, ce qui est coh\u00e9rent dans une analyse de march\u00e9 \u00e0 horizon 2025\u20132026.<\/p>\n<h2 data-start=\"1452\" data-end=\"1526\"><strong data-start=\"1455\" data-end=\"1526\">Un cocktail de risques qui rend l\u2019or aussi impr\u00e9visible qu\u2019attirant<\/strong><\/h2>\n<p data-start=\"1528\" data-end=\"1604\">L\u2019environnement mondial alimente un cocktail de facteurs favorables \u00e0 l\u2019or :<\/p>\n<ul data-start=\"1606\" data-end=\"1912\">\n<li data-start=\"1606\" data-end=\"1744\">\n<p data-start=\"1608\" data-end=\"1744\"><strong data-start=\"1608\" data-end=\"1632\">Une inflation \u00e9lev\u00e9e<\/strong> dans plusieurs pays : historiquement vrai depuis 2021, m\u00eame si elle s\u2019est mod\u00e9r\u00e9e en 2024 dans certaines zones.<\/p>\n<\/li>\n<li data-start=\"1745\" data-end=\"1822\">\n<p data-start=\"1747\" data-end=\"1822\"><strong data-start=\"1747\" data-end=\"1790\">Des tensions g\u00e9opolitiques persistantes<\/strong>, notamment autour de l\u2019Ukraine.<\/p>\n<\/li>\n<li data-start=\"1823\" data-end=\"1912\">\n<p data-start=\"1825\" data-end=\"1912\"><strong data-start=\"1825\" data-end=\"1873\">Des incertitudes macro-\u00e9conomiques mondiales<\/strong>, y compris craintes de ralentissement.<\/p>\n<\/li>\n<\/ul>\n<p data-start=\"1914\" data-end=\"2037\">&#x2714;&#xfe0f; Tous ces \u00e9l\u00e9ments correspondent effectivement aux facteurs qui soutiennent le cours de l\u2019or selon le World Gold Council.<\/p>\n<p data-start=\"2039\" data-end=\"2255\">Dans ce contexte, les experts du Comptoir National de l\u2019Or estiment que l\u2019or redevient davantage un refuge qu\u2019un placement sp\u00e9culatif \u2014 ce positionnement est coh\u00e9rent avec les analyses des organisations sp\u00e9cialis\u00e9es.<\/p>\n<h2 data-start=\"2262\" data-end=\"2350\"><strong data-start=\"2265\" data-end=\"2350\">Des flux d\u2019investissement en or qui grimpent \u2014 un signal fort des institutionnels<\/strong><\/h2>\n<p data-start=\"2352\" data-end=\"2449\">Les flux vers les fonds adoss\u00e9s \u00e0 l\u2019or (ETF, m\u00e9tal physique, ETC\u2026) constituent un indicateur cl\u00e9.<\/p>\n<p data-start=\"2451\" data-end=\"2746\">Cependant :<br data-start=\"2462\" data-end=\"2465\" \/>&#x27a1;&#xfe0f; <strong data-start=\"2468\" data-end=\"2582\">Les chiffres \u201c+18 % \u00e0 +25 % sur trois mois\u201d ne correspondent pas \u00e0 des donn\u00e9es officielles publi\u00e9es par le WGC<\/strong>.<br data-start=\"2583\" data-end=\"2586\" \/>Ils doivent \u00eatre consid\u00e9r\u00e9s comme <strong data-start=\"2620\" data-end=\"2666\">des tendances possibles ou des estimations<\/strong>, car les flux r\u00e9els varient consid\u00e9rablement selon les p\u00e9riodes et les r\u00e9gions.<\/p>\n<p data-start=\"2748\" data-end=\"2880\">&#x2714;&#xfe0f; En revanche, il est factuellement exact que les ETF or enregistrent r\u00e9guli\u00e8rement des flux massifs lors d\u2019\u00e9pisodes d\u2019incertitude.<\/p>\n<h2 data-start=\"2887\" data-end=\"2977\"><strong data-start=\"2890\" data-end=\"2977\">Quand la g\u00e9opolitique fait trembler les march\u00e9s \u2014 l\u2019or comme \u201cbarom\u00e8tre de la peur\u201d<\/strong><\/h2>\n<p data-start=\"2979\" data-end=\"3183\">L\u2019incertitude autour de l\u2019Ukraine, les tensions diplomatiques globales, la pression sur les prix de l\u2019\u00e9nergie constituent bien des facteurs traditionnellement corr\u00e9l\u00e9s \u00e0 une hausse de l\u2019attrait pour l\u2019or.<\/p>\n<p data-start=\"3185\" data-end=\"3321\">&#x2714;&#xfe0f; Les analystes utilisent effectivement l\u2019expression \u201cbarom\u00e8tre de la peur\u201d pour d\u00e9crire le r\u00f4le de l\u2019or lors des crises g\u00e9opolitiques.<\/p>\n<p data-start=\"3323\" data-end=\"3454\">Les flux vers les ETF peuvent augmenter fortement \u00e0 chaque escalade g\u00e9opolitique, ce qui est conforme aux observations historiques.<\/p>\n<h2 data-start=\"3461\" data-end=\"3548\"><strong data-start=\"3464\" data-end=\"3548\">Pourquoi les investisseurs particuliers \u2014 et fran\u00e7ais \u2014 observent avec attention<\/strong><\/h2>\n<p data-start=\"3550\" data-end=\"3842\">De plus en plus d\u2019\u00e9pargnants, notamment en France, contactent le Comptoir National de l\u2019Or pour se renseigner sur les lingots et pi\u00e8ces.<br data-start=\"3686\" data-end=\"3689\" \/>&#x27a1;&#xfe0f; Cette tendance est coh\u00e9rente avec les statistiques du march\u00e9, qui montrent une hausse continue de la demande d\u2019or physique depuis 2020 (source : WGC).<\/p>\n<p data-start=\"3844\" data-end=\"3996\">Les motivations cit\u00e9es (crainte inflation, instabilit\u00e9 financi\u00e8re) correspondent aux raisons \u00e9voqu\u00e9es par les investisseurs dans les \u00e9tudes disponibles.<\/p>\n<h2 data-start=\"4003\" data-end=\"4071\"><strong data-start=\"4006\" data-end=\"4071\">Un horizon volatil \u2014 mais potentiellement favorable pour l\u2019or<\/strong><\/h2>\n<p data-start=\"4073\" data-end=\"4168\">Le repli actuel du prix de l\u2019or ne signifie pas un d\u00e9sint\u00e9r\u00eat, mais plut\u00f4t un repositionnement.<\/p>\n<p data-start=\"4170\" data-end=\"4368\">&#x2714;&#xfe0f; L\u2019id\u00e9e qu\u2019un choc g\u00e9opolitique, \u00e9nerg\u00e9tique ou une r\u00e9surgence de l\u2019inflation pourrait relancer une phase haussi\u00e8re est en ligne avec les analyses de march\u00e9 publi\u00e9es par les instituts sp\u00e9cialis\u00e9s.<\/p>\n<p data-start=\"4370\" data-end=\"4397\">L\u2019or reste historiquement :<\/p>\n<ul data-start=\"4399\" data-end=\"4493\">\n<li data-start=\"4399\" data-end=\"4417\">\n<p data-start=\"4401\" data-end=\"4417\">un actif refuge,<\/p>\n<\/li>\n<li data-start=\"4418\" data-end=\"4450\">\n<p data-start=\"4420\" data-end=\"4450\">d\u00e9corr\u00e9l\u00e9 des march\u00e9s actions,<\/p>\n<\/li>\n<li data-start=\"4451\" data-end=\"4493\">\n<p data-start=\"4453\" data-end=\"4493\">soutenu dans les p\u00e9riodes d\u2019incertitude.<\/p>\n<\/li>\n<\/ul>\n<!-- AddThis Advanced Settings generic via filter on the_content --><!-- AddThis Share Buttons generic via filter on the_content -->","protected":false},"excerpt":{"rendered":"<p>Le m\u00e9tal jaune vacille l\u00e9g\u00e8rement apr\u00e8s une p\u00e9riode record \u2014 mais la vraie le\u00e7on n\u2019est pas dans cette respiration : c\u2019est l\u2019ensemble des incertitudes \u2014 g\u00e9opolitiques, \u00e9conomiques et mon\u00e9taires \u2014 qui met l\u2019or sous une pression [&hellip;]<\/p>\n","protected":false},"author":18,"featured_media":49874,"comment_status":"closed","ping_status":"closed","sticky":false,"template":"","format":"standard","meta":{"_mbp_gutenberg_autopost":false,"_pgmb_is_evergreen":false,"_pgmb_ap_template_id":0,"footnotes":""},"categories":[2558],"tags":[],"ppma_author":[2565],"class_list":["post-49873","post","type-post","status-publish","format-standard","has-post-thumbnail","hentry","category-news"],"yoast_head":"<!-- This site is optimized with the Yoast SEO plugin v27.5 - https:\/\/yoast.com\/product\/yoast-seo-wordpress\/ -->\n<title>Les march\u00e9s retiennent leur souffle : ce sc\u00e9nario sur l\u2019or inqui\u00e8te m\u00eame les analystes - Gold.fr<\/title>\n<meta name=\"robots\" content=\"index, follow, max-snippet:-1, max-image-preview:large, max-video-preview:-1\" \/>\n<link rel=\"canonical\" href=\"https:\/\/www.gold.fr\/news\/2025\/12\/03\/les-marches-retiennent-leur-souffle-ce-scenario-sur-lor-inquiete-meme-les-analystes\/\" \/>\n<meta property=\"og:locale\" content=\"fr_FR\" \/>\n<meta property=\"og:type\" content=\"article\" \/>\n<meta property=\"og:title\" content=\"Les march\u00e9s retiennent leur souffle : ce sc\u00e9nario sur l\u2019or inqui\u00e8te m\u00eame les analystes - Gold.fr\" \/>\n<meta property=\"og:description\" content=\"Le m\u00e9tal jaune vacille l\u00e9g\u00e8rement apr\u00e8s une p\u00e9riode record \u2014 mais la vraie le\u00e7on n\u2019est pas dans cette respiration : c\u2019est l\u2019ensemble des incertitudes \u2014 g\u00e9opolitiques, \u00e9conomiques et mon\u00e9taires \u2014 qui met l\u2019or sous une pression [&hellip;]\" \/>\n<meta property=\"og:url\" content=\"https:\/\/www.gold.fr\/news\/2025\/12\/03\/les-marches-retiennent-leur-souffle-ce-scenario-sur-lor-inquiete-meme-les-analystes\/\" \/>\n<meta property=\"og:site_name\" content=\"Gold.fr\" \/>\n<meta property=\"article:publisher\" content=\"https:\/\/www.facebook.com\/Goldfr\/\" \/>\n<meta property=\"article:published_time\" content=\"2025-12-03T19:13:15+00:00\" \/>\n<meta property=\"article:modified_time\" content=\"2025-12-05T16:39:00+00:00\" \/>\n<meta property=\"og:image\" content=\"https:\/\/www.gold.fr\/news\/wp-content\/uploads\/2025\/12\/ChatGPT-Image-3-dec.-2025-19_52_44-1024x683.png\" \/>\n\t<meta property=\"og:image:width\" content=\"1024\" \/>\n\t<meta property=\"og:image:height\" content=\"683\" \/>\n\t<meta property=\"og:image:type\" content=\"image\/png\" \/>\n<meta name=\"author\" content=\"Comptoir National de l&#039;Or\" \/>\n<meta name=\"twitter:card\" content=\"summary_large_image\" \/>\n<meta name=\"twitter:label1\" content=\"\u00c9crit par\" \/>\n\t<meta name=\"twitter:data1\" content=\"Comptoir National de l&#039;Or\" \/>\n\t<meta name=\"twitter:label2\" content=\"Dur\u00e9e de lecture estim\u00e9e\" \/>\n\t<meta name=\"twitter:data2\" content=\"4 minutes\" \/>\n<script type=\"application\/ld+json\" class=\"yoast-schema-graph\">{\"@context\":\"https:\\\/\\\/schema.org\",\"@graph\":[{\"@type\":\"Article\",\"@id\":\"https:\\\/\\\/www.gold.fr\\\/news\\\/2025\\\/12\\\/03\\\/les-marches-retiennent-leur-souffle-ce-scenario-sur-lor-inquiete-meme-les-analystes\\\/#article\",\"isPartOf\":{\"@id\":\"https:\\\/\\\/www.gold.fr\\\/news\\\/2025\\\/12\\\/03\\\/les-marches-retiennent-leur-souffle-ce-scenario-sur-lor-inquiete-meme-les-analystes\\\/\"},\"author\":{\"name\":\"Comptoir National de l'Or\",\"@id\":\"https:\\\/\\\/www.gold.fr\\\/news\\\/#\\\/schema\\\/person\\\/070491b4b4fb7671bf59b3be20302ce9\"},\"headline\":\"Les march\u00e9s retiennent leur souffle : ce sc\u00e9nario sur l\u2019or inqui\u00e8te m\u00eame les analystes\",\"datePublished\":\"2025-12-03T19:13:15+00:00\",\"dateModified\":\"2025-12-05T16:39:00+00:00\",\"mainEntityOfPage\":{\"@id\":\"https:\\\/\\\/www.gold.fr\\\/news\\\/2025\\\/12\\\/03\\\/les-marches-retiennent-leur-souffle-ce-scenario-sur-lor-inquiete-meme-les-analystes\\\/\"},\"wordCount\":713,\"image\":{\"@id\":\"https:\\\/\\\/www.gold.fr\\\/news\\\/2025\\\/12\\\/03\\\/les-marches-retiennent-leur-souffle-ce-scenario-sur-lor-inquiete-meme-les-analystes\\\/#primaryimage\"},\"thumbnailUrl\":\"https:\\\/\\\/www.gold.fr\\\/news\\\/wp-content\\\/uploads\\\/2025\\\/12\\\/ChatGPT-Image-3-dec.-2025-19_52_44.png\",\"articleSection\":[\"News\"],\"inLanguage\":\"fr-FR\"},{\"@type\":\"WebPage\",\"@id\":\"https:\\\/\\\/www.gold.fr\\\/news\\\/2025\\\/12\\\/03\\\/les-marches-retiennent-leur-souffle-ce-scenario-sur-lor-inquiete-meme-les-analystes\\\/\",\"url\":\"https:\\\/\\\/www.gold.fr\\\/news\\\/2025\\\/12\\\/03\\\/les-marches-retiennent-leur-souffle-ce-scenario-sur-lor-inquiete-meme-les-analystes\\\/\",\"name\":\"Les march\u00e9s retiennent leur souffle : ce sc\u00e9nario sur l\u2019or inqui\u00e8te m\u00eame les analystes - Gold.fr\",\"isPartOf\":{\"@id\":\"https:\\\/\\\/www.gold.fr\\\/news\\\/#website\"},\"primaryImageOfPage\":{\"@id\":\"https:\\\/\\\/www.gold.fr\\\/news\\\/2025\\\/12\\\/03\\\/les-marches-retiennent-leur-souffle-ce-scenario-sur-lor-inquiete-meme-les-analystes\\\/#primaryimage\"},\"image\":{\"@id\":\"https:\\\/\\\/www.gold.fr\\\/news\\\/2025\\\/12\\\/03\\\/les-marches-retiennent-leur-souffle-ce-scenario-sur-lor-inquiete-meme-les-analystes\\\/#primaryimage\"},\"thumbnailUrl\":\"https:\\\/\\\/www.gold.fr\\\/news\\\/wp-content\\\/uploads\\\/2025\\\/12\\\/ChatGPT-Image-3-dec.-2025-19_52_44.png\",\"datePublished\":\"2025-12-03T19:13:15+00:00\",\"dateModified\":\"2025-12-05T16:39:00+00:00\",\"author\":{\"@id\":\"https:\\\/\\\/www.gold.fr\\\/news\\\/#\\\/schema\\\/person\\\/070491b4b4fb7671bf59b3be20302ce9\"},\"breadcrumb\":{\"@id\":\"https:\\\/\\\/www.gold.fr\\\/news\\\/2025\\\/12\\\/03\\\/les-marches-retiennent-leur-souffle-ce-scenario-sur-lor-inquiete-meme-les-analystes\\\/#breadcrumb\"},\"inLanguage\":\"fr-FR\",\"potentialAction\":[{\"@type\":\"ReadAction\",\"target\":[\"https:\\\/\\\/www.gold.fr\\\/news\\\/2025\\\/12\\\/03\\\/les-marches-retiennent-leur-souffle-ce-scenario-sur-lor-inquiete-meme-les-analystes\\\/\"]}]},{\"@type\":\"ImageObject\",\"inLanguage\":\"fr-FR\",\"@id\":\"https:\\\/\\\/www.gold.fr\\\/news\\\/2025\\\/12\\\/03\\\/les-marches-retiennent-leur-souffle-ce-scenario-sur-lor-inquiete-meme-les-analystes\\\/#primaryimage\",\"url\":\"https:\\\/\\\/www.gold.fr\\\/news\\\/wp-content\\\/uploads\\\/2025\\\/12\\\/ChatGPT-Image-3-dec.-2025-19_52_44.png\",\"contentUrl\":\"https:\\\/\\\/www.gold.fr\\\/news\\\/wp-content\\\/uploads\\\/2025\\\/12\\\/ChatGPT-Image-3-dec.-2025-19_52_44.png\",\"width\":1536,\"height\":1024},{\"@type\":\"BreadcrumbList\",\"@id\":\"https:\\\/\\\/www.gold.fr\\\/news\\\/2025\\\/12\\\/03\\\/les-marches-retiennent-leur-souffle-ce-scenario-sur-lor-inquiete-meme-les-analystes\\\/#breadcrumb\",\"itemListElement\":[{\"@type\":\"ListItem\",\"position\":1,\"name\":\"Accueil\",\"item\":\"https:\\\/\\\/www.gold.fr\\\/\"},{\"@type\":\"ListItem\",\"position\":2,\"name\":\"Actualit\u00e9s\",\"item\":\"https:\\\/\\\/www.gold.fr\\\/news\\\/\"},{\"@type\":\"ListItem\",\"position\":3,\"name\":\"Les march\u00e9s retiennent leur souffle : ce sc\u00e9nario sur l\u2019or inqui\u00e8te m\u00eame les analystes\"}]},{\"@type\":\"WebSite\",\"@id\":\"https:\\\/\\\/www.gold.fr\\\/news\\\/#website\",\"url\":\"https:\\\/\\\/www.gold.fr\\\/news\\\/\",\"name\":\"Gold.fr\",\"description\":\"Actualit\u00e9s de l&#039;Or et des m\u00e9taux pr\u00e9cieux\",\"potentialAction\":[{\"@type\":\"SearchAction\",\"target\":{\"@type\":\"EntryPoint\",\"urlTemplate\":\"https:\\\/\\\/www.gold.fr\\\/news\\\/?s={search_term_string}\"},\"query-input\":{\"@type\":\"PropertyValueSpecification\",\"valueRequired\":true,\"valueName\":\"search_term_string\"}}],\"inLanguage\":\"fr-FR\"},{\"@type\":\"Person\",\"@id\":\"https:\\\/\\\/www.gold.fr\\\/news\\\/#\\\/schema\\\/person\\\/070491b4b4fb7671bf59b3be20302ce9\",\"name\":\"Comptoir National de l'Or\",\"image\":{\"@type\":\"ImageObject\",\"inLanguage\":\"fr-FR\",\"@id\":\"https:\\\/\\\/secure.gravatar.com\\\/avatar\\\/0a2867fd5abe37bed95d5a65e9d58f01756e11efc68af9888dfc50cfa7f65948?s=96&d=mm&r=gb490554db0a38188709de567aa58480d\",\"url\":\"https:\\\/\\\/secure.gravatar.com\\\/avatar\\\/0a2867fd5abe37bed95d5a65e9d58f01756e11efc68af9888dfc50cfa7f65948?s=96&d=mm&r=g\",\"contentUrl\":\"https:\\\/\\\/secure.gravatar.com\\\/avatar\\\/0a2867fd5abe37bed95d5a65e9d58f01756e11efc68af9888dfc50cfa7f65948?s=96&d=mm&r=g\",\"caption\":\"Comptoir National de l'Or\"},\"description\":\"Notre r\u00e9daction est constitu\u00e9e de membres experts dans les m\u00e9tiers de l'\u00e9conomie et la gestion, des Responsables d'agence Comptoir National de l'Or, des analystes financiers qui publient r\u00e9guli\u00e8rement des \u00e9tudes sur les politiques des banques centrales, le cours de l'or, prix de l'or, cours de l'argent, prix de l'argent, cours du platine, cours du palladium,... la situation en zone euro et l'impact de la strat\u00e9gie mon\u00e9taire de la FED. Notre \u00e9quipe scrute \u00e9galement une information plus g\u00e9n\u00e9raliste \u00e0 la recherche d'actualit\u00e9 \\\"p\u00e9pite\\\" \u00e0 vous partager. Depuis 5 ans, nous avons publi\u00e9 un peu plus de 4000 articles qui s'adressent \u00e0 un public large et vari\u00e9 ayant pour objectif de satisfaire votre curiosit\u00e9 et de partager avec vous une certaine fascination pour le m\u00e9tal jaune, le rachat d'or, et pour ceux qui veulent investir dans l'or, vendre leur or tout simplement en savoir plus... Pour tous vos achat or et argent, n'h\u00e9sitez pas \u00e0 prendre rendez-vous dans l'un de nos nombreux comptoirs.\",\"sameAs\":[\"https:\\\/\\\/www.gold.fr\"]}]}<\/script>\n<!-- \/ Yoast SEO plugin. -->","yoast_head_json":{"title":"Les march\u00e9s retiennent leur souffle : ce sc\u00e9nario sur l\u2019or inqui\u00e8te m\u00eame les analystes - Gold.fr","robots":{"index":"index","follow":"follow","max-snippet":"max-snippet:-1","max-image-preview":"max-image-preview:large","max-video-preview":"max-video-preview:-1"},"canonical":"https:\/\/www.gold.fr\/news\/2025\/12\/03\/les-marches-retiennent-leur-souffle-ce-scenario-sur-lor-inquiete-meme-les-analystes\/","og_locale":"fr_FR","og_type":"article","og_title":"Les march\u00e9s retiennent leur souffle : ce sc\u00e9nario sur l\u2019or inqui\u00e8te m\u00eame les analystes - Gold.fr","og_description":"Le m\u00e9tal jaune vacille l\u00e9g\u00e8rement apr\u00e8s une p\u00e9riode record \u2014 mais la vraie le\u00e7on n\u2019est pas dans cette respiration : c\u2019est l\u2019ensemble des incertitudes \u2014 g\u00e9opolitiques, \u00e9conomiques et mon\u00e9taires \u2014 qui met l\u2019or sous une pression [&hellip;]","og_url":"https:\/\/www.gold.fr\/news\/2025\/12\/03\/les-marches-retiennent-leur-souffle-ce-scenario-sur-lor-inquiete-meme-les-analystes\/","og_site_name":"Gold.fr","article_publisher":"https:\/\/www.facebook.com\/Goldfr\/","article_published_time":"2025-12-03T19:13:15+00:00","article_modified_time":"2025-12-05T16:39:00+00:00","og_image":[{"width":1024,"height":683,"url":"https:\/\/www.gold.fr\/news\/wp-content\/uploads\/2025\/12\/ChatGPT-Image-3-dec.-2025-19_52_44-1024x683.png","type":"image\/png"}],"author":"Comptoir National de l'Or","twitter_card":"summary_large_image","twitter_misc":{"\u00c9crit par":"Comptoir National de l'Or","Dur\u00e9e de lecture estim\u00e9e":"4 minutes"},"schema":{"@context":"https:\/\/schema.org","@graph":[{"@type":"Article","@id":"https:\/\/www.gold.fr\/news\/2025\/12\/03\/les-marches-retiennent-leur-souffle-ce-scenario-sur-lor-inquiete-meme-les-analystes\/#article","isPartOf":{"@id":"https:\/\/www.gold.fr\/news\/2025\/12\/03\/les-marches-retiennent-leur-souffle-ce-scenario-sur-lor-inquiete-meme-les-analystes\/"},"author":{"name":"Comptoir National de l'Or","@id":"https:\/\/www.gold.fr\/news\/#\/schema\/person\/070491b4b4fb7671bf59b3be20302ce9"},"headline":"Les march\u00e9s retiennent leur souffle : ce sc\u00e9nario sur l\u2019or inqui\u00e8te m\u00eame les analystes","datePublished":"2025-12-03T19:13:15+00:00","dateModified":"2025-12-05T16:39:00+00:00","mainEntityOfPage":{"@id":"https:\/\/www.gold.fr\/news\/2025\/12\/03\/les-marches-retiennent-leur-souffle-ce-scenario-sur-lor-inquiete-meme-les-analystes\/"},"wordCount":713,"image":{"@id":"https:\/\/www.gold.fr\/news\/2025\/12\/03\/les-marches-retiennent-leur-souffle-ce-scenario-sur-lor-inquiete-meme-les-analystes\/#primaryimage"},"thumbnailUrl":"https:\/\/www.gold.fr\/news\/wp-content\/uploads\/2025\/12\/ChatGPT-Image-3-dec.-2025-19_52_44.png","articleSection":["News"],"inLanguage":"fr-FR"},{"@type":"WebPage","@id":"https:\/\/www.gold.fr\/news\/2025\/12\/03\/les-marches-retiennent-leur-souffle-ce-scenario-sur-lor-inquiete-meme-les-analystes\/","url":"https:\/\/www.gold.fr\/news\/2025\/12\/03\/les-marches-retiennent-leur-souffle-ce-scenario-sur-lor-inquiete-meme-les-analystes\/","name":"Les march\u00e9s retiennent leur souffle : ce sc\u00e9nario sur l\u2019or inqui\u00e8te m\u00eame les analystes - Gold.fr","isPartOf":{"@id":"https:\/\/www.gold.fr\/news\/#website"},"primaryImageOfPage":{"@id":"https:\/\/www.gold.fr\/news\/2025\/12\/03\/les-marches-retiennent-leur-souffle-ce-scenario-sur-lor-inquiete-meme-les-analystes\/#primaryimage"},"image":{"@id":"https:\/\/www.gold.fr\/news\/2025\/12\/03\/les-marches-retiennent-leur-souffle-ce-scenario-sur-lor-inquiete-meme-les-analystes\/#primaryimage"},"thumbnailUrl":"https:\/\/www.gold.fr\/news\/wp-content\/uploads\/2025\/12\/ChatGPT-Image-3-dec.-2025-19_52_44.png","datePublished":"2025-12-03T19:13:15+00:00","dateModified":"2025-12-05T16:39:00+00:00","author":{"@id":"https:\/\/www.gold.fr\/news\/#\/schema\/person\/070491b4b4fb7671bf59b3be20302ce9"},"breadcrumb":{"@id":"https:\/\/www.gold.fr\/news\/2025\/12\/03\/les-marches-retiennent-leur-souffle-ce-scenario-sur-lor-inquiete-meme-les-analystes\/#breadcrumb"},"inLanguage":"fr-FR","potentialAction":[{"@type":"ReadAction","target":["https:\/\/www.gold.fr\/news\/2025\/12\/03\/les-marches-retiennent-leur-souffle-ce-scenario-sur-lor-inquiete-meme-les-analystes\/"]}]},{"@type":"ImageObject","inLanguage":"fr-FR","@id":"https:\/\/www.gold.fr\/news\/2025\/12\/03\/les-marches-retiennent-leur-souffle-ce-scenario-sur-lor-inquiete-meme-les-analystes\/#primaryimage","url":"https:\/\/www.gold.fr\/news\/wp-content\/uploads\/2025\/12\/ChatGPT-Image-3-dec.-2025-19_52_44.png","contentUrl":"https:\/\/www.gold.fr\/news\/wp-content\/uploads\/2025\/12\/ChatGPT-Image-3-dec.-2025-19_52_44.png","width":1536,"height":1024},{"@type":"BreadcrumbList","@id":"https:\/\/www.gold.fr\/news\/2025\/12\/03\/les-marches-retiennent-leur-souffle-ce-scenario-sur-lor-inquiete-meme-les-analystes\/#breadcrumb","itemListElement":[{"@type":"ListItem","position":1,"name":"Accueil","item":"https:\/\/www.gold.fr\/"},{"@type":"ListItem","position":2,"name":"Actualit\u00e9s","item":"https:\/\/www.gold.fr\/news\/"},{"@type":"ListItem","position":3,"name":"Les march\u00e9s retiennent leur souffle : ce sc\u00e9nario sur l\u2019or inqui\u00e8te m\u00eame les analystes"}]},{"@type":"WebSite","@id":"https:\/\/www.gold.fr\/news\/#website","url":"https:\/\/www.gold.fr\/news\/","name":"Gold.fr","description":"Actualit\u00e9s de l&#039;Or et des m\u00e9taux pr\u00e9cieux","potentialAction":[{"@type":"SearchAction","target":{"@type":"EntryPoint","urlTemplate":"https:\/\/www.gold.fr\/news\/?s={search_term_string}"},"query-input":{"@type":"PropertyValueSpecification","valueRequired":true,"valueName":"search_term_string"}}],"inLanguage":"fr-FR"},{"@type":"Person","@id":"https:\/\/www.gold.fr\/news\/#\/schema\/person\/070491b4b4fb7671bf59b3be20302ce9","name":"Comptoir National de l'Or","image":{"@type":"ImageObject","inLanguage":"fr-FR","@id":"https:\/\/secure.gravatar.com\/avatar\/0a2867fd5abe37bed95d5a65e9d58f01756e11efc68af9888dfc50cfa7f65948?s=96&d=mm&r=gb490554db0a38188709de567aa58480d","url":"https:\/\/secure.gravatar.com\/avatar\/0a2867fd5abe37bed95d5a65e9d58f01756e11efc68af9888dfc50cfa7f65948?s=96&d=mm&r=g","contentUrl":"https:\/\/secure.gravatar.com\/avatar\/0a2867fd5abe37bed95d5a65e9d58f01756e11efc68af9888dfc50cfa7f65948?s=96&d=mm&r=g","caption":"Comptoir National de l'Or"},"description":"Notre r\u00e9daction est constitu\u00e9e de membres experts dans les m\u00e9tiers de l'\u00e9conomie et la gestion, des Responsables d'agence Comptoir National de l'Or, des analystes financiers qui publient r\u00e9guli\u00e8rement des \u00e9tudes sur les politiques des banques centrales, le cours de l'or, prix de l'or, cours de l'argent, prix de l'argent, cours du platine, cours du palladium,... la situation en zone euro et l'impact de la strat\u00e9gie mon\u00e9taire de la FED. Notre \u00e9quipe scrute \u00e9galement une information plus g\u00e9n\u00e9raliste \u00e0 la recherche d'actualit\u00e9 \"p\u00e9pite\" \u00e0 vous partager. Depuis 5 ans, nous avons publi\u00e9 un peu plus de 4000 articles qui s'adressent \u00e0 un public large et vari\u00e9 ayant pour objectif de satisfaire votre curiosit\u00e9 et de partager avec vous une certaine fascination pour le m\u00e9tal jaune, le rachat d'or, et pour ceux qui veulent investir dans l'or, vendre leur or tout simplement en savoir plus... Pour tous vos achat or et argent, n'h\u00e9sitez pas \u00e0 prendre rendez-vous dans l'un de nos nombreux comptoirs.","sameAs":["https:\/\/www.gold.fr"]}]}},"authors":[{"term_id":2565,"user_id":18,"is_guest":0,"slug":"julie","display_name":"Comptoir National de l'Or","avatar_url":"https:\/\/secure.gravatar.com\/avatar\/713f289e398d35ead876c4a4cc08607f0d6d266058cfc25683fffb6092d0e572?s=96&d=mm&r=g","0":null,"1":"","2":"","3":"","4":"","5":"","6":"","7":"","8":""}],"_links":{"self":[{"href":"https:\/\/www.gold.fr\/news\/wp-json\/wp\/v2\/posts\/49873","targetHints":{"allow":["GET"]}}],"collection":[{"href":"https:\/\/www.gold.fr\/news\/wp-json\/wp\/v2\/posts"}],"about":[{"href":"https:\/\/www.gold.fr\/news\/wp-json\/wp\/v2\/types\/post"}],"author":[{"embeddable":true,"href":"https:\/\/www.gold.fr\/news\/wp-json\/wp\/v2\/users\/18"}],"replies":[{"embeddable":true,"href":"https:\/\/www.gold.fr\/news\/wp-json\/wp\/v2\/comments?post=49873"}],"version-history":[{"count":3,"href":"https:\/\/www.gold.fr\/news\/wp-json\/wp\/v2\/posts\/49873\/revisions"}],"predecessor-version":[{"id":49928,"href":"https:\/\/www.gold.fr\/news\/wp-json\/wp\/v2\/posts\/49873\/revisions\/49928"}],"wp:featuredmedia":[{"embeddable":true,"href":"https:\/\/www.gold.fr\/news\/wp-json\/wp\/v2\/media\/49874"}],"wp:attachment":[{"href":"https:\/\/www.gold.fr\/news\/wp-json\/wp\/v2\/media?parent=49873"}],"wp:term":[{"taxonomy":"category","embeddable":true,"href":"https:\/\/www.gold.fr\/news\/wp-json\/wp\/v2\/categories?post=49873"},{"taxonomy":"post_tag","embeddable":true,"href":"https:\/\/www.gold.fr\/news\/wp-json\/wp\/v2\/tags?post=49873"},{"taxonomy":"author","embeddable":true,"href":"https:\/\/www.gold.fr\/news\/wp-json\/wp\/v2\/ppma_author?post=49873"}],"curies":[{"name":"wp","href":"https:\/\/api.w.org\/{rel}","templated":true}]}}