{"id":49870,"date":"2025-12-03T19:37:10","date_gmt":"2025-12-03T18:37:10","guid":{"rendered":"https:\/\/www.gold.fr\/news\/?p=49870"},"modified":"2025-12-05T17:42:59","modified_gmt":"2025-12-05T16:42:59","slug":"le-dollar-sous-pression-la-fed-pourrait-declencher-une-onde-de-choc-sur-le-marche-mondial-de-lor","status":"publish","type":"post","link":"https:\/\/www.gold.fr\/news\/2025\/12\/03\/le-dollar-sous-pression-la-fed-pourrait-declencher-une-onde-de-choc-sur-le-marche-mondial-de-lor\/","title":{"rendered":"Le dollar sous pression : la FED pourrait d\u00e9clencher une onde de choc sur le march\u00e9 mondial de l\u2019or"},"content":{"rendered":"<p data-start=\"427\" data-end=\"650\">Le calme apparent du cours de l\u2019or ne doit tromper personne : les march\u00e9s attendent en silence la prochaine d\u00e9cision de la FED. Une seule annonce pourrait provoquer une onde de choc mondiale, et les investisseurs le savent.<\/p>\n<p data-start=\"652\" data-end=\"718\">Pourquoi la chute du dollar peut tout changer pour le prix de l\u2019or<\/p>\n<p data-start=\"720\" data-end=\"1166\">Lorsque le dollar faiblit, l\u2019or se renforce. C\u2019est un m\u00e9canisme classique, mais en ce moment il est amplifi\u00e9 par un autre facteur : la nervosit\u00e9 des march\u00e9s am\u00e9ricains. Selon Reuters, le billet vert a recul\u00e9 ces derniers jours face \u00e0 un panier de devises, fragilis\u00e9 par des indicateurs \u00e9conomiques moins solides qu\u2019attendu.<\/p>\n<p data-start=\"1168\" data-end=\"1399\">Or, un dollar en repli signifie m\u00e9caniquement que l\u2019or devient plus attractif pour les acheteurs internationaux. C\u2019est l\u2019un des leviers que surveillent de pr\u00e8s les experts du Comptoir National de l\u2019Or, pr\u00e9sent dans toute la France.<\/p>\n<p data-start=\"1401\" data-end=\"1484\">Ce chiffre de la FED que tout le monde attend \u2014 et qui pourrait faire basculer l\u2019or<\/p>\n<p data-start=\"1486\" data-end=\"1926\">Inflation, emploi, consommation : tous les prochains chiffres am\u00e9ricains sont scrut\u00e9s comme s\u2019ils \u00e9taient d\u00e9cisifs. Et pour cause : si la FED confirme une pause durable dans sa politique mon\u00e9taire, ou laisse entrevoir une \u00e9ventuelle baisse des taux, l\u2019or pourrait conna\u00eetre une envol\u00e9e.<br data-start=\"1772\" data-end=\"1775\" \/>Selon les donn\u00e9es du World Gold Council, l\u2019or r\u00e9agit fortement aux variations des taux r\u00e9els am\u00e9ricains. Chaque signe d\u2019assouplissement mon\u00e9taire renforce l\u2019app\u00e9tit pour le m\u00e9tal jaune, consid\u00e9r\u00e9 comme le refuge par excellence en p\u00e9riode d\u2019incertitude.<\/p>\n<p data-start=\"2182\" data-end=\"2257\">Comment une simple phrase de Jerome Powell peut d\u00e9clencher une onde de choc<\/p>\n<p data-start=\"2259\" data-end=\"2963\">Les investisseurs n\u2019attendent pas seulement les chiffres : ils attendent les mots. Lors de chaque conf\u00e9rence de presse de la FED, une nuance dans le langage peut suffire \u00e0 envoyer les march\u00e9s dans une direction ou dans l\u2019autre.<br data-start=\"2486\" data-end=\"2489\" \/>Une expression plus prudente, un doute sur la croissance ou une mention explicite de \u201crisques accrus\u201d pourrait d\u00e9clencher un afflux massif vers l\u2019or physique. Les experts du Comptoir National de l\u2019Or rappellent d\u2019ailleurs que les plus fortes hausses du m\u00e9tal jaune surviennent souvent apr\u00e8s des d\u00e9clarations per\u00e7ues comme trop floues ou h\u00e9sitantes par les march\u00e9s.<br data-start=\"2853\" data-end=\"2856\" \/>\n<\/p>\n<p data-start=\"2965\" data-end=\"3017\">Ce sc\u00e9nario dont Wall Street parle d\u00e9j\u00e0 en coulisses<\/p>\n<p data-start=\"3019\" data-end=\"3604\">Une partie des analystes redoute un sc\u00e9nario bien particulier :<br data-start=\"3082\" data-end=\"3085\" \/>\u2013 nouveaux signes de ralentissement \u00e9conomique<br data-start=\"3131\" data-end=\"3134\" \/>\u2013 pressions sur le dollar<br data-start=\"3159\" data-end=\"3162\" \/>\u2013 resserrement du cr\u00e9dit aux entreprises<br data-start=\"3202\" data-end=\"3205\" \/>\u2013 tensions sur les taux longs am\u00e9ricains<br data-start=\"3245\" data-end=\"3248\" \/>Dans ce contexte, l\u2019or devient un barom\u00e8tre de la peur. Et la moindre aggravation de ces signaux pourrait faire passer le m\u00e9tal pr\u00e9cieux dans une nouvelle phase haussi\u00e8re.<br data-start=\"3419\" data-end=\"3422\" \/>Ce n\u2019est pas une certitude, mais un risque r\u00e9el sur lequel misent d\u00e9j\u00e0 certains investisseurs institutionnels.<br data-start=\"3532\" data-end=\"3535\" \/>\n<\/p>\n<p data-start=\"3606\" data-end=\"3687\">Pourquoi les investisseurs fran\u00e7ais suivent attentivement cette r\u00e9union de la FED<\/p>\n<p data-start=\"3689\" data-end=\"4250\">Ce qui se d\u00e9cide \u00e0 Washington ne reste jamais \u00e0 Washington. Les variations du dollar et de la politique mon\u00e9taire am\u00e9ricaine influencent directement le prix de l\u2019or en euros.<br data-start=\"3863\" data-end=\"3866\" \/>Pour les \u00e9pargnants fran\u00e7ais, comprendre cette m\u00e9canique n\u2019est pas un luxe : c\u2019est une n\u00e9cessit\u00e9. Les experts du Comptoir National de l\u2019Or, qui r\u00e9alisent chaque jour des estimations gratuites de pi\u00e8ces et lingots dans leurs agences, confirment une hausse des demandes d\u2019information avant chaque r\u00e9union cl\u00e9 de la FED.<br data-start=\"4183\" data-end=\"4186\" \/>L\u2019attentisme n\u2019est pas de la prudence : c\u2019est de la pr\u00e9paration.<\/p>\n<p data-start=\"4252\" data-end=\"4334\">Conclusion : un march\u00e9 sous tension, mais une opportunit\u00e9 pour ceux qui anticipent<\/p>\n<p data-start=\"4336\" data-end=\"4656\">Le dollar vacille. La FED s\u2019appr\u00eate \u00e0 parler. Les march\u00e9s retiennent leur souffle.<br data-start=\"4418\" data-end=\"4421\" \/>L\u2019or, lui, attend son moment.<br data-start=\"4450\" data-end=\"4453\" \/>Et si les prochains chiffres am\u00e9ricains montrent un ralentissement plus prononc\u00e9 que pr\u00e9vu, le m\u00e9tal jaune pourrait redevenir \u2014 une fois de plus \u2014 le grand gagnant des incertitudes \u00e9conomiques mondiales.<\/p>\n<!-- AddThis Advanced Settings generic via filter on the_content --><!-- AddThis Share Buttons generic via filter on the_content -->","protected":false},"excerpt":{"rendered":"<p>Le calme apparent du cours de l\u2019or ne doit tromper personne : les march\u00e9s attendent en silence la prochaine d\u00e9cision de la FED. Une seule annonce pourrait provoquer une onde de choc mondiale, et les investisseurs [&hellip;]<\/p>\n","protected":false},"author":18,"featured_media":49871,"comment_status":"closed","ping_status":"closed","sticky":false,"template":"","format":"standard","meta":{"_mbp_gutenberg_autopost":false,"_pgmb_is_evergreen":false,"_pgmb_ap_template_id":0,"footnotes":""},"categories":[2558],"tags":[],"ppma_author":[2565],"class_list":["post-49870","post","type-post","status-publish","format-standard","has-post-thumbnail","hentry","category-news"],"yoast_head":"<!-- This site is optimized with the Yoast SEO plugin v27.5 - https:\/\/yoast.com\/product\/yoast-seo-wordpress\/ -->\n<title>Le dollar sous pression : la FED pourrait d\u00e9clencher une onde de choc sur le march\u00e9 mondial de l\u2019or - Gold.fr<\/title>\n<meta name=\"robots\" content=\"index, follow, max-snippet:-1, max-image-preview:large, max-video-preview:-1\" \/>\n<link rel=\"canonical\" href=\"https:\/\/www.gold.fr\/news\/2025\/12\/03\/le-dollar-sous-pression-la-fed-pourrait-declencher-une-onde-de-choc-sur-le-marche-mondial-de-lor\/\" \/>\n<meta property=\"og:locale\" content=\"fr_FR\" \/>\n<meta property=\"og:type\" content=\"article\" \/>\n<meta property=\"og:title\" content=\"Le dollar sous pression : la FED pourrait d\u00e9clencher une onde de choc sur le march\u00e9 mondial de l\u2019or - Gold.fr\" \/>\n<meta property=\"og:description\" content=\"Le calme apparent du cours de l\u2019or ne doit tromper personne : les march\u00e9s attendent en silence la prochaine d\u00e9cision de la FED. Une seule annonce pourrait provoquer une onde de choc mondiale, et les investisseurs [&hellip;]\" \/>\n<meta property=\"og:url\" content=\"https:\/\/www.gold.fr\/news\/2025\/12\/03\/le-dollar-sous-pression-la-fed-pourrait-declencher-une-onde-de-choc-sur-le-marche-mondial-de-lor\/\" \/>\n<meta property=\"og:site_name\" content=\"Gold.fr\" \/>\n<meta property=\"article:publisher\" content=\"https:\/\/www.facebook.com\/Goldfr\/\" \/>\n<meta property=\"article:published_time\" content=\"2025-12-03T18:37:10+00:00\" \/>\n<meta property=\"article:modified_time\" content=\"2025-12-05T16:42:59+00:00\" \/>\n<meta property=\"og:image\" content=\"https:\/\/www.gold.fr\/news\/wp-content\/uploads\/2025\/12\/ChatGPT-Image-3-dec.-2025-19_36_40-1024x683.png\" \/>\n\t<meta property=\"og:image:width\" content=\"1024\" \/>\n\t<meta property=\"og:image:height\" content=\"683\" \/>\n\t<meta property=\"og:image:type\" content=\"image\/png\" \/>\n<meta name=\"author\" content=\"Comptoir National de l&#039;Or\" \/>\n<meta name=\"twitter:card\" content=\"summary_large_image\" \/>\n<meta name=\"twitter:label1\" content=\"\u00c9crit par\" \/>\n\t<meta name=\"twitter:data1\" content=\"Comptoir National de l&#039;Or\" \/>\n\t<meta name=\"twitter:label2\" content=\"Dur\u00e9e de lecture estim\u00e9e\" \/>\n\t<meta name=\"twitter:data2\" content=\"4 minutes\" \/>\n<script type=\"application\/ld+json\" class=\"yoast-schema-graph\">{\"@context\":\"https:\\\/\\\/schema.org\",\"@graph\":[{\"@type\":\"Article\",\"@id\":\"https:\\\/\\\/www.gold.fr\\\/news\\\/2025\\\/12\\\/03\\\/le-dollar-sous-pression-la-fed-pourrait-declencher-une-onde-de-choc-sur-le-marche-mondial-de-lor\\\/#article\",\"isPartOf\":{\"@id\":\"https:\\\/\\\/www.gold.fr\\\/news\\\/2025\\\/12\\\/03\\\/le-dollar-sous-pression-la-fed-pourrait-declencher-une-onde-de-choc-sur-le-marche-mondial-de-lor\\\/\"},\"author\":{\"name\":\"Comptoir National de l'Or\",\"@id\":\"https:\\\/\\\/www.gold.fr\\\/news\\\/#\\\/schema\\\/person\\\/070491b4b4fb7671bf59b3be20302ce9\"},\"headline\":\"Le dollar sous pression : la FED pourrait d\u00e9clencher une onde de choc sur le march\u00e9 mondial de l\u2019or\",\"datePublished\":\"2025-12-03T18:37:10+00:00\",\"dateModified\":\"2025-12-05T16:42:59+00:00\",\"mainEntityOfPage\":{\"@id\":\"https:\\\/\\\/www.gold.fr\\\/news\\\/2025\\\/12\\\/03\\\/le-dollar-sous-pression-la-fed-pourrait-declencher-une-onde-de-choc-sur-le-marche-mondial-de-lor\\\/\"},\"wordCount\":681,\"image\":{\"@id\":\"https:\\\/\\\/www.gold.fr\\\/news\\\/2025\\\/12\\\/03\\\/le-dollar-sous-pression-la-fed-pourrait-declencher-une-onde-de-choc-sur-le-marche-mondial-de-lor\\\/#primaryimage\"},\"thumbnailUrl\":\"https:\\\/\\\/www.gold.fr\\\/news\\\/wp-content\\\/uploads\\\/2025\\\/12\\\/ChatGPT-Image-3-dec.-2025-19_36_40.png\",\"articleSection\":[\"News\"],\"inLanguage\":\"fr-FR\"},{\"@type\":\"WebPage\",\"@id\":\"https:\\\/\\\/www.gold.fr\\\/news\\\/2025\\\/12\\\/03\\\/le-dollar-sous-pression-la-fed-pourrait-declencher-une-onde-de-choc-sur-le-marche-mondial-de-lor\\\/\",\"url\":\"https:\\\/\\\/www.gold.fr\\\/news\\\/2025\\\/12\\\/03\\\/le-dollar-sous-pression-la-fed-pourrait-declencher-une-onde-de-choc-sur-le-marche-mondial-de-lor\\\/\",\"name\":\"Le dollar sous pression : la FED pourrait d\u00e9clencher une onde de choc sur le march\u00e9 mondial de l\u2019or - Gold.fr\",\"isPartOf\":{\"@id\":\"https:\\\/\\\/www.gold.fr\\\/news\\\/#website\"},\"primaryImageOfPage\":{\"@id\":\"https:\\\/\\\/www.gold.fr\\\/news\\\/2025\\\/12\\\/03\\\/le-dollar-sous-pression-la-fed-pourrait-declencher-une-onde-de-choc-sur-le-marche-mondial-de-lor\\\/#primaryimage\"},\"image\":{\"@id\":\"https:\\\/\\\/www.gold.fr\\\/news\\\/2025\\\/12\\\/03\\\/le-dollar-sous-pression-la-fed-pourrait-declencher-une-onde-de-choc-sur-le-marche-mondial-de-lor\\\/#primaryimage\"},\"thumbnailUrl\":\"https:\\\/\\\/www.gold.fr\\\/news\\\/wp-content\\\/uploads\\\/2025\\\/12\\\/ChatGPT-Image-3-dec.-2025-19_36_40.png\",\"datePublished\":\"2025-12-03T18:37:10+00:00\",\"dateModified\":\"2025-12-05T16:42:59+00:00\",\"author\":{\"@id\":\"https:\\\/\\\/www.gold.fr\\\/news\\\/#\\\/schema\\\/person\\\/070491b4b4fb7671bf59b3be20302ce9\"},\"breadcrumb\":{\"@id\":\"https:\\\/\\\/www.gold.fr\\\/news\\\/2025\\\/12\\\/03\\\/le-dollar-sous-pression-la-fed-pourrait-declencher-une-onde-de-choc-sur-le-marche-mondial-de-lor\\\/#breadcrumb\"},\"inLanguage\":\"fr-FR\",\"potentialAction\":[{\"@type\":\"ReadAction\",\"target\":[\"https:\\\/\\\/www.gold.fr\\\/news\\\/2025\\\/12\\\/03\\\/le-dollar-sous-pression-la-fed-pourrait-declencher-une-onde-de-choc-sur-le-marche-mondial-de-lor\\\/\"]}]},{\"@type\":\"ImageObject\",\"inLanguage\":\"fr-FR\",\"@id\":\"https:\\\/\\\/www.gold.fr\\\/news\\\/2025\\\/12\\\/03\\\/le-dollar-sous-pression-la-fed-pourrait-declencher-une-onde-de-choc-sur-le-marche-mondial-de-lor\\\/#primaryimage\",\"url\":\"https:\\\/\\\/www.gold.fr\\\/news\\\/wp-content\\\/uploads\\\/2025\\\/12\\\/ChatGPT-Image-3-dec.-2025-19_36_40.png\",\"contentUrl\":\"https:\\\/\\\/www.gold.fr\\\/news\\\/wp-content\\\/uploads\\\/2025\\\/12\\\/ChatGPT-Image-3-dec.-2025-19_36_40.png\",\"width\":1536,\"height\":1024},{\"@type\":\"BreadcrumbList\",\"@id\":\"https:\\\/\\\/www.gold.fr\\\/news\\\/2025\\\/12\\\/03\\\/le-dollar-sous-pression-la-fed-pourrait-declencher-une-onde-de-choc-sur-le-marche-mondial-de-lor\\\/#breadcrumb\",\"itemListElement\":[{\"@type\":\"ListItem\",\"position\":1,\"name\":\"Accueil\",\"item\":\"https:\\\/\\\/www.gold.fr\\\/\"},{\"@type\":\"ListItem\",\"position\":2,\"name\":\"Actualit\u00e9s\",\"item\":\"https:\\\/\\\/www.gold.fr\\\/news\\\/\"},{\"@type\":\"ListItem\",\"position\":3,\"name\":\"Le dollar sous pression : la FED pourrait d\u00e9clencher une onde de choc sur le march\u00e9 mondial de l\u2019or\"}]},{\"@type\":\"WebSite\",\"@id\":\"https:\\\/\\\/www.gold.fr\\\/news\\\/#website\",\"url\":\"https:\\\/\\\/www.gold.fr\\\/news\\\/\",\"name\":\"Gold.fr\",\"description\":\"Actualit\u00e9s de l&#039;Or et des m\u00e9taux pr\u00e9cieux\",\"potentialAction\":[{\"@type\":\"SearchAction\",\"target\":{\"@type\":\"EntryPoint\",\"urlTemplate\":\"https:\\\/\\\/www.gold.fr\\\/news\\\/?s={search_term_string}\"},\"query-input\":{\"@type\":\"PropertyValueSpecification\",\"valueRequired\":true,\"valueName\":\"search_term_string\"}}],\"inLanguage\":\"fr-FR\"},{\"@type\":\"Person\",\"@id\":\"https:\\\/\\\/www.gold.fr\\\/news\\\/#\\\/schema\\\/person\\\/070491b4b4fb7671bf59b3be20302ce9\",\"name\":\"Comptoir National de l'Or\",\"image\":{\"@type\":\"ImageObject\",\"inLanguage\":\"fr-FR\",\"@id\":\"https:\\\/\\\/secure.gravatar.com\\\/avatar\\\/0a2867fd5abe37bed95d5a65e9d58f01756e11efc68af9888dfc50cfa7f65948?s=96&d=mm&r=gb490554db0a38188709de567aa58480d\",\"url\":\"https:\\\/\\\/secure.gravatar.com\\\/avatar\\\/0a2867fd5abe37bed95d5a65e9d58f01756e11efc68af9888dfc50cfa7f65948?s=96&d=mm&r=g\",\"contentUrl\":\"https:\\\/\\\/secure.gravatar.com\\\/avatar\\\/0a2867fd5abe37bed95d5a65e9d58f01756e11efc68af9888dfc50cfa7f65948?s=96&d=mm&r=g\",\"caption\":\"Comptoir National de l'Or\"},\"description\":\"Notre r\u00e9daction est constitu\u00e9e de membres experts dans les m\u00e9tiers de l'\u00e9conomie et la gestion, des Responsables d'agence Comptoir National de l'Or, des analystes financiers qui publient r\u00e9guli\u00e8rement des \u00e9tudes sur les politiques des banques centrales, le cours de l'or, prix de l'or, cours de l'argent, prix de l'argent, cours du platine, cours du palladium,... la situation en zone euro et l'impact de la strat\u00e9gie mon\u00e9taire de la FED. Notre \u00e9quipe scrute \u00e9galement une information plus g\u00e9n\u00e9raliste \u00e0 la recherche d'actualit\u00e9 \\\"p\u00e9pite\\\" \u00e0 vous partager. Depuis 5 ans, nous avons publi\u00e9 un peu plus de 4000 articles qui s'adressent \u00e0 un public large et vari\u00e9 ayant pour objectif de satisfaire votre curiosit\u00e9 et de partager avec vous une certaine fascination pour le m\u00e9tal jaune, le rachat d'or, et pour ceux qui veulent investir dans l'or, vendre leur or tout simplement en savoir plus... Pour tous vos achat or et argent, n'h\u00e9sitez pas \u00e0 prendre rendez-vous dans l'un de nos nombreux comptoirs.\",\"sameAs\":[\"https:\\\/\\\/www.gold.fr\"]}]}<\/script>\n<!-- \/ Yoast SEO plugin. -->","yoast_head_json":{"title":"Le dollar sous pression : la FED pourrait d\u00e9clencher une onde de choc sur le march\u00e9 mondial de l\u2019or - Gold.fr","robots":{"index":"index","follow":"follow","max-snippet":"max-snippet:-1","max-image-preview":"max-image-preview:large","max-video-preview":"max-video-preview:-1"},"canonical":"https:\/\/www.gold.fr\/news\/2025\/12\/03\/le-dollar-sous-pression-la-fed-pourrait-declencher-une-onde-de-choc-sur-le-marche-mondial-de-lor\/","og_locale":"fr_FR","og_type":"article","og_title":"Le dollar sous pression : la FED pourrait d\u00e9clencher une onde de choc sur le march\u00e9 mondial de l\u2019or - Gold.fr","og_description":"Le calme apparent du cours de l\u2019or ne doit tromper personne : les march\u00e9s attendent en silence la prochaine d\u00e9cision de la FED. Une seule annonce pourrait provoquer une onde de choc mondiale, et les investisseurs [&hellip;]","og_url":"https:\/\/www.gold.fr\/news\/2025\/12\/03\/le-dollar-sous-pression-la-fed-pourrait-declencher-une-onde-de-choc-sur-le-marche-mondial-de-lor\/","og_site_name":"Gold.fr","article_publisher":"https:\/\/www.facebook.com\/Goldfr\/","article_published_time":"2025-12-03T18:37:10+00:00","article_modified_time":"2025-12-05T16:42:59+00:00","og_image":[{"width":1024,"height":683,"url":"https:\/\/www.gold.fr\/news\/wp-content\/uploads\/2025\/12\/ChatGPT-Image-3-dec.-2025-19_36_40-1024x683.png","type":"image\/png"}],"author":"Comptoir National de l'Or","twitter_card":"summary_large_image","twitter_misc":{"\u00c9crit par":"Comptoir National de l'Or","Dur\u00e9e de lecture estim\u00e9e":"4 minutes"},"schema":{"@context":"https:\/\/schema.org","@graph":[{"@type":"Article","@id":"https:\/\/www.gold.fr\/news\/2025\/12\/03\/le-dollar-sous-pression-la-fed-pourrait-declencher-une-onde-de-choc-sur-le-marche-mondial-de-lor\/#article","isPartOf":{"@id":"https:\/\/www.gold.fr\/news\/2025\/12\/03\/le-dollar-sous-pression-la-fed-pourrait-declencher-une-onde-de-choc-sur-le-marche-mondial-de-lor\/"},"author":{"name":"Comptoir National de l'Or","@id":"https:\/\/www.gold.fr\/news\/#\/schema\/person\/070491b4b4fb7671bf59b3be20302ce9"},"headline":"Le dollar sous pression : la FED pourrait d\u00e9clencher une onde de choc sur le march\u00e9 mondial de l\u2019or","datePublished":"2025-12-03T18:37:10+00:00","dateModified":"2025-12-05T16:42:59+00:00","mainEntityOfPage":{"@id":"https:\/\/www.gold.fr\/news\/2025\/12\/03\/le-dollar-sous-pression-la-fed-pourrait-declencher-une-onde-de-choc-sur-le-marche-mondial-de-lor\/"},"wordCount":681,"image":{"@id":"https:\/\/www.gold.fr\/news\/2025\/12\/03\/le-dollar-sous-pression-la-fed-pourrait-declencher-une-onde-de-choc-sur-le-marche-mondial-de-lor\/#primaryimage"},"thumbnailUrl":"https:\/\/www.gold.fr\/news\/wp-content\/uploads\/2025\/12\/ChatGPT-Image-3-dec.-2025-19_36_40.png","articleSection":["News"],"inLanguage":"fr-FR"},{"@type":"WebPage","@id":"https:\/\/www.gold.fr\/news\/2025\/12\/03\/le-dollar-sous-pression-la-fed-pourrait-declencher-une-onde-de-choc-sur-le-marche-mondial-de-lor\/","url":"https:\/\/www.gold.fr\/news\/2025\/12\/03\/le-dollar-sous-pression-la-fed-pourrait-declencher-une-onde-de-choc-sur-le-marche-mondial-de-lor\/","name":"Le dollar sous pression : la FED pourrait d\u00e9clencher une onde de choc sur le march\u00e9 mondial de l\u2019or - Gold.fr","isPartOf":{"@id":"https:\/\/www.gold.fr\/news\/#website"},"primaryImageOfPage":{"@id":"https:\/\/www.gold.fr\/news\/2025\/12\/03\/le-dollar-sous-pression-la-fed-pourrait-declencher-une-onde-de-choc-sur-le-marche-mondial-de-lor\/#primaryimage"},"image":{"@id":"https:\/\/www.gold.fr\/news\/2025\/12\/03\/le-dollar-sous-pression-la-fed-pourrait-declencher-une-onde-de-choc-sur-le-marche-mondial-de-lor\/#primaryimage"},"thumbnailUrl":"https:\/\/www.gold.fr\/news\/wp-content\/uploads\/2025\/12\/ChatGPT-Image-3-dec.-2025-19_36_40.png","datePublished":"2025-12-03T18:37:10+00:00","dateModified":"2025-12-05T16:42:59+00:00","author":{"@id":"https:\/\/www.gold.fr\/news\/#\/schema\/person\/070491b4b4fb7671bf59b3be20302ce9"},"breadcrumb":{"@id":"https:\/\/www.gold.fr\/news\/2025\/12\/03\/le-dollar-sous-pression-la-fed-pourrait-declencher-une-onde-de-choc-sur-le-marche-mondial-de-lor\/#breadcrumb"},"inLanguage":"fr-FR","potentialAction":[{"@type":"ReadAction","target":["https:\/\/www.gold.fr\/news\/2025\/12\/03\/le-dollar-sous-pression-la-fed-pourrait-declencher-une-onde-de-choc-sur-le-marche-mondial-de-lor\/"]}]},{"@type":"ImageObject","inLanguage":"fr-FR","@id":"https:\/\/www.gold.fr\/news\/2025\/12\/03\/le-dollar-sous-pression-la-fed-pourrait-declencher-une-onde-de-choc-sur-le-marche-mondial-de-lor\/#primaryimage","url":"https:\/\/www.gold.fr\/news\/wp-content\/uploads\/2025\/12\/ChatGPT-Image-3-dec.-2025-19_36_40.png","contentUrl":"https:\/\/www.gold.fr\/news\/wp-content\/uploads\/2025\/12\/ChatGPT-Image-3-dec.-2025-19_36_40.png","width":1536,"height":1024},{"@type":"BreadcrumbList","@id":"https:\/\/www.gold.fr\/news\/2025\/12\/03\/le-dollar-sous-pression-la-fed-pourrait-declencher-une-onde-de-choc-sur-le-marche-mondial-de-lor\/#breadcrumb","itemListElement":[{"@type":"ListItem","position":1,"name":"Accueil","item":"https:\/\/www.gold.fr\/"},{"@type":"ListItem","position":2,"name":"Actualit\u00e9s","item":"https:\/\/www.gold.fr\/news\/"},{"@type":"ListItem","position":3,"name":"Le dollar sous pression : la FED pourrait d\u00e9clencher une onde de choc sur le march\u00e9 mondial de l\u2019or"}]},{"@type":"WebSite","@id":"https:\/\/www.gold.fr\/news\/#website","url":"https:\/\/www.gold.fr\/news\/","name":"Gold.fr","description":"Actualit\u00e9s de l&#039;Or et des m\u00e9taux pr\u00e9cieux","potentialAction":[{"@type":"SearchAction","target":{"@type":"EntryPoint","urlTemplate":"https:\/\/www.gold.fr\/news\/?s={search_term_string}"},"query-input":{"@type":"PropertyValueSpecification","valueRequired":true,"valueName":"search_term_string"}}],"inLanguage":"fr-FR"},{"@type":"Person","@id":"https:\/\/www.gold.fr\/news\/#\/schema\/person\/070491b4b4fb7671bf59b3be20302ce9","name":"Comptoir National de l'Or","image":{"@type":"ImageObject","inLanguage":"fr-FR","@id":"https:\/\/secure.gravatar.com\/avatar\/0a2867fd5abe37bed95d5a65e9d58f01756e11efc68af9888dfc50cfa7f65948?s=96&d=mm&r=gb490554db0a38188709de567aa58480d","url":"https:\/\/secure.gravatar.com\/avatar\/0a2867fd5abe37bed95d5a65e9d58f01756e11efc68af9888dfc50cfa7f65948?s=96&d=mm&r=g","contentUrl":"https:\/\/secure.gravatar.com\/avatar\/0a2867fd5abe37bed95d5a65e9d58f01756e11efc68af9888dfc50cfa7f65948?s=96&d=mm&r=g","caption":"Comptoir National de l'Or"},"description":"Notre r\u00e9daction est constitu\u00e9e de membres experts dans les m\u00e9tiers de l'\u00e9conomie et la gestion, des Responsables d'agence Comptoir National de l'Or, des analystes financiers qui publient r\u00e9guli\u00e8rement des \u00e9tudes sur les politiques des banques centrales, le cours de l'or, prix de l'or, cours de l'argent, prix de l'argent, cours du platine, cours du palladium,... la situation en zone euro et l'impact de la strat\u00e9gie mon\u00e9taire de la FED. Notre \u00e9quipe scrute \u00e9galement une information plus g\u00e9n\u00e9raliste \u00e0 la recherche d'actualit\u00e9 \"p\u00e9pite\" \u00e0 vous partager. Depuis 5 ans, nous avons publi\u00e9 un peu plus de 4000 articles qui s'adressent \u00e0 un public large et vari\u00e9 ayant pour objectif de satisfaire votre curiosit\u00e9 et de partager avec vous une certaine fascination pour le m\u00e9tal jaune, le rachat d'or, et pour ceux qui veulent investir dans l'or, vendre leur or tout simplement en savoir plus... Pour tous vos achat or et argent, n'h\u00e9sitez pas \u00e0 prendre rendez-vous dans l'un de nos nombreux comptoirs.","sameAs":["https:\/\/www.gold.fr"]}]}},"authors":[{"term_id":2565,"user_id":18,"is_guest":0,"slug":"julie","display_name":"Comptoir National de l'Or","avatar_url":"https:\/\/secure.gravatar.com\/avatar\/713f289e398d35ead876c4a4cc08607f0d6d266058cfc25683fffb6092d0e572?s=96&d=mm&r=g","0":null,"1":"","2":"","3":"","4":"","5":"","6":"","7":"","8":""}],"_links":{"self":[{"href":"https:\/\/www.gold.fr\/news\/wp-json\/wp\/v2\/posts\/49870","targetHints":{"allow":["GET"]}}],"collection":[{"href":"https:\/\/www.gold.fr\/news\/wp-json\/wp\/v2\/posts"}],"about":[{"href":"https:\/\/www.gold.fr\/news\/wp-json\/wp\/v2\/types\/post"}],"author":[{"embeddable":true,"href":"https:\/\/www.gold.fr\/news\/wp-json\/wp\/v2\/users\/18"}],"replies":[{"embeddable":true,"href":"https:\/\/www.gold.fr\/news\/wp-json\/wp\/v2\/comments?post=49870"}],"version-history":[{"count":3,"href":"https:\/\/www.gold.fr\/news\/wp-json\/wp\/v2\/posts\/49870\/revisions"}],"predecessor-version":[{"id":49930,"href":"https:\/\/www.gold.fr\/news\/wp-json\/wp\/v2\/posts\/49870\/revisions\/49930"}],"wp:featuredmedia":[{"embeddable":true,"href":"https:\/\/www.gold.fr\/news\/wp-json\/wp\/v2\/media\/49871"}],"wp:attachment":[{"href":"https:\/\/www.gold.fr\/news\/wp-json\/wp\/v2\/media?parent=49870"}],"wp:term":[{"taxonomy":"category","embeddable":true,"href":"https:\/\/www.gold.fr\/news\/wp-json\/wp\/v2\/categories?post=49870"},{"taxonomy":"post_tag","embeddable":true,"href":"https:\/\/www.gold.fr\/news\/wp-json\/wp\/v2\/tags?post=49870"},{"taxonomy":"author","embeddable":true,"href":"https:\/\/www.gold.fr\/news\/wp-json\/wp\/v2\/ppma_author?post=49870"}],"curies":[{"name":"wp","href":"https:\/\/api.w.org\/{rel}","templated":true}]}}