{"id":4978,"date":"2012-01-17T12:10:50","date_gmt":"2012-01-17T11:10:50","guid":{"rendered":"http:\/\/news.gold.fr\/?p=4978"},"modified":"2020-06-25T14:59:53","modified_gmt":"2020-06-25T12:59:53","slug":"or-une-hausse-certaine-en-vue","status":"publish","type":"post","link":"https:\/\/www.gold.fr\/news\/2012\/01\/17\/or-une-hausse-certaine-en-vue\/","title":{"rendered":"Or \u2013 Une hausse certaine en vue"},"content":{"rendered":"<p style=\"text-align: justify;\"><span style=\"font-family: verdana,geneva; font-size: small;\"><a href=\"http:\/\/news.gold.fr\/wp-content\/uploads\/2012\/01\/pi%C3%A8ces-or1.jpg\"><img loading=\"lazy\" decoding=\"async\" class=\"alignleft size-thumbnail wp-image-4980\" style=\"float: left; margin: 5px; border: 1px solid black;\" title=\"pi\u00e8ces-or\" src=\"http:\/\/news.gold.fr\/wp-content\/uploads\/2012\/01\/pi%C3%A8ces-or1-150x150.jpg\" alt=\"\" width=\"150\" height=\"150\" \/><\/a>C&rsquo;est Triland Metals, courtier en m\u00e9taux chez le groupe Mitsubishi, qui d\u00e9crit le mieux la situation en d\u00e9clarant \u00ab Pourquoi conserver tous vos \u0153ufs dans le m\u00eame panier, fut-il am\u00e9ricain ? \u00bb. L&rsquo;interrogation des analystes du groupe intervient dans le contexte de leurs pr\u00e9visions pour <strong>le fin m\u00e9tal pour l&rsquo;ann\u00e9e 2012.<\/strong><\/span> <span style=\"font-family: verdana,geneva; font-size: small;\"> Comme la plupart des sp\u00e9cialistes des m\u00e9taux pr\u00e9cieux, les experts de Triland Metals estiment que le retour de <strong>la flamb\u00e9e aurif\u00e8re<\/strong> prendra racine dans le besoin des investisseurs de chercher des valeurs refuges autres que le billet vert qui doit exclusivement son succ\u00e8s \u00e0 la d\u00e9gringolade de <a href=\"http:\/\/news.gold.fr\/2011\/12\/01\/l%E2%80%99or-a-nouveau-booste-par-la-crise\/4105\/\">l\u2019euro durant le dernier trimestre 2011.<\/a><\/span> <span style=\"font-family: verdana,geneva; font-size: small;\"> Dans un contexte de crise mondiale persistante, de <strong>chute libre \u00e9conomique<\/strong> en zone euro et de tension permanente au sein des march\u00e9s financiers, les investisseurs se tourneront fatalement vers <strong>les valeurs<\/strong> qui leur servent traditionnellement de bouclier contre les ondes de choc qui secouent les march\u00e9s d&rsquo;investissement.<\/span> <span style=\"font-family: verdana,geneva; font-size: small;\"> La tendance, \u00e0 moyen terme, reste baissi\u00e8re, selon les experts du milieu. Du moins jusqu&rsquo;\u00e0 ce que le <a class=\"esk-seo-plu-link\" href=\"https:\/\/www.gold.fr\/news\/tags\/or\">m\u00e9tal jaune<\/a> survive \u00e0 la prochaine correction (pr\u00e9vue au cours du mois \u00e0 venir), mais aussi jusqu&rsquo;\u00e0 ce que la r\u00e9sistance fix\u00e9e \u00e0 1 663 dollars l&rsquo;<a href=\"https:\/\/www.gold.fr\/once-en\/\">once<\/a> soit cass\u00e9e.<\/span><\/p>\n<!-- AddThis Advanced Settings generic via filter on the_content --><!-- AddThis Share Buttons generic via filter on the_content -->","protected":false},"excerpt":{"rendered":"<p>C&rsquo;est Triland Metals, courtier en m\u00e9taux chez le groupe Mitsubishi, qui d\u00e9crit le mieux la situation en d\u00e9clarant \u00ab Pourquoi conserver tous vos \u0153ufs dans le m\u00eame panier, fut-il am\u00e9ricain ? \u00bb. L&rsquo;interrogation des analystes du [&hellip;]<\/p>\n","protected":false},"author":18,"featured_media":4981,"comment_status":"closed","ping_status":"closed","sticky":false,"template":"","format":"standard","meta":{"_mbp_gutenberg_autopost":false,"_pgmb_is_evergreen":false,"_pgmb_ap_template_id":0,"footnotes":""},"categories":[6],"tags":[257,216,85],"ppma_author":[2565],"class_list":["post-4978","post","type-post","status-publish","format-standard","has-post-thumbnail","hentry","category-articles-de-presse","tag-chute-economique","tag-flambee-de-lor","tag-once-dor"],"yoast_head":"<!-- This site is optimized with the Yoast SEO plugin v27.5 - https:\/\/yoast.com\/product\/yoast-seo-wordpress\/ -->\n<title>Or \u2013 Une hausse certaine en vue - Gold.fr<\/title>\n<meta name=\"description\" content=\"Or, Une hausse certaine en vue C\u2019est Triland Metals, courtier en m\u00e9taux chez le groupe Mitsubishi, la flamb\u00e9e aurif\u00e8re Chute libre \u00e9conomique\" \/>\n<meta name=\"robots\" content=\"index, follow, max-snippet:-1, max-image-preview:large, max-video-preview:-1\" \/>\n<link rel=\"canonical\" href=\"https:\/\/www.gold.fr\/news\/2012\/01\/17\/or-une-hausse-certaine-en-vue\/\" \/>\n<meta property=\"og:locale\" content=\"fr_FR\" \/>\n<meta property=\"og:type\" content=\"article\" \/>\n<meta property=\"og:title\" content=\"Or \u2013 Une hausse certaine en vue - Gold.fr\" \/>\n<meta property=\"og:description\" content=\"Or, Une hausse certaine en vue C\u2019est Triland Metals, courtier en m\u00e9taux chez le groupe Mitsubishi, la flamb\u00e9e aurif\u00e8re Chute libre \u00e9conomique\" \/>\n<meta property=\"og:url\" content=\"https:\/\/www.gold.fr\/news\/2012\/01\/17\/or-une-hausse-certaine-en-vue\/\" \/>\n<meta property=\"og:site_name\" content=\"Gold.fr\" \/>\n<meta property=\"article:publisher\" content=\"https:\/\/www.facebook.com\/Goldfr\/\" \/>\n<meta property=\"article:published_time\" content=\"2012-01-17T11:10:50+00:00\" \/>\n<meta property=\"article:modified_time\" content=\"2020-06-25T12:59:53+00:00\" \/>\n<meta property=\"og:image\" content=\"https:\/\/www.gold.fr\/news\/wp-content\/uploads\/2012\/01\/pepites-dor.jpg\" \/>\n\t<meta property=\"og:image:width\" content=\"600\" \/>\n\t<meta property=\"og:image:height\" content=\"492\" \/>\n\t<meta property=\"og:image:type\" content=\"image\/jpeg\" \/>\n<meta name=\"author\" content=\"Comptoir National de l&#039;Or\" \/>\n<meta name=\"twitter:card\" content=\"summary_large_image\" \/>\n<meta name=\"twitter:label1\" content=\"\u00c9crit par\" \/>\n\t<meta name=\"twitter:data1\" content=\"Comptoir National de l&#039;Or\" \/>\n\t<meta name=\"twitter:label2\" content=\"Dur\u00e9e de lecture estim\u00e9e\" \/>\n\t<meta name=\"twitter:data2\" content=\"1 minute\" \/>\n<script type=\"application\/ld+json\" class=\"yoast-schema-graph\">{\"@context\":\"https:\\\/\\\/schema.org\",\"@graph\":[{\"@type\":\"Article\",\"@id\":\"https:\\\/\\\/www.gold.fr\\\/news\\\/2012\\\/01\\\/17\\\/or-une-hausse-certaine-en-vue\\\/#article\",\"isPartOf\":{\"@id\":\"https:\\\/\\\/www.gold.fr\\\/news\\\/2012\\\/01\\\/17\\\/or-une-hausse-certaine-en-vue\\\/\"},\"author\":{\"name\":\"Comptoir National de l'Or\",\"@id\":\"https:\\\/\\\/www.gold.fr\\\/news\\\/#\\\/schema\\\/person\\\/070491b4b4fb7671bf59b3be20302ce9\"},\"headline\":\"Or \u2013 Une hausse certaine en vue\",\"datePublished\":\"2012-01-17T11:10:50+00:00\",\"dateModified\":\"2020-06-25T12:59:53+00:00\",\"mainEntityOfPage\":{\"@id\":\"https:\\\/\\\/www.gold.fr\\\/news\\\/2012\\\/01\\\/17\\\/or-une-hausse-certaine-en-vue\\\/\"},\"wordCount\":221,\"image\":{\"@id\":\"https:\\\/\\\/www.gold.fr\\\/news\\\/2012\\\/01\\\/17\\\/or-une-hausse-certaine-en-vue\\\/#primaryimage\"},\"thumbnailUrl\":\"https:\\\/\\\/www.gold.fr\\\/news\\\/wp-content\\\/uploads\\\/2012\\\/01\\\/pepites-dor.jpg\",\"keywords\":[\"chute \u00e9conomique\",\"flamb\u00e9e de l'or\",\"once d'or\"],\"articleSection\":[\"Articles de presse\"],\"inLanguage\":\"fr-FR\"},{\"@type\":\"WebPage\",\"@id\":\"https:\\\/\\\/www.gold.fr\\\/news\\\/2012\\\/01\\\/17\\\/or-une-hausse-certaine-en-vue\\\/\",\"url\":\"https:\\\/\\\/www.gold.fr\\\/news\\\/2012\\\/01\\\/17\\\/or-une-hausse-certaine-en-vue\\\/\",\"name\":\"Or \u2013 Une hausse certaine en vue - Gold.fr\",\"isPartOf\":{\"@id\":\"https:\\\/\\\/www.gold.fr\\\/news\\\/#website\"},\"primaryImageOfPage\":{\"@id\":\"https:\\\/\\\/www.gold.fr\\\/news\\\/2012\\\/01\\\/17\\\/or-une-hausse-certaine-en-vue\\\/#primaryimage\"},\"image\":{\"@id\":\"https:\\\/\\\/www.gold.fr\\\/news\\\/2012\\\/01\\\/17\\\/or-une-hausse-certaine-en-vue\\\/#primaryimage\"},\"thumbnailUrl\":\"https:\\\/\\\/www.gold.fr\\\/news\\\/wp-content\\\/uploads\\\/2012\\\/01\\\/pepites-dor.jpg\",\"datePublished\":\"2012-01-17T11:10:50+00:00\",\"dateModified\":\"2020-06-25T12:59:53+00:00\",\"author\":{\"@id\":\"https:\\\/\\\/www.gold.fr\\\/news\\\/#\\\/schema\\\/person\\\/070491b4b4fb7671bf59b3be20302ce9\"},\"description\":\"Or, Une hausse certaine en vue C\u2019est Triland Metals, courtier en m\u00e9taux chez le groupe Mitsubishi, la flamb\u00e9e aurif\u00e8re Chute libre \u00e9conomique\",\"breadcrumb\":{\"@id\":\"https:\\\/\\\/www.gold.fr\\\/news\\\/2012\\\/01\\\/17\\\/or-une-hausse-certaine-en-vue\\\/#breadcrumb\"},\"inLanguage\":\"fr-FR\",\"potentialAction\":[{\"@type\":\"ReadAction\",\"target\":[\"https:\\\/\\\/www.gold.fr\\\/news\\\/2012\\\/01\\\/17\\\/or-une-hausse-certaine-en-vue\\\/\"]}]},{\"@type\":\"ImageObject\",\"inLanguage\":\"fr-FR\",\"@id\":\"https:\\\/\\\/www.gold.fr\\\/news\\\/2012\\\/01\\\/17\\\/or-une-hausse-certaine-en-vue\\\/#primaryimage\",\"url\":\"https:\\\/\\\/www.gold.fr\\\/news\\\/wp-content\\\/uploads\\\/2012\\\/01\\\/pepites-dor.jpg\",\"contentUrl\":\"https:\\\/\\\/www.gold.fr\\\/news\\\/wp-content\\\/uploads\\\/2012\\\/01\\\/pepites-dor.jpg\",\"width\":\"600\",\"height\":\"492\",\"caption\":\"pepites-d'or\"},{\"@type\":\"BreadcrumbList\",\"@id\":\"https:\\\/\\\/www.gold.fr\\\/news\\\/2012\\\/01\\\/17\\\/or-une-hausse-certaine-en-vue\\\/#breadcrumb\",\"itemListElement\":[{\"@type\":\"ListItem\",\"position\":1,\"name\":\"Accueil\",\"item\":\"https:\\\/\\\/www.gold.fr\\\/\"},{\"@type\":\"ListItem\",\"position\":2,\"name\":\"Actualit\u00e9s\",\"item\":\"https:\\\/\\\/www.gold.fr\\\/news\\\/\"},{\"@type\":\"ListItem\",\"position\":3,\"name\":\"Or \u2013 Une hausse certaine en vue\"}]},{\"@type\":\"WebSite\",\"@id\":\"https:\\\/\\\/www.gold.fr\\\/news\\\/#website\",\"url\":\"https:\\\/\\\/www.gold.fr\\\/news\\\/\",\"name\":\"Gold.fr\",\"description\":\"Actualit\u00e9s de l&#039;Or et des m\u00e9taux pr\u00e9cieux\",\"potentialAction\":[{\"@type\":\"SearchAction\",\"target\":{\"@type\":\"EntryPoint\",\"urlTemplate\":\"https:\\\/\\\/www.gold.fr\\\/news\\\/?s={search_term_string}\"},\"query-input\":{\"@type\":\"PropertyValueSpecification\",\"valueRequired\":true,\"valueName\":\"search_term_string\"}}],\"inLanguage\":\"fr-FR\"},{\"@type\":\"Person\",\"@id\":\"https:\\\/\\\/www.gold.fr\\\/news\\\/#\\\/schema\\\/person\\\/070491b4b4fb7671bf59b3be20302ce9\",\"name\":\"Comptoir National de l'Or\",\"image\":{\"@type\":\"ImageObject\",\"inLanguage\":\"fr-FR\",\"@id\":\"https:\\\/\\\/secure.gravatar.com\\\/avatar\\\/0a2867fd5abe37bed95d5a65e9d58f01756e11efc68af9888dfc50cfa7f65948?s=96&d=mm&r=gb490554db0a38188709de567aa58480d\",\"url\":\"https:\\\/\\\/secure.gravatar.com\\\/avatar\\\/0a2867fd5abe37bed95d5a65e9d58f01756e11efc68af9888dfc50cfa7f65948?s=96&d=mm&r=g\",\"contentUrl\":\"https:\\\/\\\/secure.gravatar.com\\\/avatar\\\/0a2867fd5abe37bed95d5a65e9d58f01756e11efc68af9888dfc50cfa7f65948?s=96&d=mm&r=g\",\"caption\":\"Comptoir National de l'Or\"},\"description\":\"Notre r\u00e9daction est constitu\u00e9e de membres experts dans les m\u00e9tiers de l'\u00e9conomie et la gestion, des Responsables d'agence Comptoir National de l'Or, des analystes financiers qui publient r\u00e9guli\u00e8rement des \u00e9tudes sur les politiques des banques centrales, le cours de l'or, prix de l'or, cours de l'argent, prix de l'argent, cours du platine, cours du palladium,... la situation en zone euro et l'impact de la strat\u00e9gie mon\u00e9taire de la FED. Notre \u00e9quipe scrute \u00e9galement une information plus g\u00e9n\u00e9raliste \u00e0 la recherche d'actualit\u00e9 \\\"p\u00e9pite\\\" \u00e0 vous partager. Depuis 5 ans, nous avons publi\u00e9 un peu plus de 4000 articles qui s'adressent \u00e0 un public large et vari\u00e9 ayant pour objectif de satisfaire votre curiosit\u00e9 et de partager avec vous une certaine fascination pour le m\u00e9tal jaune, le rachat d'or, et pour ceux qui veulent investir dans l'or, vendre leur or tout simplement en savoir plus... Pour tous vos achat or et argent, n'h\u00e9sitez pas \u00e0 prendre rendez-vous dans l'un de nos nombreux comptoirs.\",\"sameAs\":[\"https:\\\/\\\/www.gold.fr\"]}]}<\/script>\n<!-- \/ Yoast SEO plugin. -->","yoast_head_json":{"title":"Or \u2013 Une hausse certaine en vue - Gold.fr","description":"Or, Une hausse certaine en vue C\u2019est Triland Metals, courtier en m\u00e9taux chez le groupe Mitsubishi, la flamb\u00e9e aurif\u00e8re Chute libre \u00e9conomique","robots":{"index":"index","follow":"follow","max-snippet":"max-snippet:-1","max-image-preview":"max-image-preview:large","max-video-preview":"max-video-preview:-1"},"canonical":"https:\/\/www.gold.fr\/news\/2012\/01\/17\/or-une-hausse-certaine-en-vue\/","og_locale":"fr_FR","og_type":"article","og_title":"Or \u2013 Une hausse certaine en vue - Gold.fr","og_description":"Or, Une hausse certaine en vue C\u2019est Triland Metals, courtier en m\u00e9taux chez le groupe Mitsubishi, la flamb\u00e9e aurif\u00e8re Chute libre \u00e9conomique","og_url":"https:\/\/www.gold.fr\/news\/2012\/01\/17\/or-une-hausse-certaine-en-vue\/","og_site_name":"Gold.fr","article_publisher":"https:\/\/www.facebook.com\/Goldfr\/","article_published_time":"2012-01-17T11:10:50+00:00","article_modified_time":"2020-06-25T12:59:53+00:00","og_image":[{"width":600,"height":492,"url":"https:\/\/www.gold.fr\/news\/wp-content\/uploads\/2012\/01\/pepites-dor.jpg","type":"image\/jpeg"}],"author":"Comptoir National de l'Or","twitter_card":"summary_large_image","twitter_misc":{"\u00c9crit par":"Comptoir National de l'Or","Dur\u00e9e de lecture estim\u00e9e":"1 minute"},"schema":{"@context":"https:\/\/schema.org","@graph":[{"@type":"Article","@id":"https:\/\/www.gold.fr\/news\/2012\/01\/17\/or-une-hausse-certaine-en-vue\/#article","isPartOf":{"@id":"https:\/\/www.gold.fr\/news\/2012\/01\/17\/or-une-hausse-certaine-en-vue\/"},"author":{"name":"Comptoir National de l'Or","@id":"https:\/\/www.gold.fr\/news\/#\/schema\/person\/070491b4b4fb7671bf59b3be20302ce9"},"headline":"Or \u2013 Une hausse certaine en vue","datePublished":"2012-01-17T11:10:50+00:00","dateModified":"2020-06-25T12:59:53+00:00","mainEntityOfPage":{"@id":"https:\/\/www.gold.fr\/news\/2012\/01\/17\/or-une-hausse-certaine-en-vue\/"},"wordCount":221,"image":{"@id":"https:\/\/www.gold.fr\/news\/2012\/01\/17\/or-une-hausse-certaine-en-vue\/#primaryimage"},"thumbnailUrl":"https:\/\/www.gold.fr\/news\/wp-content\/uploads\/2012\/01\/pepites-dor.jpg","keywords":["chute \u00e9conomique","flamb\u00e9e de l'or","once d'or"],"articleSection":["Articles de presse"],"inLanguage":"fr-FR"},{"@type":"WebPage","@id":"https:\/\/www.gold.fr\/news\/2012\/01\/17\/or-une-hausse-certaine-en-vue\/","url":"https:\/\/www.gold.fr\/news\/2012\/01\/17\/or-une-hausse-certaine-en-vue\/","name":"Or \u2013 Une hausse certaine en vue - Gold.fr","isPartOf":{"@id":"https:\/\/www.gold.fr\/news\/#website"},"primaryImageOfPage":{"@id":"https:\/\/www.gold.fr\/news\/2012\/01\/17\/or-une-hausse-certaine-en-vue\/#primaryimage"},"image":{"@id":"https:\/\/www.gold.fr\/news\/2012\/01\/17\/or-une-hausse-certaine-en-vue\/#primaryimage"},"thumbnailUrl":"https:\/\/www.gold.fr\/news\/wp-content\/uploads\/2012\/01\/pepites-dor.jpg","datePublished":"2012-01-17T11:10:50+00:00","dateModified":"2020-06-25T12:59:53+00:00","author":{"@id":"https:\/\/www.gold.fr\/news\/#\/schema\/person\/070491b4b4fb7671bf59b3be20302ce9"},"description":"Or, Une hausse certaine en vue C\u2019est Triland Metals, courtier en m\u00e9taux chez le groupe Mitsubishi, la flamb\u00e9e aurif\u00e8re Chute libre \u00e9conomique","breadcrumb":{"@id":"https:\/\/www.gold.fr\/news\/2012\/01\/17\/or-une-hausse-certaine-en-vue\/#breadcrumb"},"inLanguage":"fr-FR","potentialAction":[{"@type":"ReadAction","target":["https:\/\/www.gold.fr\/news\/2012\/01\/17\/or-une-hausse-certaine-en-vue\/"]}]},{"@type":"ImageObject","inLanguage":"fr-FR","@id":"https:\/\/www.gold.fr\/news\/2012\/01\/17\/or-une-hausse-certaine-en-vue\/#primaryimage","url":"https:\/\/www.gold.fr\/news\/wp-content\/uploads\/2012\/01\/pepites-dor.jpg","contentUrl":"https:\/\/www.gold.fr\/news\/wp-content\/uploads\/2012\/01\/pepites-dor.jpg","width":"600","height":"492","caption":"pepites-d'or"},{"@type":"BreadcrumbList","@id":"https:\/\/www.gold.fr\/news\/2012\/01\/17\/or-une-hausse-certaine-en-vue\/#breadcrumb","itemListElement":[{"@type":"ListItem","position":1,"name":"Accueil","item":"https:\/\/www.gold.fr\/"},{"@type":"ListItem","position":2,"name":"Actualit\u00e9s","item":"https:\/\/www.gold.fr\/news\/"},{"@type":"ListItem","position":3,"name":"Or \u2013 Une hausse certaine en vue"}]},{"@type":"WebSite","@id":"https:\/\/www.gold.fr\/news\/#website","url":"https:\/\/www.gold.fr\/news\/","name":"Gold.fr","description":"Actualit\u00e9s de l&#039;Or et des m\u00e9taux pr\u00e9cieux","potentialAction":[{"@type":"SearchAction","target":{"@type":"EntryPoint","urlTemplate":"https:\/\/www.gold.fr\/news\/?s={search_term_string}"},"query-input":{"@type":"PropertyValueSpecification","valueRequired":true,"valueName":"search_term_string"}}],"inLanguage":"fr-FR"},{"@type":"Person","@id":"https:\/\/www.gold.fr\/news\/#\/schema\/person\/070491b4b4fb7671bf59b3be20302ce9","name":"Comptoir National de l'Or","image":{"@type":"ImageObject","inLanguage":"fr-FR","@id":"https:\/\/secure.gravatar.com\/avatar\/0a2867fd5abe37bed95d5a65e9d58f01756e11efc68af9888dfc50cfa7f65948?s=96&d=mm&r=gb490554db0a38188709de567aa58480d","url":"https:\/\/secure.gravatar.com\/avatar\/0a2867fd5abe37bed95d5a65e9d58f01756e11efc68af9888dfc50cfa7f65948?s=96&d=mm&r=g","contentUrl":"https:\/\/secure.gravatar.com\/avatar\/0a2867fd5abe37bed95d5a65e9d58f01756e11efc68af9888dfc50cfa7f65948?s=96&d=mm&r=g","caption":"Comptoir National de l'Or"},"description":"Notre r\u00e9daction est constitu\u00e9e de membres experts dans les m\u00e9tiers de l'\u00e9conomie et la gestion, des Responsables d'agence Comptoir National de l'Or, des analystes financiers qui publient r\u00e9guli\u00e8rement des \u00e9tudes sur les politiques des banques centrales, le cours de l'or, prix de l'or, cours de l'argent, prix de l'argent, cours du platine, cours du palladium,... la situation en zone euro et l'impact de la strat\u00e9gie mon\u00e9taire de la FED. Notre \u00e9quipe scrute \u00e9galement une information plus g\u00e9n\u00e9raliste \u00e0 la recherche d'actualit\u00e9 \"p\u00e9pite\" \u00e0 vous partager. Depuis 5 ans, nous avons publi\u00e9 un peu plus de 4000 articles qui s'adressent \u00e0 un public large et vari\u00e9 ayant pour objectif de satisfaire votre curiosit\u00e9 et de partager avec vous une certaine fascination pour le m\u00e9tal jaune, le rachat d'or, et pour ceux qui veulent investir dans l'or, vendre leur or tout simplement en savoir plus... Pour tous vos achat or et argent, n'h\u00e9sitez pas \u00e0 prendre rendez-vous dans l'un de nos nombreux comptoirs.","sameAs":["https:\/\/www.gold.fr"]}]}},"authors":[{"term_id":2565,"user_id":18,"is_guest":0,"slug":"julie","display_name":"Comptoir National de l'Or","avatar_url":"https:\/\/secure.gravatar.com\/avatar\/713f289e398d35ead876c4a4cc08607f0d6d266058cfc25683fffb6092d0e572?s=96&d=mm&r=g","0":null,"1":"","2":"","3":"","4":"","5":"","6":"","7":"","8":""}],"_links":{"self":[{"href":"https:\/\/www.gold.fr\/news\/wp-json\/wp\/v2\/posts\/4978","targetHints":{"allow":["GET"]}}],"collection":[{"href":"https:\/\/www.gold.fr\/news\/wp-json\/wp\/v2\/posts"}],"about":[{"href":"https:\/\/www.gold.fr\/news\/wp-json\/wp\/v2\/types\/post"}],"author":[{"embeddable":true,"href":"https:\/\/www.gold.fr\/news\/wp-json\/wp\/v2\/users\/18"}],"replies":[{"embeddable":true,"href":"https:\/\/www.gold.fr\/news\/wp-json\/wp\/v2\/comments?post=4978"}],"version-history":[{"count":0,"href":"https:\/\/www.gold.fr\/news\/wp-json\/wp\/v2\/posts\/4978\/revisions"}],"wp:featuredmedia":[{"embeddable":true,"href":"https:\/\/www.gold.fr\/news\/wp-json\/wp\/v2\/media\/4981"}],"wp:attachment":[{"href":"https:\/\/www.gold.fr\/news\/wp-json\/wp\/v2\/media?parent=4978"}],"wp:term":[{"taxonomy":"category","embeddable":true,"href":"https:\/\/www.gold.fr\/news\/wp-json\/wp\/v2\/categories?post=4978"},{"taxonomy":"post_tag","embeddable":true,"href":"https:\/\/www.gold.fr\/news\/wp-json\/wp\/v2\/tags?post=4978"},{"taxonomy":"author","embeddable":true,"href":"https:\/\/www.gold.fr\/news\/wp-json\/wp\/v2\/ppma_author?post=4978"}],"curies":[{"name":"wp","href":"https:\/\/api.w.org\/{rel}","templated":true}]}}