{"id":49639,"date":"2025-11-19T20:15:43","date_gmt":"2025-11-19T19:15:43","guid":{"rendered":"https:\/\/www.gold.fr\/news\/?p=49639"},"modified":"2025-11-20T13:51:32","modified_gmt":"2025-11-20T12:51:32","slug":"ce-bijou-que-vous-portez-a-peut-etre-traverse-un-siecle-2","status":"publish","type":"post","link":"https:\/\/www.gold.fr\/news\/2025\/11\/19\/ce-bijou-que-vous-portez-a-peut-etre-traverse-un-siecle-2\/","title":{"rendered":"Ce bijou que vous portez a peut-\u00eatre travers\u00e9 un si\u00e8cle"},"content":{"rendered":"<p data-start=\"317\" data-end=\"582\">Vous regardez votre bague, votre bracelet ou votre collier en or. Mais saviez-vous que ce bijou a peut-\u00eatre \u00e9t\u00e9 port\u00e9 par plusieurs g\u00e9n\u00e9rations avant vous ? L\u2019or a cette particularit\u00e9 incroyable : il traverse les \u00e9poques sans perdre de sa valeur, ni de son \u00e9clat.<\/p>\n<h3 data-start=\"584\" data-end=\"628\">L\u2019histoire invisible de vos bijoux en or<\/h3>\n<p data-start=\"630\" data-end=\"982\">Chaque bijou raconte une histoire. Les pi\u00e8ces en or massif, les pendentifs anciens ou m\u00eame les bagues de famille peuvent remonter \u00e0 un si\u00e8cle ou plus. \u00c0 travers les d\u00e9cennies, l\u2019or garde sa beaut\u00e9 et, surtout, sa valeur financi\u00e8re. Contrairement \u00e0 d\u2019autres m\u00e9taux, il ne rouille pas, ne se corrode pas et reste un actif s\u00fbr, m\u00eame en p\u00e9riode de crise.<\/p>\n<p data-start=\"984\" data-end=\"1309\">Mais l\u2019or n\u2019est pas le seul m\u00e9tal pr\u00e9cieux \u00e0 traverser le temps. Le platine, le palladium ou encore l\u2019argent ont \u00e9galement cette facult\u00e9 de se transmettre, tout en conservant un attrait historique et financier. C\u2019est pourquoi investir ou revendre ces m\u00e9taux demande une expertise pr\u00e9cise et un accompagnement professionnel.<\/p>\n<h3 data-start=\"1311\" data-end=\"1353\">Pourquoi faire expertiser vos bijoux ?<\/h3>\n<p data-start=\"1355\" data-end=\"1880\">Vous pensez peut-\u00eatre que votre bijou ne vaut qu\u2019une valeur sentimentale. Pourtant, chaque pi\u00e8ce a un prix r\u00e9el sur le march\u00e9. Pour conna\u00eetre ce prix et envisager une revente ou un investissement, il est essentiel de faire appel \u00e0 un expert. Le <strong data-start=\"1600\" data-end=\"1629\">Comptoir National de l\u2019Or<\/strong>, pr\u00e9sent dans toute la France, propose des <a href=\"https:\/\/www.gold.fr\/rachat-bijoux-or-argent\/\"><strong data-start=\"1673\" data-end=\"1697\">expertises gratuites<\/strong> pour vos bijoux<\/a> et m\u00e9taux pr\u00e9cieux. Que vous poss\u00e9diez une bague ancienne ou un collier contemporain, leurs sp\u00e9cialistes peuvent vous fournir une estimation fiable et transparente.<\/p>\n<p data-start=\"1882\" data-end=\"2037\">N&rsquo;h\u00e9sitez pas \u00e0 pousser la porte d&rsquo;un de nos comptoirs pour en savoir plus sur <a class=\"decorated-link cursor-pointer\" target=\"_new\" rel=\"noopener\" data-start=\"1901\" data-end=\"1988\">l\u2019expertise gratuite des bijoux en or<\/a> pour d\u00e9couvrir la vraie valeur de vos tr\u00e9sors.<\/p>\n<h3 data-start=\"2039\" data-end=\"2077\">Quand revendre devient strat\u00e9gique<\/h3>\n<p data-start=\"2079\" data-end=\"2371\">Le march\u00e9 de l\u2019or fluctue quotidiennement. Certains bijoux ou pi\u00e8ces anciennes peuvent atteindre des prix surprenants, surtout lorsqu\u2019ils sont rares ou sign\u00e9s. Une estimation professionnelle permet de prendre des d\u00e9cisions \u00e9clair\u00e9es, que ce soit pour la revente, le don ou l\u2019investissement.<\/p>\n<h3 data-start=\"2373\" data-end=\"2407\">L\u2019or, un patrimoine \u00e0 prot\u00e9ger<\/h3>\n<p data-start=\"2409\" data-end=\"2741\">Poss\u00e9der de l\u2019or, ce n\u2019est pas seulement porter un bijou. C\u2019est aussi un moyen de prot\u00e9ger un patrimoine, de transmettre des souvenirs et parfois de s\u00e9curiser votre avenir financier. Les comptoirs du <strong data-start=\"2609\" data-end=\"2638\">Comptoir National de l\u2019Or<\/strong> offrent un accompagnement complet pour acheter, vendre ou simplement comprendre vos m\u00e9taux pr\u00e9cieux.<\/p>\n<a href=\"https:\/\/support.gold.fr\/fr\/livreblanc-investir-dans-l-or-gdn2024-sj\" target=\"_blank\" class=\"goldCTA\">\n    <img decoding=\"async\" src=\"https:\/\/www.gold.fr\/news\/wp-content\/uploads\/2024\/09\/Couverture-LB-quel-budget-pour-investir-dans-lor.png\" alt=\"\" \/>    <div class=\"rightPart\">\n        <div class=\"content\">\n            <\/p>\n<h2><strong>Vous souhaitez investir dans l&rsquo;or ?\u00a0<\/strong><\/h2>\n<p>Vous h\u00e9sitez \u00e0 diversifier votre portefeuille ? Pourquoi ne pas investir dans l&rsquo;or ? Notre guide vous permettra d&rsquo;affiner votre r\u00e9flexion gr\u00e2ce \u00e0 des exemples de pi\u00e8ces et lingots d&rsquo;or que vous pourriez acqu\u00e9rir avec votre budget.<\/p>\n<p>        <\/div>\n                <span class=\"button\">Je souhaite investir dans l'or !<\/span>\n            <\/div>\n<\/a>\n<!-- AddThis Advanced Settings generic via filter on the_content --><!-- AddThis Share Buttons generic via filter on the_content -->","protected":false},"excerpt":{"rendered":"<p>Vous regardez votre bague, votre bracelet ou votre collier en or. Mais saviez-vous que ce bijou a peut-\u00eatre \u00e9t\u00e9 port\u00e9 par plusieurs g\u00e9n\u00e9rations avant vous ? L\u2019or a cette particularit\u00e9 incroyable : il traverse les \u00e9poques [&hellip;]<\/p>\n","protected":false},"author":18,"featured_media":47621,"comment_status":"closed","ping_status":"closed","sticky":false,"template":"","format":"standard","meta":{"_mbp_gutenberg_autopost":false,"_pgmb_is_evergreen":false,"_pgmb_ap_template_id":0,"footnotes":""},"categories":[2558],"tags":[],"ppma_author":[2565],"class_list":["post-49639","post","type-post","status-publish","format-standard","has-post-thumbnail","hentry","category-news"],"yoast_head":"<!-- This site is optimized with the Yoast SEO plugin v27.5 - https:\/\/yoast.com\/product\/yoast-seo-wordpress\/ -->\n<title>Ce bijou que vous portez a peut-\u00eatre travers\u00e9 un si\u00e8cle - Gold.fr<\/title>\n<meta name=\"robots\" content=\"index, follow, max-snippet:-1, max-image-preview:large, max-video-preview:-1\" \/>\n<link rel=\"canonical\" href=\"https:\/\/www.gold.fr\/news\/2025\/11\/19\/ce-bijou-que-vous-portez-a-peut-etre-traverse-un-siecle-2\/\" \/>\n<meta property=\"og:locale\" content=\"fr_FR\" \/>\n<meta property=\"og:type\" content=\"article\" \/>\n<meta property=\"og:title\" content=\"Ce bijou que vous portez a peut-\u00eatre travers\u00e9 un si\u00e8cle - Gold.fr\" \/>\n<meta property=\"og:description\" content=\"Vous regardez votre bague, votre bracelet ou votre collier en or. Mais saviez-vous que ce bijou a peut-\u00eatre \u00e9t\u00e9 port\u00e9 par plusieurs g\u00e9n\u00e9rations avant vous ? L\u2019or a cette particularit\u00e9 incroyable : il traverse les \u00e9poques [&hellip;]\" \/>\n<meta property=\"og:url\" content=\"https:\/\/www.gold.fr\/news\/2025\/11\/19\/ce-bijou-que-vous-portez-a-peut-etre-traverse-un-siecle-2\/\" \/>\n<meta property=\"og:site_name\" content=\"Gold.fr\" \/>\n<meta property=\"article:publisher\" content=\"https:\/\/www.facebook.com\/Goldfr\/\" \/>\n<meta property=\"article:published_time\" content=\"2025-11-19T19:15:43+00:00\" \/>\n<meta property=\"article:modified_time\" content=\"2025-11-20T12:51:32+00:00\" \/>\n<meta property=\"og:image\" content=\"https:\/\/www.gold.fr\/news\/wp-content\/uploads\/2025\/03\/Pourquoi-lor-reste-intemporel-face-aux-tendances-modernes.jpg\" \/>\n\t<meta property=\"og:image:width\" content=\"1344\" \/>\n\t<meta property=\"og:image:height\" content=\"896\" \/>\n\t<meta property=\"og:image:type\" content=\"image\/jpeg\" \/>\n<meta name=\"author\" content=\"Comptoir National de l&#039;Or\" \/>\n<meta name=\"twitter:card\" content=\"summary_large_image\" \/>\n<meta name=\"twitter:label1\" content=\"\u00c9crit par\" \/>\n\t<meta name=\"twitter:data1\" content=\"Comptoir National de l&#039;Or\" \/>\n\t<meta name=\"twitter:label2\" content=\"Dur\u00e9e de lecture estim\u00e9e\" \/>\n\t<meta name=\"twitter:data2\" content=\"3 minutes\" \/>\n<script type=\"application\/ld+json\" class=\"yoast-schema-graph\">{\"@context\":\"https:\\\/\\\/schema.org\",\"@graph\":[{\"@type\":\"Article\",\"@id\":\"https:\\\/\\\/www.gold.fr\\\/news\\\/2025\\\/11\\\/19\\\/ce-bijou-que-vous-portez-a-peut-etre-traverse-un-siecle-2\\\/#article\",\"isPartOf\":{\"@id\":\"https:\\\/\\\/www.gold.fr\\\/news\\\/2025\\\/11\\\/19\\\/ce-bijou-que-vous-portez-a-peut-etre-traverse-un-siecle-2\\\/\"},\"author\":{\"name\":\"Comptoir National de l'Or\",\"@id\":\"https:\\\/\\\/www.gold.fr\\\/news\\\/#\\\/schema\\\/person\\\/070491b4b4fb7671bf59b3be20302ce9\"},\"headline\":\"Ce bijou que vous portez a peut-\u00eatre travers\u00e9 un si\u00e8cle\",\"datePublished\":\"2025-11-19T19:15:43+00:00\",\"dateModified\":\"2025-11-20T12:51:32+00:00\",\"mainEntityOfPage\":{\"@id\":\"https:\\\/\\\/www.gold.fr\\\/news\\\/2025\\\/11\\\/19\\\/ce-bijou-que-vous-portez-a-peut-etre-traverse-un-siecle-2\\\/\"},\"wordCount\":515,\"image\":{\"@id\":\"https:\\\/\\\/www.gold.fr\\\/news\\\/2025\\\/11\\\/19\\\/ce-bijou-que-vous-portez-a-peut-etre-traverse-un-siecle-2\\\/#primaryimage\"},\"thumbnailUrl\":\"https:\\\/\\\/www.gold.fr\\\/news\\\/wp-content\\\/uploads\\\/2025\\\/03\\\/Pourquoi-lor-reste-intemporel-face-aux-tendances-modernes.jpg\",\"articleSection\":[\"News\"],\"inLanguage\":\"fr-FR\"},{\"@type\":\"WebPage\",\"@id\":\"https:\\\/\\\/www.gold.fr\\\/news\\\/2025\\\/11\\\/19\\\/ce-bijou-que-vous-portez-a-peut-etre-traverse-un-siecle-2\\\/\",\"url\":\"https:\\\/\\\/www.gold.fr\\\/news\\\/2025\\\/11\\\/19\\\/ce-bijou-que-vous-portez-a-peut-etre-traverse-un-siecle-2\\\/\",\"name\":\"Ce bijou que vous portez a peut-\u00eatre travers\u00e9 un si\u00e8cle - Gold.fr\",\"isPartOf\":{\"@id\":\"https:\\\/\\\/www.gold.fr\\\/news\\\/#website\"},\"primaryImageOfPage\":{\"@id\":\"https:\\\/\\\/www.gold.fr\\\/news\\\/2025\\\/11\\\/19\\\/ce-bijou-que-vous-portez-a-peut-etre-traverse-un-siecle-2\\\/#primaryimage\"},\"image\":{\"@id\":\"https:\\\/\\\/www.gold.fr\\\/news\\\/2025\\\/11\\\/19\\\/ce-bijou-que-vous-portez-a-peut-etre-traverse-un-siecle-2\\\/#primaryimage\"},\"thumbnailUrl\":\"https:\\\/\\\/www.gold.fr\\\/news\\\/wp-content\\\/uploads\\\/2025\\\/03\\\/Pourquoi-lor-reste-intemporel-face-aux-tendances-modernes.jpg\",\"datePublished\":\"2025-11-19T19:15:43+00:00\",\"dateModified\":\"2025-11-20T12:51:32+00:00\",\"author\":{\"@id\":\"https:\\\/\\\/www.gold.fr\\\/news\\\/#\\\/schema\\\/person\\\/070491b4b4fb7671bf59b3be20302ce9\"},\"breadcrumb\":{\"@id\":\"https:\\\/\\\/www.gold.fr\\\/news\\\/2025\\\/11\\\/19\\\/ce-bijou-que-vous-portez-a-peut-etre-traverse-un-siecle-2\\\/#breadcrumb\"},\"inLanguage\":\"fr-FR\",\"potentialAction\":[{\"@type\":\"ReadAction\",\"target\":[\"https:\\\/\\\/www.gold.fr\\\/news\\\/2025\\\/11\\\/19\\\/ce-bijou-que-vous-portez-a-peut-etre-traverse-un-siecle-2\\\/\"]}]},{\"@type\":\"ImageObject\",\"inLanguage\":\"fr-FR\",\"@id\":\"https:\\\/\\\/www.gold.fr\\\/news\\\/2025\\\/11\\\/19\\\/ce-bijou-que-vous-portez-a-peut-etre-traverse-un-siecle-2\\\/#primaryimage\",\"url\":\"https:\\\/\\\/www.gold.fr\\\/news\\\/wp-content\\\/uploads\\\/2025\\\/03\\\/Pourquoi-lor-reste-intemporel-face-aux-tendances-modernes.jpg\",\"contentUrl\":\"https:\\\/\\\/www.gold.fr\\\/news\\\/wp-content\\\/uploads\\\/2025\\\/03\\\/Pourquoi-lor-reste-intemporel-face-aux-tendances-modernes.jpg\",\"width\":1344,\"height\":896,\"caption\":\"Pourquoi l\u2019or reste intemporel face aux tendances modernes.\"},{\"@type\":\"BreadcrumbList\",\"@id\":\"https:\\\/\\\/www.gold.fr\\\/news\\\/2025\\\/11\\\/19\\\/ce-bijou-que-vous-portez-a-peut-etre-traverse-un-siecle-2\\\/#breadcrumb\",\"itemListElement\":[{\"@type\":\"ListItem\",\"position\":1,\"name\":\"Accueil\",\"item\":\"https:\\\/\\\/www.gold.fr\\\/\"},{\"@type\":\"ListItem\",\"position\":2,\"name\":\"Actualit\u00e9s\",\"item\":\"https:\\\/\\\/www.gold.fr\\\/news\\\/\"},{\"@type\":\"ListItem\",\"position\":3,\"name\":\"Ce bijou que vous portez a peut-\u00eatre travers\u00e9 un si\u00e8cle\"}]},{\"@type\":\"WebSite\",\"@id\":\"https:\\\/\\\/www.gold.fr\\\/news\\\/#website\",\"url\":\"https:\\\/\\\/www.gold.fr\\\/news\\\/\",\"name\":\"Gold.fr\",\"description\":\"Actualit\u00e9s de l&#039;Or et des m\u00e9taux pr\u00e9cieux\",\"potentialAction\":[{\"@type\":\"SearchAction\",\"target\":{\"@type\":\"EntryPoint\",\"urlTemplate\":\"https:\\\/\\\/www.gold.fr\\\/news\\\/?s={search_term_string}\"},\"query-input\":{\"@type\":\"PropertyValueSpecification\",\"valueRequired\":true,\"valueName\":\"search_term_string\"}}],\"inLanguage\":\"fr-FR\"},{\"@type\":\"Person\",\"@id\":\"https:\\\/\\\/www.gold.fr\\\/news\\\/#\\\/schema\\\/person\\\/070491b4b4fb7671bf59b3be20302ce9\",\"name\":\"Comptoir National de l'Or\",\"image\":{\"@type\":\"ImageObject\",\"inLanguage\":\"fr-FR\",\"@id\":\"https:\\\/\\\/secure.gravatar.com\\\/avatar\\\/0a2867fd5abe37bed95d5a65e9d58f01756e11efc68af9888dfc50cfa7f65948?s=96&d=mm&r=gb490554db0a38188709de567aa58480d\",\"url\":\"https:\\\/\\\/secure.gravatar.com\\\/avatar\\\/0a2867fd5abe37bed95d5a65e9d58f01756e11efc68af9888dfc50cfa7f65948?s=96&d=mm&r=g\",\"contentUrl\":\"https:\\\/\\\/secure.gravatar.com\\\/avatar\\\/0a2867fd5abe37bed95d5a65e9d58f01756e11efc68af9888dfc50cfa7f65948?s=96&d=mm&r=g\",\"caption\":\"Comptoir National de l'Or\"},\"description\":\"Notre r\u00e9daction est constitu\u00e9e de membres experts dans les m\u00e9tiers de l'\u00e9conomie et la gestion, des Responsables d'agence Comptoir National de l'Or, des analystes financiers qui publient r\u00e9guli\u00e8rement des \u00e9tudes sur les politiques des banques centrales, le cours de l'or, prix de l'or, cours de l'argent, prix de l'argent, cours du platine, cours du palladium,... la situation en zone euro et l'impact de la strat\u00e9gie mon\u00e9taire de la FED. Notre \u00e9quipe scrute \u00e9galement une information plus g\u00e9n\u00e9raliste \u00e0 la recherche d'actualit\u00e9 \\\"p\u00e9pite\\\" \u00e0 vous partager. Depuis 5 ans, nous avons publi\u00e9 un peu plus de 4000 articles qui s'adressent \u00e0 un public large et vari\u00e9 ayant pour objectif de satisfaire votre curiosit\u00e9 et de partager avec vous une certaine fascination pour le m\u00e9tal jaune, le rachat d'or, et pour ceux qui veulent investir dans l'or, vendre leur or tout simplement en savoir plus... Pour tous vos achat or et argent, n'h\u00e9sitez pas \u00e0 prendre rendez-vous dans l'un de nos nombreux comptoirs.\",\"sameAs\":[\"https:\\\/\\\/www.gold.fr\"]}]}<\/script>\n<!-- \/ Yoast SEO plugin. -->","yoast_head_json":{"title":"Ce bijou que vous portez a peut-\u00eatre travers\u00e9 un si\u00e8cle - Gold.fr","robots":{"index":"index","follow":"follow","max-snippet":"max-snippet:-1","max-image-preview":"max-image-preview:large","max-video-preview":"max-video-preview:-1"},"canonical":"https:\/\/www.gold.fr\/news\/2025\/11\/19\/ce-bijou-que-vous-portez-a-peut-etre-traverse-un-siecle-2\/","og_locale":"fr_FR","og_type":"article","og_title":"Ce bijou que vous portez a peut-\u00eatre travers\u00e9 un si\u00e8cle - Gold.fr","og_description":"Vous regardez votre bague, votre bracelet ou votre collier en or. Mais saviez-vous que ce bijou a peut-\u00eatre \u00e9t\u00e9 port\u00e9 par plusieurs g\u00e9n\u00e9rations avant vous ? L\u2019or a cette particularit\u00e9 incroyable : il traverse les \u00e9poques [&hellip;]","og_url":"https:\/\/www.gold.fr\/news\/2025\/11\/19\/ce-bijou-que-vous-portez-a-peut-etre-traverse-un-siecle-2\/","og_site_name":"Gold.fr","article_publisher":"https:\/\/www.facebook.com\/Goldfr\/","article_published_time":"2025-11-19T19:15:43+00:00","article_modified_time":"2025-11-20T12:51:32+00:00","og_image":[{"width":1344,"height":896,"url":"https:\/\/www.gold.fr\/news\/wp-content\/uploads\/2025\/03\/Pourquoi-lor-reste-intemporel-face-aux-tendances-modernes.jpg","type":"image\/jpeg"}],"author":"Comptoir National de l'Or","twitter_card":"summary_large_image","twitter_misc":{"\u00c9crit par":"Comptoir National de l'Or","Dur\u00e9e de lecture estim\u00e9e":"3 minutes"},"schema":{"@context":"https:\/\/schema.org","@graph":[{"@type":"Article","@id":"https:\/\/www.gold.fr\/news\/2025\/11\/19\/ce-bijou-que-vous-portez-a-peut-etre-traverse-un-siecle-2\/#article","isPartOf":{"@id":"https:\/\/www.gold.fr\/news\/2025\/11\/19\/ce-bijou-que-vous-portez-a-peut-etre-traverse-un-siecle-2\/"},"author":{"name":"Comptoir National de l'Or","@id":"https:\/\/www.gold.fr\/news\/#\/schema\/person\/070491b4b4fb7671bf59b3be20302ce9"},"headline":"Ce bijou que vous portez a peut-\u00eatre travers\u00e9 un si\u00e8cle","datePublished":"2025-11-19T19:15:43+00:00","dateModified":"2025-11-20T12:51:32+00:00","mainEntityOfPage":{"@id":"https:\/\/www.gold.fr\/news\/2025\/11\/19\/ce-bijou-que-vous-portez-a-peut-etre-traverse-un-siecle-2\/"},"wordCount":515,"image":{"@id":"https:\/\/www.gold.fr\/news\/2025\/11\/19\/ce-bijou-que-vous-portez-a-peut-etre-traverse-un-siecle-2\/#primaryimage"},"thumbnailUrl":"https:\/\/www.gold.fr\/news\/wp-content\/uploads\/2025\/03\/Pourquoi-lor-reste-intemporel-face-aux-tendances-modernes.jpg","articleSection":["News"],"inLanguage":"fr-FR"},{"@type":"WebPage","@id":"https:\/\/www.gold.fr\/news\/2025\/11\/19\/ce-bijou-que-vous-portez-a-peut-etre-traverse-un-siecle-2\/","url":"https:\/\/www.gold.fr\/news\/2025\/11\/19\/ce-bijou-que-vous-portez-a-peut-etre-traverse-un-siecle-2\/","name":"Ce bijou que vous portez a peut-\u00eatre travers\u00e9 un si\u00e8cle - Gold.fr","isPartOf":{"@id":"https:\/\/www.gold.fr\/news\/#website"},"primaryImageOfPage":{"@id":"https:\/\/www.gold.fr\/news\/2025\/11\/19\/ce-bijou-que-vous-portez-a-peut-etre-traverse-un-siecle-2\/#primaryimage"},"image":{"@id":"https:\/\/www.gold.fr\/news\/2025\/11\/19\/ce-bijou-que-vous-portez-a-peut-etre-traverse-un-siecle-2\/#primaryimage"},"thumbnailUrl":"https:\/\/www.gold.fr\/news\/wp-content\/uploads\/2025\/03\/Pourquoi-lor-reste-intemporel-face-aux-tendances-modernes.jpg","datePublished":"2025-11-19T19:15:43+00:00","dateModified":"2025-11-20T12:51:32+00:00","author":{"@id":"https:\/\/www.gold.fr\/news\/#\/schema\/person\/070491b4b4fb7671bf59b3be20302ce9"},"breadcrumb":{"@id":"https:\/\/www.gold.fr\/news\/2025\/11\/19\/ce-bijou-que-vous-portez-a-peut-etre-traverse-un-siecle-2\/#breadcrumb"},"inLanguage":"fr-FR","potentialAction":[{"@type":"ReadAction","target":["https:\/\/www.gold.fr\/news\/2025\/11\/19\/ce-bijou-que-vous-portez-a-peut-etre-traverse-un-siecle-2\/"]}]},{"@type":"ImageObject","inLanguage":"fr-FR","@id":"https:\/\/www.gold.fr\/news\/2025\/11\/19\/ce-bijou-que-vous-portez-a-peut-etre-traverse-un-siecle-2\/#primaryimage","url":"https:\/\/www.gold.fr\/news\/wp-content\/uploads\/2025\/03\/Pourquoi-lor-reste-intemporel-face-aux-tendances-modernes.jpg","contentUrl":"https:\/\/www.gold.fr\/news\/wp-content\/uploads\/2025\/03\/Pourquoi-lor-reste-intemporel-face-aux-tendances-modernes.jpg","width":1344,"height":896,"caption":"Pourquoi l\u2019or reste intemporel face aux tendances modernes."},{"@type":"BreadcrumbList","@id":"https:\/\/www.gold.fr\/news\/2025\/11\/19\/ce-bijou-que-vous-portez-a-peut-etre-traverse-un-siecle-2\/#breadcrumb","itemListElement":[{"@type":"ListItem","position":1,"name":"Accueil","item":"https:\/\/www.gold.fr\/"},{"@type":"ListItem","position":2,"name":"Actualit\u00e9s","item":"https:\/\/www.gold.fr\/news\/"},{"@type":"ListItem","position":3,"name":"Ce bijou que vous portez a peut-\u00eatre travers\u00e9 un si\u00e8cle"}]},{"@type":"WebSite","@id":"https:\/\/www.gold.fr\/news\/#website","url":"https:\/\/www.gold.fr\/news\/","name":"Gold.fr","description":"Actualit\u00e9s de l&#039;Or et des m\u00e9taux pr\u00e9cieux","potentialAction":[{"@type":"SearchAction","target":{"@type":"EntryPoint","urlTemplate":"https:\/\/www.gold.fr\/news\/?s={search_term_string}"},"query-input":{"@type":"PropertyValueSpecification","valueRequired":true,"valueName":"search_term_string"}}],"inLanguage":"fr-FR"},{"@type":"Person","@id":"https:\/\/www.gold.fr\/news\/#\/schema\/person\/070491b4b4fb7671bf59b3be20302ce9","name":"Comptoir National de l'Or","image":{"@type":"ImageObject","inLanguage":"fr-FR","@id":"https:\/\/secure.gravatar.com\/avatar\/0a2867fd5abe37bed95d5a65e9d58f01756e11efc68af9888dfc50cfa7f65948?s=96&d=mm&r=gb490554db0a38188709de567aa58480d","url":"https:\/\/secure.gravatar.com\/avatar\/0a2867fd5abe37bed95d5a65e9d58f01756e11efc68af9888dfc50cfa7f65948?s=96&d=mm&r=g","contentUrl":"https:\/\/secure.gravatar.com\/avatar\/0a2867fd5abe37bed95d5a65e9d58f01756e11efc68af9888dfc50cfa7f65948?s=96&d=mm&r=g","caption":"Comptoir National de l'Or"},"description":"Notre r\u00e9daction est constitu\u00e9e de membres experts dans les m\u00e9tiers de l'\u00e9conomie et la gestion, des Responsables d'agence Comptoir National de l'Or, des analystes financiers qui publient r\u00e9guli\u00e8rement des \u00e9tudes sur les politiques des banques centrales, le cours de l'or, prix de l'or, cours de l'argent, prix de l'argent, cours du platine, cours du palladium,... la situation en zone euro et l'impact de la strat\u00e9gie mon\u00e9taire de la FED. Notre \u00e9quipe scrute \u00e9galement une information plus g\u00e9n\u00e9raliste \u00e0 la recherche d'actualit\u00e9 \"p\u00e9pite\" \u00e0 vous partager. Depuis 5 ans, nous avons publi\u00e9 un peu plus de 4000 articles qui s'adressent \u00e0 un public large et vari\u00e9 ayant pour objectif de satisfaire votre curiosit\u00e9 et de partager avec vous une certaine fascination pour le m\u00e9tal jaune, le rachat d'or, et pour ceux qui veulent investir dans l'or, vendre leur or tout simplement en savoir plus... Pour tous vos achat or et argent, n'h\u00e9sitez pas \u00e0 prendre rendez-vous dans l'un de nos nombreux comptoirs.","sameAs":["https:\/\/www.gold.fr"]}]}},"authors":[{"term_id":2565,"user_id":18,"is_guest":0,"slug":"julie","display_name":"Comptoir National de l'Or","avatar_url":"https:\/\/secure.gravatar.com\/avatar\/713f289e398d35ead876c4a4cc08607f0d6d266058cfc25683fffb6092d0e572?s=96&d=mm&r=g","0":null,"1":"","2":"","3":"","4":"","5":"","6":"","7":"","8":""}],"_links":{"self":[{"href":"https:\/\/www.gold.fr\/news\/wp-json\/wp\/v2\/posts\/49639","targetHints":{"allow":["GET"]}}],"collection":[{"href":"https:\/\/www.gold.fr\/news\/wp-json\/wp\/v2\/posts"}],"about":[{"href":"https:\/\/www.gold.fr\/news\/wp-json\/wp\/v2\/types\/post"}],"author":[{"embeddable":true,"href":"https:\/\/www.gold.fr\/news\/wp-json\/wp\/v2\/users\/18"}],"replies":[{"embeddable":true,"href":"https:\/\/www.gold.fr\/news\/wp-json\/wp\/v2\/comments?post=49639"}],"version-history":[{"count":5,"href":"https:\/\/www.gold.fr\/news\/wp-json\/wp\/v2\/posts\/49639\/revisions"}],"predecessor-version":[{"id":49654,"href":"https:\/\/www.gold.fr\/news\/wp-json\/wp\/v2\/posts\/49639\/revisions\/49654"}],"wp:featuredmedia":[{"embeddable":true,"href":"https:\/\/www.gold.fr\/news\/wp-json\/wp\/v2\/media\/47621"}],"wp:attachment":[{"href":"https:\/\/www.gold.fr\/news\/wp-json\/wp\/v2\/media?parent=49639"}],"wp:term":[{"taxonomy":"category","embeddable":true,"href":"https:\/\/www.gold.fr\/news\/wp-json\/wp\/v2\/categories?post=49639"},{"taxonomy":"post_tag","embeddable":true,"href":"https:\/\/www.gold.fr\/news\/wp-json\/wp\/v2\/tags?post=49639"},{"taxonomy":"author","embeddable":true,"href":"https:\/\/www.gold.fr\/news\/wp-json\/wp\/v2\/ppma_author?post=49639"}],"curies":[{"name":"wp","href":"https:\/\/api.w.org\/{rel}","templated":true}]}}