{"id":49607,"date":"2025-11-18T18:15:55","date_gmt":"2025-11-18T17:15:55","guid":{"rendered":"https:\/\/www.gold.fr\/news\/?p=49607"},"modified":"2025-11-19T15:22:55","modified_gmt":"2025-11-19T14:22:55","slug":"lor-nouvelle-assurance-vie-des-francais-prudents","status":"publish","type":"post","link":"https:\/\/www.gold.fr\/news\/2025\/11\/18\/lor-nouvelle-assurance-vie-des-francais-prudents\/","title":{"rendered":"L\u2019or, nouvelle assurance-vie des Fran\u00e7ais prudents ?"},"content":{"rendered":"<p data-start=\"270\" data-end=\"717\">L\u2019or retrouve aujourd\u2019hui un statut central dans la strat\u00e9gie patrimoniale des Fran\u00e7ais. Alors que l\u2019inflation persiste, que les march\u00e9s boursiers connaissent des cycles brusques et que l\u2019immobilier perd en liquidit\u00e9, de plus en plus d\u2019\u00e9pargnants se tournent vers le m\u00e9tal pr\u00e9cieux comme une forme d\u2019\u00ab assurance-vie parall\u00e8le \u00bb. Une valeur refuge, tangible, simple \u00e0 comprendre, qui rassure dans les p\u00e9riodes o\u00f9 la visibilit\u00e9 \u00e9conomique s\u2019effrite.<\/p>\n<h2 data-start=\"719\" data-end=\"775\">Pourquoi l\u2019or redevient-il un placement de prudence ?<\/h2>\n<p data-start=\"777\" data-end=\"1348\">Le retour de l\u2019or s\u2019explique par trois facteurs majeurs. D\u2019abord, une m\u00e9fiance croissante envers les produits financiers complexes, difficiles \u00e0 anticiper pour le grand public. Ensuite, une inflation durable qui pousse les \u00e9pargnants \u00e0 chercher un actif capable de pr\u00e9server leur pouvoir d\u2019achat sur le long terme. Enfin, une instabilit\u00e9 g\u00e9opolitique persistante, qui renforce l\u2019attrait des actifs physiques et internationaux. L\u2019or, accessible sous forme de lingots, de pi\u00e8ces ou m\u00eame en or d\u2019investissement moderne, r\u00e9pond parfaitement \u00e0 ces enjeux d\u2019anxi\u00e9t\u00e9 financi\u00e8re.<\/p>\n<h2 data-start=\"1350\" data-end=\"1403\">L\u2019or comme compl\u00e9ment aux placements traditionnels<\/h2>\n<p data-start=\"1405\" data-end=\"1871\">Si l\u2019or n\u2019a pas vocation \u00e0 remplacer les produits d\u2019\u00e9pargne classiques, il joue en revanche un r\u00f4le de stabilisateur dans un portefeuille \u00e9quilibr\u00e9. Son comportement contracyclique limite les pertes en p\u00e9riode de crise et am\u00e9liore la r\u00e9silience globale du patrimoine. Nombre de Fran\u00e7ais int\u00e8grent d\u00e9sormais 5 \u00e0 15 % d\u2019or dans leur strat\u00e9gie personnelle, une tendance particuli\u00e8rement visible chez les investisseurs prudents et les jeunes actifs en qu\u00eate de s\u00e9curit\u00e9.<\/p>\n<h2 data-start=\"1873\" data-end=\"1926\">O\u00f9 acheter et revendre son or en toute confiance ?<\/h2>\n<p data-start=\"1928\" data-end=\"2416\">La question de l\u2019interm\u00e9diaire reste essentielle. Pour garantir une transaction fiable, un prix transparent et un accompagnement professionnel, les \u00e9pargnants privil\u00e9gient des acteurs reconnus. C\u2019est notamment le cas du comptoir national de l\u2019or (<a class=\"decorated-link\" href=\"https:\/\/www.gold.fr\" target=\"_new\" rel=\"noopener\" data-start=\"2175\" data-end=\"2194\">https:\/\/www.gold.fr<\/a>), une r\u00e9f\u00e9rence fran\u00e7aise pour l\u2019achat et la revente d\u2019or d\u2019investissement. Leur expertise permet aux particuliers de s\u00e9curiser leurs acquisitions et de comprendre les m\u00e9canismes du march\u00e9 avant d\u2019engager leurs \u00e9conomies.<\/p>\n<h2 data-start=\"2418\" data-end=\"2477\">L\u2019or, une assurance anti-crise pour les ann\u00e9es \u00e0 venir ?<\/h2>\n<p data-start=\"2479\" data-end=\"2961\">Tout indique que l\u2019or conservera son attractivit\u00e9 dans un contexte o\u00f9 les incertitudes ne faiblissent pas. Qu\u2019il s\u2019agisse de se prot\u00e9ger contre la volatilit\u00e9, de transmettre un patrimoine tangible ou de diversifier ses actifs, le m\u00e9tal pr\u00e9cieux coche toutes les cases de la \u00ab prudence \u00e9clair\u00e9e \u00bb. Les Fran\u00e7ais ne s\u2019y trompent pas : l\u2019or n\u2019est plus seulement une valeur refuge, c\u2019est un pilier strat\u00e9gique pour celles et ceux qui souhaitent naviguer les ann\u00e9es \u00e0 venir avec s\u00e9r\u00e9nit\u00e9.<\/p>\n<a href=\"https:\/\/support.gold.fr\/fr\/livreblanc-investir-dans-l-or-gdn2024-sj\" target=\"_blank\" class=\"goldCTA\">\n    <img decoding=\"async\" src=\"https:\/\/www.gold.fr\/news\/wp-content\/uploads\/2024\/09\/Couverture-LB-quel-budget-pour-investir-dans-lor.png\" alt=\"\" \/>    <div class=\"rightPart\">\n        <div class=\"content\">\n            <\/p>\n<h2><strong>Vous souhaitez investir dans l&rsquo;or ?\u00a0<\/strong><\/h2>\n<p>Vous h\u00e9sitez \u00e0 diversifier votre portefeuille ? Pourquoi ne pas investir dans l&rsquo;or ? Notre guide vous permettra d&rsquo;affiner votre r\u00e9flexion gr\u00e2ce \u00e0 des exemples de pi\u00e8ces et lingots d&rsquo;or que vous pourriez acqu\u00e9rir avec votre budget.<\/p>\n<p>        <\/div>\n                <span class=\"button\">Je souhaite investir dans l'or !<\/span>\n            <\/div>\n<\/a>\n<!-- AddThis Advanced Settings generic via filter on the_content --><!-- AddThis Share Buttons generic via filter on the_content -->","protected":false},"excerpt":{"rendered":"<p>L\u2019or retrouve aujourd\u2019hui un statut central dans la strat\u00e9gie patrimoniale des Fran\u00e7ais. Alors que l\u2019inflation persiste, que les march\u00e9s boursiers connaissent des cycles brusques et que l\u2019immobilier perd en liquidit\u00e9, de plus en plus d\u2019\u00e9pargnants se [&hellip;]<\/p>\n","protected":false},"author":18,"featured_media":48347,"comment_status":"closed","ping_status":"closed","sticky":false,"template":"","format":"standard","meta":{"_mbp_gutenberg_autopost":false,"_pgmb_is_evergreen":false,"_pgmb_ap_template_id":0,"footnotes":""},"categories":[2558],"tags":[],"ppma_author":[2565],"class_list":["post-49607","post","type-post","status-publish","format-standard","has-post-thumbnail","hentry","category-news"],"yoast_head":"<!-- This site is optimized with the Yoast SEO plugin v27.5 - https:\/\/yoast.com\/product\/yoast-seo-wordpress\/ -->\n<title>L\u2019or, nouvelle assurance-vie des Fran\u00e7ais prudents ? - Gold.fr<\/title>\n<meta name=\"robots\" content=\"index, follow, max-snippet:-1, max-image-preview:large, max-video-preview:-1\" \/>\n<link rel=\"canonical\" href=\"https:\/\/www.gold.fr\/news\/2025\/11\/18\/lor-nouvelle-assurance-vie-des-francais-prudents\/\" \/>\n<meta property=\"og:locale\" content=\"fr_FR\" \/>\n<meta property=\"og:type\" content=\"article\" \/>\n<meta property=\"og:title\" content=\"L\u2019or, nouvelle assurance-vie des Fran\u00e7ais prudents ? - Gold.fr\" \/>\n<meta property=\"og:description\" content=\"L\u2019or retrouve aujourd\u2019hui un statut central dans la strat\u00e9gie patrimoniale des Fran\u00e7ais. Alors que l\u2019inflation persiste, que les march\u00e9s boursiers connaissent des cycles brusques et que l\u2019immobilier perd en liquidit\u00e9, de plus en plus d\u2019\u00e9pargnants se [&hellip;]\" \/>\n<meta property=\"og:url\" content=\"https:\/\/www.gold.fr\/news\/2025\/11\/18\/lor-nouvelle-assurance-vie-des-francais-prudents\/\" \/>\n<meta property=\"og:site_name\" content=\"Gold.fr\" \/>\n<meta property=\"article:publisher\" content=\"https:\/\/www.facebook.com\/Goldfr\/\" \/>\n<meta property=\"article:published_time\" content=\"2025-11-18T17:15:55+00:00\" \/>\n<meta property=\"article:modified_time\" content=\"2025-11-19T14:22:55+00:00\" \/>\n<meta property=\"og:image\" content=\"https:\/\/www.gold.fr\/news\/wp-content\/uploads\/2025\/05\/ChatGPT-Image-24-mai-2025-20_02_51-1024x683.png\" \/>\n\t<meta property=\"og:image:width\" content=\"1024\" \/>\n\t<meta property=\"og:image:height\" content=\"683\" \/>\n\t<meta property=\"og:image:type\" content=\"image\/png\" \/>\n<meta name=\"author\" content=\"Comptoir National de l&#039;Or\" \/>\n<meta name=\"twitter:card\" content=\"summary_large_image\" \/>\n<meta name=\"twitter:label1\" content=\"\u00c9crit par\" \/>\n\t<meta name=\"twitter:data1\" content=\"Comptoir National de l&#039;Or\" \/>\n\t<meta name=\"twitter:label2\" content=\"Dur\u00e9e de lecture estim\u00e9e\" \/>\n\t<meta name=\"twitter:data2\" content=\"3 minutes\" \/>\n<script type=\"application\/ld+json\" class=\"yoast-schema-graph\">{\"@context\":\"https:\\\/\\\/schema.org\",\"@graph\":[{\"@type\":\"Article\",\"@id\":\"https:\\\/\\\/www.gold.fr\\\/news\\\/2025\\\/11\\\/18\\\/lor-nouvelle-assurance-vie-des-francais-prudents\\\/#article\",\"isPartOf\":{\"@id\":\"https:\\\/\\\/www.gold.fr\\\/news\\\/2025\\\/11\\\/18\\\/lor-nouvelle-assurance-vie-des-francais-prudents\\\/\"},\"author\":{\"name\":\"Comptoir National de l'Or\",\"@id\":\"https:\\\/\\\/www.gold.fr\\\/news\\\/#\\\/schema\\\/person\\\/070491b4b4fb7671bf59b3be20302ce9\"},\"headline\":\"L\u2019or, nouvelle assurance-vie des Fran\u00e7ais prudents ?\",\"datePublished\":\"2025-11-18T17:15:55+00:00\",\"dateModified\":\"2025-11-19T14:22:55+00:00\",\"mainEntityOfPage\":{\"@id\":\"https:\\\/\\\/www.gold.fr\\\/news\\\/2025\\\/11\\\/18\\\/lor-nouvelle-assurance-vie-des-francais-prudents\\\/\"},\"wordCount\":540,\"image\":{\"@id\":\"https:\\\/\\\/www.gold.fr\\\/news\\\/2025\\\/11\\\/18\\\/lor-nouvelle-assurance-vie-des-francais-prudents\\\/#primaryimage\"},\"thumbnailUrl\":\"https:\\\/\\\/www.gold.fr\\\/news\\\/wp-content\\\/uploads\\\/2025\\\/05\\\/ChatGPT-Image-24-mai-2025-20_02_51.png\",\"articleSection\":[\"News\"],\"inLanguage\":\"fr-FR\"},{\"@type\":\"WebPage\",\"@id\":\"https:\\\/\\\/www.gold.fr\\\/news\\\/2025\\\/11\\\/18\\\/lor-nouvelle-assurance-vie-des-francais-prudents\\\/\",\"url\":\"https:\\\/\\\/www.gold.fr\\\/news\\\/2025\\\/11\\\/18\\\/lor-nouvelle-assurance-vie-des-francais-prudents\\\/\",\"name\":\"L\u2019or, nouvelle assurance-vie des Fran\u00e7ais prudents ? - Gold.fr\",\"isPartOf\":{\"@id\":\"https:\\\/\\\/www.gold.fr\\\/news\\\/#website\"},\"primaryImageOfPage\":{\"@id\":\"https:\\\/\\\/www.gold.fr\\\/news\\\/2025\\\/11\\\/18\\\/lor-nouvelle-assurance-vie-des-francais-prudents\\\/#primaryimage\"},\"image\":{\"@id\":\"https:\\\/\\\/www.gold.fr\\\/news\\\/2025\\\/11\\\/18\\\/lor-nouvelle-assurance-vie-des-francais-prudents\\\/#primaryimage\"},\"thumbnailUrl\":\"https:\\\/\\\/www.gold.fr\\\/news\\\/wp-content\\\/uploads\\\/2025\\\/05\\\/ChatGPT-Image-24-mai-2025-20_02_51.png\",\"datePublished\":\"2025-11-18T17:15:55+00:00\",\"dateModified\":\"2025-11-19T14:22:55+00:00\",\"author\":{\"@id\":\"https:\\\/\\\/www.gold.fr\\\/news\\\/#\\\/schema\\\/person\\\/070491b4b4fb7671bf59b3be20302ce9\"},\"breadcrumb\":{\"@id\":\"https:\\\/\\\/www.gold.fr\\\/news\\\/2025\\\/11\\\/18\\\/lor-nouvelle-assurance-vie-des-francais-prudents\\\/#breadcrumb\"},\"inLanguage\":\"fr-FR\",\"potentialAction\":[{\"@type\":\"ReadAction\",\"target\":[\"https:\\\/\\\/www.gold.fr\\\/news\\\/2025\\\/11\\\/18\\\/lor-nouvelle-assurance-vie-des-francais-prudents\\\/\"]}]},{\"@type\":\"ImageObject\",\"inLanguage\":\"fr-FR\",\"@id\":\"https:\\\/\\\/www.gold.fr\\\/news\\\/2025\\\/11\\\/18\\\/lor-nouvelle-assurance-vie-des-francais-prudents\\\/#primaryimage\",\"url\":\"https:\\\/\\\/www.gold.fr\\\/news\\\/wp-content\\\/uploads\\\/2025\\\/05\\\/ChatGPT-Image-24-mai-2025-20_02_51.png\",\"contentUrl\":\"https:\\\/\\\/www.gold.fr\\\/news\\\/wp-content\\\/uploads\\\/2025\\\/05\\\/ChatGPT-Image-24-mai-2025-20_02_51.png\",\"width\":1536,\"height\":1024},{\"@type\":\"BreadcrumbList\",\"@id\":\"https:\\\/\\\/www.gold.fr\\\/news\\\/2025\\\/11\\\/18\\\/lor-nouvelle-assurance-vie-des-francais-prudents\\\/#breadcrumb\",\"itemListElement\":[{\"@type\":\"ListItem\",\"position\":1,\"name\":\"Accueil\",\"item\":\"https:\\\/\\\/www.gold.fr\\\/\"},{\"@type\":\"ListItem\",\"position\":2,\"name\":\"Actualit\u00e9s\",\"item\":\"https:\\\/\\\/www.gold.fr\\\/news\\\/\"},{\"@type\":\"ListItem\",\"position\":3,\"name\":\"L\u2019or, nouvelle assurance-vie des Fran\u00e7ais prudents ?\"}]},{\"@type\":\"WebSite\",\"@id\":\"https:\\\/\\\/www.gold.fr\\\/news\\\/#website\",\"url\":\"https:\\\/\\\/www.gold.fr\\\/news\\\/\",\"name\":\"Gold.fr\",\"description\":\"Actualit\u00e9s de l&#039;Or et des m\u00e9taux pr\u00e9cieux\",\"potentialAction\":[{\"@type\":\"SearchAction\",\"target\":{\"@type\":\"EntryPoint\",\"urlTemplate\":\"https:\\\/\\\/www.gold.fr\\\/news\\\/?s={search_term_string}\"},\"query-input\":{\"@type\":\"PropertyValueSpecification\",\"valueRequired\":true,\"valueName\":\"search_term_string\"}}],\"inLanguage\":\"fr-FR\"},{\"@type\":\"Person\",\"@id\":\"https:\\\/\\\/www.gold.fr\\\/news\\\/#\\\/schema\\\/person\\\/070491b4b4fb7671bf59b3be20302ce9\",\"name\":\"Comptoir National de l'Or\",\"image\":{\"@type\":\"ImageObject\",\"inLanguage\":\"fr-FR\",\"@id\":\"https:\\\/\\\/secure.gravatar.com\\\/avatar\\\/0a2867fd5abe37bed95d5a65e9d58f01756e11efc68af9888dfc50cfa7f65948?s=96&d=mm&r=gb490554db0a38188709de567aa58480d\",\"url\":\"https:\\\/\\\/secure.gravatar.com\\\/avatar\\\/0a2867fd5abe37bed95d5a65e9d58f01756e11efc68af9888dfc50cfa7f65948?s=96&d=mm&r=g\",\"contentUrl\":\"https:\\\/\\\/secure.gravatar.com\\\/avatar\\\/0a2867fd5abe37bed95d5a65e9d58f01756e11efc68af9888dfc50cfa7f65948?s=96&d=mm&r=g\",\"caption\":\"Comptoir National de l'Or\"},\"description\":\"Notre r\u00e9daction est constitu\u00e9e de membres experts dans les m\u00e9tiers de l'\u00e9conomie et la gestion, des Responsables d'agence Comptoir National de l'Or, des analystes financiers qui publient r\u00e9guli\u00e8rement des \u00e9tudes sur les politiques des banques centrales, le cours de l'or, prix de l'or, cours de l'argent, prix de l'argent, cours du platine, cours du palladium,... la situation en zone euro et l'impact de la strat\u00e9gie mon\u00e9taire de la FED. Notre \u00e9quipe scrute \u00e9galement une information plus g\u00e9n\u00e9raliste \u00e0 la recherche d'actualit\u00e9 \\\"p\u00e9pite\\\" \u00e0 vous partager. Depuis 5 ans, nous avons publi\u00e9 un peu plus de 4000 articles qui s'adressent \u00e0 un public large et vari\u00e9 ayant pour objectif de satisfaire votre curiosit\u00e9 et de partager avec vous une certaine fascination pour le m\u00e9tal jaune, le rachat d'or, et pour ceux qui veulent investir dans l'or, vendre leur or tout simplement en savoir plus... Pour tous vos achat or et argent, n'h\u00e9sitez pas \u00e0 prendre rendez-vous dans l'un de nos nombreux comptoirs.\",\"sameAs\":[\"https:\\\/\\\/www.gold.fr\"]}]}<\/script>\n<!-- \/ Yoast SEO plugin. -->","yoast_head_json":{"title":"L\u2019or, nouvelle assurance-vie des Fran\u00e7ais prudents ? - Gold.fr","robots":{"index":"index","follow":"follow","max-snippet":"max-snippet:-1","max-image-preview":"max-image-preview:large","max-video-preview":"max-video-preview:-1"},"canonical":"https:\/\/www.gold.fr\/news\/2025\/11\/18\/lor-nouvelle-assurance-vie-des-francais-prudents\/","og_locale":"fr_FR","og_type":"article","og_title":"L\u2019or, nouvelle assurance-vie des Fran\u00e7ais prudents ? - Gold.fr","og_description":"L\u2019or retrouve aujourd\u2019hui un statut central dans la strat\u00e9gie patrimoniale des Fran\u00e7ais. Alors que l\u2019inflation persiste, que les march\u00e9s boursiers connaissent des cycles brusques et que l\u2019immobilier perd en liquidit\u00e9, de plus en plus d\u2019\u00e9pargnants se [&hellip;]","og_url":"https:\/\/www.gold.fr\/news\/2025\/11\/18\/lor-nouvelle-assurance-vie-des-francais-prudents\/","og_site_name":"Gold.fr","article_publisher":"https:\/\/www.facebook.com\/Goldfr\/","article_published_time":"2025-11-18T17:15:55+00:00","article_modified_time":"2025-11-19T14:22:55+00:00","og_image":[{"width":1024,"height":683,"url":"https:\/\/www.gold.fr\/news\/wp-content\/uploads\/2025\/05\/ChatGPT-Image-24-mai-2025-20_02_51-1024x683.png","type":"image\/png"}],"author":"Comptoir National de l'Or","twitter_card":"summary_large_image","twitter_misc":{"\u00c9crit par":"Comptoir National de l'Or","Dur\u00e9e de lecture estim\u00e9e":"3 minutes"},"schema":{"@context":"https:\/\/schema.org","@graph":[{"@type":"Article","@id":"https:\/\/www.gold.fr\/news\/2025\/11\/18\/lor-nouvelle-assurance-vie-des-francais-prudents\/#article","isPartOf":{"@id":"https:\/\/www.gold.fr\/news\/2025\/11\/18\/lor-nouvelle-assurance-vie-des-francais-prudents\/"},"author":{"name":"Comptoir National de l'Or","@id":"https:\/\/www.gold.fr\/news\/#\/schema\/person\/070491b4b4fb7671bf59b3be20302ce9"},"headline":"L\u2019or, nouvelle assurance-vie des Fran\u00e7ais prudents ?","datePublished":"2025-11-18T17:15:55+00:00","dateModified":"2025-11-19T14:22:55+00:00","mainEntityOfPage":{"@id":"https:\/\/www.gold.fr\/news\/2025\/11\/18\/lor-nouvelle-assurance-vie-des-francais-prudents\/"},"wordCount":540,"image":{"@id":"https:\/\/www.gold.fr\/news\/2025\/11\/18\/lor-nouvelle-assurance-vie-des-francais-prudents\/#primaryimage"},"thumbnailUrl":"https:\/\/www.gold.fr\/news\/wp-content\/uploads\/2025\/05\/ChatGPT-Image-24-mai-2025-20_02_51.png","articleSection":["News"],"inLanguage":"fr-FR"},{"@type":"WebPage","@id":"https:\/\/www.gold.fr\/news\/2025\/11\/18\/lor-nouvelle-assurance-vie-des-francais-prudents\/","url":"https:\/\/www.gold.fr\/news\/2025\/11\/18\/lor-nouvelle-assurance-vie-des-francais-prudents\/","name":"L\u2019or, nouvelle assurance-vie des Fran\u00e7ais prudents ? - Gold.fr","isPartOf":{"@id":"https:\/\/www.gold.fr\/news\/#website"},"primaryImageOfPage":{"@id":"https:\/\/www.gold.fr\/news\/2025\/11\/18\/lor-nouvelle-assurance-vie-des-francais-prudents\/#primaryimage"},"image":{"@id":"https:\/\/www.gold.fr\/news\/2025\/11\/18\/lor-nouvelle-assurance-vie-des-francais-prudents\/#primaryimage"},"thumbnailUrl":"https:\/\/www.gold.fr\/news\/wp-content\/uploads\/2025\/05\/ChatGPT-Image-24-mai-2025-20_02_51.png","datePublished":"2025-11-18T17:15:55+00:00","dateModified":"2025-11-19T14:22:55+00:00","author":{"@id":"https:\/\/www.gold.fr\/news\/#\/schema\/person\/070491b4b4fb7671bf59b3be20302ce9"},"breadcrumb":{"@id":"https:\/\/www.gold.fr\/news\/2025\/11\/18\/lor-nouvelle-assurance-vie-des-francais-prudents\/#breadcrumb"},"inLanguage":"fr-FR","potentialAction":[{"@type":"ReadAction","target":["https:\/\/www.gold.fr\/news\/2025\/11\/18\/lor-nouvelle-assurance-vie-des-francais-prudents\/"]}]},{"@type":"ImageObject","inLanguage":"fr-FR","@id":"https:\/\/www.gold.fr\/news\/2025\/11\/18\/lor-nouvelle-assurance-vie-des-francais-prudents\/#primaryimage","url":"https:\/\/www.gold.fr\/news\/wp-content\/uploads\/2025\/05\/ChatGPT-Image-24-mai-2025-20_02_51.png","contentUrl":"https:\/\/www.gold.fr\/news\/wp-content\/uploads\/2025\/05\/ChatGPT-Image-24-mai-2025-20_02_51.png","width":1536,"height":1024},{"@type":"BreadcrumbList","@id":"https:\/\/www.gold.fr\/news\/2025\/11\/18\/lor-nouvelle-assurance-vie-des-francais-prudents\/#breadcrumb","itemListElement":[{"@type":"ListItem","position":1,"name":"Accueil","item":"https:\/\/www.gold.fr\/"},{"@type":"ListItem","position":2,"name":"Actualit\u00e9s","item":"https:\/\/www.gold.fr\/news\/"},{"@type":"ListItem","position":3,"name":"L\u2019or, nouvelle assurance-vie des Fran\u00e7ais prudents ?"}]},{"@type":"WebSite","@id":"https:\/\/www.gold.fr\/news\/#website","url":"https:\/\/www.gold.fr\/news\/","name":"Gold.fr","description":"Actualit\u00e9s de l&#039;Or et des m\u00e9taux pr\u00e9cieux","potentialAction":[{"@type":"SearchAction","target":{"@type":"EntryPoint","urlTemplate":"https:\/\/www.gold.fr\/news\/?s={search_term_string}"},"query-input":{"@type":"PropertyValueSpecification","valueRequired":true,"valueName":"search_term_string"}}],"inLanguage":"fr-FR"},{"@type":"Person","@id":"https:\/\/www.gold.fr\/news\/#\/schema\/person\/070491b4b4fb7671bf59b3be20302ce9","name":"Comptoir National de l'Or","image":{"@type":"ImageObject","inLanguage":"fr-FR","@id":"https:\/\/secure.gravatar.com\/avatar\/0a2867fd5abe37bed95d5a65e9d58f01756e11efc68af9888dfc50cfa7f65948?s=96&d=mm&r=gb490554db0a38188709de567aa58480d","url":"https:\/\/secure.gravatar.com\/avatar\/0a2867fd5abe37bed95d5a65e9d58f01756e11efc68af9888dfc50cfa7f65948?s=96&d=mm&r=g","contentUrl":"https:\/\/secure.gravatar.com\/avatar\/0a2867fd5abe37bed95d5a65e9d58f01756e11efc68af9888dfc50cfa7f65948?s=96&d=mm&r=g","caption":"Comptoir National de l'Or"},"description":"Notre r\u00e9daction est constitu\u00e9e de membres experts dans les m\u00e9tiers de l'\u00e9conomie et la gestion, des Responsables d'agence Comptoir National de l'Or, des analystes financiers qui publient r\u00e9guli\u00e8rement des \u00e9tudes sur les politiques des banques centrales, le cours de l'or, prix de l'or, cours de l'argent, prix de l'argent, cours du platine, cours du palladium,... la situation en zone euro et l'impact de la strat\u00e9gie mon\u00e9taire de la FED. Notre \u00e9quipe scrute \u00e9galement une information plus g\u00e9n\u00e9raliste \u00e0 la recherche d'actualit\u00e9 \"p\u00e9pite\" \u00e0 vous partager. Depuis 5 ans, nous avons publi\u00e9 un peu plus de 4000 articles qui s'adressent \u00e0 un public large et vari\u00e9 ayant pour objectif de satisfaire votre curiosit\u00e9 et de partager avec vous une certaine fascination pour le m\u00e9tal jaune, le rachat d'or, et pour ceux qui veulent investir dans l'or, vendre leur or tout simplement en savoir plus... Pour tous vos achat or et argent, n'h\u00e9sitez pas \u00e0 prendre rendez-vous dans l'un de nos nombreux comptoirs.","sameAs":["https:\/\/www.gold.fr"]}]}},"authors":[{"term_id":2565,"user_id":18,"is_guest":0,"slug":"julie","display_name":"Comptoir National de l'Or","avatar_url":"https:\/\/secure.gravatar.com\/avatar\/713f289e398d35ead876c4a4cc08607f0d6d266058cfc25683fffb6092d0e572?s=96&d=mm&r=g","0":null,"1":"","2":"","3":"","4":"","5":"","6":"","7":"","8":""}],"_links":{"self":[{"href":"https:\/\/www.gold.fr\/news\/wp-json\/wp\/v2\/posts\/49607","targetHints":{"allow":["GET"]}}],"collection":[{"href":"https:\/\/www.gold.fr\/news\/wp-json\/wp\/v2\/posts"}],"about":[{"href":"https:\/\/www.gold.fr\/news\/wp-json\/wp\/v2\/types\/post"}],"author":[{"embeddable":true,"href":"https:\/\/www.gold.fr\/news\/wp-json\/wp\/v2\/users\/18"}],"replies":[{"embeddable":true,"href":"https:\/\/www.gold.fr\/news\/wp-json\/wp\/v2\/comments?post=49607"}],"version-history":[{"count":3,"href":"https:\/\/www.gold.fr\/news\/wp-json\/wp\/v2\/posts\/49607\/revisions"}],"predecessor-version":[{"id":49615,"href":"https:\/\/www.gold.fr\/news\/wp-json\/wp\/v2\/posts\/49607\/revisions\/49615"}],"wp:featuredmedia":[{"embeddable":true,"href":"https:\/\/www.gold.fr\/news\/wp-json\/wp\/v2\/media\/48347"}],"wp:attachment":[{"href":"https:\/\/www.gold.fr\/news\/wp-json\/wp\/v2\/media?parent=49607"}],"wp:term":[{"taxonomy":"category","embeddable":true,"href":"https:\/\/www.gold.fr\/news\/wp-json\/wp\/v2\/categories?post=49607"},{"taxonomy":"post_tag","embeddable":true,"href":"https:\/\/www.gold.fr\/news\/wp-json\/wp\/v2\/tags?post=49607"},{"taxonomy":"author","embeddable":true,"href":"https:\/\/www.gold.fr\/news\/wp-json\/wp\/v2\/ppma_author?post=49607"}],"curies":[{"name":"wp","href":"https:\/\/api.w.org\/{rel}","templated":true}]}}