{"id":4946,"date":"2012-01-16T12:00:16","date_gmt":"2012-01-16T11:00:16","guid":{"rendered":"http:\/\/news.gold.fr\/?p=4946"},"modified":"2020-06-25T17:29:02","modified_gmt":"2020-06-25T15:29:02","slug":"or-en-2012-une-derniere-correction-avant-la-flambee","status":"publish","type":"post","link":"https:\/\/www.gold.fr\/news\/2012\/01\/16\/or-en-2012-une-derniere-correction-avant-la-flambee\/","title":{"rendered":"Or en 2012 \u2013 Une derni\u00e8re correction avant la flamb\u00e9e"},"content":{"rendered":"<p style=\"text-align: justify;\"><span style=\"font-family: verdana,geneva; font-size: small;\"><a href=\"http:\/\/news.gold.fr\/wp-content\/uploads\/2012\/01\/pi%C3%A8ces-or.jpg\"><img loading=\"lazy\" decoding=\"async\" class=\"alignleft size-thumbnail wp-image-4947\" style=\"float: left; margin: 5px; border: 1px solid black;\" title=\"pi\u00e8ces-or\" src=\"http:\/\/news.gold.fr\/wp-content\/uploads\/2012\/01\/pi%C3%A8ces-or-150x150.jpg\" alt=\"\" width=\"150\" height=\"150\" \/><\/a>Certes, le m\u00e9tal jaune est, selon toutes les pr\u00e9visions professionnelles de ce d\u00e9but d\u2019ann\u00e9e, sur le point d\u2019entamer <strong>sa deuxi\u00e8me vague de flamb\u00e9e depuis le mois de mars 2011<\/strong>. Mais ce sont ces m\u00eames sp\u00e9culations qui pr\u00e9disent \u00e9galement une derni\u00e8re correction qui va intervenir, dans les semaines \u00e0 venir, sur <a href=\"https:\/\/www.gold.fr\/cours-prix-de-l-or\/\">le cours de l\u2019or<\/a>. Une l\u00e9g\u00e8re baisse qui n\u2019emp\u00eachera pas <strong>le prix de l\u2019<a class=\"esk-seo-plu-link\" href=\"https:\/\/www.gold.fr\/news\/tags\/or\">or<\/a><\/strong> de rebondir pour prendre son envol avant la fin du premier trimestre 2011.<\/span><\/p>\n<p><span style=\"font-family: verdana,geneva; font-size: small;\"> Dans une analyse technique publi\u00e9e r\u00e9cemment par ScotiaMocatta, les experts du groupe rappelaient que <a href=\"https:\/\/www.gold.fr\/once-en\/\">l&rsquo;once<\/a> de la relique barbare avait cl\u00f4tur\u00e9 la semaine derni\u00e8re en <strong>tendance haussi\u00e8re<\/strong>, la premi\u00e8re, d\u2019ailleurs, apr\u00e8s quatre baisses hebdomadaires cons\u00e9cutives en cinq mois (presque la totalit\u00e9 des deux derniers trimestres 2011). Les analystes maintiennent donc <strong>une sp\u00e9culation baissi\u00e8re<\/strong> tant que <strong>le prix de l\u2019<a class=\"esk-seo-plu-link\" href=\"https:\/\/www.gold.fr\/news\/tags\/or\">or<\/a><\/strong> n&rsquo;aura pas repris pied au-dessus de sa moyenne mobile \u00e0 200 jours, fix\u00e9e \u00e0 1.633 dollars <strong>l\u2019once<\/strong>.<\/span><\/p>\n<p><span style=\"font-family: verdana,geneva; font-size: small;\"> En attendant, les SPDR Gold Shares (\u00ab\u00a0accessoirement\u00a0\u00bb 1er ETF aurif\u00e8re au monde) n\u2019enregistrent toujours aucun mouvement sur leur encours, qui \u00e9tait, notons-le, de 1.254,57 tonnes au d\u00e9but de la semaine. Une situation qui demeure inchang\u00e9e depuis le 22 d\u00e9cembre.<\/span><\/p>\n<!-- AddThis Advanced Settings generic via filter on the_content --><!-- AddThis Share Buttons generic via filter on the_content -->","protected":false},"excerpt":{"rendered":"<p>Certes, le m\u00e9tal jaune est, selon toutes les pr\u00e9visions professionnelles de ce d\u00e9but d\u2019ann\u00e9e, sur le point d\u2019entamer sa deuxi\u00e8me vague de flamb\u00e9e depuis le mois de mars 2011. Mais ce sont ces m\u00eames sp\u00e9culations qui [&hellip;]<\/p>\n","protected":false},"author":18,"featured_media":4948,"comment_status":"closed","ping_status":"closed","sticky":false,"template":"","format":"standard","meta":{"_mbp_gutenberg_autopost":false,"_pgmb_is_evergreen":false,"_pgmb_ap_template_id":0,"footnotes":""},"categories":[6],"tags":[216,76,215],"ppma_author":[2565],"class_list":["post-4946","post","type-post","status-publish","format-standard","has-post-thumbnail","hentry","category-articles-de-presse","tag-flambee-de-lor","tag-or","tag-tendance-haussiere"],"yoast_head":"<!-- This site is optimized with the Yoast SEO plugin v27.5 - https:\/\/yoast.com\/product\/yoast-seo-wordpress\/ -->\n<title>Or en 2012 \u2013 Une derni\u00e8re correction avant la flamb\u00e9e - Gold.fr<\/title>\n<meta name=\"description\" content=\"Or en 2012 Une derni\u00e8re correction avant la flamb\u00e9e Le m\u00e9tal jaune est, selon toutes les pr\u00e9visions sur le point de flamber\" \/>\n<meta name=\"robots\" content=\"index, follow, max-snippet:-1, max-image-preview:large, max-video-preview:-1\" \/>\n<link rel=\"canonical\" href=\"https:\/\/www.gold.fr\/news\/2012\/01\/16\/or-en-2012-une-derniere-correction-avant-la-flambee\/\" \/>\n<meta property=\"og:locale\" content=\"fr_FR\" \/>\n<meta property=\"og:type\" content=\"article\" \/>\n<meta property=\"og:title\" content=\"Or en 2012 \u2013 Une derni\u00e8re correction avant la flamb\u00e9e - Gold.fr\" \/>\n<meta property=\"og:description\" content=\"Or en 2012 Une derni\u00e8re correction avant la flamb\u00e9e Le m\u00e9tal jaune est, selon toutes les pr\u00e9visions sur le point de flamber\" \/>\n<meta property=\"og:url\" content=\"https:\/\/www.gold.fr\/news\/2012\/01\/16\/or-en-2012-une-derniere-correction-avant-la-flambee\/\" \/>\n<meta property=\"og:site_name\" content=\"Gold.fr\" \/>\n<meta property=\"article:publisher\" content=\"https:\/\/www.facebook.com\/Goldfr\/\" \/>\n<meta property=\"article:published_time\" content=\"2012-01-16T11:00:16+00:00\" \/>\n<meta property=\"article:modified_time\" content=\"2020-06-25T15:29:02+00:00\" \/>\n<meta property=\"og:image\" content=\"https:\/\/www.gold.fr\/news\/wp-content\/uploads\/2012\/01\/lingot-titr\u00e9-or.jpg\" \/>\n\t<meta property=\"og:image:width\" content=\"600\" \/>\n\t<meta property=\"og:image:height\" content=\"400\" \/>\n\t<meta property=\"og:image:type\" content=\"image\/jpeg\" \/>\n<meta name=\"author\" content=\"Comptoir National de l&#039;Or\" \/>\n<meta name=\"twitter:card\" content=\"summary_large_image\" \/>\n<meta name=\"twitter:label1\" content=\"\u00c9crit par\" \/>\n\t<meta name=\"twitter:data1\" content=\"Comptoir National de l&#039;Or\" \/>\n\t<meta name=\"twitter:label2\" content=\"Dur\u00e9e de lecture estim\u00e9e\" \/>\n\t<meta name=\"twitter:data2\" content=\"1 minute\" \/>\n<script type=\"application\/ld+json\" class=\"yoast-schema-graph\">{\"@context\":\"https:\\\/\\\/schema.org\",\"@graph\":[{\"@type\":\"Article\",\"@id\":\"https:\\\/\\\/www.gold.fr\\\/news\\\/2012\\\/01\\\/16\\\/or-en-2012-une-derniere-correction-avant-la-flambee\\\/#article\",\"isPartOf\":{\"@id\":\"https:\\\/\\\/www.gold.fr\\\/news\\\/2012\\\/01\\\/16\\\/or-en-2012-une-derniere-correction-avant-la-flambee\\\/\"},\"author\":{\"name\":\"Comptoir National de l'Or\",\"@id\":\"https:\\\/\\\/www.gold.fr\\\/news\\\/#\\\/schema\\\/person\\\/070491b4b4fb7671bf59b3be20302ce9\"},\"headline\":\"Or en 2012 \u2013 Une derni\u00e8re correction avant la flamb\u00e9e\",\"datePublished\":\"2012-01-16T11:00:16+00:00\",\"dateModified\":\"2020-06-25T15:29:02+00:00\",\"mainEntityOfPage\":{\"@id\":\"https:\\\/\\\/www.gold.fr\\\/news\\\/2012\\\/01\\\/16\\\/or-en-2012-une-derniere-correction-avant-la-flambee\\\/\"},\"wordCount\":231,\"image\":{\"@id\":\"https:\\\/\\\/www.gold.fr\\\/news\\\/2012\\\/01\\\/16\\\/or-en-2012-une-derniere-correction-avant-la-flambee\\\/#primaryimage\"},\"thumbnailUrl\":\"https:\\\/\\\/www.gold.fr\\\/news\\\/wp-content\\\/uploads\\\/2012\\\/01\\\/lingot-titr\u00e9-or.jpg\",\"keywords\":[\"flamb\u00e9e de l'or\",\"Or\",\"tendance haussi\u00e8re\"],\"articleSection\":[\"Articles de presse\"],\"inLanguage\":\"fr-FR\"},{\"@type\":\"WebPage\",\"@id\":\"https:\\\/\\\/www.gold.fr\\\/news\\\/2012\\\/01\\\/16\\\/or-en-2012-une-derniere-correction-avant-la-flambee\\\/\",\"url\":\"https:\\\/\\\/www.gold.fr\\\/news\\\/2012\\\/01\\\/16\\\/or-en-2012-une-derniere-correction-avant-la-flambee\\\/\",\"name\":\"Or en 2012 \u2013 Une derni\u00e8re correction avant la flamb\u00e9e - Gold.fr\",\"isPartOf\":{\"@id\":\"https:\\\/\\\/www.gold.fr\\\/news\\\/#website\"},\"primaryImageOfPage\":{\"@id\":\"https:\\\/\\\/www.gold.fr\\\/news\\\/2012\\\/01\\\/16\\\/or-en-2012-une-derniere-correction-avant-la-flambee\\\/#primaryimage\"},\"image\":{\"@id\":\"https:\\\/\\\/www.gold.fr\\\/news\\\/2012\\\/01\\\/16\\\/or-en-2012-une-derniere-correction-avant-la-flambee\\\/#primaryimage\"},\"thumbnailUrl\":\"https:\\\/\\\/www.gold.fr\\\/news\\\/wp-content\\\/uploads\\\/2012\\\/01\\\/lingot-titr\u00e9-or.jpg\",\"datePublished\":\"2012-01-16T11:00:16+00:00\",\"dateModified\":\"2020-06-25T15:29:02+00:00\",\"author\":{\"@id\":\"https:\\\/\\\/www.gold.fr\\\/news\\\/#\\\/schema\\\/person\\\/070491b4b4fb7671bf59b3be20302ce9\"},\"description\":\"Or en 2012 Une derni\u00e8re correction avant la flamb\u00e9e Le m\u00e9tal jaune est, selon toutes les pr\u00e9visions sur le point de flamber\",\"breadcrumb\":{\"@id\":\"https:\\\/\\\/www.gold.fr\\\/news\\\/2012\\\/01\\\/16\\\/or-en-2012-une-derniere-correction-avant-la-flambee\\\/#breadcrumb\"},\"inLanguage\":\"fr-FR\",\"potentialAction\":[{\"@type\":\"ReadAction\",\"target\":[\"https:\\\/\\\/www.gold.fr\\\/news\\\/2012\\\/01\\\/16\\\/or-en-2012-une-derniere-correction-avant-la-flambee\\\/\"]}]},{\"@type\":\"ImageObject\",\"inLanguage\":\"fr-FR\",\"@id\":\"https:\\\/\\\/www.gold.fr\\\/news\\\/2012\\\/01\\\/16\\\/or-en-2012-une-derniere-correction-avant-la-flambee\\\/#primaryimage\",\"url\":\"https:\\\/\\\/www.gold.fr\\\/news\\\/wp-content\\\/uploads\\\/2012\\\/01\\\/lingot-titr\u00e9-or.jpg\",\"contentUrl\":\"https:\\\/\\\/www.gold.fr\\\/news\\\/wp-content\\\/uploads\\\/2012\\\/01\\\/lingot-titr\u00e9-or.jpg\",\"width\":\"600\",\"height\":\"400\",\"caption\":\"lingot-titr\u00e9-or\"},{\"@type\":\"BreadcrumbList\",\"@id\":\"https:\\\/\\\/www.gold.fr\\\/news\\\/2012\\\/01\\\/16\\\/or-en-2012-une-derniere-correction-avant-la-flambee\\\/#breadcrumb\",\"itemListElement\":[{\"@type\":\"ListItem\",\"position\":1,\"name\":\"Accueil\",\"item\":\"https:\\\/\\\/www.gold.fr\\\/\"},{\"@type\":\"ListItem\",\"position\":2,\"name\":\"Actualit\u00e9s\",\"item\":\"https:\\\/\\\/www.gold.fr\\\/news\\\/\"},{\"@type\":\"ListItem\",\"position\":3,\"name\":\"Or en 2012 \u2013 Une derni\u00e8re correction avant la flamb\u00e9e\"}]},{\"@type\":\"WebSite\",\"@id\":\"https:\\\/\\\/www.gold.fr\\\/news\\\/#website\",\"url\":\"https:\\\/\\\/www.gold.fr\\\/news\\\/\",\"name\":\"Gold.fr\",\"description\":\"Actualit\u00e9s de l&#039;Or et des m\u00e9taux pr\u00e9cieux\",\"potentialAction\":[{\"@type\":\"SearchAction\",\"target\":{\"@type\":\"EntryPoint\",\"urlTemplate\":\"https:\\\/\\\/www.gold.fr\\\/news\\\/?s={search_term_string}\"},\"query-input\":{\"@type\":\"PropertyValueSpecification\",\"valueRequired\":true,\"valueName\":\"search_term_string\"}}],\"inLanguage\":\"fr-FR\"},{\"@type\":\"Person\",\"@id\":\"https:\\\/\\\/www.gold.fr\\\/news\\\/#\\\/schema\\\/person\\\/070491b4b4fb7671bf59b3be20302ce9\",\"name\":\"Comptoir National de l'Or\",\"image\":{\"@type\":\"ImageObject\",\"inLanguage\":\"fr-FR\",\"@id\":\"https:\\\/\\\/secure.gravatar.com\\\/avatar\\\/0a2867fd5abe37bed95d5a65e9d58f01756e11efc68af9888dfc50cfa7f65948?s=96&d=mm&r=gb490554db0a38188709de567aa58480d\",\"url\":\"https:\\\/\\\/secure.gravatar.com\\\/avatar\\\/0a2867fd5abe37bed95d5a65e9d58f01756e11efc68af9888dfc50cfa7f65948?s=96&d=mm&r=g\",\"contentUrl\":\"https:\\\/\\\/secure.gravatar.com\\\/avatar\\\/0a2867fd5abe37bed95d5a65e9d58f01756e11efc68af9888dfc50cfa7f65948?s=96&d=mm&r=g\",\"caption\":\"Comptoir National de l'Or\"},\"description\":\"Notre r\u00e9daction est constitu\u00e9e de membres experts dans les m\u00e9tiers de l'\u00e9conomie et la gestion, des Responsables d'agence Comptoir National de l'Or, des analystes financiers qui publient r\u00e9guli\u00e8rement des \u00e9tudes sur les politiques des banques centrales, le cours de l'or, prix de l'or, cours de l'argent, prix de l'argent, cours du platine, cours du palladium,... la situation en zone euro et l'impact de la strat\u00e9gie mon\u00e9taire de la FED. Notre \u00e9quipe scrute \u00e9galement une information plus g\u00e9n\u00e9raliste \u00e0 la recherche d'actualit\u00e9 \\\"p\u00e9pite\\\" \u00e0 vous partager. Depuis 5 ans, nous avons publi\u00e9 un peu plus de 4000 articles qui s'adressent \u00e0 un public large et vari\u00e9 ayant pour objectif de satisfaire votre curiosit\u00e9 et de partager avec vous une certaine fascination pour le m\u00e9tal jaune, le rachat d'or, et pour ceux qui veulent investir dans l'or, vendre leur or tout simplement en savoir plus... Pour tous vos achat or et argent, n'h\u00e9sitez pas \u00e0 prendre rendez-vous dans l'un de nos nombreux comptoirs.\",\"sameAs\":[\"https:\\\/\\\/www.gold.fr\"]}]}<\/script>\n<!-- \/ Yoast SEO plugin. -->","yoast_head_json":{"title":"Or en 2012 \u2013 Une derni\u00e8re correction avant la flamb\u00e9e - Gold.fr","description":"Or en 2012 Une derni\u00e8re correction avant la flamb\u00e9e Le m\u00e9tal jaune est, selon toutes les pr\u00e9visions sur le point de flamber","robots":{"index":"index","follow":"follow","max-snippet":"max-snippet:-1","max-image-preview":"max-image-preview:large","max-video-preview":"max-video-preview:-1"},"canonical":"https:\/\/www.gold.fr\/news\/2012\/01\/16\/or-en-2012-une-derniere-correction-avant-la-flambee\/","og_locale":"fr_FR","og_type":"article","og_title":"Or en 2012 \u2013 Une derni\u00e8re correction avant la flamb\u00e9e - Gold.fr","og_description":"Or en 2012 Une derni\u00e8re correction avant la flamb\u00e9e Le m\u00e9tal jaune est, selon toutes les pr\u00e9visions sur le point de flamber","og_url":"https:\/\/www.gold.fr\/news\/2012\/01\/16\/or-en-2012-une-derniere-correction-avant-la-flambee\/","og_site_name":"Gold.fr","article_publisher":"https:\/\/www.facebook.com\/Goldfr\/","article_published_time":"2012-01-16T11:00:16+00:00","article_modified_time":"2020-06-25T15:29:02+00:00","og_image":[{"width":600,"height":400,"url":"https:\/\/www.gold.fr\/news\/wp-content\/uploads\/2012\/01\/lingot-titr\u00e9-or.jpg","type":"image\/jpeg"}],"author":"Comptoir National de l'Or","twitter_card":"summary_large_image","twitter_misc":{"\u00c9crit par":"Comptoir National de l'Or","Dur\u00e9e de lecture estim\u00e9e":"1 minute"},"schema":{"@context":"https:\/\/schema.org","@graph":[{"@type":"Article","@id":"https:\/\/www.gold.fr\/news\/2012\/01\/16\/or-en-2012-une-derniere-correction-avant-la-flambee\/#article","isPartOf":{"@id":"https:\/\/www.gold.fr\/news\/2012\/01\/16\/or-en-2012-une-derniere-correction-avant-la-flambee\/"},"author":{"name":"Comptoir National de l'Or","@id":"https:\/\/www.gold.fr\/news\/#\/schema\/person\/070491b4b4fb7671bf59b3be20302ce9"},"headline":"Or en 2012 \u2013 Une derni\u00e8re correction avant la flamb\u00e9e","datePublished":"2012-01-16T11:00:16+00:00","dateModified":"2020-06-25T15:29:02+00:00","mainEntityOfPage":{"@id":"https:\/\/www.gold.fr\/news\/2012\/01\/16\/or-en-2012-une-derniere-correction-avant-la-flambee\/"},"wordCount":231,"image":{"@id":"https:\/\/www.gold.fr\/news\/2012\/01\/16\/or-en-2012-une-derniere-correction-avant-la-flambee\/#primaryimage"},"thumbnailUrl":"https:\/\/www.gold.fr\/news\/wp-content\/uploads\/2012\/01\/lingot-titr\u00e9-or.jpg","keywords":["flamb\u00e9e de l'or","Or","tendance haussi\u00e8re"],"articleSection":["Articles de presse"],"inLanguage":"fr-FR"},{"@type":"WebPage","@id":"https:\/\/www.gold.fr\/news\/2012\/01\/16\/or-en-2012-une-derniere-correction-avant-la-flambee\/","url":"https:\/\/www.gold.fr\/news\/2012\/01\/16\/or-en-2012-une-derniere-correction-avant-la-flambee\/","name":"Or en 2012 \u2013 Une derni\u00e8re correction avant la flamb\u00e9e - Gold.fr","isPartOf":{"@id":"https:\/\/www.gold.fr\/news\/#website"},"primaryImageOfPage":{"@id":"https:\/\/www.gold.fr\/news\/2012\/01\/16\/or-en-2012-une-derniere-correction-avant-la-flambee\/#primaryimage"},"image":{"@id":"https:\/\/www.gold.fr\/news\/2012\/01\/16\/or-en-2012-une-derniere-correction-avant-la-flambee\/#primaryimage"},"thumbnailUrl":"https:\/\/www.gold.fr\/news\/wp-content\/uploads\/2012\/01\/lingot-titr\u00e9-or.jpg","datePublished":"2012-01-16T11:00:16+00:00","dateModified":"2020-06-25T15:29:02+00:00","author":{"@id":"https:\/\/www.gold.fr\/news\/#\/schema\/person\/070491b4b4fb7671bf59b3be20302ce9"},"description":"Or en 2012 Une derni\u00e8re correction avant la flamb\u00e9e Le m\u00e9tal jaune est, selon toutes les pr\u00e9visions sur le point de flamber","breadcrumb":{"@id":"https:\/\/www.gold.fr\/news\/2012\/01\/16\/or-en-2012-une-derniere-correction-avant-la-flambee\/#breadcrumb"},"inLanguage":"fr-FR","potentialAction":[{"@type":"ReadAction","target":["https:\/\/www.gold.fr\/news\/2012\/01\/16\/or-en-2012-une-derniere-correction-avant-la-flambee\/"]}]},{"@type":"ImageObject","inLanguage":"fr-FR","@id":"https:\/\/www.gold.fr\/news\/2012\/01\/16\/or-en-2012-une-derniere-correction-avant-la-flambee\/#primaryimage","url":"https:\/\/www.gold.fr\/news\/wp-content\/uploads\/2012\/01\/lingot-titr\u00e9-or.jpg","contentUrl":"https:\/\/www.gold.fr\/news\/wp-content\/uploads\/2012\/01\/lingot-titr\u00e9-or.jpg","width":"600","height":"400","caption":"lingot-titr\u00e9-or"},{"@type":"BreadcrumbList","@id":"https:\/\/www.gold.fr\/news\/2012\/01\/16\/or-en-2012-une-derniere-correction-avant-la-flambee\/#breadcrumb","itemListElement":[{"@type":"ListItem","position":1,"name":"Accueil","item":"https:\/\/www.gold.fr\/"},{"@type":"ListItem","position":2,"name":"Actualit\u00e9s","item":"https:\/\/www.gold.fr\/news\/"},{"@type":"ListItem","position":3,"name":"Or en 2012 \u2013 Une derni\u00e8re correction avant la flamb\u00e9e"}]},{"@type":"WebSite","@id":"https:\/\/www.gold.fr\/news\/#website","url":"https:\/\/www.gold.fr\/news\/","name":"Gold.fr","description":"Actualit\u00e9s de l&#039;Or et des m\u00e9taux pr\u00e9cieux","potentialAction":[{"@type":"SearchAction","target":{"@type":"EntryPoint","urlTemplate":"https:\/\/www.gold.fr\/news\/?s={search_term_string}"},"query-input":{"@type":"PropertyValueSpecification","valueRequired":true,"valueName":"search_term_string"}}],"inLanguage":"fr-FR"},{"@type":"Person","@id":"https:\/\/www.gold.fr\/news\/#\/schema\/person\/070491b4b4fb7671bf59b3be20302ce9","name":"Comptoir National de l'Or","image":{"@type":"ImageObject","inLanguage":"fr-FR","@id":"https:\/\/secure.gravatar.com\/avatar\/0a2867fd5abe37bed95d5a65e9d58f01756e11efc68af9888dfc50cfa7f65948?s=96&d=mm&r=gb490554db0a38188709de567aa58480d","url":"https:\/\/secure.gravatar.com\/avatar\/0a2867fd5abe37bed95d5a65e9d58f01756e11efc68af9888dfc50cfa7f65948?s=96&d=mm&r=g","contentUrl":"https:\/\/secure.gravatar.com\/avatar\/0a2867fd5abe37bed95d5a65e9d58f01756e11efc68af9888dfc50cfa7f65948?s=96&d=mm&r=g","caption":"Comptoir National de l'Or"},"description":"Notre r\u00e9daction est constitu\u00e9e de membres experts dans les m\u00e9tiers de l'\u00e9conomie et la gestion, des Responsables d'agence Comptoir National de l'Or, des analystes financiers qui publient r\u00e9guli\u00e8rement des \u00e9tudes sur les politiques des banques centrales, le cours de l'or, prix de l'or, cours de l'argent, prix de l'argent, cours du platine, cours du palladium,... la situation en zone euro et l'impact de la strat\u00e9gie mon\u00e9taire de la FED. Notre \u00e9quipe scrute \u00e9galement une information plus g\u00e9n\u00e9raliste \u00e0 la recherche d'actualit\u00e9 \"p\u00e9pite\" \u00e0 vous partager. Depuis 5 ans, nous avons publi\u00e9 un peu plus de 4000 articles qui s'adressent \u00e0 un public large et vari\u00e9 ayant pour objectif de satisfaire votre curiosit\u00e9 et de partager avec vous une certaine fascination pour le m\u00e9tal jaune, le rachat d'or, et pour ceux qui veulent investir dans l'or, vendre leur or tout simplement en savoir plus... Pour tous vos achat or et argent, n'h\u00e9sitez pas \u00e0 prendre rendez-vous dans l'un de nos nombreux comptoirs.","sameAs":["https:\/\/www.gold.fr"]}]}},"authors":[{"term_id":2565,"user_id":18,"is_guest":0,"slug":"julie","display_name":"Comptoir National de l'Or","avatar_url":"https:\/\/secure.gravatar.com\/avatar\/713f289e398d35ead876c4a4cc08607f0d6d266058cfc25683fffb6092d0e572?s=96&d=mm&r=g","0":null,"1":"","2":"","3":"","4":"","5":"","6":"","7":"","8":""}],"_links":{"self":[{"href":"https:\/\/www.gold.fr\/news\/wp-json\/wp\/v2\/posts\/4946","targetHints":{"allow":["GET"]}}],"collection":[{"href":"https:\/\/www.gold.fr\/news\/wp-json\/wp\/v2\/posts"}],"about":[{"href":"https:\/\/www.gold.fr\/news\/wp-json\/wp\/v2\/types\/post"}],"author":[{"embeddable":true,"href":"https:\/\/www.gold.fr\/news\/wp-json\/wp\/v2\/users\/18"}],"replies":[{"embeddable":true,"href":"https:\/\/www.gold.fr\/news\/wp-json\/wp\/v2\/comments?post=4946"}],"version-history":[{"count":0,"href":"https:\/\/www.gold.fr\/news\/wp-json\/wp\/v2\/posts\/4946\/revisions"}],"wp:featuredmedia":[{"embeddable":true,"href":"https:\/\/www.gold.fr\/news\/wp-json\/wp\/v2\/media\/4948"}],"wp:attachment":[{"href":"https:\/\/www.gold.fr\/news\/wp-json\/wp\/v2\/media?parent=4946"}],"wp:term":[{"taxonomy":"category","embeddable":true,"href":"https:\/\/www.gold.fr\/news\/wp-json\/wp\/v2\/categories?post=4946"},{"taxonomy":"post_tag","embeddable":true,"href":"https:\/\/www.gold.fr\/news\/wp-json\/wp\/v2\/tags?post=4946"},{"taxonomy":"author","embeddable":true,"href":"https:\/\/www.gold.fr\/news\/wp-json\/wp\/v2\/ppma_author?post=4946"}],"curies":[{"name":"wp","href":"https:\/\/api.w.org\/{rel}","templated":true}]}}