{"id":49292,"date":"2025-11-03T10:38:21","date_gmt":"2025-11-03T09:38:21","guid":{"rendered":"https:\/\/www.gold.fr\/news\/?p=49292"},"modified":"2025-11-03T10:38:21","modified_gmt":"2025-11-03T09:38:21","slug":"braquage-dune-raffinerie-dor-france-2-fait-le-point","status":"publish","type":"post","link":"https:\/\/www.gold.fr\/news\/2025\/11\/03\/braquage-dune-raffinerie-dor-france-2-fait-le-point\/","title":{"rendered":"Braquage d&rsquo;une raffinerie d&rsquo;or : France 2 fait le point"},"content":{"rendered":"<div class=\"flex max-w-full flex-col flex-grow\">\n<div class=\"min-h-8 text-message flex w-full flex-col items-end gap-2 whitespace-normal break-words text-start [.text-message+&amp;]:mt-5\" dir=\"auto\" data-message-author-role=\"assistant\" data-message-id=\"20d61891-48d8-470b-9ce9-c42a580adf2e\" data-message-model-slug=\"gpt-4o\">\n<div class=\"flex w-full flex-col gap-1 empty:hidden first:pt-[3px]\">\n<div class=\"markdown prose w-full break-words dark:prose-invert dark\">\n<p data-start=\"607\" data-end=\"800\">Vendredi 31 octobre 2025, Le Comptoir National de l\u2019Or a \u00e9t\u00e9 sollicit\u00e9 par le journal t\u00e9l\u00e9vis\u00e9 de France 2 dans un reportage intitul\u00e9 <em data-start=\"315\" data-end=\"368\">\u00ab Braquage \u00e0 Lyon : les raffineries d\u2019or menac\u00e9es \u00bb<\/em>.<\/p>\n<p data-start=\"607\" data-end=\"800\"><br data-start=\"332\" data-end=\"335\" \/>Face \u00e0 la hausse continue du cours de l\u2019or, les cambriolages ciblant ce pr\u00e9cieux m\u00e9tal se multiplient en France. Interrog\u00e9e par les journalistes, la responsable d\u2019une de nos agences parisiennes a rappel\u00e9 que que l\u2019or reste une valeur refuge tr\u00e8s convoit\u00e9e, aussi bien par les particuliers que par les professionnels, et que sa liquidit\u00e9 sur le march\u00e9 renforce sa vuln\u00e9rabilit\u00e9.<\/p>\n<p data-start=\"607\" data-end=\"800\"><br data-start=\"772\" data-end=\"775\" \/>Cette intervention souligne le r\u00f4le d\u2019expert du Comptoir National de l\u2019Or sur le march\u00e9 des m\u00e9taux pr\u00e9cieux et la n\u00e9cessit\u00e9 d\u2019une vigilance accrue dans un contexte de forte valorisation du m\u00e9tal jaune.<\/p>\n<\/div>\n<\/div>\n<\/div>\n<\/div>\n<p><strong>Pour visionner le reportage en replay, <a href=\"https:\/\/www.france.tv\/france-2\/journal-20h00\/7635485-edition-du-vendredi-31-octobre-2025.html\">cliquez ici<\/a> !<\/strong><\/p>\n<a href=\"https:\/\/support.gold.fr\/presse-news\/livreblanc-investir-dans-l-or-gdn2025\" target=\"_blank\" class=\"goldCTA\">\n    <img decoding=\"async\" src=\"https:\/\/www.gold.fr\/news\/wp-content\/uploads\/2024\/09\/Couverture-LB-quel-budget-pour-investir-dans-lor.png\" alt=\"\" \/>    <div class=\"rightPart\">\n        <div class=\"content\">\n            <\/p>\n<h2><strong>Vous souhaitez investir dans l&rsquo;or ?\u00a0<\/strong><\/h2>\n<p>Vous h\u00e9sitez \u00e0 diversifier votre portefeuille ? Pourquoi ne pas investir dans l&rsquo;or ? Notre guide vous permettra d&rsquo;affiner votre r\u00e9flexion gr\u00e2ce \u00e0 des exemples de pi\u00e8ces et lingots d&rsquo;or que vous pourriez acqu\u00e9rir avec votre budget.<\/p>\n<p>        <\/div>\n                <span class=\"button\">Je souhaite investir dans l'or !<\/span>\n            <\/div>\n<\/a>\n<!-- AddThis Advanced Settings generic via filter on the_content --><!-- AddThis Share Buttons generic via filter on the_content -->","protected":false},"excerpt":{"rendered":"<p>Vendredi 31 octobre 2025, Le Comptoir National de l\u2019Or a \u00e9t\u00e9 sollicit\u00e9 par le journal t\u00e9l\u00e9vis\u00e9 de France 2 dans un reportage intitul\u00e9 \u00ab Braquage \u00e0 Lyon : les raffineries d\u2019or menac\u00e9es \u00bb. Face \u00e0 la [&hellip;]<\/p>\n","protected":false},"author":13,"featured_media":49293,"comment_status":"closed","ping_status":"closed","sticky":false,"template":"","format":"standard","meta":{"_mbp_gutenberg_autopost":false,"_pgmb_is_evergreen":false,"_pgmb_ap_template_id":0,"footnotes":""},"categories":[6,2414],"tags":[],"ppma_author":[2563],"class_list":["post-49292","post","type-post","status-publish","format-standard","has-post-thumbnail","hentry","category-articles-de-presse","category-cndo-dans-la-presse"],"yoast_head":"<!-- This site is optimized with the Yoast SEO plugin v27.5 - https:\/\/yoast.com\/product\/yoast-seo-wordpress\/ -->\n<title>Braquage d&#039;une raffinerie d&#039;or : France 2 fait le point - Gold.fr<\/title>\n<meta name=\"description\" content=\"Le Comptoir National de l\u2019Or sur France 2 : hausse du cours, vols d\u2019or en hausse, vigilance et expertise sur le march\u00e9 des m\u00e9taux pr\u00e9cieux.\" \/>\n<meta name=\"robots\" content=\"index, follow, max-snippet:-1, max-image-preview:large, max-video-preview:-1\" \/>\n<link rel=\"canonical\" href=\"https:\/\/www.gold.fr\/news\/2025\/11\/03\/braquage-dune-raffinerie-dor-france-2-fait-le-point\/\" \/>\n<meta property=\"og:locale\" content=\"fr_FR\" \/>\n<meta property=\"og:type\" content=\"article\" \/>\n<meta property=\"og:title\" content=\"Braquage d&#039;une raffinerie d&#039;or : France 2 fait le point - Gold.fr\" \/>\n<meta property=\"og:description\" content=\"Le Comptoir National de l\u2019Or sur France 2 : hausse du cours, vols d\u2019or en hausse, vigilance et expertise sur le march\u00e9 des m\u00e9taux pr\u00e9cieux.\" \/>\n<meta property=\"og:url\" content=\"https:\/\/www.gold.fr\/news\/2025\/11\/03\/braquage-dune-raffinerie-dor-france-2-fait-le-point\/\" \/>\n<meta property=\"og:site_name\" content=\"Gold.fr\" \/>\n<meta property=\"article:publisher\" content=\"https:\/\/www.facebook.com\/Goldfr\/\" \/>\n<meta property=\"article:published_time\" content=\"2025-11-03T09:38:21+00:00\" \/>\n<meta property=\"og:image\" content=\"https:\/\/www.gold.fr\/news\/wp-content\/uploads\/2025\/11\/itw-france-2-31.10.2025.png\" \/>\n\t<meta property=\"og:image:width\" content=\"1892\" \/>\n\t<meta property=\"og:image:height\" content=\"1070\" \/>\n\t<meta property=\"og:image:type\" content=\"image\/png\" \/>\n<meta name=\"author\" content=\"Presse\" \/>\n<meta name=\"twitter:card\" content=\"summary_large_image\" \/>\n<meta name=\"twitter:label1\" content=\"\u00c9crit par\" \/>\n\t<meta name=\"twitter:data1\" content=\"Presse\" \/>\n\t<meta name=\"twitter:label2\" content=\"Dur\u00e9e de lecture estim\u00e9e\" \/>\n\t<meta name=\"twitter:data2\" content=\"2 minutes\" \/>\n<script type=\"application\/ld+json\" class=\"yoast-schema-graph\">{\"@context\":\"https:\\\/\\\/schema.org\",\"@graph\":[{\"@type\":\"Article\",\"@id\":\"https:\\\/\\\/www.gold.fr\\\/news\\\/2025\\\/11\\\/03\\\/braquage-dune-raffinerie-dor-france-2-fait-le-point\\\/#article\",\"isPartOf\":{\"@id\":\"https:\\\/\\\/www.gold.fr\\\/news\\\/2025\\\/11\\\/03\\\/braquage-dune-raffinerie-dor-france-2-fait-le-point\\\/\"},\"author\":{\"name\":\"Presse\",\"@id\":\"https:\\\/\\\/www.gold.fr\\\/news\\\/#\\\/schema\\\/person\\\/3ff0382c40999d45cb6b26eacf558dd0\"},\"headline\":\"Braquage d&rsquo;une raffinerie d&rsquo;or : France 2 fait le point\",\"datePublished\":\"2025-11-03T09:38:21+00:00\",\"mainEntityOfPage\":{\"@id\":\"https:\\\/\\\/www.gold.fr\\\/news\\\/2025\\\/11\\\/03\\\/braquage-dune-raffinerie-dor-france-2-fait-le-point\\\/\"},\"wordCount\":232,\"image\":{\"@id\":\"https:\\\/\\\/www.gold.fr\\\/news\\\/2025\\\/11\\\/03\\\/braquage-dune-raffinerie-dor-france-2-fait-le-point\\\/#primaryimage\"},\"thumbnailUrl\":\"https:\\\/\\\/www.gold.fr\\\/news\\\/wp-content\\\/uploads\\\/2025\\\/11\\\/itw-france-2-31.10.2025.png\",\"articleSection\":[\"Articles de presse\",\"CNDO dans la presse\"],\"inLanguage\":\"fr-FR\"},{\"@type\":\"WebPage\",\"@id\":\"https:\\\/\\\/www.gold.fr\\\/news\\\/2025\\\/11\\\/03\\\/braquage-dune-raffinerie-dor-france-2-fait-le-point\\\/\",\"url\":\"https:\\\/\\\/www.gold.fr\\\/news\\\/2025\\\/11\\\/03\\\/braquage-dune-raffinerie-dor-france-2-fait-le-point\\\/\",\"name\":\"Braquage d'une raffinerie d'or : France 2 fait le point - Gold.fr\",\"isPartOf\":{\"@id\":\"https:\\\/\\\/www.gold.fr\\\/news\\\/#website\"},\"primaryImageOfPage\":{\"@id\":\"https:\\\/\\\/www.gold.fr\\\/news\\\/2025\\\/11\\\/03\\\/braquage-dune-raffinerie-dor-france-2-fait-le-point\\\/#primaryimage\"},\"image\":{\"@id\":\"https:\\\/\\\/www.gold.fr\\\/news\\\/2025\\\/11\\\/03\\\/braquage-dune-raffinerie-dor-france-2-fait-le-point\\\/#primaryimage\"},\"thumbnailUrl\":\"https:\\\/\\\/www.gold.fr\\\/news\\\/wp-content\\\/uploads\\\/2025\\\/11\\\/itw-france-2-31.10.2025.png\",\"datePublished\":\"2025-11-03T09:38:21+00:00\",\"author\":{\"@id\":\"https:\\\/\\\/www.gold.fr\\\/news\\\/#\\\/schema\\\/person\\\/3ff0382c40999d45cb6b26eacf558dd0\"},\"description\":\"Le Comptoir National de l\u2019Or sur France 2 : hausse du cours, vols d\u2019or en hausse, vigilance et expertise sur le march\u00e9 des m\u00e9taux pr\u00e9cieux.\",\"breadcrumb\":{\"@id\":\"https:\\\/\\\/www.gold.fr\\\/news\\\/2025\\\/11\\\/03\\\/braquage-dune-raffinerie-dor-france-2-fait-le-point\\\/#breadcrumb\"},\"inLanguage\":\"fr-FR\",\"potentialAction\":[{\"@type\":\"ReadAction\",\"target\":[\"https:\\\/\\\/www.gold.fr\\\/news\\\/2025\\\/11\\\/03\\\/braquage-dune-raffinerie-dor-france-2-fait-le-point\\\/\"]}]},{\"@type\":\"ImageObject\",\"inLanguage\":\"fr-FR\",\"@id\":\"https:\\\/\\\/www.gold.fr\\\/news\\\/2025\\\/11\\\/03\\\/braquage-dune-raffinerie-dor-france-2-fait-le-point\\\/#primaryimage\",\"url\":\"https:\\\/\\\/www.gold.fr\\\/news\\\/wp-content\\\/uploads\\\/2025\\\/11\\\/itw-france-2-31.10.2025.png\",\"contentUrl\":\"https:\\\/\\\/www.gold.fr\\\/news\\\/wp-content\\\/uploads\\\/2025\\\/11\\\/itw-france-2-31.10.2025.png\",\"width\":1892,\"height\":1070},{\"@type\":\"BreadcrumbList\",\"@id\":\"https:\\\/\\\/www.gold.fr\\\/news\\\/2025\\\/11\\\/03\\\/braquage-dune-raffinerie-dor-france-2-fait-le-point\\\/#breadcrumb\",\"itemListElement\":[{\"@type\":\"ListItem\",\"position\":1,\"name\":\"Accueil\",\"item\":\"https:\\\/\\\/www.gold.fr\\\/\"},{\"@type\":\"ListItem\",\"position\":2,\"name\":\"Actualit\u00e9s\",\"item\":\"https:\\\/\\\/www.gold.fr\\\/news\\\/\"},{\"@type\":\"ListItem\",\"position\":3,\"name\":\"Braquage d&rsquo;une raffinerie d&rsquo;or : France 2 fait le point\"}]},{\"@type\":\"WebSite\",\"@id\":\"https:\\\/\\\/www.gold.fr\\\/news\\\/#website\",\"url\":\"https:\\\/\\\/www.gold.fr\\\/news\\\/\",\"name\":\"Gold.fr\",\"description\":\"Actualit\u00e9s de l&#039;Or et des m\u00e9taux pr\u00e9cieux\",\"potentialAction\":[{\"@type\":\"SearchAction\",\"target\":{\"@type\":\"EntryPoint\",\"urlTemplate\":\"https:\\\/\\\/www.gold.fr\\\/news\\\/?s={search_term_string}\"},\"query-input\":{\"@type\":\"PropertyValueSpecification\",\"valueRequired\":true,\"valueName\":\"search_term_string\"}}],\"inLanguage\":\"fr-FR\"},{\"@type\":\"Person\",\"@id\":\"https:\\\/\\\/www.gold.fr\\\/news\\\/#\\\/schema\\\/person\\\/3ff0382c40999d45cb6b26eacf558dd0\",\"name\":\"Presse\",\"image\":{\"@type\":\"ImageObject\",\"inLanguage\":\"fr-FR\",\"@id\":\"https:\\\/\\\/secure.gravatar.com\\\/avatar\\\/392ef11d08663715e9f94a7c765916e46b5b0ce11b8ce82a6a96a9e60580030b?s=96&d=mm&r=g0d21c659f39d0b3dd3d526db8197c1aa\",\"url\":\"https:\\\/\\\/secure.gravatar.com\\\/avatar\\\/392ef11d08663715e9f94a7c765916e46b5b0ce11b8ce82a6a96a9e60580030b?s=96&d=mm&r=g\",\"contentUrl\":\"https:\\\/\\\/secure.gravatar.com\\\/avatar\\\/392ef11d08663715e9f94a7c765916e46b5b0ce11b8ce82a6a96a9e60580030b?s=96&d=mm&r=g\",\"caption\":\"Presse\"},\"description\":\"Avec plus de\u00a0800 000 clients\u00a0qui nous ont fait confiance depuis notre cr\u00e9ation,\u00a0Le Comptoir National de l'Or\u00a0est devenu un acteur majeur en France de la\u00a0vente et du rachat de m\u00e9taux pr\u00e9cieux\u00a0(Or, Argent, Platine, Palladium). Le Comptoir National de l'Or compte aujourd'hui plus de\u00a0100 Comptoirs d'achat d'Or pr\u00e9sents partout en France.\",\"sameAs\":[\"https:\\\/\\\/www.gold.fr\\\/informations-sur-l-or\\\/\"]}]}<\/script>\n<!-- \/ Yoast SEO plugin. -->","yoast_head_json":{"title":"Braquage d'une raffinerie d'or : France 2 fait le point - Gold.fr","description":"Le Comptoir National de l\u2019Or sur France 2 : hausse du cours, vols d\u2019or en hausse, vigilance et expertise sur le march\u00e9 des m\u00e9taux pr\u00e9cieux.","robots":{"index":"index","follow":"follow","max-snippet":"max-snippet:-1","max-image-preview":"max-image-preview:large","max-video-preview":"max-video-preview:-1"},"canonical":"https:\/\/www.gold.fr\/news\/2025\/11\/03\/braquage-dune-raffinerie-dor-france-2-fait-le-point\/","og_locale":"fr_FR","og_type":"article","og_title":"Braquage d'une raffinerie d'or : France 2 fait le point - Gold.fr","og_description":"Le Comptoir National de l\u2019Or sur France 2 : hausse du cours, vols d\u2019or en hausse, vigilance et expertise sur le march\u00e9 des m\u00e9taux pr\u00e9cieux.","og_url":"https:\/\/www.gold.fr\/news\/2025\/11\/03\/braquage-dune-raffinerie-dor-france-2-fait-le-point\/","og_site_name":"Gold.fr","article_publisher":"https:\/\/www.facebook.com\/Goldfr\/","article_published_time":"2025-11-03T09:38:21+00:00","og_image":[{"width":1892,"height":1070,"url":"https:\/\/www.gold.fr\/news\/wp-content\/uploads\/2025\/11\/itw-france-2-31.10.2025.png","type":"image\/png"}],"author":"Presse","twitter_card":"summary_large_image","twitter_misc":{"\u00c9crit par":"Presse","Dur\u00e9e de lecture estim\u00e9e":"2 minutes"},"schema":{"@context":"https:\/\/schema.org","@graph":[{"@type":"Article","@id":"https:\/\/www.gold.fr\/news\/2025\/11\/03\/braquage-dune-raffinerie-dor-france-2-fait-le-point\/#article","isPartOf":{"@id":"https:\/\/www.gold.fr\/news\/2025\/11\/03\/braquage-dune-raffinerie-dor-france-2-fait-le-point\/"},"author":{"name":"Presse","@id":"https:\/\/www.gold.fr\/news\/#\/schema\/person\/3ff0382c40999d45cb6b26eacf558dd0"},"headline":"Braquage d&rsquo;une raffinerie d&rsquo;or : France 2 fait le point","datePublished":"2025-11-03T09:38:21+00:00","mainEntityOfPage":{"@id":"https:\/\/www.gold.fr\/news\/2025\/11\/03\/braquage-dune-raffinerie-dor-france-2-fait-le-point\/"},"wordCount":232,"image":{"@id":"https:\/\/www.gold.fr\/news\/2025\/11\/03\/braquage-dune-raffinerie-dor-france-2-fait-le-point\/#primaryimage"},"thumbnailUrl":"https:\/\/www.gold.fr\/news\/wp-content\/uploads\/2025\/11\/itw-france-2-31.10.2025.png","articleSection":["Articles de presse","CNDO dans la presse"],"inLanguage":"fr-FR"},{"@type":"WebPage","@id":"https:\/\/www.gold.fr\/news\/2025\/11\/03\/braquage-dune-raffinerie-dor-france-2-fait-le-point\/","url":"https:\/\/www.gold.fr\/news\/2025\/11\/03\/braquage-dune-raffinerie-dor-france-2-fait-le-point\/","name":"Braquage d'une raffinerie d'or : France 2 fait le point - Gold.fr","isPartOf":{"@id":"https:\/\/www.gold.fr\/news\/#website"},"primaryImageOfPage":{"@id":"https:\/\/www.gold.fr\/news\/2025\/11\/03\/braquage-dune-raffinerie-dor-france-2-fait-le-point\/#primaryimage"},"image":{"@id":"https:\/\/www.gold.fr\/news\/2025\/11\/03\/braquage-dune-raffinerie-dor-france-2-fait-le-point\/#primaryimage"},"thumbnailUrl":"https:\/\/www.gold.fr\/news\/wp-content\/uploads\/2025\/11\/itw-france-2-31.10.2025.png","datePublished":"2025-11-03T09:38:21+00:00","author":{"@id":"https:\/\/www.gold.fr\/news\/#\/schema\/person\/3ff0382c40999d45cb6b26eacf558dd0"},"description":"Le Comptoir National de l\u2019Or sur France 2 : hausse du cours, vols d\u2019or en hausse, vigilance et expertise sur le march\u00e9 des m\u00e9taux pr\u00e9cieux.","breadcrumb":{"@id":"https:\/\/www.gold.fr\/news\/2025\/11\/03\/braquage-dune-raffinerie-dor-france-2-fait-le-point\/#breadcrumb"},"inLanguage":"fr-FR","potentialAction":[{"@type":"ReadAction","target":["https:\/\/www.gold.fr\/news\/2025\/11\/03\/braquage-dune-raffinerie-dor-france-2-fait-le-point\/"]}]},{"@type":"ImageObject","inLanguage":"fr-FR","@id":"https:\/\/www.gold.fr\/news\/2025\/11\/03\/braquage-dune-raffinerie-dor-france-2-fait-le-point\/#primaryimage","url":"https:\/\/www.gold.fr\/news\/wp-content\/uploads\/2025\/11\/itw-france-2-31.10.2025.png","contentUrl":"https:\/\/www.gold.fr\/news\/wp-content\/uploads\/2025\/11\/itw-france-2-31.10.2025.png","width":1892,"height":1070},{"@type":"BreadcrumbList","@id":"https:\/\/www.gold.fr\/news\/2025\/11\/03\/braquage-dune-raffinerie-dor-france-2-fait-le-point\/#breadcrumb","itemListElement":[{"@type":"ListItem","position":1,"name":"Accueil","item":"https:\/\/www.gold.fr\/"},{"@type":"ListItem","position":2,"name":"Actualit\u00e9s","item":"https:\/\/www.gold.fr\/news\/"},{"@type":"ListItem","position":3,"name":"Braquage d&rsquo;une raffinerie d&rsquo;or : France 2 fait le point"}]},{"@type":"WebSite","@id":"https:\/\/www.gold.fr\/news\/#website","url":"https:\/\/www.gold.fr\/news\/","name":"Gold.fr","description":"Actualit\u00e9s de l&#039;Or et des m\u00e9taux pr\u00e9cieux","potentialAction":[{"@type":"SearchAction","target":{"@type":"EntryPoint","urlTemplate":"https:\/\/www.gold.fr\/news\/?s={search_term_string}"},"query-input":{"@type":"PropertyValueSpecification","valueRequired":true,"valueName":"search_term_string"}}],"inLanguage":"fr-FR"},{"@type":"Person","@id":"https:\/\/www.gold.fr\/news\/#\/schema\/person\/3ff0382c40999d45cb6b26eacf558dd0","name":"Presse","image":{"@type":"ImageObject","inLanguage":"fr-FR","@id":"https:\/\/secure.gravatar.com\/avatar\/392ef11d08663715e9f94a7c765916e46b5b0ce11b8ce82a6a96a9e60580030b?s=96&d=mm&r=g0d21c659f39d0b3dd3d526db8197c1aa","url":"https:\/\/secure.gravatar.com\/avatar\/392ef11d08663715e9f94a7c765916e46b5b0ce11b8ce82a6a96a9e60580030b?s=96&d=mm&r=g","contentUrl":"https:\/\/secure.gravatar.com\/avatar\/392ef11d08663715e9f94a7c765916e46b5b0ce11b8ce82a6a96a9e60580030b?s=96&d=mm&r=g","caption":"Presse"},"description":"Avec plus de\u00a0800 000 clients\u00a0qui nous ont fait confiance depuis notre cr\u00e9ation,\u00a0Le Comptoir National de l'Or\u00a0est devenu un acteur majeur en France de la\u00a0vente et du rachat de m\u00e9taux pr\u00e9cieux\u00a0(Or, Argent, Platine, Palladium). Le Comptoir National de l'Or compte aujourd'hui plus de\u00a0100 Comptoirs d'achat d'Or pr\u00e9sents partout en France.","sameAs":["https:\/\/www.gold.fr\/informations-sur-l-or\/"]}]}},"authors":[{"term_id":2563,"user_id":13,"is_guest":0,"slug":"on-parle-du-comptoir-national-de-lor-dans-la-press","display_name":"Presse","avatar_url":"https:\/\/secure.gravatar.com\/avatar\/392ef11d08663715e9f94a7c765916e46b5b0ce11b8ce82a6a96a9e60580030b?s=96&d=mm&r=g","0":null,"1":"","2":"","3":"","4":"","5":"","6":"","7":"","8":""}],"_links":{"self":[{"href":"https:\/\/www.gold.fr\/news\/wp-json\/wp\/v2\/posts\/49292","targetHints":{"allow":["GET"]}}],"collection":[{"href":"https:\/\/www.gold.fr\/news\/wp-json\/wp\/v2\/posts"}],"about":[{"href":"https:\/\/www.gold.fr\/news\/wp-json\/wp\/v2\/types\/post"}],"author":[{"embeddable":true,"href":"https:\/\/www.gold.fr\/news\/wp-json\/wp\/v2\/users\/13"}],"replies":[{"embeddable":true,"href":"https:\/\/www.gold.fr\/news\/wp-json\/wp\/v2\/comments?post=49292"}],"version-history":[{"count":2,"href":"https:\/\/www.gold.fr\/news\/wp-json\/wp\/v2\/posts\/49292\/revisions"}],"predecessor-version":[{"id":49295,"href":"https:\/\/www.gold.fr\/news\/wp-json\/wp\/v2\/posts\/49292\/revisions\/49295"}],"wp:featuredmedia":[{"embeddable":true,"href":"https:\/\/www.gold.fr\/news\/wp-json\/wp\/v2\/media\/49293"}],"wp:attachment":[{"href":"https:\/\/www.gold.fr\/news\/wp-json\/wp\/v2\/media?parent=49292"}],"wp:term":[{"taxonomy":"category","embeddable":true,"href":"https:\/\/www.gold.fr\/news\/wp-json\/wp\/v2\/categories?post=49292"},{"taxonomy":"post_tag","embeddable":true,"href":"https:\/\/www.gold.fr\/news\/wp-json\/wp\/v2\/tags?post=49292"},{"taxonomy":"author","embeddable":true,"href":"https:\/\/www.gold.fr\/news\/wp-json\/wp\/v2\/ppma_author?post=49292"}],"curies":[{"name":"wp","href":"https:\/\/api.w.org\/{rel}","templated":true}]}}