{"id":49274,"date":"2025-10-24T23:23:26","date_gmt":"2025-10-24T21:23:26","guid":{"rendered":"https:\/\/www.gold.fr\/news\/?p=49274"},"modified":"2025-11-12T10:32:25","modified_gmt":"2025-11-12T09:32:25","slug":"pourquoi-de-plus-en-plus-de-retraites-vendent-leur-or-et-ce-que-ca-signifie-pour-vous","status":"publish","type":"post","link":"https:\/\/www.gold.fr\/news\/2025\/10\/24\/pourquoi-de-plus-en-plus-de-retraites-vendent-leur-or-et-ce-que-ca-signifie-pour-vous\/","title":{"rendered":"Pourquoi de plus en plus de retrait\u00e9s vendent leur or (et ce que \u00e7a signifie pour vous)"},"content":{"rendered":"<p data-start=\"228\" data-end=\"540\">Les Fran\u00e7ais n\u2019ont jamais d\u00e9tenu autant d\u2019or\u2026 mais depuis quelques mois, un ph\u00e9nom\u00e8ne surprend les experts : de plus en plus de retrait\u00e9s d\u00e9cident de vendre leurs lingots, leurs pi\u00e8ces et leurs bijoux anciens. Faut-il y voir un simple besoin de liquidit\u00e9s ou un signe avant-coureur d\u2019un changement plus profond ?<\/p>\n<h2 data-start=\"542\" data-end=\"576\">L\u2019or, un tr\u00e9sor longtemps gard\u00e9<\/h2>\n<p data-start=\"578\" data-end=\"855\">Pour beaucoup de seniors, l\u2019or n\u2019est pas qu\u2019un investissement : c\u2019est une r\u00e9serve de valeur transmise de g\u00e9n\u00e9ration en g\u00e9n\u00e9ration, souvent h\u00e9rit\u00e9e ou acquise dans les ann\u00e9es 80-90. Longtemps conserv\u00e9 \u00ab au cas o\u00f9 \u00bb, cet or dormait paisiblement dans des coffres ou des tiroirs.<\/p>\n<p data-start=\"857\" data-end=\"1110\">Mais depuis la hausse continue du cours \u2014 flirtant r\u00e9guli\u00e8rement avec des niveaux records \u2014, la tentation de vendre devient plus forte. \u00c0 plus de <strong data-start=\"1003\" data-end=\"1021\">70 \u20ac le gramme<\/strong> pour le 24 carats, certains y voient l\u2019occasion de concr\u00e9tiser une plus-value bienvenue.<\/p>\n<h2 data-start=\"1112\" data-end=\"1154\">Entre inflation et besoin de liquidit\u00e9s<\/h2>\n<p data-start=\"1156\" data-end=\"1492\">L\u2019inflation persistante, la fiscalit\u00e9 croissante et la baisse du pouvoir d\u2019achat des pensions poussent de nombreux retrait\u00e9s \u00e0 <strong data-start=\"1283\" data-end=\"1304\">mon\u00e9tiser leur or<\/strong> pour soutenir leur quotidien. D\u2019autres profitent simplement d\u2019un cours favorable pour <strong data-start=\"1391\" data-end=\"1423\">r\u00e9\u00e9quilibrer leur patrimoine<\/strong> ou aider leurs enfants et petits-enfants \u00e0 financer leurs projets.<\/p>\n<p data-start=\"1494\" data-end=\"1683\">Les professionnels de l\u2019achat d\u2019or constatent d\u2019ailleurs une hausse marqu\u00e9e des transactions depuis le d\u00e9but de l\u2019ann\u00e9e, notamment dans les grandes villes comme Lyon, Bordeaux ou Marseille.<\/p>\n<h2 data-start=\"1685\" data-end=\"1731\">Ce que cela signifie pour les investisseurs<\/h2>\n<p data-start=\"1733\" data-end=\"2033\">Lorsque les particuliers vendent massivement, cela peut indiquer <strong data-start=\"1798\" data-end=\"1838\">une perte de confiance \u00e0 court terme<\/strong> dans la capacit\u00e9 de l\u2019or \u00e0 encore grimper. Pourtant, \u00e0 moyen et long terme, le m\u00e9tal jaune conserve son r\u00f4le de <strong data-start=\"1951\" data-end=\"1983\">valeur refuge incontournable<\/strong>, surtout dans un contexte \u00e9conomique incertain.<\/p>\n<p data-start=\"2035\" data-end=\"2189\">Autrement dit : si certains vendent pour respirer financi\u00e8rement, d\u2019autres \u2014 souvent plus jeunes \u2014 profitent de ces ventes pour <strong data-start=\"2163\" data-end=\"2186\">racheter \u00e0 bon prix<\/strong>.<\/p>\n<h2 data-start=\"2191\" data-end=\"2230\">Faut-il vendre ou conserver son or ?<\/h2>\n<p data-start=\"2232\" data-end=\"2546\">Tout d\u00e9pend de votre situation. Si vous avez achet\u00e9 il y a longtemps, la valorisation actuelle offre une opportunit\u00e9 r\u00e9elle de d\u00e9gager un gain. En revanche, pour ceux qui cherchent \u00e0 <strong data-start=\"2415\" data-end=\"2440\">prot\u00e9ger leur \u00e9pargne<\/strong> face aux crises ou \u00e0 l\u2019\u00e9rosion mon\u00e9taire, <strong data-start=\"2483\" data-end=\"2543\">garder son or reste une strat\u00e9gie prudente et pertinente<\/strong>.<\/p>\n<blockquote data-start=\"2548\" data-end=\"2656\">\n<p data-start=\"2550\" data-end=\"2656\"><strong>L\u2019or change de mains, mais pas de r\u00f4le : il reste le bouclier pr\u00e9f\u00e9r\u00e9 des \u00e9pargnants face \u00e0 l\u2019incertitude.<\/strong><\/p>\n<\/blockquote>\n<p data-start=\"2663\" data-end=\"2802\">Pour suivre le cours de l\u2019or et conna\u00eetre le meilleur moment pour vendre ou acheter, rendez-vous sur <a class=\"decorated-link cursor-pointer\" target=\"_new\" rel=\"noopener\" data-start=\"2767\" data-end=\"2801\">www.gold.fr<\/a>.<\/p>\n<p>&nbsp;<\/p>\n<p>&nbsp;<\/p>\n<a href=\"https:\/\/support.gold.fr\/fr\/livreblanc-investir-dans-l-or-gdn2024-sj\" target=\"_blank\" class=\"goldCTA\">\n    <img decoding=\"async\" src=\"https:\/\/www.gold.fr\/news\/wp-content\/uploads\/2024\/09\/Couverture-LB-quel-budget-pour-investir-dans-lor.png\" alt=\"\" \/>    <div class=\"rightPart\">\n        <div class=\"content\">\n            <\/p>\n<h2><strong>Vous souhaitez investir dans l&rsquo;or ?\u00a0<\/strong><\/h2>\n<p>Vous h\u00e9sitez \u00e0 diversifier votre portefeuille ? Pourquoi ne pas investir dans l&rsquo;or ? Notre guide vous permettra d&rsquo;affiner votre r\u00e9flexion gr\u00e2ce \u00e0 des exemples de pi\u00e8ces et lingots d&rsquo;or que vous pourriez acqu\u00e9rir avec votre budget.<\/p>\n<p>        <\/div>\n                <span class=\"button\">Je souhaite investir dans l'or !<\/span>\n            <\/div>\n<\/a>\n<!-- AddThis Advanced Settings generic via filter on the_content --><!-- AddThis Share Buttons generic via filter on the_content -->","protected":false},"excerpt":{"rendered":"<p>Les Fran\u00e7ais n\u2019ont jamais d\u00e9tenu autant d\u2019or\u2026 mais depuis quelques mois, un ph\u00e9nom\u00e8ne surprend les experts : de plus en plus de retrait\u00e9s d\u00e9cident de vendre leurs lingots, leurs pi\u00e8ces et leurs bijoux anciens. Faut-il y [&hellip;]<\/p>\n","protected":false},"author":18,"featured_media":48020,"comment_status":"closed","ping_status":"closed","sticky":false,"template":"","format":"standard","meta":{"_mbp_gutenberg_autopost":false,"_pgmb_is_evergreen":false,"_pgmb_ap_template_id":0,"footnotes":""},"categories":[2558,1],"tags":[],"ppma_author":[2565],"class_list":["post-49274","post","type-post","status-publish","format-standard","has-post-thumbnail","hentry","category-news","category-non-classe"],"yoast_head":"<!-- This site is optimized with the Yoast SEO plugin v27.5 - https:\/\/yoast.com\/product\/yoast-seo-wordpress\/ -->\n<title>Pourquoi de plus en plus de retrait\u00e9s vendent leur or (et ce que \u00e7a signifie pour vous) - Gold.fr<\/title>\n<meta name=\"robots\" content=\"index, follow, max-snippet:-1, max-image-preview:large, max-video-preview:-1\" \/>\n<link rel=\"canonical\" href=\"https:\/\/www.gold.fr\/news\/2025\/10\/24\/pourquoi-de-plus-en-plus-de-retraites-vendent-leur-or-et-ce-que-ca-signifie-pour-vous\/\" \/>\n<meta property=\"og:locale\" content=\"fr_FR\" \/>\n<meta property=\"og:type\" content=\"article\" \/>\n<meta property=\"og:title\" content=\"Pourquoi de plus en plus de retrait\u00e9s vendent leur or (et ce que \u00e7a signifie pour vous) - Gold.fr\" \/>\n<meta property=\"og:description\" content=\"Les Fran\u00e7ais n\u2019ont jamais d\u00e9tenu autant d\u2019or\u2026 mais depuis quelques mois, un ph\u00e9nom\u00e8ne surprend les experts : de plus en plus de retrait\u00e9s d\u00e9cident de vendre leurs lingots, leurs pi\u00e8ces et leurs bijoux anciens. Faut-il y [&hellip;]\" \/>\n<meta property=\"og:url\" content=\"https:\/\/www.gold.fr\/news\/2025\/10\/24\/pourquoi-de-plus-en-plus-de-retraites-vendent-leur-or-et-ce-que-ca-signifie-pour-vous\/\" \/>\n<meta property=\"og:site_name\" content=\"Gold.fr\" \/>\n<meta property=\"article:publisher\" content=\"https:\/\/www.facebook.com\/Goldfr\/\" \/>\n<meta property=\"article:published_time\" content=\"2025-10-24T21:23:26+00:00\" \/>\n<meta property=\"article:modified_time\" content=\"2025-11-12T09:32:25+00:00\" \/>\n<meta property=\"og:image\" content=\"https:\/\/www.gold.fr\/news\/wp-content\/uploads\/2025\/04\/ChatGPT-Image-17-avr.-2025-22_07_09-1024x683.png\" \/>\n\t<meta property=\"og:image:width\" content=\"1024\" \/>\n\t<meta property=\"og:image:height\" content=\"683\" \/>\n\t<meta property=\"og:image:type\" content=\"image\/png\" \/>\n<meta name=\"author\" content=\"Comptoir National de l&#039;Or\" \/>\n<meta name=\"twitter:card\" content=\"summary_large_image\" \/>\n<meta name=\"twitter:label1\" content=\"\u00c9crit par\" \/>\n\t<meta name=\"twitter:data1\" content=\"Comptoir National de l&#039;Or\" \/>\n\t<meta name=\"twitter:label2\" content=\"Dur\u00e9e de lecture estim\u00e9e\" \/>\n\t<meta name=\"twitter:data2\" content=\"3 minutes\" \/>\n<script type=\"application\/ld+json\" class=\"yoast-schema-graph\">{\"@context\":\"https:\\\/\\\/schema.org\",\"@graph\":[{\"@type\":\"Article\",\"@id\":\"https:\\\/\\\/www.gold.fr\\\/news\\\/2025\\\/10\\\/24\\\/pourquoi-de-plus-en-plus-de-retraites-vendent-leur-or-et-ce-que-ca-signifie-pour-vous\\\/#article\",\"isPartOf\":{\"@id\":\"https:\\\/\\\/www.gold.fr\\\/news\\\/2025\\\/10\\\/24\\\/pourquoi-de-plus-en-plus-de-retraites-vendent-leur-or-et-ce-que-ca-signifie-pour-vous\\\/\"},\"author\":{\"name\":\"Comptoir National de l'Or\",\"@id\":\"https:\\\/\\\/www.gold.fr\\\/news\\\/#\\\/schema\\\/person\\\/070491b4b4fb7671bf59b3be20302ce9\"},\"headline\":\"Pourquoi de plus en plus de retrait\u00e9s vendent leur or (et ce que \u00e7a signifie pour vous)\",\"datePublished\":\"2025-10-24T21:23:26+00:00\",\"dateModified\":\"2025-11-12T09:32:25+00:00\",\"mainEntityOfPage\":{\"@id\":\"https:\\\/\\\/www.gold.fr\\\/news\\\/2025\\\/10\\\/24\\\/pourquoi-de-plus-en-plus-de-retraites-vendent-leur-or-et-ce-que-ca-signifie-pour-vous\\\/\"},\"wordCount\":527,\"image\":{\"@id\":\"https:\\\/\\\/www.gold.fr\\\/news\\\/2025\\\/10\\\/24\\\/pourquoi-de-plus-en-plus-de-retraites-vendent-leur-or-et-ce-que-ca-signifie-pour-vous\\\/#primaryimage\"},\"thumbnailUrl\":\"https:\\\/\\\/www.gold.fr\\\/news\\\/wp-content\\\/uploads\\\/2025\\\/04\\\/ChatGPT-Image-17-avr.-2025-22_07_09.png\",\"articleSection\":[\"News\"],\"inLanguage\":\"fr-FR\"},{\"@type\":\"WebPage\",\"@id\":\"https:\\\/\\\/www.gold.fr\\\/news\\\/2025\\\/10\\\/24\\\/pourquoi-de-plus-en-plus-de-retraites-vendent-leur-or-et-ce-que-ca-signifie-pour-vous\\\/\",\"url\":\"https:\\\/\\\/www.gold.fr\\\/news\\\/2025\\\/10\\\/24\\\/pourquoi-de-plus-en-plus-de-retraites-vendent-leur-or-et-ce-que-ca-signifie-pour-vous\\\/\",\"name\":\"Pourquoi de plus en plus de retrait\u00e9s vendent leur or (et ce que \u00e7a signifie pour vous) - Gold.fr\",\"isPartOf\":{\"@id\":\"https:\\\/\\\/www.gold.fr\\\/news\\\/#website\"},\"primaryImageOfPage\":{\"@id\":\"https:\\\/\\\/www.gold.fr\\\/news\\\/2025\\\/10\\\/24\\\/pourquoi-de-plus-en-plus-de-retraites-vendent-leur-or-et-ce-que-ca-signifie-pour-vous\\\/#primaryimage\"},\"image\":{\"@id\":\"https:\\\/\\\/www.gold.fr\\\/news\\\/2025\\\/10\\\/24\\\/pourquoi-de-plus-en-plus-de-retraites-vendent-leur-or-et-ce-que-ca-signifie-pour-vous\\\/#primaryimage\"},\"thumbnailUrl\":\"https:\\\/\\\/www.gold.fr\\\/news\\\/wp-content\\\/uploads\\\/2025\\\/04\\\/ChatGPT-Image-17-avr.-2025-22_07_09.png\",\"datePublished\":\"2025-10-24T21:23:26+00:00\",\"dateModified\":\"2025-11-12T09:32:25+00:00\",\"author\":{\"@id\":\"https:\\\/\\\/www.gold.fr\\\/news\\\/#\\\/schema\\\/person\\\/070491b4b4fb7671bf59b3be20302ce9\"},\"breadcrumb\":{\"@id\":\"https:\\\/\\\/www.gold.fr\\\/news\\\/2025\\\/10\\\/24\\\/pourquoi-de-plus-en-plus-de-retraites-vendent-leur-or-et-ce-que-ca-signifie-pour-vous\\\/#breadcrumb\"},\"inLanguage\":\"fr-FR\",\"potentialAction\":[{\"@type\":\"ReadAction\",\"target\":[\"https:\\\/\\\/www.gold.fr\\\/news\\\/2025\\\/10\\\/24\\\/pourquoi-de-plus-en-plus-de-retraites-vendent-leur-or-et-ce-que-ca-signifie-pour-vous\\\/\"]}]},{\"@type\":\"ImageObject\",\"inLanguage\":\"fr-FR\",\"@id\":\"https:\\\/\\\/www.gold.fr\\\/news\\\/2025\\\/10\\\/24\\\/pourquoi-de-plus-en-plus-de-retraites-vendent-leur-or-et-ce-que-ca-signifie-pour-vous\\\/#primaryimage\",\"url\":\"https:\\\/\\\/www.gold.fr\\\/news\\\/wp-content\\\/uploads\\\/2025\\\/04\\\/ChatGPT-Image-17-avr.-2025-22_07_09.png\",\"contentUrl\":\"https:\\\/\\\/www.gold.fr\\\/news\\\/wp-content\\\/uploads\\\/2025\\\/04\\\/ChatGPT-Image-17-avr.-2025-22_07_09.png\",\"width\":1536,\"height\":1024,\"caption\":\"une pluie d'or\"},{\"@type\":\"BreadcrumbList\",\"@id\":\"https:\\\/\\\/www.gold.fr\\\/news\\\/2025\\\/10\\\/24\\\/pourquoi-de-plus-en-plus-de-retraites-vendent-leur-or-et-ce-que-ca-signifie-pour-vous\\\/#breadcrumb\",\"itemListElement\":[{\"@type\":\"ListItem\",\"position\":1,\"name\":\"Accueil\",\"item\":\"https:\\\/\\\/www.gold.fr\\\/\"},{\"@type\":\"ListItem\",\"position\":2,\"name\":\"Actualit\u00e9s\",\"item\":\"https:\\\/\\\/www.gold.fr\\\/news\\\/\"},{\"@type\":\"ListItem\",\"position\":3,\"name\":\"Pourquoi de plus en plus de retrait\u00e9s vendent leur or (et ce que \u00e7a signifie pour vous)\"}]},{\"@type\":\"WebSite\",\"@id\":\"https:\\\/\\\/www.gold.fr\\\/news\\\/#website\",\"url\":\"https:\\\/\\\/www.gold.fr\\\/news\\\/\",\"name\":\"Gold.fr\",\"description\":\"Actualit\u00e9s de l&#039;Or et des m\u00e9taux pr\u00e9cieux\",\"potentialAction\":[{\"@type\":\"SearchAction\",\"target\":{\"@type\":\"EntryPoint\",\"urlTemplate\":\"https:\\\/\\\/www.gold.fr\\\/news\\\/?s={search_term_string}\"},\"query-input\":{\"@type\":\"PropertyValueSpecification\",\"valueRequired\":true,\"valueName\":\"search_term_string\"}}],\"inLanguage\":\"fr-FR\"},{\"@type\":\"Person\",\"@id\":\"https:\\\/\\\/www.gold.fr\\\/news\\\/#\\\/schema\\\/person\\\/070491b4b4fb7671bf59b3be20302ce9\",\"name\":\"Comptoir National de l'Or\",\"image\":{\"@type\":\"ImageObject\",\"inLanguage\":\"fr-FR\",\"@id\":\"https:\\\/\\\/secure.gravatar.com\\\/avatar\\\/0a2867fd5abe37bed95d5a65e9d58f01756e11efc68af9888dfc50cfa7f65948?s=96&d=mm&r=gb490554db0a38188709de567aa58480d\",\"url\":\"https:\\\/\\\/secure.gravatar.com\\\/avatar\\\/0a2867fd5abe37bed95d5a65e9d58f01756e11efc68af9888dfc50cfa7f65948?s=96&d=mm&r=g\",\"contentUrl\":\"https:\\\/\\\/secure.gravatar.com\\\/avatar\\\/0a2867fd5abe37bed95d5a65e9d58f01756e11efc68af9888dfc50cfa7f65948?s=96&d=mm&r=g\",\"caption\":\"Comptoir National de l'Or\"},\"description\":\"Notre r\u00e9daction est constitu\u00e9e de membres experts dans les m\u00e9tiers de l'\u00e9conomie et la gestion, des Responsables d'agence Comptoir National de l'Or, des analystes financiers qui publient r\u00e9guli\u00e8rement des \u00e9tudes sur les politiques des banques centrales, le cours de l'or, prix de l'or, cours de l'argent, prix de l'argent, cours du platine, cours du palladium,... la situation en zone euro et l'impact de la strat\u00e9gie mon\u00e9taire de la FED. Notre \u00e9quipe scrute \u00e9galement une information plus g\u00e9n\u00e9raliste \u00e0 la recherche d'actualit\u00e9 \\\"p\u00e9pite\\\" \u00e0 vous partager. Depuis 5 ans, nous avons publi\u00e9 un peu plus de 4000 articles qui s'adressent \u00e0 un public large et vari\u00e9 ayant pour objectif de satisfaire votre curiosit\u00e9 et de partager avec vous une certaine fascination pour le m\u00e9tal jaune, le rachat d'or, et pour ceux qui veulent investir dans l'or, vendre leur or tout simplement en savoir plus... Pour tous vos achat or et argent, n'h\u00e9sitez pas \u00e0 prendre rendez-vous dans l'un de nos nombreux comptoirs.\",\"sameAs\":[\"https:\\\/\\\/www.gold.fr\"]}]}<\/script>\n<!-- \/ Yoast SEO plugin. -->","yoast_head_json":{"title":"Pourquoi de plus en plus de retrait\u00e9s vendent leur or (et ce que \u00e7a signifie pour vous) - Gold.fr","robots":{"index":"index","follow":"follow","max-snippet":"max-snippet:-1","max-image-preview":"max-image-preview:large","max-video-preview":"max-video-preview:-1"},"canonical":"https:\/\/www.gold.fr\/news\/2025\/10\/24\/pourquoi-de-plus-en-plus-de-retraites-vendent-leur-or-et-ce-que-ca-signifie-pour-vous\/","og_locale":"fr_FR","og_type":"article","og_title":"Pourquoi de plus en plus de retrait\u00e9s vendent leur or (et ce que \u00e7a signifie pour vous) - Gold.fr","og_description":"Les Fran\u00e7ais n\u2019ont jamais d\u00e9tenu autant d\u2019or\u2026 mais depuis quelques mois, un ph\u00e9nom\u00e8ne surprend les experts : de plus en plus de retrait\u00e9s d\u00e9cident de vendre leurs lingots, leurs pi\u00e8ces et leurs bijoux anciens. Faut-il y [&hellip;]","og_url":"https:\/\/www.gold.fr\/news\/2025\/10\/24\/pourquoi-de-plus-en-plus-de-retraites-vendent-leur-or-et-ce-que-ca-signifie-pour-vous\/","og_site_name":"Gold.fr","article_publisher":"https:\/\/www.facebook.com\/Goldfr\/","article_published_time":"2025-10-24T21:23:26+00:00","article_modified_time":"2025-11-12T09:32:25+00:00","og_image":[{"width":1024,"height":683,"url":"https:\/\/www.gold.fr\/news\/wp-content\/uploads\/2025\/04\/ChatGPT-Image-17-avr.-2025-22_07_09-1024x683.png","type":"image\/png"}],"author":"Comptoir National de l'Or","twitter_card":"summary_large_image","twitter_misc":{"\u00c9crit par":"Comptoir National de l'Or","Dur\u00e9e de lecture estim\u00e9e":"3 minutes"},"schema":{"@context":"https:\/\/schema.org","@graph":[{"@type":"Article","@id":"https:\/\/www.gold.fr\/news\/2025\/10\/24\/pourquoi-de-plus-en-plus-de-retraites-vendent-leur-or-et-ce-que-ca-signifie-pour-vous\/#article","isPartOf":{"@id":"https:\/\/www.gold.fr\/news\/2025\/10\/24\/pourquoi-de-plus-en-plus-de-retraites-vendent-leur-or-et-ce-que-ca-signifie-pour-vous\/"},"author":{"name":"Comptoir National de l'Or","@id":"https:\/\/www.gold.fr\/news\/#\/schema\/person\/070491b4b4fb7671bf59b3be20302ce9"},"headline":"Pourquoi de plus en plus de retrait\u00e9s vendent leur or (et ce que \u00e7a signifie pour vous)","datePublished":"2025-10-24T21:23:26+00:00","dateModified":"2025-11-12T09:32:25+00:00","mainEntityOfPage":{"@id":"https:\/\/www.gold.fr\/news\/2025\/10\/24\/pourquoi-de-plus-en-plus-de-retraites-vendent-leur-or-et-ce-que-ca-signifie-pour-vous\/"},"wordCount":527,"image":{"@id":"https:\/\/www.gold.fr\/news\/2025\/10\/24\/pourquoi-de-plus-en-plus-de-retraites-vendent-leur-or-et-ce-que-ca-signifie-pour-vous\/#primaryimage"},"thumbnailUrl":"https:\/\/www.gold.fr\/news\/wp-content\/uploads\/2025\/04\/ChatGPT-Image-17-avr.-2025-22_07_09.png","articleSection":["News"],"inLanguage":"fr-FR"},{"@type":"WebPage","@id":"https:\/\/www.gold.fr\/news\/2025\/10\/24\/pourquoi-de-plus-en-plus-de-retraites-vendent-leur-or-et-ce-que-ca-signifie-pour-vous\/","url":"https:\/\/www.gold.fr\/news\/2025\/10\/24\/pourquoi-de-plus-en-plus-de-retraites-vendent-leur-or-et-ce-que-ca-signifie-pour-vous\/","name":"Pourquoi de plus en plus de retrait\u00e9s vendent leur or (et ce que \u00e7a signifie pour vous) - Gold.fr","isPartOf":{"@id":"https:\/\/www.gold.fr\/news\/#website"},"primaryImageOfPage":{"@id":"https:\/\/www.gold.fr\/news\/2025\/10\/24\/pourquoi-de-plus-en-plus-de-retraites-vendent-leur-or-et-ce-que-ca-signifie-pour-vous\/#primaryimage"},"image":{"@id":"https:\/\/www.gold.fr\/news\/2025\/10\/24\/pourquoi-de-plus-en-plus-de-retraites-vendent-leur-or-et-ce-que-ca-signifie-pour-vous\/#primaryimage"},"thumbnailUrl":"https:\/\/www.gold.fr\/news\/wp-content\/uploads\/2025\/04\/ChatGPT-Image-17-avr.-2025-22_07_09.png","datePublished":"2025-10-24T21:23:26+00:00","dateModified":"2025-11-12T09:32:25+00:00","author":{"@id":"https:\/\/www.gold.fr\/news\/#\/schema\/person\/070491b4b4fb7671bf59b3be20302ce9"},"breadcrumb":{"@id":"https:\/\/www.gold.fr\/news\/2025\/10\/24\/pourquoi-de-plus-en-plus-de-retraites-vendent-leur-or-et-ce-que-ca-signifie-pour-vous\/#breadcrumb"},"inLanguage":"fr-FR","potentialAction":[{"@type":"ReadAction","target":["https:\/\/www.gold.fr\/news\/2025\/10\/24\/pourquoi-de-plus-en-plus-de-retraites-vendent-leur-or-et-ce-que-ca-signifie-pour-vous\/"]}]},{"@type":"ImageObject","inLanguage":"fr-FR","@id":"https:\/\/www.gold.fr\/news\/2025\/10\/24\/pourquoi-de-plus-en-plus-de-retraites-vendent-leur-or-et-ce-que-ca-signifie-pour-vous\/#primaryimage","url":"https:\/\/www.gold.fr\/news\/wp-content\/uploads\/2025\/04\/ChatGPT-Image-17-avr.-2025-22_07_09.png","contentUrl":"https:\/\/www.gold.fr\/news\/wp-content\/uploads\/2025\/04\/ChatGPT-Image-17-avr.-2025-22_07_09.png","width":1536,"height":1024,"caption":"une pluie d'or"},{"@type":"BreadcrumbList","@id":"https:\/\/www.gold.fr\/news\/2025\/10\/24\/pourquoi-de-plus-en-plus-de-retraites-vendent-leur-or-et-ce-que-ca-signifie-pour-vous\/#breadcrumb","itemListElement":[{"@type":"ListItem","position":1,"name":"Accueil","item":"https:\/\/www.gold.fr\/"},{"@type":"ListItem","position":2,"name":"Actualit\u00e9s","item":"https:\/\/www.gold.fr\/news\/"},{"@type":"ListItem","position":3,"name":"Pourquoi de plus en plus de retrait\u00e9s vendent leur or (et ce que \u00e7a signifie pour vous)"}]},{"@type":"WebSite","@id":"https:\/\/www.gold.fr\/news\/#website","url":"https:\/\/www.gold.fr\/news\/","name":"Gold.fr","description":"Actualit\u00e9s de l&#039;Or et des m\u00e9taux pr\u00e9cieux","potentialAction":[{"@type":"SearchAction","target":{"@type":"EntryPoint","urlTemplate":"https:\/\/www.gold.fr\/news\/?s={search_term_string}"},"query-input":{"@type":"PropertyValueSpecification","valueRequired":true,"valueName":"search_term_string"}}],"inLanguage":"fr-FR"},{"@type":"Person","@id":"https:\/\/www.gold.fr\/news\/#\/schema\/person\/070491b4b4fb7671bf59b3be20302ce9","name":"Comptoir National de l'Or","image":{"@type":"ImageObject","inLanguage":"fr-FR","@id":"https:\/\/secure.gravatar.com\/avatar\/0a2867fd5abe37bed95d5a65e9d58f01756e11efc68af9888dfc50cfa7f65948?s=96&d=mm&r=gb490554db0a38188709de567aa58480d","url":"https:\/\/secure.gravatar.com\/avatar\/0a2867fd5abe37bed95d5a65e9d58f01756e11efc68af9888dfc50cfa7f65948?s=96&d=mm&r=g","contentUrl":"https:\/\/secure.gravatar.com\/avatar\/0a2867fd5abe37bed95d5a65e9d58f01756e11efc68af9888dfc50cfa7f65948?s=96&d=mm&r=g","caption":"Comptoir National de l'Or"},"description":"Notre r\u00e9daction est constitu\u00e9e de membres experts dans les m\u00e9tiers de l'\u00e9conomie et la gestion, des Responsables d'agence Comptoir National de l'Or, des analystes financiers qui publient r\u00e9guli\u00e8rement des \u00e9tudes sur les politiques des banques centrales, le cours de l'or, prix de l'or, cours de l'argent, prix de l'argent, cours du platine, cours du palladium,... la situation en zone euro et l'impact de la strat\u00e9gie mon\u00e9taire de la FED. Notre \u00e9quipe scrute \u00e9galement une information plus g\u00e9n\u00e9raliste \u00e0 la recherche d'actualit\u00e9 \"p\u00e9pite\" \u00e0 vous partager. Depuis 5 ans, nous avons publi\u00e9 un peu plus de 4000 articles qui s'adressent \u00e0 un public large et vari\u00e9 ayant pour objectif de satisfaire votre curiosit\u00e9 et de partager avec vous une certaine fascination pour le m\u00e9tal jaune, le rachat d'or, et pour ceux qui veulent investir dans l'or, vendre leur or tout simplement en savoir plus... Pour tous vos achat or et argent, n'h\u00e9sitez pas \u00e0 prendre rendez-vous dans l'un de nos nombreux comptoirs.","sameAs":["https:\/\/www.gold.fr"]}]}},"authors":[{"term_id":2565,"user_id":18,"is_guest":0,"slug":"julie","display_name":"Comptoir National de l'Or","avatar_url":"https:\/\/secure.gravatar.com\/avatar\/713f289e398d35ead876c4a4cc08607f0d6d266058cfc25683fffb6092d0e572?s=96&d=mm&r=g","0":null,"1":"","2":"","3":"","4":"","5":"","6":"","7":"","8":""}],"_links":{"self":[{"href":"https:\/\/www.gold.fr\/news\/wp-json\/wp\/v2\/posts\/49274","targetHints":{"allow":["GET"]}}],"collection":[{"href":"https:\/\/www.gold.fr\/news\/wp-json\/wp\/v2\/posts"}],"about":[{"href":"https:\/\/www.gold.fr\/news\/wp-json\/wp\/v2\/types\/post"}],"author":[{"embeddable":true,"href":"https:\/\/www.gold.fr\/news\/wp-json\/wp\/v2\/users\/18"}],"replies":[{"embeddable":true,"href":"https:\/\/www.gold.fr\/news\/wp-json\/wp\/v2\/comments?post=49274"}],"version-history":[{"count":3,"href":"https:\/\/www.gold.fr\/news\/wp-json\/wp\/v2\/posts\/49274\/revisions"}],"predecessor-version":[{"id":49480,"href":"https:\/\/www.gold.fr\/news\/wp-json\/wp\/v2\/posts\/49274\/revisions\/49480"}],"wp:featuredmedia":[{"embeddable":true,"href":"https:\/\/www.gold.fr\/news\/wp-json\/wp\/v2\/media\/48020"}],"wp:attachment":[{"href":"https:\/\/www.gold.fr\/news\/wp-json\/wp\/v2\/media?parent=49274"}],"wp:term":[{"taxonomy":"category","embeddable":true,"href":"https:\/\/www.gold.fr\/news\/wp-json\/wp\/v2\/categories?post=49274"},{"taxonomy":"post_tag","embeddable":true,"href":"https:\/\/www.gold.fr\/news\/wp-json\/wp\/v2\/tags?post=49274"},{"taxonomy":"author","embeddable":true,"href":"https:\/\/www.gold.fr\/news\/wp-json\/wp\/v2\/ppma_author?post=49274"}],"curies":[{"name":"wp","href":"https:\/\/api.w.org\/{rel}","templated":true}]}}