{"id":49162,"date":"2025-10-07T17:38:35","date_gmt":"2025-10-07T15:38:35","guid":{"rendered":"https:\/\/www.gold.fr\/news\/?p=49162"},"modified":"2025-10-07T17:38:35","modified_gmt":"2025-10-07T15:38:35","slug":"hausse-de-lor-et-braquages-le-parisien-fait-le-point","status":"publish","type":"post","link":"https:\/\/www.gold.fr\/news\/2025\/10\/07\/hausse-de-lor-et-braquages-le-parisien-fait-le-point\/","title":{"rendered":"Hausse de l&rsquo;or et braquages : Le Parisien fait le point"},"content":{"rendered":"<div class=\"flex max-w-full flex-col flex-grow\">\n<div class=\"min-h-8 text-message flex w-full flex-col items-end gap-2 whitespace-normal break-words text-start [.text-message+&amp;]:mt-5\" dir=\"auto\" data-message-author-role=\"assistant\" data-message-id=\"20d61891-48d8-470b-9ce9-c42a580adf2e\" data-message-model-slug=\"gpt-4o\">\n<div class=\"flex w-full flex-col gap-1 empty:hidden first:pt-[3px]\">\n<div class=\"markdown prose w-full break-words dark:prose-invert dark\">\n<p data-start=\"861\" data-end=\"1119\">Dimanche 5 octobre, le <strong data-start=\"884\" data-end=\"913\">Comptoir National de l\u2019Or<\/strong> a \u00e9t\u00e9 cit\u00e9 dans les colonnes du quotidien <em data-start=\"1286\" data-end=\"1299\">Le Parisien<\/em>\u00a0dans un dossier consacr\u00e9 \u00e0 la mont\u00e9e des braquages li\u00e9s \u00e0 la hausse du cours de l\u2019or : <em data-start=\"1082\" data-end=\"1117\">\u00ab Psychose chez les bijoutiers \u00bb.<\/em><\/p>\n<p data-start=\"1121\" data-end=\"1382\">Alors que <a href=\"https:\/\/www.gold.fr\/cours-or-prix-de-l-or\/\">le cours de l\u2019or<\/a> atteint des sommets historiques, les cambriolages et braquages se multiplient dans les commerces d\u2019objets pr\u00e9cieux. Face \u00e0 ce contexte, <em data-start=\"1286\" data-end=\"1299\">Le Parisien<\/em> s\u2019est int\u00e9ress\u00e9 aux <strong data-start=\"1320\" data-end=\"1379\">mesures de s\u00e9curit\u00e9 adopt\u00e9es par les acteurs du secteur<\/strong>.<\/p>\n<p data-start=\"1384\" data-end=\"1594\">Interview\u00e9 dans son agence du 6e arrondissement de Paris, <strong data-start=\"1442\" data-end=\"1462\">Laurent Schwartz<\/strong>, Pr\u00e9sident-Directeur G\u00e9n\u00e9ral du <strong data-start=\"1495\" data-end=\"1524\">Comptoir National de l\u2019Or<\/strong>, a expliqu\u00e9 pourquoi notre mod\u00e8le est <strong data-start=\"1563\" data-end=\"1590\">naturellement dissuasif<\/strong> : \u00ab Moins on a de stock, plus on est prot\u00e9g\u00e9. \u00bb Les agences <strong data-start=\"1658\" data-end=\"1702\">ne conservent aucun stock d\u2019or sur place<\/strong> : chaque transaction est effectu\u00e9e <strong data-start=\"1738\" data-end=\"1754\">sur commande<\/strong>, et les m\u00e9taux pr\u00e9cieux sont <strong data-start=\"1784\" data-end=\"1830\">stock\u00e9s dans des lieux hautement s\u00e9curis\u00e9s<\/strong>. Cette organisation garantit la s\u00e9curit\u00e9 de nos collaborateurs et de nos clients, tout en <strong data-start=\"1923\" data-end=\"1977\">r\u00e9duisant consid\u00e9rablement les risques de braquage<\/strong>.<\/p>\n<p data-start=\"1982\" data-end=\"2179\">Cet article souligne une nouvelle fois la <strong data-start=\"2024\" data-end=\"2078\">position de r\u00e9f\u00e9rence du Comptoir National de l\u2019Or<\/strong> en mati\u00e8re d\u2019expertise, de <strong data-start=\"2106\" data-end=\"2118\">s\u00e9curit\u00e9<\/strong> et de <strong data-start=\"2125\" data-end=\"2140\">tra\u00e7abilit\u00e9<\/strong> dans le domaine des m\u00e9taux pr\u00e9cieux.<\/p>\n<\/div>\n<\/div>\n<\/div>\n<\/div>\n<a href=\"https:\/\/support.gold.fr\/presse-news\/livreblanc-investir-dans-l-or-gdn2025\" target=\"_blank\" class=\"goldCTA\">\n    <img decoding=\"async\" src=\"https:\/\/www.gold.fr\/news\/wp-content\/uploads\/2024\/09\/Couverture-LB-quel-budget-pour-investir-dans-lor.png\" alt=\"\" \/>    <div class=\"rightPart\">\n        <div class=\"content\">\n            <\/p>\n<h2><strong>Vous souhaitez investir dans l&rsquo;or ?\u00a0<\/strong><\/h2>\n<p>Vous h\u00e9sitez \u00e0 diversifier votre portefeuille ? Pourquoi ne pas investir dans l&rsquo;or ? Notre guide vous permettra d&rsquo;affiner votre r\u00e9flexion gr\u00e2ce \u00e0 des exemples de pi\u00e8ces et lingots d&rsquo;or que vous pourriez acqu\u00e9rir avec votre budget.<\/p>\n<p>        <\/div>\n                <span class=\"button\">Je souhaite investir dans l'or !<\/span>\n            <\/div>\n<\/a>\n<!-- AddThis Advanced Settings generic via filter on the_content --><!-- AddThis Share Buttons generic via filter on the_content -->","protected":false},"excerpt":{"rendered":"<p>Dimanche 5 octobre, le Comptoir National de l\u2019Or a \u00e9t\u00e9 cit\u00e9 dans les colonnes du quotidien Le Parisien\u00a0dans un dossier consacr\u00e9 \u00e0 la mont\u00e9e des braquages li\u00e9s \u00e0 la hausse du cours de l\u2019or : \u00ab [&hellip;]<\/p>\n","protected":false},"author":13,"featured_media":48194,"comment_status":"closed","ping_status":"closed","sticky":false,"template":"","format":"standard","meta":{"_mbp_gutenberg_autopost":false,"_pgmb_is_evergreen":false,"_pgmb_ap_template_id":0,"footnotes":""},"categories":[6,2414],"tags":[],"ppma_author":[2563],"class_list":["post-49162","post","type-post","status-publish","format-standard","has-post-thumbnail","hentry","category-articles-de-presse","category-cndo-dans-la-presse"],"yoast_head":"<!-- This site is optimized with the Yoast SEO plugin v27.5 - https:\/\/yoast.com\/product\/yoast-seo-wordpress\/ -->\n<title>Hausse de l&#039;or et braquages : Le Parisien fait le point - Gold.fr<\/title>\n<meta name=\"robots\" content=\"index, follow, max-snippet:-1, max-image-preview:large, max-video-preview:-1\" \/>\n<link rel=\"canonical\" href=\"https:\/\/www.gold.fr\/news\/2025\/10\/07\/hausse-de-lor-et-braquages-le-parisien-fait-le-point\/\" \/>\n<meta property=\"og:locale\" content=\"fr_FR\" \/>\n<meta property=\"og:type\" content=\"article\" \/>\n<meta property=\"og:title\" content=\"Hausse de l&#039;or et braquages : Le Parisien fait le point - Gold.fr\" \/>\n<meta property=\"og:description\" content=\"Dimanche 5 octobre, le Comptoir National de l\u2019Or a \u00e9t\u00e9 cit\u00e9 dans les colonnes du quotidien Le Parisien\u00a0dans un dossier consacr\u00e9 \u00e0 la mont\u00e9e des braquages li\u00e9s \u00e0 la hausse du cours de l\u2019or : \u00ab [&hellip;]\" \/>\n<meta property=\"og:url\" content=\"https:\/\/www.gold.fr\/news\/2025\/10\/07\/hausse-de-lor-et-braquages-le-parisien-fait-le-point\/\" \/>\n<meta property=\"og:site_name\" content=\"Gold.fr\" \/>\n<meta property=\"article:publisher\" content=\"https:\/\/www.facebook.com\/Goldfr\/\" \/>\n<meta property=\"article:published_time\" content=\"2025-10-07T15:38:35+00:00\" \/>\n<meta property=\"og:image\" content=\"https:\/\/www.gold.fr\/news\/wp-content\/uploads\/2025\/05\/Miniature-article-paysage-LE-PARISIEN-2-1.png\" \/>\n\t<meta property=\"og:image:width\" content=\"900\" \/>\n\t<meta property=\"og:image:height\" content=\"300\" \/>\n\t<meta property=\"og:image:type\" content=\"image\/png\" \/>\n<meta name=\"author\" content=\"Presse\" \/>\n<meta name=\"twitter:card\" content=\"summary_large_image\" \/>\n<meta name=\"twitter:label1\" content=\"\u00c9crit par\" \/>\n\t<meta name=\"twitter:data1\" content=\"Presse\" \/>\n\t<meta name=\"twitter:label2\" content=\"Dur\u00e9e de lecture estim\u00e9e\" \/>\n\t<meta name=\"twitter:data2\" content=\"2 minutes\" \/>\n<script type=\"application\/ld+json\" class=\"yoast-schema-graph\">{\"@context\":\"https:\\\/\\\/schema.org\",\"@graph\":[{\"@type\":\"Article\",\"@id\":\"https:\\\/\\\/www.gold.fr\\\/news\\\/2025\\\/10\\\/07\\\/hausse-de-lor-et-braquages-le-parisien-fait-le-point\\\/#article\",\"isPartOf\":{\"@id\":\"https:\\\/\\\/www.gold.fr\\\/news\\\/2025\\\/10\\\/07\\\/hausse-de-lor-et-braquages-le-parisien-fait-le-point\\\/\"},\"author\":{\"name\":\"Presse\",\"@id\":\"https:\\\/\\\/www.gold.fr\\\/news\\\/#\\\/schema\\\/person\\\/3ff0382c40999d45cb6b26eacf558dd0\"},\"headline\":\"Hausse de l&rsquo;or et braquages : Le Parisien fait le point\",\"datePublished\":\"2025-10-07T15:38:35+00:00\",\"mainEntityOfPage\":{\"@id\":\"https:\\\/\\\/www.gold.fr\\\/news\\\/2025\\\/10\\\/07\\\/hausse-de-lor-et-braquages-le-parisien-fait-le-point\\\/\"},\"wordCount\":306,\"image\":{\"@id\":\"https:\\\/\\\/www.gold.fr\\\/news\\\/2025\\\/10\\\/07\\\/hausse-de-lor-et-braquages-le-parisien-fait-le-point\\\/#primaryimage\"},\"thumbnailUrl\":\"https:\\\/\\\/www.gold.fr\\\/news\\\/wp-content\\\/uploads\\\/2025\\\/05\\\/Miniature-article-paysage-LE-PARISIEN-2-1.png\",\"articleSection\":[\"Articles de presse\",\"CNDO dans la presse\"],\"inLanguage\":\"fr-FR\"},{\"@type\":\"WebPage\",\"@id\":\"https:\\\/\\\/www.gold.fr\\\/news\\\/2025\\\/10\\\/07\\\/hausse-de-lor-et-braquages-le-parisien-fait-le-point\\\/\",\"url\":\"https:\\\/\\\/www.gold.fr\\\/news\\\/2025\\\/10\\\/07\\\/hausse-de-lor-et-braquages-le-parisien-fait-le-point\\\/\",\"name\":\"Hausse de l'or et braquages : Le Parisien fait le point - Gold.fr\",\"isPartOf\":{\"@id\":\"https:\\\/\\\/www.gold.fr\\\/news\\\/#website\"},\"primaryImageOfPage\":{\"@id\":\"https:\\\/\\\/www.gold.fr\\\/news\\\/2025\\\/10\\\/07\\\/hausse-de-lor-et-braquages-le-parisien-fait-le-point\\\/#primaryimage\"},\"image\":{\"@id\":\"https:\\\/\\\/www.gold.fr\\\/news\\\/2025\\\/10\\\/07\\\/hausse-de-lor-et-braquages-le-parisien-fait-le-point\\\/#primaryimage\"},\"thumbnailUrl\":\"https:\\\/\\\/www.gold.fr\\\/news\\\/wp-content\\\/uploads\\\/2025\\\/05\\\/Miniature-article-paysage-LE-PARISIEN-2-1.png\",\"datePublished\":\"2025-10-07T15:38:35+00:00\",\"author\":{\"@id\":\"https:\\\/\\\/www.gold.fr\\\/news\\\/#\\\/schema\\\/person\\\/3ff0382c40999d45cb6b26eacf558dd0\"},\"breadcrumb\":{\"@id\":\"https:\\\/\\\/www.gold.fr\\\/news\\\/2025\\\/10\\\/07\\\/hausse-de-lor-et-braquages-le-parisien-fait-le-point\\\/#breadcrumb\"},\"inLanguage\":\"fr-FR\",\"potentialAction\":[{\"@type\":\"ReadAction\",\"target\":[\"https:\\\/\\\/www.gold.fr\\\/news\\\/2025\\\/10\\\/07\\\/hausse-de-lor-et-braquages-le-parisien-fait-le-point\\\/\"]}]},{\"@type\":\"ImageObject\",\"inLanguage\":\"fr-FR\",\"@id\":\"https:\\\/\\\/www.gold.fr\\\/news\\\/2025\\\/10\\\/07\\\/hausse-de-lor-et-braquages-le-parisien-fait-le-point\\\/#primaryimage\",\"url\":\"https:\\\/\\\/www.gold.fr\\\/news\\\/wp-content\\\/uploads\\\/2025\\\/05\\\/Miniature-article-paysage-LE-PARISIEN-2-1.png\",\"contentUrl\":\"https:\\\/\\\/www.gold.fr\\\/news\\\/wp-content\\\/uploads\\\/2025\\\/05\\\/Miniature-article-paysage-LE-PARISIEN-2-1.png\",\"width\":900,\"height\":300,\"caption\":\"Tribune de Laurent Schwartz dans Le Parisien\"},{\"@type\":\"BreadcrumbList\",\"@id\":\"https:\\\/\\\/www.gold.fr\\\/news\\\/2025\\\/10\\\/07\\\/hausse-de-lor-et-braquages-le-parisien-fait-le-point\\\/#breadcrumb\",\"itemListElement\":[{\"@type\":\"ListItem\",\"position\":1,\"name\":\"Accueil\",\"item\":\"https:\\\/\\\/www.gold.fr\\\/\"},{\"@type\":\"ListItem\",\"position\":2,\"name\":\"Actualit\u00e9s\",\"item\":\"https:\\\/\\\/www.gold.fr\\\/news\\\/\"},{\"@type\":\"ListItem\",\"position\":3,\"name\":\"Hausse de l&rsquo;or et braquages : Le Parisien fait le point\"}]},{\"@type\":\"WebSite\",\"@id\":\"https:\\\/\\\/www.gold.fr\\\/news\\\/#website\",\"url\":\"https:\\\/\\\/www.gold.fr\\\/news\\\/\",\"name\":\"Gold.fr\",\"description\":\"Actualit\u00e9s de l&#039;Or et des m\u00e9taux pr\u00e9cieux\",\"potentialAction\":[{\"@type\":\"SearchAction\",\"target\":{\"@type\":\"EntryPoint\",\"urlTemplate\":\"https:\\\/\\\/www.gold.fr\\\/news\\\/?s={search_term_string}\"},\"query-input\":{\"@type\":\"PropertyValueSpecification\",\"valueRequired\":true,\"valueName\":\"search_term_string\"}}],\"inLanguage\":\"fr-FR\"},{\"@type\":\"Person\",\"@id\":\"https:\\\/\\\/www.gold.fr\\\/news\\\/#\\\/schema\\\/person\\\/3ff0382c40999d45cb6b26eacf558dd0\",\"name\":\"Presse\",\"image\":{\"@type\":\"ImageObject\",\"inLanguage\":\"fr-FR\",\"@id\":\"https:\\\/\\\/secure.gravatar.com\\\/avatar\\\/392ef11d08663715e9f94a7c765916e46b5b0ce11b8ce82a6a96a9e60580030b?s=96&d=mm&r=g0d21c659f39d0b3dd3d526db8197c1aa\",\"url\":\"https:\\\/\\\/secure.gravatar.com\\\/avatar\\\/392ef11d08663715e9f94a7c765916e46b5b0ce11b8ce82a6a96a9e60580030b?s=96&d=mm&r=g\",\"contentUrl\":\"https:\\\/\\\/secure.gravatar.com\\\/avatar\\\/392ef11d08663715e9f94a7c765916e46b5b0ce11b8ce82a6a96a9e60580030b?s=96&d=mm&r=g\",\"caption\":\"Presse\"},\"description\":\"Avec plus de\u00a0800 000 clients\u00a0qui nous ont fait confiance depuis notre cr\u00e9ation,\u00a0Le Comptoir National de l'Or\u00a0est devenu un acteur majeur en France de la\u00a0vente et du rachat de m\u00e9taux pr\u00e9cieux\u00a0(Or, Argent, Platine, Palladium). Le Comptoir National de l'Or compte aujourd'hui plus de\u00a0100 Comptoirs d'achat d'Or pr\u00e9sents partout en France.\",\"sameAs\":[\"https:\\\/\\\/www.gold.fr\\\/informations-sur-l-or\\\/\"]}]}<\/script>\n<!-- \/ Yoast SEO plugin. -->","yoast_head_json":{"title":"Hausse de l'or et braquages : Le Parisien fait le point - Gold.fr","robots":{"index":"index","follow":"follow","max-snippet":"max-snippet:-1","max-image-preview":"max-image-preview:large","max-video-preview":"max-video-preview:-1"},"canonical":"https:\/\/www.gold.fr\/news\/2025\/10\/07\/hausse-de-lor-et-braquages-le-parisien-fait-le-point\/","og_locale":"fr_FR","og_type":"article","og_title":"Hausse de l'or et braquages : Le Parisien fait le point - Gold.fr","og_description":"Dimanche 5 octobre, le Comptoir National de l\u2019Or a \u00e9t\u00e9 cit\u00e9 dans les colonnes du quotidien Le Parisien\u00a0dans un dossier consacr\u00e9 \u00e0 la mont\u00e9e des braquages li\u00e9s \u00e0 la hausse du cours de l\u2019or : \u00ab [&hellip;]","og_url":"https:\/\/www.gold.fr\/news\/2025\/10\/07\/hausse-de-lor-et-braquages-le-parisien-fait-le-point\/","og_site_name":"Gold.fr","article_publisher":"https:\/\/www.facebook.com\/Goldfr\/","article_published_time":"2025-10-07T15:38:35+00:00","og_image":[{"width":900,"height":300,"url":"https:\/\/www.gold.fr\/news\/wp-content\/uploads\/2025\/05\/Miniature-article-paysage-LE-PARISIEN-2-1.png","type":"image\/png"}],"author":"Presse","twitter_card":"summary_large_image","twitter_misc":{"\u00c9crit par":"Presse","Dur\u00e9e de lecture estim\u00e9e":"2 minutes"},"schema":{"@context":"https:\/\/schema.org","@graph":[{"@type":"Article","@id":"https:\/\/www.gold.fr\/news\/2025\/10\/07\/hausse-de-lor-et-braquages-le-parisien-fait-le-point\/#article","isPartOf":{"@id":"https:\/\/www.gold.fr\/news\/2025\/10\/07\/hausse-de-lor-et-braquages-le-parisien-fait-le-point\/"},"author":{"name":"Presse","@id":"https:\/\/www.gold.fr\/news\/#\/schema\/person\/3ff0382c40999d45cb6b26eacf558dd0"},"headline":"Hausse de l&rsquo;or et braquages : Le Parisien fait le point","datePublished":"2025-10-07T15:38:35+00:00","mainEntityOfPage":{"@id":"https:\/\/www.gold.fr\/news\/2025\/10\/07\/hausse-de-lor-et-braquages-le-parisien-fait-le-point\/"},"wordCount":306,"image":{"@id":"https:\/\/www.gold.fr\/news\/2025\/10\/07\/hausse-de-lor-et-braquages-le-parisien-fait-le-point\/#primaryimage"},"thumbnailUrl":"https:\/\/www.gold.fr\/news\/wp-content\/uploads\/2025\/05\/Miniature-article-paysage-LE-PARISIEN-2-1.png","articleSection":["Articles de presse","CNDO dans la presse"],"inLanguage":"fr-FR"},{"@type":"WebPage","@id":"https:\/\/www.gold.fr\/news\/2025\/10\/07\/hausse-de-lor-et-braquages-le-parisien-fait-le-point\/","url":"https:\/\/www.gold.fr\/news\/2025\/10\/07\/hausse-de-lor-et-braquages-le-parisien-fait-le-point\/","name":"Hausse de l'or et braquages : Le Parisien fait le point - Gold.fr","isPartOf":{"@id":"https:\/\/www.gold.fr\/news\/#website"},"primaryImageOfPage":{"@id":"https:\/\/www.gold.fr\/news\/2025\/10\/07\/hausse-de-lor-et-braquages-le-parisien-fait-le-point\/#primaryimage"},"image":{"@id":"https:\/\/www.gold.fr\/news\/2025\/10\/07\/hausse-de-lor-et-braquages-le-parisien-fait-le-point\/#primaryimage"},"thumbnailUrl":"https:\/\/www.gold.fr\/news\/wp-content\/uploads\/2025\/05\/Miniature-article-paysage-LE-PARISIEN-2-1.png","datePublished":"2025-10-07T15:38:35+00:00","author":{"@id":"https:\/\/www.gold.fr\/news\/#\/schema\/person\/3ff0382c40999d45cb6b26eacf558dd0"},"breadcrumb":{"@id":"https:\/\/www.gold.fr\/news\/2025\/10\/07\/hausse-de-lor-et-braquages-le-parisien-fait-le-point\/#breadcrumb"},"inLanguage":"fr-FR","potentialAction":[{"@type":"ReadAction","target":["https:\/\/www.gold.fr\/news\/2025\/10\/07\/hausse-de-lor-et-braquages-le-parisien-fait-le-point\/"]}]},{"@type":"ImageObject","inLanguage":"fr-FR","@id":"https:\/\/www.gold.fr\/news\/2025\/10\/07\/hausse-de-lor-et-braquages-le-parisien-fait-le-point\/#primaryimage","url":"https:\/\/www.gold.fr\/news\/wp-content\/uploads\/2025\/05\/Miniature-article-paysage-LE-PARISIEN-2-1.png","contentUrl":"https:\/\/www.gold.fr\/news\/wp-content\/uploads\/2025\/05\/Miniature-article-paysage-LE-PARISIEN-2-1.png","width":900,"height":300,"caption":"Tribune de Laurent Schwartz dans Le Parisien"},{"@type":"BreadcrumbList","@id":"https:\/\/www.gold.fr\/news\/2025\/10\/07\/hausse-de-lor-et-braquages-le-parisien-fait-le-point\/#breadcrumb","itemListElement":[{"@type":"ListItem","position":1,"name":"Accueil","item":"https:\/\/www.gold.fr\/"},{"@type":"ListItem","position":2,"name":"Actualit\u00e9s","item":"https:\/\/www.gold.fr\/news\/"},{"@type":"ListItem","position":3,"name":"Hausse de l&rsquo;or et braquages : Le Parisien fait le point"}]},{"@type":"WebSite","@id":"https:\/\/www.gold.fr\/news\/#website","url":"https:\/\/www.gold.fr\/news\/","name":"Gold.fr","description":"Actualit\u00e9s de l&#039;Or et des m\u00e9taux pr\u00e9cieux","potentialAction":[{"@type":"SearchAction","target":{"@type":"EntryPoint","urlTemplate":"https:\/\/www.gold.fr\/news\/?s={search_term_string}"},"query-input":{"@type":"PropertyValueSpecification","valueRequired":true,"valueName":"search_term_string"}}],"inLanguage":"fr-FR"},{"@type":"Person","@id":"https:\/\/www.gold.fr\/news\/#\/schema\/person\/3ff0382c40999d45cb6b26eacf558dd0","name":"Presse","image":{"@type":"ImageObject","inLanguage":"fr-FR","@id":"https:\/\/secure.gravatar.com\/avatar\/392ef11d08663715e9f94a7c765916e46b5b0ce11b8ce82a6a96a9e60580030b?s=96&d=mm&r=g0d21c659f39d0b3dd3d526db8197c1aa","url":"https:\/\/secure.gravatar.com\/avatar\/392ef11d08663715e9f94a7c765916e46b5b0ce11b8ce82a6a96a9e60580030b?s=96&d=mm&r=g","contentUrl":"https:\/\/secure.gravatar.com\/avatar\/392ef11d08663715e9f94a7c765916e46b5b0ce11b8ce82a6a96a9e60580030b?s=96&d=mm&r=g","caption":"Presse"},"description":"Avec plus de\u00a0800 000 clients\u00a0qui nous ont fait confiance depuis notre cr\u00e9ation,\u00a0Le Comptoir National de l'Or\u00a0est devenu un acteur majeur en France de la\u00a0vente et du rachat de m\u00e9taux pr\u00e9cieux\u00a0(Or, Argent, Platine, Palladium). Le Comptoir National de l'Or compte aujourd'hui plus de\u00a0100 Comptoirs d'achat d'Or pr\u00e9sents partout en France.","sameAs":["https:\/\/www.gold.fr\/informations-sur-l-or\/"]}]}},"authors":[{"term_id":2563,"user_id":13,"is_guest":0,"slug":"on-parle-du-comptoir-national-de-lor-dans-la-press","display_name":"Presse","avatar_url":"https:\/\/secure.gravatar.com\/avatar\/392ef11d08663715e9f94a7c765916e46b5b0ce11b8ce82a6a96a9e60580030b?s=96&d=mm&r=g","0":null,"1":"","2":"","3":"","4":"","5":"","6":"","7":"","8":""}],"_links":{"self":[{"href":"https:\/\/www.gold.fr\/news\/wp-json\/wp\/v2\/posts\/49162","targetHints":{"allow":["GET"]}}],"collection":[{"href":"https:\/\/www.gold.fr\/news\/wp-json\/wp\/v2\/posts"}],"about":[{"href":"https:\/\/www.gold.fr\/news\/wp-json\/wp\/v2\/types\/post"}],"author":[{"embeddable":true,"href":"https:\/\/www.gold.fr\/news\/wp-json\/wp\/v2\/users\/13"}],"replies":[{"embeddable":true,"href":"https:\/\/www.gold.fr\/news\/wp-json\/wp\/v2\/comments?post=49162"}],"version-history":[{"count":1,"href":"https:\/\/www.gold.fr\/news\/wp-json\/wp\/v2\/posts\/49162\/revisions"}],"predecessor-version":[{"id":49164,"href":"https:\/\/www.gold.fr\/news\/wp-json\/wp\/v2\/posts\/49162\/revisions\/49164"}],"wp:featuredmedia":[{"embeddable":true,"href":"https:\/\/www.gold.fr\/news\/wp-json\/wp\/v2\/media\/48194"}],"wp:attachment":[{"href":"https:\/\/www.gold.fr\/news\/wp-json\/wp\/v2\/media?parent=49162"}],"wp:term":[{"taxonomy":"category","embeddable":true,"href":"https:\/\/www.gold.fr\/news\/wp-json\/wp\/v2\/categories?post=49162"},{"taxonomy":"post_tag","embeddable":true,"href":"https:\/\/www.gold.fr\/news\/wp-json\/wp\/v2\/tags?post=49162"},{"taxonomy":"author","embeddable":true,"href":"https:\/\/www.gold.fr\/news\/wp-json\/wp\/v2\/ppma_author?post=49162"}],"curies":[{"name":"wp","href":"https:\/\/api.w.org\/{rel}","templated":true}]}}