{"id":49116,"date":"2025-10-06T12:07:47","date_gmt":"2025-10-06T10:07:47","guid":{"rendered":"https:\/\/www.gold.fr\/news\/?p=49116"},"modified":"2025-10-06T14:56:54","modified_gmt":"2025-10-06T12:56:54","slug":"securite-du-marche-de-lor-tf1-fait-le-point","status":"publish","type":"post","link":"https:\/\/www.gold.fr\/news\/2025\/10\/06\/securite-du-marche-de-lor-tf1-fait-le-point\/","title":{"rendered":"S\u00e9curit\u00e9 du march\u00e9 de l&rsquo;or : TF1 fait le point"},"content":{"rendered":"<div class=\"flex max-w-full flex-col flex-grow\">\n<div class=\"min-h-8 text-message flex w-full flex-col items-end gap-2 whitespace-normal break-words text-start [.text-message+&amp;]:mt-5\" dir=\"auto\" data-message-author-role=\"assistant\" data-message-id=\"20d61891-48d8-470b-9ce9-c42a580adf2e\" data-message-model-slug=\"gpt-4o\">\n<div class=\"flex w-full flex-col gap-1 empty:hidden first:pt-[3px]\">\n<div class=\"markdown prose w-full break-words dark:prose-invert dark\">\n<p data-start=\"518\" data-end=\"746\">Ce dimanche 5 octobre, le Comptoir National de l\u2019Or a \u00e9t\u00e9 mis \u00e0 l\u2019honneur au journal de 20h de TF1, sur le th\u00e8me : <em data-start=\"696\" data-end=\"743\">\u00ab Braquages : la grande peur des bijoutiers \u00bb<\/em>.<\/p>\n<p data-start=\"748\" data-end=\"1226\">Face \u00e0 la <a href=\"https:\/\/www.gold.fr\/cours-or-prix-de-l-or\/\">hausse du cours de l\u2019or<\/a>, les bijouteries et acteurs du secteur font face \u00e0 une recrudescence des tentatives de vol.<br data-start=\"873\" data-end=\"876\" \/>Invit\u00e9 \u00e0 s\u2019exprimer, Laurent Schwartz, pr\u00e9sident du Comptoir National de l\u2019Or, indique qu&rsquo;aucune agence ne d\u00e9tient de stock d\u2019or sur place, toutes les transactions se font sur commande et les m\u00e9taux pr\u00e9cieux sont conserv\u00e9s dans des lieux s\u00e9curis\u00e9s externes, un mod\u00e8le de fonctionnement qui limite ainsi fortement les risques. Cette organisation rend toute tentative de braquage inutile : les malfaiteurs \u00e9valuent le risque face au gain, et l\u2019absence de stock les dissuade de passer \u00e0 l\u2019action.<\/p>\n<p data-start=\"1403\" data-end=\"1618\">Cette intervention illustre la rigueur du Comptoir National de l\u2019Or en mati\u00e8re de <strong data-start=\"1485\" data-end=\"1497\">s\u00e9curit\u00e9<\/strong>, de <strong data-start=\"1502\" data-end=\"1517\">tra\u00e7abilit\u00e9<\/strong> et de <strong data-start=\"1524\" data-end=\"1545\">professionnalisme<\/strong>, confirmant son r\u00f4le de <strong data-start=\"1570\" data-end=\"1615\">r\u00e9f\u00e9rence sur le march\u00e9 de l\u2019or en France<\/strong>.<\/p>\n<\/div>\n<\/div>\n<\/div>\n<\/div>\n<p><strong>Pour visionner l&rsquo;\u00e9mission en replay, <a href=\"https:\/\/www.tf1.fr\/tf1\/jt-20h\/videos\/le-jt-de-20-heures-de-tf1-du-dimanche-5-octobre-2025-11446610.html\">cliquez ici<\/a> !<\/strong><\/p>\n<a href=\"https:\/\/support.gold.fr\/presse-news\/livreblanc-investir-dans-l-or-gdn2025\" target=\"_blank\" class=\"goldCTA\">\n    <img decoding=\"async\" src=\"https:\/\/www.gold.fr\/news\/wp-content\/uploads\/2024\/09\/Couverture-LB-quel-budget-pour-investir-dans-lor.png\" alt=\"\" \/>    <div class=\"rightPart\">\n        <div class=\"content\">\n            <\/p>\n<h2><strong>Vous souhaitez investir dans l&rsquo;or ?\u00a0<\/strong><\/h2>\n<p>Vous h\u00e9sitez \u00e0 diversifier votre portefeuille ? Pourquoi ne pas investir dans l&rsquo;or ? Notre guide vous permettra d&rsquo;affiner votre r\u00e9flexion gr\u00e2ce \u00e0 des exemples de pi\u00e8ces et lingots d&rsquo;or que vous pourriez acqu\u00e9rir avec votre budget.<\/p>\n<p>        <\/div>\n                <span class=\"button\">Je souhaite investir dans l'or !<\/span>\n            <\/div>\n<\/a>\n<!-- AddThis Advanced Settings generic via filter on the_content --><!-- AddThis Share Buttons generic via filter on the_content -->","protected":false},"excerpt":{"rendered":"<p>Ce dimanche 5 octobre, le Comptoir National de l\u2019Or a \u00e9t\u00e9 mis \u00e0 l\u2019honneur au journal de 20h de TF1, sur le th\u00e8me : \u00ab Braquages : la grande peur des bijoutiers \u00bb. Face \u00e0 la [&hellip;]<\/p>\n","protected":false},"author":13,"featured_media":49125,"comment_status":"closed","ping_status":"closed","sticky":false,"template":"","format":"standard","meta":{"_mbp_gutenberg_autopost":false,"_pgmb_is_evergreen":false,"_pgmb_ap_template_id":0,"footnotes":""},"categories":[6,2414],"tags":[],"ppma_author":[2563],"class_list":["post-49116","post","type-post","status-publish","format-standard","has-post-thumbnail","hentry","category-articles-de-presse","category-cndo-dans-la-presse"],"yoast_head":"<!-- This site is optimized with the Yoast SEO plugin v27.5 - https:\/\/yoast.com\/product\/yoast-seo-wordpress\/ -->\n<title>S\u00e9curit\u00e9 du march\u00e9 de l&#039;or : TF1 fait le point - Gold.fr<\/title>\n<meta name=\"description\" content=\"Le Comptoir National de l\u2019Or explique sur TF1 comment son mod\u00e8le s\u00e9curis\u00e9, sans stock en agence, prot\u00e8ge le march\u00e9 de l\u2019or des risques de vol.\" \/>\n<meta name=\"robots\" content=\"index, follow, max-snippet:-1, max-image-preview:large, max-video-preview:-1\" \/>\n<link rel=\"canonical\" href=\"https:\/\/www.gold.fr\/news\/2025\/10\/06\/securite-du-marche-de-lor-tf1-fait-le-point\/\" \/>\n<meta property=\"og:locale\" content=\"fr_FR\" \/>\n<meta property=\"og:type\" content=\"article\" \/>\n<meta property=\"og:title\" content=\"S\u00e9curit\u00e9 du march\u00e9 de l&#039;or : TF1 fait le point - Gold.fr\" \/>\n<meta property=\"og:description\" content=\"Le Comptoir National de l\u2019Or explique sur TF1 comment son mod\u00e8le s\u00e9curis\u00e9, sans stock en agence, prot\u00e8ge le march\u00e9 de l\u2019or des risques de vol.\" \/>\n<meta property=\"og:url\" content=\"https:\/\/www.gold.fr\/news\/2025\/10\/06\/securite-du-marche-de-lor-tf1-fait-le-point\/\" \/>\n<meta property=\"og:site_name\" content=\"Gold.fr\" \/>\n<meta property=\"article:publisher\" content=\"https:\/\/www.facebook.com\/Goldfr\/\" \/>\n<meta property=\"article:published_time\" content=\"2025-10-06T10:07:47+00:00\" \/>\n<meta property=\"article:modified_time\" content=\"2025-10-06T12:56:54+00:00\" \/>\n<meta property=\"og:image\" content=\"https:\/\/www.gold.fr\/news\/wp-content\/uploads\/2025\/10\/Passage-tv-TF1-paysage-5.png\" \/>\n\t<meta property=\"og:image:width\" content=\"1472\" \/>\n\t<meta property=\"og:image:height\" content=\"832\" \/>\n\t<meta property=\"og:image:type\" content=\"image\/png\" \/>\n<meta name=\"author\" content=\"Presse\" \/>\n<meta name=\"twitter:card\" content=\"summary_large_image\" \/>\n<meta name=\"twitter:label1\" content=\"\u00c9crit par\" \/>\n\t<meta name=\"twitter:data1\" content=\"Presse\" \/>\n\t<meta name=\"twitter:label2\" content=\"Dur\u00e9e de lecture estim\u00e9e\" \/>\n\t<meta name=\"twitter:data2\" content=\"2 minutes\" \/>\n<script type=\"application\/ld+json\" class=\"yoast-schema-graph\">{\"@context\":\"https:\\\/\\\/schema.org\",\"@graph\":[{\"@type\":\"Article\",\"@id\":\"https:\\\/\\\/www.gold.fr\\\/news\\\/2025\\\/10\\\/06\\\/securite-du-marche-de-lor-tf1-fait-le-point\\\/#article\",\"isPartOf\":{\"@id\":\"https:\\\/\\\/www.gold.fr\\\/news\\\/2025\\\/10\\\/06\\\/securite-du-marche-de-lor-tf1-fait-le-point\\\/\"},\"author\":{\"name\":\"Presse\",\"@id\":\"https:\\\/\\\/www.gold.fr\\\/news\\\/#\\\/schema\\\/person\\\/3ff0382c40999d45cb6b26eacf558dd0\"},\"headline\":\"S\u00e9curit\u00e9 du march\u00e9 de l&rsquo;or : TF1 fait le point\",\"datePublished\":\"2025-10-06T10:07:47+00:00\",\"dateModified\":\"2025-10-06T12:56:54+00:00\",\"mainEntityOfPage\":{\"@id\":\"https:\\\/\\\/www.gold.fr\\\/news\\\/2025\\\/10\\\/06\\\/securite-du-marche-de-lor-tf1-fait-le-point\\\/\"},\"wordCount\":272,\"image\":{\"@id\":\"https:\\\/\\\/www.gold.fr\\\/news\\\/2025\\\/10\\\/06\\\/securite-du-marche-de-lor-tf1-fait-le-point\\\/#primaryimage\"},\"thumbnailUrl\":\"https:\\\/\\\/www.gold.fr\\\/news\\\/wp-content\\\/uploads\\\/2025\\\/10\\\/Passage-tv-TF1-paysage-5.png\",\"articleSection\":[\"Articles de presse\",\"CNDO dans la presse\"],\"inLanguage\":\"fr-FR\"},{\"@type\":\"WebPage\",\"@id\":\"https:\\\/\\\/www.gold.fr\\\/news\\\/2025\\\/10\\\/06\\\/securite-du-marche-de-lor-tf1-fait-le-point\\\/\",\"url\":\"https:\\\/\\\/www.gold.fr\\\/news\\\/2025\\\/10\\\/06\\\/securite-du-marche-de-lor-tf1-fait-le-point\\\/\",\"name\":\"S\u00e9curit\u00e9 du march\u00e9 de l'or : TF1 fait le point - Gold.fr\",\"isPartOf\":{\"@id\":\"https:\\\/\\\/www.gold.fr\\\/news\\\/#website\"},\"primaryImageOfPage\":{\"@id\":\"https:\\\/\\\/www.gold.fr\\\/news\\\/2025\\\/10\\\/06\\\/securite-du-marche-de-lor-tf1-fait-le-point\\\/#primaryimage\"},\"image\":{\"@id\":\"https:\\\/\\\/www.gold.fr\\\/news\\\/2025\\\/10\\\/06\\\/securite-du-marche-de-lor-tf1-fait-le-point\\\/#primaryimage\"},\"thumbnailUrl\":\"https:\\\/\\\/www.gold.fr\\\/news\\\/wp-content\\\/uploads\\\/2025\\\/10\\\/Passage-tv-TF1-paysage-5.png\",\"datePublished\":\"2025-10-06T10:07:47+00:00\",\"dateModified\":\"2025-10-06T12:56:54+00:00\",\"author\":{\"@id\":\"https:\\\/\\\/www.gold.fr\\\/news\\\/#\\\/schema\\\/person\\\/3ff0382c40999d45cb6b26eacf558dd0\"},\"description\":\"Le Comptoir National de l\u2019Or explique sur TF1 comment son mod\u00e8le s\u00e9curis\u00e9, sans stock en agence, prot\u00e8ge le march\u00e9 de l\u2019or des risques de vol.\",\"breadcrumb\":{\"@id\":\"https:\\\/\\\/www.gold.fr\\\/news\\\/2025\\\/10\\\/06\\\/securite-du-marche-de-lor-tf1-fait-le-point\\\/#breadcrumb\"},\"inLanguage\":\"fr-FR\",\"potentialAction\":[{\"@type\":\"ReadAction\",\"target\":[\"https:\\\/\\\/www.gold.fr\\\/news\\\/2025\\\/10\\\/06\\\/securite-du-marche-de-lor-tf1-fait-le-point\\\/\"]}]},{\"@type\":\"ImageObject\",\"inLanguage\":\"fr-FR\",\"@id\":\"https:\\\/\\\/www.gold.fr\\\/news\\\/2025\\\/10\\\/06\\\/securite-du-marche-de-lor-tf1-fait-le-point\\\/#primaryimage\",\"url\":\"https:\\\/\\\/www.gold.fr\\\/news\\\/wp-content\\\/uploads\\\/2025\\\/10\\\/Passage-tv-TF1-paysage-5.png\",\"contentUrl\":\"https:\\\/\\\/www.gold.fr\\\/news\\\/wp-content\\\/uploads\\\/2025\\\/10\\\/Passage-tv-TF1-paysage-5.png\",\"width\":1472,\"height\":832,\"caption\":\"lingot d'or, coffre-fort, comptoir national de l'or au journal t\u00e9l\u00e9vis\u00e9 de TF1\"},{\"@type\":\"BreadcrumbList\",\"@id\":\"https:\\\/\\\/www.gold.fr\\\/news\\\/2025\\\/10\\\/06\\\/securite-du-marche-de-lor-tf1-fait-le-point\\\/#breadcrumb\",\"itemListElement\":[{\"@type\":\"ListItem\",\"position\":1,\"name\":\"Accueil\",\"item\":\"https:\\\/\\\/www.gold.fr\\\/\"},{\"@type\":\"ListItem\",\"position\":2,\"name\":\"Actualit\u00e9s\",\"item\":\"https:\\\/\\\/www.gold.fr\\\/news\\\/\"},{\"@type\":\"ListItem\",\"position\":3,\"name\":\"S\u00e9curit\u00e9 du march\u00e9 de l&rsquo;or : TF1 fait le point\"}]},{\"@type\":\"WebSite\",\"@id\":\"https:\\\/\\\/www.gold.fr\\\/news\\\/#website\",\"url\":\"https:\\\/\\\/www.gold.fr\\\/news\\\/\",\"name\":\"Gold.fr\",\"description\":\"Actualit\u00e9s de l&#039;Or et des m\u00e9taux pr\u00e9cieux\",\"potentialAction\":[{\"@type\":\"SearchAction\",\"target\":{\"@type\":\"EntryPoint\",\"urlTemplate\":\"https:\\\/\\\/www.gold.fr\\\/news\\\/?s={search_term_string}\"},\"query-input\":{\"@type\":\"PropertyValueSpecification\",\"valueRequired\":true,\"valueName\":\"search_term_string\"}}],\"inLanguage\":\"fr-FR\"},{\"@type\":\"Person\",\"@id\":\"https:\\\/\\\/www.gold.fr\\\/news\\\/#\\\/schema\\\/person\\\/3ff0382c40999d45cb6b26eacf558dd0\",\"name\":\"Presse\",\"image\":{\"@type\":\"ImageObject\",\"inLanguage\":\"fr-FR\",\"@id\":\"https:\\\/\\\/secure.gravatar.com\\\/avatar\\\/392ef11d08663715e9f94a7c765916e46b5b0ce11b8ce82a6a96a9e60580030b?s=96&d=mm&r=g0d21c659f39d0b3dd3d526db8197c1aa\",\"url\":\"https:\\\/\\\/secure.gravatar.com\\\/avatar\\\/392ef11d08663715e9f94a7c765916e46b5b0ce11b8ce82a6a96a9e60580030b?s=96&d=mm&r=g\",\"contentUrl\":\"https:\\\/\\\/secure.gravatar.com\\\/avatar\\\/392ef11d08663715e9f94a7c765916e46b5b0ce11b8ce82a6a96a9e60580030b?s=96&d=mm&r=g\",\"caption\":\"Presse\"},\"description\":\"Avec plus de\u00a0800 000 clients\u00a0qui nous ont fait confiance depuis notre cr\u00e9ation,\u00a0Le Comptoir National de l'Or\u00a0est devenu un acteur majeur en France de la\u00a0vente et du rachat de m\u00e9taux pr\u00e9cieux\u00a0(Or, Argent, Platine, Palladium). Le Comptoir National de l'Or compte aujourd'hui plus de\u00a0100 Comptoirs d'achat d'Or pr\u00e9sents partout en France.\",\"sameAs\":[\"https:\\\/\\\/www.gold.fr\\\/informations-sur-l-or\\\/\"]}]}<\/script>\n<!-- \/ Yoast SEO plugin. -->","yoast_head_json":{"title":"S\u00e9curit\u00e9 du march\u00e9 de l'or : TF1 fait le point - Gold.fr","description":"Le Comptoir National de l\u2019Or explique sur TF1 comment son mod\u00e8le s\u00e9curis\u00e9, sans stock en agence, prot\u00e8ge le march\u00e9 de l\u2019or des risques de vol.","robots":{"index":"index","follow":"follow","max-snippet":"max-snippet:-1","max-image-preview":"max-image-preview:large","max-video-preview":"max-video-preview:-1"},"canonical":"https:\/\/www.gold.fr\/news\/2025\/10\/06\/securite-du-marche-de-lor-tf1-fait-le-point\/","og_locale":"fr_FR","og_type":"article","og_title":"S\u00e9curit\u00e9 du march\u00e9 de l'or : TF1 fait le point - Gold.fr","og_description":"Le Comptoir National de l\u2019Or explique sur TF1 comment son mod\u00e8le s\u00e9curis\u00e9, sans stock en agence, prot\u00e8ge le march\u00e9 de l\u2019or des risques de vol.","og_url":"https:\/\/www.gold.fr\/news\/2025\/10\/06\/securite-du-marche-de-lor-tf1-fait-le-point\/","og_site_name":"Gold.fr","article_publisher":"https:\/\/www.facebook.com\/Goldfr\/","article_published_time":"2025-10-06T10:07:47+00:00","article_modified_time":"2025-10-06T12:56:54+00:00","og_image":[{"width":1472,"height":832,"url":"https:\/\/www.gold.fr\/news\/wp-content\/uploads\/2025\/10\/Passage-tv-TF1-paysage-5.png","type":"image\/png"}],"author":"Presse","twitter_card":"summary_large_image","twitter_misc":{"\u00c9crit par":"Presse","Dur\u00e9e de lecture estim\u00e9e":"2 minutes"},"schema":{"@context":"https:\/\/schema.org","@graph":[{"@type":"Article","@id":"https:\/\/www.gold.fr\/news\/2025\/10\/06\/securite-du-marche-de-lor-tf1-fait-le-point\/#article","isPartOf":{"@id":"https:\/\/www.gold.fr\/news\/2025\/10\/06\/securite-du-marche-de-lor-tf1-fait-le-point\/"},"author":{"name":"Presse","@id":"https:\/\/www.gold.fr\/news\/#\/schema\/person\/3ff0382c40999d45cb6b26eacf558dd0"},"headline":"S\u00e9curit\u00e9 du march\u00e9 de l&rsquo;or : TF1 fait le point","datePublished":"2025-10-06T10:07:47+00:00","dateModified":"2025-10-06T12:56:54+00:00","mainEntityOfPage":{"@id":"https:\/\/www.gold.fr\/news\/2025\/10\/06\/securite-du-marche-de-lor-tf1-fait-le-point\/"},"wordCount":272,"image":{"@id":"https:\/\/www.gold.fr\/news\/2025\/10\/06\/securite-du-marche-de-lor-tf1-fait-le-point\/#primaryimage"},"thumbnailUrl":"https:\/\/www.gold.fr\/news\/wp-content\/uploads\/2025\/10\/Passage-tv-TF1-paysage-5.png","articleSection":["Articles de presse","CNDO dans la presse"],"inLanguage":"fr-FR"},{"@type":"WebPage","@id":"https:\/\/www.gold.fr\/news\/2025\/10\/06\/securite-du-marche-de-lor-tf1-fait-le-point\/","url":"https:\/\/www.gold.fr\/news\/2025\/10\/06\/securite-du-marche-de-lor-tf1-fait-le-point\/","name":"S\u00e9curit\u00e9 du march\u00e9 de l'or : TF1 fait le point - Gold.fr","isPartOf":{"@id":"https:\/\/www.gold.fr\/news\/#website"},"primaryImageOfPage":{"@id":"https:\/\/www.gold.fr\/news\/2025\/10\/06\/securite-du-marche-de-lor-tf1-fait-le-point\/#primaryimage"},"image":{"@id":"https:\/\/www.gold.fr\/news\/2025\/10\/06\/securite-du-marche-de-lor-tf1-fait-le-point\/#primaryimage"},"thumbnailUrl":"https:\/\/www.gold.fr\/news\/wp-content\/uploads\/2025\/10\/Passage-tv-TF1-paysage-5.png","datePublished":"2025-10-06T10:07:47+00:00","dateModified":"2025-10-06T12:56:54+00:00","author":{"@id":"https:\/\/www.gold.fr\/news\/#\/schema\/person\/3ff0382c40999d45cb6b26eacf558dd0"},"description":"Le Comptoir National de l\u2019Or explique sur TF1 comment son mod\u00e8le s\u00e9curis\u00e9, sans stock en agence, prot\u00e8ge le march\u00e9 de l\u2019or des risques de vol.","breadcrumb":{"@id":"https:\/\/www.gold.fr\/news\/2025\/10\/06\/securite-du-marche-de-lor-tf1-fait-le-point\/#breadcrumb"},"inLanguage":"fr-FR","potentialAction":[{"@type":"ReadAction","target":["https:\/\/www.gold.fr\/news\/2025\/10\/06\/securite-du-marche-de-lor-tf1-fait-le-point\/"]}]},{"@type":"ImageObject","inLanguage":"fr-FR","@id":"https:\/\/www.gold.fr\/news\/2025\/10\/06\/securite-du-marche-de-lor-tf1-fait-le-point\/#primaryimage","url":"https:\/\/www.gold.fr\/news\/wp-content\/uploads\/2025\/10\/Passage-tv-TF1-paysage-5.png","contentUrl":"https:\/\/www.gold.fr\/news\/wp-content\/uploads\/2025\/10\/Passage-tv-TF1-paysage-5.png","width":1472,"height":832,"caption":"lingot d'or, coffre-fort, comptoir national de l'or au journal t\u00e9l\u00e9vis\u00e9 de TF1"},{"@type":"BreadcrumbList","@id":"https:\/\/www.gold.fr\/news\/2025\/10\/06\/securite-du-marche-de-lor-tf1-fait-le-point\/#breadcrumb","itemListElement":[{"@type":"ListItem","position":1,"name":"Accueil","item":"https:\/\/www.gold.fr\/"},{"@type":"ListItem","position":2,"name":"Actualit\u00e9s","item":"https:\/\/www.gold.fr\/news\/"},{"@type":"ListItem","position":3,"name":"S\u00e9curit\u00e9 du march\u00e9 de l&rsquo;or : TF1 fait le point"}]},{"@type":"WebSite","@id":"https:\/\/www.gold.fr\/news\/#website","url":"https:\/\/www.gold.fr\/news\/","name":"Gold.fr","description":"Actualit\u00e9s de l&#039;Or et des m\u00e9taux pr\u00e9cieux","potentialAction":[{"@type":"SearchAction","target":{"@type":"EntryPoint","urlTemplate":"https:\/\/www.gold.fr\/news\/?s={search_term_string}"},"query-input":{"@type":"PropertyValueSpecification","valueRequired":true,"valueName":"search_term_string"}}],"inLanguage":"fr-FR"},{"@type":"Person","@id":"https:\/\/www.gold.fr\/news\/#\/schema\/person\/3ff0382c40999d45cb6b26eacf558dd0","name":"Presse","image":{"@type":"ImageObject","inLanguage":"fr-FR","@id":"https:\/\/secure.gravatar.com\/avatar\/392ef11d08663715e9f94a7c765916e46b5b0ce11b8ce82a6a96a9e60580030b?s=96&d=mm&r=g0d21c659f39d0b3dd3d526db8197c1aa","url":"https:\/\/secure.gravatar.com\/avatar\/392ef11d08663715e9f94a7c765916e46b5b0ce11b8ce82a6a96a9e60580030b?s=96&d=mm&r=g","contentUrl":"https:\/\/secure.gravatar.com\/avatar\/392ef11d08663715e9f94a7c765916e46b5b0ce11b8ce82a6a96a9e60580030b?s=96&d=mm&r=g","caption":"Presse"},"description":"Avec plus de\u00a0800 000 clients\u00a0qui nous ont fait confiance depuis notre cr\u00e9ation,\u00a0Le Comptoir National de l'Or\u00a0est devenu un acteur majeur en France de la\u00a0vente et du rachat de m\u00e9taux pr\u00e9cieux\u00a0(Or, Argent, Platine, Palladium). Le Comptoir National de l'Or compte aujourd'hui plus de\u00a0100 Comptoirs d'achat d'Or pr\u00e9sents partout en France.","sameAs":["https:\/\/www.gold.fr\/informations-sur-l-or\/"]}]}},"authors":[{"term_id":2563,"user_id":13,"is_guest":0,"slug":"on-parle-du-comptoir-national-de-lor-dans-la-press","display_name":"Presse","avatar_url":"https:\/\/secure.gravatar.com\/avatar\/392ef11d08663715e9f94a7c765916e46b5b0ce11b8ce82a6a96a9e60580030b?s=96&d=mm&r=g","0":null,"1":"","2":"","3":"","4":"","5":"","6":"","7":"","8":""}],"_links":{"self":[{"href":"https:\/\/www.gold.fr\/news\/wp-json\/wp\/v2\/posts\/49116","targetHints":{"allow":["GET"]}}],"collection":[{"href":"https:\/\/www.gold.fr\/news\/wp-json\/wp\/v2\/posts"}],"about":[{"href":"https:\/\/www.gold.fr\/news\/wp-json\/wp\/v2\/types\/post"}],"author":[{"embeddable":true,"href":"https:\/\/www.gold.fr\/news\/wp-json\/wp\/v2\/users\/13"}],"replies":[{"embeddable":true,"href":"https:\/\/www.gold.fr\/news\/wp-json\/wp\/v2\/comments?post=49116"}],"version-history":[{"count":4,"href":"https:\/\/www.gold.fr\/news\/wp-json\/wp\/v2\/posts\/49116\/revisions"}],"predecessor-version":[{"id":49123,"href":"https:\/\/www.gold.fr\/news\/wp-json\/wp\/v2\/posts\/49116\/revisions\/49123"}],"wp:featuredmedia":[{"embeddable":true,"href":"https:\/\/www.gold.fr\/news\/wp-json\/wp\/v2\/media\/49125"}],"wp:attachment":[{"href":"https:\/\/www.gold.fr\/news\/wp-json\/wp\/v2\/media?parent=49116"}],"wp:term":[{"taxonomy":"category","embeddable":true,"href":"https:\/\/www.gold.fr\/news\/wp-json\/wp\/v2\/categories?post=49116"},{"taxonomy":"post_tag","embeddable":true,"href":"https:\/\/www.gold.fr\/news\/wp-json\/wp\/v2\/tags?post=49116"},{"taxonomy":"author","embeddable":true,"href":"https:\/\/www.gold.fr\/news\/wp-json\/wp\/v2\/ppma_author?post=49116"}],"curies":[{"name":"wp","href":"https:\/\/api.w.org\/{rel}","templated":true}]}}