{"id":48954,"date":"2025-09-09T13:00:44","date_gmt":"2025-09-09T11:00:44","guid":{"rendered":"https:\/\/www.gold.fr\/news\/?p=48954"},"modified":"2025-09-09T13:00:44","modified_gmt":"2025-09-09T11:00:44","slug":"lor-au-plus-haut-lanalyse-de-laurent-schwartz-sur-bfm-business","status":"publish","type":"post","link":"https:\/\/www.gold.fr\/news\/2025\/09\/09\/lor-au-plus-haut-lanalyse-de-laurent-schwartz-sur-bfm-business\/","title":{"rendered":"L\u2019or au plus haut : l\u2019analyse de Laurent Schwartz sur BFM Business"},"content":{"rendered":"<div class=\"flex max-w-full flex-col flex-grow\">\n<div class=\"min-h-8 text-message flex w-full flex-col items-end gap-2 whitespace-normal break-words text-start [.text-message+&amp;]:mt-5\" dir=\"auto\" data-message-author-role=\"assistant\" data-message-id=\"20d61891-48d8-470b-9ce9-c42a580adf2e\" data-message-model-slug=\"gpt-4o\">\n<div class=\"flex w-full flex-col gap-1 empty:hidden first:pt-[3px]\">\n<div class=\"markdown prose w-full break-words dark:prose-invert dark\">\n<p data-start=\"142\" data-end=\"430\">Ce lundi 8 septembre 2025, l\u2019\u00e9mission <em data-start=\"180\" data-end=\"200\">Tout pour investir<\/em> sur BFM TV consacrait sa rubrique <em data-start=\"235\" data-end=\"251\">Le coffre-fort<\/em> au th\u00e8me \u00ab Or, proche du niveau record \u00bb. \u00c0 cette occasion, Laurent Schwartz, pr\u00e9sident du Comptoir National de l\u2019Or, \u00e9tait l\u2019invit\u00e9 du plateau pour partager son expertise.<\/p>\n<p data-start=\"432\" data-end=\"777\">Depuis la crise des subprimes en 2008, l\u2019or conna\u00eet une trajectoire durablement favorable, ponctu\u00e9e de phases d\u2019acc\u00e9l\u00e9ration. En 2025, le m\u00e9tal pr\u00e9cieux affiche d\u00e9j\u00e0 plus de <a href=\"https:\/\/www.gold.fr\/cours-or-prix-de-l-or\/\">20% de hausse en euros<\/a>, surperformant toutes les autres classes d\u2019actifs, y compris le CAC 40. Selon Laurent Schwartz, il n\u2019existe \u00ab aucun plafond de verre pour l\u2019or \u00bb.<\/p>\n<p data-start=\"779\" data-end=\"1293\">L\u2019ann\u00e9e a \u00e9t\u00e9 marqu\u00e9e par une accalmie de la demande en or d\u2019investissement (<a href=\"https:\/\/www.gold.fr\/achat-lingot-or\/\">lingots<\/a> et <a href=\"https:\/\/www.gold.fr\/achat-piece-or\/\">pi\u00e8ces<\/a>) entre mai et la fin de l\u2019\u00e9t\u00e9, difficile \u00e0 expliquer tant le cours est rest\u00e9 \u00e9lev\u00e9. Mais depuis quelques semaines le march\u00e9 se r\u00e9veille, stimul\u00e9 par les incertitudes g\u00e9opolitiques, la perspective d\u2019une baisse des taux et les achats massifs des banques centrales. Autant de signaux qui poussent les investisseurs \u00e0 se tourner de nouveau vers l\u2019or pour diversifier leurs r\u00e9serves, avant une nouvelle phase de hausse.<\/p>\n<p data-start=\"1295\" data-end=\"1541\">Laurent Schwartz rappelle \u00e9galement que l\u2019investissement dans l\u2019or peut prendre diff\u00e9rentes formes selon le budget et les besoins de chacun : <a href=\"https:\/\/www.gold.fr\/achat-piece-or\/\">des pi\u00e8ces embl\u00e9matiques comme le Napol\u00e9on ou le Krugerrand<\/a>, des <a href=\"https:\/\/www.gold.fr\/achat-lingot-or\/\">lingotins<\/a> (5g, 10g ou 20g) ou encore des <a href=\"https:\/\/www.gold.fr\/achat-lingot-or\/\">lingots<\/a> (200g, 500, ou 1kg).<\/p>\n<\/div>\n<\/div>\n<\/div>\n<\/div>\n<p><strong>Pour visionner l&rsquo;\u00e9mission en replay, <a href=\"https:\/\/www.bfmtv.com\/economie\/replay-emissions\/bfm-patrimoine\/video-le-coffre-fort-or-proche-du-niveau-record-08-09_VN-202509080462.html\">cliquez ici<\/a> !<\/strong><\/p>\n<p>&nbsp;<\/p>\n<a href=\"https:\/\/support.gold.fr\/fr\/livreblanc-investir-dans-l-or-gdn2024\" target=\"_blank\" class=\"goldCTA\">\n    <img decoding=\"async\" src=\"https:\/\/www.gold.fr\/news\/wp-content\/uploads\/2024\/09\/Couverture-LB-quel-budget-pour-investir-dans-lor.png\" alt=\"\" \/>    <div class=\"rightPart\">\n        <div class=\"content\">\n            <\/p>\n<h2><strong>Vous souhaitez investir dans l&rsquo;or ?\u00a0<\/strong><\/h2>\n<p>Vous h\u00e9sitez \u00e0 diversifier votre portefeuille ? Pourquoi ne pas investir dans l&rsquo;or ? Notre guide vous permettra d&rsquo;affiner votre r\u00e9flexion gr\u00e2ce \u00e0 des exemples de pi\u00e8ces et lingots d&rsquo;or que vous pourriez acqu\u00e9rir avec votre budget.<\/p>\n<p>        <\/div>\n                <span class=\"button\">Je souhaite investir dans l'or !<\/span>\n            <\/div>\n<\/a>\n<p>&nbsp;<\/p>\n<!-- AddThis Advanced Settings generic via filter on the_content --><!-- AddThis Share Buttons generic via filter on the_content -->","protected":false},"excerpt":{"rendered":"<p>Ce lundi 8 septembre 2025, l\u2019\u00e9mission Tout pour investir sur BFM TV consacrait sa rubrique Le coffre-fort au th\u00e8me \u00ab Or, proche du niveau record \u00bb. \u00c0 cette occasion, Laurent Schwartz, pr\u00e9sident du Comptoir National de [&hellip;]<\/p>\n","protected":false},"author":13,"featured_media":48955,"comment_status":"closed","ping_status":"closed","sticky":false,"template":"","format":"standard","meta":{"_mbp_gutenberg_autopost":false,"_pgmb_is_evergreen":false,"_pgmb_ap_template_id":0,"footnotes":""},"categories":[6,2414],"tags":[],"ppma_author":[2563],"class_list":["post-48954","post","type-post","status-publish","format-standard","has-post-thumbnail","hentry","category-articles-de-presse","category-cndo-dans-la-presse"],"yoast_head":"<!-- This site is optimized with the Yoast SEO plugin v27.5 - https:\/\/yoast.com\/product\/yoast-seo-wordpress\/ -->\n<title>L\u2019or au plus haut : l\u2019analyse de Laurent Schwartz sur BFM Business - Gold.fr<\/title>\n<meta name=\"description\" content=\"Laurent Schwartz (Comptoir National de l&#039;Or) analyse sur BFM TV la hausse record de l&#039;or en 2025 et ses opportunit\u00e9s d&#039;investissement.\" \/>\n<meta name=\"robots\" content=\"index, follow, max-snippet:-1, max-image-preview:large, max-video-preview:-1\" \/>\n<link rel=\"canonical\" href=\"https:\/\/www.gold.fr\/news\/2025\/09\/09\/lor-au-plus-haut-lanalyse-de-laurent-schwartz-sur-bfm-business\/\" \/>\n<meta property=\"og:locale\" content=\"fr_FR\" \/>\n<meta property=\"og:type\" content=\"article\" \/>\n<meta property=\"og:title\" content=\"L\u2019or au plus haut : l\u2019analyse de Laurent Schwartz sur BFM Business - Gold.fr\" \/>\n<meta property=\"og:description\" content=\"Laurent Schwartz (Comptoir National de l&#039;Or) analyse sur BFM TV la hausse record de l&#039;or en 2025 et ses opportunit\u00e9s d&#039;investissement.\" \/>\n<meta property=\"og:url\" content=\"https:\/\/www.gold.fr\/news\/2025\/09\/09\/lor-au-plus-haut-lanalyse-de-laurent-schwartz-sur-bfm-business\/\" \/>\n<meta property=\"og:site_name\" content=\"Gold.fr\" \/>\n<meta property=\"article:publisher\" content=\"https:\/\/www.facebook.com\/Goldfr\/\" \/>\n<meta property=\"article:published_time\" content=\"2025-09-09T11:00:44+00:00\" \/>\n<meta property=\"og:image\" content=\"https:\/\/www.gold.fr\/news\/wp-content\/uploads\/2025\/09\/bfm-business-9-septembre-2025.png\" \/>\n\t<meta property=\"og:image:width\" content=\"802\" \/>\n\t<meta property=\"og:image:height\" content=\"476\" \/>\n\t<meta property=\"og:image:type\" content=\"image\/png\" \/>\n<meta name=\"author\" content=\"Presse\" \/>\n<meta name=\"twitter:card\" content=\"summary_large_image\" \/>\n<meta name=\"twitter:label1\" content=\"\u00c9crit par\" \/>\n\t<meta name=\"twitter:data1\" content=\"Presse\" \/>\n\t<meta name=\"twitter:label2\" content=\"Dur\u00e9e de lecture estim\u00e9e\" \/>\n\t<meta name=\"twitter:data2\" content=\"2 minutes\" \/>\n<script type=\"application\/ld+json\" class=\"yoast-schema-graph\">{\"@context\":\"https:\\\/\\\/schema.org\",\"@graph\":[{\"@type\":\"Article\",\"@id\":\"https:\\\/\\\/www.gold.fr\\\/news\\\/2025\\\/09\\\/09\\\/lor-au-plus-haut-lanalyse-de-laurent-schwartz-sur-bfm-business\\\/#article\",\"isPartOf\":{\"@id\":\"https:\\\/\\\/www.gold.fr\\\/news\\\/2025\\\/09\\\/09\\\/lor-au-plus-haut-lanalyse-de-laurent-schwartz-sur-bfm-business\\\/\"},\"author\":{\"name\":\"Presse\",\"@id\":\"https:\\\/\\\/www.gold.fr\\\/news\\\/#\\\/schema\\\/person\\\/3ff0382c40999d45cb6b26eacf558dd0\"},\"headline\":\"L\u2019or au plus haut : l\u2019analyse de Laurent Schwartz sur BFM Business\",\"datePublished\":\"2025-09-09T11:00:44+00:00\",\"mainEntityOfPage\":{\"@id\":\"https:\\\/\\\/www.gold.fr\\\/news\\\/2025\\\/09\\\/09\\\/lor-au-plus-haut-lanalyse-de-laurent-schwartz-sur-bfm-business\\\/\"},\"wordCount\":343,\"image\":{\"@id\":\"https:\\\/\\\/www.gold.fr\\\/news\\\/2025\\\/09\\\/09\\\/lor-au-plus-haut-lanalyse-de-laurent-schwartz-sur-bfm-business\\\/#primaryimage\"},\"thumbnailUrl\":\"https:\\\/\\\/www.gold.fr\\\/news\\\/wp-content\\\/uploads\\\/2025\\\/09\\\/bfm-business-9-septembre-2025.png\",\"articleSection\":[\"Articles de presse\",\"CNDO dans la presse\"],\"inLanguage\":\"fr-FR\"},{\"@type\":\"WebPage\",\"@id\":\"https:\\\/\\\/www.gold.fr\\\/news\\\/2025\\\/09\\\/09\\\/lor-au-plus-haut-lanalyse-de-laurent-schwartz-sur-bfm-business\\\/\",\"url\":\"https:\\\/\\\/www.gold.fr\\\/news\\\/2025\\\/09\\\/09\\\/lor-au-plus-haut-lanalyse-de-laurent-schwartz-sur-bfm-business\\\/\",\"name\":\"L\u2019or au plus haut : l\u2019analyse de Laurent Schwartz sur BFM Business - Gold.fr\",\"isPartOf\":{\"@id\":\"https:\\\/\\\/www.gold.fr\\\/news\\\/#website\"},\"primaryImageOfPage\":{\"@id\":\"https:\\\/\\\/www.gold.fr\\\/news\\\/2025\\\/09\\\/09\\\/lor-au-plus-haut-lanalyse-de-laurent-schwartz-sur-bfm-business\\\/#primaryimage\"},\"image\":{\"@id\":\"https:\\\/\\\/www.gold.fr\\\/news\\\/2025\\\/09\\\/09\\\/lor-au-plus-haut-lanalyse-de-laurent-schwartz-sur-bfm-business\\\/#primaryimage\"},\"thumbnailUrl\":\"https:\\\/\\\/www.gold.fr\\\/news\\\/wp-content\\\/uploads\\\/2025\\\/09\\\/bfm-business-9-septembre-2025.png\",\"datePublished\":\"2025-09-09T11:00:44+00:00\",\"author\":{\"@id\":\"https:\\\/\\\/www.gold.fr\\\/news\\\/#\\\/schema\\\/person\\\/3ff0382c40999d45cb6b26eacf558dd0\"},\"description\":\"Laurent Schwartz (Comptoir National de l'Or) analyse sur BFM TV la hausse record de l'or en 2025 et ses opportunit\u00e9s d'investissement.\",\"breadcrumb\":{\"@id\":\"https:\\\/\\\/www.gold.fr\\\/news\\\/2025\\\/09\\\/09\\\/lor-au-plus-haut-lanalyse-de-laurent-schwartz-sur-bfm-business\\\/#breadcrumb\"},\"inLanguage\":\"fr-FR\",\"potentialAction\":[{\"@type\":\"ReadAction\",\"target\":[\"https:\\\/\\\/www.gold.fr\\\/news\\\/2025\\\/09\\\/09\\\/lor-au-plus-haut-lanalyse-de-laurent-schwartz-sur-bfm-business\\\/\"]}]},{\"@type\":\"ImageObject\",\"inLanguage\":\"fr-FR\",\"@id\":\"https:\\\/\\\/www.gold.fr\\\/news\\\/2025\\\/09\\\/09\\\/lor-au-plus-haut-lanalyse-de-laurent-schwartz-sur-bfm-business\\\/#primaryimage\",\"url\":\"https:\\\/\\\/www.gold.fr\\\/news\\\/wp-content\\\/uploads\\\/2025\\\/09\\\/bfm-business-9-septembre-2025.png\",\"contentUrl\":\"https:\\\/\\\/www.gold.fr\\\/news\\\/wp-content\\\/uploads\\\/2025\\\/09\\\/bfm-business-9-septembre-2025.png\",\"width\":802,\"height\":476,\"caption\":\"BFM Business Laurent 8 septembre 2025\"},{\"@type\":\"BreadcrumbList\",\"@id\":\"https:\\\/\\\/www.gold.fr\\\/news\\\/2025\\\/09\\\/09\\\/lor-au-plus-haut-lanalyse-de-laurent-schwartz-sur-bfm-business\\\/#breadcrumb\",\"itemListElement\":[{\"@type\":\"ListItem\",\"position\":1,\"name\":\"Accueil\",\"item\":\"https:\\\/\\\/www.gold.fr\\\/\"},{\"@type\":\"ListItem\",\"position\":2,\"name\":\"Actualit\u00e9s\",\"item\":\"https:\\\/\\\/www.gold.fr\\\/news\\\/\"},{\"@type\":\"ListItem\",\"position\":3,\"name\":\"L\u2019or au plus haut : l\u2019analyse de Laurent Schwartz sur BFM Business\"}]},{\"@type\":\"WebSite\",\"@id\":\"https:\\\/\\\/www.gold.fr\\\/news\\\/#website\",\"url\":\"https:\\\/\\\/www.gold.fr\\\/news\\\/\",\"name\":\"Gold.fr\",\"description\":\"Actualit\u00e9s de l&#039;Or et des m\u00e9taux pr\u00e9cieux\",\"potentialAction\":[{\"@type\":\"SearchAction\",\"target\":{\"@type\":\"EntryPoint\",\"urlTemplate\":\"https:\\\/\\\/www.gold.fr\\\/news\\\/?s={search_term_string}\"},\"query-input\":{\"@type\":\"PropertyValueSpecification\",\"valueRequired\":true,\"valueName\":\"search_term_string\"}}],\"inLanguage\":\"fr-FR\"},{\"@type\":\"Person\",\"@id\":\"https:\\\/\\\/www.gold.fr\\\/news\\\/#\\\/schema\\\/person\\\/3ff0382c40999d45cb6b26eacf558dd0\",\"name\":\"Presse\",\"image\":{\"@type\":\"ImageObject\",\"inLanguage\":\"fr-FR\",\"@id\":\"https:\\\/\\\/secure.gravatar.com\\\/avatar\\\/392ef11d08663715e9f94a7c765916e46b5b0ce11b8ce82a6a96a9e60580030b?s=96&d=mm&r=g0d21c659f39d0b3dd3d526db8197c1aa\",\"url\":\"https:\\\/\\\/secure.gravatar.com\\\/avatar\\\/392ef11d08663715e9f94a7c765916e46b5b0ce11b8ce82a6a96a9e60580030b?s=96&d=mm&r=g\",\"contentUrl\":\"https:\\\/\\\/secure.gravatar.com\\\/avatar\\\/392ef11d08663715e9f94a7c765916e46b5b0ce11b8ce82a6a96a9e60580030b?s=96&d=mm&r=g\",\"caption\":\"Presse\"},\"description\":\"Avec plus de\u00a0800 000 clients\u00a0qui nous ont fait confiance depuis notre cr\u00e9ation,\u00a0Le Comptoir National de l'Or\u00a0est devenu un acteur majeur en France de la\u00a0vente et du rachat de m\u00e9taux pr\u00e9cieux\u00a0(Or, Argent, Platine, Palladium). Le Comptoir National de l'Or compte aujourd'hui plus de\u00a0100 Comptoirs d'achat d'Or pr\u00e9sents partout en France.\",\"sameAs\":[\"https:\\\/\\\/www.gold.fr\\\/informations-sur-l-or\\\/\"]}]}<\/script>\n<!-- \/ Yoast SEO plugin. -->","yoast_head_json":{"title":"L\u2019or au plus haut : l\u2019analyse de Laurent Schwartz sur BFM Business - Gold.fr","description":"Laurent Schwartz (Comptoir National de l'Or) analyse sur BFM TV la hausse record de l'or en 2025 et ses opportunit\u00e9s d'investissement.","robots":{"index":"index","follow":"follow","max-snippet":"max-snippet:-1","max-image-preview":"max-image-preview:large","max-video-preview":"max-video-preview:-1"},"canonical":"https:\/\/www.gold.fr\/news\/2025\/09\/09\/lor-au-plus-haut-lanalyse-de-laurent-schwartz-sur-bfm-business\/","og_locale":"fr_FR","og_type":"article","og_title":"L\u2019or au plus haut : l\u2019analyse de Laurent Schwartz sur BFM Business - Gold.fr","og_description":"Laurent Schwartz (Comptoir National de l'Or) analyse sur BFM TV la hausse record de l'or en 2025 et ses opportunit\u00e9s d'investissement.","og_url":"https:\/\/www.gold.fr\/news\/2025\/09\/09\/lor-au-plus-haut-lanalyse-de-laurent-schwartz-sur-bfm-business\/","og_site_name":"Gold.fr","article_publisher":"https:\/\/www.facebook.com\/Goldfr\/","article_published_time":"2025-09-09T11:00:44+00:00","og_image":[{"width":802,"height":476,"url":"https:\/\/www.gold.fr\/news\/wp-content\/uploads\/2025\/09\/bfm-business-9-septembre-2025.png","type":"image\/png"}],"author":"Presse","twitter_card":"summary_large_image","twitter_misc":{"\u00c9crit par":"Presse","Dur\u00e9e de lecture estim\u00e9e":"2 minutes"},"schema":{"@context":"https:\/\/schema.org","@graph":[{"@type":"Article","@id":"https:\/\/www.gold.fr\/news\/2025\/09\/09\/lor-au-plus-haut-lanalyse-de-laurent-schwartz-sur-bfm-business\/#article","isPartOf":{"@id":"https:\/\/www.gold.fr\/news\/2025\/09\/09\/lor-au-plus-haut-lanalyse-de-laurent-schwartz-sur-bfm-business\/"},"author":{"name":"Presse","@id":"https:\/\/www.gold.fr\/news\/#\/schema\/person\/3ff0382c40999d45cb6b26eacf558dd0"},"headline":"L\u2019or au plus haut : l\u2019analyse de Laurent Schwartz sur BFM Business","datePublished":"2025-09-09T11:00:44+00:00","mainEntityOfPage":{"@id":"https:\/\/www.gold.fr\/news\/2025\/09\/09\/lor-au-plus-haut-lanalyse-de-laurent-schwartz-sur-bfm-business\/"},"wordCount":343,"image":{"@id":"https:\/\/www.gold.fr\/news\/2025\/09\/09\/lor-au-plus-haut-lanalyse-de-laurent-schwartz-sur-bfm-business\/#primaryimage"},"thumbnailUrl":"https:\/\/www.gold.fr\/news\/wp-content\/uploads\/2025\/09\/bfm-business-9-septembre-2025.png","articleSection":["Articles de presse","CNDO dans la presse"],"inLanguage":"fr-FR"},{"@type":"WebPage","@id":"https:\/\/www.gold.fr\/news\/2025\/09\/09\/lor-au-plus-haut-lanalyse-de-laurent-schwartz-sur-bfm-business\/","url":"https:\/\/www.gold.fr\/news\/2025\/09\/09\/lor-au-plus-haut-lanalyse-de-laurent-schwartz-sur-bfm-business\/","name":"L\u2019or au plus haut : l\u2019analyse de Laurent Schwartz sur BFM Business - Gold.fr","isPartOf":{"@id":"https:\/\/www.gold.fr\/news\/#website"},"primaryImageOfPage":{"@id":"https:\/\/www.gold.fr\/news\/2025\/09\/09\/lor-au-plus-haut-lanalyse-de-laurent-schwartz-sur-bfm-business\/#primaryimage"},"image":{"@id":"https:\/\/www.gold.fr\/news\/2025\/09\/09\/lor-au-plus-haut-lanalyse-de-laurent-schwartz-sur-bfm-business\/#primaryimage"},"thumbnailUrl":"https:\/\/www.gold.fr\/news\/wp-content\/uploads\/2025\/09\/bfm-business-9-septembre-2025.png","datePublished":"2025-09-09T11:00:44+00:00","author":{"@id":"https:\/\/www.gold.fr\/news\/#\/schema\/person\/3ff0382c40999d45cb6b26eacf558dd0"},"description":"Laurent Schwartz (Comptoir National de l'Or) analyse sur BFM TV la hausse record de l'or en 2025 et ses opportunit\u00e9s d'investissement.","breadcrumb":{"@id":"https:\/\/www.gold.fr\/news\/2025\/09\/09\/lor-au-plus-haut-lanalyse-de-laurent-schwartz-sur-bfm-business\/#breadcrumb"},"inLanguage":"fr-FR","potentialAction":[{"@type":"ReadAction","target":["https:\/\/www.gold.fr\/news\/2025\/09\/09\/lor-au-plus-haut-lanalyse-de-laurent-schwartz-sur-bfm-business\/"]}]},{"@type":"ImageObject","inLanguage":"fr-FR","@id":"https:\/\/www.gold.fr\/news\/2025\/09\/09\/lor-au-plus-haut-lanalyse-de-laurent-schwartz-sur-bfm-business\/#primaryimage","url":"https:\/\/www.gold.fr\/news\/wp-content\/uploads\/2025\/09\/bfm-business-9-septembre-2025.png","contentUrl":"https:\/\/www.gold.fr\/news\/wp-content\/uploads\/2025\/09\/bfm-business-9-septembre-2025.png","width":802,"height":476,"caption":"BFM Business Laurent 8 septembre 2025"},{"@type":"BreadcrumbList","@id":"https:\/\/www.gold.fr\/news\/2025\/09\/09\/lor-au-plus-haut-lanalyse-de-laurent-schwartz-sur-bfm-business\/#breadcrumb","itemListElement":[{"@type":"ListItem","position":1,"name":"Accueil","item":"https:\/\/www.gold.fr\/"},{"@type":"ListItem","position":2,"name":"Actualit\u00e9s","item":"https:\/\/www.gold.fr\/news\/"},{"@type":"ListItem","position":3,"name":"L\u2019or au plus haut : l\u2019analyse de Laurent Schwartz sur BFM Business"}]},{"@type":"WebSite","@id":"https:\/\/www.gold.fr\/news\/#website","url":"https:\/\/www.gold.fr\/news\/","name":"Gold.fr","description":"Actualit\u00e9s de l&#039;Or et des m\u00e9taux pr\u00e9cieux","potentialAction":[{"@type":"SearchAction","target":{"@type":"EntryPoint","urlTemplate":"https:\/\/www.gold.fr\/news\/?s={search_term_string}"},"query-input":{"@type":"PropertyValueSpecification","valueRequired":true,"valueName":"search_term_string"}}],"inLanguage":"fr-FR"},{"@type":"Person","@id":"https:\/\/www.gold.fr\/news\/#\/schema\/person\/3ff0382c40999d45cb6b26eacf558dd0","name":"Presse","image":{"@type":"ImageObject","inLanguage":"fr-FR","@id":"https:\/\/secure.gravatar.com\/avatar\/392ef11d08663715e9f94a7c765916e46b5b0ce11b8ce82a6a96a9e60580030b?s=96&d=mm&r=g0d21c659f39d0b3dd3d526db8197c1aa","url":"https:\/\/secure.gravatar.com\/avatar\/392ef11d08663715e9f94a7c765916e46b5b0ce11b8ce82a6a96a9e60580030b?s=96&d=mm&r=g","contentUrl":"https:\/\/secure.gravatar.com\/avatar\/392ef11d08663715e9f94a7c765916e46b5b0ce11b8ce82a6a96a9e60580030b?s=96&d=mm&r=g","caption":"Presse"},"description":"Avec plus de\u00a0800 000 clients\u00a0qui nous ont fait confiance depuis notre cr\u00e9ation,\u00a0Le Comptoir National de l'Or\u00a0est devenu un acteur majeur en France de la\u00a0vente et du rachat de m\u00e9taux pr\u00e9cieux\u00a0(Or, Argent, Platine, Palladium). Le Comptoir National de l'Or compte aujourd'hui plus de\u00a0100 Comptoirs d'achat d'Or pr\u00e9sents partout en France.","sameAs":["https:\/\/www.gold.fr\/informations-sur-l-or\/"]}]}},"authors":[{"term_id":2563,"user_id":13,"is_guest":0,"slug":"on-parle-du-comptoir-national-de-lor-dans-la-press","display_name":"Presse","avatar_url":"https:\/\/secure.gravatar.com\/avatar\/392ef11d08663715e9f94a7c765916e46b5b0ce11b8ce82a6a96a9e60580030b?s=96&d=mm&r=g","0":null,"1":"","2":"","3":"","4":"","5":"","6":"","7":"","8":""}],"_links":{"self":[{"href":"https:\/\/www.gold.fr\/news\/wp-json\/wp\/v2\/posts\/48954","targetHints":{"allow":["GET"]}}],"collection":[{"href":"https:\/\/www.gold.fr\/news\/wp-json\/wp\/v2\/posts"}],"about":[{"href":"https:\/\/www.gold.fr\/news\/wp-json\/wp\/v2\/types\/post"}],"author":[{"embeddable":true,"href":"https:\/\/www.gold.fr\/news\/wp-json\/wp\/v2\/users\/13"}],"replies":[{"embeddable":true,"href":"https:\/\/www.gold.fr\/news\/wp-json\/wp\/v2\/comments?post=48954"}],"version-history":[{"count":3,"href":"https:\/\/www.gold.fr\/news\/wp-json\/wp\/v2\/posts\/48954\/revisions"}],"predecessor-version":[{"id":48958,"href":"https:\/\/www.gold.fr\/news\/wp-json\/wp\/v2\/posts\/48954\/revisions\/48958"}],"wp:featuredmedia":[{"embeddable":true,"href":"https:\/\/www.gold.fr\/news\/wp-json\/wp\/v2\/media\/48955"}],"wp:attachment":[{"href":"https:\/\/www.gold.fr\/news\/wp-json\/wp\/v2\/media?parent=48954"}],"wp:term":[{"taxonomy":"category","embeddable":true,"href":"https:\/\/www.gold.fr\/news\/wp-json\/wp\/v2\/categories?post=48954"},{"taxonomy":"post_tag","embeddable":true,"href":"https:\/\/www.gold.fr\/news\/wp-json\/wp\/v2\/tags?post=48954"},{"taxonomy":"author","embeddable":true,"href":"https:\/\/www.gold.fr\/news\/wp-json\/wp\/v2\/ppma_author?post=48954"}],"curies":[{"name":"wp","href":"https:\/\/api.w.org\/{rel}","templated":true}]}}