{"id":48416,"date":"2025-06-27T20:45:36","date_gmt":"2025-06-27T18:45:36","guid":{"rendered":"https:\/\/www.gold.fr\/news\/?p=48416"},"modified":"2025-06-27T20:37:50","modified_gmt":"2025-06-27T18:37:50","slug":"un-evenement-majeur-va-secouer-le-marche-de-lor-etes-vous-pret-1748898576","status":"publish","type":"post","link":"https:\/\/www.gold.fr\/news\/2025\/06\/27\/un-evenement-majeur-va-secouer-le-marche-de-lor-etes-vous-pret-1748898576\/","title":{"rendered":"Un \u00e9v\u00e9nement majeur va secouer le march\u00e9 de l\u2019or : \u00eates-vous pr\u00eat ?"},"content":{"rendered":"<p>Un <strong>s\u00e9isme<\/strong> s&rsquo;appr\u00eate \u00e0 bouleverser le march\u00e9 de l&rsquo;<strong>or<\/strong>, et <a href=\"https:\/\/gold.fr\">Gold.fr<\/a> vous d\u00e9voile ce que vous devez absolument savoir. Serez-vous pr\u00eat \u00e0 naviguer parmi les <strong>fluctuations<\/strong> de ce pr\u00e9cieux m\u00e9tal ? D\u00e9couvrez les <strong>secrets<\/strong> pour anticiper et saisir votre opportunit\u00e9.<\/p>\n<h2>Comprendre le march\u00e9 actuel de l&rsquo;or<\/h2>\n<p>Plonger dans l&rsquo;univers du <strong>march\u00e9 de l&rsquo;or<\/strong> n\u00e9cessite une compr\u00e9hension approfondie des \u00e9l\u00e9ments qui influencent ce pr\u00e9cieux m\u00e9tal. Loin d&rsquo;\u00eatre un simple actif financier, l&rsquo;or est soumis \u00e0 une multitude de forces \u00e9conomiques et g\u00e9opolitiques qui fa\u00e7onnent ses fluctuations. Pour les investisseurs, qu&rsquo;ils soient novices ou chevronn\u00e9s, la ma\u00eetrise de ces dynamiques est cruciale pour naviguer avec assurance dans ce secteur.<\/p>\n<h3>Les moteurs du prix de l&rsquo;or<\/h3>\n<p>Plusieurs facteurs d\u00e9terminent le cours de l&rsquo;or, chacun jouant un r\u00f4le significatif dans ses mouvements :<\/p>\n<ul>\n<li><strong>L&rsquo;inflation :<\/strong> en p\u00e9riode d&rsquo;inflation, lorsque la valeur mon\u00e9taire diminue, l&rsquo;or est souvent per\u00e7u comme un refuge s\u00fbr. Sa capacit\u00e9 \u00e0 conserver sa valeur en fait une option privil\u00e9gi\u00e9e pour prot\u00e9ger son patrimoine.<\/li>\n<li><strong>L&rsquo;offre et la demande :<\/strong> comme tout march\u00e9, celui de l&rsquo;or est r\u00e9gi par cette loi fondamentale. Une forte demande face \u00e0 une offre limit\u00e9e entra\u00eene naturellement une hausse des prix.<\/li>\n<li><strong>Taux d&rsquo;int\u00e9r\u00eat :<\/strong> les variations des taux d&rsquo;int\u00e9r\u00eat influencent directement l&rsquo;attractivit\u00e9 de l&rsquo;or. Des taux \u00e9lev\u00e9s rendent les placements bancaires plus int\u00e9ressants comparativement \u00e0 un actif sans rendement comme l&rsquo;or.<\/li>\n<\/ul>\n<h3>Tendances actuelles et perspectives futures<\/h3>\n<p>En 2025, le <strong>paysage \u00e9conomique mondial<\/strong> continue d&rsquo;exercer une pression sur le march\u00e9 de l&rsquo;or. Les incertitudes \u00e9conomiques persistantes et les tensions g\u00e9opolitiques croissantes renforcent son statut de valeur refuge. Les banques centrales augmentent leurs r\u00e9serves d\u2019or, tandis que la demande des investisseurs priv\u00e9s pour le m\u00e9tal physique ne faiblit pas.<\/p>\n<p>Savoir <strong>interpr\u00e9ter ces tendances<\/strong> permet non seulement d\u2019anticiper les mouvements futurs du march\u00e9 mais aussi d\u2019\u00e9laborer une strat\u00e9gie d\u2019investissement efficace. Chez Gold.fr, nous mettons notre expertise au service des investisseurs pour leur offrir des conseils avis\u00e9s et personnalis\u00e9s afin qu\u2019ils puissent optimiser leur portefeuille en toute s\u00e9r\u00e9nit\u00e9.<\/p>\n<p>L&rsquo;ann\u00e9e 2025 s&rsquo;annonce donc d\u00e9terminante pour ceux qui souhaitent tirer parti des opportunit\u00e9s offertes par ce <strong>m\u00e9tal intemporel<\/strong>. En restant inform\u00e9 et en adaptant votre strat\u00e9gie aux \u00e9volutions du march\u00e9, vous pourrez faire de l\u2019or un atout majeur dans votre qu\u00eate de s\u00e9curit\u00e9 financi\u00e8re.<\/p>\n<h2>Identifier les facteurs pouvant d\u00e9clencher un \u00e9v\u00e9nement majeur<\/h2>\n<p>Dans l&rsquo;univers complexe du <strong>march\u00e9 de l&rsquo;or<\/strong>, plusieurs \u00e9l\u00e9ments peuvent agir comme des <strong>catalyseurs<\/strong>, transformant le paysage \u00e9conomique en profondeur. Comprendre ces d\u00e9clencheurs potentiels est essentiel pour tout <strong>investisseur<\/strong> souhaitant anticiper et naviguer avec succ\u00e8s dans ce secteur.<\/p>\n<h3>Sc\u00e9narios \u00e9conomiques et financiers<\/h3>\n<p>Les secousses \u00e9conomiques, telles qu&rsquo;une crise financi\u00e8re mondiale ou une inflation galopante, ont souvent un impact direct sur le cours de l&rsquo;or. Voici quelques sc\u00e9narios \u00e0 surveiller :<\/p>\n<ul>\n<li><strong>Crise financi\u00e8re mondiale :<\/strong> un effondrement bancaire ou une r\u00e9cession \u00e9conomique majeure pourrait pousser les investisseurs vers l&rsquo;or, consid\u00e9r\u00e9 comme un refuge s\u00fbr.<\/li>\n<li><strong>Inflation galopante :<\/strong> une hausse rapide des prix peut d\u00e9valuer les monnaies fiduciaires, rendant l&rsquo;or particuli\u00e8rement attrayant pour pr\u00e9server le pouvoir d&rsquo;achat.<\/li>\n<li><strong>D\u00e9r\u00e9gulation \u00e9conomique :<\/strong> des r\u00e9formes drastiques dans des \u00e9conomies cl\u00e9s pourraient perturber les march\u00e9s financiers et accro\u00eetre la demande pour l&rsquo;or.<\/li>\n<\/ul>\n<h3>Tensions g\u00e9opolitiques<\/h3>\n<p>L&rsquo;instabilit\u00e9 politique et les conflits arm\u00e9s sont \u00e9galement des facteurs d\u00e9terminants qui influencent le march\u00e9 de l&rsquo;or. Par exemple :<\/p>\n<ul>\n<li><strong>Tensions internationales :<\/strong> une escalade entre grandes puissances peut g\u00e9n\u00e9rer une incertitude accrue, poussant ainsi les investisseurs \u00e0 chercher refuge dans l&rsquo;or.<\/li>\n<li><strong>Coupures d&rsquo;approvisionnement :<\/strong> les perturbations dans la cha\u00eene d&rsquo;approvisionnement mondiale dues \u00e0 des conflits peuvent limiter la disponibilit\u00e9 de l&rsquo;or physique sur le march\u00e9.<\/li>\n<\/ul>\n<h3>Politiques mon\u00e9taires des banques centrales<\/h3>\n<p>L&rsquo;attitude des principales <strong>banques centrales<\/strong> envers leurs r\u00e9serves d\u2019or joue un r\u00f4le crucial. Leurs d\u00e9cisions peuvent influencer directement le cours du m\u00e9tal pr\u00e9cieux :<\/p>\n<ul>\n<li><strong>Achat massif d\u2019or :<\/strong> si une banque centrale d\u00e9cide d&rsquo;augmenter consid\u00e9rablement ses r\u00e9serves d\u2019or, cela peut entra\u00eener une hausse significative du prix.<\/li>\n<li><strong>Ajustement des taux d&rsquo;int\u00e9r\u00eat :<\/strong> des changements soudains dans la politique mon\u00e9taire peuvent modifier la perception du risque et affecter l&rsquo;attractivit\u00e9 de l&rsquo;or en tant qu&rsquo;investissement.<\/li>\n<\/ul>\n<p>Savoir identifier ces facteurs permet aux investisseurs de prendre position avec discernement face aux fluctuations potentielles du march\u00e9. Chez <strong>Gold.fr<\/strong>, nous veillons \u00e0 fournir une analyse approfondie et continue pour vous aider \u00e0 ajuster vos strat\u00e9gies en fonction des \u00e9volutions \u00e9conomiques mondiales.<\/p>\n<h2>Strat\u00e9gies pour se pr\u00e9parer et s&rsquo;adapter aux changements<\/h2>\n<p>Dans un contexte \u00e9conomique en perp\u00e9tuelle mutation, adopter une <strong>strat\u00e9gie d&rsquo;investissement<\/strong> flexible et bien inform\u00e9e est primordial pour naviguer efficacement sur le march\u00e9 de l&rsquo;or. Les investisseurs avis\u00e9s doivent \u00eatre pr\u00eats \u00e0 ajuster leurs tactiques face aux fluctuations impr\u00e9vues et aux \u00e9v\u00e9nements mondiaux qui influencent ce pr\u00e9cieux m\u00e9tal.<\/p>\n<h3>Diversification intelligente du portefeuille<\/h3>\n<p>L&rsquo;une des cl\u00e9s pour att\u00e9nuer les risques inh\u00e9rents au march\u00e9 de l&rsquo;or r\u00e9side dans la <strong>diversification<\/strong> de votre portefeuille. En int\u00e9grant divers types d&rsquo;actifs aurif\u00e8res, vous pouvez r\u00e9duire votre exposition aux variations soudaines :<\/p>\n<ul>\n<li><strong>Or physique :<\/strong> investir dans des lingots ou pi\u00e8ces offre une tangibilit\u00e9 rassurante, bien que n\u00e9cessitant un stockage s\u00e9curis\u00e9.<\/li>\n<li><strong>ETF or :<\/strong> ces fonds n\u00e9goci\u00e9s en bourse permettent une exposition sans les contraintes logistiques li\u00e9es \u00e0 la possession physique.<\/li>\n<li><strong>Mines aurif\u00e8res :<\/strong> acheter des actions de soci\u00e9t\u00e9s mini\u00e8res peut offrir un potentiel de rendement sup\u00e9rieur, mais avec plus de volatilit\u00e9.<\/li>\n<\/ul>\n<h3>Achat progressif et suivi des tendances<\/h3>\n<p>L&rsquo;<strong>achat progressif<\/strong> constitue une m\u00e9thode efficace pour lisser le co\u00fbt moyen de vos investissements en or. En acqu\u00e9rant r\u00e9guli\u00e8rement de petites quantit\u00e9s, vous \u00e9vitez les effets n\u00e9gatifs des fluctuations brusques du march\u00e9. Parall\u00e8lement, rester \u00e0 l&rsquo;aff\u00fbt des \u00e9volutions g\u00e9opolitiques et \u00e9conomiques mondiales est crucial. Les d\u00e9cisions politiques, les tensions internationales ou encore les indicateurs \u00e9conomiques cl\u00e9s peuvent influencer directement la demande en or.<\/p>\n<h3>Veille strat\u00e9gique continue<\/h3>\n<p>S&rsquo;informer constamment sur les <strong>tendances du march\u00e9<\/strong> est essentiel pour ajuster vos strat\u00e9gies d&rsquo;investissement. Surveillez attentivement les d\u00e9cisions mon\u00e9taires des banques centrales, ainsi que les mouvements \u00e9conomiques globaux susceptibles d&rsquo;affecter le cours du m\u00e9tal jaune. Une analyse proactive vous permettra d&rsquo;intervenir au moment opportun et de maximiser vos rendements.<\/p>\n<p>Chez <strong>Gold.fr<\/strong>, nous comprenons l&rsquo;importance d&rsquo;une approche r\u00e9fl\u00e9chie et personnalis\u00e9e face aux d\u00e9fis du march\u00e9 actuel. Nos <strong>experts<\/strong> sont \u00e0 votre disposition pour vous fournir des conseils avis\u00e9s, adapt\u00e9s \u00e0 vos objectifs financiers sp\u00e9cifiques. Avec leur aide, transformez l&rsquo;or en un atout strat\u00e9gique au service de votre s\u00e9curit\u00e9 financi\u00e8re future.<\/p>\n<!-- AddThis Advanced Settings generic via filter on the_content --><!-- AddThis Share Buttons generic via filter on the_content -->","protected":false},"excerpt":{"rendered":"<p>Un s\u00e9isme s&rsquo;appr\u00eate \u00e0 bouleverser le march\u00e9 de l&rsquo;or, et Gold.fr vous d\u00e9voile ce que vous devez absolument savoir. Serez-vous pr\u00eat \u00e0 naviguer parmi les fluctuations de ce pr\u00e9cieux m\u00e9tal ? D\u00e9couvrez les secrets pour anticiper [&hellip;]<\/p>\n","protected":false},"author":18,"featured_media":48776,"comment_status":"closed","ping_status":"closed","sticky":false,"template":"","format":"standard","meta":{"_mbp_gutenberg_autopost":false,"_pgmb_is_evergreen":false,"_pgmb_ap_template_id":0,"footnotes":""},"categories":[2558,1],"tags":[],"ppma_author":[2565],"class_list":["post-48416","post","type-post","status-publish","format-standard","has-post-thumbnail","hentry","category-news","category-non-classe"],"yoast_head":"<!-- This site is optimized with the Yoast SEO plugin v27.5 - https:\/\/yoast.com\/product\/yoast-seo-wordpress\/ -->\n<title>Un \u00e9v\u00e9nement majeur va secouer le march\u00e9 de l\u2019or : \u00eates-vous pr\u00eat ? - Gold.fr<\/title>\n<meta name=\"robots\" content=\"index, follow, max-snippet:-1, max-image-preview:large, max-video-preview:-1\" \/>\n<link rel=\"canonical\" href=\"https:\/\/www.gold.fr\/news\/2025\/06\/27\/un-evenement-majeur-va-secouer-le-marche-de-lor-etes-vous-pret-1748898576\/\" \/>\n<meta property=\"og:locale\" content=\"fr_FR\" \/>\n<meta property=\"og:type\" content=\"article\" \/>\n<meta property=\"og:title\" content=\"Un \u00e9v\u00e9nement majeur va secouer le march\u00e9 de l\u2019or : \u00eates-vous pr\u00eat ? - Gold.fr\" \/>\n<meta property=\"og:description\" content=\"Un s\u00e9isme s&rsquo;appr\u00eate \u00e0 bouleverser le march\u00e9 de l&rsquo;or, et Gold.fr vous d\u00e9voile ce que vous devez absolument savoir. Serez-vous pr\u00eat \u00e0 naviguer parmi les fluctuations de ce pr\u00e9cieux m\u00e9tal ? D\u00e9couvrez les secrets pour anticiper [&hellip;]\" \/>\n<meta property=\"og:url\" content=\"https:\/\/www.gold.fr\/news\/2025\/06\/27\/un-evenement-majeur-va-secouer-le-marche-de-lor-etes-vous-pret-1748898576\/\" \/>\n<meta property=\"og:site_name\" content=\"Gold.fr\" \/>\n<meta property=\"article:publisher\" content=\"https:\/\/www.facebook.com\/Goldfr\/\" \/>\n<meta property=\"article:published_time\" content=\"2025-06-27T18:45:36+00:00\" \/>\n<meta property=\"og:image\" content=\"https:\/\/www.gold.fr\/news\/wp-content\/uploads\/2025\/06\/evenement-majeur-marche-or-1.jpg\" \/>\n\t<meta property=\"og:image:width\" content=\"1200\" \/>\n\t<meta property=\"og:image:height\" content=\"628\" \/>\n\t<meta property=\"og:image:type\" content=\"image\/jpeg\" \/>\n<meta name=\"author\" content=\"Comptoir National de l&#039;Or\" \/>\n<meta name=\"twitter:card\" content=\"summary_large_image\" \/>\n<meta name=\"twitter:label1\" content=\"\u00c9crit par\" \/>\n\t<meta name=\"twitter:data1\" content=\"Comptoir National de l&#039;Or\" \/>\n\t<meta name=\"twitter:label2\" content=\"Dur\u00e9e de lecture estim\u00e9e\" \/>\n\t<meta name=\"twitter:data2\" content=\"6 minutes\" \/>\n<script type=\"application\/ld+json\" class=\"yoast-schema-graph\">{\"@context\":\"https:\\\/\\\/schema.org\",\"@graph\":[{\"@type\":\"Article\",\"@id\":\"https:\\\/\\\/www.gold.fr\\\/news\\\/2025\\\/06\\\/27\\\/un-evenement-majeur-va-secouer-le-marche-de-lor-etes-vous-pret-1748898576\\\/#article\",\"isPartOf\":{\"@id\":\"https:\\\/\\\/www.gold.fr\\\/news\\\/2025\\\/06\\\/27\\\/un-evenement-majeur-va-secouer-le-marche-de-lor-etes-vous-pret-1748898576\\\/\"},\"author\":{\"name\":\"Comptoir National de l'Or\",\"@id\":\"https:\\\/\\\/www.gold.fr\\\/news\\\/#\\\/schema\\\/person\\\/070491b4b4fb7671bf59b3be20302ce9\"},\"headline\":\"Un \u00e9v\u00e9nement majeur va secouer le march\u00e9 de l\u2019or : \u00eates-vous pr\u00eat ?\",\"datePublished\":\"2025-06-27T18:45:36+00:00\",\"mainEntityOfPage\":{\"@id\":\"https:\\\/\\\/www.gold.fr\\\/news\\\/2025\\\/06\\\/27\\\/un-evenement-majeur-va-secouer-le-marche-de-lor-etes-vous-pret-1748898576\\\/\"},\"wordCount\":1224,\"image\":{\"@id\":\"https:\\\/\\\/www.gold.fr\\\/news\\\/2025\\\/06\\\/27\\\/un-evenement-majeur-va-secouer-le-marche-de-lor-etes-vous-pret-1748898576\\\/#primaryimage\"},\"thumbnailUrl\":\"https:\\\/\\\/www.gold.fr\\\/news\\\/wp-content\\\/uploads\\\/2025\\\/06\\\/evenement-majeur-marche-or-1.jpg\",\"articleSection\":[\"News\"],\"inLanguage\":\"fr-FR\"},{\"@type\":\"WebPage\",\"@id\":\"https:\\\/\\\/www.gold.fr\\\/news\\\/2025\\\/06\\\/27\\\/un-evenement-majeur-va-secouer-le-marche-de-lor-etes-vous-pret-1748898576\\\/\",\"url\":\"https:\\\/\\\/www.gold.fr\\\/news\\\/2025\\\/06\\\/27\\\/un-evenement-majeur-va-secouer-le-marche-de-lor-etes-vous-pret-1748898576\\\/\",\"name\":\"Un \u00e9v\u00e9nement majeur va secouer le march\u00e9 de l\u2019or : \u00eates-vous pr\u00eat ? - Gold.fr\",\"isPartOf\":{\"@id\":\"https:\\\/\\\/www.gold.fr\\\/news\\\/#website\"},\"primaryImageOfPage\":{\"@id\":\"https:\\\/\\\/www.gold.fr\\\/news\\\/2025\\\/06\\\/27\\\/un-evenement-majeur-va-secouer-le-marche-de-lor-etes-vous-pret-1748898576\\\/#primaryimage\"},\"image\":{\"@id\":\"https:\\\/\\\/www.gold.fr\\\/news\\\/2025\\\/06\\\/27\\\/un-evenement-majeur-va-secouer-le-marche-de-lor-etes-vous-pret-1748898576\\\/#primaryimage\"},\"thumbnailUrl\":\"https:\\\/\\\/www.gold.fr\\\/news\\\/wp-content\\\/uploads\\\/2025\\\/06\\\/evenement-majeur-marche-or-1.jpg\",\"datePublished\":\"2025-06-27T18:45:36+00:00\",\"author\":{\"@id\":\"https:\\\/\\\/www.gold.fr\\\/news\\\/#\\\/schema\\\/person\\\/070491b4b4fb7671bf59b3be20302ce9\"},\"breadcrumb\":{\"@id\":\"https:\\\/\\\/www.gold.fr\\\/news\\\/2025\\\/06\\\/27\\\/un-evenement-majeur-va-secouer-le-marche-de-lor-etes-vous-pret-1748898576\\\/#breadcrumb\"},\"inLanguage\":\"fr-FR\",\"potentialAction\":[{\"@type\":\"ReadAction\",\"target\":[\"https:\\\/\\\/www.gold.fr\\\/news\\\/2025\\\/06\\\/27\\\/un-evenement-majeur-va-secouer-le-marche-de-lor-etes-vous-pret-1748898576\\\/\"]}]},{\"@type\":\"ImageObject\",\"inLanguage\":\"fr-FR\",\"@id\":\"https:\\\/\\\/www.gold.fr\\\/news\\\/2025\\\/06\\\/27\\\/un-evenement-majeur-va-secouer-le-marche-de-lor-etes-vous-pret-1748898576\\\/#primaryimage\",\"url\":\"https:\\\/\\\/www.gold.fr\\\/news\\\/wp-content\\\/uploads\\\/2025\\\/06\\\/evenement-majeur-marche-or-1.jpg\",\"contentUrl\":\"https:\\\/\\\/www.gold.fr\\\/news\\\/wp-content\\\/uploads\\\/2025\\\/06\\\/evenement-majeur-marche-or-1.jpg\",\"width\":1200,\"height\":628},{\"@type\":\"BreadcrumbList\",\"@id\":\"https:\\\/\\\/www.gold.fr\\\/news\\\/2025\\\/06\\\/27\\\/un-evenement-majeur-va-secouer-le-marche-de-lor-etes-vous-pret-1748898576\\\/#breadcrumb\",\"itemListElement\":[{\"@type\":\"ListItem\",\"position\":1,\"name\":\"Accueil\",\"item\":\"https:\\\/\\\/www.gold.fr\\\/\"},{\"@type\":\"ListItem\",\"position\":2,\"name\":\"Actualit\u00e9s\",\"item\":\"https:\\\/\\\/www.gold.fr\\\/news\\\/\"},{\"@type\":\"ListItem\",\"position\":3,\"name\":\"Un \u00e9v\u00e9nement majeur va secouer le march\u00e9 de l\u2019or : \u00eates-vous pr\u00eat ?\"}]},{\"@type\":\"WebSite\",\"@id\":\"https:\\\/\\\/www.gold.fr\\\/news\\\/#website\",\"url\":\"https:\\\/\\\/www.gold.fr\\\/news\\\/\",\"name\":\"Gold.fr\",\"description\":\"Actualit\u00e9s de l&#039;Or et des m\u00e9taux pr\u00e9cieux\",\"potentialAction\":[{\"@type\":\"SearchAction\",\"target\":{\"@type\":\"EntryPoint\",\"urlTemplate\":\"https:\\\/\\\/www.gold.fr\\\/news\\\/?s={search_term_string}\"},\"query-input\":{\"@type\":\"PropertyValueSpecification\",\"valueRequired\":true,\"valueName\":\"search_term_string\"}}],\"inLanguage\":\"fr-FR\"},{\"@type\":\"Person\",\"@id\":\"https:\\\/\\\/www.gold.fr\\\/news\\\/#\\\/schema\\\/person\\\/070491b4b4fb7671bf59b3be20302ce9\",\"name\":\"Comptoir National de l'Or\",\"image\":{\"@type\":\"ImageObject\",\"inLanguage\":\"fr-FR\",\"@id\":\"https:\\\/\\\/secure.gravatar.com\\\/avatar\\\/0a2867fd5abe37bed95d5a65e9d58f01756e11efc68af9888dfc50cfa7f65948?s=96&d=mm&r=gb490554db0a38188709de567aa58480d\",\"url\":\"https:\\\/\\\/secure.gravatar.com\\\/avatar\\\/0a2867fd5abe37bed95d5a65e9d58f01756e11efc68af9888dfc50cfa7f65948?s=96&d=mm&r=g\",\"contentUrl\":\"https:\\\/\\\/secure.gravatar.com\\\/avatar\\\/0a2867fd5abe37bed95d5a65e9d58f01756e11efc68af9888dfc50cfa7f65948?s=96&d=mm&r=g\",\"caption\":\"Comptoir National de l'Or\"},\"description\":\"Notre r\u00e9daction est constitu\u00e9e de membres experts dans les m\u00e9tiers de l'\u00e9conomie et la gestion, des Responsables d'agence Comptoir National de l'Or, des analystes financiers qui publient r\u00e9guli\u00e8rement des \u00e9tudes sur les politiques des banques centrales, le cours de l'or, prix de l'or, cours de l'argent, prix de l'argent, cours du platine, cours du palladium,... la situation en zone euro et l'impact de la strat\u00e9gie mon\u00e9taire de la FED. Notre \u00e9quipe scrute \u00e9galement une information plus g\u00e9n\u00e9raliste \u00e0 la recherche d'actualit\u00e9 \\\"p\u00e9pite\\\" \u00e0 vous partager. Depuis 5 ans, nous avons publi\u00e9 un peu plus de 4000 articles qui s'adressent \u00e0 un public large et vari\u00e9 ayant pour objectif de satisfaire votre curiosit\u00e9 et de partager avec vous une certaine fascination pour le m\u00e9tal jaune, le rachat d'or, et pour ceux qui veulent investir dans l'or, vendre leur or tout simplement en savoir plus... Pour tous vos achat or et argent, n'h\u00e9sitez pas \u00e0 prendre rendez-vous dans l'un de nos nombreux comptoirs.\",\"sameAs\":[\"https:\\\/\\\/www.gold.fr\"]}]}<\/script>\n<!-- \/ Yoast SEO plugin. -->","yoast_head_json":{"title":"Un \u00e9v\u00e9nement majeur va secouer le march\u00e9 de l\u2019or : \u00eates-vous pr\u00eat ? - Gold.fr","robots":{"index":"index","follow":"follow","max-snippet":"max-snippet:-1","max-image-preview":"max-image-preview:large","max-video-preview":"max-video-preview:-1"},"canonical":"https:\/\/www.gold.fr\/news\/2025\/06\/27\/un-evenement-majeur-va-secouer-le-marche-de-lor-etes-vous-pret-1748898576\/","og_locale":"fr_FR","og_type":"article","og_title":"Un \u00e9v\u00e9nement majeur va secouer le march\u00e9 de l\u2019or : \u00eates-vous pr\u00eat ? - Gold.fr","og_description":"Un s\u00e9isme s&rsquo;appr\u00eate \u00e0 bouleverser le march\u00e9 de l&rsquo;or, et Gold.fr vous d\u00e9voile ce que vous devez absolument savoir. Serez-vous pr\u00eat \u00e0 naviguer parmi les fluctuations de ce pr\u00e9cieux m\u00e9tal ? D\u00e9couvrez les secrets pour anticiper [&hellip;]","og_url":"https:\/\/www.gold.fr\/news\/2025\/06\/27\/un-evenement-majeur-va-secouer-le-marche-de-lor-etes-vous-pret-1748898576\/","og_site_name":"Gold.fr","article_publisher":"https:\/\/www.facebook.com\/Goldfr\/","article_published_time":"2025-06-27T18:45:36+00:00","og_image":[{"width":1200,"height":628,"url":"https:\/\/www.gold.fr\/news\/wp-content\/uploads\/2025\/06\/evenement-majeur-marche-or-1.jpg","type":"image\/jpeg"}],"author":"Comptoir National de l'Or","twitter_card":"summary_large_image","twitter_misc":{"\u00c9crit par":"Comptoir National de l'Or","Dur\u00e9e de lecture estim\u00e9e":"6 minutes"},"schema":{"@context":"https:\/\/schema.org","@graph":[{"@type":"Article","@id":"https:\/\/www.gold.fr\/news\/2025\/06\/27\/un-evenement-majeur-va-secouer-le-marche-de-lor-etes-vous-pret-1748898576\/#article","isPartOf":{"@id":"https:\/\/www.gold.fr\/news\/2025\/06\/27\/un-evenement-majeur-va-secouer-le-marche-de-lor-etes-vous-pret-1748898576\/"},"author":{"name":"Comptoir National de l'Or","@id":"https:\/\/www.gold.fr\/news\/#\/schema\/person\/070491b4b4fb7671bf59b3be20302ce9"},"headline":"Un \u00e9v\u00e9nement majeur va secouer le march\u00e9 de l\u2019or : \u00eates-vous pr\u00eat ?","datePublished":"2025-06-27T18:45:36+00:00","mainEntityOfPage":{"@id":"https:\/\/www.gold.fr\/news\/2025\/06\/27\/un-evenement-majeur-va-secouer-le-marche-de-lor-etes-vous-pret-1748898576\/"},"wordCount":1224,"image":{"@id":"https:\/\/www.gold.fr\/news\/2025\/06\/27\/un-evenement-majeur-va-secouer-le-marche-de-lor-etes-vous-pret-1748898576\/#primaryimage"},"thumbnailUrl":"https:\/\/www.gold.fr\/news\/wp-content\/uploads\/2025\/06\/evenement-majeur-marche-or-1.jpg","articleSection":["News"],"inLanguage":"fr-FR"},{"@type":"WebPage","@id":"https:\/\/www.gold.fr\/news\/2025\/06\/27\/un-evenement-majeur-va-secouer-le-marche-de-lor-etes-vous-pret-1748898576\/","url":"https:\/\/www.gold.fr\/news\/2025\/06\/27\/un-evenement-majeur-va-secouer-le-marche-de-lor-etes-vous-pret-1748898576\/","name":"Un \u00e9v\u00e9nement majeur va secouer le march\u00e9 de l\u2019or : \u00eates-vous pr\u00eat ? - Gold.fr","isPartOf":{"@id":"https:\/\/www.gold.fr\/news\/#website"},"primaryImageOfPage":{"@id":"https:\/\/www.gold.fr\/news\/2025\/06\/27\/un-evenement-majeur-va-secouer-le-marche-de-lor-etes-vous-pret-1748898576\/#primaryimage"},"image":{"@id":"https:\/\/www.gold.fr\/news\/2025\/06\/27\/un-evenement-majeur-va-secouer-le-marche-de-lor-etes-vous-pret-1748898576\/#primaryimage"},"thumbnailUrl":"https:\/\/www.gold.fr\/news\/wp-content\/uploads\/2025\/06\/evenement-majeur-marche-or-1.jpg","datePublished":"2025-06-27T18:45:36+00:00","author":{"@id":"https:\/\/www.gold.fr\/news\/#\/schema\/person\/070491b4b4fb7671bf59b3be20302ce9"},"breadcrumb":{"@id":"https:\/\/www.gold.fr\/news\/2025\/06\/27\/un-evenement-majeur-va-secouer-le-marche-de-lor-etes-vous-pret-1748898576\/#breadcrumb"},"inLanguage":"fr-FR","potentialAction":[{"@type":"ReadAction","target":["https:\/\/www.gold.fr\/news\/2025\/06\/27\/un-evenement-majeur-va-secouer-le-marche-de-lor-etes-vous-pret-1748898576\/"]}]},{"@type":"ImageObject","inLanguage":"fr-FR","@id":"https:\/\/www.gold.fr\/news\/2025\/06\/27\/un-evenement-majeur-va-secouer-le-marche-de-lor-etes-vous-pret-1748898576\/#primaryimage","url":"https:\/\/www.gold.fr\/news\/wp-content\/uploads\/2025\/06\/evenement-majeur-marche-or-1.jpg","contentUrl":"https:\/\/www.gold.fr\/news\/wp-content\/uploads\/2025\/06\/evenement-majeur-marche-or-1.jpg","width":1200,"height":628},{"@type":"BreadcrumbList","@id":"https:\/\/www.gold.fr\/news\/2025\/06\/27\/un-evenement-majeur-va-secouer-le-marche-de-lor-etes-vous-pret-1748898576\/#breadcrumb","itemListElement":[{"@type":"ListItem","position":1,"name":"Accueil","item":"https:\/\/www.gold.fr\/"},{"@type":"ListItem","position":2,"name":"Actualit\u00e9s","item":"https:\/\/www.gold.fr\/news\/"},{"@type":"ListItem","position":3,"name":"Un \u00e9v\u00e9nement majeur va secouer le march\u00e9 de l\u2019or : \u00eates-vous pr\u00eat ?"}]},{"@type":"WebSite","@id":"https:\/\/www.gold.fr\/news\/#website","url":"https:\/\/www.gold.fr\/news\/","name":"Gold.fr","description":"Actualit\u00e9s de l&#039;Or et des m\u00e9taux pr\u00e9cieux","potentialAction":[{"@type":"SearchAction","target":{"@type":"EntryPoint","urlTemplate":"https:\/\/www.gold.fr\/news\/?s={search_term_string}"},"query-input":{"@type":"PropertyValueSpecification","valueRequired":true,"valueName":"search_term_string"}}],"inLanguage":"fr-FR"},{"@type":"Person","@id":"https:\/\/www.gold.fr\/news\/#\/schema\/person\/070491b4b4fb7671bf59b3be20302ce9","name":"Comptoir National de l'Or","image":{"@type":"ImageObject","inLanguage":"fr-FR","@id":"https:\/\/secure.gravatar.com\/avatar\/0a2867fd5abe37bed95d5a65e9d58f01756e11efc68af9888dfc50cfa7f65948?s=96&d=mm&r=gb490554db0a38188709de567aa58480d","url":"https:\/\/secure.gravatar.com\/avatar\/0a2867fd5abe37bed95d5a65e9d58f01756e11efc68af9888dfc50cfa7f65948?s=96&d=mm&r=g","contentUrl":"https:\/\/secure.gravatar.com\/avatar\/0a2867fd5abe37bed95d5a65e9d58f01756e11efc68af9888dfc50cfa7f65948?s=96&d=mm&r=g","caption":"Comptoir National de l'Or"},"description":"Notre r\u00e9daction est constitu\u00e9e de membres experts dans les m\u00e9tiers de l'\u00e9conomie et la gestion, des Responsables d'agence Comptoir National de l'Or, des analystes financiers qui publient r\u00e9guli\u00e8rement des \u00e9tudes sur les politiques des banques centrales, le cours de l'or, prix de l'or, cours de l'argent, prix de l'argent, cours du platine, cours du palladium,... la situation en zone euro et l'impact de la strat\u00e9gie mon\u00e9taire de la FED. Notre \u00e9quipe scrute \u00e9galement une information plus g\u00e9n\u00e9raliste \u00e0 la recherche d'actualit\u00e9 \"p\u00e9pite\" \u00e0 vous partager. Depuis 5 ans, nous avons publi\u00e9 un peu plus de 4000 articles qui s'adressent \u00e0 un public large et vari\u00e9 ayant pour objectif de satisfaire votre curiosit\u00e9 et de partager avec vous une certaine fascination pour le m\u00e9tal jaune, le rachat d'or, et pour ceux qui veulent investir dans l'or, vendre leur or tout simplement en savoir plus... Pour tous vos achat or et argent, n'h\u00e9sitez pas \u00e0 prendre rendez-vous dans l'un de nos nombreux comptoirs.","sameAs":["https:\/\/www.gold.fr"]}]}},"authors":[{"term_id":2565,"user_id":18,"is_guest":0,"slug":"julie","display_name":"Comptoir National de l'Or","avatar_url":"https:\/\/secure.gravatar.com\/avatar\/713f289e398d35ead876c4a4cc08607f0d6d266058cfc25683fffb6092d0e572?s=96&d=mm&r=g","0":null,"1":"","2":"","3":"","4":"","5":"","6":"","7":"","8":""}],"_links":{"self":[{"href":"https:\/\/www.gold.fr\/news\/wp-json\/wp\/v2\/posts\/48416","targetHints":{"allow":["GET"]}}],"collection":[{"href":"https:\/\/www.gold.fr\/news\/wp-json\/wp\/v2\/posts"}],"about":[{"href":"https:\/\/www.gold.fr\/news\/wp-json\/wp\/v2\/types\/post"}],"author":[{"embeddable":true,"href":"https:\/\/www.gold.fr\/news\/wp-json\/wp\/v2\/users\/18"}],"replies":[{"embeddable":true,"href":"https:\/\/www.gold.fr\/news\/wp-json\/wp\/v2\/comments?post=48416"}],"version-history":[{"count":1,"href":"https:\/\/www.gold.fr\/news\/wp-json\/wp\/v2\/posts\/48416\/revisions"}],"predecessor-version":[{"id":48777,"href":"https:\/\/www.gold.fr\/news\/wp-json\/wp\/v2\/posts\/48416\/revisions\/48777"}],"wp:featuredmedia":[{"embeddable":true,"href":"https:\/\/www.gold.fr\/news\/wp-json\/wp\/v2\/media\/48776"}],"wp:attachment":[{"href":"https:\/\/www.gold.fr\/news\/wp-json\/wp\/v2\/media?parent=48416"}],"wp:term":[{"taxonomy":"category","embeddable":true,"href":"https:\/\/www.gold.fr\/news\/wp-json\/wp\/v2\/categories?post=48416"},{"taxonomy":"post_tag","embeddable":true,"href":"https:\/\/www.gold.fr\/news\/wp-json\/wp\/v2\/tags?post=48416"},{"taxonomy":"author","embeddable":true,"href":"https:\/\/www.gold.fr\/news\/wp-json\/wp\/v2\/ppma_author?post=48416"}],"curies":[{"name":"wp","href":"https:\/\/api.w.org\/{rel}","templated":true}]}}