{"id":48396,"date":"2025-06-12T18:43:25","date_gmt":"2025-06-12T16:43:25","guid":{"rendered":"https:\/\/www.gold.fr\/news\/?p=48396"},"modified":"2025-06-10T17:23:57","modified_gmt":"2025-06-10T15:23:57","slug":"lhistoire-meconnue-de-lor-vole-pendant-la-seconde-guerre-mondiale-1748893405","status":"publish","type":"post","link":"https:\/\/www.gold.fr\/news\/2025\/06\/12\/lhistoire-meconnue-de-lor-vole-pendant-la-seconde-guerre-mondiale-1748893405\/","title":{"rendered":"L\u2019histoire m\u00e9connue de l\u2019or vol\u00e9 pendant la Seconde Guerre mondiale"},"content":{"rendered":"<p>Quel <strong>secret inavou\u00e9<\/strong> cache l&rsquo;or vol\u00e9 durant la Seconde Guerre mondiale ? D\u00e9couvrez l&rsquo;<strong>histoire intrigante<\/strong> de ces tr\u00e9sors dissimul\u00e9s par les forces de l&rsquo;Axe et suivez la <strong>traque haletante<\/strong> qui a suivi pour les retrouver. Plong\u00e9e dans un pass\u00e9 o\u00f9 chaque lingot raconte une histoire de <strong>convoitise<\/strong> et de r\u00e9demption.<\/p>\n<h2>Le vol de l&rsquo;or par les forces de l&rsquo;Axe<\/h2>\n<p>Durant la <strong>Seconde Guerre mondiale<\/strong>, les forces de l&rsquo;Axe ont orchestr\u00e9 un pillage syst\u00e9matique des r\u00e9serves d&rsquo;or \u00e0 travers l&rsquo;Europe occup\u00e9e. Ce butin dor\u00e9, arrach\u00e9 aux banques nationales et aux particuliers, servait \u00e0 financer leur effort de guerre et \u00e0 renforcer leur puissance \u00e9conomique. Les <strong>nazis<\/strong>, en particulier, ont mis en place une v\u00e9ritable machine bureaucratique pour localiser et s&#8217;emparer des tr\u00e9sors cach\u00e9s dans les coffres-forts des nations conquises.<\/p>\n<h3>M\u00e9canismes du pillage<\/h3>\n<p>Les m\u00e9thodes employ\u00e9es pour accaparer cet or \u00e9taient vari\u00e9es et souvent brutales :<\/p>\n<ul>\n<li>saisie directe dans les banques centrales apr\u00e8s occupation militaire ;<\/li>\n<li>confiscation des biens juifs sous le pr\u00e9texte fallacieux de \u00ab\u00a0lois raciales\u00a0\u00bb ;<\/li>\n<li>pression diplomatique sur les pays neutres pour qu&rsquo;ils livrent leurs r\u00e9serves sous menace d&rsquo;invasion.<\/li>\n<\/ul>\n<p>Des convois entiers transportaient ces lingots vers <strong>Berlin<\/strong>, o\u00f9 ils \u00e9taient fondus et r\u00e9utilis\u00e9s pour acqu\u00e9rir des ressources strat\u00e9giques sur le march\u00e9 international. Les archives t\u00e9moignent que cette op\u00e9ration \u00e9tait non seulement une question de survie financi\u00e8re mais aussi un symbole du pouvoir et du prestige que le r\u00e9gime nazi cherchait \u00e0 afficher au monde entier.<\/p>\n<h2>Les r\u00e9seaux de r\u00e9cup\u00e9ration et la traque de l&rsquo;or apr\u00e8s-guerre<\/h2>\n<p>\u00c0 la fin de la Seconde Guerre mondiale, un immense d\u00e9fi se dressait devant les Alli\u00e9s : retrouver l&rsquo;or vol\u00e9 et dispers\u00e9 par les forces de l&rsquo;Axe. Les efforts pour r\u00e9cup\u00e9rer ces <strong>tr\u00e9sors perdus<\/strong> ont donn\u00e9 naissance \u00e0 des r\u00e9seaux complexes, compos\u00e9s d&rsquo;enqu\u00eateurs d\u00e9termin\u00e9s, d&rsquo;agents secrets et de diplomates chevronn\u00e9s. Ces \u00e9quipes ont sillonn\u00e9 l&rsquo;Europe d\u00e9vast\u00e9e, arm\u00e9es de listes interminables et d&rsquo;informations fragmentaires, dans une <strong>qu\u00eate<\/strong> o\u00f9 chaque indice pouvait mener \u00e0 une d\u00e9couverte capitale.<\/p>\n<h3>Strat\u00e9gies et op\u00e9rations<\/h3>\n<p>Pour localiser cet or cach\u00e9, plusieurs strat\u00e9gies ont \u00e9t\u00e9 mises en \u0153uvre :<\/p>\n<ul>\n<li><strong>Interrogatoires<\/strong> : des officiers nazis captur\u00e9s \u00e9taient soumis \u00e0 des interrogatoires intensifs pour d\u00e9voiler les emplacements des caches d&rsquo;or.<\/li>\n<li><strong>Analyse des documents<\/strong> : les archives saisies dans les minist\u00e8res allemands servaient \u00e0 retracer le cheminement du m\u00e9tal pr\u00e9cieux.<\/li>\n<li><strong>Collaboration internationale<\/strong> : une coop\u00e9ration \u00e9troite entre les nations alli\u00e9es a permis d&rsquo;\u00e9changer des informations cruciales sur les mouvements suspects observ\u00e9s pendant le conflit.<\/li>\n<\/ul>\n<h3>Anecdotes marquantes<\/h3>\n<p>L&rsquo;une des histoires les plus fascinantes concerne la d\u00e9couverte du \u00ab\u00a0Tr\u00e9sor du lac Toplitz\u00a0\u00bb, o\u00f9 une \u00e9quipe d&rsquo;explorateurs a plong\u00e9 dans les profondeurs glaciales pour r\u00e9cup\u00e9rer des caisses remplies non seulement d&rsquo;or mais aussi de faux billets destin\u00e9s \u00e0 d\u00e9stabiliser l&rsquo;\u00e9conomie britannique. Ce n&rsquo;\u00e9tait qu&rsquo;une pi\u00e8ce du puzzle parmi tant d&rsquo;autres qui t\u00e9moignaient de l&rsquo;<strong>ing\u00e9niosit\u00e9<\/strong> d\u00e9ploy\u00e9e pour dissimuler ces richesses.<\/p>\n<h3>Bilan et cons\u00e9quences<\/h3>\n<p>Malgr\u00e9 ces <strong>efforts colossaux<\/strong>, toutes les r\u00e9serves d\u00e9tourn\u00e9es n&rsquo;ont pas \u00e9t\u00e9 retrouv\u00e9es. Certaines restent encore aujourd&rsquo;hui enfouies sous le voile du myst\u00e8re, alimentant l\u00e9gendes urbaines et sp\u00e9culations sans fin. L&rsquo;impact sur les <strong>nations concern\u00e9es<\/strong> est ind\u00e9niable : au-del\u00e0 des pertes financi\u00e8res, cette p\u00e9riode a laiss\u00e9 une cicatrice durable sur leur patrimoine culturel et historique.<\/p>\n<h2>Impact et h\u00e9ritage du vol de l&rsquo;or sur les nations concern\u00e9es<\/h2>\n<p>Le <strong>pillage syst\u00e9matique<\/strong> des r\u00e9serves d&rsquo;or par les forces de l&rsquo;Axe a laiss\u00e9 une empreinte ind\u00e9l\u00e9bile sur les nations touch\u00e9es. Au-del\u00e0 des pertes financi\u00e8res imm\u00e9diates, ce vol a profond\u00e9ment affect\u00e9 la <strong>stabilit\u00e9 \u00e9conomique<\/strong> de nombreux pays europ\u00e9ens, ralentissant leur reconstruction post-conflit. Les r\u00e9percussions \u00e9conomiques se sont traduites par des d\u00e9ficits budg\u00e9taires accrus et une d\u00e9pendance prolong\u00e9e vis-\u00e0-vis des <strong>aides internationales<\/strong> pour relancer leurs \u00e9conomies exsangues.<\/p>\n<h3>Cons\u00e9quences culturelles et historiques<\/h3>\n<p>L&rsquo;impact ne s&rsquo;est pas limit\u00e9 aux seules finances. Le vol de ces tr\u00e9sors a \u00e9galement port\u00e9 atteinte au patrimoine culturel et historique des nations concern\u00e9es. Chaque lingot ou pi\u00e8ce d&rsquo;or emport\u00e9 repr\u00e9sentait bien plus qu&rsquo;une simple valeur mon\u00e9taire ; il symbolisait un pan de l&rsquo;histoire nationale, un t\u00e9moignage du pass\u00e9 d\u00e9sormais perdu ou dispers\u00e9.<\/p>\n<h3>R\u00e9percussions politiques<\/h3>\n<p>Politiquement, le traumatisme caus\u00e9 par ce <strong>pillage<\/strong> a exacerb\u00e9 la m\u00e9fiance entre les pays europ\u00e9ens, compliquant les efforts de coop\u00e9ration dans l&rsquo;imm\u00e9diat apr\u00e8s-guerre. Cette d\u00e9fiance a n\u00e9cessit\u00e9 des d\u00e9cennies pour \u00eatre surmont\u00e9e, influen\u00e7ant durablement les relations diplomatiques et la <strong>construction europ\u00e9enne<\/strong>.<\/p>\n<h3>L&rsquo;h\u00e9ritage m\u00e9moriel<\/h3>\n<p>Aujourd&rsquo;hui encore, le souvenir du vol de l&rsquo;or continue d&rsquo;alimenter discussions et d\u00e9bats. Des films aux livres en passant par les documentaires, cette p\u00e9riode trouble est r\u00e9guli\u00e8rement revisit\u00e9e, t\u00e9moignant d&rsquo;un int\u00e9r\u00eat persistant pour ces \u00e9v\u00e9nements tragiques. Les r\u00e9cits entourant ces tr\u00e9sors perdus nourrissent toujours un imaginaire collectif avide de <strong>myst\u00e8res non r\u00e9solus<\/strong>.<\/p>\n<p>Les r\u00e9ponses m\u00e9morielles \u00e0 ce pass\u00e9 trouble incluent :<\/p>\n<ul>\n<li><strong>M\u00e9moriaux et comm\u00e9morations<\/strong> : plusieurs pays ont \u00e9rig\u00e9 des monuments en m\u00e9moire des biens spoli\u00e9s durant cette p\u00e9riode noire.<\/li>\n<li><strong>Enqu\u00eates continues<\/strong> : des chercheurs persistent \u00e0 fouiller archives et sites potentiels dans l&rsquo;espoir de d\u00e9couvrir ce qui reste cach\u00e9.<\/li>\n<\/ul>\n<p>Cet <strong>h\u00e9ritage complexe<\/strong> rappelle que derri\u00e8re chaque lingot se cache une histoire humaine faite de souffrances mais aussi d&rsquo;une incroyable r\u00e9silience face \u00e0 l&rsquo;adversit\u00e9.<\/p>\n<!-- AddThis Advanced Settings generic via filter on the_content --><!-- AddThis Share Buttons generic via filter on the_content -->","protected":false},"excerpt":{"rendered":"<p>Quel secret inavou\u00e9 cache l&rsquo;or vol\u00e9 durant la Seconde Guerre mondiale ? D\u00e9couvrez l&rsquo;histoire intrigante de ces tr\u00e9sors dissimul\u00e9s par les forces de l&rsquo;Axe et suivez la traque haletante qui a suivi pour les retrouver. Plong\u00e9e [&hellip;]<\/p>\n","protected":false},"author":18,"featured_media":48519,"comment_status":"closed","ping_status":"closed","sticky":false,"template":"","format":"standard","meta":{"_mbp_gutenberg_autopost":false,"_pgmb_is_evergreen":false,"_pgmb_ap_template_id":0,"footnotes":""},"categories":[2558,1],"tags":[],"ppma_author":[2565],"class_list":["post-48396","post","type-post","status-publish","format-standard","has-post-thumbnail","hentry","category-news","category-non-classe"],"yoast_head":"<!-- This site is optimized with the Yoast SEO plugin v27.5 - https:\/\/yoast.com\/product\/yoast-seo-wordpress\/ -->\n<title>L\u2019histoire m\u00e9connue de l\u2019or vol\u00e9 pendant la Seconde Guerre mondiale - Gold.fr<\/title>\n<meta name=\"robots\" content=\"index, follow, max-snippet:-1, max-image-preview:large, max-video-preview:-1\" \/>\n<link rel=\"canonical\" href=\"https:\/\/www.gold.fr\/news\/2025\/06\/12\/lhistoire-meconnue-de-lor-vole-pendant-la-seconde-guerre-mondiale-1748893405\/\" \/>\n<meta property=\"og:locale\" content=\"fr_FR\" \/>\n<meta property=\"og:type\" content=\"article\" \/>\n<meta property=\"og:title\" content=\"L\u2019histoire m\u00e9connue de l\u2019or vol\u00e9 pendant la Seconde Guerre mondiale - Gold.fr\" \/>\n<meta property=\"og:description\" content=\"Quel secret inavou\u00e9 cache l&rsquo;or vol\u00e9 durant la Seconde Guerre mondiale ? D\u00e9couvrez l&rsquo;histoire intrigante de ces tr\u00e9sors dissimul\u00e9s par les forces de l&rsquo;Axe et suivez la traque haletante qui a suivi pour les retrouver. Plong\u00e9e [&hellip;]\" \/>\n<meta property=\"og:url\" content=\"https:\/\/www.gold.fr\/news\/2025\/06\/12\/lhistoire-meconnue-de-lor-vole-pendant-la-seconde-guerre-mondiale-1748893405\/\" \/>\n<meta property=\"og:site_name\" content=\"Gold.fr\" \/>\n<meta property=\"article:publisher\" content=\"https:\/\/www.facebook.com\/Goldfr\/\" \/>\n<meta property=\"article:published_time\" content=\"2025-06-12T16:43:25+00:00\" \/>\n<meta property=\"og:image\" content=\"https:\/\/www.gold.fr\/news\/wp-content\/uploads\/2025\/06\/or-vole-seconde-guerre-mondiale.jpg\" \/>\n\t<meta property=\"og:image:width\" content=\"1200\" \/>\n\t<meta property=\"og:image:height\" content=\"628\" \/>\n\t<meta property=\"og:image:type\" content=\"image\/jpeg\" \/>\n<meta name=\"author\" content=\"Comptoir National de l&#039;Or\" \/>\n<meta name=\"twitter:card\" content=\"summary_large_image\" \/>\n<meta name=\"twitter:label1\" content=\"\u00c9crit par\" \/>\n\t<meta name=\"twitter:data1\" content=\"Comptoir National de l&#039;Or\" \/>\n\t<meta name=\"twitter:label2\" content=\"Dur\u00e9e de lecture estim\u00e9e\" \/>\n\t<meta name=\"twitter:data2\" content=\"5 minutes\" \/>\n<script type=\"application\/ld+json\" class=\"yoast-schema-graph\">{\"@context\":\"https:\\\/\\\/schema.org\",\"@graph\":[{\"@type\":\"Article\",\"@id\":\"https:\\\/\\\/www.gold.fr\\\/news\\\/2025\\\/06\\\/12\\\/lhistoire-meconnue-de-lor-vole-pendant-la-seconde-guerre-mondiale-1748893405\\\/#article\",\"isPartOf\":{\"@id\":\"https:\\\/\\\/www.gold.fr\\\/news\\\/2025\\\/06\\\/12\\\/lhistoire-meconnue-de-lor-vole-pendant-la-seconde-guerre-mondiale-1748893405\\\/\"},\"author\":{\"name\":\"Comptoir National de l'Or\",\"@id\":\"https:\\\/\\\/www.gold.fr\\\/news\\\/#\\\/schema\\\/person\\\/070491b4b4fb7671bf59b3be20302ce9\"},\"headline\":\"L\u2019histoire m\u00e9connue de l\u2019or vol\u00e9 pendant la Seconde Guerre mondiale\",\"datePublished\":\"2025-06-12T16:43:25+00:00\",\"mainEntityOfPage\":{\"@id\":\"https:\\\/\\\/www.gold.fr\\\/news\\\/2025\\\/06\\\/12\\\/lhistoire-meconnue-de-lor-vole-pendant-la-seconde-guerre-mondiale-1748893405\\\/\"},\"wordCount\":999,\"image\":{\"@id\":\"https:\\\/\\\/www.gold.fr\\\/news\\\/2025\\\/06\\\/12\\\/lhistoire-meconnue-de-lor-vole-pendant-la-seconde-guerre-mondiale-1748893405\\\/#primaryimage\"},\"thumbnailUrl\":\"https:\\\/\\\/www.gold.fr\\\/news\\\/wp-content\\\/uploads\\\/2025\\\/06\\\/or-vole-seconde-guerre-mondiale.jpg\",\"articleSection\":[\"News\"],\"inLanguage\":\"fr-FR\"},{\"@type\":\"WebPage\",\"@id\":\"https:\\\/\\\/www.gold.fr\\\/news\\\/2025\\\/06\\\/12\\\/lhistoire-meconnue-de-lor-vole-pendant-la-seconde-guerre-mondiale-1748893405\\\/\",\"url\":\"https:\\\/\\\/www.gold.fr\\\/news\\\/2025\\\/06\\\/12\\\/lhistoire-meconnue-de-lor-vole-pendant-la-seconde-guerre-mondiale-1748893405\\\/\",\"name\":\"L\u2019histoire m\u00e9connue de l\u2019or vol\u00e9 pendant la Seconde Guerre mondiale - Gold.fr\",\"isPartOf\":{\"@id\":\"https:\\\/\\\/www.gold.fr\\\/news\\\/#website\"},\"primaryImageOfPage\":{\"@id\":\"https:\\\/\\\/www.gold.fr\\\/news\\\/2025\\\/06\\\/12\\\/lhistoire-meconnue-de-lor-vole-pendant-la-seconde-guerre-mondiale-1748893405\\\/#primaryimage\"},\"image\":{\"@id\":\"https:\\\/\\\/www.gold.fr\\\/news\\\/2025\\\/06\\\/12\\\/lhistoire-meconnue-de-lor-vole-pendant-la-seconde-guerre-mondiale-1748893405\\\/#primaryimage\"},\"thumbnailUrl\":\"https:\\\/\\\/www.gold.fr\\\/news\\\/wp-content\\\/uploads\\\/2025\\\/06\\\/or-vole-seconde-guerre-mondiale.jpg\",\"datePublished\":\"2025-06-12T16:43:25+00:00\",\"author\":{\"@id\":\"https:\\\/\\\/www.gold.fr\\\/news\\\/#\\\/schema\\\/person\\\/070491b4b4fb7671bf59b3be20302ce9\"},\"breadcrumb\":{\"@id\":\"https:\\\/\\\/www.gold.fr\\\/news\\\/2025\\\/06\\\/12\\\/lhistoire-meconnue-de-lor-vole-pendant-la-seconde-guerre-mondiale-1748893405\\\/#breadcrumb\"},\"inLanguage\":\"fr-FR\",\"potentialAction\":[{\"@type\":\"ReadAction\",\"target\":[\"https:\\\/\\\/www.gold.fr\\\/news\\\/2025\\\/06\\\/12\\\/lhistoire-meconnue-de-lor-vole-pendant-la-seconde-guerre-mondiale-1748893405\\\/\"]}]},{\"@type\":\"ImageObject\",\"inLanguage\":\"fr-FR\",\"@id\":\"https:\\\/\\\/www.gold.fr\\\/news\\\/2025\\\/06\\\/12\\\/lhistoire-meconnue-de-lor-vole-pendant-la-seconde-guerre-mondiale-1748893405\\\/#primaryimage\",\"url\":\"https:\\\/\\\/www.gold.fr\\\/news\\\/wp-content\\\/uploads\\\/2025\\\/06\\\/or-vole-seconde-guerre-mondiale.jpg\",\"contentUrl\":\"https:\\\/\\\/www.gold.fr\\\/news\\\/wp-content\\\/uploads\\\/2025\\\/06\\\/or-vole-seconde-guerre-mondiale.jpg\",\"width\":1200,\"height\":628},{\"@type\":\"BreadcrumbList\",\"@id\":\"https:\\\/\\\/www.gold.fr\\\/news\\\/2025\\\/06\\\/12\\\/lhistoire-meconnue-de-lor-vole-pendant-la-seconde-guerre-mondiale-1748893405\\\/#breadcrumb\",\"itemListElement\":[{\"@type\":\"ListItem\",\"position\":1,\"name\":\"Accueil\",\"item\":\"https:\\\/\\\/www.gold.fr\\\/\"},{\"@type\":\"ListItem\",\"position\":2,\"name\":\"Actualit\u00e9s\",\"item\":\"https:\\\/\\\/www.gold.fr\\\/news\\\/\"},{\"@type\":\"ListItem\",\"position\":3,\"name\":\"L\u2019histoire m\u00e9connue de l\u2019or vol\u00e9 pendant la Seconde Guerre mondiale\"}]},{\"@type\":\"WebSite\",\"@id\":\"https:\\\/\\\/www.gold.fr\\\/news\\\/#website\",\"url\":\"https:\\\/\\\/www.gold.fr\\\/news\\\/\",\"name\":\"Gold.fr\",\"description\":\"Actualit\u00e9s de l&#039;Or et des m\u00e9taux pr\u00e9cieux\",\"potentialAction\":[{\"@type\":\"SearchAction\",\"target\":{\"@type\":\"EntryPoint\",\"urlTemplate\":\"https:\\\/\\\/www.gold.fr\\\/news\\\/?s={search_term_string}\"},\"query-input\":{\"@type\":\"PropertyValueSpecification\",\"valueRequired\":true,\"valueName\":\"search_term_string\"}}],\"inLanguage\":\"fr-FR\"},{\"@type\":\"Person\",\"@id\":\"https:\\\/\\\/www.gold.fr\\\/news\\\/#\\\/schema\\\/person\\\/070491b4b4fb7671bf59b3be20302ce9\",\"name\":\"Comptoir National de l'Or\",\"image\":{\"@type\":\"ImageObject\",\"inLanguage\":\"fr-FR\",\"@id\":\"https:\\\/\\\/secure.gravatar.com\\\/avatar\\\/0a2867fd5abe37bed95d5a65e9d58f01756e11efc68af9888dfc50cfa7f65948?s=96&d=mm&r=gb490554db0a38188709de567aa58480d\",\"url\":\"https:\\\/\\\/secure.gravatar.com\\\/avatar\\\/0a2867fd5abe37bed95d5a65e9d58f01756e11efc68af9888dfc50cfa7f65948?s=96&d=mm&r=g\",\"contentUrl\":\"https:\\\/\\\/secure.gravatar.com\\\/avatar\\\/0a2867fd5abe37bed95d5a65e9d58f01756e11efc68af9888dfc50cfa7f65948?s=96&d=mm&r=g\",\"caption\":\"Comptoir National de l'Or\"},\"description\":\"Notre r\u00e9daction est constitu\u00e9e de membres experts dans les m\u00e9tiers de l'\u00e9conomie et la gestion, des Responsables d'agence Comptoir National de l'Or, des analystes financiers qui publient r\u00e9guli\u00e8rement des \u00e9tudes sur les politiques des banques centrales, le cours de l'or, prix de l'or, cours de l'argent, prix de l'argent, cours du platine, cours du palladium,... la situation en zone euro et l'impact de la strat\u00e9gie mon\u00e9taire de la FED. Notre \u00e9quipe scrute \u00e9galement une information plus g\u00e9n\u00e9raliste \u00e0 la recherche d'actualit\u00e9 \\\"p\u00e9pite\\\" \u00e0 vous partager. Depuis 5 ans, nous avons publi\u00e9 un peu plus de 4000 articles qui s'adressent \u00e0 un public large et vari\u00e9 ayant pour objectif de satisfaire votre curiosit\u00e9 et de partager avec vous une certaine fascination pour le m\u00e9tal jaune, le rachat d'or, et pour ceux qui veulent investir dans l'or, vendre leur or tout simplement en savoir plus... Pour tous vos achat or et argent, n'h\u00e9sitez pas \u00e0 prendre rendez-vous dans l'un de nos nombreux comptoirs.\",\"sameAs\":[\"https:\\\/\\\/www.gold.fr\"]}]}<\/script>\n<!-- \/ Yoast SEO plugin. -->","yoast_head_json":{"title":"L\u2019histoire m\u00e9connue de l\u2019or vol\u00e9 pendant la Seconde Guerre mondiale - Gold.fr","robots":{"index":"index","follow":"follow","max-snippet":"max-snippet:-1","max-image-preview":"max-image-preview:large","max-video-preview":"max-video-preview:-1"},"canonical":"https:\/\/www.gold.fr\/news\/2025\/06\/12\/lhistoire-meconnue-de-lor-vole-pendant-la-seconde-guerre-mondiale-1748893405\/","og_locale":"fr_FR","og_type":"article","og_title":"L\u2019histoire m\u00e9connue de l\u2019or vol\u00e9 pendant la Seconde Guerre mondiale - Gold.fr","og_description":"Quel secret inavou\u00e9 cache l&rsquo;or vol\u00e9 durant la Seconde Guerre mondiale ? D\u00e9couvrez l&rsquo;histoire intrigante de ces tr\u00e9sors dissimul\u00e9s par les forces de l&rsquo;Axe et suivez la traque haletante qui a suivi pour les retrouver. Plong\u00e9e [&hellip;]","og_url":"https:\/\/www.gold.fr\/news\/2025\/06\/12\/lhistoire-meconnue-de-lor-vole-pendant-la-seconde-guerre-mondiale-1748893405\/","og_site_name":"Gold.fr","article_publisher":"https:\/\/www.facebook.com\/Goldfr\/","article_published_time":"2025-06-12T16:43:25+00:00","og_image":[{"width":1200,"height":628,"url":"https:\/\/www.gold.fr\/news\/wp-content\/uploads\/2025\/06\/or-vole-seconde-guerre-mondiale.jpg","type":"image\/jpeg"}],"author":"Comptoir National de l'Or","twitter_card":"summary_large_image","twitter_misc":{"\u00c9crit par":"Comptoir National de l'Or","Dur\u00e9e de lecture estim\u00e9e":"5 minutes"},"schema":{"@context":"https:\/\/schema.org","@graph":[{"@type":"Article","@id":"https:\/\/www.gold.fr\/news\/2025\/06\/12\/lhistoire-meconnue-de-lor-vole-pendant-la-seconde-guerre-mondiale-1748893405\/#article","isPartOf":{"@id":"https:\/\/www.gold.fr\/news\/2025\/06\/12\/lhistoire-meconnue-de-lor-vole-pendant-la-seconde-guerre-mondiale-1748893405\/"},"author":{"name":"Comptoir National de l'Or","@id":"https:\/\/www.gold.fr\/news\/#\/schema\/person\/070491b4b4fb7671bf59b3be20302ce9"},"headline":"L\u2019histoire m\u00e9connue de l\u2019or vol\u00e9 pendant la Seconde Guerre mondiale","datePublished":"2025-06-12T16:43:25+00:00","mainEntityOfPage":{"@id":"https:\/\/www.gold.fr\/news\/2025\/06\/12\/lhistoire-meconnue-de-lor-vole-pendant-la-seconde-guerre-mondiale-1748893405\/"},"wordCount":999,"image":{"@id":"https:\/\/www.gold.fr\/news\/2025\/06\/12\/lhistoire-meconnue-de-lor-vole-pendant-la-seconde-guerre-mondiale-1748893405\/#primaryimage"},"thumbnailUrl":"https:\/\/www.gold.fr\/news\/wp-content\/uploads\/2025\/06\/or-vole-seconde-guerre-mondiale.jpg","articleSection":["News"],"inLanguage":"fr-FR"},{"@type":"WebPage","@id":"https:\/\/www.gold.fr\/news\/2025\/06\/12\/lhistoire-meconnue-de-lor-vole-pendant-la-seconde-guerre-mondiale-1748893405\/","url":"https:\/\/www.gold.fr\/news\/2025\/06\/12\/lhistoire-meconnue-de-lor-vole-pendant-la-seconde-guerre-mondiale-1748893405\/","name":"L\u2019histoire m\u00e9connue de l\u2019or vol\u00e9 pendant la Seconde Guerre mondiale - Gold.fr","isPartOf":{"@id":"https:\/\/www.gold.fr\/news\/#website"},"primaryImageOfPage":{"@id":"https:\/\/www.gold.fr\/news\/2025\/06\/12\/lhistoire-meconnue-de-lor-vole-pendant-la-seconde-guerre-mondiale-1748893405\/#primaryimage"},"image":{"@id":"https:\/\/www.gold.fr\/news\/2025\/06\/12\/lhistoire-meconnue-de-lor-vole-pendant-la-seconde-guerre-mondiale-1748893405\/#primaryimage"},"thumbnailUrl":"https:\/\/www.gold.fr\/news\/wp-content\/uploads\/2025\/06\/or-vole-seconde-guerre-mondiale.jpg","datePublished":"2025-06-12T16:43:25+00:00","author":{"@id":"https:\/\/www.gold.fr\/news\/#\/schema\/person\/070491b4b4fb7671bf59b3be20302ce9"},"breadcrumb":{"@id":"https:\/\/www.gold.fr\/news\/2025\/06\/12\/lhistoire-meconnue-de-lor-vole-pendant-la-seconde-guerre-mondiale-1748893405\/#breadcrumb"},"inLanguage":"fr-FR","potentialAction":[{"@type":"ReadAction","target":["https:\/\/www.gold.fr\/news\/2025\/06\/12\/lhistoire-meconnue-de-lor-vole-pendant-la-seconde-guerre-mondiale-1748893405\/"]}]},{"@type":"ImageObject","inLanguage":"fr-FR","@id":"https:\/\/www.gold.fr\/news\/2025\/06\/12\/lhistoire-meconnue-de-lor-vole-pendant-la-seconde-guerre-mondiale-1748893405\/#primaryimage","url":"https:\/\/www.gold.fr\/news\/wp-content\/uploads\/2025\/06\/or-vole-seconde-guerre-mondiale.jpg","contentUrl":"https:\/\/www.gold.fr\/news\/wp-content\/uploads\/2025\/06\/or-vole-seconde-guerre-mondiale.jpg","width":1200,"height":628},{"@type":"BreadcrumbList","@id":"https:\/\/www.gold.fr\/news\/2025\/06\/12\/lhistoire-meconnue-de-lor-vole-pendant-la-seconde-guerre-mondiale-1748893405\/#breadcrumb","itemListElement":[{"@type":"ListItem","position":1,"name":"Accueil","item":"https:\/\/www.gold.fr\/"},{"@type":"ListItem","position":2,"name":"Actualit\u00e9s","item":"https:\/\/www.gold.fr\/news\/"},{"@type":"ListItem","position":3,"name":"L\u2019histoire m\u00e9connue de l\u2019or vol\u00e9 pendant la Seconde Guerre mondiale"}]},{"@type":"WebSite","@id":"https:\/\/www.gold.fr\/news\/#website","url":"https:\/\/www.gold.fr\/news\/","name":"Gold.fr","description":"Actualit\u00e9s de l&#039;Or et des m\u00e9taux pr\u00e9cieux","potentialAction":[{"@type":"SearchAction","target":{"@type":"EntryPoint","urlTemplate":"https:\/\/www.gold.fr\/news\/?s={search_term_string}"},"query-input":{"@type":"PropertyValueSpecification","valueRequired":true,"valueName":"search_term_string"}}],"inLanguage":"fr-FR"},{"@type":"Person","@id":"https:\/\/www.gold.fr\/news\/#\/schema\/person\/070491b4b4fb7671bf59b3be20302ce9","name":"Comptoir National de l'Or","image":{"@type":"ImageObject","inLanguage":"fr-FR","@id":"https:\/\/secure.gravatar.com\/avatar\/0a2867fd5abe37bed95d5a65e9d58f01756e11efc68af9888dfc50cfa7f65948?s=96&d=mm&r=gb490554db0a38188709de567aa58480d","url":"https:\/\/secure.gravatar.com\/avatar\/0a2867fd5abe37bed95d5a65e9d58f01756e11efc68af9888dfc50cfa7f65948?s=96&d=mm&r=g","contentUrl":"https:\/\/secure.gravatar.com\/avatar\/0a2867fd5abe37bed95d5a65e9d58f01756e11efc68af9888dfc50cfa7f65948?s=96&d=mm&r=g","caption":"Comptoir National de l'Or"},"description":"Notre r\u00e9daction est constitu\u00e9e de membres experts dans les m\u00e9tiers de l'\u00e9conomie et la gestion, des Responsables d'agence Comptoir National de l'Or, des analystes financiers qui publient r\u00e9guli\u00e8rement des \u00e9tudes sur les politiques des banques centrales, le cours de l'or, prix de l'or, cours de l'argent, prix de l'argent, cours du platine, cours du palladium,... la situation en zone euro et l'impact de la strat\u00e9gie mon\u00e9taire de la FED. Notre \u00e9quipe scrute \u00e9galement une information plus g\u00e9n\u00e9raliste \u00e0 la recherche d'actualit\u00e9 \"p\u00e9pite\" \u00e0 vous partager. Depuis 5 ans, nous avons publi\u00e9 un peu plus de 4000 articles qui s'adressent \u00e0 un public large et vari\u00e9 ayant pour objectif de satisfaire votre curiosit\u00e9 et de partager avec vous une certaine fascination pour le m\u00e9tal jaune, le rachat d'or, et pour ceux qui veulent investir dans l'or, vendre leur or tout simplement en savoir plus... Pour tous vos achat or et argent, n'h\u00e9sitez pas \u00e0 prendre rendez-vous dans l'un de nos nombreux comptoirs.","sameAs":["https:\/\/www.gold.fr"]}]}},"authors":[{"term_id":2565,"user_id":18,"is_guest":0,"slug":"julie","display_name":"Comptoir National de l'Or","avatar_url":"https:\/\/secure.gravatar.com\/avatar\/713f289e398d35ead876c4a4cc08607f0d6d266058cfc25683fffb6092d0e572?s=96&d=mm&r=g","0":null,"1":"","2":"","3":"","4":"","5":"","6":"","7":"","8":""}],"_links":{"self":[{"href":"https:\/\/www.gold.fr\/news\/wp-json\/wp\/v2\/posts\/48396","targetHints":{"allow":["GET"]}}],"collection":[{"href":"https:\/\/www.gold.fr\/news\/wp-json\/wp\/v2\/posts"}],"about":[{"href":"https:\/\/www.gold.fr\/news\/wp-json\/wp\/v2\/types\/post"}],"author":[{"embeddable":true,"href":"https:\/\/www.gold.fr\/news\/wp-json\/wp\/v2\/users\/18"}],"replies":[{"embeddable":true,"href":"https:\/\/www.gold.fr\/news\/wp-json\/wp\/v2\/comments?post=48396"}],"version-history":[{"count":2,"href":"https:\/\/www.gold.fr\/news\/wp-json\/wp\/v2\/posts\/48396\/revisions"}],"predecessor-version":[{"id":48524,"href":"https:\/\/www.gold.fr\/news\/wp-json\/wp\/v2\/posts\/48396\/revisions\/48524"}],"wp:featuredmedia":[{"embeddable":true,"href":"https:\/\/www.gold.fr\/news\/wp-json\/wp\/v2\/media\/48519"}],"wp:attachment":[{"href":"https:\/\/www.gold.fr\/news\/wp-json\/wp\/v2\/media?parent=48396"}],"wp:term":[{"taxonomy":"category","embeddable":true,"href":"https:\/\/www.gold.fr\/news\/wp-json\/wp\/v2\/categories?post=48396"},{"taxonomy":"post_tag","embeddable":true,"href":"https:\/\/www.gold.fr\/news\/wp-json\/wp\/v2\/tags?post=48396"},{"taxonomy":"author","embeddable":true,"href":"https:\/\/www.gold.fr\/news\/wp-json\/wp\/v2\/ppma_author?post=48396"}],"curies":[{"name":"wp","href":"https:\/\/api.w.org\/{rel}","templated":true}]}}