{"id":4830,"date":"2012-01-04T10:52:02","date_gmt":"2012-01-04T09:52:02","guid":{"rendered":"http:\/\/news.gold.fr\/?p=4830"},"modified":"2020-06-30T10:30:34","modified_gmt":"2020-06-30T08:30:34","slug":"le-commerce-parallele-dor-a-athenes-2","status":"publish","type":"post","link":"https:\/\/www.gold.fr\/news\/2012\/01\/04\/le-commerce-parallele-dor-a-athenes-2\/","title":{"rendered":"Le commerce parall\u00e8le d\u2019or \u00e0 Ath\u00e8nes"},"content":{"rendered":"<p style=\"text-align: justify;\"><span style=\"font-family: verdana,geneva; font-size: small;\"><a href=\"http:\/\/news.gold.fr\/wp-content\/uploads\/2012\/01\/pi%C3%A8ces-dor.jpg\"><img loading=\"lazy\" decoding=\"async\" class=\"alignleft size-thumbnail wp-image-4834\" style=\"float: left; margin: 5px; border: 1px solid black;\" title=\"pi\u00e8ces-d'or\" src=\"http:\/\/news.gold.fr\/wp-content\/uploads\/2012\/01\/pi%C3%A8ces-dor-150x150.jpg\" alt=\"\" width=\"150\" height=\"150\" \/><\/a>Des panneaux publicitaires flambant neuf et des n\u00e9ons lumineux fluos et criards\u2026le tout plac\u00e9 au c\u0153ur m\u00eame des rues bourr\u00e9es d&rsquo;immeubles d\u00e9labr\u00e9s et de b\u00e2timents abandonn\u00e9s ou mis en vente\/location pour survivre \u00e0 la crise. Il faut avouer que le contraste serait presque comique si le contexte n&rsquo;\u00e9tait pas aussi dramatique.<\/span><\/p>\n<p><span style=\"font-family: verdana,geneva; font-size: small;\"> Mais les nouvelles officines ne reculent devant rien pour attirer la client\u00e8le d\u00e9sesp\u00e9r\u00e9e. D&rsquo;ailleurs, la publicit\u00e9 mensong\u00e8re n&rsquo;est pas un obstacle, en l&rsquo;occurrence ; GoldBuyers, nouvelle cha\u00eene d&rsquo;officines assez florissante dans la capitale grecque et en banlieue, n&rsquo;h\u00e9site pas \u00e0 orner les pages de son site web d&rsquo;un slogan all\u00e9chant : \u00ab<strong>Le <a class=\"esk-seo-plu-link\" href=\"https:\/\/www.gold.fr\/news\/tags\/cours-de-lor\">cours de l&rsquo;or<\/a><\/strong> a grimp\u00e9 de 300% ces cinq derni\u00e8res ann\u00e9es\u00bb. Notez que, sur la p\u00e9riode de r\u00e9f\u00e9rence, l&rsquo;<strong><a class=\"esk-seo-plu-link\" href=\"https:\/\/www.gold.fr\/news\/tags\/or\">or<\/a><\/strong> n&rsquo;a progress\u00e9 que de la moiti\u00e9 du taux annonc\u00e9.<\/span> <span style=\"font-family: verdana,geneva; font-size: small;\"> Par contre, cette belle exub\u00e9rance disparait d\u00e8s qu&rsquo;il s&rsquo;agit de d\u00e9voiler les chiffres relatifs \u00e0 leurs marges, ou encore la destination du <a class=\"esk-seo-plu-link\" href=\"https:\/\/www.gold.fr\/news\/tags\/or\">m\u00e9tal jaune<\/a> achet\u00e9. Il faut litt\u00e9ralement extirper l&rsquo;information de force \u00e0 un employ\u00e9 pas assez aguerri qui r\u00e9v\u00e8le une marge plut\u00f4t impressionnante qui varie entre 5 et 10%.<\/span> <span style=\"font-family: verdana,geneva; font-size: small;\"> Du tout b\u00e9n\u00e9f, donc, pour ce commerce presque \u00ab au noir \u00bb. Et encore ! Il semblerait que c&rsquo;est un \u00ab march\u00e9 \u00bb qui souffre profond\u00e9ment de la \u00ab rude concurrence \u00bb des commerces sp\u00e9cialis\u00e9s.<\/span> <span style=\"font-family: verdana,geneva; font-size: small;\"> Sans commentaire.<\/span><\/p>\n<!-- AddThis Advanced Settings generic via filter on the_content --><!-- AddThis Share Buttons generic via filter on the_content -->","protected":false},"excerpt":{"rendered":"<p>Des panneaux publicitaires flambant neuf et des n\u00e9ons lumineux fluos et criards\u2026le tout plac\u00e9 au c\u0153ur m\u00eame des rues bourr\u00e9es d&rsquo;immeubles d\u00e9labr\u00e9s et de b\u00e2timents abandonn\u00e9s ou mis en vente\/location pour survivre \u00e0 la crise. Il [&hellip;]<\/p>\n","protected":false},"author":18,"featured_media":4835,"comment_status":"closed","ping_status":"closed","sticky":false,"template":"","format":"standard","meta":{"_mbp_gutenberg_autopost":false,"_pgmb_is_evergreen":false,"_pgmb_ap_template_id":0,"footnotes":""},"categories":[6],"tags":[245,244,76,84],"ppma_author":[2565],"class_list":["post-4830","post","type-post","status-publish","format-standard","has-post-thumbnail","hentry","category-articles-de-presse","tag-athenes","tag-commerce-dor","tag-or","tag-cours-de-lor"],"yoast_head":"<!-- This site is optimized with the Yoast SEO plugin v27.5 - https:\/\/yoast.com\/product\/yoast-seo-wordpress\/ -->\n<title>Le commerce parall\u00e8le d\u2019or \u00e0 Ath\u00e8nes - Gold.fr<\/title>\n<meta name=\"description\" content=\"Le commerce parall\u00e8le d\u2019or \u00e0 Ath\u00e8nes, GoldBuyers, nouvelle cha\u00eene d\u2019officines assez florissante dans la capitale grecque et en banlieue\" \/>\n<meta name=\"robots\" content=\"index, follow, max-snippet:-1, max-image-preview:large, max-video-preview:-1\" \/>\n<link rel=\"canonical\" href=\"https:\/\/www.gold.fr\/news\/2012\/01\/04\/le-commerce-parallele-dor-a-athenes-2\/\" \/>\n<meta property=\"og:locale\" content=\"fr_FR\" \/>\n<meta property=\"og:type\" content=\"article\" \/>\n<meta property=\"og:title\" content=\"Le commerce parall\u00e8le d\u2019or \u00e0 Ath\u00e8nes - Gold.fr\" \/>\n<meta property=\"og:description\" content=\"Le commerce parall\u00e8le d\u2019or \u00e0 Ath\u00e8nes, GoldBuyers, nouvelle cha\u00eene d\u2019officines assez florissante dans la capitale grecque et en banlieue\" \/>\n<meta property=\"og:url\" content=\"https:\/\/www.gold.fr\/news\/2012\/01\/04\/le-commerce-parallele-dor-a-athenes-2\/\" \/>\n<meta property=\"og:site_name\" content=\"Gold.fr\" \/>\n<meta property=\"article:publisher\" content=\"https:\/\/www.facebook.com\/Goldfr\/\" \/>\n<meta property=\"article:published_time\" content=\"2012-01-04T09:52:02+00:00\" \/>\n<meta property=\"article:modified_time\" content=\"2020-06-30T08:30:34+00:00\" \/>\n<meta property=\"og:image\" content=\"https:\/\/www.gold.fr\/news\/wp-content\/uploads\/2012\/01\/Lingots_dor.jpg\" \/>\n\t<meta property=\"og:image:width\" content=\"600\" \/>\n\t<meta property=\"og:image:height\" content=\"400\" \/>\n\t<meta property=\"og:image:type\" content=\"image\/jpeg\" \/>\n<meta name=\"author\" content=\"Comptoir National de l&#039;Or\" \/>\n<meta name=\"twitter:card\" content=\"summary_large_image\" \/>\n<meta name=\"twitter:label1\" content=\"\u00c9crit par\" \/>\n\t<meta name=\"twitter:data1\" content=\"Comptoir National de l&#039;Or\" \/>\n\t<meta name=\"twitter:label2\" content=\"Dur\u00e9e de lecture estim\u00e9e\" \/>\n\t<meta name=\"twitter:data2\" content=\"1 minute\" \/>\n<script type=\"application\/ld+json\" class=\"yoast-schema-graph\">{\"@context\":\"https:\\\/\\\/schema.org\",\"@graph\":[{\"@type\":\"Article\",\"@id\":\"https:\\\/\\\/www.gold.fr\\\/news\\\/2012\\\/01\\\/04\\\/le-commerce-parallele-dor-a-athenes-2\\\/#article\",\"isPartOf\":{\"@id\":\"https:\\\/\\\/www.gold.fr\\\/news\\\/2012\\\/01\\\/04\\\/le-commerce-parallele-dor-a-athenes-2\\\/\"},\"author\":{\"name\":\"Comptoir National de l'Or\",\"@id\":\"https:\\\/\\\/www.gold.fr\\\/news\\\/#\\\/schema\\\/person\\\/070491b4b4fb7671bf59b3be20302ce9\"},\"headline\":\"Le commerce parall\u00e8le d\u2019or \u00e0 Ath\u00e8nes\",\"datePublished\":\"2012-01-04T09:52:02+00:00\",\"dateModified\":\"2020-06-30T08:30:34+00:00\",\"mainEntityOfPage\":{\"@id\":\"https:\\\/\\\/www.gold.fr\\\/news\\\/2012\\\/01\\\/04\\\/le-commerce-parallele-dor-a-athenes-2\\\/\"},\"wordCount\":261,\"image\":{\"@id\":\"https:\\\/\\\/www.gold.fr\\\/news\\\/2012\\\/01\\\/04\\\/le-commerce-parallele-dor-a-athenes-2\\\/#primaryimage\"},\"thumbnailUrl\":\"https:\\\/\\\/www.gold.fr\\\/news\\\/wp-content\\\/uploads\\\/2012\\\/01\\\/Lingots_dor.jpg\",\"keywords\":[\"ath\u00e8nes\",\"commerce d'or\",\"Or\",\"Tout Cours de l'Or\"],\"articleSection\":[\"Articles de presse\"],\"inLanguage\":\"fr-FR\"},{\"@type\":\"WebPage\",\"@id\":\"https:\\\/\\\/www.gold.fr\\\/news\\\/2012\\\/01\\\/04\\\/le-commerce-parallele-dor-a-athenes-2\\\/\",\"url\":\"https:\\\/\\\/www.gold.fr\\\/news\\\/2012\\\/01\\\/04\\\/le-commerce-parallele-dor-a-athenes-2\\\/\",\"name\":\"Le commerce parall\u00e8le d\u2019or \u00e0 Ath\u00e8nes - Gold.fr\",\"isPartOf\":{\"@id\":\"https:\\\/\\\/www.gold.fr\\\/news\\\/#website\"},\"primaryImageOfPage\":{\"@id\":\"https:\\\/\\\/www.gold.fr\\\/news\\\/2012\\\/01\\\/04\\\/le-commerce-parallele-dor-a-athenes-2\\\/#primaryimage\"},\"image\":{\"@id\":\"https:\\\/\\\/www.gold.fr\\\/news\\\/2012\\\/01\\\/04\\\/le-commerce-parallele-dor-a-athenes-2\\\/#primaryimage\"},\"thumbnailUrl\":\"https:\\\/\\\/www.gold.fr\\\/news\\\/wp-content\\\/uploads\\\/2012\\\/01\\\/Lingots_dor.jpg\",\"datePublished\":\"2012-01-04T09:52:02+00:00\",\"dateModified\":\"2020-06-30T08:30:34+00:00\",\"author\":{\"@id\":\"https:\\\/\\\/www.gold.fr\\\/news\\\/#\\\/schema\\\/person\\\/070491b4b4fb7671bf59b3be20302ce9\"},\"description\":\"Le commerce parall\u00e8le d\u2019or \u00e0 Ath\u00e8nes, GoldBuyers, nouvelle cha\u00eene d\u2019officines assez florissante dans la capitale grecque et en banlieue\",\"breadcrumb\":{\"@id\":\"https:\\\/\\\/www.gold.fr\\\/news\\\/2012\\\/01\\\/04\\\/le-commerce-parallele-dor-a-athenes-2\\\/#breadcrumb\"},\"inLanguage\":\"fr-FR\",\"potentialAction\":[{\"@type\":\"ReadAction\",\"target\":[\"https:\\\/\\\/www.gold.fr\\\/news\\\/2012\\\/01\\\/04\\\/le-commerce-parallele-dor-a-athenes-2\\\/\"]}]},{\"@type\":\"ImageObject\",\"inLanguage\":\"fr-FR\",\"@id\":\"https:\\\/\\\/www.gold.fr\\\/news\\\/2012\\\/01\\\/04\\\/le-commerce-parallele-dor-a-athenes-2\\\/#primaryimage\",\"url\":\"https:\\\/\\\/www.gold.fr\\\/news\\\/wp-content\\\/uploads\\\/2012\\\/01\\\/Lingots_dor.jpg\",\"contentUrl\":\"https:\\\/\\\/www.gold.fr\\\/news\\\/wp-content\\\/uploads\\\/2012\\\/01\\\/Lingots_dor.jpg\",\"width\":\"600\",\"height\":\"400\",\"caption\":\"Lingots_d'or\"},{\"@type\":\"BreadcrumbList\",\"@id\":\"https:\\\/\\\/www.gold.fr\\\/news\\\/2012\\\/01\\\/04\\\/le-commerce-parallele-dor-a-athenes-2\\\/#breadcrumb\",\"itemListElement\":[{\"@type\":\"ListItem\",\"position\":1,\"name\":\"Accueil\",\"item\":\"https:\\\/\\\/www.gold.fr\\\/\"},{\"@type\":\"ListItem\",\"position\":2,\"name\":\"Actualit\u00e9s\",\"item\":\"https:\\\/\\\/www.gold.fr\\\/news\\\/\"},{\"@type\":\"ListItem\",\"position\":3,\"name\":\"Le commerce parall\u00e8le d\u2019or \u00e0 Ath\u00e8nes\"}]},{\"@type\":\"WebSite\",\"@id\":\"https:\\\/\\\/www.gold.fr\\\/news\\\/#website\",\"url\":\"https:\\\/\\\/www.gold.fr\\\/news\\\/\",\"name\":\"Gold.fr\",\"description\":\"Actualit\u00e9s de l&#039;Or et des m\u00e9taux pr\u00e9cieux\",\"potentialAction\":[{\"@type\":\"SearchAction\",\"target\":{\"@type\":\"EntryPoint\",\"urlTemplate\":\"https:\\\/\\\/www.gold.fr\\\/news\\\/?s={search_term_string}\"},\"query-input\":{\"@type\":\"PropertyValueSpecification\",\"valueRequired\":true,\"valueName\":\"search_term_string\"}}],\"inLanguage\":\"fr-FR\"},{\"@type\":\"Person\",\"@id\":\"https:\\\/\\\/www.gold.fr\\\/news\\\/#\\\/schema\\\/person\\\/070491b4b4fb7671bf59b3be20302ce9\",\"name\":\"Comptoir National de l'Or\",\"image\":{\"@type\":\"ImageObject\",\"inLanguage\":\"fr-FR\",\"@id\":\"https:\\\/\\\/secure.gravatar.com\\\/avatar\\\/0a2867fd5abe37bed95d5a65e9d58f01756e11efc68af9888dfc50cfa7f65948?s=96&d=mm&r=gb490554db0a38188709de567aa58480d\",\"url\":\"https:\\\/\\\/secure.gravatar.com\\\/avatar\\\/0a2867fd5abe37bed95d5a65e9d58f01756e11efc68af9888dfc50cfa7f65948?s=96&d=mm&r=g\",\"contentUrl\":\"https:\\\/\\\/secure.gravatar.com\\\/avatar\\\/0a2867fd5abe37bed95d5a65e9d58f01756e11efc68af9888dfc50cfa7f65948?s=96&d=mm&r=g\",\"caption\":\"Comptoir National de l'Or\"},\"description\":\"Notre r\u00e9daction est constitu\u00e9e de membres experts dans les m\u00e9tiers de l'\u00e9conomie et la gestion, des Responsables d'agence Comptoir National de l'Or, des analystes financiers qui publient r\u00e9guli\u00e8rement des \u00e9tudes sur les politiques des banques centrales, le cours de l'or, prix de l'or, cours de l'argent, prix de l'argent, cours du platine, cours du palladium,... la situation en zone euro et l'impact de la strat\u00e9gie mon\u00e9taire de la FED. Notre \u00e9quipe scrute \u00e9galement une information plus g\u00e9n\u00e9raliste \u00e0 la recherche d'actualit\u00e9 \\\"p\u00e9pite\\\" \u00e0 vous partager. Depuis 5 ans, nous avons publi\u00e9 un peu plus de 4000 articles qui s'adressent \u00e0 un public large et vari\u00e9 ayant pour objectif de satisfaire votre curiosit\u00e9 et de partager avec vous une certaine fascination pour le m\u00e9tal jaune, le rachat d'or, et pour ceux qui veulent investir dans l'or, vendre leur or tout simplement en savoir plus... Pour tous vos achat or et argent, n'h\u00e9sitez pas \u00e0 prendre rendez-vous dans l'un de nos nombreux comptoirs.\",\"sameAs\":[\"https:\\\/\\\/www.gold.fr\"]}]}<\/script>\n<!-- \/ Yoast SEO plugin. -->","yoast_head_json":{"title":"Le commerce parall\u00e8le d\u2019or \u00e0 Ath\u00e8nes - Gold.fr","description":"Le commerce parall\u00e8le d\u2019or \u00e0 Ath\u00e8nes, GoldBuyers, nouvelle cha\u00eene d\u2019officines assez florissante dans la capitale grecque et en banlieue","robots":{"index":"index","follow":"follow","max-snippet":"max-snippet:-1","max-image-preview":"max-image-preview:large","max-video-preview":"max-video-preview:-1"},"canonical":"https:\/\/www.gold.fr\/news\/2012\/01\/04\/le-commerce-parallele-dor-a-athenes-2\/","og_locale":"fr_FR","og_type":"article","og_title":"Le commerce parall\u00e8le d\u2019or \u00e0 Ath\u00e8nes - Gold.fr","og_description":"Le commerce parall\u00e8le d\u2019or \u00e0 Ath\u00e8nes, GoldBuyers, nouvelle cha\u00eene d\u2019officines assez florissante dans la capitale grecque et en banlieue","og_url":"https:\/\/www.gold.fr\/news\/2012\/01\/04\/le-commerce-parallele-dor-a-athenes-2\/","og_site_name":"Gold.fr","article_publisher":"https:\/\/www.facebook.com\/Goldfr\/","article_published_time":"2012-01-04T09:52:02+00:00","article_modified_time":"2020-06-30T08:30:34+00:00","og_image":[{"width":600,"height":400,"url":"https:\/\/www.gold.fr\/news\/wp-content\/uploads\/2012\/01\/Lingots_dor.jpg","type":"image\/jpeg"}],"author":"Comptoir National de l'Or","twitter_card":"summary_large_image","twitter_misc":{"\u00c9crit par":"Comptoir National de l'Or","Dur\u00e9e de lecture estim\u00e9e":"1 minute"},"schema":{"@context":"https:\/\/schema.org","@graph":[{"@type":"Article","@id":"https:\/\/www.gold.fr\/news\/2012\/01\/04\/le-commerce-parallele-dor-a-athenes-2\/#article","isPartOf":{"@id":"https:\/\/www.gold.fr\/news\/2012\/01\/04\/le-commerce-parallele-dor-a-athenes-2\/"},"author":{"name":"Comptoir National de l'Or","@id":"https:\/\/www.gold.fr\/news\/#\/schema\/person\/070491b4b4fb7671bf59b3be20302ce9"},"headline":"Le commerce parall\u00e8le d\u2019or \u00e0 Ath\u00e8nes","datePublished":"2012-01-04T09:52:02+00:00","dateModified":"2020-06-30T08:30:34+00:00","mainEntityOfPage":{"@id":"https:\/\/www.gold.fr\/news\/2012\/01\/04\/le-commerce-parallele-dor-a-athenes-2\/"},"wordCount":261,"image":{"@id":"https:\/\/www.gold.fr\/news\/2012\/01\/04\/le-commerce-parallele-dor-a-athenes-2\/#primaryimage"},"thumbnailUrl":"https:\/\/www.gold.fr\/news\/wp-content\/uploads\/2012\/01\/Lingots_dor.jpg","keywords":["ath\u00e8nes","commerce d'or","Or","Tout Cours de l'Or"],"articleSection":["Articles de presse"],"inLanguage":"fr-FR"},{"@type":"WebPage","@id":"https:\/\/www.gold.fr\/news\/2012\/01\/04\/le-commerce-parallele-dor-a-athenes-2\/","url":"https:\/\/www.gold.fr\/news\/2012\/01\/04\/le-commerce-parallele-dor-a-athenes-2\/","name":"Le commerce parall\u00e8le d\u2019or \u00e0 Ath\u00e8nes - Gold.fr","isPartOf":{"@id":"https:\/\/www.gold.fr\/news\/#website"},"primaryImageOfPage":{"@id":"https:\/\/www.gold.fr\/news\/2012\/01\/04\/le-commerce-parallele-dor-a-athenes-2\/#primaryimage"},"image":{"@id":"https:\/\/www.gold.fr\/news\/2012\/01\/04\/le-commerce-parallele-dor-a-athenes-2\/#primaryimage"},"thumbnailUrl":"https:\/\/www.gold.fr\/news\/wp-content\/uploads\/2012\/01\/Lingots_dor.jpg","datePublished":"2012-01-04T09:52:02+00:00","dateModified":"2020-06-30T08:30:34+00:00","author":{"@id":"https:\/\/www.gold.fr\/news\/#\/schema\/person\/070491b4b4fb7671bf59b3be20302ce9"},"description":"Le commerce parall\u00e8le d\u2019or \u00e0 Ath\u00e8nes, GoldBuyers, nouvelle cha\u00eene d\u2019officines assez florissante dans la capitale grecque et en banlieue","breadcrumb":{"@id":"https:\/\/www.gold.fr\/news\/2012\/01\/04\/le-commerce-parallele-dor-a-athenes-2\/#breadcrumb"},"inLanguage":"fr-FR","potentialAction":[{"@type":"ReadAction","target":["https:\/\/www.gold.fr\/news\/2012\/01\/04\/le-commerce-parallele-dor-a-athenes-2\/"]}]},{"@type":"ImageObject","inLanguage":"fr-FR","@id":"https:\/\/www.gold.fr\/news\/2012\/01\/04\/le-commerce-parallele-dor-a-athenes-2\/#primaryimage","url":"https:\/\/www.gold.fr\/news\/wp-content\/uploads\/2012\/01\/Lingots_dor.jpg","contentUrl":"https:\/\/www.gold.fr\/news\/wp-content\/uploads\/2012\/01\/Lingots_dor.jpg","width":"600","height":"400","caption":"Lingots_d'or"},{"@type":"BreadcrumbList","@id":"https:\/\/www.gold.fr\/news\/2012\/01\/04\/le-commerce-parallele-dor-a-athenes-2\/#breadcrumb","itemListElement":[{"@type":"ListItem","position":1,"name":"Accueil","item":"https:\/\/www.gold.fr\/"},{"@type":"ListItem","position":2,"name":"Actualit\u00e9s","item":"https:\/\/www.gold.fr\/news\/"},{"@type":"ListItem","position":3,"name":"Le commerce parall\u00e8le d\u2019or \u00e0 Ath\u00e8nes"}]},{"@type":"WebSite","@id":"https:\/\/www.gold.fr\/news\/#website","url":"https:\/\/www.gold.fr\/news\/","name":"Gold.fr","description":"Actualit\u00e9s de l&#039;Or et des m\u00e9taux pr\u00e9cieux","potentialAction":[{"@type":"SearchAction","target":{"@type":"EntryPoint","urlTemplate":"https:\/\/www.gold.fr\/news\/?s={search_term_string}"},"query-input":{"@type":"PropertyValueSpecification","valueRequired":true,"valueName":"search_term_string"}}],"inLanguage":"fr-FR"},{"@type":"Person","@id":"https:\/\/www.gold.fr\/news\/#\/schema\/person\/070491b4b4fb7671bf59b3be20302ce9","name":"Comptoir National de l'Or","image":{"@type":"ImageObject","inLanguage":"fr-FR","@id":"https:\/\/secure.gravatar.com\/avatar\/0a2867fd5abe37bed95d5a65e9d58f01756e11efc68af9888dfc50cfa7f65948?s=96&d=mm&r=gb490554db0a38188709de567aa58480d","url":"https:\/\/secure.gravatar.com\/avatar\/0a2867fd5abe37bed95d5a65e9d58f01756e11efc68af9888dfc50cfa7f65948?s=96&d=mm&r=g","contentUrl":"https:\/\/secure.gravatar.com\/avatar\/0a2867fd5abe37bed95d5a65e9d58f01756e11efc68af9888dfc50cfa7f65948?s=96&d=mm&r=g","caption":"Comptoir National de l'Or"},"description":"Notre r\u00e9daction est constitu\u00e9e de membres experts dans les m\u00e9tiers de l'\u00e9conomie et la gestion, des Responsables d'agence Comptoir National de l'Or, des analystes financiers qui publient r\u00e9guli\u00e8rement des \u00e9tudes sur les politiques des banques centrales, le cours de l'or, prix de l'or, cours de l'argent, prix de l'argent, cours du platine, cours du palladium,... la situation en zone euro et l'impact de la strat\u00e9gie mon\u00e9taire de la FED. Notre \u00e9quipe scrute \u00e9galement une information plus g\u00e9n\u00e9raliste \u00e0 la recherche d'actualit\u00e9 \"p\u00e9pite\" \u00e0 vous partager. Depuis 5 ans, nous avons publi\u00e9 un peu plus de 4000 articles qui s'adressent \u00e0 un public large et vari\u00e9 ayant pour objectif de satisfaire votre curiosit\u00e9 et de partager avec vous une certaine fascination pour le m\u00e9tal jaune, le rachat d'or, et pour ceux qui veulent investir dans l'or, vendre leur or tout simplement en savoir plus... Pour tous vos achat or et argent, n'h\u00e9sitez pas \u00e0 prendre rendez-vous dans l'un de nos nombreux comptoirs.","sameAs":["https:\/\/www.gold.fr"]}]}},"authors":[{"term_id":2565,"user_id":18,"is_guest":0,"slug":"julie","display_name":"Comptoir National de l'Or","avatar_url":"https:\/\/secure.gravatar.com\/avatar\/713f289e398d35ead876c4a4cc08607f0d6d266058cfc25683fffb6092d0e572?s=96&d=mm&r=g","0":null,"1":"","2":"","3":"","4":"","5":"","6":"","7":"","8":""}],"_links":{"self":[{"href":"https:\/\/www.gold.fr\/news\/wp-json\/wp\/v2\/posts\/4830","targetHints":{"allow":["GET"]}}],"collection":[{"href":"https:\/\/www.gold.fr\/news\/wp-json\/wp\/v2\/posts"}],"about":[{"href":"https:\/\/www.gold.fr\/news\/wp-json\/wp\/v2\/types\/post"}],"author":[{"embeddable":true,"href":"https:\/\/www.gold.fr\/news\/wp-json\/wp\/v2\/users\/18"}],"replies":[{"embeddable":true,"href":"https:\/\/www.gold.fr\/news\/wp-json\/wp\/v2\/comments?post=4830"}],"version-history":[{"count":0,"href":"https:\/\/www.gold.fr\/news\/wp-json\/wp\/v2\/posts\/4830\/revisions"}],"wp:featuredmedia":[{"embeddable":true,"href":"https:\/\/www.gold.fr\/news\/wp-json\/wp\/v2\/media\/4835"}],"wp:attachment":[{"href":"https:\/\/www.gold.fr\/news\/wp-json\/wp\/v2\/media?parent=4830"}],"wp:term":[{"taxonomy":"category","embeddable":true,"href":"https:\/\/www.gold.fr\/news\/wp-json\/wp\/v2\/categories?post=4830"},{"taxonomy":"post_tag","embeddable":true,"href":"https:\/\/www.gold.fr\/news\/wp-json\/wp\/v2\/tags?post=4830"},{"taxonomy":"author","embeddable":true,"href":"https:\/\/www.gold.fr\/news\/wp-json\/wp\/v2\/ppma_author?post=4830"}],"curies":[{"name":"wp","href":"https:\/\/api.w.org\/{rel}","templated":true}]}}