{"id":47486,"date":"2025-03-09T18:23:01","date_gmt":"2025-03-09T17:23:01","guid":{"rendered":"https:\/\/www.gold.fr\/news\/?p=47486"},"modified":"2025-03-21T10:40:24","modified_gmt":"2025-03-21T09:40:24","slug":"pourquoi-lor-est-il-associe-au-pouvoir-et-au-prestige-depuis-des-siecles-1740529381","status":"publish","type":"post","link":"https:\/\/www.gold.fr\/news\/2025\/03\/09\/pourquoi-lor-est-il-associe-au-pouvoir-et-au-prestige-depuis-des-siecles-1740529381\/","title":{"rendered":"Pourquoi l\u2019or est-il associ\u00e9 au pouvoir et au prestige depuis des si\u00e8cles ?"},"content":{"rendered":"<p><strong>Brillant<\/strong>, inalt\u00e9rable, l&rsquo;<strong>or<\/strong> a captiv\u00e9 l&rsquo;humanit\u00e9 depuis l&rsquo;aube des civilisations. Quelles forces myst\u00e9rieuses lui conf\u00e8rent ce <strong>pouvoir<\/strong>, ce prestige \u00e9ternel ? Plongez au c\u0153ur de cet \u00e9clatant myst\u00e8re avec <a href=\"https:\/\/gold.fr\">Gold.fr<\/a> et d\u00e9couvrez pourquoi l&rsquo;or demeure un symbole universel de <strong>richesse<\/strong> et de pouvoir.<\/p>\n<h2>Les propri\u00e9t\u00e9s uniques de l&rsquo;or<\/h2>\n<p>L&rsquo;or, ce m\u00e9tal <strong>pr\u00e9cieux<\/strong> par excellence, fascine par ses propri\u00e9t\u00e9s physiques et chimiques exceptionnelles. Sa <strong>mall\u00e9abilit\u00e9<\/strong> et sa <strong>ductilit\u00e9<\/strong> remarquables permettent de le transformer en une multitude de formes sans risquer de le briser. Cette capacit\u00e9 offre aux <strong>artisans<\/strong> une libert\u00e9 cr\u00e9ative in\u00e9gal\u00e9e, leur permettant de r\u00e9aliser des \u0153uvres d&rsquo;une finesse et d&rsquo;une complexit\u00e9 extraordinaires.<\/p>\n<h3>Propri\u00e9t\u00e9s physiques et chimiques<\/h3>\n<p>L&rsquo;or se distingue par sa <strong>duret\u00e9<\/strong>, qui contraste avec sa mall\u00e9abilit\u00e9. Il ne ternit pas et ne corrode pas, garantissant ainsi une long\u00e9vit\u00e9 exceptionnelle \u00e0 tout objet fabriqu\u00e9 \u00e0 partir de ce m\u00e9tal. C&rsquo;est pourquoi un bijou en or peut traverser les g\u00e9n\u00e9rations sans perdre son \u00e9clat ni sa beaut\u00e9 originelle.<\/p>\n<p>Voici quelques propri\u00e9t\u00e9s sp\u00e9cifiques de l&rsquo;or :<\/p>\n<ul>\n<li><strong>Densit\u00e9 \u00e9lev\u00e9e :<\/strong> l&rsquo;or est dense et lourd, ce qui contribue \u00e0 sa valeur per\u00e7ue.<\/li>\n<li><strong>Malleabilit\u00e9 :<\/strong> facilement fa\u00e7onnable en feuilles ou fils extr\u00eamement fins.<\/li>\n<li><strong>Conductivit\u00e9 :<\/strong> excellent conducteur \u00e9lectrique, id\u00e9al pour l&rsquo;\u00e9lectronique.<\/li>\n<\/ul>\n<h3>L&rsquo;esth\u00e9tique intemporelle de l&rsquo;or<\/h3>\n<p>L&rsquo;\u00e9clat dor\u00e9 unique de l&rsquo;or r\u00e9sulte de la mani\u00e8re dont il r\u00e9fl\u00e9chit la lumi\u00e8re. Ce lustre chaleureux conf\u00e8re aux bijoux et objets d\u00e9coratifs une aura majestueuse qui <strong>captive<\/strong> le regard. Dans le <strong>domaine artistique<\/strong> comme dans la joaillerie, l&rsquo;or est pris\u00e9 pour cette qualit\u00e9 visuelle exceptionnelle qui symbolise raffinement et \u00e9l\u00e9gance.<\/p>\n<p>Ainsi, que ce soit sous forme de bijoux somptueux ou d&rsquo;objets d\u00e9coratifs luxueux, l&rsquo;or continue d&rsquo;\u00eatre un choix privil\u00e9gi\u00e9 pour ceux qui recherchent non seulement la beaut\u00e9 mais aussi la p\u00e9rennit\u00e9. En choisissant des cr\u00e9ations en or, on opte pour un <strong>h\u00e9ritage intemporel<\/strong> capable de traverser les \u00e2ges sans jamais perdre son prestige ni son \u00e9clat.<\/p>\n<h2>L&rsquo;histoire de l&rsquo;or dans les civilisations anciennes<\/h2>\n<p>L&rsquo;<strong>or<\/strong>, ce m\u00e9tal pr\u00e9cieux aux reflets captivants, a toujours \u00e9t\u00e9 bien plus qu&rsquo;un simple mat\u00e9riau. Depuis les temps imm\u00e9moriaux, il incarne le pouvoir, la richesse et la divinit\u00e9 \u00e0 travers les \u00e2ges. Les civilisations anciennes ont d\u00e9couvert ses <strong>propri\u00e9t\u00e9s uniques<\/strong> et l&rsquo;ont int\u00e9gr\u00e9 au c\u0153ur de leurs cultures et croyances.<\/p>\n<h3>\u00c9clat dor\u00e9 des pharaons \u00e9gyptiens<\/h3>\n<p>Dans l&rsquo;\u00c9gypte antique, l&rsquo;<strong>or<\/strong> \u00e9tait consid\u00e9r\u00e9 comme la \u00ab chair des dieux \u00bb. Les pharaons se paraient de bijoux somptueux en or pour afficher leur statut divin et leur autorit\u00e9 sur le peuple. Les tombeaux regorgeaient d&rsquo;objets en or destin\u00e9s \u00e0 accompagner les souverains dans l&rsquo;au-del\u00e0, garantissant ainsi leur immortalit\u00e9. Le c\u00e9l\u00e8bre tr\u00e9sor de Toutankhamon en est un exemple embl\u00e9matique, t\u00e9moignant de cette <strong>opulence l\u00e9gendaire<\/strong>.<\/p>\n<h3>Monnaie et prestige chez les Lydiens<\/h3>\n<p>Les Lydiens, une civilisation de l&rsquo;Antiquit\u00e9 situ\u00e9e en Asie Mineure, furent pionniers dans la cr\u00e9ation des premi\u00e8res pi\u00e8ces de monnaie en or au VIIIe si\u00e8cle avant J.-C. Cette innovation mon\u00e9taire a r\u00e9volutionn\u00e9 le commerce en <strong>standardisant les \u00e9changes \u00e9conomiques<\/strong> et en renfor\u00e7ant le pouvoir \u00e9conomique des royaumes qui adoptaient cette pratique. L&rsquo;or devint ainsi un symbole tangible de <strong>prosp\u00e9rit\u00e9<\/strong>.<\/p>\n<h3>L\u2019or dans la Gr\u00e8ce antique : entre spiritualit\u00e9 et mat\u00e9rialisme<\/h3>\n<p>En Gr\u00e8ce antique, l&rsquo;or \u00e9tait synonyme de grandeur et d&rsquo;\u00e9ternit\u00e9. Il ornait non seulement les temples d\u00e9di\u00e9s aux dieux mais servait aussi \u00e0 frapper des pi\u00e8ces qui facilitaient le commerce \u00e0 grande \u00e9chelle. Au-del\u00e0 de sa valeur mat\u00e9rielle, il incarnait un lien entre le divin et le terrestre, influen\u00e7ant profond\u00e9ment l&rsquo;artisanat et la culture grecque.<\/p>\n<p>Voici comment l&rsquo;or a \u00e9t\u00e9 utilis\u00e9 dans diff\u00e9rents aspects de la culture grecque :<\/p>\n<ul>\n<li><strong>Sacr\u00e9 :<\/strong> utilis\u00e9 pour cr\u00e9er des statues cultuelles repr\u00e9sentant les divinit\u00e9s.<\/li>\n<li><strong>\u00c9conomique :<\/strong> frappage de pi\u00e8ces facilitant les \u00e9changes commerciaux entre cit\u00e9s-\u00c9tats.<\/li>\n<li><strong>C\u00e9r\u00e9moniel :<\/strong> employ\u00e9 lors des rituels pour honorer les dieux ou c\u00e9l\u00e9brer des victoires militaires.<\/li>\n<\/ul>\n<p>Ainsi, que ce soit pour affirmer une puissance divine ou \u00e9tablir une \u00e9conomie florissante, l&rsquo;or a jou\u00e9 un r\u00f4le central dans le d\u00e9veloppement des civilisations anciennes. Sa <strong>symbolique riche<\/strong> continue d&rsquo;influencer notre perception moderne du pouvoir et du prestige.<\/p>\n<h2>L&rsquo;or dans la culture moderne et son symbolisme<\/h2>\n<p>Dans notre <strong>soci\u00e9t\u00e9 contemporaine<\/strong>, l&rsquo;or continue de briller comme un symbole intemporel de <strong>r\u00e9ussite<\/strong> et de prestige. Ce m\u00e9tal pr\u00e9cieux transcende les g\u00e9n\u00e9rations, s&rsquo;imposant non seulement comme une valeur refuge en p\u00e9riode d&rsquo;incertitude \u00e9conomique, mais aussi comme un <strong>marqueur<\/strong> ind\u00e9l\u00e9bile du statut social.<\/p>\n<h3>Un symbole universel de succ\u00e8s<\/h3>\n<p>Que ce soit sur les <strong>podiums<\/strong> des comp\u00e9titions sportives ou lors des c\u00e9r\u00e9monies prestigieuses, l&rsquo;or est omnipr\u00e9sent. Les m\u00e9dailles d&rsquo;or aux Jeux Olympiques repr\u00e9sentent le couronnement d&rsquo;ann\u00e9es de travail acharn\u00e9 pour les athl\u00e8tes. De m\u00eame, dans l&rsquo;industrie cin\u00e9matographique, la statuette dor\u00e9e des Oscars incarne l&rsquo;excellence artistique et le talent reconnu mondialement.<\/p>\n<h3>L&rsquo;influence de l&rsquo;or dans la mode et le design<\/h3>\n<p>Les cr\u00e9ateurs de mode et les designers int\u00e8grent r\u00e9guli\u00e8rement l&rsquo;or dans leurs \u0153uvres pour \u00e9voquer <strong>luxe<\/strong> et sophistication. Que ce soit par le biais d&rsquo;accessoires scintillants ou d&rsquo;\u00e9l\u00e9ments d\u00e9coratifs audacieux, cet \u00e9clat dor\u00e9 conf\u00e8re une touche in\u00e9gal\u00e9e d&rsquo;\u00e9l\u00e9gance \u00e0 toute cr\u00e9ation.<\/p>\n<p>Les exemples d&rsquo;utilisation de l&rsquo;or dans la mode et le design incluent :<\/p>\n<ul>\n<li><strong>Bijoux :<\/strong> l&rsquo;utilisation de l&rsquo;or dans la joaillerie reste in\u00e9gal\u00e9e pour exprimer raffinement et richesse ;<\/li>\n<li><strong>D\u00e9coration int\u00e9rieure :<\/strong> des \u00e9l\u00e9ments en or ajoutent chaleur et opulence aux espaces modernes.<\/li>\n<\/ul>\n<h3>L&rsquo;or dans la musique et la litt\u00e9rature<\/h3>\n<p>L&rsquo;\u00e9vocation de l&rsquo;or n&rsquo;est pas limit\u00e9e aux objets tangibles ; elle s&rsquo;\u00e9tend \u00e9galement \u00e0 nos <strong>r\u00e9cits culturels<\/strong>. Dans les chansons populaires, il symbolise souvent aspiration et d\u00e9sir, tandis que dans la litt\u00e9rature, il peut repr\u00e9senter qu\u00eate ou obsession. Ces r\u00e9f\u00e9rences montrent comment l&rsquo;imaginaire collectif continue \u00e0 \u00eatre fascin\u00e9 par sa symbolique puissante.<\/p>\n<p>Ainsi, qu&rsquo;il s&rsquo;agisse de <strong>r\u00e9compenser<\/strong> des performances exceptionnelles ou d&rsquo;ajouter une dimension esth\u00e9tique unique \u00e0 nos vies quotidiennes, l&rsquo;or demeure un pilier central du langage culturel moderne. Sa capacit\u00e9 \u00e0 inspirer admiration et respect ne faiblit pas avec le temps ; au contraire, elle se renforce au fil des innovations qui red\u00e9finissent sans cesse son r\u00f4le dans notre soci\u00e9t\u00e9.<\/p>\n<p>&nbsp;<\/p>\n<a href=\"https:\/\/blog.gold.fr\/formulaire-telechargement-lb-quel-budget-pour-investir-dans-lor\" target=\"_blank\" class=\"goldCTA\">\n    <img decoding=\"async\" src=\"https:\/\/www.gold.fr\/news\/wp-content\/uploads\/2024\/09\/Couverture-LB-quel-budget-pour-investir-dans-lor.png\" alt=\"\" \/>    <div class=\"rightPart\">\n        <div class=\"content\">\n            <\/p>\n<h2><strong>Vous souhaitez investir dans l&rsquo;or ?\u00a0<\/strong><\/h2>\n<p>Vous h\u00e9sitez \u00e0 diversifier votre portefeuille ? Pourquoi ne pas investir dans l&rsquo;or ? Notre guide vous permettra d&rsquo;affiner votre r\u00e9flexion gr\u00e2ce \u00e0 des exemples de pi\u00e8ces et lingots d&rsquo;or que vous pourriez acqu\u00e9rir avec votre budget.<\/p>\n<p>        <\/div>\n                <span class=\"button\">Je souhaite investir dans l'or !<\/span>\n            <\/div>\n<\/a>\n<!-- AddThis Advanced Settings generic via filter on the_content --><!-- AddThis Share Buttons generic via filter on the_content -->","protected":false},"excerpt":{"rendered":"<p>Brillant, inalt\u00e9rable, l&rsquo;or a captiv\u00e9 l&rsquo;humanit\u00e9 depuis l&rsquo;aube des civilisations. Quelles forces myst\u00e9rieuses lui conf\u00e8rent ce pouvoir, ce prestige \u00e9ternel ? Plongez au c\u0153ur de cet \u00e9clatant myst\u00e8re avec Gold.fr et d\u00e9couvrez pourquoi l&rsquo;or demeure un [&hellip;]<\/p>\n","protected":false},"author":18,"featured_media":47487,"comment_status":"closed","ping_status":"closed","sticky":false,"template":"","format":"standard","meta":{"_mbp_gutenberg_autopost":false,"_pgmb_is_evergreen":false,"_pgmb_ap_template_id":0,"footnotes":""},"categories":[2558,1],"tags":[],"ppma_author":[2565],"class_list":["post-47486","post","type-post","status-publish","format-standard","has-post-thumbnail","hentry","category-news","category-non-classe"],"yoast_head":"<!-- This site is optimized with the Yoast SEO plugin v27.5 - https:\/\/yoast.com\/product\/yoast-seo-wordpress\/ -->\n<title>Pourquoi l\u2019or est-il associ\u00e9 au pouvoir et au prestige depuis des si\u00e8cles ? - Gold.fr<\/title>\n<meta name=\"robots\" content=\"index, follow, max-snippet:-1, max-image-preview:large, max-video-preview:-1\" \/>\n<link rel=\"canonical\" href=\"https:\/\/www.gold.fr\/news\/2025\/03\/09\/pourquoi-lor-est-il-associe-au-pouvoir-et-au-prestige-depuis-des-siecles-1740529381\/\" \/>\n<meta property=\"og:locale\" content=\"fr_FR\" \/>\n<meta property=\"og:type\" content=\"article\" \/>\n<meta property=\"og:title\" content=\"Pourquoi l\u2019or est-il associ\u00e9 au pouvoir et au prestige depuis des si\u00e8cles ? - Gold.fr\" \/>\n<meta property=\"og:description\" content=\"Brillant, inalt\u00e9rable, l&rsquo;or a captiv\u00e9 l&rsquo;humanit\u00e9 depuis l&rsquo;aube des civilisations. Quelles forces myst\u00e9rieuses lui conf\u00e8rent ce pouvoir, ce prestige \u00e9ternel ? Plongez au c\u0153ur de cet \u00e9clatant myst\u00e8re avec Gold.fr et d\u00e9couvrez pourquoi l&rsquo;or demeure un [&hellip;]\" \/>\n<meta property=\"og:url\" content=\"https:\/\/www.gold.fr\/news\/2025\/03\/09\/pourquoi-lor-est-il-associe-au-pouvoir-et-au-prestige-depuis-des-siecles-1740529381\/\" \/>\n<meta property=\"og:site_name\" content=\"Gold.fr\" \/>\n<meta property=\"article:publisher\" content=\"https:\/\/www.facebook.com\/Goldfr\/\" \/>\n<meta property=\"article:published_time\" content=\"2025-03-09T17:23:01+00:00\" \/>\n<meta property=\"article:modified_time\" content=\"2025-03-21T09:40:24+00:00\" \/>\n<meta property=\"og:image\" content=\"https:\/\/www.gold.fr\/news\/wp-content\/uploads\/2025\/02\/Pourquoi-lor-est-il-associe-au-pouvoir-et-au-prestige-depuis-des-siecles-.jpg\" \/>\n\t<meta property=\"og:image:width\" content=\"1344\" \/>\n\t<meta property=\"og:image:height\" content=\"896\" \/>\n\t<meta property=\"og:image:type\" content=\"image\/jpeg\" \/>\n<meta name=\"author\" content=\"Comptoir National de l&#039;Or\" \/>\n<meta name=\"twitter:card\" content=\"summary_large_image\" \/>\n<meta name=\"twitter:label1\" content=\"\u00c9crit par\" \/>\n\t<meta name=\"twitter:data1\" content=\"Comptoir National de l&#039;Or\" \/>\n\t<meta name=\"twitter:label2\" content=\"Dur\u00e9e de lecture estim\u00e9e\" \/>\n\t<meta name=\"twitter:data2\" content=\"6 minutes\" \/>\n<script type=\"application\/ld+json\" class=\"yoast-schema-graph\">{\"@context\":\"https:\\\/\\\/schema.org\",\"@graph\":[{\"@type\":\"Article\",\"@id\":\"https:\\\/\\\/www.gold.fr\\\/news\\\/2025\\\/03\\\/09\\\/pourquoi-lor-est-il-associe-au-pouvoir-et-au-prestige-depuis-des-siecles-1740529381\\\/#article\",\"isPartOf\":{\"@id\":\"https:\\\/\\\/www.gold.fr\\\/news\\\/2025\\\/03\\\/09\\\/pourquoi-lor-est-il-associe-au-pouvoir-et-au-prestige-depuis-des-siecles-1740529381\\\/\"},\"author\":{\"name\":\"Comptoir National de l'Or\",\"@id\":\"https:\\\/\\\/www.gold.fr\\\/news\\\/#\\\/schema\\\/person\\\/070491b4b4fb7671bf59b3be20302ce9\"},\"headline\":\"Pourquoi l\u2019or est-il associ\u00e9 au pouvoir et au prestige depuis des si\u00e8cles ?\",\"datePublished\":\"2025-03-09T17:23:01+00:00\",\"dateModified\":\"2025-03-21T09:40:24+00:00\",\"mainEntityOfPage\":{\"@id\":\"https:\\\/\\\/www.gold.fr\\\/news\\\/2025\\\/03\\\/09\\\/pourquoi-lor-est-il-associe-au-pouvoir-et-au-prestige-depuis-des-siecles-1740529381\\\/\"},\"wordCount\":1248,\"image\":{\"@id\":\"https:\\\/\\\/www.gold.fr\\\/news\\\/2025\\\/03\\\/09\\\/pourquoi-lor-est-il-associe-au-pouvoir-et-au-prestige-depuis-des-siecles-1740529381\\\/#primaryimage\"},\"thumbnailUrl\":\"https:\\\/\\\/www.gold.fr\\\/news\\\/wp-content\\\/uploads\\\/2025\\\/02\\\/Pourquoi-lor-est-il-associe-au-pouvoir-et-au-prestige-depuis-des-siecles-.jpg\",\"articleSection\":[\"News\"],\"inLanguage\":\"fr-FR\"},{\"@type\":\"WebPage\",\"@id\":\"https:\\\/\\\/www.gold.fr\\\/news\\\/2025\\\/03\\\/09\\\/pourquoi-lor-est-il-associe-au-pouvoir-et-au-prestige-depuis-des-siecles-1740529381\\\/\",\"url\":\"https:\\\/\\\/www.gold.fr\\\/news\\\/2025\\\/03\\\/09\\\/pourquoi-lor-est-il-associe-au-pouvoir-et-au-prestige-depuis-des-siecles-1740529381\\\/\",\"name\":\"Pourquoi l\u2019or est-il associ\u00e9 au pouvoir et au prestige depuis des si\u00e8cles ? - Gold.fr\",\"isPartOf\":{\"@id\":\"https:\\\/\\\/www.gold.fr\\\/news\\\/#website\"},\"primaryImageOfPage\":{\"@id\":\"https:\\\/\\\/www.gold.fr\\\/news\\\/2025\\\/03\\\/09\\\/pourquoi-lor-est-il-associe-au-pouvoir-et-au-prestige-depuis-des-siecles-1740529381\\\/#primaryimage\"},\"image\":{\"@id\":\"https:\\\/\\\/www.gold.fr\\\/news\\\/2025\\\/03\\\/09\\\/pourquoi-lor-est-il-associe-au-pouvoir-et-au-prestige-depuis-des-siecles-1740529381\\\/#primaryimage\"},\"thumbnailUrl\":\"https:\\\/\\\/www.gold.fr\\\/news\\\/wp-content\\\/uploads\\\/2025\\\/02\\\/Pourquoi-lor-est-il-associe-au-pouvoir-et-au-prestige-depuis-des-siecles-.jpg\",\"datePublished\":\"2025-03-09T17:23:01+00:00\",\"dateModified\":\"2025-03-21T09:40:24+00:00\",\"author\":{\"@id\":\"https:\\\/\\\/www.gold.fr\\\/news\\\/#\\\/schema\\\/person\\\/070491b4b4fb7671bf59b3be20302ce9\"},\"breadcrumb\":{\"@id\":\"https:\\\/\\\/www.gold.fr\\\/news\\\/2025\\\/03\\\/09\\\/pourquoi-lor-est-il-associe-au-pouvoir-et-au-prestige-depuis-des-siecles-1740529381\\\/#breadcrumb\"},\"inLanguage\":\"fr-FR\",\"potentialAction\":[{\"@type\":\"ReadAction\",\"target\":[\"https:\\\/\\\/www.gold.fr\\\/news\\\/2025\\\/03\\\/09\\\/pourquoi-lor-est-il-associe-au-pouvoir-et-au-prestige-depuis-des-siecles-1740529381\\\/\"]}]},{\"@type\":\"ImageObject\",\"inLanguage\":\"fr-FR\",\"@id\":\"https:\\\/\\\/www.gold.fr\\\/news\\\/2025\\\/03\\\/09\\\/pourquoi-lor-est-il-associe-au-pouvoir-et-au-prestige-depuis-des-siecles-1740529381\\\/#primaryimage\",\"url\":\"https:\\\/\\\/www.gold.fr\\\/news\\\/wp-content\\\/uploads\\\/2025\\\/02\\\/Pourquoi-lor-est-il-associe-au-pouvoir-et-au-prestige-depuis-des-siecles-.jpg\",\"contentUrl\":\"https:\\\/\\\/www.gold.fr\\\/news\\\/wp-content\\\/uploads\\\/2025\\\/02\\\/Pourquoi-lor-est-il-associe-au-pouvoir-et-au-prestige-depuis-des-siecles-.jpg\",\"width\":1344,\"height\":896,\"caption\":\"Pourquoi l\u2019or est-il associ\u00e9 au pouvoir et au prestige depuis des si\u00e8cles ?\"},{\"@type\":\"BreadcrumbList\",\"@id\":\"https:\\\/\\\/www.gold.fr\\\/news\\\/2025\\\/03\\\/09\\\/pourquoi-lor-est-il-associe-au-pouvoir-et-au-prestige-depuis-des-siecles-1740529381\\\/#breadcrumb\",\"itemListElement\":[{\"@type\":\"ListItem\",\"position\":1,\"name\":\"Accueil\",\"item\":\"https:\\\/\\\/www.gold.fr\\\/\"},{\"@type\":\"ListItem\",\"position\":2,\"name\":\"Actualit\u00e9s\",\"item\":\"https:\\\/\\\/www.gold.fr\\\/news\\\/\"},{\"@type\":\"ListItem\",\"position\":3,\"name\":\"Pourquoi l\u2019or est-il associ\u00e9 au pouvoir et au prestige depuis des si\u00e8cles ?\"}]},{\"@type\":\"WebSite\",\"@id\":\"https:\\\/\\\/www.gold.fr\\\/news\\\/#website\",\"url\":\"https:\\\/\\\/www.gold.fr\\\/news\\\/\",\"name\":\"Gold.fr\",\"description\":\"Actualit\u00e9s de l&#039;Or et des m\u00e9taux pr\u00e9cieux\",\"potentialAction\":[{\"@type\":\"SearchAction\",\"target\":{\"@type\":\"EntryPoint\",\"urlTemplate\":\"https:\\\/\\\/www.gold.fr\\\/news\\\/?s={search_term_string}\"},\"query-input\":{\"@type\":\"PropertyValueSpecification\",\"valueRequired\":true,\"valueName\":\"search_term_string\"}}],\"inLanguage\":\"fr-FR\"},{\"@type\":\"Person\",\"@id\":\"https:\\\/\\\/www.gold.fr\\\/news\\\/#\\\/schema\\\/person\\\/070491b4b4fb7671bf59b3be20302ce9\",\"name\":\"Comptoir National de l'Or\",\"image\":{\"@type\":\"ImageObject\",\"inLanguage\":\"fr-FR\",\"@id\":\"https:\\\/\\\/secure.gravatar.com\\\/avatar\\\/0a2867fd5abe37bed95d5a65e9d58f01756e11efc68af9888dfc50cfa7f65948?s=96&d=mm&r=gb490554db0a38188709de567aa58480d\",\"url\":\"https:\\\/\\\/secure.gravatar.com\\\/avatar\\\/0a2867fd5abe37bed95d5a65e9d58f01756e11efc68af9888dfc50cfa7f65948?s=96&d=mm&r=g\",\"contentUrl\":\"https:\\\/\\\/secure.gravatar.com\\\/avatar\\\/0a2867fd5abe37bed95d5a65e9d58f01756e11efc68af9888dfc50cfa7f65948?s=96&d=mm&r=g\",\"caption\":\"Comptoir National de l'Or\"},\"description\":\"Notre r\u00e9daction est constitu\u00e9e de membres experts dans les m\u00e9tiers de l'\u00e9conomie et la gestion, des Responsables d'agence Comptoir National de l'Or, des analystes financiers qui publient r\u00e9guli\u00e8rement des \u00e9tudes sur les politiques des banques centrales, le cours de l'or, prix de l'or, cours de l'argent, prix de l'argent, cours du platine, cours du palladium,... la situation en zone euro et l'impact de la strat\u00e9gie mon\u00e9taire de la FED. Notre \u00e9quipe scrute \u00e9galement une information plus g\u00e9n\u00e9raliste \u00e0 la recherche d'actualit\u00e9 \\\"p\u00e9pite\\\" \u00e0 vous partager. Depuis 5 ans, nous avons publi\u00e9 un peu plus de 4000 articles qui s'adressent \u00e0 un public large et vari\u00e9 ayant pour objectif de satisfaire votre curiosit\u00e9 et de partager avec vous une certaine fascination pour le m\u00e9tal jaune, le rachat d'or, et pour ceux qui veulent investir dans l'or, vendre leur or tout simplement en savoir plus... Pour tous vos achat or et argent, n'h\u00e9sitez pas \u00e0 prendre rendez-vous dans l'un de nos nombreux comptoirs.\",\"sameAs\":[\"https:\\\/\\\/www.gold.fr\"]}]}<\/script>\n<!-- \/ Yoast SEO plugin. -->","yoast_head_json":{"title":"Pourquoi l\u2019or est-il associ\u00e9 au pouvoir et au prestige depuis des si\u00e8cles ? - Gold.fr","robots":{"index":"index","follow":"follow","max-snippet":"max-snippet:-1","max-image-preview":"max-image-preview:large","max-video-preview":"max-video-preview:-1"},"canonical":"https:\/\/www.gold.fr\/news\/2025\/03\/09\/pourquoi-lor-est-il-associe-au-pouvoir-et-au-prestige-depuis-des-siecles-1740529381\/","og_locale":"fr_FR","og_type":"article","og_title":"Pourquoi l\u2019or est-il associ\u00e9 au pouvoir et au prestige depuis des si\u00e8cles ? - Gold.fr","og_description":"Brillant, inalt\u00e9rable, l&rsquo;or a captiv\u00e9 l&rsquo;humanit\u00e9 depuis l&rsquo;aube des civilisations. Quelles forces myst\u00e9rieuses lui conf\u00e8rent ce pouvoir, ce prestige \u00e9ternel ? Plongez au c\u0153ur de cet \u00e9clatant myst\u00e8re avec Gold.fr et d\u00e9couvrez pourquoi l&rsquo;or demeure un [&hellip;]","og_url":"https:\/\/www.gold.fr\/news\/2025\/03\/09\/pourquoi-lor-est-il-associe-au-pouvoir-et-au-prestige-depuis-des-siecles-1740529381\/","og_site_name":"Gold.fr","article_publisher":"https:\/\/www.facebook.com\/Goldfr\/","article_published_time":"2025-03-09T17:23:01+00:00","article_modified_time":"2025-03-21T09:40:24+00:00","og_image":[{"width":1344,"height":896,"url":"https:\/\/www.gold.fr\/news\/wp-content\/uploads\/2025\/02\/Pourquoi-lor-est-il-associe-au-pouvoir-et-au-prestige-depuis-des-siecles-.jpg","type":"image\/jpeg"}],"author":"Comptoir National de l'Or","twitter_card":"summary_large_image","twitter_misc":{"\u00c9crit par":"Comptoir National de l'Or","Dur\u00e9e de lecture estim\u00e9e":"6 minutes"},"schema":{"@context":"https:\/\/schema.org","@graph":[{"@type":"Article","@id":"https:\/\/www.gold.fr\/news\/2025\/03\/09\/pourquoi-lor-est-il-associe-au-pouvoir-et-au-prestige-depuis-des-siecles-1740529381\/#article","isPartOf":{"@id":"https:\/\/www.gold.fr\/news\/2025\/03\/09\/pourquoi-lor-est-il-associe-au-pouvoir-et-au-prestige-depuis-des-siecles-1740529381\/"},"author":{"name":"Comptoir National de l'Or","@id":"https:\/\/www.gold.fr\/news\/#\/schema\/person\/070491b4b4fb7671bf59b3be20302ce9"},"headline":"Pourquoi l\u2019or est-il associ\u00e9 au pouvoir et au prestige depuis des si\u00e8cles ?","datePublished":"2025-03-09T17:23:01+00:00","dateModified":"2025-03-21T09:40:24+00:00","mainEntityOfPage":{"@id":"https:\/\/www.gold.fr\/news\/2025\/03\/09\/pourquoi-lor-est-il-associe-au-pouvoir-et-au-prestige-depuis-des-siecles-1740529381\/"},"wordCount":1248,"image":{"@id":"https:\/\/www.gold.fr\/news\/2025\/03\/09\/pourquoi-lor-est-il-associe-au-pouvoir-et-au-prestige-depuis-des-siecles-1740529381\/#primaryimage"},"thumbnailUrl":"https:\/\/www.gold.fr\/news\/wp-content\/uploads\/2025\/02\/Pourquoi-lor-est-il-associe-au-pouvoir-et-au-prestige-depuis-des-siecles-.jpg","articleSection":["News"],"inLanguage":"fr-FR"},{"@type":"WebPage","@id":"https:\/\/www.gold.fr\/news\/2025\/03\/09\/pourquoi-lor-est-il-associe-au-pouvoir-et-au-prestige-depuis-des-siecles-1740529381\/","url":"https:\/\/www.gold.fr\/news\/2025\/03\/09\/pourquoi-lor-est-il-associe-au-pouvoir-et-au-prestige-depuis-des-siecles-1740529381\/","name":"Pourquoi l\u2019or est-il associ\u00e9 au pouvoir et au prestige depuis des si\u00e8cles ? - Gold.fr","isPartOf":{"@id":"https:\/\/www.gold.fr\/news\/#website"},"primaryImageOfPage":{"@id":"https:\/\/www.gold.fr\/news\/2025\/03\/09\/pourquoi-lor-est-il-associe-au-pouvoir-et-au-prestige-depuis-des-siecles-1740529381\/#primaryimage"},"image":{"@id":"https:\/\/www.gold.fr\/news\/2025\/03\/09\/pourquoi-lor-est-il-associe-au-pouvoir-et-au-prestige-depuis-des-siecles-1740529381\/#primaryimage"},"thumbnailUrl":"https:\/\/www.gold.fr\/news\/wp-content\/uploads\/2025\/02\/Pourquoi-lor-est-il-associe-au-pouvoir-et-au-prestige-depuis-des-siecles-.jpg","datePublished":"2025-03-09T17:23:01+00:00","dateModified":"2025-03-21T09:40:24+00:00","author":{"@id":"https:\/\/www.gold.fr\/news\/#\/schema\/person\/070491b4b4fb7671bf59b3be20302ce9"},"breadcrumb":{"@id":"https:\/\/www.gold.fr\/news\/2025\/03\/09\/pourquoi-lor-est-il-associe-au-pouvoir-et-au-prestige-depuis-des-siecles-1740529381\/#breadcrumb"},"inLanguage":"fr-FR","potentialAction":[{"@type":"ReadAction","target":["https:\/\/www.gold.fr\/news\/2025\/03\/09\/pourquoi-lor-est-il-associe-au-pouvoir-et-au-prestige-depuis-des-siecles-1740529381\/"]}]},{"@type":"ImageObject","inLanguage":"fr-FR","@id":"https:\/\/www.gold.fr\/news\/2025\/03\/09\/pourquoi-lor-est-il-associe-au-pouvoir-et-au-prestige-depuis-des-siecles-1740529381\/#primaryimage","url":"https:\/\/www.gold.fr\/news\/wp-content\/uploads\/2025\/02\/Pourquoi-lor-est-il-associe-au-pouvoir-et-au-prestige-depuis-des-siecles-.jpg","contentUrl":"https:\/\/www.gold.fr\/news\/wp-content\/uploads\/2025\/02\/Pourquoi-lor-est-il-associe-au-pouvoir-et-au-prestige-depuis-des-siecles-.jpg","width":1344,"height":896,"caption":"Pourquoi l\u2019or est-il associ\u00e9 au pouvoir et au prestige depuis des si\u00e8cles ?"},{"@type":"BreadcrumbList","@id":"https:\/\/www.gold.fr\/news\/2025\/03\/09\/pourquoi-lor-est-il-associe-au-pouvoir-et-au-prestige-depuis-des-siecles-1740529381\/#breadcrumb","itemListElement":[{"@type":"ListItem","position":1,"name":"Accueil","item":"https:\/\/www.gold.fr\/"},{"@type":"ListItem","position":2,"name":"Actualit\u00e9s","item":"https:\/\/www.gold.fr\/news\/"},{"@type":"ListItem","position":3,"name":"Pourquoi l\u2019or est-il associ\u00e9 au pouvoir et au prestige depuis des si\u00e8cles ?"}]},{"@type":"WebSite","@id":"https:\/\/www.gold.fr\/news\/#website","url":"https:\/\/www.gold.fr\/news\/","name":"Gold.fr","description":"Actualit\u00e9s de l&#039;Or et des m\u00e9taux pr\u00e9cieux","potentialAction":[{"@type":"SearchAction","target":{"@type":"EntryPoint","urlTemplate":"https:\/\/www.gold.fr\/news\/?s={search_term_string}"},"query-input":{"@type":"PropertyValueSpecification","valueRequired":true,"valueName":"search_term_string"}}],"inLanguage":"fr-FR"},{"@type":"Person","@id":"https:\/\/www.gold.fr\/news\/#\/schema\/person\/070491b4b4fb7671bf59b3be20302ce9","name":"Comptoir National de l'Or","image":{"@type":"ImageObject","inLanguage":"fr-FR","@id":"https:\/\/secure.gravatar.com\/avatar\/0a2867fd5abe37bed95d5a65e9d58f01756e11efc68af9888dfc50cfa7f65948?s=96&d=mm&r=gb490554db0a38188709de567aa58480d","url":"https:\/\/secure.gravatar.com\/avatar\/0a2867fd5abe37bed95d5a65e9d58f01756e11efc68af9888dfc50cfa7f65948?s=96&d=mm&r=g","contentUrl":"https:\/\/secure.gravatar.com\/avatar\/0a2867fd5abe37bed95d5a65e9d58f01756e11efc68af9888dfc50cfa7f65948?s=96&d=mm&r=g","caption":"Comptoir National de l'Or"},"description":"Notre r\u00e9daction est constitu\u00e9e de membres experts dans les m\u00e9tiers de l'\u00e9conomie et la gestion, des Responsables d'agence Comptoir National de l'Or, des analystes financiers qui publient r\u00e9guli\u00e8rement des \u00e9tudes sur les politiques des banques centrales, le cours de l'or, prix de l'or, cours de l'argent, prix de l'argent, cours du platine, cours du palladium,... la situation en zone euro et l'impact de la strat\u00e9gie mon\u00e9taire de la FED. Notre \u00e9quipe scrute \u00e9galement une information plus g\u00e9n\u00e9raliste \u00e0 la recherche d'actualit\u00e9 \"p\u00e9pite\" \u00e0 vous partager. Depuis 5 ans, nous avons publi\u00e9 un peu plus de 4000 articles qui s'adressent \u00e0 un public large et vari\u00e9 ayant pour objectif de satisfaire votre curiosit\u00e9 et de partager avec vous une certaine fascination pour le m\u00e9tal jaune, le rachat d'or, et pour ceux qui veulent investir dans l'or, vendre leur or tout simplement en savoir plus... Pour tous vos achat or et argent, n'h\u00e9sitez pas \u00e0 prendre rendez-vous dans l'un de nos nombreux comptoirs.","sameAs":["https:\/\/www.gold.fr"]}]}},"authors":[{"term_id":2565,"user_id":18,"is_guest":0,"slug":"julie","display_name":"Comptoir National de l'Or","avatar_url":"https:\/\/secure.gravatar.com\/avatar\/713f289e398d35ead876c4a4cc08607f0d6d266058cfc25683fffb6092d0e572?s=96&d=mm&r=g","0":null,"1":"","2":"","3":"","4":"","5":"","6":"","7":"","8":""}],"_links":{"self":[{"href":"https:\/\/www.gold.fr\/news\/wp-json\/wp\/v2\/posts\/47486","targetHints":{"allow":["GET"]}}],"collection":[{"href":"https:\/\/www.gold.fr\/news\/wp-json\/wp\/v2\/posts"}],"about":[{"href":"https:\/\/www.gold.fr\/news\/wp-json\/wp\/v2\/types\/post"}],"author":[{"embeddable":true,"href":"https:\/\/www.gold.fr\/news\/wp-json\/wp\/v2\/users\/18"}],"replies":[{"embeddable":true,"href":"https:\/\/www.gold.fr\/news\/wp-json\/wp\/v2\/comments?post=47486"}],"version-history":[{"count":0,"href":"https:\/\/www.gold.fr\/news\/wp-json\/wp\/v2\/posts\/47486\/revisions"}],"wp:featuredmedia":[{"embeddable":true,"href":"https:\/\/www.gold.fr\/news\/wp-json\/wp\/v2\/media\/47487"}],"wp:attachment":[{"href":"https:\/\/www.gold.fr\/news\/wp-json\/wp\/v2\/media?parent=47486"}],"wp:term":[{"taxonomy":"category","embeddable":true,"href":"https:\/\/www.gold.fr\/news\/wp-json\/wp\/v2\/categories?post=47486"},{"taxonomy":"post_tag","embeddable":true,"href":"https:\/\/www.gold.fr\/news\/wp-json\/wp\/v2\/tags?post=47486"},{"taxonomy":"author","embeddable":true,"href":"https:\/\/www.gold.fr\/news\/wp-json\/wp\/v2\/ppma_author?post=47486"}],"curies":[{"name":"wp","href":"https:\/\/api.w.org\/{rel}","templated":true}]}}