{"id":4744,"date":"2012-01-02T10:00:34","date_gmt":"2012-01-02T09:00:34","guid":{"rendered":"http:\/\/news.gold.fr\/?p=4744"},"modified":"2020-12-08T10:26:10","modified_gmt":"2020-12-08T09:26:10","slug":"royan-ouverture-du-34eme-comptoir-national-de-lor","status":"publish","type":"post","link":"https:\/\/www.gold.fr\/news\/2012\/01\/02\/royan-ouverture-du-34eme-comptoir-national-de-lor\/","title":{"rendered":"Royan: Ouverture du 34\u00e8me Comptoir National de l&rsquo;Or"},"content":{"rendered":"<p style=\"text-align: justify;\"><span style=\"font-family: verdana, geneva;\"><img loading=\"lazy\" decoding=\"async\" class=\"alignleft size-full wp-image-4209\" style=\"float: left; margin: 5px;\" title=\"Comptoir-or\" src=\"http:\/\/news.gold.fr\/wp-content\/uploads\/2011\/12\/Comptoir-Lyon.jpg\" alt=\"\" width=\"150\" height=\"97\" srcset=\"https:\/\/www.gold.fr\/news\/wp-content\/uploads\/2011\/12\/Comptoir-Lyon.jpg 150w, https:\/\/www.gold.fr\/news\/wp-content\/uploads\/2011\/12\/Comptoir-Lyon-1x1.jpg 1w\" sizes=\"auto, (max-width: 150px) 100vw, 150px\" \/><span style=\"font-size: small;\">En ce d\u00e9but d&rsquo;ann\u00e9e, le Comptoir National de l&rsquo;<a class=\"esk-seo-plu-link\" href=\"https:\/\/www.gold.fr\/news\/tags\/or\">Or<\/a> est heureux de vous annoncer l&rsquo;ouverture d&rsquo;une nouvelle agence d&rsquo;<strong>achat<\/strong> et <strong>vente d&rsquo;<a class=\"esk-seo-plu-link\" href=\"https:\/\/www.gold.fr\/news\/tags\/or\">or<\/a><\/strong> \u00e0 <strong>Royan<\/strong>.<\/span><\/span><\/p>\n<p style=\"text-align: justify;\"><span style=\"font-family: verdana, geneva; font-size: small;\">D\u00e8s aujourd&rsquo;hui, lundi 2 janvier 2012, venez nous <a href=\"http:\/\/g.co\/maps\/46fyk\" target=\"_blank\" rel=\"noopener noreferrer\">rendre visite<\/a> afin de b\u00e9n\u00e9ficier d&rsquo;une expertise gratuite de qualit\u00e9 sur vos\u00a0<strong>bijoux en <a class=\"esk-seo-plu-link\" href=\"https:\/\/www.gold.fr\/news\/tags\/or\">or<\/a><\/strong>,\u00a0<strong>pi\u00e8ces d\u2019<a class=\"esk-seo-plu-link\" href=\"https:\/\/www.gold.fr\/news\/tags\/or\">or<\/a><\/strong>,\u00a0<strong><a class=\"esk-seo-plu-link\" href=\"https:\/\/www.gold.fr\/news\/tags\/or\">or<\/a> dentaire<\/strong>\u00a0et\u00a0<strong>d\u00e9bris d\u2019<a class=\"esk-seo-plu-link\" href=\"https:\/\/www.gold.fr\/news\/tags\/or\">or<\/a>. <\/strong>Vous avez \u00e9galement la possibilit\u00e9 d\u2019<strong><a href=\"https:\/\/www.gold.fr\/achat-or\/\" target=\"_blank\" rel=\"noopener noreferrer\">acheter<\/a>\u00a0pi\u00e8ces d\u2019<a class=\"esk-seo-plu-link\" href=\"https:\/\/www.gold.fr\/news\/tags\/or\">or<\/a><\/strong>\u00a0(Napol\u00e9ons 20 Francs, <a class=\"esk-seo-plu-link\" href=\"https:\/\/www.gold.fr\/news\/tags\/piece-dor\">Croix Suisse<\/a>, Krugerrand\u2026),\u00a0<strong>lingots d\u2019<a class=\"esk-seo-plu-link\" href=\"https:\/\/www.gold.fr\/news\/tags\/or\">or<\/a> et<\/strong>\u00a0<strong><a class=\"esk-seo-plu-link\" href=\"https:\/\/www.gold.fr\/news\/tags\/lingot-dor\">lingotins<\/a> <\/strong>sur les cours officiels de la bourse.<\/span><\/p>\n<p style=\"text-align: justify;\"><span style=\"font-family: verdana, geneva; font-size: small;\"><span style=\"text-decoration: underline;\"><a href=\"https:\/\/www.gold.fr\/comptoirs-achat-vente-or\/royan\/\" target=\"_blank\" rel=\"noopener noreferrer\">Comptoir National \u00a0de l&rsquo;Or de Royan<\/a><\/span>:<\/span><\/p>\n<p style=\"text-align: justify;\"><span style=\"font-family: verdana, geneva; font-size: small;\">Responsable d&rsquo;agence: Regis Pasquier<\/span><\/p>\n<p style=\"text-align: justify;\"><span style=\"font-family: verdana, geneva; font-size: small;\">Adresse: 43 avenue Maryse Basti\u00e9 &#8211; 17200 Royan<\/span><\/p>\n<p style=\"text-align: justify;\"><span style=\"font-family: verdana, geneva; font-size: small;\">Tel: 05 46 23 62 53<\/span><\/p>\n<p style=\"text-align: justify;\"><span style=\"font-family: verdana, geneva; font-size: small;\"><a href=\"https:\/\/www.gold.fr\/contact-comptoir\/royan\/\" target=\"_blank\" rel=\"noopener noreferrer\">&gt;&gt;&gt; contacter ce comptoir<\/a><\/span><\/p>\n<!-- AddThis Advanced Settings generic via filter on the_content --><!-- AddThis Share Buttons generic via filter on the_content -->","protected":false},"excerpt":{"rendered":"<p>En ce d\u00e9but d&rsquo;ann\u00e9e, le Comptoir National de l&rsquo;Or est heureux de vous annoncer l&rsquo;ouverture d&rsquo;une nouvelle agence d&rsquo;achat et vente d&rsquo;or \u00e0 Royan. D\u00e8s aujourd&rsquo;hui, lundi 2 janvier 2012, venez nous rendre visite afin de [&hellip;]<\/p>\n","protected":false},"author":43,"featured_media":4459,"comment_status":"closed","ping_status":"closed","sticky":false,"template":"","format":"standard","meta":{"_mbp_gutenberg_autopost":false,"_pgmb_is_evergreen":false,"_pgmb_ap_template_id":0,"footnotes":""},"categories":[5],"tags":[17,76,240,18,229,230],"ppma_author":[2562],"class_list":["post-4744","post","type-post","status-publish","format-standard","has-post-thumbnail","hentry","category-flash-infos","tag-achat-dor","tag-or","tag-royan","tag-vente-dor","tag-_royan_","tag-_royan_footer_"],"yoast_head":"<!-- This site is optimized with the Yoast SEO plugin v27.5 - https:\/\/yoast.com\/product\/yoast-seo-wordpress\/ -->\n<title>Royan: Ouverture du 34\u00e8me Comptoir National de l&#039;Or - Gold.fr<\/title>\n<meta name=\"robots\" content=\"index, follow, max-snippet:-1, max-image-preview:large, max-video-preview:-1\" \/>\n<link rel=\"canonical\" href=\"https:\/\/www.gold.fr\/news\/2012\/01\/02\/royan-ouverture-du-34eme-comptoir-national-de-lor\/\" \/>\n<meta property=\"og:locale\" content=\"fr_FR\" \/>\n<meta property=\"og:type\" content=\"article\" \/>\n<meta property=\"og:title\" content=\"Royan: Ouverture du 34\u00e8me Comptoir National de l&#039;Or - Gold.fr\" \/>\n<meta property=\"og:description\" content=\"En ce d\u00e9but d&rsquo;ann\u00e9e, le Comptoir National de l&rsquo;Or est heureux de vous annoncer l&rsquo;ouverture d&rsquo;une nouvelle agence d&rsquo;achat et vente d&rsquo;or \u00e0 Royan. D\u00e8s aujourd&rsquo;hui, lundi 2 janvier 2012, venez nous rendre visite afin de [&hellip;]\" \/>\n<meta property=\"og:url\" content=\"https:\/\/www.gold.fr\/news\/2012\/01\/02\/royan-ouverture-du-34eme-comptoir-national-de-lor\/\" \/>\n<meta property=\"og:site_name\" content=\"Gold.fr\" \/>\n<meta property=\"article:publisher\" content=\"https:\/\/www.facebook.com\/Goldfr\/\" \/>\n<meta property=\"article:published_time\" content=\"2012-01-02T09:00:34+00:00\" \/>\n<meta property=\"article:modified_time\" content=\"2020-12-08T09:26:10+00:00\" \/>\n<meta property=\"og:image\" content=\"https:\/\/www.gold.fr\/news\/wp-content\/uploads\/2011\/12\/le-comptoir-national-de-l-o-e1329212425942.jpg\" \/>\n\t<meta property=\"og:image:width\" content=\"710\" \/>\n\t<meta property=\"og:image:height\" content=\"400\" \/>\n\t<meta property=\"og:image:type\" content=\"image\/jpeg\" \/>\n<meta name=\"author\" content=\"Anthony\" \/>\n<meta name=\"twitter:card\" content=\"summary_large_image\" \/>\n<meta name=\"twitter:label1\" content=\"\u00c9crit par\" \/>\n\t<meta name=\"twitter:data1\" content=\"Samy\" \/>\n\t<meta name=\"twitter:label2\" content=\"Dur\u00e9e de lecture estim\u00e9e\" \/>\n\t<meta name=\"twitter:data2\" content=\"1 minute\" \/>\n<script type=\"application\/ld+json\" class=\"yoast-schema-graph\">{\"@context\":\"https:\\\/\\\/schema.org\",\"@graph\":[{\"@type\":\"Article\",\"@id\":\"https:\\\/\\\/www.gold.fr\\\/news\\\/2012\\\/01\\\/02\\\/royan-ouverture-du-34eme-comptoir-national-de-lor\\\/#article\",\"isPartOf\":{\"@id\":\"https:\\\/\\\/www.gold.fr\\\/news\\\/2012\\\/01\\\/02\\\/royan-ouverture-du-34eme-comptoir-national-de-lor\\\/\"},\"author\":{\"name\":\"Samy\",\"@id\":\"https:\\\/\\\/www.gold.fr\\\/news\\\/#\\\/schema\\\/person\\\/6a977448ae6ba85f43a46d35fc66f82b\"},\"headline\":\"Royan: Ouverture du 34\u00e8me Comptoir National de l&rsquo;Or\",\"datePublished\":\"2012-01-02T09:00:34+00:00\",\"dateModified\":\"2020-12-08T09:26:10+00:00\",\"mainEntityOfPage\":{\"@id\":\"https:\\\/\\\/www.gold.fr\\\/news\\\/2012\\\/01\\\/02\\\/royan-ouverture-du-34eme-comptoir-national-de-lor\\\/\"},\"wordCount\":131,\"image\":{\"@id\":\"https:\\\/\\\/www.gold.fr\\\/news\\\/2012\\\/01\\\/02\\\/royan-ouverture-du-34eme-comptoir-national-de-lor\\\/#primaryimage\"},\"thumbnailUrl\":\"https:\\\/\\\/www.gold.fr\\\/news\\\/wp-content\\\/uploads\\\/2011\\\/12\\\/le-comptoir-national-de-l-o-e1329212425942.jpg\",\"keywords\":[\"Achat d'Or\",\"Or\",\"Royan\",\"Vente d'Or\",\"_Royan_\",\"_Royan_Footer_\"],\"articleSection\":[\"Flash infos\"],\"inLanguage\":\"fr-FR\"},{\"@type\":\"WebPage\",\"@id\":\"https:\\\/\\\/www.gold.fr\\\/news\\\/2012\\\/01\\\/02\\\/royan-ouverture-du-34eme-comptoir-national-de-lor\\\/\",\"url\":\"https:\\\/\\\/www.gold.fr\\\/news\\\/2012\\\/01\\\/02\\\/royan-ouverture-du-34eme-comptoir-national-de-lor\\\/\",\"name\":\"Royan: Ouverture du 34\u00e8me Comptoir National de l'Or - Gold.fr\",\"isPartOf\":{\"@id\":\"https:\\\/\\\/www.gold.fr\\\/news\\\/#website\"},\"primaryImageOfPage\":{\"@id\":\"https:\\\/\\\/www.gold.fr\\\/news\\\/2012\\\/01\\\/02\\\/royan-ouverture-du-34eme-comptoir-national-de-lor\\\/#primaryimage\"},\"image\":{\"@id\":\"https:\\\/\\\/www.gold.fr\\\/news\\\/2012\\\/01\\\/02\\\/royan-ouverture-du-34eme-comptoir-national-de-lor\\\/#primaryimage\"},\"thumbnailUrl\":\"https:\\\/\\\/www.gold.fr\\\/news\\\/wp-content\\\/uploads\\\/2011\\\/12\\\/le-comptoir-national-de-l-o-e1329212425942.jpg\",\"datePublished\":\"2012-01-02T09:00:34+00:00\",\"dateModified\":\"2020-12-08T09:26:10+00:00\",\"author\":{\"@id\":\"https:\\\/\\\/www.gold.fr\\\/news\\\/#\\\/schema\\\/person\\\/6a977448ae6ba85f43a46d35fc66f82b\"},\"breadcrumb\":{\"@id\":\"https:\\\/\\\/www.gold.fr\\\/news\\\/2012\\\/01\\\/02\\\/royan-ouverture-du-34eme-comptoir-national-de-lor\\\/#breadcrumb\"},\"inLanguage\":\"fr-FR\",\"potentialAction\":[{\"@type\":\"ReadAction\",\"target\":[\"https:\\\/\\\/www.gold.fr\\\/news\\\/2012\\\/01\\\/02\\\/royan-ouverture-du-34eme-comptoir-national-de-lor\\\/\"]}]},{\"@type\":\"ImageObject\",\"inLanguage\":\"fr-FR\",\"@id\":\"https:\\\/\\\/www.gold.fr\\\/news\\\/2012\\\/01\\\/02\\\/royan-ouverture-du-34eme-comptoir-national-de-lor\\\/#primaryimage\",\"url\":\"https:\\\/\\\/www.gold.fr\\\/news\\\/wp-content\\\/uploads\\\/2011\\\/12\\\/le-comptoir-national-de-l-o-e1329212425942.jpg\",\"contentUrl\":\"https:\\\/\\\/www.gold.fr\\\/news\\\/wp-content\\\/uploads\\\/2011\\\/12\\\/le-comptoir-national-de-l-o-e1329212425942.jpg\",\"width\":\"710\",\"height\":\"400\",\"caption\":\"le-comptoir-national-de-l-o\"},{\"@type\":\"BreadcrumbList\",\"@id\":\"https:\\\/\\\/www.gold.fr\\\/news\\\/2012\\\/01\\\/02\\\/royan-ouverture-du-34eme-comptoir-national-de-lor\\\/#breadcrumb\",\"itemListElement\":[{\"@type\":\"ListItem\",\"position\":1,\"name\":\"Accueil\",\"item\":\"https:\\\/\\\/www.gold.fr\\\/\"},{\"@type\":\"ListItem\",\"position\":2,\"name\":\"Actualit\u00e9s\",\"item\":\"https:\\\/\\\/www.gold.fr\\\/news\\\/\"},{\"@type\":\"ListItem\",\"position\":3,\"name\":\"Royan: Ouverture du 34\u00e8me Comptoir National de l&rsquo;Or\"}]},{\"@type\":\"WebSite\",\"@id\":\"https:\\\/\\\/www.gold.fr\\\/news\\\/#website\",\"url\":\"https:\\\/\\\/www.gold.fr\\\/news\\\/\",\"name\":\"Gold.fr\",\"description\":\"Actualit\u00e9s de l&#039;Or et des m\u00e9taux pr\u00e9cieux\",\"potentialAction\":[{\"@type\":\"SearchAction\",\"target\":{\"@type\":\"EntryPoint\",\"urlTemplate\":\"https:\\\/\\\/www.gold.fr\\\/news\\\/?s={search_term_string}\"},\"query-input\":{\"@type\":\"PropertyValueSpecification\",\"valueRequired\":true,\"valueName\":\"search_term_string\"}}],\"inLanguage\":\"fr-FR\"},{\"@type\":\"Person\",\"@id\":\"https:\\\/\\\/www.gold.fr\\\/news\\\/#\\\/schema\\\/person\\\/6a977448ae6ba85f43a46d35fc66f82b\",\"name\":\"Samy\",\"image\":{\"@type\":\"ImageObject\",\"inLanguage\":\"fr-FR\",\"@id\":\"https:\\\/\\\/secure.gravatar.com\\\/avatar\\\/ec3b1ee8da06b98b0d3b7da383393987ae73756a23e0f3ec4c1ea09e0e65804d?s=96&d=mm&r=g9bbe2ee6067d4fa1a1e531a356169f97\",\"url\":\"https:\\\/\\\/secure.gravatar.com\\\/avatar\\\/ec3b1ee8da06b98b0d3b7da383393987ae73756a23e0f3ec4c1ea09e0e65804d?s=96&d=mm&r=g\",\"contentUrl\":\"https:\\\/\\\/secure.gravatar.com\\\/avatar\\\/ec3b1ee8da06b98b0d3b7da383393987ae73756a23e0f3ec4c1ea09e0e65804d?s=96&d=mm&r=g\",\"caption\":\"Samy\"},\"description\":\"Notre r\u00e9daction est constitu\u00e9e de membres experts dans les m\u00e9tiers de l'\u00e9conomie et la gestion, des Responsables d'agence Comptoir National de l'Or, des analystes financiers qui publient r\u00e9guli\u00e8rement des \u00e9tudes sur les politiques des banques centrales, le cours de l'or, le cours de l'argent, cours du platine, cours du palladium... la situation en zone euro et l'impact de la strat\u00e9gie mon\u00e9taire de la FED. Notre \u00e9quipe scrute \u00e9galement une information plus g\u00e9n\u00e9raliste \u00e0 la recherche d'actualit\u00e9 \\\"p\u00e9pite\\\" \u00e0 vous partager. Depuis 5 ans, nous avons publi\u00e9 un peu plus de 4000 articles qui s'adressent \u00e0 un public large et vari\u00e9 ayant pour objectif de satisfaire votre curiosit\u00e9 et de partager avec vous une certaine fascination pour le m\u00e9tal jaune, pour ceux qui veulent investir dans l'or, vendre leur or tout simplement en savoir plus...\"}]}<\/script>\n<!-- \/ Yoast SEO plugin. -->","yoast_head_json":{"title":"Royan: Ouverture du 34\u00e8me Comptoir National de l'Or - Gold.fr","robots":{"index":"index","follow":"follow","max-snippet":"max-snippet:-1","max-image-preview":"max-image-preview:large","max-video-preview":"max-video-preview:-1"},"canonical":"https:\/\/www.gold.fr\/news\/2012\/01\/02\/royan-ouverture-du-34eme-comptoir-national-de-lor\/","og_locale":"fr_FR","og_type":"article","og_title":"Royan: Ouverture du 34\u00e8me Comptoir National de l'Or - Gold.fr","og_description":"En ce d\u00e9but d&rsquo;ann\u00e9e, le Comptoir National de l&rsquo;Or est heureux de vous annoncer l&rsquo;ouverture d&rsquo;une nouvelle agence d&rsquo;achat et vente d&rsquo;or \u00e0 Royan. D\u00e8s aujourd&rsquo;hui, lundi 2 janvier 2012, venez nous rendre visite afin de [&hellip;]","og_url":"https:\/\/www.gold.fr\/news\/2012\/01\/02\/royan-ouverture-du-34eme-comptoir-national-de-lor\/","og_site_name":"Gold.fr","article_publisher":"https:\/\/www.facebook.com\/Goldfr\/","article_published_time":"2012-01-02T09:00:34+00:00","article_modified_time":"2020-12-08T09:26:10+00:00","og_image":[{"width":710,"height":400,"url":"https:\/\/www.gold.fr\/news\/wp-content\/uploads\/2011\/12\/le-comptoir-national-de-l-o-e1329212425942.jpg","type":"image\/jpeg"}],"author":"Anthony","twitter_card":"summary_large_image","twitter_misc":{"\u00c9crit par":"Samy","Dur\u00e9e de lecture estim\u00e9e":"1 minute"},"schema":{"@context":"https:\/\/schema.org","@graph":[{"@type":"Article","@id":"https:\/\/www.gold.fr\/news\/2012\/01\/02\/royan-ouverture-du-34eme-comptoir-national-de-lor\/#article","isPartOf":{"@id":"https:\/\/www.gold.fr\/news\/2012\/01\/02\/royan-ouverture-du-34eme-comptoir-national-de-lor\/"},"author":{"name":"Samy","@id":"https:\/\/www.gold.fr\/news\/#\/schema\/person\/6a977448ae6ba85f43a46d35fc66f82b"},"headline":"Royan: Ouverture du 34\u00e8me Comptoir National de l&rsquo;Or","datePublished":"2012-01-02T09:00:34+00:00","dateModified":"2020-12-08T09:26:10+00:00","mainEntityOfPage":{"@id":"https:\/\/www.gold.fr\/news\/2012\/01\/02\/royan-ouverture-du-34eme-comptoir-national-de-lor\/"},"wordCount":131,"image":{"@id":"https:\/\/www.gold.fr\/news\/2012\/01\/02\/royan-ouverture-du-34eme-comptoir-national-de-lor\/#primaryimage"},"thumbnailUrl":"https:\/\/www.gold.fr\/news\/wp-content\/uploads\/2011\/12\/le-comptoir-national-de-l-o-e1329212425942.jpg","keywords":["Achat d'Or","Or","Royan","Vente d'Or","_Royan_","_Royan_Footer_"],"articleSection":["Flash infos"],"inLanguage":"fr-FR"},{"@type":"WebPage","@id":"https:\/\/www.gold.fr\/news\/2012\/01\/02\/royan-ouverture-du-34eme-comptoir-national-de-lor\/","url":"https:\/\/www.gold.fr\/news\/2012\/01\/02\/royan-ouverture-du-34eme-comptoir-national-de-lor\/","name":"Royan: Ouverture du 34\u00e8me Comptoir National de l'Or - Gold.fr","isPartOf":{"@id":"https:\/\/www.gold.fr\/news\/#website"},"primaryImageOfPage":{"@id":"https:\/\/www.gold.fr\/news\/2012\/01\/02\/royan-ouverture-du-34eme-comptoir-national-de-lor\/#primaryimage"},"image":{"@id":"https:\/\/www.gold.fr\/news\/2012\/01\/02\/royan-ouverture-du-34eme-comptoir-national-de-lor\/#primaryimage"},"thumbnailUrl":"https:\/\/www.gold.fr\/news\/wp-content\/uploads\/2011\/12\/le-comptoir-national-de-l-o-e1329212425942.jpg","datePublished":"2012-01-02T09:00:34+00:00","dateModified":"2020-12-08T09:26:10+00:00","author":{"@id":"https:\/\/www.gold.fr\/news\/#\/schema\/person\/6a977448ae6ba85f43a46d35fc66f82b"},"breadcrumb":{"@id":"https:\/\/www.gold.fr\/news\/2012\/01\/02\/royan-ouverture-du-34eme-comptoir-national-de-lor\/#breadcrumb"},"inLanguage":"fr-FR","potentialAction":[{"@type":"ReadAction","target":["https:\/\/www.gold.fr\/news\/2012\/01\/02\/royan-ouverture-du-34eme-comptoir-national-de-lor\/"]}]},{"@type":"ImageObject","inLanguage":"fr-FR","@id":"https:\/\/www.gold.fr\/news\/2012\/01\/02\/royan-ouverture-du-34eme-comptoir-national-de-lor\/#primaryimage","url":"https:\/\/www.gold.fr\/news\/wp-content\/uploads\/2011\/12\/le-comptoir-national-de-l-o-e1329212425942.jpg","contentUrl":"https:\/\/www.gold.fr\/news\/wp-content\/uploads\/2011\/12\/le-comptoir-national-de-l-o-e1329212425942.jpg","width":"710","height":"400","caption":"le-comptoir-national-de-l-o"},{"@type":"BreadcrumbList","@id":"https:\/\/www.gold.fr\/news\/2012\/01\/02\/royan-ouverture-du-34eme-comptoir-national-de-lor\/#breadcrumb","itemListElement":[{"@type":"ListItem","position":1,"name":"Accueil","item":"https:\/\/www.gold.fr\/"},{"@type":"ListItem","position":2,"name":"Actualit\u00e9s","item":"https:\/\/www.gold.fr\/news\/"},{"@type":"ListItem","position":3,"name":"Royan: Ouverture du 34\u00e8me Comptoir National de l&rsquo;Or"}]},{"@type":"WebSite","@id":"https:\/\/www.gold.fr\/news\/#website","url":"https:\/\/www.gold.fr\/news\/","name":"Gold.fr","description":"Actualit\u00e9s de l&#039;Or et des m\u00e9taux pr\u00e9cieux","potentialAction":[{"@type":"SearchAction","target":{"@type":"EntryPoint","urlTemplate":"https:\/\/www.gold.fr\/news\/?s={search_term_string}"},"query-input":{"@type":"PropertyValueSpecification","valueRequired":true,"valueName":"search_term_string"}}],"inLanguage":"fr-FR"},{"@type":"Person","@id":"https:\/\/www.gold.fr\/news\/#\/schema\/person\/6a977448ae6ba85f43a46d35fc66f82b","name":"Samy","image":{"@type":"ImageObject","inLanguage":"fr-FR","@id":"https:\/\/secure.gravatar.com\/avatar\/ec3b1ee8da06b98b0d3b7da383393987ae73756a23e0f3ec4c1ea09e0e65804d?s=96&d=mm&r=g9bbe2ee6067d4fa1a1e531a356169f97","url":"https:\/\/secure.gravatar.com\/avatar\/ec3b1ee8da06b98b0d3b7da383393987ae73756a23e0f3ec4c1ea09e0e65804d?s=96&d=mm&r=g","contentUrl":"https:\/\/secure.gravatar.com\/avatar\/ec3b1ee8da06b98b0d3b7da383393987ae73756a23e0f3ec4c1ea09e0e65804d?s=96&d=mm&r=g","caption":"Samy"},"description":"Notre r\u00e9daction est constitu\u00e9e de membres experts dans les m\u00e9tiers de l'\u00e9conomie et la gestion, des Responsables d'agence Comptoir National de l'Or, des analystes financiers qui publient r\u00e9guli\u00e8rement des \u00e9tudes sur les politiques des banques centrales, le cours de l'or, le cours de l'argent, cours du platine, cours du palladium... la situation en zone euro et l'impact de la strat\u00e9gie mon\u00e9taire de la FED. Notre \u00e9quipe scrute \u00e9galement une information plus g\u00e9n\u00e9raliste \u00e0 la recherche d'actualit\u00e9 \"p\u00e9pite\" \u00e0 vous partager. Depuis 5 ans, nous avons publi\u00e9 un peu plus de 4000 articles qui s'adressent \u00e0 un public large et vari\u00e9 ayant pour objectif de satisfaire votre curiosit\u00e9 et de partager avec vous une certaine fascination pour le m\u00e9tal jaune, pour ceux qui veulent investir dans l'or, vendre leur or tout simplement en savoir plus..."}]}},"authors":[{"term_id":2562,"user_id":11,"is_guest":0,"slug":null,"display_name":"Anthony","avatar_url":"https:\/\/secure.gravatar.com\/avatar\/19974f7c75da5f0b217374f3a37eb05031e41aaad4ceb3fe17ada2ab3daf6b95?s=96&d=mm&r=g","0":null,"1":"","2":"","3":"","4":"","5":"","6":"","7":"","8":""}],"_links":{"self":[{"href":"https:\/\/www.gold.fr\/news\/wp-json\/wp\/v2\/posts\/4744","targetHints":{"allow":["GET"]}}],"collection":[{"href":"https:\/\/www.gold.fr\/news\/wp-json\/wp\/v2\/posts"}],"about":[{"href":"https:\/\/www.gold.fr\/news\/wp-json\/wp\/v2\/types\/post"}],"author":[{"embeddable":true,"href":"https:\/\/www.gold.fr\/news\/wp-json\/wp\/v2\/users\/43"}],"replies":[{"embeddable":true,"href":"https:\/\/www.gold.fr\/news\/wp-json\/wp\/v2\/comments?post=4744"}],"version-history":[{"count":0,"href":"https:\/\/www.gold.fr\/news\/wp-json\/wp\/v2\/posts\/4744\/revisions"}],"wp:featuredmedia":[{"embeddable":true,"href":"https:\/\/www.gold.fr\/news\/wp-json\/wp\/v2\/media\/4459"}],"wp:attachment":[{"href":"https:\/\/www.gold.fr\/news\/wp-json\/wp\/v2\/media?parent=4744"}],"wp:term":[{"taxonomy":"category","embeddable":true,"href":"https:\/\/www.gold.fr\/news\/wp-json\/wp\/v2\/categories?post=4744"},{"taxonomy":"post_tag","embeddable":true,"href":"https:\/\/www.gold.fr\/news\/wp-json\/wp\/v2\/tags?post=4744"},{"taxonomy":"author","embeddable":true,"href":"https:\/\/www.gold.fr\/news\/wp-json\/wp\/v2\/ppma_author?post=4744"}],"curies":[{"name":"wp","href":"https:\/\/api.w.org\/{rel}","templated":true}]}}