{"id":47208,"date":"2025-01-20T15:18:50","date_gmt":"2025-01-20T14:18:50","guid":{"rendered":"https:\/\/www.gold.fr\/news\/?p=47208"},"modified":"2025-03-21T10:29:44","modified_gmt":"2025-03-21T09:29:44","slug":"interview-laurent-schwartz-sud-radio-osez-investir","status":"publish","type":"post","link":"https:\/\/www.gold.fr\/news\/2025\/01\/20\/interview-laurent-schwartz-sud-radio-osez-investir\/","title":{"rendered":"Interview de Laurent Schwartz sur Sud Radio &#8211; \u00ab\u00a0Osez investir\u00a0\u00bb"},"content":{"rendered":"<p>Laurent Schwartz, Pr\u00e9sident du Comptoir National de l&rsquo;Or, a \u00e9t\u00e9 l&rsquo;invit\u00e9 de l&rsquo;\u00e9mission <em>Osez Investir<\/em> sur Sud Radio. Il a dress\u00e9 un bilan exceptionnel de 2024, marqu\u00e9e par une hausse record du <a href=\"https:\/\/www.gold.fr\/cours-or-prix-de-l-or\/\">cours de l&rsquo;or<\/a> qui a doubl\u00e9 depuis 2019 et d\u00e9cupl\u00e9 depuis 2008. Il a \u00e9galement \u00e9voqu\u00e9 un d\u00e9but 2025 prometteur, port\u00e9 par l&rsquo;investiture de Donald Trump. Valeur refuge par excellence et accessible \u00e0 tous, l&rsquo;or reste au c\u0153ur des strat\u00e9gies d&rsquo;investissement et des r\u00e9serves mondiales comme l&rsquo;explique Laurent Schwartz, qui a aussi d\u00e9taill\u00e9 le fonctionnement de l&rsquo;<a href=\"https:\/\/www.gold.fr\/achat-or\/\">achat<\/a> et du <a href=\"https:\/\/www.gold.fr\/vente-or\/\">rachat<\/a> d&rsquo;or.<\/p>\n<p><strong>Visionnez l&rsquo;interview dans son int\u00e9gralit\u00e9 :<\/strong><\/p>\n<p><iframe loading=\"lazy\" title=\"Interview de Laurent Schwartz sur Sud Radio\" width=\"500\" height=\"281\" src=\"https:\/\/www.youtube.com\/embed\/yn4HWwG00qE?feature=oembed\" frameborder=\"0\" allow=\"accelerometer; autoplay; clipboard-write; encrypted-media; gyroscope; picture-in-picture; web-share\" referrerpolicy=\"strict-origin-when-cross-origin\" allowfullscreen><\/iframe><\/p>\n<p>Et d\u00e9couvrez toutes les prises de parole de Laurent Schwartz dans les m\u00e9dias sur notre cha\u00eene <a href=\"https:\/\/www.youtube.com\/@ComptoirNationalOr\">Youtube \u2013 Comptoir National de l\u2019Or.<\/a><\/p>\n<p>&nbsp;<\/p>\n<a href=\"https:\/\/support.gold.fr\/fr\/livreblanc-investir-dans-l-or-gdn2024\" target=\"_blank\" class=\"goldCTA\">\n    <img decoding=\"async\" src=\"https:\/\/www.gold.fr\/news\/wp-content\/uploads\/2024\/09\/Couverture-LB-quel-budget-pour-investir-dans-lor.png\" alt=\"\" \/>    <div class=\"rightPart\">\n        <div class=\"content\">\n            <\/p>\n<h2><strong>Vous souhaitez investir dans l&rsquo;or ?\u00a0<\/strong><\/h2>\n<p>Vous h\u00e9sitez \u00e0 diversifier votre portefeuille ? Pourquoi ne pas investir dans l&rsquo;or ? Notre guide vous permettra d&rsquo;affiner votre r\u00e9flexion gr\u00e2ce \u00e0 des exemples de pi\u00e8ces et lingots d&rsquo;or que vous pourriez acqu\u00e9rir avec votre budget.<\/p>\n<p>        <\/div>\n                <span class=\"button\">Je souhaite investir dans l'or !<\/span>\n            <\/div>\n<\/a>\n<!-- AddThis Advanced Settings generic via filter on the_content --><!-- AddThis Share Buttons generic via filter on the_content -->","protected":false},"excerpt":{"rendered":"<p>Laurent Schwartz, Pr\u00e9sident du Comptoir National de l&rsquo;Or, a \u00e9t\u00e9 l&rsquo;invit\u00e9 de l&rsquo;\u00e9mission Osez Investir sur Sud Radio. Il a dress\u00e9 un bilan exceptionnel de 2024, marqu\u00e9e par une hausse record du cours de l&rsquo;or qui [&hellip;]<\/p>\n","protected":false},"author":11,"featured_media":47218,"comment_status":"closed","ping_status":"closed","sticky":false,"template":"","format":"standard","meta":{"_mbp_gutenberg_autopost":false,"_pgmb_is_evergreen":false,"_pgmb_ap_template_id":0,"footnotes":""},"categories":[6,2414],"tags":[1167,1028,2557,84,234],"ppma_author":[2562],"class_list":["post-47208","post","type-post","status-publish","format-standard","has-post-thumbnail","hentry","category-articles-de-presse","category-cndo-dans-la-presse","tag-evolution-or","tag-investissement-or","tag-record-historique","tag-cours-de-lor","tag-valeur-refuge"],"yoast_head":"<!-- This site is optimized with the Yoast SEO plugin v27.5 - https:\/\/yoast.com\/product\/yoast-seo-wordpress\/ -->\n<title>L&#039;or, valeur refuge par excellence ? - Gold.fr<\/title>\n<meta name=\"description\" content=\"Bilan exceptionnel de 2024, marqu\u00e9e par une hausse record du cours de l&#039;or qui a doubl\u00e9 depuis 2019 et d\u00e9cupl\u00e9 depuis 2008. Il a \u00e9galement \u00e9voqu\u00e9 un d\u00e9but 2025 prometteur, port\u00e9 par l&#039;investiture de Donald Trump. Valeur refuge par excellence et accessible \u00e0 tous, l&#039;or reste au c\u0153ur des strat\u00e9gies d&#039;investissement et des r\u00e9serves mondiales\" \/>\n<meta name=\"robots\" content=\"index, follow, max-snippet:-1, max-image-preview:large, max-video-preview:-1\" \/>\n<link rel=\"canonical\" href=\"https:\/\/www.gold.fr\/news\/2025\/01\/20\/interview-laurent-schwartz-sud-radio-osez-investir\/\" \/>\n<meta property=\"og:locale\" content=\"fr_FR\" \/>\n<meta property=\"og:type\" content=\"article\" \/>\n<meta property=\"og:title\" content=\"L&#039;or, valeur refuge par excellence ? - Gold.fr\" \/>\n<meta property=\"og:description\" content=\"Bilan exceptionnel de 2024, marqu\u00e9e par une hausse record du cours de l&#039;or qui a doubl\u00e9 depuis 2019 et d\u00e9cupl\u00e9 depuis 2008. Il a \u00e9galement \u00e9voqu\u00e9 un d\u00e9but 2025 prometteur, port\u00e9 par l&#039;investiture de Donald Trump. Valeur refuge par excellence et accessible \u00e0 tous, l&#039;or reste au c\u0153ur des strat\u00e9gies d&#039;investissement et des r\u00e9serves mondiales\" \/>\n<meta property=\"og:url\" content=\"https:\/\/www.gold.fr\/news\/2025\/01\/20\/interview-laurent-schwartz-sud-radio-osez-investir\/\" \/>\n<meta property=\"og:site_name\" content=\"Gold.fr\" \/>\n<meta property=\"article:publisher\" content=\"https:\/\/www.facebook.com\/Goldfr\/\" \/>\n<meta property=\"article:published_time\" content=\"2025-01-20T14:18:50+00:00\" \/>\n<meta property=\"article:modified_time\" content=\"2025-03-21T09:29:44+00:00\" \/>\n<meta property=\"og:image\" content=\"https:\/\/www.gold.fr\/news\/wp-content\/uploads\/2025\/01\/ITW-SudRadio-17.01.25-Laurent-Schwartz-1.png\" \/>\n\t<meta property=\"og:image:width\" content=\"1540\" \/>\n\t<meta property=\"og:image:height\" content=\"742\" \/>\n\t<meta property=\"og:image:type\" content=\"image\/png\" \/>\n<meta name=\"author\" content=\"Anthony\" \/>\n<meta name=\"twitter:card\" content=\"summary_large_image\" \/>\n<meta name=\"twitter:label1\" content=\"\u00c9crit par\" \/>\n\t<meta name=\"twitter:data1\" content=\"Anthony\" \/>\n\t<meta name=\"twitter:label2\" content=\"Dur\u00e9e de lecture estim\u00e9e\" \/>\n\t<meta name=\"twitter:data2\" content=\"2 minutes\" \/>\n<script type=\"application\/ld+json\" class=\"yoast-schema-graph\">{\"@context\":\"https:\\\/\\\/schema.org\",\"@graph\":[{\"@type\":\"Article\",\"@id\":\"https:\\\/\\\/www.gold.fr\\\/news\\\/2025\\\/01\\\/20\\\/interview-laurent-schwartz-sud-radio-osez-investir\\\/#article\",\"isPartOf\":{\"@id\":\"https:\\\/\\\/www.gold.fr\\\/news\\\/2025\\\/01\\\/20\\\/interview-laurent-schwartz-sud-radio-osez-investir\\\/\"},\"author\":{\"name\":\"Anthony\",\"@id\":\"https:\\\/\\\/www.gold.fr\\\/news\\\/#\\\/schema\\\/person\\\/feb6458ffd7bceeeb4e228398c34fbe5\"},\"headline\":\"Interview de Laurent Schwartz sur Sud Radio &#8211; \u00ab\u00a0Osez investir\u00a0\u00bb\",\"datePublished\":\"2025-01-20T14:18:50+00:00\",\"dateModified\":\"2025-03-21T09:29:44+00:00\",\"mainEntityOfPage\":{\"@id\":\"https:\\\/\\\/www.gold.fr\\\/news\\\/2025\\\/01\\\/20\\\/interview-laurent-schwartz-sud-radio-osez-investir\\\/\"},\"wordCount\":235,\"image\":{\"@id\":\"https:\\\/\\\/www.gold.fr\\\/news\\\/2025\\\/01\\\/20\\\/interview-laurent-schwartz-sud-radio-osez-investir\\\/#primaryimage\"},\"thumbnailUrl\":\"https:\\\/\\\/www.gold.fr\\\/news\\\/wp-content\\\/uploads\\\/2025\\\/01\\\/ITW-SudRadio-17.01.25-Laurent-Schwartz-1.png\",\"keywords\":[\"evolution or\",\"Investissement Or\",\"record historique\",\"Tout Cours de l'Or\",\"Valeur refuge\"],\"articleSection\":[\"Articles de presse\",\"CNDO dans la presse\"],\"inLanguage\":\"fr-FR\"},{\"@type\":\"WebPage\",\"@id\":\"https:\\\/\\\/www.gold.fr\\\/news\\\/2025\\\/01\\\/20\\\/interview-laurent-schwartz-sud-radio-osez-investir\\\/\",\"url\":\"https:\\\/\\\/www.gold.fr\\\/news\\\/2025\\\/01\\\/20\\\/interview-laurent-schwartz-sud-radio-osez-investir\\\/\",\"name\":\"L'or, valeur refuge par excellence ? - Gold.fr\",\"isPartOf\":{\"@id\":\"https:\\\/\\\/www.gold.fr\\\/news\\\/#website\"},\"primaryImageOfPage\":{\"@id\":\"https:\\\/\\\/www.gold.fr\\\/news\\\/2025\\\/01\\\/20\\\/interview-laurent-schwartz-sud-radio-osez-investir\\\/#primaryimage\"},\"image\":{\"@id\":\"https:\\\/\\\/www.gold.fr\\\/news\\\/2025\\\/01\\\/20\\\/interview-laurent-schwartz-sud-radio-osez-investir\\\/#primaryimage\"},\"thumbnailUrl\":\"https:\\\/\\\/www.gold.fr\\\/news\\\/wp-content\\\/uploads\\\/2025\\\/01\\\/ITW-SudRadio-17.01.25-Laurent-Schwartz-1.png\",\"datePublished\":\"2025-01-20T14:18:50+00:00\",\"dateModified\":\"2025-03-21T09:29:44+00:00\",\"author\":{\"@id\":\"https:\\\/\\\/www.gold.fr\\\/news\\\/#\\\/schema\\\/person\\\/feb6458ffd7bceeeb4e228398c34fbe5\"},\"description\":\"Bilan exceptionnel de 2024, marqu\u00e9e par une hausse record du cours de l'or qui a doubl\u00e9 depuis 2019 et d\u00e9cupl\u00e9 depuis 2008. Il a \u00e9galement \u00e9voqu\u00e9 un d\u00e9but 2025 prometteur, port\u00e9 par l'investiture de Donald Trump. Valeur refuge par excellence et accessible \u00e0 tous, l'or reste au c\u0153ur des strat\u00e9gies d'investissement et des r\u00e9serves mondiales\",\"breadcrumb\":{\"@id\":\"https:\\\/\\\/www.gold.fr\\\/news\\\/2025\\\/01\\\/20\\\/interview-laurent-schwartz-sud-radio-osez-investir\\\/#breadcrumb\"},\"inLanguage\":\"fr-FR\",\"potentialAction\":[{\"@type\":\"ReadAction\",\"target\":[\"https:\\\/\\\/www.gold.fr\\\/news\\\/2025\\\/01\\\/20\\\/interview-laurent-schwartz-sud-radio-osez-investir\\\/\"]}]},{\"@type\":\"ImageObject\",\"inLanguage\":\"fr-FR\",\"@id\":\"https:\\\/\\\/www.gold.fr\\\/news\\\/2025\\\/01\\\/20\\\/interview-laurent-schwartz-sud-radio-osez-investir\\\/#primaryimage\",\"url\":\"https:\\\/\\\/www.gold.fr\\\/news\\\/wp-content\\\/uploads\\\/2025\\\/01\\\/ITW-SudRadio-17.01.25-Laurent-Schwartz-1.png\",\"contentUrl\":\"https:\\\/\\\/www.gold.fr\\\/news\\\/wp-content\\\/uploads\\\/2025\\\/01\\\/ITW-SudRadio-17.01.25-Laurent-Schwartz-1.png\",\"width\":1540,\"height\":742},{\"@type\":\"BreadcrumbList\",\"@id\":\"https:\\\/\\\/www.gold.fr\\\/news\\\/2025\\\/01\\\/20\\\/interview-laurent-schwartz-sud-radio-osez-investir\\\/#breadcrumb\",\"itemListElement\":[{\"@type\":\"ListItem\",\"position\":1,\"name\":\"Accueil\",\"item\":\"https:\\\/\\\/www.gold.fr\\\/\"},{\"@type\":\"ListItem\",\"position\":2,\"name\":\"Actualit\u00e9s\",\"item\":\"https:\\\/\\\/www.gold.fr\\\/news\\\/\"},{\"@type\":\"ListItem\",\"position\":3,\"name\":\"Interview de Laurent Schwartz sur Sud Radio &#8211; \u00ab\u00a0Osez investir\u00a0\u00bb\"}]},{\"@type\":\"WebSite\",\"@id\":\"https:\\\/\\\/www.gold.fr\\\/news\\\/#website\",\"url\":\"https:\\\/\\\/www.gold.fr\\\/news\\\/\",\"name\":\"Gold.fr\",\"description\":\"Actualit\u00e9s de l&#039;Or et des m\u00e9taux pr\u00e9cieux\",\"potentialAction\":[{\"@type\":\"SearchAction\",\"target\":{\"@type\":\"EntryPoint\",\"urlTemplate\":\"https:\\\/\\\/www.gold.fr\\\/news\\\/?s={search_term_string}\"},\"query-input\":{\"@type\":\"PropertyValueSpecification\",\"valueRequired\":true,\"valueName\":\"search_term_string\"}}],\"inLanguage\":\"fr-FR\"},{\"@type\":\"Person\",\"@id\":\"https:\\\/\\\/www.gold.fr\\\/news\\\/#\\\/schema\\\/person\\\/feb6458ffd7bceeeb4e228398c34fbe5\",\"name\":\"Anthony\",\"image\":{\"@type\":\"ImageObject\",\"inLanguage\":\"fr-FR\",\"@id\":\"https:\\\/\\\/secure.gravatar.com\\\/avatar\\\/19974f7c75da5f0b217374f3a37eb05031e41aaad4ceb3fe17ada2ab3daf6b95?s=96&d=mm&r=gbc5324aff3d366843e00df00c899c1a8\",\"url\":\"https:\\\/\\\/secure.gravatar.com\\\/avatar\\\/19974f7c75da5f0b217374f3a37eb05031e41aaad4ceb3fe17ada2ab3daf6b95?s=96&d=mm&r=g\",\"contentUrl\":\"https:\\\/\\\/secure.gravatar.com\\\/avatar\\\/19974f7c75da5f0b217374f3a37eb05031e41aaad4ceb3fe17ada2ab3daf6b95?s=96&d=mm&r=g\",\"caption\":\"Anthony\"},\"description\":\"Notre r\u00e9daction est constitu\u00e9e de membres experts dans les m\u00e9tiers de l'\u00e9conomie et la gestion, des Responsables d'agence Comptoir National de l'Or, des analystes financiers qui publient r\u00e9guli\u00e8rement des \u00e9tudes sur les politiques des banques centrales, le cours de l'or, le cours de l'argent, cours du platine, cours du palladium... la situation en zone euro et l'impact de la strat\u00e9gie mon\u00e9taire de la FED. Notre \u00e9quipe scrute \u00e9galement une information plus g\u00e9n\u00e9raliste \u00e0 la recherche d'actualit\u00e9 \\\"p\u00e9pite\\\" \u00e0 vous partager. Depuis 5 ans, nous avons publi\u00e9 un peu plus de 4000 articles qui s'adressent \u00e0 un public large et vari\u00e9 ayant pour objectif de satisfaire votre curiosit\u00e9 et de partager avec vous une certaine fascination pour le m\u00e9tal jaune, pour ceux qui veulent investir dans l'or, vendre leur or tout simplement en savoir plus...\",\"sameAs\":[\"https:\\\/\\\/www.gold.fr\\\/news\"]}]}<\/script>\n<!-- \/ Yoast SEO plugin. -->","yoast_head_json":{"title":"L'or, valeur refuge par excellence ? - Gold.fr","description":"Bilan exceptionnel de 2024, marqu\u00e9e par une hausse record du cours de l'or qui a doubl\u00e9 depuis 2019 et d\u00e9cupl\u00e9 depuis 2008. Il a \u00e9galement \u00e9voqu\u00e9 un d\u00e9but 2025 prometteur, port\u00e9 par l'investiture de Donald Trump. Valeur refuge par excellence et accessible \u00e0 tous, l'or reste au c\u0153ur des strat\u00e9gies d'investissement et des r\u00e9serves mondiales","robots":{"index":"index","follow":"follow","max-snippet":"max-snippet:-1","max-image-preview":"max-image-preview:large","max-video-preview":"max-video-preview:-1"},"canonical":"https:\/\/www.gold.fr\/news\/2025\/01\/20\/interview-laurent-schwartz-sud-radio-osez-investir\/","og_locale":"fr_FR","og_type":"article","og_title":"L'or, valeur refuge par excellence ? - Gold.fr","og_description":"Bilan exceptionnel de 2024, marqu\u00e9e par une hausse record du cours de l'or qui a doubl\u00e9 depuis 2019 et d\u00e9cupl\u00e9 depuis 2008. Il a \u00e9galement \u00e9voqu\u00e9 un d\u00e9but 2025 prometteur, port\u00e9 par l'investiture de Donald Trump. Valeur refuge par excellence et accessible \u00e0 tous, l'or reste au c\u0153ur des strat\u00e9gies d'investissement et des r\u00e9serves mondiales","og_url":"https:\/\/www.gold.fr\/news\/2025\/01\/20\/interview-laurent-schwartz-sud-radio-osez-investir\/","og_site_name":"Gold.fr","article_publisher":"https:\/\/www.facebook.com\/Goldfr\/","article_published_time":"2025-01-20T14:18:50+00:00","article_modified_time":"2025-03-21T09:29:44+00:00","og_image":[{"width":1540,"height":742,"url":"https:\/\/www.gold.fr\/news\/wp-content\/uploads\/2025\/01\/ITW-SudRadio-17.01.25-Laurent-Schwartz-1.png","type":"image\/png"}],"author":"Anthony","twitter_card":"summary_large_image","twitter_misc":{"\u00c9crit par":"Anthony","Dur\u00e9e de lecture estim\u00e9e":"2 minutes"},"schema":{"@context":"https:\/\/schema.org","@graph":[{"@type":"Article","@id":"https:\/\/www.gold.fr\/news\/2025\/01\/20\/interview-laurent-schwartz-sud-radio-osez-investir\/#article","isPartOf":{"@id":"https:\/\/www.gold.fr\/news\/2025\/01\/20\/interview-laurent-schwartz-sud-radio-osez-investir\/"},"author":{"name":"Anthony","@id":"https:\/\/www.gold.fr\/news\/#\/schema\/person\/feb6458ffd7bceeeb4e228398c34fbe5"},"headline":"Interview de Laurent Schwartz sur Sud Radio &#8211; \u00ab\u00a0Osez investir\u00a0\u00bb","datePublished":"2025-01-20T14:18:50+00:00","dateModified":"2025-03-21T09:29:44+00:00","mainEntityOfPage":{"@id":"https:\/\/www.gold.fr\/news\/2025\/01\/20\/interview-laurent-schwartz-sud-radio-osez-investir\/"},"wordCount":235,"image":{"@id":"https:\/\/www.gold.fr\/news\/2025\/01\/20\/interview-laurent-schwartz-sud-radio-osez-investir\/#primaryimage"},"thumbnailUrl":"https:\/\/www.gold.fr\/news\/wp-content\/uploads\/2025\/01\/ITW-SudRadio-17.01.25-Laurent-Schwartz-1.png","keywords":["evolution or","Investissement Or","record historique","Tout Cours de l'Or","Valeur refuge"],"articleSection":["Articles de presse","CNDO dans la presse"],"inLanguage":"fr-FR"},{"@type":"WebPage","@id":"https:\/\/www.gold.fr\/news\/2025\/01\/20\/interview-laurent-schwartz-sud-radio-osez-investir\/","url":"https:\/\/www.gold.fr\/news\/2025\/01\/20\/interview-laurent-schwartz-sud-radio-osez-investir\/","name":"L'or, valeur refuge par excellence ? - Gold.fr","isPartOf":{"@id":"https:\/\/www.gold.fr\/news\/#website"},"primaryImageOfPage":{"@id":"https:\/\/www.gold.fr\/news\/2025\/01\/20\/interview-laurent-schwartz-sud-radio-osez-investir\/#primaryimage"},"image":{"@id":"https:\/\/www.gold.fr\/news\/2025\/01\/20\/interview-laurent-schwartz-sud-radio-osez-investir\/#primaryimage"},"thumbnailUrl":"https:\/\/www.gold.fr\/news\/wp-content\/uploads\/2025\/01\/ITW-SudRadio-17.01.25-Laurent-Schwartz-1.png","datePublished":"2025-01-20T14:18:50+00:00","dateModified":"2025-03-21T09:29:44+00:00","author":{"@id":"https:\/\/www.gold.fr\/news\/#\/schema\/person\/feb6458ffd7bceeeb4e228398c34fbe5"},"description":"Bilan exceptionnel de 2024, marqu\u00e9e par une hausse record du cours de l'or qui a doubl\u00e9 depuis 2019 et d\u00e9cupl\u00e9 depuis 2008. Il a \u00e9galement \u00e9voqu\u00e9 un d\u00e9but 2025 prometteur, port\u00e9 par l'investiture de Donald Trump. Valeur refuge par excellence et accessible \u00e0 tous, l'or reste au c\u0153ur des strat\u00e9gies d'investissement et des r\u00e9serves mondiales","breadcrumb":{"@id":"https:\/\/www.gold.fr\/news\/2025\/01\/20\/interview-laurent-schwartz-sud-radio-osez-investir\/#breadcrumb"},"inLanguage":"fr-FR","potentialAction":[{"@type":"ReadAction","target":["https:\/\/www.gold.fr\/news\/2025\/01\/20\/interview-laurent-schwartz-sud-radio-osez-investir\/"]}]},{"@type":"ImageObject","inLanguage":"fr-FR","@id":"https:\/\/www.gold.fr\/news\/2025\/01\/20\/interview-laurent-schwartz-sud-radio-osez-investir\/#primaryimage","url":"https:\/\/www.gold.fr\/news\/wp-content\/uploads\/2025\/01\/ITW-SudRadio-17.01.25-Laurent-Schwartz-1.png","contentUrl":"https:\/\/www.gold.fr\/news\/wp-content\/uploads\/2025\/01\/ITW-SudRadio-17.01.25-Laurent-Schwartz-1.png","width":1540,"height":742},{"@type":"BreadcrumbList","@id":"https:\/\/www.gold.fr\/news\/2025\/01\/20\/interview-laurent-schwartz-sud-radio-osez-investir\/#breadcrumb","itemListElement":[{"@type":"ListItem","position":1,"name":"Accueil","item":"https:\/\/www.gold.fr\/"},{"@type":"ListItem","position":2,"name":"Actualit\u00e9s","item":"https:\/\/www.gold.fr\/news\/"},{"@type":"ListItem","position":3,"name":"Interview de Laurent Schwartz sur Sud Radio &#8211; \u00ab\u00a0Osez investir\u00a0\u00bb"}]},{"@type":"WebSite","@id":"https:\/\/www.gold.fr\/news\/#website","url":"https:\/\/www.gold.fr\/news\/","name":"Gold.fr","description":"Actualit\u00e9s de l&#039;Or et des m\u00e9taux pr\u00e9cieux","potentialAction":[{"@type":"SearchAction","target":{"@type":"EntryPoint","urlTemplate":"https:\/\/www.gold.fr\/news\/?s={search_term_string}"},"query-input":{"@type":"PropertyValueSpecification","valueRequired":true,"valueName":"search_term_string"}}],"inLanguage":"fr-FR"},{"@type":"Person","@id":"https:\/\/www.gold.fr\/news\/#\/schema\/person\/feb6458ffd7bceeeb4e228398c34fbe5","name":"Anthony","image":{"@type":"ImageObject","inLanguage":"fr-FR","@id":"https:\/\/secure.gravatar.com\/avatar\/19974f7c75da5f0b217374f3a37eb05031e41aaad4ceb3fe17ada2ab3daf6b95?s=96&d=mm&r=gbc5324aff3d366843e00df00c899c1a8","url":"https:\/\/secure.gravatar.com\/avatar\/19974f7c75da5f0b217374f3a37eb05031e41aaad4ceb3fe17ada2ab3daf6b95?s=96&d=mm&r=g","contentUrl":"https:\/\/secure.gravatar.com\/avatar\/19974f7c75da5f0b217374f3a37eb05031e41aaad4ceb3fe17ada2ab3daf6b95?s=96&d=mm&r=g","caption":"Anthony"},"description":"Notre r\u00e9daction est constitu\u00e9e de membres experts dans les m\u00e9tiers de l'\u00e9conomie et la gestion, des Responsables d'agence Comptoir National de l'Or, des analystes financiers qui publient r\u00e9guli\u00e8rement des \u00e9tudes sur les politiques des banques centrales, le cours de l'or, le cours de l'argent, cours du platine, cours du palladium... la situation en zone euro et l'impact de la strat\u00e9gie mon\u00e9taire de la FED. Notre \u00e9quipe scrute \u00e9galement une information plus g\u00e9n\u00e9raliste \u00e0 la recherche d'actualit\u00e9 \"p\u00e9pite\" \u00e0 vous partager. Depuis 5 ans, nous avons publi\u00e9 un peu plus de 4000 articles qui s'adressent \u00e0 un public large et vari\u00e9 ayant pour objectif de satisfaire votre curiosit\u00e9 et de partager avec vous une certaine fascination pour le m\u00e9tal jaune, pour ceux qui veulent investir dans l'or, vendre leur or tout simplement en savoir plus...","sameAs":["https:\/\/www.gold.fr\/news"]}]}},"authors":[{"term_id":2562,"user_id":11,"is_guest":0,"slug":"anthony","display_name":"Anthony","avatar_url":"https:\/\/secure.gravatar.com\/avatar\/19974f7c75da5f0b217374f3a37eb05031e41aaad4ceb3fe17ada2ab3daf6b95?s=96&d=mm&r=g","0":null,"1":"","2":"","3":"","4":"","5":"","6":"","7":"","8":""}],"_links":{"self":[{"href":"https:\/\/www.gold.fr\/news\/wp-json\/wp\/v2\/posts\/47208","targetHints":{"allow":["GET"]}}],"collection":[{"href":"https:\/\/www.gold.fr\/news\/wp-json\/wp\/v2\/posts"}],"about":[{"href":"https:\/\/www.gold.fr\/news\/wp-json\/wp\/v2\/types\/post"}],"author":[{"embeddable":true,"href":"https:\/\/www.gold.fr\/news\/wp-json\/wp\/v2\/users\/11"}],"replies":[{"embeddable":true,"href":"https:\/\/www.gold.fr\/news\/wp-json\/wp\/v2\/comments?post=47208"}],"version-history":[{"count":0,"href":"https:\/\/www.gold.fr\/news\/wp-json\/wp\/v2\/posts\/47208\/revisions"}],"wp:featuredmedia":[{"embeddable":true,"href":"https:\/\/www.gold.fr\/news\/wp-json\/wp\/v2\/media\/47218"}],"wp:attachment":[{"href":"https:\/\/www.gold.fr\/news\/wp-json\/wp\/v2\/media?parent=47208"}],"wp:term":[{"taxonomy":"category","embeddable":true,"href":"https:\/\/www.gold.fr\/news\/wp-json\/wp\/v2\/categories?post=47208"},{"taxonomy":"post_tag","embeddable":true,"href":"https:\/\/www.gold.fr\/news\/wp-json\/wp\/v2\/tags?post=47208"},{"taxonomy":"author","embeddable":true,"href":"https:\/\/www.gold.fr\/news\/wp-json\/wp\/v2\/ppma_author?post=47208"}],"curies":[{"name":"wp","href":"https:\/\/api.w.org\/{rel}","templated":true}]}}