{"id":4662,"date":"2011-12-28T16:00:42","date_gmt":"2011-12-28T15:00:42","guid":{"rendered":"http:\/\/news.gold.fr\/?p=4662"},"modified":"2019-08-01T14:53:27","modified_gmt":"2019-08-01T12:53:27","slug":"le-metal-jaune-a-t-il-fini-de-briller","status":"publish","type":"post","link":"https:\/\/www.gold.fr\/news\/2011\/12\/28\/le-metal-jaune-a-t-il-fini-de-briller\/","title":{"rendered":"Le m\u00e9tal jaune a-t-il fini de briller ?"},"content":{"rendered":"<p style=\"text-align: justify;\"><span style=\"font-family: webdings;\"><img loading=\"lazy\" decoding=\"async\" class=\"alignleft size-thumbnail wp-image-4670\" style=\"float: left; border-image: initial; margin: 5px; border: 1px solid black;\" title=\"or-valeur-refuge\" src=\"http:\/\/news.gold.fr\/wp-content\/uploads\/2011\/12\/or-valeur-refuge-150x150.jpg\" alt=\"\" width=\"150\" height=\"150\" \/><span style=\"font-family: verdana, geneva; font-size: small;\">\u00ab\u00a0Il n\u2019est pas anormal de voir les op\u00e9rateurs tenter \u00e0 tout prix d\u2019engranger quelques b\u00e9n\u00e9fices avant la fin de l\u2019ann\u00e9e\u00a0\u00bb, affirme Ross Norman, directeur du courtier sp\u00e9cialis\u00e9 Sharps Pixley. D\u2019o\u00f9 la <strong>tendance baissi\u00e8re<\/strong> qui est maintenue sur le <strong><a href=\"https:\/\/www.gold.fr\/cours-prix-de-l-or\/\" target=\"_blank\" rel=\"noopener noreferrer\">cours de l&rsquo;or<\/a><\/strong> depuis des semaines. Est-ce pour autant une raison pour d\u00e9clarer la fin de l\u2019\u00e8re dor\u00e9e du pr\u00e9cieux m\u00e9tal\u00a0? Loin de l\u00e0.<\/span><\/span><\/p>\n<p style=\"text-align: justify;\"><span style=\"font-family: verdana, geneva; font-size: small;\">Analyste chez le groupe BNP Paribas, Anne-Laure Tremblay estime que \u00ab\u00a0son statut de <strong>valeur refuge<\/strong> n\u2019est pas remis en question : en d\u00e9pit des r\u00e9centes corrections, il a mieux r\u00e9sist\u00e9 depuis juillet que les Bourses ou les mati\u00e8res premi\u00e8res industrielles, ce qui prouve que <strong>l\u2019<a class=\"esk-seo-plu-link\" href=\"https:\/\/www.gold.fr\/news\/tags\/or\">or<\/a> continue d\u2019attirer des acqu\u00e9reurs<\/strong>\u00a0\u00bb.<\/span><\/p>\n<p style=\"text-align: justify;\"><span style=\"font-family: verdana, geneva; font-size: small;\">Car, ne l\u2019oublions pas, le Conseil mondial de l\u2019<a class=\"esk-seo-plu-link\" href=\"https:\/\/www.gold.fr\/news\/tags\/or\">or<\/a> (CMO) a r\u00e9cemment r\u00e9v\u00e9l\u00e9 que la <strong>consommation mondiale d\u2019<a class=\"esk-seo-plu-link\" href=\"https:\/\/www.gold.fr\/news\/tags\/or\">or<\/a><\/strong> a enregistr\u00e9 une <strong>\u00e9volution impressionnante<\/strong> de l\u2019ordre de <strong>11%<\/strong> au cours du troisi\u00e8me trimestre 2011 seul.<\/span><br \/>\n<span style=\"font-family: verdana, geneva; font-size: small;\"> L\u2019organisme a d\u2019ailleurs li\u00e9 cette progression, \u00e0 la forte demande de <strong><a href=\"https:\/\/www.gold.fr\/cours-prix-de-l-or\/lingot-1-kg\/\" target=\"_blank\" rel=\"noopener noreferrer\">lingots<\/a><\/strong> et de <strong>m\u00e9dailles<\/strong> qui s\u2019est prolong\u00e9e sur toute l\u2019ann\u00e9e. Sans compter la grande surprise de l\u2019ann\u00e9e 2011\u00a0; les banques centrales qui passent dans le camp des acheteurs, diversifiant leurs r\u00e9serves respectives et hissant, dans la foul\u00e9e, leurs <strong><a href=\"https:\/\/www.gold.fr\/achat-or\/\" target=\"_blank\" rel=\"noopener noreferrer\">achats d\u2019or<\/a><\/strong> au plus haut niveau depuis 40 ans.<\/span><\/p>\n<!-- AddThis Advanced Settings generic via filter on the_content --><!-- AddThis Share Buttons generic via filter on the_content -->","protected":false},"excerpt":{"rendered":"<p>\u00ab\u00a0Il n\u2019est pas anormal de voir les op\u00e9rateurs tenter \u00e0 tout prix d\u2019engranger quelques b\u00e9n\u00e9fices avant la fin de l\u2019ann\u00e9e\u00a0\u00bb, affirme Ross Norman, directeur du courtier sp\u00e9cialis\u00e9 Sharps Pixley. D\u2019o\u00f9 la tendance baissi\u00e8re qui est maintenue [&hellip;]<\/p>\n","protected":false},"author":11,"featured_media":4670,"comment_status":"open","ping_status":"open","sticky":false,"template":"","format":"standard","meta":{"_mbp_gutenberg_autopost":false,"_pgmb_is_evergreen":false,"_pgmb_ap_template_id":0,"footnotes":""},"categories":[6],"tags":[17,76,234],"ppma_author":[2562],"class_list":["post-4662","post","type-post","status-publish","format-standard","has-post-thumbnail","hentry","category-articles-de-presse","tag-achat-dor","tag-or","tag-valeur-refuge"],"yoast_head":"<!-- This site is optimized with the Yoast SEO plugin v26.9 - https:\/\/yoast.com\/product\/yoast-seo-wordpress\/ -->\n<title>Le m\u00e9tal jaune a-t-il fini de briller ? - Gold.fr<\/title>\n<meta name=\"description\" content=\"Le m\u00e9tal jaune a-t-il fini de briller ? D\u00e9couvrez toute l&#039;actualit\u00e9 sur les m\u00e9taux pr\u00e9cieux et l&#039;impact sur le cours de l&#039;or, de l&#039;argent, du palladium et du platine en direct sur Gold.fr.\" \/>\n<meta name=\"robots\" content=\"index, follow, max-snippet:-1, max-image-preview:large, max-video-preview:-1\" \/>\n<link rel=\"canonical\" href=\"https:\/\/www.gold.fr\/news\/2011\/12\/28\/le-metal-jaune-a-t-il-fini-de-briller\/\" \/>\n<meta property=\"og:locale\" content=\"fr_FR\" \/>\n<meta property=\"og:type\" content=\"article\" \/>\n<meta property=\"og:title\" content=\"Le m\u00e9tal jaune a-t-il fini de briller ? - Gold.fr\" \/>\n<meta property=\"og:description\" content=\"Le m\u00e9tal jaune a-t-il fini de briller ? D\u00e9couvrez toute l&#039;actualit\u00e9 sur les m\u00e9taux pr\u00e9cieux et l&#039;impact sur le cours de l&#039;or, de l&#039;argent, du palladium et du platine en direct sur Gold.fr.\" \/>\n<meta property=\"og:url\" content=\"https:\/\/www.gold.fr\/news\/2011\/12\/28\/le-metal-jaune-a-t-il-fini-de-briller\/\" \/>\n<meta property=\"og:site_name\" content=\"Gold.fr\" \/>\n<meta property=\"article:publisher\" content=\"https:\/\/www.facebook.com\/Goldfr\/\" \/>\n<meta property=\"article:published_time\" content=\"2011-12-28T15:00:42+00:00\" \/>\n<meta property=\"article:modified_time\" content=\"2019-08-01T12:53:27+00:00\" \/>\n<meta property=\"og:image\" content=\"https:\/\/www.gold.fr\/news\/wp-content\/uploads\/2011\/12\/or-valeur-refuge.jpg\" \/>\n\t<meta property=\"og:image:width\" content=\"600\" \/>\n\t<meta property=\"og:image:height\" content=\"401\" \/>\n\t<meta property=\"og:image:type\" content=\"image\/jpeg\" \/>\n<meta name=\"author\" content=\"Anthony\" \/>\n<meta name=\"twitter:card\" content=\"summary_large_image\" \/>\n<meta name=\"twitter:label1\" content=\"\u00c9crit par\" \/>\n\t<meta name=\"twitter:data1\" content=\"Anthony\" \/>\n\t<meta name=\"twitter:label2\" content=\"Dur\u00e9e de lecture estim\u00e9e\" \/>\n\t<meta name=\"twitter:data2\" content=\"1 minute\" \/>\n<script type=\"application\/ld+json\" class=\"yoast-schema-graph\">{\"@context\":\"https:\/\/schema.org\",\"@graph\":[{\"@type\":\"Article\",\"@id\":\"https:\/\/www.gold.fr\/news\/2011\/12\/28\/le-metal-jaune-a-t-il-fini-de-briller\/#article\",\"isPartOf\":{\"@id\":\"https:\/\/www.gold.fr\/news\/2011\/12\/28\/le-metal-jaune-a-t-il-fini-de-briller\/\"},\"author\":{\"name\":\"Anthony\",\"@id\":\"https:\/\/www.gold.fr\/news\/#\/schema\/person\/c8078299be948664edf777ff2366b727\"},\"headline\":\"Le m\u00e9tal jaune a-t-il fini de briller ?\",\"datePublished\":\"2011-12-28T15:00:42+00:00\",\"dateModified\":\"2019-08-01T12:53:27+00:00\",\"mainEntityOfPage\":{\"@id\":\"https:\/\/www.gold.fr\/news\/2011\/12\/28\/le-metal-jaune-a-t-il-fini-de-briller\/\"},\"wordCount\":249,\"commentCount\":0,\"image\":{\"@id\":\"https:\/\/www.gold.fr\/news\/2011\/12\/28\/le-metal-jaune-a-t-il-fini-de-briller\/#primaryimage\"},\"thumbnailUrl\":\"https:\/\/www.gold.fr\/news\/wp-content\/uploads\/2011\/12\/or-valeur-refuge.jpg\",\"keywords\":[\"Achat d'Or\",\"Or\",\"Valeur refuge\"],\"articleSection\":[\"Articles de presse\"],\"inLanguage\":\"fr-FR\"},{\"@type\":\"WebPage\",\"@id\":\"https:\/\/www.gold.fr\/news\/2011\/12\/28\/le-metal-jaune-a-t-il-fini-de-briller\/\",\"url\":\"https:\/\/www.gold.fr\/news\/2011\/12\/28\/le-metal-jaune-a-t-il-fini-de-briller\/\",\"name\":\"Le m\u00e9tal jaune a-t-il fini de briller ? - Gold.fr\",\"isPartOf\":{\"@id\":\"https:\/\/www.gold.fr\/news\/#website\"},\"primaryImageOfPage\":{\"@id\":\"https:\/\/www.gold.fr\/news\/2011\/12\/28\/le-metal-jaune-a-t-il-fini-de-briller\/#primaryimage\"},\"image\":{\"@id\":\"https:\/\/www.gold.fr\/news\/2011\/12\/28\/le-metal-jaune-a-t-il-fini-de-briller\/#primaryimage\"},\"thumbnailUrl\":\"https:\/\/www.gold.fr\/news\/wp-content\/uploads\/2011\/12\/or-valeur-refuge.jpg\",\"datePublished\":\"2011-12-28T15:00:42+00:00\",\"dateModified\":\"2019-08-01T12:53:27+00:00\",\"author\":{\"@id\":\"https:\/\/www.gold.fr\/news\/#\/schema\/person\/c8078299be948664edf777ff2366b727\"},\"description\":\"Le m\u00e9tal jaune a-t-il fini de briller ? D\u00e9couvrez toute l'actualit\u00e9 sur les m\u00e9taux pr\u00e9cieux et l'impact sur le cours de l'or, de l'argent, du palladium et du platine en direct sur Gold.fr.\",\"breadcrumb\":{\"@id\":\"https:\/\/www.gold.fr\/news\/2011\/12\/28\/le-metal-jaune-a-t-il-fini-de-briller\/#breadcrumb\"},\"inLanguage\":\"fr-FR\",\"potentialAction\":[{\"@type\":\"ReadAction\",\"target\":[\"https:\/\/www.gold.fr\/news\/2011\/12\/28\/le-metal-jaune-a-t-il-fini-de-briller\/\"]}]},{\"@type\":\"ImageObject\",\"inLanguage\":\"fr-FR\",\"@id\":\"https:\/\/www.gold.fr\/news\/2011\/12\/28\/le-metal-jaune-a-t-il-fini-de-briller\/#primaryimage\",\"url\":\"https:\/\/www.gold.fr\/news\/wp-content\/uploads\/2011\/12\/or-valeur-refuge.jpg\",\"contentUrl\":\"https:\/\/www.gold.fr\/news\/wp-content\/uploads\/2011\/12\/or-valeur-refuge.jpg\",\"width\":\"600\",\"height\":\"401\",\"caption\":\"L\u2019or port\u00e9 par sa valeur refuge\"},{\"@type\":\"BreadcrumbList\",\"@id\":\"https:\/\/www.gold.fr\/news\/2011\/12\/28\/le-metal-jaune-a-t-il-fini-de-briller\/#breadcrumb\",\"itemListElement\":[{\"@type\":\"ListItem\",\"position\":1,\"name\":\"Accueil\",\"item\":\"https:\/\/www.gold.fr\/\"},{\"@type\":\"ListItem\",\"position\":2,\"name\":\"Actualit\u00e9s\",\"item\":\"https:\/\/www.gold.fr\/news\/\"},{\"@type\":\"ListItem\",\"position\":3,\"name\":\"Le m\u00e9tal jaune a-t-il fini de briller ?\"}]},{\"@type\":\"WebSite\",\"@id\":\"https:\/\/www.gold.fr\/news\/#website\",\"url\":\"https:\/\/www.gold.fr\/news\/\",\"name\":\"Gold.fr\",\"description\":\"Actualit\u00e9s de l&#039;Or et des m\u00e9taux pr\u00e9cieux\",\"potentialAction\":[{\"@type\":\"SearchAction\",\"target\":{\"@type\":\"EntryPoint\",\"urlTemplate\":\"https:\/\/www.gold.fr\/news\/?s={search_term_string}\"},\"query-input\":{\"@type\":\"PropertyValueSpecification\",\"valueRequired\":true,\"valueName\":\"search_term_string\"}}],\"inLanguage\":\"fr-FR\"},{\"@type\":\"Person\",\"@id\":\"https:\/\/www.gold.fr\/news\/#\/schema\/person\/c8078299be948664edf777ff2366b727\",\"name\":\"Anthony\",\"image\":{\"@type\":\"ImageObject\",\"inLanguage\":\"fr-FR\",\"@id\":\"https:\/\/www.gold.fr\/news\/#\/schema\/person\/image\/bc5324aff3d366843e00df00c899c1a8\",\"url\":\"https:\/\/secure.gravatar.com\/avatar\/19974f7c75da5f0b217374f3a37eb05031e41aaad4ceb3fe17ada2ab3daf6b95?s=96&d=mm&r=g\",\"contentUrl\":\"https:\/\/secure.gravatar.com\/avatar\/19974f7c75da5f0b217374f3a37eb05031e41aaad4ceb3fe17ada2ab3daf6b95?s=96&d=mm&r=g\",\"caption\":\"Anthony\"},\"description\":\"Notre r\u00e9daction est constitu\u00e9e de membres experts dans les m\u00e9tiers de l'\u00e9conomie et la gestion, des Responsables d'agence Comptoir National de l'Or, des analystes financiers qui publient r\u00e9guli\u00e8rement des \u00e9tudes sur les politiques des banques centrales, le cours de l'or, le cours de l'argent, cours du platine, cours du palladium... la situation en zone euro et l'impact de la strat\u00e9gie mon\u00e9taire de la FED. Notre \u00e9quipe scrute \u00e9galement une information plus g\u00e9n\u00e9raliste \u00e0 la recherche d'actualit\u00e9 \\\"p\u00e9pite\\\" \u00e0 vous partager. Depuis 5 ans, nous avons publi\u00e9 un peu plus de 4000 articles qui s'adressent \u00e0 un public large et vari\u00e9 ayant pour objectif de satisfaire votre curiosit\u00e9 et de partager avec vous une certaine fascination pour le m\u00e9tal jaune, pour ceux qui veulent investir dans l'or, vendre leur or tout simplement en savoir plus...\",\"sameAs\":[\"https:\/\/www.gold.fr\/news\"]}]}<\/script>\n<!-- \/ Yoast SEO plugin. -->","yoast_head_json":{"title":"Le m\u00e9tal jaune a-t-il fini de briller ? - Gold.fr","description":"Le m\u00e9tal jaune a-t-il fini de briller ? D\u00e9couvrez toute l'actualit\u00e9 sur les m\u00e9taux pr\u00e9cieux et l'impact sur le cours de l'or, de l'argent, du palladium et du platine en direct sur Gold.fr.","robots":{"index":"index","follow":"follow","max-snippet":"max-snippet:-1","max-image-preview":"max-image-preview:large","max-video-preview":"max-video-preview:-1"},"canonical":"https:\/\/www.gold.fr\/news\/2011\/12\/28\/le-metal-jaune-a-t-il-fini-de-briller\/","og_locale":"fr_FR","og_type":"article","og_title":"Le m\u00e9tal jaune a-t-il fini de briller ? - Gold.fr","og_description":"Le m\u00e9tal jaune a-t-il fini de briller ? D\u00e9couvrez toute l'actualit\u00e9 sur les m\u00e9taux pr\u00e9cieux et l'impact sur le cours de l'or, de l'argent, du palladium et du platine en direct sur Gold.fr.","og_url":"https:\/\/www.gold.fr\/news\/2011\/12\/28\/le-metal-jaune-a-t-il-fini-de-briller\/","og_site_name":"Gold.fr","article_publisher":"https:\/\/www.facebook.com\/Goldfr\/","article_published_time":"2011-12-28T15:00:42+00:00","article_modified_time":"2019-08-01T12:53:27+00:00","og_image":[{"width":600,"height":401,"url":"https:\/\/www.gold.fr\/news\/wp-content\/uploads\/2011\/12\/or-valeur-refuge.jpg","type":"image\/jpeg"}],"author":"Anthony","twitter_card":"summary_large_image","twitter_misc":{"\u00c9crit par":"Anthony","Dur\u00e9e de lecture estim\u00e9e":"1 minute"},"schema":{"@context":"https:\/\/schema.org","@graph":[{"@type":"Article","@id":"https:\/\/www.gold.fr\/news\/2011\/12\/28\/le-metal-jaune-a-t-il-fini-de-briller\/#article","isPartOf":{"@id":"https:\/\/www.gold.fr\/news\/2011\/12\/28\/le-metal-jaune-a-t-il-fini-de-briller\/"},"author":{"name":"Anthony","@id":"https:\/\/www.gold.fr\/news\/#\/schema\/person\/c8078299be948664edf777ff2366b727"},"headline":"Le m\u00e9tal jaune a-t-il fini de briller ?","datePublished":"2011-12-28T15:00:42+00:00","dateModified":"2019-08-01T12:53:27+00:00","mainEntityOfPage":{"@id":"https:\/\/www.gold.fr\/news\/2011\/12\/28\/le-metal-jaune-a-t-il-fini-de-briller\/"},"wordCount":249,"commentCount":0,"image":{"@id":"https:\/\/www.gold.fr\/news\/2011\/12\/28\/le-metal-jaune-a-t-il-fini-de-briller\/#primaryimage"},"thumbnailUrl":"https:\/\/www.gold.fr\/news\/wp-content\/uploads\/2011\/12\/or-valeur-refuge.jpg","keywords":["Achat d'Or","Or","Valeur refuge"],"articleSection":["Articles de presse"],"inLanguage":"fr-FR"},{"@type":"WebPage","@id":"https:\/\/www.gold.fr\/news\/2011\/12\/28\/le-metal-jaune-a-t-il-fini-de-briller\/","url":"https:\/\/www.gold.fr\/news\/2011\/12\/28\/le-metal-jaune-a-t-il-fini-de-briller\/","name":"Le m\u00e9tal jaune a-t-il fini de briller ? - Gold.fr","isPartOf":{"@id":"https:\/\/www.gold.fr\/news\/#website"},"primaryImageOfPage":{"@id":"https:\/\/www.gold.fr\/news\/2011\/12\/28\/le-metal-jaune-a-t-il-fini-de-briller\/#primaryimage"},"image":{"@id":"https:\/\/www.gold.fr\/news\/2011\/12\/28\/le-metal-jaune-a-t-il-fini-de-briller\/#primaryimage"},"thumbnailUrl":"https:\/\/www.gold.fr\/news\/wp-content\/uploads\/2011\/12\/or-valeur-refuge.jpg","datePublished":"2011-12-28T15:00:42+00:00","dateModified":"2019-08-01T12:53:27+00:00","author":{"@id":"https:\/\/www.gold.fr\/news\/#\/schema\/person\/c8078299be948664edf777ff2366b727"},"description":"Le m\u00e9tal jaune a-t-il fini de briller ? D\u00e9couvrez toute l'actualit\u00e9 sur les m\u00e9taux pr\u00e9cieux et l'impact sur le cours de l'or, de l'argent, du palladium et du platine en direct sur Gold.fr.","breadcrumb":{"@id":"https:\/\/www.gold.fr\/news\/2011\/12\/28\/le-metal-jaune-a-t-il-fini-de-briller\/#breadcrumb"},"inLanguage":"fr-FR","potentialAction":[{"@type":"ReadAction","target":["https:\/\/www.gold.fr\/news\/2011\/12\/28\/le-metal-jaune-a-t-il-fini-de-briller\/"]}]},{"@type":"ImageObject","inLanguage":"fr-FR","@id":"https:\/\/www.gold.fr\/news\/2011\/12\/28\/le-metal-jaune-a-t-il-fini-de-briller\/#primaryimage","url":"https:\/\/www.gold.fr\/news\/wp-content\/uploads\/2011\/12\/or-valeur-refuge.jpg","contentUrl":"https:\/\/www.gold.fr\/news\/wp-content\/uploads\/2011\/12\/or-valeur-refuge.jpg","width":"600","height":"401","caption":"L\u2019or port\u00e9 par sa valeur refuge"},{"@type":"BreadcrumbList","@id":"https:\/\/www.gold.fr\/news\/2011\/12\/28\/le-metal-jaune-a-t-il-fini-de-briller\/#breadcrumb","itemListElement":[{"@type":"ListItem","position":1,"name":"Accueil","item":"https:\/\/www.gold.fr\/"},{"@type":"ListItem","position":2,"name":"Actualit\u00e9s","item":"https:\/\/www.gold.fr\/news\/"},{"@type":"ListItem","position":3,"name":"Le m\u00e9tal jaune a-t-il fini de briller ?"}]},{"@type":"WebSite","@id":"https:\/\/www.gold.fr\/news\/#website","url":"https:\/\/www.gold.fr\/news\/","name":"Gold.fr","description":"Actualit\u00e9s de l&#039;Or et des m\u00e9taux pr\u00e9cieux","potentialAction":[{"@type":"SearchAction","target":{"@type":"EntryPoint","urlTemplate":"https:\/\/www.gold.fr\/news\/?s={search_term_string}"},"query-input":{"@type":"PropertyValueSpecification","valueRequired":true,"valueName":"search_term_string"}}],"inLanguage":"fr-FR"},{"@type":"Person","@id":"https:\/\/www.gold.fr\/news\/#\/schema\/person\/c8078299be948664edf777ff2366b727","name":"Anthony","image":{"@type":"ImageObject","inLanguage":"fr-FR","@id":"https:\/\/www.gold.fr\/news\/#\/schema\/person\/image\/bc5324aff3d366843e00df00c899c1a8","url":"https:\/\/secure.gravatar.com\/avatar\/19974f7c75da5f0b217374f3a37eb05031e41aaad4ceb3fe17ada2ab3daf6b95?s=96&d=mm&r=g","contentUrl":"https:\/\/secure.gravatar.com\/avatar\/19974f7c75da5f0b217374f3a37eb05031e41aaad4ceb3fe17ada2ab3daf6b95?s=96&d=mm&r=g","caption":"Anthony"},"description":"Notre r\u00e9daction est constitu\u00e9e de membres experts dans les m\u00e9tiers de l'\u00e9conomie et la gestion, des Responsables d'agence Comptoir National de l'Or, des analystes financiers qui publient r\u00e9guli\u00e8rement des \u00e9tudes sur les politiques des banques centrales, le cours de l'or, le cours de l'argent, cours du platine, cours du palladium... la situation en zone euro et l'impact de la strat\u00e9gie mon\u00e9taire de la FED. Notre \u00e9quipe scrute \u00e9galement une information plus g\u00e9n\u00e9raliste \u00e0 la recherche d'actualit\u00e9 \"p\u00e9pite\" \u00e0 vous partager. Depuis 5 ans, nous avons publi\u00e9 un peu plus de 4000 articles qui s'adressent \u00e0 un public large et vari\u00e9 ayant pour objectif de satisfaire votre curiosit\u00e9 et de partager avec vous une certaine fascination pour le m\u00e9tal jaune, pour ceux qui veulent investir dans l'or, vendre leur or tout simplement en savoir plus...","sameAs":["https:\/\/www.gold.fr\/news"]}]}},"authors":[{"term_id":2562,"user_id":11,"is_guest":0,"slug":"anthony","display_name":"Anthony","avatar_url":"https:\/\/secure.gravatar.com\/avatar\/19974f7c75da5f0b217374f3a37eb05031e41aaad4ceb3fe17ada2ab3daf6b95?s=96&d=mm&r=g","0":null,"1":"","2":"","3":"","4":"","5":"","6":"","7":"","8":""}],"_links":{"self":[{"href":"https:\/\/www.gold.fr\/news\/wp-json\/wp\/v2\/posts\/4662","targetHints":{"allow":["GET"]}}],"collection":[{"href":"https:\/\/www.gold.fr\/news\/wp-json\/wp\/v2\/posts"}],"about":[{"href":"https:\/\/www.gold.fr\/news\/wp-json\/wp\/v2\/types\/post"}],"author":[{"embeddable":true,"href":"https:\/\/www.gold.fr\/news\/wp-json\/wp\/v2\/users\/11"}],"replies":[{"embeddable":true,"href":"https:\/\/www.gold.fr\/news\/wp-json\/wp\/v2\/comments?post=4662"}],"version-history":[{"count":0,"href":"https:\/\/www.gold.fr\/news\/wp-json\/wp\/v2\/posts\/4662\/revisions"}],"wp:featuredmedia":[{"embeddable":true,"href":"https:\/\/www.gold.fr\/news\/wp-json\/wp\/v2\/media\/4670"}],"wp:attachment":[{"href":"https:\/\/www.gold.fr\/news\/wp-json\/wp\/v2\/media?parent=4662"}],"wp:term":[{"taxonomy":"category","embeddable":true,"href":"https:\/\/www.gold.fr\/news\/wp-json\/wp\/v2\/categories?post=4662"},{"taxonomy":"post_tag","embeddable":true,"href":"https:\/\/www.gold.fr\/news\/wp-json\/wp\/v2\/tags?post=4662"},{"taxonomy":"author","embeddable":true,"href":"https:\/\/www.gold.fr\/news\/wp-json\/wp\/v2\/ppma_author?post=4662"}],"curies":[{"name":"wp","href":"https:\/\/api.w.org\/{rel}","templated":true}]}}