{"id":4575,"date":"2011-12-22T16:00:00","date_gmt":"2011-12-22T15:00:00","guid":{"rendered":"http:\/\/news.gold.fr\/?p=4575"},"modified":"2021-02-04T15:45:50","modified_gmt":"2021-02-04T14:45:50","slug":"grece-la-brigade-financiere-protege-le-commerce-aurifere","status":"publish","type":"post","link":"https:\/\/www.gold.fr\/news\/2011\/12\/22\/grece-la-brigade-financiere-protege-le-commerce-aurifere\/","title":{"rendered":"Gr\u00e8ce \u2013 La brigade financi\u00e8re prot\u00e8ge le commerce aurif\u00e8re"},"content":{"rendered":"<p style=\"text-align: justify;\"><span style=\"font-family: verdana, geneva;\"><img loading=\"lazy\" decoding=\"async\" class=\"alignleft wp-image-4577 size-thumbnail\" style=\"border-image: initial; float: left; margin: 5px; border: 1px solid black;\" title=\"vente d'or gr\u00e8ce\" src=\"https:\/\/www.gold.fr\/news\/wp-content\/uploads\/2011\/12\/Sans-titre-3-298x298.jpg\" alt=\"vente d'or gr\u00e8ce\" width=\"298\" height=\"298\" srcset=\"https:\/\/www.gold.fr\/news\/wp-content\/uploads\/2011\/12\/Sans-titre-3-298x298.jpg 298w, https:\/\/www.gold.fr\/news\/wp-content\/uploads\/2011\/12\/Sans-titre-3-1x1.jpg 1w\" sizes=\"auto, (max-width: 298px) 100vw, 298px\" \/><span style=\"font-size: small;\">Au total, 60 officines ou cha\u00eene d&rsquo;officines \u00ab parall\u00e8les \u00bb ont \u00e9t\u00e9 soumises \u00e0 investigation rigoureuse impos\u00e9e par la brigade financi\u00e8re grecque. L&rsquo;enqu\u00eate est men\u00e9e pour d\u00e9manteler un trafic souterrain d&rsquo;<strong><a class=\"esk-seo-plu-link\" href=\"https:\/\/www.gold.fr\/news\/tags\/or\">or<\/a><\/strong> \u00e0 destination de l&rsquo;Allemagne. Notons que 48 des 60 structures investigu\u00e9es se sont av\u00e9r\u00e9es \u00eatre en totale ou partielle infraction.<\/span><\/span><\/p>\n<p style=\"text-align: justify;\"><span style=\"font-family: verdana, geneva; font-size: small;\">Et il semblerait que la brigade financi\u00e8re soit sur le point d&rsquo;avoir une ann\u00e9e 2012 tr\u00e8s charg\u00e9e. Entre la crise persistante qui a mis l&rsquo;\u00e9conomie du pays \u00e0 genoux, et le gouvernement qui peine \u00e0 trouver ne serait-ce que des solutions temporaires, ce sont les citoyens qui finissent par payer le prix fort. La pauvret\u00e9 \u00e9tend ses sombres ailes au dessus du pays \u00e0 une vitesse alarmante. La r\u00e9cession fait rage en Gr\u00e8ce et c&rsquo;est dans les rues que l&rsquo;impact se ressent le plus.<\/span><\/p>\n<p style=\"text-align: justify;\"><span style=\"font-family: verdana, geneva; font-size: small;\">Dos au mur, les citoyens vendent leurs biens, tout ce qui peut leur offrir un semblant de liquidit\u00e9 pour survivre au jour le jour. C&rsquo;est \u00e0 ce stade que la <strong><a href=\"https:\/\/www.gold.fr\/vente-or\/\" target=\"_blank\" rel=\"noopener noreferrer\">vente d&rsquo;or<\/a><\/strong> devient la solution id\u00e9ale. Une m\u00e8re de famille justifie la vente des <a class=\"esk-seo-plu-link\" href=\"https:\/\/www.gold.fr\/news\/tags\/monnaie-de-paris\">m\u00e9dailles<\/a> en <strong><a class=\"esk-seo-plu-link\" href=\"https:\/\/www.gold.fr\/news\/tags\/or\">or<\/a><\/strong> de bapt\u00eames de ses enfants ; \u00ab Quand on est au ch\u00f4mage, et qu&rsquo;on doit payer les factures d&rsquo;\u00e9lectricit\u00e9, les imp\u00f4ts, les cours particuliers des enfants, il n&rsquo;y a souvent pas d&rsquo;autre solution \u00bb.<\/span><\/p>\n<!-- AddThis Advanced Settings generic via filter on the_content --><!-- AddThis Share Buttons generic via filter on the_content -->","protected":false},"excerpt":{"rendered":"<p>Au total, 60 officines ou cha\u00eene d&rsquo;officines \u00ab parall\u00e8les \u00bb ont \u00e9t\u00e9 soumises \u00e0 investigation rigoureuse impos\u00e9e par la brigade financi\u00e8re grecque. L&rsquo;enqu\u00eate est men\u00e9e pour d\u00e9manteler un trafic souterrain d&rsquo;or \u00e0 destination de l&rsquo;Allemagne. Notons que 48 des 60 structures investigu\u00e9es se sont av\u00e9r\u00e9es \u00eatre en totale ou partielle infraction.<\/p>\n","protected":false},"author":11,"featured_media":4577,"comment_status":"closed","ping_status":"closed","sticky":false,"template":"","format":"standard","meta":{"_mbp_gutenberg_autopost":false,"_pgmb_is_evergreen":false,"_pgmb_ap_template_id":0,"footnotes":""},"categories":[6],"tags":[130,224,18],"ppma_author":[2562],"class_list":["post-4575","post","type-post","status-publish","format-standard","has-post-thumbnail","hentry","category-articles-de-presse","tag-crise-economique","tag-grece","tag-vente-dor"],"yoast_head":"<!-- This site is optimized with the Yoast SEO plugin v27.5 - https:\/\/yoast.com\/product\/yoast-seo-wordpress\/ -->\n<title>Gr\u00e8ce \u2013 La brigade financi\u00e8re prot\u00e8ge le commerce aurif\u00e8re - Gold.fr<\/title>\n<meta name=\"description\" content=\"Au total, 60 officines ou cha\u00eene d\u2019officines \u00ab parall\u00e8les \u00bb ont \u00e9t\u00e9 soumises \u00e0 investigation pour d\u00e9manteler un trafic souterrain d&#039;or\" \/>\n<meta name=\"robots\" content=\"index, follow, max-snippet:-1, max-image-preview:large, max-video-preview:-1\" \/>\n<link rel=\"canonical\" href=\"https:\/\/www.gold.fr\/news\/2011\/12\/22\/grece-la-brigade-financiere-protege-le-commerce-aurifere\/\" \/>\n<meta property=\"og:locale\" content=\"fr_FR\" \/>\n<meta property=\"og:type\" content=\"article\" \/>\n<meta property=\"og:title\" content=\"Gr\u00e8ce \u2013 La brigade financi\u00e8re prot\u00e8ge le commerce aurif\u00e8re - Gold.fr\" \/>\n<meta property=\"og:description\" content=\"Au total, 60 officines ou cha\u00eene d\u2019officines \u00ab parall\u00e8les \u00bb ont \u00e9t\u00e9 soumises \u00e0 investigation pour d\u00e9manteler un trafic souterrain d&#039;or\" \/>\n<meta property=\"og:url\" content=\"https:\/\/www.gold.fr\/news\/2011\/12\/22\/grece-la-brigade-financiere-protege-le-commerce-aurifere\/\" \/>\n<meta property=\"og:site_name\" content=\"Gold.fr\" \/>\n<meta property=\"article:publisher\" content=\"https:\/\/www.facebook.com\/Goldfr\/\" \/>\n<meta property=\"article:published_time\" content=\"2011-12-22T15:00:00+00:00\" \/>\n<meta property=\"article:modified_time\" content=\"2021-02-04T14:45:50+00:00\" \/>\n<meta property=\"og:image\" content=\"https:\/\/www.gold.fr\/news\/wp-content\/uploads\/2011\/12\/Sans-titre-3.jpg\" \/>\n\t<meta property=\"og:image:width\" content=\"600\" \/>\n\t<meta property=\"og:image:height\" content=\"357\" \/>\n\t<meta property=\"og:image:type\" content=\"image\/jpeg\" \/>\n<meta name=\"author\" content=\"Anthony\" \/>\n<meta name=\"twitter:card\" content=\"summary_large_image\" \/>\n<meta name=\"twitter:label1\" content=\"\u00c9crit par\" \/>\n\t<meta name=\"twitter:data1\" content=\"Anthony\" \/>\n\t<meta name=\"twitter:label2\" content=\"Dur\u00e9e de lecture estim\u00e9e\" \/>\n\t<meta name=\"twitter:data2\" content=\"1 minute\" \/>\n<script type=\"application\/ld+json\" class=\"yoast-schema-graph\">{\"@context\":\"https:\\\/\\\/schema.org\",\"@graph\":[{\"@type\":\"Article\",\"@id\":\"https:\\\/\\\/www.gold.fr\\\/news\\\/2011\\\/12\\\/22\\\/grece-la-brigade-financiere-protege-le-commerce-aurifere\\\/#article\",\"isPartOf\":{\"@id\":\"https:\\\/\\\/www.gold.fr\\\/news\\\/2011\\\/12\\\/22\\\/grece-la-brigade-financiere-protege-le-commerce-aurifere\\\/\"},\"author\":{\"name\":\"Anthony\",\"@id\":\"https:\\\/\\\/www.gold.fr\\\/news\\\/#\\\/schema\\\/person\\\/feb6458ffd7bceeeb4e228398c34fbe5\"},\"headline\":\"Gr\u00e8ce \u2013 La brigade financi\u00e8re prot\u00e8ge le commerce aurif\u00e8re\",\"datePublished\":\"2011-12-22T15:00:00+00:00\",\"dateModified\":\"2021-02-04T14:45:50+00:00\",\"mainEntityOfPage\":{\"@id\":\"https:\\\/\\\/www.gold.fr\\\/news\\\/2011\\\/12\\\/22\\\/grece-la-brigade-financiere-protege-le-commerce-aurifere\\\/\"},\"wordCount\":249,\"image\":{\"@id\":\"https:\\\/\\\/www.gold.fr\\\/news\\\/2011\\\/12\\\/22\\\/grece-la-brigade-financiere-protege-le-commerce-aurifere\\\/#primaryimage\"},\"thumbnailUrl\":\"https:\\\/\\\/www.gold.fr\\\/news\\\/wp-content\\\/uploads\\\/2011\\\/12\\\/Sans-titre-3.jpg\",\"keywords\":[\"crise \u00e9conomique\",\"Gr\u00e8ce\",\"Vente d'Or\"],\"articleSection\":[\"Articles de presse\"],\"inLanguage\":\"fr-FR\"},{\"@type\":\"WebPage\",\"@id\":\"https:\\\/\\\/www.gold.fr\\\/news\\\/2011\\\/12\\\/22\\\/grece-la-brigade-financiere-protege-le-commerce-aurifere\\\/\",\"url\":\"https:\\\/\\\/www.gold.fr\\\/news\\\/2011\\\/12\\\/22\\\/grece-la-brigade-financiere-protege-le-commerce-aurifere\\\/\",\"name\":\"Gr\u00e8ce \u2013 La brigade financi\u00e8re prot\u00e8ge le commerce aurif\u00e8re - Gold.fr\",\"isPartOf\":{\"@id\":\"https:\\\/\\\/www.gold.fr\\\/news\\\/#website\"},\"primaryImageOfPage\":{\"@id\":\"https:\\\/\\\/www.gold.fr\\\/news\\\/2011\\\/12\\\/22\\\/grece-la-brigade-financiere-protege-le-commerce-aurifere\\\/#primaryimage\"},\"image\":{\"@id\":\"https:\\\/\\\/www.gold.fr\\\/news\\\/2011\\\/12\\\/22\\\/grece-la-brigade-financiere-protege-le-commerce-aurifere\\\/#primaryimage\"},\"thumbnailUrl\":\"https:\\\/\\\/www.gold.fr\\\/news\\\/wp-content\\\/uploads\\\/2011\\\/12\\\/Sans-titre-3.jpg\",\"datePublished\":\"2011-12-22T15:00:00+00:00\",\"dateModified\":\"2021-02-04T14:45:50+00:00\",\"author\":{\"@id\":\"https:\\\/\\\/www.gold.fr\\\/news\\\/#\\\/schema\\\/person\\\/feb6458ffd7bceeeb4e228398c34fbe5\"},\"description\":\"Au total, 60 officines ou cha\u00eene d\u2019officines \u00ab parall\u00e8les \u00bb ont \u00e9t\u00e9 soumises \u00e0 investigation pour d\u00e9manteler un trafic souterrain d'or\",\"breadcrumb\":{\"@id\":\"https:\\\/\\\/www.gold.fr\\\/news\\\/2011\\\/12\\\/22\\\/grece-la-brigade-financiere-protege-le-commerce-aurifere\\\/#breadcrumb\"},\"inLanguage\":\"fr-FR\",\"potentialAction\":[{\"@type\":\"ReadAction\",\"target\":[\"https:\\\/\\\/www.gold.fr\\\/news\\\/2011\\\/12\\\/22\\\/grece-la-brigade-financiere-protege-le-commerce-aurifere\\\/\"]}]},{\"@type\":\"ImageObject\",\"inLanguage\":\"fr-FR\",\"@id\":\"https:\\\/\\\/www.gold.fr\\\/news\\\/2011\\\/12\\\/22\\\/grece-la-brigade-financiere-protege-le-commerce-aurifere\\\/#primaryimage\",\"url\":\"https:\\\/\\\/www.gold.fr\\\/news\\\/wp-content\\\/uploads\\\/2011\\\/12\\\/Sans-titre-3.jpg\",\"contentUrl\":\"https:\\\/\\\/www.gold.fr\\\/news\\\/wp-content\\\/uploads\\\/2011\\\/12\\\/Sans-titre-3.jpg\",\"width\":\"600\",\"height\":\"357\",\"caption\":\"or brigade financi\u00e8re gr\u00e8ce\"},{\"@type\":\"BreadcrumbList\",\"@id\":\"https:\\\/\\\/www.gold.fr\\\/news\\\/2011\\\/12\\\/22\\\/grece-la-brigade-financiere-protege-le-commerce-aurifere\\\/#breadcrumb\",\"itemListElement\":[{\"@type\":\"ListItem\",\"position\":1,\"name\":\"Accueil\",\"item\":\"https:\\\/\\\/www.gold.fr\\\/\"},{\"@type\":\"ListItem\",\"position\":2,\"name\":\"Actualit\u00e9s\",\"item\":\"https:\\\/\\\/www.gold.fr\\\/news\\\/\"},{\"@type\":\"ListItem\",\"position\":3,\"name\":\"Gr\u00e8ce \u2013 La brigade financi\u00e8re prot\u00e8ge le commerce aurif\u00e8re\"}]},{\"@type\":\"WebSite\",\"@id\":\"https:\\\/\\\/www.gold.fr\\\/news\\\/#website\",\"url\":\"https:\\\/\\\/www.gold.fr\\\/news\\\/\",\"name\":\"Gold.fr\",\"description\":\"Actualit\u00e9s de l&#039;Or et des m\u00e9taux pr\u00e9cieux\",\"potentialAction\":[{\"@type\":\"SearchAction\",\"target\":{\"@type\":\"EntryPoint\",\"urlTemplate\":\"https:\\\/\\\/www.gold.fr\\\/news\\\/?s={search_term_string}\"},\"query-input\":{\"@type\":\"PropertyValueSpecification\",\"valueRequired\":true,\"valueName\":\"search_term_string\"}}],\"inLanguage\":\"fr-FR\"},{\"@type\":\"Person\",\"@id\":\"https:\\\/\\\/www.gold.fr\\\/news\\\/#\\\/schema\\\/person\\\/feb6458ffd7bceeeb4e228398c34fbe5\",\"name\":\"Anthony\",\"image\":{\"@type\":\"ImageObject\",\"inLanguage\":\"fr-FR\",\"@id\":\"https:\\\/\\\/secure.gravatar.com\\\/avatar\\\/19974f7c75da5f0b217374f3a37eb05031e41aaad4ceb3fe17ada2ab3daf6b95?s=96&d=mm&r=gbc5324aff3d366843e00df00c899c1a8\",\"url\":\"https:\\\/\\\/secure.gravatar.com\\\/avatar\\\/19974f7c75da5f0b217374f3a37eb05031e41aaad4ceb3fe17ada2ab3daf6b95?s=96&d=mm&r=g\",\"contentUrl\":\"https:\\\/\\\/secure.gravatar.com\\\/avatar\\\/19974f7c75da5f0b217374f3a37eb05031e41aaad4ceb3fe17ada2ab3daf6b95?s=96&d=mm&r=g\",\"caption\":\"Anthony\"},\"description\":\"Notre r\u00e9daction est constitu\u00e9e de membres experts dans les m\u00e9tiers de l'\u00e9conomie et la gestion, des Responsables d'agence Comptoir National de l'Or, des analystes financiers qui publient r\u00e9guli\u00e8rement des \u00e9tudes sur les politiques des banques centrales, le cours de l'or, le cours de l'argent, cours du platine, cours du palladium... la situation en zone euro et l'impact de la strat\u00e9gie mon\u00e9taire de la FED. Notre \u00e9quipe scrute \u00e9galement une information plus g\u00e9n\u00e9raliste \u00e0 la recherche d'actualit\u00e9 \\\"p\u00e9pite\\\" \u00e0 vous partager. Depuis 5 ans, nous avons publi\u00e9 un peu plus de 4000 articles qui s'adressent \u00e0 un public large et vari\u00e9 ayant pour objectif de satisfaire votre curiosit\u00e9 et de partager avec vous une certaine fascination pour le m\u00e9tal jaune, pour ceux qui veulent investir dans l'or, vendre leur or tout simplement en savoir plus...\",\"sameAs\":[\"https:\\\/\\\/www.gold.fr\\\/news\"]}]}<\/script>\n<!-- \/ Yoast SEO plugin. -->","yoast_head_json":{"title":"Gr\u00e8ce \u2013 La brigade financi\u00e8re prot\u00e8ge le commerce aurif\u00e8re - Gold.fr","description":"Au total, 60 officines ou cha\u00eene d\u2019officines \u00ab parall\u00e8les \u00bb ont \u00e9t\u00e9 soumises \u00e0 investigation pour d\u00e9manteler un trafic souterrain d'or","robots":{"index":"index","follow":"follow","max-snippet":"max-snippet:-1","max-image-preview":"max-image-preview:large","max-video-preview":"max-video-preview:-1"},"canonical":"https:\/\/www.gold.fr\/news\/2011\/12\/22\/grece-la-brigade-financiere-protege-le-commerce-aurifere\/","og_locale":"fr_FR","og_type":"article","og_title":"Gr\u00e8ce \u2013 La brigade financi\u00e8re prot\u00e8ge le commerce aurif\u00e8re - Gold.fr","og_description":"Au total, 60 officines ou cha\u00eene d\u2019officines \u00ab parall\u00e8les \u00bb ont \u00e9t\u00e9 soumises \u00e0 investigation pour d\u00e9manteler un trafic souterrain d'or","og_url":"https:\/\/www.gold.fr\/news\/2011\/12\/22\/grece-la-brigade-financiere-protege-le-commerce-aurifere\/","og_site_name":"Gold.fr","article_publisher":"https:\/\/www.facebook.com\/Goldfr\/","article_published_time":"2011-12-22T15:00:00+00:00","article_modified_time":"2021-02-04T14:45:50+00:00","og_image":[{"width":600,"height":357,"url":"https:\/\/www.gold.fr\/news\/wp-content\/uploads\/2011\/12\/Sans-titre-3.jpg","type":"image\/jpeg"}],"author":"Anthony","twitter_card":"summary_large_image","twitter_misc":{"\u00c9crit par":"Anthony","Dur\u00e9e de lecture estim\u00e9e":"1 minute"},"schema":{"@context":"https:\/\/schema.org","@graph":[{"@type":"Article","@id":"https:\/\/www.gold.fr\/news\/2011\/12\/22\/grece-la-brigade-financiere-protege-le-commerce-aurifere\/#article","isPartOf":{"@id":"https:\/\/www.gold.fr\/news\/2011\/12\/22\/grece-la-brigade-financiere-protege-le-commerce-aurifere\/"},"author":{"name":"Anthony","@id":"https:\/\/www.gold.fr\/news\/#\/schema\/person\/feb6458ffd7bceeeb4e228398c34fbe5"},"headline":"Gr\u00e8ce \u2013 La brigade financi\u00e8re prot\u00e8ge le commerce aurif\u00e8re","datePublished":"2011-12-22T15:00:00+00:00","dateModified":"2021-02-04T14:45:50+00:00","mainEntityOfPage":{"@id":"https:\/\/www.gold.fr\/news\/2011\/12\/22\/grece-la-brigade-financiere-protege-le-commerce-aurifere\/"},"wordCount":249,"image":{"@id":"https:\/\/www.gold.fr\/news\/2011\/12\/22\/grece-la-brigade-financiere-protege-le-commerce-aurifere\/#primaryimage"},"thumbnailUrl":"https:\/\/www.gold.fr\/news\/wp-content\/uploads\/2011\/12\/Sans-titre-3.jpg","keywords":["crise \u00e9conomique","Gr\u00e8ce","Vente d'Or"],"articleSection":["Articles de presse"],"inLanguage":"fr-FR"},{"@type":"WebPage","@id":"https:\/\/www.gold.fr\/news\/2011\/12\/22\/grece-la-brigade-financiere-protege-le-commerce-aurifere\/","url":"https:\/\/www.gold.fr\/news\/2011\/12\/22\/grece-la-brigade-financiere-protege-le-commerce-aurifere\/","name":"Gr\u00e8ce \u2013 La brigade financi\u00e8re prot\u00e8ge le commerce aurif\u00e8re - Gold.fr","isPartOf":{"@id":"https:\/\/www.gold.fr\/news\/#website"},"primaryImageOfPage":{"@id":"https:\/\/www.gold.fr\/news\/2011\/12\/22\/grece-la-brigade-financiere-protege-le-commerce-aurifere\/#primaryimage"},"image":{"@id":"https:\/\/www.gold.fr\/news\/2011\/12\/22\/grece-la-brigade-financiere-protege-le-commerce-aurifere\/#primaryimage"},"thumbnailUrl":"https:\/\/www.gold.fr\/news\/wp-content\/uploads\/2011\/12\/Sans-titre-3.jpg","datePublished":"2011-12-22T15:00:00+00:00","dateModified":"2021-02-04T14:45:50+00:00","author":{"@id":"https:\/\/www.gold.fr\/news\/#\/schema\/person\/feb6458ffd7bceeeb4e228398c34fbe5"},"description":"Au total, 60 officines ou cha\u00eene d\u2019officines \u00ab parall\u00e8les \u00bb ont \u00e9t\u00e9 soumises \u00e0 investigation pour d\u00e9manteler un trafic souterrain d'or","breadcrumb":{"@id":"https:\/\/www.gold.fr\/news\/2011\/12\/22\/grece-la-brigade-financiere-protege-le-commerce-aurifere\/#breadcrumb"},"inLanguage":"fr-FR","potentialAction":[{"@type":"ReadAction","target":["https:\/\/www.gold.fr\/news\/2011\/12\/22\/grece-la-brigade-financiere-protege-le-commerce-aurifere\/"]}]},{"@type":"ImageObject","inLanguage":"fr-FR","@id":"https:\/\/www.gold.fr\/news\/2011\/12\/22\/grece-la-brigade-financiere-protege-le-commerce-aurifere\/#primaryimage","url":"https:\/\/www.gold.fr\/news\/wp-content\/uploads\/2011\/12\/Sans-titre-3.jpg","contentUrl":"https:\/\/www.gold.fr\/news\/wp-content\/uploads\/2011\/12\/Sans-titre-3.jpg","width":"600","height":"357","caption":"or brigade financi\u00e8re gr\u00e8ce"},{"@type":"BreadcrumbList","@id":"https:\/\/www.gold.fr\/news\/2011\/12\/22\/grece-la-brigade-financiere-protege-le-commerce-aurifere\/#breadcrumb","itemListElement":[{"@type":"ListItem","position":1,"name":"Accueil","item":"https:\/\/www.gold.fr\/"},{"@type":"ListItem","position":2,"name":"Actualit\u00e9s","item":"https:\/\/www.gold.fr\/news\/"},{"@type":"ListItem","position":3,"name":"Gr\u00e8ce \u2013 La brigade financi\u00e8re prot\u00e8ge le commerce aurif\u00e8re"}]},{"@type":"WebSite","@id":"https:\/\/www.gold.fr\/news\/#website","url":"https:\/\/www.gold.fr\/news\/","name":"Gold.fr","description":"Actualit\u00e9s de l&#039;Or et des m\u00e9taux pr\u00e9cieux","potentialAction":[{"@type":"SearchAction","target":{"@type":"EntryPoint","urlTemplate":"https:\/\/www.gold.fr\/news\/?s={search_term_string}"},"query-input":{"@type":"PropertyValueSpecification","valueRequired":true,"valueName":"search_term_string"}}],"inLanguage":"fr-FR"},{"@type":"Person","@id":"https:\/\/www.gold.fr\/news\/#\/schema\/person\/feb6458ffd7bceeeb4e228398c34fbe5","name":"Anthony","image":{"@type":"ImageObject","inLanguage":"fr-FR","@id":"https:\/\/secure.gravatar.com\/avatar\/19974f7c75da5f0b217374f3a37eb05031e41aaad4ceb3fe17ada2ab3daf6b95?s=96&d=mm&r=gbc5324aff3d366843e00df00c899c1a8","url":"https:\/\/secure.gravatar.com\/avatar\/19974f7c75da5f0b217374f3a37eb05031e41aaad4ceb3fe17ada2ab3daf6b95?s=96&d=mm&r=g","contentUrl":"https:\/\/secure.gravatar.com\/avatar\/19974f7c75da5f0b217374f3a37eb05031e41aaad4ceb3fe17ada2ab3daf6b95?s=96&d=mm&r=g","caption":"Anthony"},"description":"Notre r\u00e9daction est constitu\u00e9e de membres experts dans les m\u00e9tiers de l'\u00e9conomie et la gestion, des Responsables d'agence Comptoir National de l'Or, des analystes financiers qui publient r\u00e9guli\u00e8rement des \u00e9tudes sur les politiques des banques centrales, le cours de l'or, le cours de l'argent, cours du platine, cours du palladium... la situation en zone euro et l'impact de la strat\u00e9gie mon\u00e9taire de la FED. Notre \u00e9quipe scrute \u00e9galement une information plus g\u00e9n\u00e9raliste \u00e0 la recherche d'actualit\u00e9 \"p\u00e9pite\" \u00e0 vous partager. Depuis 5 ans, nous avons publi\u00e9 un peu plus de 4000 articles qui s'adressent \u00e0 un public large et vari\u00e9 ayant pour objectif de satisfaire votre curiosit\u00e9 et de partager avec vous une certaine fascination pour le m\u00e9tal jaune, pour ceux qui veulent investir dans l'or, vendre leur or tout simplement en savoir plus...","sameAs":["https:\/\/www.gold.fr\/news"]}]}},"authors":[{"term_id":2562,"user_id":11,"is_guest":0,"slug":"anthony","display_name":"Anthony","avatar_url":"https:\/\/secure.gravatar.com\/avatar\/19974f7c75da5f0b217374f3a37eb05031e41aaad4ceb3fe17ada2ab3daf6b95?s=96&d=mm&r=g","0":null,"1":"","2":"","3":"","4":"","5":"","6":"","7":"","8":""}],"_links":{"self":[{"href":"https:\/\/www.gold.fr\/news\/wp-json\/wp\/v2\/posts\/4575","targetHints":{"allow":["GET"]}}],"collection":[{"href":"https:\/\/www.gold.fr\/news\/wp-json\/wp\/v2\/posts"}],"about":[{"href":"https:\/\/www.gold.fr\/news\/wp-json\/wp\/v2\/types\/post"}],"author":[{"embeddable":true,"href":"https:\/\/www.gold.fr\/news\/wp-json\/wp\/v2\/users\/11"}],"replies":[{"embeddable":true,"href":"https:\/\/www.gold.fr\/news\/wp-json\/wp\/v2\/comments?post=4575"}],"version-history":[{"count":0,"href":"https:\/\/www.gold.fr\/news\/wp-json\/wp\/v2\/posts\/4575\/revisions"}],"wp:featuredmedia":[{"embeddable":true,"href":"https:\/\/www.gold.fr\/news\/wp-json\/wp\/v2\/media\/4577"}],"wp:attachment":[{"href":"https:\/\/www.gold.fr\/news\/wp-json\/wp\/v2\/media?parent=4575"}],"wp:term":[{"taxonomy":"category","embeddable":true,"href":"https:\/\/www.gold.fr\/news\/wp-json\/wp\/v2\/categories?post=4575"},{"taxonomy":"post_tag","embeddable":true,"href":"https:\/\/www.gold.fr\/news\/wp-json\/wp\/v2\/tags?post=4575"},{"taxonomy":"author","embeddable":true,"href":"https:\/\/www.gold.fr\/news\/wp-json\/wp\/v2\/ppma_author?post=4575"}],"curies":[{"name":"wp","href":"https:\/\/api.w.org\/{rel}","templated":true}]}}