{"id":4544,"date":"2011-12-21T12:00:09","date_gmt":"2011-12-21T11:00:09","guid":{"rendered":"http:\/\/news.gold.fr\/?p=4544"},"modified":"2021-02-04T14:40:51","modified_gmt":"2021-02-04T13:40:51","slug":"le-commerce-parallele-dor-a-athenes","status":"publish","type":"post","link":"https:\/\/www.gold.fr\/news\/2011\/12\/21\/le-commerce-parallele-dor-a-athenes\/","title":{"rendered":"Le commerce parall\u00e8le d\u2019or \u00e0 Ath\u00e8nes"},"content":{"rendered":"<p style=\"text-align: justify;\"><span style=\"font-family: verdana, geneva; font-size: small;\"><a href=\"http:\/\/news.gold.fr\/wp-content\/uploads\/2011\/12\/87319963.jpg\"><img loading=\"lazy\" decoding=\"async\" class=\"alignleft size-thumbnail wp-image-4547\" style=\"float: left; border-image: initial; margin: 5px; border: 1px solid black;\" title=\"Gr\u00e8ce-or\" src=\"http:\/\/news.gold.fr\/wp-content\/uploads\/2011\/12\/87319963-150x150.jpg\" alt=\"\" width=\"150\" height=\"150\" \/><\/a>C\u2019est le commerce \u00e0 la mode en Gr\u00e8ce, en ce moment. Profitant de la crise \u00e9conomique nationale majeure et de la vague d\u2019\u00ab\u00a0appauvrissement\u00a0\u00bb qui a, cons\u00e9quemment, frapp\u00e9 une bonne partie de la population, un nouveau march\u00e9 aurif\u00e8re \u00ab\u00a0parall\u00e8le\u00a0\u00bb s\u2019est graduellement \u00e9panoui dans les rues d\u2019Ath\u00e8nes, la capitale grecque.<\/span><\/p>\n<p style=\"text-align: justify;\"><span style=\"font-family: verdana, geneva; font-size: small;\">Tracts publicitaires, n\u00e9ons lumineux et panneaux placard\u00e9s partout sont les armes de s\u00e9duction de ces nouvelles \u00ab\u00a0officines\u00a0\u00bb qui n\u2019ont qu\u2019un seul but\u00a0; <strong>acheter un volume maximum d&rsquo;<a class=\"esk-seo-plu-link\" href=\"https:\/\/www.gold.fr\/news\/tags\/or\">or<\/a><\/strong> en incitant pi\u00e9tons et particuliers \u00e0 <strong>vendre<\/strong> les <strong>bijoux<\/strong> et <strong>objets en <a class=\"esk-seo-plu-link\" href=\"https:\/\/www.gold.fr\/news\/tags\/or\">or<\/a><\/strong> qui sont en leur possession. Du coup, les bo\u00eetes \u00e0 lettres des ath\u00e9niens sont submerg\u00e9es, et les rues pi\u00e9tonnes et les transports en commun de la capitale d\u00e9bordent de ces \u00ab\u00a0acheteurs \u00e0 la petite semaine\u00a0\u00bb qui repr\u00e9sentent d\u00e9sormais une nuisance \u2013et non vraiment une concurrence- pour les agences sp\u00e9cialis\u00e9es.<\/span><\/p>\n<p style=\"text-align: justify;\"><span style=\"font-family: verdana, geneva; font-size: small;\">Il faut avouer que la strat\u00e9gie aurait pu fonctionner\u00a0; les messages publicitaires encourage les citoyens \u00e0 <strong>vendre leur <a class=\"esk-seo-plu-link\" href=\"https:\/\/www.gold.fr\/news\/tags\/or\">or<\/a><\/strong> afin de s\u2019offrir des \u00ab\u00a0vacances de r\u00eave\u00a0\u00bb. L\u00e9ger hic\u00a0; les ath\u00e9niens sont sur leurs gardes, privil\u00e9giant m\u00e9fiance \u00e0 risque, dans un climat \u00e9conomique et politique des plus pr\u00e9caires.<\/span><\/p>\n<p style=\"text-align: justify;\"><span style=\"font-family: verdana, geneva; font-size: small;\">\u00ab\u00a0Il est naturel, pour les particuliers, de se tourner plut\u00f4t vers les <a class=\"esk-seo-plu-link\" href=\"https:\/\/www.gold.fr\/news\/tags\/bijoux-or\">bijouteries<\/a> et <strong>agences de <a href=\"https:\/\/www.gold.fr\/vente-or\/\" target=\"_blank\" rel=\"noopener noreferrer\">vente<\/a> et <a href=\"https:\/\/www.gold.fr\/achat-or\/\" target=\"_blank\" rel=\"noopener noreferrer\">achat d\u2019or<\/a><\/strong>.\u00a0\u00bb, affirme Dominique Auvray, manager de l\u2019agence du Comptoir National de l\u2019<a class=\"esk-seo-plu-link\" href=\"https:\/\/www.gold.fr\/news\/tags\/or\">Or<\/a> d\u2019Orl\u00e9ans. \u00ab\u00a0C\u2019est une question de confiance\u00a0mutuelle ; et c\u2019est une valeur qui se m\u00e9rite et s\u2019\u00e9tablit sur la dur\u00e9e\u00a0\u00bb.<\/span><\/p>\n<p style=\"text-align: justify;\"><span style=\"text-decoration: underline; font-family: verdana, geneva; font-size: small;\"><a href=\"https:\/\/www.gold.fr\/comptoirs-ville\/orleans\/\" target=\"_blank\" rel=\"noopener noreferrer\">Comptoir d&rsquo;achat et vente d&rsquo;Or d\u2019Orl\u00e9ans<\/a><\/span><br \/>\n<span style=\"font-family: verdana, geneva; font-size: small;\"> Adresse : 3 rue Pereira 45000 &#8211; Orl\u00e9ans<\/span><br \/>\n<span style=\"font-family: verdana, geneva; font-size: small;\"> T\u00e9l. fixe : 02.38.42.71.05.<\/span><br \/>\n<span style=\"font-family: verdana, geneva; font-size: small;\"> T\u00e9l. mobile : 06.29.53.64.98.<\/span><\/p>\n<p style=\"text-align: justify;\"><span style=\"font-family: verdana, geneva; font-size: small;\"><a href=\"https:\/\/www.gold.fr\/contact-comptoir\/orleans\/\" target=\"_blank\" rel=\"noopener noreferrer\">&gt;&gt;&gt; contacter ce comptoir<\/a><\/span><\/p>\n<!-- AddThis Advanced Settings generic via filter on the_content --><!-- AddThis Share Buttons generic via filter on the_content -->","protected":false},"excerpt":{"rendered":"<p>C\u2019est le commerce \u00e0 la mode en Gr\u00e8ce, en ce moment. Profitant de la crise \u00e9conomique nationale majeure et de la vague d\u2019\u00ab\u00a0appauvrissement\u00a0\u00bb qui a, cons\u00e9quemment, frapp\u00e9 une bonne partie de la population, un nouveau march\u00e9 aurif\u00e8re \u00ab\u00a0parall\u00e8le\u00a0\u00bb s\u2019est graduellement \u00e9panoui dans les rues d\u2019Ath\u00e8nes, la capitale grecque.<\/p>\n","protected":false},"author":11,"featured_media":4547,"comment_status":"closed","ping_status":"closed","sticky":false,"template":"","format":"standard","meta":{"_mbp_gutenberg_autopost":false,"_pgmb_is_evergreen":false,"_pgmb_ap_template_id":0,"footnotes":""},"categories":[6],"tags":[17,373,130,224,76,18],"ppma_author":[2562],"class_list":["post-4544","post","type-post","status-publish","format-standard","has-post-thumbnail","hentry","category-articles-de-presse","tag-achat-dor","tag-comptoir-national-de-lor-orleans","tag-crise-economique","tag-grece","tag-or","tag-vente-dor"],"yoast_head":"<!-- This site is optimized with the Yoast SEO plugin v27.5 - https:\/\/yoast.com\/product\/yoast-seo-wordpress\/ -->\n<title>Le commerce parall\u00e8le d\u2019or \u00e0 Ath\u00e8nes - Gold.fr<\/title>\n<meta name=\"description\" content=\"C\u2019est le commerce \u00e0 la mode en Gr\u00e8ce, en ce moment. Profitant de la crise \u00e9conomique nationale un nouveau march\u00e9 aurif\u00e8re \u00ab parall\u00e8le \u00bb\" \/>\n<meta name=\"robots\" content=\"index, follow, max-snippet:-1, max-image-preview:large, max-video-preview:-1\" \/>\n<link rel=\"canonical\" href=\"https:\/\/www.gold.fr\/news\/2011\/12\/21\/le-commerce-parallele-dor-a-athenes\/\" \/>\n<meta property=\"og:locale\" content=\"fr_FR\" \/>\n<meta property=\"og:type\" content=\"article\" \/>\n<meta property=\"og:title\" content=\"Le commerce parall\u00e8le d\u2019or \u00e0 Ath\u00e8nes - Gold.fr\" \/>\n<meta property=\"og:description\" content=\"C\u2019est le commerce \u00e0 la mode en Gr\u00e8ce, en ce moment. Profitant de la crise \u00e9conomique nationale un nouveau march\u00e9 aurif\u00e8re \u00ab parall\u00e8le \u00bb\" \/>\n<meta property=\"og:url\" content=\"https:\/\/www.gold.fr\/news\/2011\/12\/21\/le-commerce-parallele-dor-a-athenes\/\" \/>\n<meta property=\"og:site_name\" content=\"Gold.fr\" \/>\n<meta property=\"article:publisher\" content=\"https:\/\/www.facebook.com\/Goldfr\/\" \/>\n<meta property=\"article:published_time\" content=\"2011-12-21T11:00:09+00:00\" \/>\n<meta property=\"article:modified_time\" content=\"2021-02-04T13:40:51+00:00\" \/>\n<meta property=\"og:image\" content=\"https:\/\/www.gold.fr\/news\/wp-content\/uploads\/2011\/12\/87319963.jpg\" \/>\n\t<meta property=\"og:image:width\" content=\"600\" \/>\n\t<meta property=\"og:image:height\" content=\"400\" \/>\n\t<meta property=\"og:image:type\" content=\"image\/jpeg\" \/>\n<meta name=\"author\" content=\"Anthony\" \/>\n<meta name=\"twitter:card\" content=\"summary_large_image\" \/>\n<meta name=\"twitter:label1\" content=\"\u00c9crit par\" \/>\n\t<meta name=\"twitter:data1\" content=\"Anthony\" \/>\n\t<meta name=\"twitter:label2\" content=\"Dur\u00e9e de lecture estim\u00e9e\" \/>\n\t<meta name=\"twitter:data2\" content=\"1 minute\" \/>\n<script type=\"application\/ld+json\" class=\"yoast-schema-graph\">{\"@context\":\"https:\\\/\\\/schema.org\",\"@graph\":[{\"@type\":\"Article\",\"@id\":\"https:\\\/\\\/www.gold.fr\\\/news\\\/2011\\\/12\\\/21\\\/le-commerce-parallele-dor-a-athenes\\\/#article\",\"isPartOf\":{\"@id\":\"https:\\\/\\\/www.gold.fr\\\/news\\\/2011\\\/12\\\/21\\\/le-commerce-parallele-dor-a-athenes\\\/\"},\"author\":{\"name\":\"Anthony\",\"@id\":\"https:\\\/\\\/www.gold.fr\\\/news\\\/#\\\/schema\\\/person\\\/feb6458ffd7bceeeb4e228398c34fbe5\"},\"headline\":\"Le commerce parall\u00e8le d\u2019or \u00e0 Ath\u00e8nes\",\"datePublished\":\"2011-12-21T11:00:09+00:00\",\"dateModified\":\"2021-02-04T13:40:51+00:00\",\"mainEntityOfPage\":{\"@id\":\"https:\\\/\\\/www.gold.fr\\\/news\\\/2011\\\/12\\\/21\\\/le-commerce-parallele-dor-a-athenes\\\/\"},\"wordCount\":308,\"image\":{\"@id\":\"https:\\\/\\\/www.gold.fr\\\/news\\\/2011\\\/12\\\/21\\\/le-commerce-parallele-dor-a-athenes\\\/#primaryimage\"},\"thumbnailUrl\":\"https:\\\/\\\/www.gold.fr\\\/news\\\/wp-content\\\/uploads\\\/2011\\\/12\\\/87319963.jpg\",\"keywords\":[\"Achat d'Or\",\"Comptoir National de l'Or Orl\u00e9ans\",\"crise \u00e9conomique\",\"Gr\u00e8ce\",\"Or\",\"Vente d'Or\"],\"articleSection\":[\"Articles de presse\"],\"inLanguage\":\"fr-FR\"},{\"@type\":\"WebPage\",\"@id\":\"https:\\\/\\\/www.gold.fr\\\/news\\\/2011\\\/12\\\/21\\\/le-commerce-parallele-dor-a-athenes\\\/\",\"url\":\"https:\\\/\\\/www.gold.fr\\\/news\\\/2011\\\/12\\\/21\\\/le-commerce-parallele-dor-a-athenes\\\/\",\"name\":\"Le commerce parall\u00e8le d\u2019or \u00e0 Ath\u00e8nes - Gold.fr\",\"isPartOf\":{\"@id\":\"https:\\\/\\\/www.gold.fr\\\/news\\\/#website\"},\"primaryImageOfPage\":{\"@id\":\"https:\\\/\\\/www.gold.fr\\\/news\\\/2011\\\/12\\\/21\\\/le-commerce-parallele-dor-a-athenes\\\/#primaryimage\"},\"image\":{\"@id\":\"https:\\\/\\\/www.gold.fr\\\/news\\\/2011\\\/12\\\/21\\\/le-commerce-parallele-dor-a-athenes\\\/#primaryimage\"},\"thumbnailUrl\":\"https:\\\/\\\/www.gold.fr\\\/news\\\/wp-content\\\/uploads\\\/2011\\\/12\\\/87319963.jpg\",\"datePublished\":\"2011-12-21T11:00:09+00:00\",\"dateModified\":\"2021-02-04T13:40:51+00:00\",\"author\":{\"@id\":\"https:\\\/\\\/www.gold.fr\\\/news\\\/#\\\/schema\\\/person\\\/feb6458ffd7bceeeb4e228398c34fbe5\"},\"description\":\"C\u2019est le commerce \u00e0 la mode en Gr\u00e8ce, en ce moment. Profitant de la crise \u00e9conomique nationale un nouveau march\u00e9 aurif\u00e8re \u00ab parall\u00e8le \u00bb\",\"breadcrumb\":{\"@id\":\"https:\\\/\\\/www.gold.fr\\\/news\\\/2011\\\/12\\\/21\\\/le-commerce-parallele-dor-a-athenes\\\/#breadcrumb\"},\"inLanguage\":\"fr-FR\",\"potentialAction\":[{\"@type\":\"ReadAction\",\"target\":[\"https:\\\/\\\/www.gold.fr\\\/news\\\/2011\\\/12\\\/21\\\/le-commerce-parallele-dor-a-athenes\\\/\"]}]},{\"@type\":\"ImageObject\",\"inLanguage\":\"fr-FR\",\"@id\":\"https:\\\/\\\/www.gold.fr\\\/news\\\/2011\\\/12\\\/21\\\/le-commerce-parallele-dor-a-athenes\\\/#primaryimage\",\"url\":\"https:\\\/\\\/www.gold.fr\\\/news\\\/wp-content\\\/uploads\\\/2011\\\/12\\\/87319963.jpg\",\"contentUrl\":\"https:\\\/\\\/www.gold.fr\\\/news\\\/wp-content\\\/uploads\\\/2011\\\/12\\\/87319963.jpg\",\"width\":\"600\",\"height\":\"400\",\"caption\":\"Dossier grec : La fin d\u2019une crise ?\"},{\"@type\":\"BreadcrumbList\",\"@id\":\"https:\\\/\\\/www.gold.fr\\\/news\\\/2011\\\/12\\\/21\\\/le-commerce-parallele-dor-a-athenes\\\/#breadcrumb\",\"itemListElement\":[{\"@type\":\"ListItem\",\"position\":1,\"name\":\"Accueil\",\"item\":\"https:\\\/\\\/www.gold.fr\\\/\"},{\"@type\":\"ListItem\",\"position\":2,\"name\":\"Actualit\u00e9s\",\"item\":\"https:\\\/\\\/www.gold.fr\\\/news\\\/\"},{\"@type\":\"ListItem\",\"position\":3,\"name\":\"Le commerce parall\u00e8le d\u2019or \u00e0 Ath\u00e8nes\"}]},{\"@type\":\"WebSite\",\"@id\":\"https:\\\/\\\/www.gold.fr\\\/news\\\/#website\",\"url\":\"https:\\\/\\\/www.gold.fr\\\/news\\\/\",\"name\":\"Gold.fr\",\"description\":\"Actualit\u00e9s de l&#039;Or et des m\u00e9taux pr\u00e9cieux\",\"potentialAction\":[{\"@type\":\"SearchAction\",\"target\":{\"@type\":\"EntryPoint\",\"urlTemplate\":\"https:\\\/\\\/www.gold.fr\\\/news\\\/?s={search_term_string}\"},\"query-input\":{\"@type\":\"PropertyValueSpecification\",\"valueRequired\":true,\"valueName\":\"search_term_string\"}}],\"inLanguage\":\"fr-FR\"},{\"@type\":\"Person\",\"@id\":\"https:\\\/\\\/www.gold.fr\\\/news\\\/#\\\/schema\\\/person\\\/feb6458ffd7bceeeb4e228398c34fbe5\",\"name\":\"Anthony\",\"image\":{\"@type\":\"ImageObject\",\"inLanguage\":\"fr-FR\",\"@id\":\"https:\\\/\\\/secure.gravatar.com\\\/avatar\\\/19974f7c75da5f0b217374f3a37eb05031e41aaad4ceb3fe17ada2ab3daf6b95?s=96&d=mm&r=gbc5324aff3d366843e00df00c899c1a8\",\"url\":\"https:\\\/\\\/secure.gravatar.com\\\/avatar\\\/19974f7c75da5f0b217374f3a37eb05031e41aaad4ceb3fe17ada2ab3daf6b95?s=96&d=mm&r=g\",\"contentUrl\":\"https:\\\/\\\/secure.gravatar.com\\\/avatar\\\/19974f7c75da5f0b217374f3a37eb05031e41aaad4ceb3fe17ada2ab3daf6b95?s=96&d=mm&r=g\",\"caption\":\"Anthony\"},\"description\":\"Notre r\u00e9daction est constitu\u00e9e de membres experts dans les m\u00e9tiers de l'\u00e9conomie et la gestion, des Responsables d'agence Comptoir National de l'Or, des analystes financiers qui publient r\u00e9guli\u00e8rement des \u00e9tudes sur les politiques des banques centrales, le cours de l'or, le cours de l'argent, cours du platine, cours du palladium... la situation en zone euro et l'impact de la strat\u00e9gie mon\u00e9taire de la FED. Notre \u00e9quipe scrute \u00e9galement une information plus g\u00e9n\u00e9raliste \u00e0 la recherche d'actualit\u00e9 \\\"p\u00e9pite\\\" \u00e0 vous partager. Depuis 5 ans, nous avons publi\u00e9 un peu plus de 4000 articles qui s'adressent \u00e0 un public large et vari\u00e9 ayant pour objectif de satisfaire votre curiosit\u00e9 et de partager avec vous une certaine fascination pour le m\u00e9tal jaune, pour ceux qui veulent investir dans l'or, vendre leur or tout simplement en savoir plus...\",\"sameAs\":[\"https:\\\/\\\/www.gold.fr\\\/news\"]}]}<\/script>\n<!-- \/ Yoast SEO plugin. -->","yoast_head_json":{"title":"Le commerce parall\u00e8le d\u2019or \u00e0 Ath\u00e8nes - Gold.fr","description":"C\u2019est le commerce \u00e0 la mode en Gr\u00e8ce, en ce moment. Profitant de la crise \u00e9conomique nationale un nouveau march\u00e9 aurif\u00e8re \u00ab parall\u00e8le \u00bb","robots":{"index":"index","follow":"follow","max-snippet":"max-snippet:-1","max-image-preview":"max-image-preview:large","max-video-preview":"max-video-preview:-1"},"canonical":"https:\/\/www.gold.fr\/news\/2011\/12\/21\/le-commerce-parallele-dor-a-athenes\/","og_locale":"fr_FR","og_type":"article","og_title":"Le commerce parall\u00e8le d\u2019or \u00e0 Ath\u00e8nes - Gold.fr","og_description":"C\u2019est le commerce \u00e0 la mode en Gr\u00e8ce, en ce moment. Profitant de la crise \u00e9conomique nationale un nouveau march\u00e9 aurif\u00e8re \u00ab parall\u00e8le \u00bb","og_url":"https:\/\/www.gold.fr\/news\/2011\/12\/21\/le-commerce-parallele-dor-a-athenes\/","og_site_name":"Gold.fr","article_publisher":"https:\/\/www.facebook.com\/Goldfr\/","article_published_time":"2011-12-21T11:00:09+00:00","article_modified_time":"2021-02-04T13:40:51+00:00","og_image":[{"width":600,"height":400,"url":"https:\/\/www.gold.fr\/news\/wp-content\/uploads\/2011\/12\/87319963.jpg","type":"image\/jpeg"}],"author":"Anthony","twitter_card":"summary_large_image","twitter_misc":{"\u00c9crit par":"Anthony","Dur\u00e9e de lecture estim\u00e9e":"1 minute"},"schema":{"@context":"https:\/\/schema.org","@graph":[{"@type":"Article","@id":"https:\/\/www.gold.fr\/news\/2011\/12\/21\/le-commerce-parallele-dor-a-athenes\/#article","isPartOf":{"@id":"https:\/\/www.gold.fr\/news\/2011\/12\/21\/le-commerce-parallele-dor-a-athenes\/"},"author":{"name":"Anthony","@id":"https:\/\/www.gold.fr\/news\/#\/schema\/person\/feb6458ffd7bceeeb4e228398c34fbe5"},"headline":"Le commerce parall\u00e8le d\u2019or \u00e0 Ath\u00e8nes","datePublished":"2011-12-21T11:00:09+00:00","dateModified":"2021-02-04T13:40:51+00:00","mainEntityOfPage":{"@id":"https:\/\/www.gold.fr\/news\/2011\/12\/21\/le-commerce-parallele-dor-a-athenes\/"},"wordCount":308,"image":{"@id":"https:\/\/www.gold.fr\/news\/2011\/12\/21\/le-commerce-parallele-dor-a-athenes\/#primaryimage"},"thumbnailUrl":"https:\/\/www.gold.fr\/news\/wp-content\/uploads\/2011\/12\/87319963.jpg","keywords":["Achat d'Or","Comptoir National de l'Or Orl\u00e9ans","crise \u00e9conomique","Gr\u00e8ce","Or","Vente d'Or"],"articleSection":["Articles de presse"],"inLanguage":"fr-FR"},{"@type":"WebPage","@id":"https:\/\/www.gold.fr\/news\/2011\/12\/21\/le-commerce-parallele-dor-a-athenes\/","url":"https:\/\/www.gold.fr\/news\/2011\/12\/21\/le-commerce-parallele-dor-a-athenes\/","name":"Le commerce parall\u00e8le d\u2019or \u00e0 Ath\u00e8nes - Gold.fr","isPartOf":{"@id":"https:\/\/www.gold.fr\/news\/#website"},"primaryImageOfPage":{"@id":"https:\/\/www.gold.fr\/news\/2011\/12\/21\/le-commerce-parallele-dor-a-athenes\/#primaryimage"},"image":{"@id":"https:\/\/www.gold.fr\/news\/2011\/12\/21\/le-commerce-parallele-dor-a-athenes\/#primaryimage"},"thumbnailUrl":"https:\/\/www.gold.fr\/news\/wp-content\/uploads\/2011\/12\/87319963.jpg","datePublished":"2011-12-21T11:00:09+00:00","dateModified":"2021-02-04T13:40:51+00:00","author":{"@id":"https:\/\/www.gold.fr\/news\/#\/schema\/person\/feb6458ffd7bceeeb4e228398c34fbe5"},"description":"C\u2019est le commerce \u00e0 la mode en Gr\u00e8ce, en ce moment. Profitant de la crise \u00e9conomique nationale un nouveau march\u00e9 aurif\u00e8re \u00ab parall\u00e8le \u00bb","breadcrumb":{"@id":"https:\/\/www.gold.fr\/news\/2011\/12\/21\/le-commerce-parallele-dor-a-athenes\/#breadcrumb"},"inLanguage":"fr-FR","potentialAction":[{"@type":"ReadAction","target":["https:\/\/www.gold.fr\/news\/2011\/12\/21\/le-commerce-parallele-dor-a-athenes\/"]}]},{"@type":"ImageObject","inLanguage":"fr-FR","@id":"https:\/\/www.gold.fr\/news\/2011\/12\/21\/le-commerce-parallele-dor-a-athenes\/#primaryimage","url":"https:\/\/www.gold.fr\/news\/wp-content\/uploads\/2011\/12\/87319963.jpg","contentUrl":"https:\/\/www.gold.fr\/news\/wp-content\/uploads\/2011\/12\/87319963.jpg","width":"600","height":"400","caption":"Dossier grec : La fin d\u2019une crise ?"},{"@type":"BreadcrumbList","@id":"https:\/\/www.gold.fr\/news\/2011\/12\/21\/le-commerce-parallele-dor-a-athenes\/#breadcrumb","itemListElement":[{"@type":"ListItem","position":1,"name":"Accueil","item":"https:\/\/www.gold.fr\/"},{"@type":"ListItem","position":2,"name":"Actualit\u00e9s","item":"https:\/\/www.gold.fr\/news\/"},{"@type":"ListItem","position":3,"name":"Le commerce parall\u00e8le d\u2019or \u00e0 Ath\u00e8nes"}]},{"@type":"WebSite","@id":"https:\/\/www.gold.fr\/news\/#website","url":"https:\/\/www.gold.fr\/news\/","name":"Gold.fr","description":"Actualit\u00e9s de l&#039;Or et des m\u00e9taux pr\u00e9cieux","potentialAction":[{"@type":"SearchAction","target":{"@type":"EntryPoint","urlTemplate":"https:\/\/www.gold.fr\/news\/?s={search_term_string}"},"query-input":{"@type":"PropertyValueSpecification","valueRequired":true,"valueName":"search_term_string"}}],"inLanguage":"fr-FR"},{"@type":"Person","@id":"https:\/\/www.gold.fr\/news\/#\/schema\/person\/feb6458ffd7bceeeb4e228398c34fbe5","name":"Anthony","image":{"@type":"ImageObject","inLanguage":"fr-FR","@id":"https:\/\/secure.gravatar.com\/avatar\/19974f7c75da5f0b217374f3a37eb05031e41aaad4ceb3fe17ada2ab3daf6b95?s=96&d=mm&r=gbc5324aff3d366843e00df00c899c1a8","url":"https:\/\/secure.gravatar.com\/avatar\/19974f7c75da5f0b217374f3a37eb05031e41aaad4ceb3fe17ada2ab3daf6b95?s=96&d=mm&r=g","contentUrl":"https:\/\/secure.gravatar.com\/avatar\/19974f7c75da5f0b217374f3a37eb05031e41aaad4ceb3fe17ada2ab3daf6b95?s=96&d=mm&r=g","caption":"Anthony"},"description":"Notre r\u00e9daction est constitu\u00e9e de membres experts dans les m\u00e9tiers de l'\u00e9conomie et la gestion, des Responsables d'agence Comptoir National de l'Or, des analystes financiers qui publient r\u00e9guli\u00e8rement des \u00e9tudes sur les politiques des banques centrales, le cours de l'or, le cours de l'argent, cours du platine, cours du palladium... la situation en zone euro et l'impact de la strat\u00e9gie mon\u00e9taire de la FED. Notre \u00e9quipe scrute \u00e9galement une information plus g\u00e9n\u00e9raliste \u00e0 la recherche d'actualit\u00e9 \"p\u00e9pite\" \u00e0 vous partager. Depuis 5 ans, nous avons publi\u00e9 un peu plus de 4000 articles qui s'adressent \u00e0 un public large et vari\u00e9 ayant pour objectif de satisfaire votre curiosit\u00e9 et de partager avec vous une certaine fascination pour le m\u00e9tal jaune, pour ceux qui veulent investir dans l'or, vendre leur or tout simplement en savoir plus...","sameAs":["https:\/\/www.gold.fr\/news"]}]}},"authors":[{"term_id":2562,"user_id":11,"is_guest":0,"slug":"anthony","display_name":"Anthony","avatar_url":"https:\/\/secure.gravatar.com\/avatar\/19974f7c75da5f0b217374f3a37eb05031e41aaad4ceb3fe17ada2ab3daf6b95?s=96&d=mm&r=g","0":null,"1":"","2":"","3":"","4":"","5":"","6":"","7":"","8":""}],"_links":{"self":[{"href":"https:\/\/www.gold.fr\/news\/wp-json\/wp\/v2\/posts\/4544","targetHints":{"allow":["GET"]}}],"collection":[{"href":"https:\/\/www.gold.fr\/news\/wp-json\/wp\/v2\/posts"}],"about":[{"href":"https:\/\/www.gold.fr\/news\/wp-json\/wp\/v2\/types\/post"}],"author":[{"embeddable":true,"href":"https:\/\/www.gold.fr\/news\/wp-json\/wp\/v2\/users\/11"}],"replies":[{"embeddable":true,"href":"https:\/\/www.gold.fr\/news\/wp-json\/wp\/v2\/comments?post=4544"}],"version-history":[{"count":0,"href":"https:\/\/www.gold.fr\/news\/wp-json\/wp\/v2\/posts\/4544\/revisions"}],"wp:featuredmedia":[{"embeddable":true,"href":"https:\/\/www.gold.fr\/news\/wp-json\/wp\/v2\/media\/4547"}],"wp:attachment":[{"href":"https:\/\/www.gold.fr\/news\/wp-json\/wp\/v2\/media?parent=4544"}],"wp:term":[{"taxonomy":"category","embeddable":true,"href":"https:\/\/www.gold.fr\/news\/wp-json\/wp\/v2\/categories?post=4544"},{"taxonomy":"post_tag","embeddable":true,"href":"https:\/\/www.gold.fr\/news\/wp-json\/wp\/v2\/tags?post=4544"},{"taxonomy":"author","embeddable":true,"href":"https:\/\/www.gold.fr\/news\/wp-json\/wp\/v2\/ppma_author?post=4544"}],"curies":[{"name":"wp","href":"https:\/\/api.w.org\/{rel}","templated":true}]}}