{"id":45158,"date":"2023-12-29T18:09:44","date_gmt":"2023-12-29T17:09:44","guid":{"rendered":"https:\/\/www.gold.fr\/news\/?p=45158"},"modified":"2024-03-27T15:01:20","modified_gmt":"2024-03-27T14:01:20","slug":"un-cours-de-lor-au-plus-haut-pour-cette-fin-dannee","status":"publish","type":"post","link":"https:\/\/www.gold.fr\/news\/2023\/12\/29\/un-cours-de-lor-au-plus-haut-pour-cette-fin-dannee\/","title":{"rendered":"Un cours de l\u2019or au plus haut pour cette fin d\u2019ann\u00e9e"},"content":{"rendered":"<p>Le <a href=\"https:\/\/www.gold.fr\/charts\/\">cours de l\u2019or<\/a> s\u2019est ressaisi ces derni\u00e8res semaines pour coter 2078.40 dollars au second fixing du 28 d\u00e9cembre \u00e0 Londres. <b>Il s\u2019agit de la cl\u00f4ture la plus \u00e9lev\u00e9e jamais enregistr\u00e9e<\/b> <strong>en dollars. <\/strong>Ceci porte la performance 2023 \u00e0 +14.7% en dollars<\/p>\n<p>En euros le cours s\u2019\u00e9tablit \u00e0 1871.60 euros l\u2019once, soit seulement 1% en dessous de la plus haute cl\u00f4ture enregistr\u00e9e d\u00e9but d\u00e9cembre. <b>Le m\u00e9tal jaune devrait donc finir l\u2019ann\u00e9e sur une appr\u00e9ciation de plus de 10% en euros, <\/b>une performance en ligne avec sa moyenne annuelle sur 20 ans, qui se situe \u00e0 +9.05%.<\/p>\n<p>Apr\u00e8s ces nouveaux records, <strong>les analystes s\u2019attendent \u00e0 une ann\u00e9e 2024 positive pour l\u2019or<\/strong>, sur fonds de ralentissement \u00e9conomique, de politique mon\u00e9taire plus accommodante, de risques financiers importants, et de tensions g\u00e9opolitiques toujours plus vives.<\/p>\n<!-- AddThis Advanced Settings generic via filter on the_content --><!-- AddThis Share Buttons generic via filter on the_content -->","protected":false},"excerpt":{"rendered":"<p>Le cours de l\u2019or s\u2019est ressaisi ces derni\u00e8res semaines pour coter 2078.40 dollars au second fixing du 28 d\u00e9cembre \u00e0 Londres. Il s\u2019agit de la cl\u00f4ture la plus \u00e9lev\u00e9e jamais enregistr\u00e9e en dollars. Ceci porte la [&hellip;]<\/p>\n","protected":false},"author":33,"featured_media":45161,"comment_status":"closed","ping_status":"closed","sticky":false,"template":"","format":"standard","meta":{"_mbp_gutenberg_autopost":false,"_pgmb_is_evergreen":false,"_pgmb_ap_template_id":0,"footnotes":""},"categories":[4,5],"tags":[456,932,84,234],"ppma_author":[2571],"class_list":["post-45158","post","type-post","status-publish","format-standard","has-post-thumbnail","hentry","category-analyses-economiques","category-flash-infos","tag-investir-dans-lor","tag-metal-jaune","tag-cours-de-lor","tag-valeur-refuge"],"yoast_head":"<!-- This site is optimized with the Yoast SEO plugin v27.5 - https:\/\/yoast.com\/product\/yoast-seo-wordpress\/ -->\n<title>Cours de l\u2019or au plus haut pour cette fin d\u2019ann\u00e9e - Gold.fr<\/title>\n<meta name=\"description\" content=\"Le cours de l&#039;or connait une bonne fin d&#039;ann\u00e9e avec une cl\u00f4ture la plus \u00e9lev\u00e9e en dollars. Comment se comportera le cours en 2024 ?\" \/>\n<meta name=\"robots\" content=\"index, follow, max-snippet:-1, max-image-preview:large, max-video-preview:-1\" \/>\n<link rel=\"canonical\" href=\"https:\/\/www.gold.fr\/news\/2023\/12\/29\/un-cours-de-lor-au-plus-haut-pour-cette-fin-dannee\/\" \/>\n<meta property=\"og:locale\" content=\"fr_FR\" \/>\n<meta property=\"og:type\" content=\"article\" \/>\n<meta property=\"og:title\" content=\"Cours de l\u2019or au plus haut pour cette fin d\u2019ann\u00e9e - Gold.fr\" \/>\n<meta property=\"og:description\" content=\"Le cours de l&#039;or connait une bonne fin d&#039;ann\u00e9e avec une cl\u00f4ture la plus \u00e9lev\u00e9e en dollars. Comment se comportera le cours en 2024 ?\" \/>\n<meta property=\"og:url\" content=\"https:\/\/www.gold.fr\/news\/2023\/12\/29\/un-cours-de-lor-au-plus-haut-pour-cette-fin-dannee\/\" \/>\n<meta property=\"og:site_name\" content=\"Gold.fr\" \/>\n<meta property=\"article:publisher\" content=\"https:\/\/www.facebook.com\/Goldfr\/\" \/>\n<meta property=\"article:published_time\" content=\"2023-12-29T17:09:44+00:00\" \/>\n<meta property=\"article:modified_time\" content=\"2024-03-27T14:01:20+00:00\" \/>\n<meta property=\"og:image\" content=\"https:\/\/www.gold.fr\/news\/wp-content\/uploads\/2024\/01\/MEA-WP-800533-7.png\" \/>\n\t<meta property=\"og:image:width\" content=\"800\" \/>\n\t<meta property=\"og:image:height\" content=\"533\" \/>\n\t<meta property=\"og:image:type\" content=\"image\/png\" \/>\n<meta name=\"author\" content=\"Christophe Bernard\" \/>\n<meta name=\"twitter:card\" content=\"summary_large_image\" \/>\n<meta name=\"twitter:label1\" content=\"\u00c9crit par\" \/>\n\t<meta name=\"twitter:data1\" content=\"Christophe Bernard\" \/>\n\t<meta name=\"twitter:label2\" content=\"Dur\u00e9e de lecture estim\u00e9e\" \/>\n\t<meta name=\"twitter:data2\" content=\"1 minute\" \/>\n<script type=\"application\/ld+json\" class=\"yoast-schema-graph\">{\"@context\":\"https:\\\/\\\/schema.org\",\"@graph\":[{\"@type\":\"Article\",\"@id\":\"https:\\\/\\\/www.gold.fr\\\/news\\\/2023\\\/12\\\/29\\\/un-cours-de-lor-au-plus-haut-pour-cette-fin-dannee\\\/#article\",\"isPartOf\":{\"@id\":\"https:\\\/\\\/www.gold.fr\\\/news\\\/2023\\\/12\\\/29\\\/un-cours-de-lor-au-plus-haut-pour-cette-fin-dannee\\\/\"},\"author\":{\"name\":\"Christophe Bernard\",\"@id\":\"https:\\\/\\\/www.gold.fr\\\/news\\\/#\\\/schema\\\/person\\\/c04e756918e0770a338723b0cd6ae4e6\"},\"headline\":\"Un cours de l\u2019or au plus haut pour cette fin d\u2019ann\u00e9e\",\"datePublished\":\"2023-12-29T17:09:44+00:00\",\"dateModified\":\"2024-03-27T14:01:20+00:00\",\"mainEntityOfPage\":{\"@id\":\"https:\\\/\\\/www.gold.fr\\\/news\\\/2023\\\/12\\\/29\\\/un-cours-de-lor-au-plus-haut-pour-cette-fin-dannee\\\/\"},\"wordCount\":154,\"image\":{\"@id\":\"https:\\\/\\\/www.gold.fr\\\/news\\\/2023\\\/12\\\/29\\\/un-cours-de-lor-au-plus-haut-pour-cette-fin-dannee\\\/#primaryimage\"},\"thumbnailUrl\":\"https:\\\/\\\/www.gold.fr\\\/news\\\/wp-content\\\/uploads\\\/2024\\\/01\\\/MEA-WP-800533-7.png\",\"keywords\":[\"investir dans l'Or\",\"M\u00e9tal jaune\",\"Tout Cours de l'Or\",\"Valeur refuge\"],\"articleSection\":[\"Analyses Economiques\",\"Flash infos\"],\"inLanguage\":\"fr-FR\"},{\"@type\":\"WebPage\",\"@id\":\"https:\\\/\\\/www.gold.fr\\\/news\\\/2023\\\/12\\\/29\\\/un-cours-de-lor-au-plus-haut-pour-cette-fin-dannee\\\/\",\"url\":\"https:\\\/\\\/www.gold.fr\\\/news\\\/2023\\\/12\\\/29\\\/un-cours-de-lor-au-plus-haut-pour-cette-fin-dannee\\\/\",\"name\":\"Cours de l\u2019or au plus haut pour cette fin d\u2019ann\u00e9e - Gold.fr\",\"isPartOf\":{\"@id\":\"https:\\\/\\\/www.gold.fr\\\/news\\\/#website\"},\"primaryImageOfPage\":{\"@id\":\"https:\\\/\\\/www.gold.fr\\\/news\\\/2023\\\/12\\\/29\\\/un-cours-de-lor-au-plus-haut-pour-cette-fin-dannee\\\/#primaryimage\"},\"image\":{\"@id\":\"https:\\\/\\\/www.gold.fr\\\/news\\\/2023\\\/12\\\/29\\\/un-cours-de-lor-au-plus-haut-pour-cette-fin-dannee\\\/#primaryimage\"},\"thumbnailUrl\":\"https:\\\/\\\/www.gold.fr\\\/news\\\/wp-content\\\/uploads\\\/2024\\\/01\\\/MEA-WP-800533-7.png\",\"datePublished\":\"2023-12-29T17:09:44+00:00\",\"dateModified\":\"2024-03-27T14:01:20+00:00\",\"author\":{\"@id\":\"https:\\\/\\\/www.gold.fr\\\/news\\\/#\\\/schema\\\/person\\\/c04e756918e0770a338723b0cd6ae4e6\"},\"description\":\"Le cours de l'or connait une bonne fin d'ann\u00e9e avec une cl\u00f4ture la plus \u00e9lev\u00e9e en dollars. Comment se comportera le cours en 2024 ?\",\"breadcrumb\":{\"@id\":\"https:\\\/\\\/www.gold.fr\\\/news\\\/2023\\\/12\\\/29\\\/un-cours-de-lor-au-plus-haut-pour-cette-fin-dannee\\\/#breadcrumb\"},\"inLanguage\":\"fr-FR\",\"potentialAction\":[{\"@type\":\"ReadAction\",\"target\":[\"https:\\\/\\\/www.gold.fr\\\/news\\\/2023\\\/12\\\/29\\\/un-cours-de-lor-au-plus-haut-pour-cette-fin-dannee\\\/\"]}]},{\"@type\":\"ImageObject\",\"inLanguage\":\"fr-FR\",\"@id\":\"https:\\\/\\\/www.gold.fr\\\/news\\\/2023\\\/12\\\/29\\\/un-cours-de-lor-au-plus-haut-pour-cette-fin-dannee\\\/#primaryimage\",\"url\":\"https:\\\/\\\/www.gold.fr\\\/news\\\/wp-content\\\/uploads\\\/2024\\\/01\\\/MEA-WP-800533-7.png\",\"contentUrl\":\"https:\\\/\\\/www.gold.fr\\\/news\\\/wp-content\\\/uploads\\\/2024\\\/01\\\/MEA-WP-800533-7.png\",\"width\":800,\"height\":533,\"caption\":\"Un cours de l\u2019or au plus haut pour cette fin d\u2019ann\u00e9e\"},{\"@type\":\"BreadcrumbList\",\"@id\":\"https:\\\/\\\/www.gold.fr\\\/news\\\/2023\\\/12\\\/29\\\/un-cours-de-lor-au-plus-haut-pour-cette-fin-dannee\\\/#breadcrumb\",\"itemListElement\":[{\"@type\":\"ListItem\",\"position\":1,\"name\":\"Accueil\",\"item\":\"https:\\\/\\\/www.gold.fr\\\/\"},{\"@type\":\"ListItem\",\"position\":2,\"name\":\"Actualit\u00e9s\",\"item\":\"https:\\\/\\\/www.gold.fr\\\/news\\\/\"},{\"@type\":\"ListItem\",\"position\":3,\"name\":\"Un cours de l\u2019or au plus haut pour cette fin d\u2019ann\u00e9e\"}]},{\"@type\":\"WebSite\",\"@id\":\"https:\\\/\\\/www.gold.fr\\\/news\\\/#website\",\"url\":\"https:\\\/\\\/www.gold.fr\\\/news\\\/\",\"name\":\"Gold.fr\",\"description\":\"Actualit\u00e9s de l&#039;Or et des m\u00e9taux pr\u00e9cieux\",\"potentialAction\":[{\"@type\":\"SearchAction\",\"target\":{\"@type\":\"EntryPoint\",\"urlTemplate\":\"https:\\\/\\\/www.gold.fr\\\/news\\\/?s={search_term_string}\"},\"query-input\":{\"@type\":\"PropertyValueSpecification\",\"valueRequired\":true,\"valueName\":\"search_term_string\"}}],\"inLanguage\":\"fr-FR\"},{\"@type\":\"Person\",\"@id\":\"https:\\\/\\\/www.gold.fr\\\/news\\\/#\\\/schema\\\/person\\\/c04e756918e0770a338723b0cd6ae4e6\",\"name\":\"Christophe Bernard\",\"image\":{\"@type\":\"ImageObject\",\"inLanguage\":\"fr-FR\",\"@id\":\"https:\\\/\\\/secure.gravatar.com\\\/avatar\\\/e885a0c86e335d4494765d4a37801e3d584f326e12c9df7107de52f506b813ae?s=96&d=mm&r=gf32062450d71e3280b64e6937c527471\",\"url\":\"https:\\\/\\\/secure.gravatar.com\\\/avatar\\\/e885a0c86e335d4494765d4a37801e3d584f326e12c9df7107de52f506b813ae?s=96&d=mm&r=g\",\"contentUrl\":\"https:\\\/\\\/secure.gravatar.com\\\/avatar\\\/e885a0c86e335d4494765d4a37801e3d584f326e12c9df7107de52f506b813ae?s=96&d=mm&r=g\",\"caption\":\"Christophe Bernard\"},\"description\":\"Christophe Bernard travaille en tant que Directeur r\u00e9seau au Comptoir National de l'Or. Le Comptoir National de l\u2019Or se positionne aujourd\u2019hui comme le leader incontournable sur le march\u00e9 de l\u2019Or et des m\u00e9taux pr\u00e9cieux en France. (achat d'or et vente d'or). Le commerce, c'est ma vie professionnelle. En passant successivement en vingt-cinq ans du commerce de d\u00e9tail \\\"aux d\u00e9tails du commerce\\\", du monde du discount \u00e0 l'univers du luxe, de l'export \u00e0 la supply chain, les notions de service autour du client et l'exigence de la rigueur et du sens du d\u00e9tail m'ont sembl\u00e9 des valeurs cardinales. Autodidacte, mes diff\u00e9rentes exp\u00e9riences op\u00e9rationnelles m\u2019ont permis d\u2019acqu\u00e9rir des comp\u00e9tences pluridisciplinaires, d\u2019aiguiser mon go\u00fbt pour les chiffres ,de l'analyse \u00e0 l'expertise, et m\u2019ont rendu surtout tr\u00e8s adaptable. Homme de terrain ,pour \u00eatre au coeur de l'action et pour en comprendre ses probl\u00e9matiques, je sais aussi \\\"prendre de la hauteur pour r\u00e9fl\u00e9chir au niveau strat\u00e9gique pour pr\u00e9parer le moyen et le long terme\\\". Je me propose donc de vous apporter ma vision op\u00e9rationnelle et strat\u00e9gique en menant les \u00e9quipes et les collaborateurs, vers l\u2019optimisation de leurs potentiels, et le d\u00e9veloppement de leurs comp\u00e9tences en les f\u00e9d\u00e9rant autour d\u2019un projet commun. \\\"S'assurer de poss\u00e9der les attendus du commerce avant de penser aux inattendus...\\\": c'est une de mes devises. J'ai su faire monter en comp\u00e9tence les personnes qui m'ont entour\u00e9. Toutes ces exp\u00e9riences m'ont amen\u00e9 \u00e0 prendre la responsabilit\u00e9 d'une enseigne de luxe et d'en d\u00e9finir la strat\u00e9gie . R\u00e9solument orient\u00e9 \u00e0 chercher et \u00e0 proposer des solutions de croissance \u00e0 moyen et \u00e0 long terme...j'ai aussi mont\u00e9 ma propre structure de conseils aux entreprises.\",\"sameAs\":[\"https:\\\/\\\/www.linkedin.com\\\/in\\\/christophe-bernard\\\/\"]}]}<\/script>\n<!-- \/ Yoast SEO plugin. -->","yoast_head_json":{"title":"Cours de l\u2019or au plus haut pour cette fin d\u2019ann\u00e9e - Gold.fr","description":"Le cours de l'or connait une bonne fin d'ann\u00e9e avec une cl\u00f4ture la plus \u00e9lev\u00e9e en dollars. Comment se comportera le cours en 2024 ?","robots":{"index":"index","follow":"follow","max-snippet":"max-snippet:-1","max-image-preview":"max-image-preview:large","max-video-preview":"max-video-preview:-1"},"canonical":"https:\/\/www.gold.fr\/news\/2023\/12\/29\/un-cours-de-lor-au-plus-haut-pour-cette-fin-dannee\/","og_locale":"fr_FR","og_type":"article","og_title":"Cours de l\u2019or au plus haut pour cette fin d\u2019ann\u00e9e - Gold.fr","og_description":"Le cours de l'or connait une bonne fin d'ann\u00e9e avec une cl\u00f4ture la plus \u00e9lev\u00e9e en dollars. Comment se comportera le cours en 2024 ?","og_url":"https:\/\/www.gold.fr\/news\/2023\/12\/29\/un-cours-de-lor-au-plus-haut-pour-cette-fin-dannee\/","og_site_name":"Gold.fr","article_publisher":"https:\/\/www.facebook.com\/Goldfr\/","article_published_time":"2023-12-29T17:09:44+00:00","article_modified_time":"2024-03-27T14:01:20+00:00","og_image":[{"width":800,"height":533,"url":"https:\/\/www.gold.fr\/news\/wp-content\/uploads\/2024\/01\/MEA-WP-800533-7.png","type":"image\/png"}],"author":"Christophe Bernard","twitter_card":"summary_large_image","twitter_misc":{"\u00c9crit par":"Christophe Bernard","Dur\u00e9e de lecture estim\u00e9e":"1 minute"},"schema":{"@context":"https:\/\/schema.org","@graph":[{"@type":"Article","@id":"https:\/\/www.gold.fr\/news\/2023\/12\/29\/un-cours-de-lor-au-plus-haut-pour-cette-fin-dannee\/#article","isPartOf":{"@id":"https:\/\/www.gold.fr\/news\/2023\/12\/29\/un-cours-de-lor-au-plus-haut-pour-cette-fin-dannee\/"},"author":{"name":"Christophe Bernard","@id":"https:\/\/www.gold.fr\/news\/#\/schema\/person\/c04e756918e0770a338723b0cd6ae4e6"},"headline":"Un cours de l\u2019or au plus haut pour cette fin d\u2019ann\u00e9e","datePublished":"2023-12-29T17:09:44+00:00","dateModified":"2024-03-27T14:01:20+00:00","mainEntityOfPage":{"@id":"https:\/\/www.gold.fr\/news\/2023\/12\/29\/un-cours-de-lor-au-plus-haut-pour-cette-fin-dannee\/"},"wordCount":154,"image":{"@id":"https:\/\/www.gold.fr\/news\/2023\/12\/29\/un-cours-de-lor-au-plus-haut-pour-cette-fin-dannee\/#primaryimage"},"thumbnailUrl":"https:\/\/www.gold.fr\/news\/wp-content\/uploads\/2024\/01\/MEA-WP-800533-7.png","keywords":["investir dans l'Or","M\u00e9tal jaune","Tout Cours de l'Or","Valeur refuge"],"articleSection":["Analyses Economiques","Flash infos"],"inLanguage":"fr-FR"},{"@type":"WebPage","@id":"https:\/\/www.gold.fr\/news\/2023\/12\/29\/un-cours-de-lor-au-plus-haut-pour-cette-fin-dannee\/","url":"https:\/\/www.gold.fr\/news\/2023\/12\/29\/un-cours-de-lor-au-plus-haut-pour-cette-fin-dannee\/","name":"Cours de l\u2019or au plus haut pour cette fin d\u2019ann\u00e9e - Gold.fr","isPartOf":{"@id":"https:\/\/www.gold.fr\/news\/#website"},"primaryImageOfPage":{"@id":"https:\/\/www.gold.fr\/news\/2023\/12\/29\/un-cours-de-lor-au-plus-haut-pour-cette-fin-dannee\/#primaryimage"},"image":{"@id":"https:\/\/www.gold.fr\/news\/2023\/12\/29\/un-cours-de-lor-au-plus-haut-pour-cette-fin-dannee\/#primaryimage"},"thumbnailUrl":"https:\/\/www.gold.fr\/news\/wp-content\/uploads\/2024\/01\/MEA-WP-800533-7.png","datePublished":"2023-12-29T17:09:44+00:00","dateModified":"2024-03-27T14:01:20+00:00","author":{"@id":"https:\/\/www.gold.fr\/news\/#\/schema\/person\/c04e756918e0770a338723b0cd6ae4e6"},"description":"Le cours de l'or connait une bonne fin d'ann\u00e9e avec une cl\u00f4ture la plus \u00e9lev\u00e9e en dollars. Comment se comportera le cours en 2024 ?","breadcrumb":{"@id":"https:\/\/www.gold.fr\/news\/2023\/12\/29\/un-cours-de-lor-au-plus-haut-pour-cette-fin-dannee\/#breadcrumb"},"inLanguage":"fr-FR","potentialAction":[{"@type":"ReadAction","target":["https:\/\/www.gold.fr\/news\/2023\/12\/29\/un-cours-de-lor-au-plus-haut-pour-cette-fin-dannee\/"]}]},{"@type":"ImageObject","inLanguage":"fr-FR","@id":"https:\/\/www.gold.fr\/news\/2023\/12\/29\/un-cours-de-lor-au-plus-haut-pour-cette-fin-dannee\/#primaryimage","url":"https:\/\/www.gold.fr\/news\/wp-content\/uploads\/2024\/01\/MEA-WP-800533-7.png","contentUrl":"https:\/\/www.gold.fr\/news\/wp-content\/uploads\/2024\/01\/MEA-WP-800533-7.png","width":800,"height":533,"caption":"Un cours de l\u2019or au plus haut pour cette fin d\u2019ann\u00e9e"},{"@type":"BreadcrumbList","@id":"https:\/\/www.gold.fr\/news\/2023\/12\/29\/un-cours-de-lor-au-plus-haut-pour-cette-fin-dannee\/#breadcrumb","itemListElement":[{"@type":"ListItem","position":1,"name":"Accueil","item":"https:\/\/www.gold.fr\/"},{"@type":"ListItem","position":2,"name":"Actualit\u00e9s","item":"https:\/\/www.gold.fr\/news\/"},{"@type":"ListItem","position":3,"name":"Un cours de l\u2019or au plus haut pour cette fin d\u2019ann\u00e9e"}]},{"@type":"WebSite","@id":"https:\/\/www.gold.fr\/news\/#website","url":"https:\/\/www.gold.fr\/news\/","name":"Gold.fr","description":"Actualit\u00e9s de l&#039;Or et des m\u00e9taux pr\u00e9cieux","potentialAction":[{"@type":"SearchAction","target":{"@type":"EntryPoint","urlTemplate":"https:\/\/www.gold.fr\/news\/?s={search_term_string}"},"query-input":{"@type":"PropertyValueSpecification","valueRequired":true,"valueName":"search_term_string"}}],"inLanguage":"fr-FR"},{"@type":"Person","@id":"https:\/\/www.gold.fr\/news\/#\/schema\/person\/c04e756918e0770a338723b0cd6ae4e6","name":"Christophe Bernard","image":{"@type":"ImageObject","inLanguage":"fr-FR","@id":"https:\/\/secure.gravatar.com\/avatar\/e885a0c86e335d4494765d4a37801e3d584f326e12c9df7107de52f506b813ae?s=96&d=mm&r=gf32062450d71e3280b64e6937c527471","url":"https:\/\/secure.gravatar.com\/avatar\/e885a0c86e335d4494765d4a37801e3d584f326e12c9df7107de52f506b813ae?s=96&d=mm&r=g","contentUrl":"https:\/\/secure.gravatar.com\/avatar\/e885a0c86e335d4494765d4a37801e3d584f326e12c9df7107de52f506b813ae?s=96&d=mm&r=g","caption":"Christophe Bernard"},"description":"Christophe Bernard travaille en tant que Directeur r\u00e9seau au Comptoir National de l'Or. Le Comptoir National de l\u2019Or se positionne aujourd\u2019hui comme le leader incontournable sur le march\u00e9 de l\u2019Or et des m\u00e9taux pr\u00e9cieux en France. (achat d'or et vente d'or). Le commerce, c'est ma vie professionnelle. En passant successivement en vingt-cinq ans du commerce de d\u00e9tail \"aux d\u00e9tails du commerce\", du monde du discount \u00e0 l'univers du luxe, de l'export \u00e0 la supply chain, les notions de service autour du client et l'exigence de la rigueur et du sens du d\u00e9tail m'ont sembl\u00e9 des valeurs cardinales. Autodidacte, mes diff\u00e9rentes exp\u00e9riences op\u00e9rationnelles m\u2019ont permis d\u2019acqu\u00e9rir des comp\u00e9tences pluridisciplinaires, d\u2019aiguiser mon go\u00fbt pour les chiffres ,de l'analyse \u00e0 l'expertise, et m\u2019ont rendu surtout tr\u00e8s adaptable. Homme de terrain ,pour \u00eatre au coeur de l'action et pour en comprendre ses probl\u00e9matiques, je sais aussi \"prendre de la hauteur pour r\u00e9fl\u00e9chir au niveau strat\u00e9gique pour pr\u00e9parer le moyen et le long terme\". Je me propose donc de vous apporter ma vision op\u00e9rationnelle et strat\u00e9gique en menant les \u00e9quipes et les collaborateurs, vers l\u2019optimisation de leurs potentiels, et le d\u00e9veloppement de leurs comp\u00e9tences en les f\u00e9d\u00e9rant autour d\u2019un projet commun. \"S'assurer de poss\u00e9der les attendus du commerce avant de penser aux inattendus...\": c'est une de mes devises. J'ai su faire monter en comp\u00e9tence les personnes qui m'ont entour\u00e9. Toutes ces exp\u00e9riences m'ont amen\u00e9 \u00e0 prendre la responsabilit\u00e9 d'une enseigne de luxe et d'en d\u00e9finir la strat\u00e9gie . R\u00e9solument orient\u00e9 \u00e0 chercher et \u00e0 proposer des solutions de croissance \u00e0 moyen et \u00e0 long terme...j'ai aussi mont\u00e9 ma propre structure de conseils aux entreprises.","sameAs":["https:\/\/www.linkedin.com\/in\/christophe-bernard\/"]}]}},"authors":[{"term_id":2571,"user_id":33,"is_guest":0,"slug":"christophe-bernard","display_name":"Christophe Bernard","avatar_url":"https:\/\/secure.gravatar.com\/avatar\/e885a0c86e335d4494765d4a37801e3d584f326e12c9df7107de52f506b813ae?s=96&d=mm&r=g","0":null,"1":"","2":"","3":"","4":"","5":"","6":"","7":"","8":""}],"_links":{"self":[{"href":"https:\/\/www.gold.fr\/news\/wp-json\/wp\/v2\/posts\/45158","targetHints":{"allow":["GET"]}}],"collection":[{"href":"https:\/\/www.gold.fr\/news\/wp-json\/wp\/v2\/posts"}],"about":[{"href":"https:\/\/www.gold.fr\/news\/wp-json\/wp\/v2\/types\/post"}],"author":[{"embeddable":true,"href":"https:\/\/www.gold.fr\/news\/wp-json\/wp\/v2\/users\/33"}],"replies":[{"embeddable":true,"href":"https:\/\/www.gold.fr\/news\/wp-json\/wp\/v2\/comments?post=45158"}],"version-history":[{"count":0,"href":"https:\/\/www.gold.fr\/news\/wp-json\/wp\/v2\/posts\/45158\/revisions"}],"wp:featuredmedia":[{"embeddable":true,"href":"https:\/\/www.gold.fr\/news\/wp-json\/wp\/v2\/media\/45161"}],"wp:attachment":[{"href":"https:\/\/www.gold.fr\/news\/wp-json\/wp\/v2\/media?parent=45158"}],"wp:term":[{"taxonomy":"category","embeddable":true,"href":"https:\/\/www.gold.fr\/news\/wp-json\/wp\/v2\/categories?post=45158"},{"taxonomy":"post_tag","embeddable":true,"href":"https:\/\/www.gold.fr\/news\/wp-json\/wp\/v2\/tags?post=45158"},{"taxonomy":"author","embeddable":true,"href":"https:\/\/www.gold.fr\/news\/wp-json\/wp\/v2\/ppma_author?post=45158"}],"curies":[{"name":"wp","href":"https:\/\/api.w.org\/{rel}","templated":true}]}}