{"id":44987,"date":"2023-12-15T11:46:10","date_gmt":"2023-12-15T10:46:10","guid":{"rendered":"https:\/\/www.gold.fr\/news\/?p=44987"},"modified":"2023-12-15T11:46:10","modified_gmt":"2023-12-15T10:46:10","slug":"interview-de-laurent-schwartz-sur-bfm-business-nouveau-record-historique-de-lor-en-decembre","status":"publish","type":"post","link":"https:\/\/www.gold.fr\/news\/2023\/12\/15\/interview-de-laurent-schwartz-sur-bfm-business-nouveau-record-historique-de-lor-en-decembre\/","title":{"rendered":"Interview de Laurent Schwartz sur BFM Business &#8211; Nouveau record historique de l\u2019or en d\u00e9cembre"},"content":{"rendered":"<p>En ce d\u00e9but du mois du d\u00e9cembre le cours de l&rsquo;or bat des records historiques, notamment le 3 d\u00e9cembre avec un pique \u00e0 2135$ l&rsquo;once et un d\u00e9passement \u00e0 plus de 61 000\u20ac le kg, ce qui n&rsquo;avait encore \u00e9t\u00e9 jamais vu auparavant. La performance du cours fait +10% depuis le d\u00e9but de l&rsquo;ann\u00e9e, cela vient d&rsquo;une forme de synchronisation du cours de l&rsquo;or et des march\u00e9s financiers, l\u00e0 o\u00f9 habituellement il y\u00a0 a une corr\u00e9lation n\u00e9gative. Selon les mots de Laurent Schwartz, pr\u00e9sident du Comptoir National de l&rsquo;Or, \u00ab\u00a0L&rsquo;or, une fois n&rsquo;est pas coutume, augmente aussi en p\u00e9riode favorable sur les march\u00e9s financiers.\u00a0\u00bb<\/p>\n<p>Nous constatons que depuis plusieurs ann\u00e9es les banques centrales sont de grands acheteurs d&rsquo;or. Elles ont sans cesse d\u00e9pass\u00e9 leur record historique d&rsquo;achat annuel. La grande question qui vient donc se poser est : La Chine va-t-elle d\u00e9tenir plus d&rsquo;or que la France ? Laurent Schwartz, pr\u00e9sident du Comptoir National de l&rsquo;Or, nous explique plus en d\u00e9tail le fonctionnement d&rsquo;achat d&rsquo;or de la Chine.<\/p>\n<p>Mais alors comment <a href=\"https:\/\/www.gold.fr\/investir-dans-l-or\/\">investir<\/a> ? Comment fonctionne le cours de l&rsquo;or ? Comment va se pr\u00e9senter le cours de l&rsquo;or pour l&rsquo;ann\u00e9e 2024 ? Autant de questions dont Laurent Schwartz, pr\u00e9sident du Comptoir National de l&rsquo;or, nous r\u00e9v\u00e8le tous les secrets.<\/p>\n<p><b>Dans cette interview, Laurent Schwartz, pr\u00e9sident du <\/b><a style=\"font-weight: bold;\" href=\"https:\/\/www.gold.fr\/comptoirs-achat-vente-or\/le-bouscat\/\">Comptoir National de l\u2019Or<\/a>, <b>nous explique les comportements du cours de l&rsquo;or sur cette fin d&rsquo;ann\u00e9e et l&rsquo;importance de diversifier son \u00e9pargne.\u00a0<\/b><\/p>\n<p><iframe loading=\"lazy\" title=\"Interview de Laurent Schwartz sur BFM Business TV - Nouveau record historique de l&#039;or en d\u00e9cembre\" width=\"500\" height=\"281\" src=\"https:\/\/www.youtube.com\/embed\/SDhn8-CyWPU?feature=oembed\" frameborder=\"0\" allow=\"accelerometer; autoplay; clipboard-write; encrypted-media; gyroscope; picture-in-picture; web-share\" referrerpolicy=\"strict-origin-when-cross-origin\" allowfullscreen><\/iframe><\/p>\n<p>Vous pouvez aussi d\u00e9couvrir cette interview directement sur notre page <a href=\"https:\/\/www.youtube.com\/@ComptoirNationalOr\">Youtube &#8211; Comptoir National de l&rsquo;Or.<\/a><\/p>\n<!-- AddThis Advanced Settings generic via filter on the_content --><!-- AddThis Share Buttons generic via filter on the_content -->","protected":false},"excerpt":{"rendered":"<p>En ce d\u00e9but du mois du d\u00e9cembre le cours de l&rsquo;or bat des records historiques, notamment le 3 d\u00e9cembre avec un pique \u00e0 2135$ l&rsquo;once et un d\u00e9passement \u00e0 plus de 61 000\u20ac le kg, ce [&hellip;]<\/p>\n","protected":false},"author":6,"featured_media":44991,"comment_status":"closed","ping_status":"closed","sticky":false,"template":"","format":"standard","meta":{"_mbp_gutenberg_autopost":false,"_pgmb_is_evergreen":false,"_pgmb_ap_template_id":0,"footnotes":""},"categories":[6,2414],"tags":[1143,456,95,84,234],"ppma_author":[2567],"class_list":["post-44987","post","type-post","status-publish","format-standard","has-post-thumbnail","hentry","category-articles-de-presse","category-cndo-dans-la-presse","tag-achat-or-chine","tag-investir-dans-lor","tag-marche-de-lor","tag-cours-de-lor","tag-valeur-refuge"],"yoast_head":"<!-- This site is optimized with the Yoast SEO plugin v27.5 - https:\/\/yoast.com\/product\/yoast-seo-wordpress\/ -->\n<title>Nouveau record historique du cours de l\u2019or en d\u00e9cembre - Gold.fr<\/title>\n<meta name=\"description\" content=\"Le cours de l&#039;or atteint des records historique en cette fin d&#039;ann\u00e9e. Laurent Schwartz vous dit tout sur le cours de l&#039;or sur BFM Business.\" \/>\n<meta name=\"robots\" content=\"index, follow, max-snippet:-1, max-image-preview:large, max-video-preview:-1\" \/>\n<link rel=\"canonical\" href=\"https:\/\/www.gold.fr\/news\/2023\/12\/15\/interview-de-laurent-schwartz-sur-bfm-business-nouveau-record-historique-de-lor-en-decembre\/\" \/>\n<meta property=\"og:locale\" content=\"fr_FR\" \/>\n<meta property=\"og:type\" content=\"article\" \/>\n<meta property=\"og:title\" content=\"Nouveau record historique du cours de l\u2019or en d\u00e9cembre - Gold.fr\" \/>\n<meta property=\"og:description\" content=\"Le cours de l&#039;or atteint des records historique en cette fin d&#039;ann\u00e9e. Laurent Schwartz vous dit tout sur le cours de l&#039;or sur BFM Business.\" \/>\n<meta property=\"og:url\" content=\"https:\/\/www.gold.fr\/news\/2023\/12\/15\/interview-de-laurent-schwartz-sur-bfm-business-nouveau-record-historique-de-lor-en-decembre\/\" \/>\n<meta property=\"og:site_name\" content=\"Gold.fr\" \/>\n<meta property=\"article:publisher\" content=\"https:\/\/www.facebook.com\/Goldfr\/\" \/>\n<meta property=\"article:published_time\" content=\"2023-12-15T10:46:10+00:00\" \/>\n<meta property=\"og:image\" content=\"https:\/\/www.gold.fr\/news\/wp-content\/uploads\/2023\/12\/MEA-WP-800533-5.png\" \/>\n\t<meta property=\"og:image:width\" content=\"800\" \/>\n\t<meta property=\"og:image:height\" content=\"533\" \/>\n\t<meta property=\"og:image:type\" content=\"image\/png\" \/>\n<meta name=\"author\" content=\"Laurent Schwartz\" \/>\n<meta name=\"twitter:card\" content=\"summary_large_image\" \/>\n<meta name=\"twitter:label1\" content=\"\u00c9crit par\" \/>\n\t<meta name=\"twitter:data1\" content=\"Laurent Schwartz\" \/>\n\t<meta name=\"twitter:label2\" content=\"Dur\u00e9e de lecture estim\u00e9e\" \/>\n\t<meta name=\"twitter:data2\" content=\"2 minutes\" \/>\n<script type=\"application\/ld+json\" class=\"yoast-schema-graph\">{\"@context\":\"https:\\\/\\\/schema.org\",\"@graph\":[{\"@type\":\"Article\",\"@id\":\"https:\\\/\\\/www.gold.fr\\\/news\\\/2023\\\/12\\\/15\\\/interview-de-laurent-schwartz-sur-bfm-business-nouveau-record-historique-de-lor-en-decembre\\\/#article\",\"isPartOf\":{\"@id\":\"https:\\\/\\\/www.gold.fr\\\/news\\\/2023\\\/12\\\/15\\\/interview-de-laurent-schwartz-sur-bfm-business-nouveau-record-historique-de-lor-en-decembre\\\/\"},\"author\":{\"name\":\"Laurent Schwartz\",\"@id\":\"https:\\\/\\\/www.gold.fr\\\/news\\\/#\\\/schema\\\/person\\\/4ed91d9a70d8f3a313c26e8308214fc2\"},\"headline\":\"Interview de Laurent Schwartz sur BFM Business &#8211; Nouveau record historique de l\u2019or en d\u00e9cembre\",\"datePublished\":\"2023-12-15T10:46:10+00:00\",\"mainEntityOfPage\":{\"@id\":\"https:\\\/\\\/www.gold.fr\\\/news\\\/2023\\\/12\\\/15\\\/interview-de-laurent-schwartz-sur-bfm-business-nouveau-record-historique-de-lor-en-decembre\\\/\"},\"wordCount\":315,\"image\":{\"@id\":\"https:\\\/\\\/www.gold.fr\\\/news\\\/2023\\\/12\\\/15\\\/interview-de-laurent-schwartz-sur-bfm-business-nouveau-record-historique-de-lor-en-decembre\\\/#primaryimage\"},\"thumbnailUrl\":\"https:\\\/\\\/www.gold.fr\\\/news\\\/wp-content\\\/uploads\\\/2023\\\/12\\\/MEA-WP-800533-5.png\",\"keywords\":[\"achat or chine\",\"investir dans l'Or\",\"march\u00e9 de l'or\",\"Tout Cours de l'Or\",\"Valeur refuge\"],\"articleSection\":[\"Articles de presse\",\"CNDO dans la presse\"],\"inLanguage\":\"fr-FR\"},{\"@type\":\"WebPage\",\"@id\":\"https:\\\/\\\/www.gold.fr\\\/news\\\/2023\\\/12\\\/15\\\/interview-de-laurent-schwartz-sur-bfm-business-nouveau-record-historique-de-lor-en-decembre\\\/\",\"url\":\"https:\\\/\\\/www.gold.fr\\\/news\\\/2023\\\/12\\\/15\\\/interview-de-laurent-schwartz-sur-bfm-business-nouveau-record-historique-de-lor-en-decembre\\\/\",\"name\":\"Nouveau record historique du cours de l\u2019or en d\u00e9cembre - Gold.fr\",\"isPartOf\":{\"@id\":\"https:\\\/\\\/www.gold.fr\\\/news\\\/#website\"},\"primaryImageOfPage\":{\"@id\":\"https:\\\/\\\/www.gold.fr\\\/news\\\/2023\\\/12\\\/15\\\/interview-de-laurent-schwartz-sur-bfm-business-nouveau-record-historique-de-lor-en-decembre\\\/#primaryimage\"},\"image\":{\"@id\":\"https:\\\/\\\/www.gold.fr\\\/news\\\/2023\\\/12\\\/15\\\/interview-de-laurent-schwartz-sur-bfm-business-nouveau-record-historique-de-lor-en-decembre\\\/#primaryimage\"},\"thumbnailUrl\":\"https:\\\/\\\/www.gold.fr\\\/news\\\/wp-content\\\/uploads\\\/2023\\\/12\\\/MEA-WP-800533-5.png\",\"datePublished\":\"2023-12-15T10:46:10+00:00\",\"author\":{\"@id\":\"https:\\\/\\\/www.gold.fr\\\/news\\\/#\\\/schema\\\/person\\\/4ed91d9a70d8f3a313c26e8308214fc2\"},\"description\":\"Le cours de l'or atteint des records historique en cette fin d'ann\u00e9e. Laurent Schwartz vous dit tout sur le cours de l'or sur BFM Business.\",\"breadcrumb\":{\"@id\":\"https:\\\/\\\/www.gold.fr\\\/news\\\/2023\\\/12\\\/15\\\/interview-de-laurent-schwartz-sur-bfm-business-nouveau-record-historique-de-lor-en-decembre\\\/#breadcrumb\"},\"inLanguage\":\"fr-FR\",\"potentialAction\":[{\"@type\":\"ReadAction\",\"target\":[\"https:\\\/\\\/www.gold.fr\\\/news\\\/2023\\\/12\\\/15\\\/interview-de-laurent-schwartz-sur-bfm-business-nouveau-record-historique-de-lor-en-decembre\\\/\"]}]},{\"@type\":\"ImageObject\",\"inLanguage\":\"fr-FR\",\"@id\":\"https:\\\/\\\/www.gold.fr\\\/news\\\/2023\\\/12\\\/15\\\/interview-de-laurent-schwartz-sur-bfm-business-nouveau-record-historique-de-lor-en-decembre\\\/#primaryimage\",\"url\":\"https:\\\/\\\/www.gold.fr\\\/news\\\/wp-content\\\/uploads\\\/2023\\\/12\\\/MEA-WP-800533-5.png\",\"contentUrl\":\"https:\\\/\\\/www.gold.fr\\\/news\\\/wp-content\\\/uploads\\\/2023\\\/12\\\/MEA-WP-800533-5.png\",\"width\":800,\"height\":533,\"caption\":\"Interview de Laurent Schwartz sur BFM Business - Nouveau record historique du cours de l\u2019or en d\u00e9cembre\"},{\"@type\":\"BreadcrumbList\",\"@id\":\"https:\\\/\\\/www.gold.fr\\\/news\\\/2023\\\/12\\\/15\\\/interview-de-laurent-schwartz-sur-bfm-business-nouveau-record-historique-de-lor-en-decembre\\\/#breadcrumb\",\"itemListElement\":[{\"@type\":\"ListItem\",\"position\":1,\"name\":\"Accueil\",\"item\":\"https:\\\/\\\/www.gold.fr\\\/\"},{\"@type\":\"ListItem\",\"position\":2,\"name\":\"Actualit\u00e9s\",\"item\":\"https:\\\/\\\/www.gold.fr\\\/news\\\/\"},{\"@type\":\"ListItem\",\"position\":3,\"name\":\"Interview de Laurent Schwartz sur BFM Business &#8211; Nouveau record historique de l\u2019or en d\u00e9cembre\"}]},{\"@type\":\"WebSite\",\"@id\":\"https:\\\/\\\/www.gold.fr\\\/news\\\/#website\",\"url\":\"https:\\\/\\\/www.gold.fr\\\/news\\\/\",\"name\":\"Gold.fr\",\"description\":\"Actualit\u00e9s de l&#039;Or et des m\u00e9taux pr\u00e9cieux\",\"potentialAction\":[{\"@type\":\"SearchAction\",\"target\":{\"@type\":\"EntryPoint\",\"urlTemplate\":\"https:\\\/\\\/www.gold.fr\\\/news\\\/?s={search_term_string}\"},\"query-input\":{\"@type\":\"PropertyValueSpecification\",\"valueRequired\":true,\"valueName\":\"search_term_string\"}}],\"inLanguage\":\"fr-FR\"},{\"@type\":\"Person\",\"@id\":\"https:\\\/\\\/www.gold.fr\\\/news\\\/#\\\/schema\\\/person\\\/4ed91d9a70d8f3a313c26e8308214fc2\",\"name\":\"Laurent Schwartz\",\"image\":{\"@type\":\"ImageObject\",\"inLanguage\":\"fr-FR\",\"@id\":\"https:\\\/\\\/secure.gravatar.com\\\/avatar\\\/1496f846049365121827f5470219486f1a95f83957cc8ca0a9595e40c185f5ee?s=96&d=mm&r=g76f0e87c9ba82a161860a0fc16990d85\",\"url\":\"https:\\\/\\\/secure.gravatar.com\\\/avatar\\\/1496f846049365121827f5470219486f1a95f83957cc8ca0a9595e40c185f5ee?s=96&d=mm&r=g\",\"contentUrl\":\"https:\\\/\\\/secure.gravatar.com\\\/avatar\\\/1496f846049365121827f5470219486f1a95f83957cc8ca0a9595e40c185f5ee?s=96&d=mm&r=g\",\"caption\":\"Laurent Schwartz\"},\"description\":\"Dipl\u00f4m\u00e9 de l\u2019EDHEC Business School en 2005, Laurent SCHWARTZ int\u00e8gre le cabinet d\u2019audit ERNST &amp; YOUNG en 2005 o\u00f9 il travaille pendant 4 ans. Parall\u00e8lement, il travaille au sein de l\u2019entreprise familiale cr\u00e9\u00e9e en 1976 \u00e0 Strasbourg. Fort de cette exp\u00e9rience et du savoir-faire d\u00e9velopp\u00e9 durant ces 40 derni\u00e8res ann\u00e9es, Laurent proc\u00e8de \u00e0 la refonte du site Internet Gold.fr d\u00e9di\u00e9 \u00e0 l\u2019achat d'or, vente d\u2019or (pi\u00e8ces, lingots, ...), achat or et argent,... qui conna\u00eetra un franc succ\u00e8s d\u00e8s son d\u00e9marrage en 2008. Il d\u00e9cide alors de d\u00e9velopper un r\u00e9seau de concessions exclusives: Le Comptoir National de l\u2019Or. Il assure d\u00e9sormais le pilotage strat\u00e9gique du 1er r\u00e9seau de France qui compte aujourd\u2019hui pas loin de 60 agences r\u00e9parties dans toute la France et depuis peu en Allemagne (Breisach). Le Comptoir National de l\u2019Or se positionne aujourd\u2019hui comme le leader incontournable sur le march\u00e9 de l\u2019Or et des m\u00e9taux pr\u00e9cieux en France.\",\"sameAs\":[\"https:\\\/\\\/www.gold.fr\",\"https:\\\/\\\/www.linkedin.com\\\/in\\\/acheteror\\\/\"]}]}<\/script>\n<!-- \/ Yoast SEO plugin. -->","yoast_head_json":{"title":"Nouveau record historique du cours de l\u2019or en d\u00e9cembre - Gold.fr","description":"Le cours de l'or atteint des records historique en cette fin d'ann\u00e9e. Laurent Schwartz vous dit tout sur le cours de l'or sur BFM Business.","robots":{"index":"index","follow":"follow","max-snippet":"max-snippet:-1","max-image-preview":"max-image-preview:large","max-video-preview":"max-video-preview:-1"},"canonical":"https:\/\/www.gold.fr\/news\/2023\/12\/15\/interview-de-laurent-schwartz-sur-bfm-business-nouveau-record-historique-de-lor-en-decembre\/","og_locale":"fr_FR","og_type":"article","og_title":"Nouveau record historique du cours de l\u2019or en d\u00e9cembre - Gold.fr","og_description":"Le cours de l'or atteint des records historique en cette fin d'ann\u00e9e. Laurent Schwartz vous dit tout sur le cours de l'or sur BFM Business.","og_url":"https:\/\/www.gold.fr\/news\/2023\/12\/15\/interview-de-laurent-schwartz-sur-bfm-business-nouveau-record-historique-de-lor-en-decembre\/","og_site_name":"Gold.fr","article_publisher":"https:\/\/www.facebook.com\/Goldfr\/","article_published_time":"2023-12-15T10:46:10+00:00","og_image":[{"width":800,"height":533,"url":"https:\/\/www.gold.fr\/news\/wp-content\/uploads\/2023\/12\/MEA-WP-800533-5.png","type":"image\/png"}],"author":"Laurent Schwartz","twitter_card":"summary_large_image","twitter_misc":{"\u00c9crit par":"Laurent Schwartz","Dur\u00e9e de lecture estim\u00e9e":"2 minutes"},"schema":{"@context":"https:\/\/schema.org","@graph":[{"@type":"Article","@id":"https:\/\/www.gold.fr\/news\/2023\/12\/15\/interview-de-laurent-schwartz-sur-bfm-business-nouveau-record-historique-de-lor-en-decembre\/#article","isPartOf":{"@id":"https:\/\/www.gold.fr\/news\/2023\/12\/15\/interview-de-laurent-schwartz-sur-bfm-business-nouveau-record-historique-de-lor-en-decembre\/"},"author":{"name":"Laurent Schwartz","@id":"https:\/\/www.gold.fr\/news\/#\/schema\/person\/4ed91d9a70d8f3a313c26e8308214fc2"},"headline":"Interview de Laurent Schwartz sur BFM Business &#8211; Nouveau record historique de l\u2019or en d\u00e9cembre","datePublished":"2023-12-15T10:46:10+00:00","mainEntityOfPage":{"@id":"https:\/\/www.gold.fr\/news\/2023\/12\/15\/interview-de-laurent-schwartz-sur-bfm-business-nouveau-record-historique-de-lor-en-decembre\/"},"wordCount":315,"image":{"@id":"https:\/\/www.gold.fr\/news\/2023\/12\/15\/interview-de-laurent-schwartz-sur-bfm-business-nouveau-record-historique-de-lor-en-decembre\/#primaryimage"},"thumbnailUrl":"https:\/\/www.gold.fr\/news\/wp-content\/uploads\/2023\/12\/MEA-WP-800533-5.png","keywords":["achat or chine","investir dans l'Or","march\u00e9 de l'or","Tout Cours de l'Or","Valeur refuge"],"articleSection":["Articles de presse","CNDO dans la presse"],"inLanguage":"fr-FR"},{"@type":"WebPage","@id":"https:\/\/www.gold.fr\/news\/2023\/12\/15\/interview-de-laurent-schwartz-sur-bfm-business-nouveau-record-historique-de-lor-en-decembre\/","url":"https:\/\/www.gold.fr\/news\/2023\/12\/15\/interview-de-laurent-schwartz-sur-bfm-business-nouveau-record-historique-de-lor-en-decembre\/","name":"Nouveau record historique du cours de l\u2019or en d\u00e9cembre - Gold.fr","isPartOf":{"@id":"https:\/\/www.gold.fr\/news\/#website"},"primaryImageOfPage":{"@id":"https:\/\/www.gold.fr\/news\/2023\/12\/15\/interview-de-laurent-schwartz-sur-bfm-business-nouveau-record-historique-de-lor-en-decembre\/#primaryimage"},"image":{"@id":"https:\/\/www.gold.fr\/news\/2023\/12\/15\/interview-de-laurent-schwartz-sur-bfm-business-nouveau-record-historique-de-lor-en-decembre\/#primaryimage"},"thumbnailUrl":"https:\/\/www.gold.fr\/news\/wp-content\/uploads\/2023\/12\/MEA-WP-800533-5.png","datePublished":"2023-12-15T10:46:10+00:00","author":{"@id":"https:\/\/www.gold.fr\/news\/#\/schema\/person\/4ed91d9a70d8f3a313c26e8308214fc2"},"description":"Le cours de l'or atteint des records historique en cette fin d'ann\u00e9e. Laurent Schwartz vous dit tout sur le cours de l'or sur BFM Business.","breadcrumb":{"@id":"https:\/\/www.gold.fr\/news\/2023\/12\/15\/interview-de-laurent-schwartz-sur-bfm-business-nouveau-record-historique-de-lor-en-decembre\/#breadcrumb"},"inLanguage":"fr-FR","potentialAction":[{"@type":"ReadAction","target":["https:\/\/www.gold.fr\/news\/2023\/12\/15\/interview-de-laurent-schwartz-sur-bfm-business-nouveau-record-historique-de-lor-en-decembre\/"]}]},{"@type":"ImageObject","inLanguage":"fr-FR","@id":"https:\/\/www.gold.fr\/news\/2023\/12\/15\/interview-de-laurent-schwartz-sur-bfm-business-nouveau-record-historique-de-lor-en-decembre\/#primaryimage","url":"https:\/\/www.gold.fr\/news\/wp-content\/uploads\/2023\/12\/MEA-WP-800533-5.png","contentUrl":"https:\/\/www.gold.fr\/news\/wp-content\/uploads\/2023\/12\/MEA-WP-800533-5.png","width":800,"height":533,"caption":"Interview de Laurent Schwartz sur BFM Business - Nouveau record historique du cours de l\u2019or en d\u00e9cembre"},{"@type":"BreadcrumbList","@id":"https:\/\/www.gold.fr\/news\/2023\/12\/15\/interview-de-laurent-schwartz-sur-bfm-business-nouveau-record-historique-de-lor-en-decembre\/#breadcrumb","itemListElement":[{"@type":"ListItem","position":1,"name":"Accueil","item":"https:\/\/www.gold.fr\/"},{"@type":"ListItem","position":2,"name":"Actualit\u00e9s","item":"https:\/\/www.gold.fr\/news\/"},{"@type":"ListItem","position":3,"name":"Interview de Laurent Schwartz sur BFM Business &#8211; Nouveau record historique de l\u2019or en d\u00e9cembre"}]},{"@type":"WebSite","@id":"https:\/\/www.gold.fr\/news\/#website","url":"https:\/\/www.gold.fr\/news\/","name":"Gold.fr","description":"Actualit\u00e9s de l&#039;Or et des m\u00e9taux pr\u00e9cieux","potentialAction":[{"@type":"SearchAction","target":{"@type":"EntryPoint","urlTemplate":"https:\/\/www.gold.fr\/news\/?s={search_term_string}"},"query-input":{"@type":"PropertyValueSpecification","valueRequired":true,"valueName":"search_term_string"}}],"inLanguage":"fr-FR"},{"@type":"Person","@id":"https:\/\/www.gold.fr\/news\/#\/schema\/person\/4ed91d9a70d8f3a313c26e8308214fc2","name":"Laurent Schwartz","image":{"@type":"ImageObject","inLanguage":"fr-FR","@id":"https:\/\/secure.gravatar.com\/avatar\/1496f846049365121827f5470219486f1a95f83957cc8ca0a9595e40c185f5ee?s=96&d=mm&r=g76f0e87c9ba82a161860a0fc16990d85","url":"https:\/\/secure.gravatar.com\/avatar\/1496f846049365121827f5470219486f1a95f83957cc8ca0a9595e40c185f5ee?s=96&d=mm&r=g","contentUrl":"https:\/\/secure.gravatar.com\/avatar\/1496f846049365121827f5470219486f1a95f83957cc8ca0a9595e40c185f5ee?s=96&d=mm&r=g","caption":"Laurent Schwartz"},"description":"Dipl\u00f4m\u00e9 de l\u2019EDHEC Business School en 2005, Laurent SCHWARTZ int\u00e8gre le cabinet d\u2019audit ERNST &amp; YOUNG en 2005 o\u00f9 il travaille pendant 4 ans. Parall\u00e8lement, il travaille au sein de l\u2019entreprise familiale cr\u00e9\u00e9e en 1976 \u00e0 Strasbourg. Fort de cette exp\u00e9rience et du savoir-faire d\u00e9velopp\u00e9 durant ces 40 derni\u00e8res ann\u00e9es, Laurent proc\u00e8de \u00e0 la refonte du site Internet Gold.fr d\u00e9di\u00e9 \u00e0 l\u2019achat d'or, vente d\u2019or (pi\u00e8ces, lingots, ...), achat or et argent,... qui conna\u00eetra un franc succ\u00e8s d\u00e8s son d\u00e9marrage en 2008. Il d\u00e9cide alors de d\u00e9velopper un r\u00e9seau de concessions exclusives: Le Comptoir National de l\u2019Or. Il assure d\u00e9sormais le pilotage strat\u00e9gique du 1er r\u00e9seau de France qui compte aujourd\u2019hui pas loin de 60 agences r\u00e9parties dans toute la France et depuis peu en Allemagne (Breisach). Le Comptoir National de l\u2019Or se positionne aujourd\u2019hui comme le leader incontournable sur le march\u00e9 de l\u2019Or et des m\u00e9taux pr\u00e9cieux en France.","sameAs":["https:\/\/www.gold.fr","https:\/\/www.linkedin.com\/in\/acheteror\/"]}]}},"authors":[{"term_id":2567,"user_id":6,"is_guest":0,"slug":"laurent","display_name":"Laurent Schwartz","avatar_url":"https:\/\/secure.gravatar.com\/avatar\/1496f846049365121827f5470219486f1a95f83957cc8ca0a9595e40c185f5ee?s=96&d=mm&r=g","0":null,"1":"","2":"","3":"","4":"","5":"","6":"","7":"","8":""}],"_links":{"self":[{"href":"https:\/\/www.gold.fr\/news\/wp-json\/wp\/v2\/posts\/44987","targetHints":{"allow":["GET"]}}],"collection":[{"href":"https:\/\/www.gold.fr\/news\/wp-json\/wp\/v2\/posts"}],"about":[{"href":"https:\/\/www.gold.fr\/news\/wp-json\/wp\/v2\/types\/post"}],"author":[{"embeddable":true,"href":"https:\/\/www.gold.fr\/news\/wp-json\/wp\/v2\/users\/6"}],"replies":[{"embeddable":true,"href":"https:\/\/www.gold.fr\/news\/wp-json\/wp\/v2\/comments?post=44987"}],"version-history":[{"count":0,"href":"https:\/\/www.gold.fr\/news\/wp-json\/wp\/v2\/posts\/44987\/revisions"}],"wp:featuredmedia":[{"embeddable":true,"href":"https:\/\/www.gold.fr\/news\/wp-json\/wp\/v2\/media\/44991"}],"wp:attachment":[{"href":"https:\/\/www.gold.fr\/news\/wp-json\/wp\/v2\/media?parent=44987"}],"wp:term":[{"taxonomy":"category","embeddable":true,"href":"https:\/\/www.gold.fr\/news\/wp-json\/wp\/v2\/categories?post=44987"},{"taxonomy":"post_tag","embeddable":true,"href":"https:\/\/www.gold.fr\/news\/wp-json\/wp\/v2\/tags?post=44987"},{"taxonomy":"author","embeddable":true,"href":"https:\/\/www.gold.fr\/news\/wp-json\/wp\/v2\/ppma_author?post=44987"}],"curies":[{"name":"wp","href":"https:\/\/api.w.org\/{rel}","templated":true}]}}