{"id":44966,"date":"2023-11-09T18:01:24","date_gmt":"2023-11-09T17:01:24","guid":{"rendered":"https:\/\/www.gold.fr\/news\/?p=44966"},"modified":"2023-11-09T18:01:24","modified_gmt":"2023-11-09T17:01:24","slug":"interview-de-laurent-schwartz-sur-bfm-business-quest-ce-qui-fait-bouger-le-cours-de-lor","status":"publish","type":"post","link":"https:\/\/www.gold.fr\/news\/2023\/11\/09\/interview-de-laurent-schwartz-sur-bfm-business-quest-ce-qui-fait-bouger-le-cours-de-lor\/","title":{"rendered":"Interview de Laurent Schwartz sur BFM Business &#8211; Qu&rsquo;est ce qui fait bouger le cours de l&rsquo;or ?"},"content":{"rendered":"<p>Depuis le d\u00e9but des attaques terroristes du Hamas en Isra\u00ebl le cours de l&rsquo;or augmente entre 9 et 10%. Le m\u00e9tal jaune est une protection financi\u00e8re contre les risques g\u00e9opolitiques, qui renforcent la <a href=\"https:\/\/www.gold.fr\/informations-sur-l-or\/faq\/pourquoi-dit-on-que-lor-est-une-valeur-refuge\">notion de valeur refuge<\/a> lorsque ces crises atteignent des records historiques. Toutes les crises de ces derni\u00e8res ann\u00e9es ont amen\u00e9 le cours de l&rsquo;or \u00e0 des recors historiques. C&rsquo;est notamment le cas avec la crise du Moyen-Orient qui am\u00e8ne le cours de l&rsquo;or \u00e0 d\u00e9passer les 60 000\u20ac du kilo et les 2 000$ l&rsquo;once.<\/p>\n<p>Mais alors comment investir ? Comment trouver le bon produit d&rsquo;investissement dans l&rsquo;or ? Comment fonctionne le <a href=\"https:\/\/www.gold.fr\/cours-or-prix-de-l-or\/\">cours de l&rsquo;or<\/a> ? Autant de questions pertinentes dont Laurent Schwartz, pr\u00e9sident du Comptoir National de l&rsquo;or, nous r\u00e9v\u00e8le tous les secrets.<\/p>\n<p><b>Dans cette interview, Laurent Schwartz, pr\u00e9sident du <\/b><a style=\"font-weight: bold;\" href=\"https:\/\/www.gold.fr\/comptoirs-achat-vente-or\/le-bouscat\/\">Comptoir National de l\u2019Or<\/a>, <strong>qui<\/strong> <b>nous explique le lien entre les risques g\u00e9opolitiques et la protection financi\u00e8re qu&rsquo;apporte le m\u00e9tal jaune.\u00a0<\/b><\/p>\n<p><iframe loading=\"lazy\" title=\"Interview de Laurent Schwartz sur BFM Business - L&#039;investissement Iconic Octobre\" width=\"500\" height=\"281\" src=\"https:\/\/www.youtube.com\/embed\/qpQclgtIeT4?feature=oembed\" frameborder=\"0\" allow=\"accelerometer; autoplay; clipboard-write; encrypted-media; gyroscope; picture-in-picture; web-share\" referrerpolicy=\"strict-origin-when-cross-origin\" allowfullscreen><\/iframe><\/p>\n<p>Vous pouvez aussi d\u00e9couvrir cette interview directement sur notre page <a href=\"https:\/\/www.youtube.com\/@ComptoirNationalOr\">Youtube &#8211; Comptoir National de l&rsquo;Or.<\/a><\/p>\n<!-- AddThis Advanced Settings generic via filter on the_content --><!-- AddThis Share Buttons generic via filter on the_content -->","protected":false},"excerpt":{"rendered":"<p>Depuis le d\u00e9but des attaques terroristes du Hamas en Isra\u00ebl le cours de l&rsquo;or augmente entre 9 et 10%. Le m\u00e9tal jaune est une protection financi\u00e8re contre les risques g\u00e9opolitiques, qui renforcent la notion de valeur [&hellip;]<\/p>\n","protected":false},"author":32,"featured_media":44973,"comment_status":"closed","ping_status":"closed","sticky":false,"template":"","format":"standard","meta":{"_mbp_gutenberg_autopost":false,"_pgmb_is_evergreen":false,"_pgmb_ap_template_id":0,"footnotes":""},"categories":[6,2414],"tags":[456,95,84,234],"ppma_author":[2572],"class_list":["post-44966","post","type-post","status-publish","format-standard","has-post-thumbnail","hentry","category-articles-de-presse","category-cndo-dans-la-presse","tag-investir-dans-lor","tag-marche-de-lor","tag-cours-de-lor","tag-valeur-refuge"],"yoast_head":"<!-- This site is optimized with the Yoast SEO plugin v27.5 - https:\/\/yoast.com\/product\/yoast-seo-wordpress\/ -->\n<title>Qu&#039;est ce qui fait bouger le cours de l&#039;or ? Laurent Schwartz sur BFM Business - Gold.fr<\/title>\n<meta name=\"description\" content=\"Le m\u00e9tal jaune est la protection financi\u00e8re parfaite pour faire face aux risques g\u00e9opolitiques. Laurent Schwartz vous explique tout.\" \/>\n<meta name=\"robots\" content=\"index, follow, max-snippet:-1, max-image-preview:large, max-video-preview:-1\" \/>\n<link rel=\"canonical\" href=\"https:\/\/www.gold.fr\/news\/2023\/11\/09\/interview-de-laurent-schwartz-sur-bfm-business-quest-ce-qui-fait-bouger-le-cours-de-lor\/\" \/>\n<meta property=\"og:locale\" content=\"fr_FR\" \/>\n<meta property=\"og:type\" content=\"article\" \/>\n<meta property=\"og:title\" content=\"Qu&#039;est ce qui fait bouger le cours de l&#039;or ? Laurent Schwartz sur BFM Business - Gold.fr\" \/>\n<meta property=\"og:description\" content=\"Le m\u00e9tal jaune est la protection financi\u00e8re parfaite pour faire face aux risques g\u00e9opolitiques. Laurent Schwartz vous explique tout.\" \/>\n<meta property=\"og:url\" content=\"https:\/\/www.gold.fr\/news\/2023\/11\/09\/interview-de-laurent-schwartz-sur-bfm-business-quest-ce-qui-fait-bouger-le-cours-de-lor\/\" \/>\n<meta property=\"og:site_name\" content=\"Gold.fr\" \/>\n<meta property=\"article:publisher\" content=\"https:\/\/www.facebook.com\/Goldfr\/\" \/>\n<meta property=\"article:published_time\" content=\"2023-11-09T17:01:24+00:00\" \/>\n<meta property=\"og:image\" content=\"https:\/\/www.gold.fr\/news\/wp-content\/uploads\/2023\/11\/MEA-WP-800533-2.png\" \/>\n\t<meta property=\"og:image:width\" content=\"800\" \/>\n\t<meta property=\"og:image:height\" content=\"533\" \/>\n\t<meta property=\"og:image:type\" content=\"image\/png\" \/>\n<meta name=\"author\" content=\"Mickael Amar\" \/>\n<meta name=\"twitter:card\" content=\"summary_large_image\" \/>\n<meta name=\"twitter:label1\" content=\"\u00c9crit par\" \/>\n\t<meta name=\"twitter:data1\" content=\"Mickael Amar\" \/>\n\t<meta name=\"twitter:label2\" content=\"Dur\u00e9e de lecture estim\u00e9e\" \/>\n\t<meta name=\"twitter:data2\" content=\"1 minute\" \/>\n<script type=\"application\/ld+json\" class=\"yoast-schema-graph\">{\"@context\":\"https:\\\/\\\/schema.org\",\"@graph\":[{\"@type\":\"Article\",\"@id\":\"https:\\\/\\\/www.gold.fr\\\/news\\\/2023\\\/11\\\/09\\\/interview-de-laurent-schwartz-sur-bfm-business-quest-ce-qui-fait-bouger-le-cours-de-lor\\\/#article\",\"isPartOf\":{\"@id\":\"https:\\\/\\\/www.gold.fr\\\/news\\\/2023\\\/11\\\/09\\\/interview-de-laurent-schwartz-sur-bfm-business-quest-ce-qui-fait-bouger-le-cours-de-lor\\\/\"},\"author\":{\"name\":\"Mickael Amar\",\"@id\":\"https:\\\/\\\/www.gold.fr\\\/news\\\/#\\\/schema\\\/person\\\/3cd6ba43512e1455694a537511f9846c\"},\"headline\":\"Interview de Laurent Schwartz sur BFM Business &#8211; Qu&rsquo;est ce qui fait bouger le cours de l&rsquo;or ?\",\"datePublished\":\"2023-11-09T17:01:24+00:00\",\"mainEntityOfPage\":{\"@id\":\"https:\\\/\\\/www.gold.fr\\\/news\\\/2023\\\/11\\\/09\\\/interview-de-laurent-schwartz-sur-bfm-business-quest-ce-qui-fait-bouger-le-cours-de-lor\\\/\"},\"wordCount\":216,\"image\":{\"@id\":\"https:\\\/\\\/www.gold.fr\\\/news\\\/2023\\\/11\\\/09\\\/interview-de-laurent-schwartz-sur-bfm-business-quest-ce-qui-fait-bouger-le-cours-de-lor\\\/#primaryimage\"},\"thumbnailUrl\":\"https:\\\/\\\/www.gold.fr\\\/news\\\/wp-content\\\/uploads\\\/2023\\\/11\\\/MEA-WP-800533-2.png\",\"keywords\":[\"investir dans l'Or\",\"march\u00e9 de l'or\",\"Tout Cours de l'Or\",\"Valeur refuge\"],\"articleSection\":[\"Articles de presse\",\"CNDO dans la presse\"],\"inLanguage\":\"fr-FR\"},{\"@type\":\"WebPage\",\"@id\":\"https:\\\/\\\/www.gold.fr\\\/news\\\/2023\\\/11\\\/09\\\/interview-de-laurent-schwartz-sur-bfm-business-quest-ce-qui-fait-bouger-le-cours-de-lor\\\/\",\"url\":\"https:\\\/\\\/www.gold.fr\\\/news\\\/2023\\\/11\\\/09\\\/interview-de-laurent-schwartz-sur-bfm-business-quest-ce-qui-fait-bouger-le-cours-de-lor\\\/\",\"name\":\"Qu'est ce qui fait bouger le cours de l'or ? Laurent Schwartz sur BFM Business - Gold.fr\",\"isPartOf\":{\"@id\":\"https:\\\/\\\/www.gold.fr\\\/news\\\/#website\"},\"primaryImageOfPage\":{\"@id\":\"https:\\\/\\\/www.gold.fr\\\/news\\\/2023\\\/11\\\/09\\\/interview-de-laurent-schwartz-sur-bfm-business-quest-ce-qui-fait-bouger-le-cours-de-lor\\\/#primaryimage\"},\"image\":{\"@id\":\"https:\\\/\\\/www.gold.fr\\\/news\\\/2023\\\/11\\\/09\\\/interview-de-laurent-schwartz-sur-bfm-business-quest-ce-qui-fait-bouger-le-cours-de-lor\\\/#primaryimage\"},\"thumbnailUrl\":\"https:\\\/\\\/www.gold.fr\\\/news\\\/wp-content\\\/uploads\\\/2023\\\/11\\\/MEA-WP-800533-2.png\",\"datePublished\":\"2023-11-09T17:01:24+00:00\",\"author\":{\"@id\":\"https:\\\/\\\/www.gold.fr\\\/news\\\/#\\\/schema\\\/person\\\/3cd6ba43512e1455694a537511f9846c\"},\"description\":\"Le m\u00e9tal jaune est la protection financi\u00e8re parfaite pour faire face aux risques g\u00e9opolitiques. Laurent Schwartz vous explique tout.\",\"breadcrumb\":{\"@id\":\"https:\\\/\\\/www.gold.fr\\\/news\\\/2023\\\/11\\\/09\\\/interview-de-laurent-schwartz-sur-bfm-business-quest-ce-qui-fait-bouger-le-cours-de-lor\\\/#breadcrumb\"},\"inLanguage\":\"fr-FR\",\"potentialAction\":[{\"@type\":\"ReadAction\",\"target\":[\"https:\\\/\\\/www.gold.fr\\\/news\\\/2023\\\/11\\\/09\\\/interview-de-laurent-schwartz-sur-bfm-business-quest-ce-qui-fait-bouger-le-cours-de-lor\\\/\"]}]},{\"@type\":\"ImageObject\",\"inLanguage\":\"fr-FR\",\"@id\":\"https:\\\/\\\/www.gold.fr\\\/news\\\/2023\\\/11\\\/09\\\/interview-de-laurent-schwartz-sur-bfm-business-quest-ce-qui-fait-bouger-le-cours-de-lor\\\/#primaryimage\",\"url\":\"https:\\\/\\\/www.gold.fr\\\/news\\\/wp-content\\\/uploads\\\/2023\\\/11\\\/MEA-WP-800533-2.png\",\"contentUrl\":\"https:\\\/\\\/www.gold.fr\\\/news\\\/wp-content\\\/uploads\\\/2023\\\/11\\\/MEA-WP-800533-2.png\",\"width\":800,\"height\":533,\"caption\":\"Interview de Laurent Schwartz sur BFM Business - Qu'est ce qui fait bouger le cours de l'or ? protection financi\u00e8re\"},{\"@type\":\"BreadcrumbList\",\"@id\":\"https:\\\/\\\/www.gold.fr\\\/news\\\/2023\\\/11\\\/09\\\/interview-de-laurent-schwartz-sur-bfm-business-quest-ce-qui-fait-bouger-le-cours-de-lor\\\/#breadcrumb\",\"itemListElement\":[{\"@type\":\"ListItem\",\"position\":1,\"name\":\"Accueil\",\"item\":\"https:\\\/\\\/www.gold.fr\\\/\"},{\"@type\":\"ListItem\",\"position\":2,\"name\":\"Actualit\u00e9s\",\"item\":\"https:\\\/\\\/www.gold.fr\\\/news\\\/\"},{\"@type\":\"ListItem\",\"position\":3,\"name\":\"Interview de Laurent Schwartz sur BFM Business &#8211; Qu&rsquo;est ce qui fait bouger le cours de l&rsquo;or ?\"}]},{\"@type\":\"WebSite\",\"@id\":\"https:\\\/\\\/www.gold.fr\\\/news\\\/#website\",\"url\":\"https:\\\/\\\/www.gold.fr\\\/news\\\/\",\"name\":\"Gold.fr\",\"description\":\"Actualit\u00e9s de l&#039;Or et des m\u00e9taux pr\u00e9cieux\",\"potentialAction\":[{\"@type\":\"SearchAction\",\"target\":{\"@type\":\"EntryPoint\",\"urlTemplate\":\"https:\\\/\\\/www.gold.fr\\\/news\\\/?s={search_term_string}\"},\"query-input\":{\"@type\":\"PropertyValueSpecification\",\"valueRequired\":true,\"valueName\":\"search_term_string\"}}],\"inLanguage\":\"fr-FR\"},{\"@type\":\"Person\",\"@id\":\"https:\\\/\\\/www.gold.fr\\\/news\\\/#\\\/schema\\\/person\\\/3cd6ba43512e1455694a537511f9846c\",\"name\":\"Mickael Amar\",\"image\":{\"@type\":\"ImageObject\",\"inLanguage\":\"fr-FR\",\"@id\":\"https:\\\/\\\/secure.gravatar.com\\\/avatar\\\/d52a0f458f57710f6e885a37fb07c37884548c110528dceeec4cde123e2f9231?s=96&d=mm&r=g12ea243340d82582abb9455c9c290483\",\"url\":\"https:\\\/\\\/secure.gravatar.com\\\/avatar\\\/d52a0f458f57710f6e885a37fb07c37884548c110528dceeec4cde123e2f9231?s=96&d=mm&r=g\",\"contentUrl\":\"https:\\\/\\\/secure.gravatar.com\\\/avatar\\\/d52a0f458f57710f6e885a37fb07c37884548c110528dceeec4cde123e2f9231?s=96&d=mm&r=g\",\"caption\":\"Mickael Amar\"},\"description\":\"Mickael Amar travaille en tant qu\u2019Adjoint du Directeur Op\u00e9rationnel au Comptoir National de l\u2019Or et il est aussi Responsable de la Formation des nouveaux Responsables d\u2019Agence qui int\u00e8grent le r\u00e9seau. Il a une vingtaine d\u2019ann\u00e9es d\u2019exp\u00e9rience sur des postes orient\u00e9s gestion de projets, conseil, accompagnement, RH, management avec \u00e0 chaque fois une composante business importante. Au Comptoir National de l\u2019Or il a pu d\u00e9velopper son expertise sur les march\u00e9s financiers et en particulier celui de l\u2019or et des m\u00e9taux pr\u00e9cieux. Le Comptoir National de l\u2019Or se positionne aujourd\u2019hui comme le leader incontournable sur le march\u00e9 de l\u2019Or et des m\u00e9taux pr\u00e9cieux en France. (achat d'or et vente d'or).\",\"sameAs\":[\"https:\\\/\\\/www.linkedin.com\\\/in\\\/mickael-amar\\\/\"]}]}<\/script>\n<!-- \/ Yoast SEO plugin. -->","yoast_head_json":{"title":"Qu'est ce qui fait bouger le cours de l'or ? Laurent Schwartz sur BFM Business - Gold.fr","description":"Le m\u00e9tal jaune est la protection financi\u00e8re parfaite pour faire face aux risques g\u00e9opolitiques. Laurent Schwartz vous explique tout.","robots":{"index":"index","follow":"follow","max-snippet":"max-snippet:-1","max-image-preview":"max-image-preview:large","max-video-preview":"max-video-preview:-1"},"canonical":"https:\/\/www.gold.fr\/news\/2023\/11\/09\/interview-de-laurent-schwartz-sur-bfm-business-quest-ce-qui-fait-bouger-le-cours-de-lor\/","og_locale":"fr_FR","og_type":"article","og_title":"Qu'est ce qui fait bouger le cours de l'or ? Laurent Schwartz sur BFM Business - Gold.fr","og_description":"Le m\u00e9tal jaune est la protection financi\u00e8re parfaite pour faire face aux risques g\u00e9opolitiques. Laurent Schwartz vous explique tout.","og_url":"https:\/\/www.gold.fr\/news\/2023\/11\/09\/interview-de-laurent-schwartz-sur-bfm-business-quest-ce-qui-fait-bouger-le-cours-de-lor\/","og_site_name":"Gold.fr","article_publisher":"https:\/\/www.facebook.com\/Goldfr\/","article_published_time":"2023-11-09T17:01:24+00:00","og_image":[{"width":800,"height":533,"url":"https:\/\/www.gold.fr\/news\/wp-content\/uploads\/2023\/11\/MEA-WP-800533-2.png","type":"image\/png"}],"author":"Mickael Amar","twitter_card":"summary_large_image","twitter_misc":{"\u00c9crit par":"Mickael Amar","Dur\u00e9e de lecture estim\u00e9e":"1 minute"},"schema":{"@context":"https:\/\/schema.org","@graph":[{"@type":"Article","@id":"https:\/\/www.gold.fr\/news\/2023\/11\/09\/interview-de-laurent-schwartz-sur-bfm-business-quest-ce-qui-fait-bouger-le-cours-de-lor\/#article","isPartOf":{"@id":"https:\/\/www.gold.fr\/news\/2023\/11\/09\/interview-de-laurent-schwartz-sur-bfm-business-quest-ce-qui-fait-bouger-le-cours-de-lor\/"},"author":{"name":"Mickael Amar","@id":"https:\/\/www.gold.fr\/news\/#\/schema\/person\/3cd6ba43512e1455694a537511f9846c"},"headline":"Interview de Laurent Schwartz sur BFM Business &#8211; Qu&rsquo;est ce qui fait bouger le cours de l&rsquo;or ?","datePublished":"2023-11-09T17:01:24+00:00","mainEntityOfPage":{"@id":"https:\/\/www.gold.fr\/news\/2023\/11\/09\/interview-de-laurent-schwartz-sur-bfm-business-quest-ce-qui-fait-bouger-le-cours-de-lor\/"},"wordCount":216,"image":{"@id":"https:\/\/www.gold.fr\/news\/2023\/11\/09\/interview-de-laurent-schwartz-sur-bfm-business-quest-ce-qui-fait-bouger-le-cours-de-lor\/#primaryimage"},"thumbnailUrl":"https:\/\/www.gold.fr\/news\/wp-content\/uploads\/2023\/11\/MEA-WP-800533-2.png","keywords":["investir dans l'Or","march\u00e9 de l'or","Tout Cours de l'Or","Valeur refuge"],"articleSection":["Articles de presse","CNDO dans la presse"],"inLanguage":"fr-FR"},{"@type":"WebPage","@id":"https:\/\/www.gold.fr\/news\/2023\/11\/09\/interview-de-laurent-schwartz-sur-bfm-business-quest-ce-qui-fait-bouger-le-cours-de-lor\/","url":"https:\/\/www.gold.fr\/news\/2023\/11\/09\/interview-de-laurent-schwartz-sur-bfm-business-quest-ce-qui-fait-bouger-le-cours-de-lor\/","name":"Qu'est ce qui fait bouger le cours de l'or ? Laurent Schwartz sur BFM Business - Gold.fr","isPartOf":{"@id":"https:\/\/www.gold.fr\/news\/#website"},"primaryImageOfPage":{"@id":"https:\/\/www.gold.fr\/news\/2023\/11\/09\/interview-de-laurent-schwartz-sur-bfm-business-quest-ce-qui-fait-bouger-le-cours-de-lor\/#primaryimage"},"image":{"@id":"https:\/\/www.gold.fr\/news\/2023\/11\/09\/interview-de-laurent-schwartz-sur-bfm-business-quest-ce-qui-fait-bouger-le-cours-de-lor\/#primaryimage"},"thumbnailUrl":"https:\/\/www.gold.fr\/news\/wp-content\/uploads\/2023\/11\/MEA-WP-800533-2.png","datePublished":"2023-11-09T17:01:24+00:00","author":{"@id":"https:\/\/www.gold.fr\/news\/#\/schema\/person\/3cd6ba43512e1455694a537511f9846c"},"description":"Le m\u00e9tal jaune est la protection financi\u00e8re parfaite pour faire face aux risques g\u00e9opolitiques. Laurent Schwartz vous explique tout.","breadcrumb":{"@id":"https:\/\/www.gold.fr\/news\/2023\/11\/09\/interview-de-laurent-schwartz-sur-bfm-business-quest-ce-qui-fait-bouger-le-cours-de-lor\/#breadcrumb"},"inLanguage":"fr-FR","potentialAction":[{"@type":"ReadAction","target":["https:\/\/www.gold.fr\/news\/2023\/11\/09\/interview-de-laurent-schwartz-sur-bfm-business-quest-ce-qui-fait-bouger-le-cours-de-lor\/"]}]},{"@type":"ImageObject","inLanguage":"fr-FR","@id":"https:\/\/www.gold.fr\/news\/2023\/11\/09\/interview-de-laurent-schwartz-sur-bfm-business-quest-ce-qui-fait-bouger-le-cours-de-lor\/#primaryimage","url":"https:\/\/www.gold.fr\/news\/wp-content\/uploads\/2023\/11\/MEA-WP-800533-2.png","contentUrl":"https:\/\/www.gold.fr\/news\/wp-content\/uploads\/2023\/11\/MEA-WP-800533-2.png","width":800,"height":533,"caption":"Interview de Laurent Schwartz sur BFM Business - Qu'est ce qui fait bouger le cours de l'or ? protection financi\u00e8re"},{"@type":"BreadcrumbList","@id":"https:\/\/www.gold.fr\/news\/2023\/11\/09\/interview-de-laurent-schwartz-sur-bfm-business-quest-ce-qui-fait-bouger-le-cours-de-lor\/#breadcrumb","itemListElement":[{"@type":"ListItem","position":1,"name":"Accueil","item":"https:\/\/www.gold.fr\/"},{"@type":"ListItem","position":2,"name":"Actualit\u00e9s","item":"https:\/\/www.gold.fr\/news\/"},{"@type":"ListItem","position":3,"name":"Interview de Laurent Schwartz sur BFM Business &#8211; Qu&rsquo;est ce qui fait bouger le cours de l&rsquo;or ?"}]},{"@type":"WebSite","@id":"https:\/\/www.gold.fr\/news\/#website","url":"https:\/\/www.gold.fr\/news\/","name":"Gold.fr","description":"Actualit\u00e9s de l&#039;Or et des m\u00e9taux pr\u00e9cieux","potentialAction":[{"@type":"SearchAction","target":{"@type":"EntryPoint","urlTemplate":"https:\/\/www.gold.fr\/news\/?s={search_term_string}"},"query-input":{"@type":"PropertyValueSpecification","valueRequired":true,"valueName":"search_term_string"}}],"inLanguage":"fr-FR"},{"@type":"Person","@id":"https:\/\/www.gold.fr\/news\/#\/schema\/person\/3cd6ba43512e1455694a537511f9846c","name":"Mickael Amar","image":{"@type":"ImageObject","inLanguage":"fr-FR","@id":"https:\/\/secure.gravatar.com\/avatar\/d52a0f458f57710f6e885a37fb07c37884548c110528dceeec4cde123e2f9231?s=96&d=mm&r=g12ea243340d82582abb9455c9c290483","url":"https:\/\/secure.gravatar.com\/avatar\/d52a0f458f57710f6e885a37fb07c37884548c110528dceeec4cde123e2f9231?s=96&d=mm&r=g","contentUrl":"https:\/\/secure.gravatar.com\/avatar\/d52a0f458f57710f6e885a37fb07c37884548c110528dceeec4cde123e2f9231?s=96&d=mm&r=g","caption":"Mickael Amar"},"description":"Mickael Amar travaille en tant qu\u2019Adjoint du Directeur Op\u00e9rationnel au Comptoir National de l\u2019Or et il est aussi Responsable de la Formation des nouveaux Responsables d\u2019Agence qui int\u00e8grent le r\u00e9seau. Il a une vingtaine d\u2019ann\u00e9es d\u2019exp\u00e9rience sur des postes orient\u00e9s gestion de projets, conseil, accompagnement, RH, management avec \u00e0 chaque fois une composante business importante. Au Comptoir National de l\u2019Or il a pu d\u00e9velopper son expertise sur les march\u00e9s financiers et en particulier celui de l\u2019or et des m\u00e9taux pr\u00e9cieux. Le Comptoir National de l\u2019Or se positionne aujourd\u2019hui comme le leader incontournable sur le march\u00e9 de l\u2019Or et des m\u00e9taux pr\u00e9cieux en France. (achat d'or et vente d'or).","sameAs":["https:\/\/www.linkedin.com\/in\/mickael-amar\/"]}]}},"authors":[{"term_id":2572,"user_id":32,"is_guest":0,"slug":"mickael-amar","display_name":"Mickael Amar","avatar_url":"https:\/\/secure.gravatar.com\/avatar\/d52a0f458f57710f6e885a37fb07c37884548c110528dceeec4cde123e2f9231?s=96&d=mm&r=g","0":null,"1":"","2":"","3":"","4":"","5":"","6":"","7":"","8":""}],"_links":{"self":[{"href":"https:\/\/www.gold.fr\/news\/wp-json\/wp\/v2\/posts\/44966","targetHints":{"allow":["GET"]}}],"collection":[{"href":"https:\/\/www.gold.fr\/news\/wp-json\/wp\/v2\/posts"}],"about":[{"href":"https:\/\/www.gold.fr\/news\/wp-json\/wp\/v2\/types\/post"}],"author":[{"embeddable":true,"href":"https:\/\/www.gold.fr\/news\/wp-json\/wp\/v2\/users\/32"}],"replies":[{"embeddable":true,"href":"https:\/\/www.gold.fr\/news\/wp-json\/wp\/v2\/comments?post=44966"}],"version-history":[{"count":0,"href":"https:\/\/www.gold.fr\/news\/wp-json\/wp\/v2\/posts\/44966\/revisions"}],"wp:featuredmedia":[{"embeddable":true,"href":"https:\/\/www.gold.fr\/news\/wp-json\/wp\/v2\/media\/44973"}],"wp:attachment":[{"href":"https:\/\/www.gold.fr\/news\/wp-json\/wp\/v2\/media?parent=44966"}],"wp:term":[{"taxonomy":"category","embeddable":true,"href":"https:\/\/www.gold.fr\/news\/wp-json\/wp\/v2\/categories?post=44966"},{"taxonomy":"post_tag","embeddable":true,"href":"https:\/\/www.gold.fr\/news\/wp-json\/wp\/v2\/tags?post=44966"},{"taxonomy":"author","embeddable":true,"href":"https:\/\/www.gold.fr\/news\/wp-json\/wp\/v2\/ppma_author?post=44966"}],"curies":[{"name":"wp","href":"https:\/\/api.w.org\/{rel}","templated":true}]}}