{"id":44959,"date":"2023-11-01T16:24:28","date_gmt":"2023-11-01T15:24:28","guid":{"rendered":"https:\/\/www.gold.fr\/news\/?p=44959"},"modified":"2023-11-09T16:33:43","modified_gmt":"2023-11-09T15:33:43","slug":"interview-de-laurent-schwartz-sur-boursorama","status":"publish","type":"post","link":"https:\/\/www.gold.fr\/news\/2023\/11\/01\/interview-de-laurent-schwartz-sur-boursorama\/","title":{"rendered":"Interview de Laurent Schwartz sur Boursorama &#8211; Guerre Isra\u00ebl &#8211; Hamas : des fran\u00e7ais qui se ruent sur l&rsquo;or ?"},"content":{"rendered":"<p>Depuis le d\u00e9but des attaques terroristes du Hamas en Isra\u00ebl l&rsquo;once d&rsquo;or gagne 8%. Nous constatons que le m\u00e9tal jaune renforce sa <a href=\"https:\/\/www.gold.fr\/informations-sur-l-or\/faq\/pourquoi-dit-on-que-lor-est-une-valeur-refuge\">notion de valeur refuge<\/a> lors des diff\u00e9rentes crises g\u00e9opolitiques en atteignant des records historiques. Pour mesurer l&rsquo;importance des risques g\u00e9opolitiques, un indicateur existe. Il se nomme le \u00ab\u00a0Geopolitical Risk Index\u00a0\u00bb qui est calcul\u00e9 aux USA et qui a atteint le 10 octobre un pic historique. Ce pic historique ne c&rsquo;\u00e9tait produit que 3 fois dans le pass\u00e9, lors des attentats du 11 septembre, de l&rsquo;entr\u00e9e en guerre en Irak des USA et lors de la guerre en Ukraine. Lorsque cet indice atteint un pic, l&rsquo;investissement en or physique augmente.<\/p>\n<p>Mais alors comment investir ? Comment trouver le bon produit d&rsquo;investissement dans l&rsquo;or ? Comment fonctionne le <a href=\"https:\/\/www.gold.fr\/cours-or-prix-de-l-or\/\">cours de l&rsquo;or<\/a> ? En quoi consiste cet indice de risques g\u00e9opolitiques ? Autant de questions pertinentes dont Laurent Schwartz, pr\u00e9sident du Comptoir National de l&rsquo;or, nous r\u00e9v\u00e8le tous les secrets.<\/p>\n<p><b>Dans cette interview, Laurent Schwartz, pr\u00e9sident du <\/b><a style=\"font-weight: bold;\" href=\"https:\/\/www.gold.fr\/comptoirs-achat-vente-or\/le-bouscat\/\">Comptoir National de l\u2019Or<\/a>, <b>nous\u00a0\u00e9voque\u00a0le cours de l&rsquo;or et nous conseille dans l&rsquo;investissement de m\u00e9taux pr\u00e9cieux.\u00a0<\/b><\/p>\n<p><iframe loading=\"lazy\" title=\"Laurent Schwartz en interview sur Ecorama - Boursorama\" width=\"500\" height=\"281\" src=\"https:\/\/www.youtube.com\/embed\/MzjkysI69SU?feature=oembed\" frameborder=\"0\" allow=\"accelerometer; autoplay; clipboard-write; encrypted-media; gyroscope; picture-in-picture; web-share\" referrerpolicy=\"strict-origin-when-cross-origin\" allowfullscreen><\/iframe><\/p>\n<p>Vous pouvez aussi d\u00e9couvrir cette interview directement sur notre page <a href=\"https:\/\/www.youtube.com\/@ComptoirNationalOr\">Youtube &#8211; Comptoir National de l&rsquo;Or.<\/a><\/p>\n<!-- AddThis Advanced Settings generic via filter on the_content --><!-- AddThis Share Buttons generic via filter on the_content -->","protected":false},"excerpt":{"rendered":"<p>Depuis le d\u00e9but des attaques terroristes du Hamas en Isra\u00ebl l&rsquo;once d&rsquo;or gagne 8%. Nous constatons que le m\u00e9tal jaune renforce sa notion de valeur refuge lors des diff\u00e9rentes crises g\u00e9opolitiques en atteignant des records historiques. [&hellip;]<\/p>\n","protected":false},"author":33,"featured_media":44965,"comment_status":"closed","ping_status":"closed","sticky":false,"template":"","format":"standard","meta":{"_mbp_gutenberg_autopost":false,"_pgmb_is_evergreen":false,"_pgmb_ap_template_id":0,"footnotes":""},"categories":[6,2414],"tags":[456,95,84,234],"ppma_author":[2571],"class_list":["post-44959","post","type-post","status-publish","format-standard","has-post-thumbnail","hentry","category-articles-de-presse","category-cndo-dans-la-presse","tag-investir-dans-lor","tag-marche-de-lor","tag-cours-de-lor","tag-valeur-refuge"],"yoast_head":"<!-- This site is optimized with the Yoast SEO plugin v27.5 - https:\/\/yoast.com\/product\/yoast-seo-wordpress\/ -->\n<title>Guerre Isra\u00ebl - Hamas : des fran\u00e7ais qui se ruent sur l&#039;or ? - Gold.fr<\/title>\n<meta name=\"description\" content=\"La coh\u00e9rence entre les risques g\u00e9opolitiques et l&#039;or est plus que jamais renforc\u00e9 face au conflit au Moyen-Orient.\" \/>\n<meta name=\"robots\" content=\"index, follow, max-snippet:-1, max-image-preview:large, max-video-preview:-1\" \/>\n<link rel=\"canonical\" href=\"https:\/\/www.gold.fr\/news\/2023\/11\/01\/interview-de-laurent-schwartz-sur-boursorama\/\" \/>\n<meta property=\"og:locale\" content=\"fr_FR\" \/>\n<meta property=\"og:type\" content=\"article\" \/>\n<meta property=\"og:title\" content=\"Guerre Isra\u00ebl - Hamas : des fran\u00e7ais qui se ruent sur l&#039;or ? - Gold.fr\" \/>\n<meta property=\"og:description\" content=\"La coh\u00e9rence entre les risques g\u00e9opolitiques et l&#039;or est plus que jamais renforc\u00e9 face au conflit au Moyen-Orient.\" \/>\n<meta property=\"og:url\" content=\"https:\/\/www.gold.fr\/news\/2023\/11\/01\/interview-de-laurent-schwartz-sur-boursorama\/\" \/>\n<meta property=\"og:site_name\" content=\"Gold.fr\" \/>\n<meta property=\"article:publisher\" content=\"https:\/\/www.facebook.com\/Goldfr\/\" \/>\n<meta property=\"article:published_time\" content=\"2023-11-01T15:24:28+00:00\" \/>\n<meta property=\"article:modified_time\" content=\"2023-11-09T15:33:43+00:00\" \/>\n<meta property=\"og:image\" content=\"https:\/\/www.gold.fr\/news\/wp-content\/uploads\/2023\/11\/MEA-WP-800533-1.png\" \/>\n\t<meta property=\"og:image:width\" content=\"800\" \/>\n\t<meta property=\"og:image:height\" content=\"533\" \/>\n\t<meta property=\"og:image:type\" content=\"image\/png\" \/>\n<meta name=\"author\" content=\"Christophe Bernard\" \/>\n<meta name=\"twitter:card\" content=\"summary_large_image\" \/>\n<meta name=\"twitter:label1\" content=\"\u00c9crit par\" \/>\n\t<meta name=\"twitter:data1\" content=\"Christophe Bernard\" \/>\n\t<meta name=\"twitter:label2\" content=\"Dur\u00e9e de lecture estim\u00e9e\" \/>\n\t<meta name=\"twitter:data2\" content=\"2 minutes\" \/>\n<script type=\"application\/ld+json\" class=\"yoast-schema-graph\">{\"@context\":\"https:\\\/\\\/schema.org\",\"@graph\":[{\"@type\":\"Article\",\"@id\":\"https:\\\/\\\/www.gold.fr\\\/news\\\/2023\\\/11\\\/01\\\/interview-de-laurent-schwartz-sur-boursorama\\\/#article\",\"isPartOf\":{\"@id\":\"https:\\\/\\\/www.gold.fr\\\/news\\\/2023\\\/11\\\/01\\\/interview-de-laurent-schwartz-sur-boursorama\\\/\"},\"author\":{\"name\":\"Christophe Bernard\",\"@id\":\"https:\\\/\\\/www.gold.fr\\\/news\\\/#\\\/schema\\\/person\\\/c04e756918e0770a338723b0cd6ae4e6\"},\"headline\":\"Interview de Laurent Schwartz sur Boursorama &#8211; Guerre Isra\u00ebl &#8211; Hamas : des fran\u00e7ais qui se ruent sur l&rsquo;or ?\",\"datePublished\":\"2023-11-01T15:24:28+00:00\",\"dateModified\":\"2023-11-09T15:33:43+00:00\",\"mainEntityOfPage\":{\"@id\":\"https:\\\/\\\/www.gold.fr\\\/news\\\/2023\\\/11\\\/01\\\/interview-de-laurent-schwartz-sur-boursorama\\\/\"},\"wordCount\":252,\"image\":{\"@id\":\"https:\\\/\\\/www.gold.fr\\\/news\\\/2023\\\/11\\\/01\\\/interview-de-laurent-schwartz-sur-boursorama\\\/#primaryimage\"},\"thumbnailUrl\":\"https:\\\/\\\/www.gold.fr\\\/news\\\/wp-content\\\/uploads\\\/2023\\\/11\\\/MEA-WP-800533-1.png\",\"keywords\":[\"investir dans l'Or\",\"march\u00e9 de l'or\",\"Tout Cours de l'Or\",\"Valeur refuge\"],\"articleSection\":[\"Articles de presse\",\"CNDO dans la presse\"],\"inLanguage\":\"fr-FR\"},{\"@type\":\"WebPage\",\"@id\":\"https:\\\/\\\/www.gold.fr\\\/news\\\/2023\\\/11\\\/01\\\/interview-de-laurent-schwartz-sur-boursorama\\\/\",\"url\":\"https:\\\/\\\/www.gold.fr\\\/news\\\/2023\\\/11\\\/01\\\/interview-de-laurent-schwartz-sur-boursorama\\\/\",\"name\":\"Guerre Isra\u00ebl - Hamas : des fran\u00e7ais qui se ruent sur l'or ? - Gold.fr\",\"isPartOf\":{\"@id\":\"https:\\\/\\\/www.gold.fr\\\/news\\\/#website\"},\"primaryImageOfPage\":{\"@id\":\"https:\\\/\\\/www.gold.fr\\\/news\\\/2023\\\/11\\\/01\\\/interview-de-laurent-schwartz-sur-boursorama\\\/#primaryimage\"},\"image\":{\"@id\":\"https:\\\/\\\/www.gold.fr\\\/news\\\/2023\\\/11\\\/01\\\/interview-de-laurent-schwartz-sur-boursorama\\\/#primaryimage\"},\"thumbnailUrl\":\"https:\\\/\\\/www.gold.fr\\\/news\\\/wp-content\\\/uploads\\\/2023\\\/11\\\/MEA-WP-800533-1.png\",\"datePublished\":\"2023-11-01T15:24:28+00:00\",\"dateModified\":\"2023-11-09T15:33:43+00:00\",\"author\":{\"@id\":\"https:\\\/\\\/www.gold.fr\\\/news\\\/#\\\/schema\\\/person\\\/c04e756918e0770a338723b0cd6ae4e6\"},\"description\":\"La coh\u00e9rence entre les risques g\u00e9opolitiques et l'or est plus que jamais renforc\u00e9 face au conflit au Moyen-Orient.\",\"breadcrumb\":{\"@id\":\"https:\\\/\\\/www.gold.fr\\\/news\\\/2023\\\/11\\\/01\\\/interview-de-laurent-schwartz-sur-boursorama\\\/#breadcrumb\"},\"inLanguage\":\"fr-FR\",\"potentialAction\":[{\"@type\":\"ReadAction\",\"target\":[\"https:\\\/\\\/www.gold.fr\\\/news\\\/2023\\\/11\\\/01\\\/interview-de-laurent-schwartz-sur-boursorama\\\/\"]}]},{\"@type\":\"ImageObject\",\"inLanguage\":\"fr-FR\",\"@id\":\"https:\\\/\\\/www.gold.fr\\\/news\\\/2023\\\/11\\\/01\\\/interview-de-laurent-schwartz-sur-boursorama\\\/#primaryimage\",\"url\":\"https:\\\/\\\/www.gold.fr\\\/news\\\/wp-content\\\/uploads\\\/2023\\\/11\\\/MEA-WP-800533-1.png\",\"contentUrl\":\"https:\\\/\\\/www.gold.fr\\\/news\\\/wp-content\\\/uploads\\\/2023\\\/11\\\/MEA-WP-800533-1.png\",\"width\":800,\"height\":533,\"caption\":\"Interview de Laurent Schwartz sur Boursorama - Guerre Isra\u00ebl - Hamas : des fran\u00e7ais qui se ruent sur l'or ? risques g\u00e9opolitiques\"},{\"@type\":\"BreadcrumbList\",\"@id\":\"https:\\\/\\\/www.gold.fr\\\/news\\\/2023\\\/11\\\/01\\\/interview-de-laurent-schwartz-sur-boursorama\\\/#breadcrumb\",\"itemListElement\":[{\"@type\":\"ListItem\",\"position\":1,\"name\":\"Accueil\",\"item\":\"https:\\\/\\\/www.gold.fr\\\/\"},{\"@type\":\"ListItem\",\"position\":2,\"name\":\"Actualit\u00e9s\",\"item\":\"https:\\\/\\\/www.gold.fr\\\/news\\\/\"},{\"@type\":\"ListItem\",\"position\":3,\"name\":\"Interview de Laurent Schwartz sur Boursorama &#8211; Guerre Isra\u00ebl &#8211; Hamas : des fran\u00e7ais qui se ruent sur l&rsquo;or ?\"}]},{\"@type\":\"WebSite\",\"@id\":\"https:\\\/\\\/www.gold.fr\\\/news\\\/#website\",\"url\":\"https:\\\/\\\/www.gold.fr\\\/news\\\/\",\"name\":\"Gold.fr\",\"description\":\"Actualit\u00e9s de l&#039;Or et des m\u00e9taux pr\u00e9cieux\",\"potentialAction\":[{\"@type\":\"SearchAction\",\"target\":{\"@type\":\"EntryPoint\",\"urlTemplate\":\"https:\\\/\\\/www.gold.fr\\\/news\\\/?s={search_term_string}\"},\"query-input\":{\"@type\":\"PropertyValueSpecification\",\"valueRequired\":true,\"valueName\":\"search_term_string\"}}],\"inLanguage\":\"fr-FR\"},{\"@type\":\"Person\",\"@id\":\"https:\\\/\\\/www.gold.fr\\\/news\\\/#\\\/schema\\\/person\\\/c04e756918e0770a338723b0cd6ae4e6\",\"name\":\"Christophe Bernard\",\"image\":{\"@type\":\"ImageObject\",\"inLanguage\":\"fr-FR\",\"@id\":\"https:\\\/\\\/secure.gravatar.com\\\/avatar\\\/e885a0c86e335d4494765d4a37801e3d584f326e12c9df7107de52f506b813ae?s=96&d=mm&r=gf32062450d71e3280b64e6937c527471\",\"url\":\"https:\\\/\\\/secure.gravatar.com\\\/avatar\\\/e885a0c86e335d4494765d4a37801e3d584f326e12c9df7107de52f506b813ae?s=96&d=mm&r=g\",\"contentUrl\":\"https:\\\/\\\/secure.gravatar.com\\\/avatar\\\/e885a0c86e335d4494765d4a37801e3d584f326e12c9df7107de52f506b813ae?s=96&d=mm&r=g\",\"caption\":\"Christophe Bernard\"},\"description\":\"Christophe Bernard travaille en tant que Directeur r\u00e9seau au Comptoir National de l'Or. Le Comptoir National de l\u2019Or se positionne aujourd\u2019hui comme le leader incontournable sur le march\u00e9 de l\u2019Or et des m\u00e9taux pr\u00e9cieux en France. (achat d'or et vente d'or). Le commerce, c'est ma vie professionnelle. En passant successivement en vingt-cinq ans du commerce de d\u00e9tail \\\"aux d\u00e9tails du commerce\\\", du monde du discount \u00e0 l'univers du luxe, de l'export \u00e0 la supply chain, les notions de service autour du client et l'exigence de la rigueur et du sens du d\u00e9tail m'ont sembl\u00e9 des valeurs cardinales. Autodidacte, mes diff\u00e9rentes exp\u00e9riences op\u00e9rationnelles m\u2019ont permis d\u2019acqu\u00e9rir des comp\u00e9tences pluridisciplinaires, d\u2019aiguiser mon go\u00fbt pour les chiffres ,de l'analyse \u00e0 l'expertise, et m\u2019ont rendu surtout tr\u00e8s adaptable. Homme de terrain ,pour \u00eatre au coeur de l'action et pour en comprendre ses probl\u00e9matiques, je sais aussi \\\"prendre de la hauteur pour r\u00e9fl\u00e9chir au niveau strat\u00e9gique pour pr\u00e9parer le moyen et le long terme\\\". Je me propose donc de vous apporter ma vision op\u00e9rationnelle et strat\u00e9gique en menant les \u00e9quipes et les collaborateurs, vers l\u2019optimisation de leurs potentiels, et le d\u00e9veloppement de leurs comp\u00e9tences en les f\u00e9d\u00e9rant autour d\u2019un projet commun. \\\"S'assurer de poss\u00e9der les attendus du commerce avant de penser aux inattendus...\\\": c'est une de mes devises. J'ai su faire monter en comp\u00e9tence les personnes qui m'ont entour\u00e9. Toutes ces exp\u00e9riences m'ont amen\u00e9 \u00e0 prendre la responsabilit\u00e9 d'une enseigne de luxe et d'en d\u00e9finir la strat\u00e9gie . R\u00e9solument orient\u00e9 \u00e0 chercher et \u00e0 proposer des solutions de croissance \u00e0 moyen et \u00e0 long terme...j'ai aussi mont\u00e9 ma propre structure de conseils aux entreprises.\",\"sameAs\":[\"https:\\\/\\\/www.linkedin.com\\\/in\\\/christophe-bernard\\\/\"]}]}<\/script>\n<!-- \/ Yoast SEO plugin. -->","yoast_head_json":{"title":"Guerre Isra\u00ebl - Hamas : des fran\u00e7ais qui se ruent sur l'or ? - Gold.fr","description":"La coh\u00e9rence entre les risques g\u00e9opolitiques et l'or est plus que jamais renforc\u00e9 face au conflit au Moyen-Orient.","robots":{"index":"index","follow":"follow","max-snippet":"max-snippet:-1","max-image-preview":"max-image-preview:large","max-video-preview":"max-video-preview:-1"},"canonical":"https:\/\/www.gold.fr\/news\/2023\/11\/01\/interview-de-laurent-schwartz-sur-boursorama\/","og_locale":"fr_FR","og_type":"article","og_title":"Guerre Isra\u00ebl - Hamas : des fran\u00e7ais qui se ruent sur l'or ? - Gold.fr","og_description":"La coh\u00e9rence entre les risques g\u00e9opolitiques et l'or est plus que jamais renforc\u00e9 face au conflit au Moyen-Orient.","og_url":"https:\/\/www.gold.fr\/news\/2023\/11\/01\/interview-de-laurent-schwartz-sur-boursorama\/","og_site_name":"Gold.fr","article_publisher":"https:\/\/www.facebook.com\/Goldfr\/","article_published_time":"2023-11-01T15:24:28+00:00","article_modified_time":"2023-11-09T15:33:43+00:00","og_image":[{"width":800,"height":533,"url":"https:\/\/www.gold.fr\/news\/wp-content\/uploads\/2023\/11\/MEA-WP-800533-1.png","type":"image\/png"}],"author":"Christophe Bernard","twitter_card":"summary_large_image","twitter_misc":{"\u00c9crit par":"Christophe Bernard","Dur\u00e9e de lecture estim\u00e9e":"2 minutes"},"schema":{"@context":"https:\/\/schema.org","@graph":[{"@type":"Article","@id":"https:\/\/www.gold.fr\/news\/2023\/11\/01\/interview-de-laurent-schwartz-sur-boursorama\/#article","isPartOf":{"@id":"https:\/\/www.gold.fr\/news\/2023\/11\/01\/interview-de-laurent-schwartz-sur-boursorama\/"},"author":{"name":"Christophe Bernard","@id":"https:\/\/www.gold.fr\/news\/#\/schema\/person\/c04e756918e0770a338723b0cd6ae4e6"},"headline":"Interview de Laurent Schwartz sur Boursorama &#8211; Guerre Isra\u00ebl &#8211; Hamas : des fran\u00e7ais qui se ruent sur l&rsquo;or ?","datePublished":"2023-11-01T15:24:28+00:00","dateModified":"2023-11-09T15:33:43+00:00","mainEntityOfPage":{"@id":"https:\/\/www.gold.fr\/news\/2023\/11\/01\/interview-de-laurent-schwartz-sur-boursorama\/"},"wordCount":252,"image":{"@id":"https:\/\/www.gold.fr\/news\/2023\/11\/01\/interview-de-laurent-schwartz-sur-boursorama\/#primaryimage"},"thumbnailUrl":"https:\/\/www.gold.fr\/news\/wp-content\/uploads\/2023\/11\/MEA-WP-800533-1.png","keywords":["investir dans l'Or","march\u00e9 de l'or","Tout Cours de l'Or","Valeur refuge"],"articleSection":["Articles de presse","CNDO dans la presse"],"inLanguage":"fr-FR"},{"@type":"WebPage","@id":"https:\/\/www.gold.fr\/news\/2023\/11\/01\/interview-de-laurent-schwartz-sur-boursorama\/","url":"https:\/\/www.gold.fr\/news\/2023\/11\/01\/interview-de-laurent-schwartz-sur-boursorama\/","name":"Guerre Isra\u00ebl - Hamas : des fran\u00e7ais qui se ruent sur l'or ? - Gold.fr","isPartOf":{"@id":"https:\/\/www.gold.fr\/news\/#website"},"primaryImageOfPage":{"@id":"https:\/\/www.gold.fr\/news\/2023\/11\/01\/interview-de-laurent-schwartz-sur-boursorama\/#primaryimage"},"image":{"@id":"https:\/\/www.gold.fr\/news\/2023\/11\/01\/interview-de-laurent-schwartz-sur-boursorama\/#primaryimage"},"thumbnailUrl":"https:\/\/www.gold.fr\/news\/wp-content\/uploads\/2023\/11\/MEA-WP-800533-1.png","datePublished":"2023-11-01T15:24:28+00:00","dateModified":"2023-11-09T15:33:43+00:00","author":{"@id":"https:\/\/www.gold.fr\/news\/#\/schema\/person\/c04e756918e0770a338723b0cd6ae4e6"},"description":"La coh\u00e9rence entre les risques g\u00e9opolitiques et l'or est plus que jamais renforc\u00e9 face au conflit au Moyen-Orient.","breadcrumb":{"@id":"https:\/\/www.gold.fr\/news\/2023\/11\/01\/interview-de-laurent-schwartz-sur-boursorama\/#breadcrumb"},"inLanguage":"fr-FR","potentialAction":[{"@type":"ReadAction","target":["https:\/\/www.gold.fr\/news\/2023\/11\/01\/interview-de-laurent-schwartz-sur-boursorama\/"]}]},{"@type":"ImageObject","inLanguage":"fr-FR","@id":"https:\/\/www.gold.fr\/news\/2023\/11\/01\/interview-de-laurent-schwartz-sur-boursorama\/#primaryimage","url":"https:\/\/www.gold.fr\/news\/wp-content\/uploads\/2023\/11\/MEA-WP-800533-1.png","contentUrl":"https:\/\/www.gold.fr\/news\/wp-content\/uploads\/2023\/11\/MEA-WP-800533-1.png","width":800,"height":533,"caption":"Interview de Laurent Schwartz sur Boursorama - Guerre Isra\u00ebl - Hamas : des fran\u00e7ais qui se ruent sur l'or ? risques g\u00e9opolitiques"},{"@type":"BreadcrumbList","@id":"https:\/\/www.gold.fr\/news\/2023\/11\/01\/interview-de-laurent-schwartz-sur-boursorama\/#breadcrumb","itemListElement":[{"@type":"ListItem","position":1,"name":"Accueil","item":"https:\/\/www.gold.fr\/"},{"@type":"ListItem","position":2,"name":"Actualit\u00e9s","item":"https:\/\/www.gold.fr\/news\/"},{"@type":"ListItem","position":3,"name":"Interview de Laurent Schwartz sur Boursorama &#8211; Guerre Isra\u00ebl &#8211; Hamas : des fran\u00e7ais qui se ruent sur l&rsquo;or ?"}]},{"@type":"WebSite","@id":"https:\/\/www.gold.fr\/news\/#website","url":"https:\/\/www.gold.fr\/news\/","name":"Gold.fr","description":"Actualit\u00e9s de l&#039;Or et des m\u00e9taux pr\u00e9cieux","potentialAction":[{"@type":"SearchAction","target":{"@type":"EntryPoint","urlTemplate":"https:\/\/www.gold.fr\/news\/?s={search_term_string}"},"query-input":{"@type":"PropertyValueSpecification","valueRequired":true,"valueName":"search_term_string"}}],"inLanguage":"fr-FR"},{"@type":"Person","@id":"https:\/\/www.gold.fr\/news\/#\/schema\/person\/c04e756918e0770a338723b0cd6ae4e6","name":"Christophe Bernard","image":{"@type":"ImageObject","inLanguage":"fr-FR","@id":"https:\/\/secure.gravatar.com\/avatar\/e885a0c86e335d4494765d4a37801e3d584f326e12c9df7107de52f506b813ae?s=96&d=mm&r=gf32062450d71e3280b64e6937c527471","url":"https:\/\/secure.gravatar.com\/avatar\/e885a0c86e335d4494765d4a37801e3d584f326e12c9df7107de52f506b813ae?s=96&d=mm&r=g","contentUrl":"https:\/\/secure.gravatar.com\/avatar\/e885a0c86e335d4494765d4a37801e3d584f326e12c9df7107de52f506b813ae?s=96&d=mm&r=g","caption":"Christophe Bernard"},"description":"Christophe Bernard travaille en tant que Directeur r\u00e9seau au Comptoir National de l'Or. Le Comptoir National de l\u2019Or se positionne aujourd\u2019hui comme le leader incontournable sur le march\u00e9 de l\u2019Or et des m\u00e9taux pr\u00e9cieux en France. (achat d'or et vente d'or). Le commerce, c'est ma vie professionnelle. En passant successivement en vingt-cinq ans du commerce de d\u00e9tail \"aux d\u00e9tails du commerce\", du monde du discount \u00e0 l'univers du luxe, de l'export \u00e0 la supply chain, les notions de service autour du client et l'exigence de la rigueur et du sens du d\u00e9tail m'ont sembl\u00e9 des valeurs cardinales. Autodidacte, mes diff\u00e9rentes exp\u00e9riences op\u00e9rationnelles m\u2019ont permis d\u2019acqu\u00e9rir des comp\u00e9tences pluridisciplinaires, d\u2019aiguiser mon go\u00fbt pour les chiffres ,de l'analyse \u00e0 l'expertise, et m\u2019ont rendu surtout tr\u00e8s adaptable. Homme de terrain ,pour \u00eatre au coeur de l'action et pour en comprendre ses probl\u00e9matiques, je sais aussi \"prendre de la hauteur pour r\u00e9fl\u00e9chir au niveau strat\u00e9gique pour pr\u00e9parer le moyen et le long terme\". Je me propose donc de vous apporter ma vision op\u00e9rationnelle et strat\u00e9gique en menant les \u00e9quipes et les collaborateurs, vers l\u2019optimisation de leurs potentiels, et le d\u00e9veloppement de leurs comp\u00e9tences en les f\u00e9d\u00e9rant autour d\u2019un projet commun. \"S'assurer de poss\u00e9der les attendus du commerce avant de penser aux inattendus...\": c'est une de mes devises. J'ai su faire monter en comp\u00e9tence les personnes qui m'ont entour\u00e9. Toutes ces exp\u00e9riences m'ont amen\u00e9 \u00e0 prendre la responsabilit\u00e9 d'une enseigne de luxe et d'en d\u00e9finir la strat\u00e9gie . R\u00e9solument orient\u00e9 \u00e0 chercher et \u00e0 proposer des solutions de croissance \u00e0 moyen et \u00e0 long terme...j'ai aussi mont\u00e9 ma propre structure de conseils aux entreprises.","sameAs":["https:\/\/www.linkedin.com\/in\/christophe-bernard\/"]}]}},"authors":[{"term_id":2571,"user_id":33,"is_guest":0,"slug":"christophe-bernard","display_name":"Christophe Bernard","avatar_url":"https:\/\/secure.gravatar.com\/avatar\/e885a0c86e335d4494765d4a37801e3d584f326e12c9df7107de52f506b813ae?s=96&d=mm&r=g","0":null,"1":"","2":"","3":"","4":"","5":"","6":"","7":"","8":""}],"_links":{"self":[{"href":"https:\/\/www.gold.fr\/news\/wp-json\/wp\/v2\/posts\/44959","targetHints":{"allow":["GET"]}}],"collection":[{"href":"https:\/\/www.gold.fr\/news\/wp-json\/wp\/v2\/posts"}],"about":[{"href":"https:\/\/www.gold.fr\/news\/wp-json\/wp\/v2\/types\/post"}],"author":[{"embeddable":true,"href":"https:\/\/www.gold.fr\/news\/wp-json\/wp\/v2\/users\/33"}],"replies":[{"embeddable":true,"href":"https:\/\/www.gold.fr\/news\/wp-json\/wp\/v2\/comments?post=44959"}],"version-history":[{"count":0,"href":"https:\/\/www.gold.fr\/news\/wp-json\/wp\/v2\/posts\/44959\/revisions"}],"wp:featuredmedia":[{"embeddable":true,"href":"https:\/\/www.gold.fr\/news\/wp-json\/wp\/v2\/media\/44965"}],"wp:attachment":[{"href":"https:\/\/www.gold.fr\/news\/wp-json\/wp\/v2\/media?parent=44959"}],"wp:term":[{"taxonomy":"category","embeddable":true,"href":"https:\/\/www.gold.fr\/news\/wp-json\/wp\/v2\/categories?post=44959"},{"taxonomy":"post_tag","embeddable":true,"href":"https:\/\/www.gold.fr\/news\/wp-json\/wp\/v2\/tags?post=44959"},{"taxonomy":"author","embeddable":true,"href":"https:\/\/www.gold.fr\/news\/wp-json\/wp\/v2\/ppma_author?post=44959"}],"curies":[{"name":"wp","href":"https:\/\/api.w.org\/{rel}","templated":true}]}}