{"id":44931,"date":"2023-10-27T14:59:00","date_gmt":"2023-10-27T12:59:00","guid":{"rendered":"https:\/\/www.gold.fr\/news\/?p=44931"},"modified":"2023-10-27T15:00:06","modified_gmt":"2023-10-27T13:00:06","slug":"interview-de-laurent-schwartz-sur-bfm-business-lor-tout-savoir-sur-sa-fiscalite","status":"publish","type":"post","link":"https:\/\/www.gold.fr\/news\/2023\/10\/27\/interview-de-laurent-schwartz-sur-bfm-business-lor-tout-savoir-sur-sa-fiscalite\/","title":{"rendered":"Interview de Laurent Schwartz sur BFM Business &#8211; L&rsquo;or : tout savoir sur sa fiscalit\u00e9"},"content":{"rendered":"<p>Depuis le d\u00e9but de l&rsquo;ann\u00e9e, l&rsquo;or a une tendance mod\u00e9r\u00e9ment haussi\u00e8re avec une augmentation de 1,88% dont une l\u00e9g\u00e8re correction en septembre. Si l&rsquo;on regarde sur le long terme, c&rsquo;est un actif qui depuis 15 ans a fait x7. L&rsquo;or est une valeur refuge, un indicateur de prudence vers lequel on se dirige quand nous faisons face \u00e0 des crises financi\u00e8res, mon\u00e9taires ou encore des risques g\u00e9opolitiques. Depuis le d\u00e9but de l&rsquo;ann\u00e9e 2023, <a href=\"https:\/\/www.gold.fr\/investir-dans-l-or\/\">l&rsquo;or reste un investissement id\u00e9al<\/a> gr\u00e2ce \u00e0 sa fiscalit\u00e9 avantageuse, car lors d&rsquo;un investissement il est exon\u00e9r\u00e9 de TVA.<\/p>\n<p>Mais alors comment investir ? Comment trouver le bon produit d&rsquo;investissement dans l&rsquo;or ? Comment fonctionne le <a href=\"https:\/\/www.gold.fr\/cours-or-prix-de-l-or\/\">cours de l&rsquo;or<\/a> ? Autant de questions pertinentes dont Laurent Schwartz, pr\u00e9sident du Comptoir National de l&rsquo;or, nous r\u00e9v\u00e8le tous les secrets.<\/p>\n<p><b>Dans cette interview, Laurent Schwartz, pr\u00e9sident du <\/b><a style=\"font-weight: bold;\" href=\"https:\/\/www.gold.fr\/comptoirs-achat-vente-or\/le-bouscat\/\">Comptoir National de l\u2019Or<\/a>, <strong>qui<\/strong> <b>nous explique les nombreux avantages sur la fiscalit\u00e9 concernant l&rsquo;investissement dans l&rsquo;or.\u00a0<\/b><\/p>\n<p><iframe loading=\"lazy\" title=\"Interview de Laurent Schwartz par BFM TV BUSINESS\" width=\"500\" height=\"281\" src=\"https:\/\/www.youtube.com\/embed\/9GrF6XxVwcE?feature=oembed\" frameborder=\"0\" allow=\"accelerometer; autoplay; clipboard-write; encrypted-media; gyroscope; picture-in-picture; web-share\" referrerpolicy=\"strict-origin-when-cross-origin\" allowfullscreen><\/iframe><\/p>\n<p>Vous pouvez aussi d\u00e9couvrir cette interview directement sur notre page <a href=\"https:\/\/www.youtube.com\/@ComptoirNationalOr\">Youtube &#8211; Comptoir National de l&rsquo;Or.<\/a><\/p>\n<!-- AddThis Advanced Settings generic via filter on the_content --><!-- AddThis Share Buttons generic via filter on the_content -->","protected":false},"excerpt":{"rendered":"<p>Depuis le d\u00e9but de l&rsquo;ann\u00e9e, l&rsquo;or a une tendance mod\u00e9r\u00e9ment haussi\u00e8re avec une augmentation de 1,88% dont une l\u00e9g\u00e8re correction en septembre. Si l&rsquo;on regarde sur le long terme, c&rsquo;est un actif qui depuis 15 ans [&hellip;]<\/p>\n","protected":false},"author":6,"featured_media":44936,"comment_status":"closed","ping_status":"closed","sticky":false,"template":"","format":"standard","meta":{"_mbp_gutenberg_autopost":false,"_pgmb_is_evergreen":false,"_pgmb_ap_template_id":0,"footnotes":""},"categories":[6,2414],"tags":[456,95,84,234],"ppma_author":[2567],"class_list":["post-44931","post","type-post","status-publish","format-standard","has-post-thumbnail","hentry","category-articles-de-presse","category-cndo-dans-la-presse","tag-investir-dans-lor","tag-marche-de-lor","tag-cours-de-lor","tag-valeur-refuge"],"yoast_head":"<!-- This site is optimized with the Yoast SEO plugin v27.5 - https:\/\/yoast.com\/product\/yoast-seo-wordpress\/ -->\n<title>L&#039;or : tout savoir sur sa fiscalit\u00e9, Laurent Schwartz sur BFM Business a- Gold.fr<\/title>\n<meta name=\"description\" content=\"La fiscalit\u00e9 concernant l&#039;investissement dans l&#039;or vous est expliqu\u00e9 par Laurent Schwartz, invit\u00e9 sur BFM Business.\" \/>\n<meta name=\"robots\" content=\"index, follow, max-snippet:-1, max-image-preview:large, max-video-preview:-1\" \/>\n<link rel=\"canonical\" href=\"https:\/\/www.gold.fr\/news\/2023\/10\/27\/interview-de-laurent-schwartz-sur-bfm-business-lor-tout-savoir-sur-sa-fiscalite\/\" \/>\n<meta property=\"og:locale\" content=\"fr_FR\" \/>\n<meta property=\"og:type\" content=\"article\" \/>\n<meta property=\"og:title\" content=\"L&#039;or : tout savoir sur sa fiscalit\u00e9, Laurent Schwartz sur BFM Business a- Gold.fr\" \/>\n<meta property=\"og:description\" content=\"La fiscalit\u00e9 concernant l&#039;investissement dans l&#039;or vous est expliqu\u00e9 par Laurent Schwartz, invit\u00e9 sur BFM Business.\" \/>\n<meta property=\"og:url\" content=\"https:\/\/www.gold.fr\/news\/2023\/10\/27\/interview-de-laurent-schwartz-sur-bfm-business-lor-tout-savoir-sur-sa-fiscalite\/\" \/>\n<meta property=\"og:site_name\" content=\"Gold.fr\" \/>\n<meta property=\"article:publisher\" content=\"https:\/\/www.facebook.com\/Goldfr\/\" \/>\n<meta property=\"article:published_time\" content=\"2023-10-27T12:59:00+00:00\" \/>\n<meta property=\"article:modified_time\" content=\"2023-10-27T13:00:06+00:00\" \/>\n<meta property=\"og:image\" content=\"https:\/\/www.gold.fr\/news\/wp-content\/uploads\/2023\/10\/MEA-WP.jpg\" \/>\n\t<meta property=\"og:image:width\" content=\"800\" \/>\n\t<meta property=\"og:image:height\" content=\"533\" \/>\n\t<meta property=\"og:image:type\" content=\"image\/jpeg\" \/>\n<meta name=\"author\" content=\"Laurent Schwartz\" \/>\n<meta name=\"twitter:card\" content=\"summary_large_image\" \/>\n<meta name=\"twitter:label1\" content=\"\u00c9crit par\" \/>\n\t<meta name=\"twitter:data1\" content=\"Laurent Schwartz\" \/>\n\t<meta name=\"twitter:label2\" content=\"Dur\u00e9e de lecture estim\u00e9e\" \/>\n\t<meta name=\"twitter:data2\" content=\"1 minute\" \/>\n<script type=\"application\/ld+json\" class=\"yoast-schema-graph\">{\"@context\":\"https:\\\/\\\/schema.org\",\"@graph\":[{\"@type\":\"Article\",\"@id\":\"https:\\\/\\\/www.gold.fr\\\/news\\\/2023\\\/10\\\/27\\\/interview-de-laurent-schwartz-sur-bfm-business-lor-tout-savoir-sur-sa-fiscalite\\\/#article\",\"isPartOf\":{\"@id\":\"https:\\\/\\\/www.gold.fr\\\/news\\\/2023\\\/10\\\/27\\\/interview-de-laurent-schwartz-sur-bfm-business-lor-tout-savoir-sur-sa-fiscalite\\\/\"},\"author\":{\"name\":\"Laurent Schwartz\",\"@id\":\"https:\\\/\\\/www.gold.fr\\\/news\\\/#\\\/schema\\\/person\\\/4ed91d9a70d8f3a313c26e8308214fc2\"},\"headline\":\"Interview de Laurent Schwartz sur BFM Business &#8211; L&rsquo;or : tout savoir sur sa fiscalit\u00e9\",\"datePublished\":\"2023-10-27T12:59:00+00:00\",\"dateModified\":\"2023-10-27T13:00:06+00:00\",\"mainEntityOfPage\":{\"@id\":\"https:\\\/\\\/www.gold.fr\\\/news\\\/2023\\\/10\\\/27\\\/interview-de-laurent-schwartz-sur-bfm-business-lor-tout-savoir-sur-sa-fiscalite\\\/\"},\"wordCount\":223,\"image\":{\"@id\":\"https:\\\/\\\/www.gold.fr\\\/news\\\/2023\\\/10\\\/27\\\/interview-de-laurent-schwartz-sur-bfm-business-lor-tout-savoir-sur-sa-fiscalite\\\/#primaryimage\"},\"thumbnailUrl\":\"https:\\\/\\\/www.gold.fr\\\/news\\\/wp-content\\\/uploads\\\/2023\\\/10\\\/MEA-WP.jpg\",\"keywords\":[\"investir dans l'Or\",\"march\u00e9 de l'or\",\"Tout Cours de l'Or\",\"Valeur refuge\"],\"articleSection\":[\"Articles de presse\",\"CNDO dans la presse\"],\"inLanguage\":\"fr-FR\"},{\"@type\":\"WebPage\",\"@id\":\"https:\\\/\\\/www.gold.fr\\\/news\\\/2023\\\/10\\\/27\\\/interview-de-laurent-schwartz-sur-bfm-business-lor-tout-savoir-sur-sa-fiscalite\\\/\",\"url\":\"https:\\\/\\\/www.gold.fr\\\/news\\\/2023\\\/10\\\/27\\\/interview-de-laurent-schwartz-sur-bfm-business-lor-tout-savoir-sur-sa-fiscalite\\\/\",\"name\":\"L'or : tout savoir sur sa fiscalit\u00e9, Laurent Schwartz sur BFM Business a- Gold.fr\",\"isPartOf\":{\"@id\":\"https:\\\/\\\/www.gold.fr\\\/news\\\/#website\"},\"primaryImageOfPage\":{\"@id\":\"https:\\\/\\\/www.gold.fr\\\/news\\\/2023\\\/10\\\/27\\\/interview-de-laurent-schwartz-sur-bfm-business-lor-tout-savoir-sur-sa-fiscalite\\\/#primaryimage\"},\"image\":{\"@id\":\"https:\\\/\\\/www.gold.fr\\\/news\\\/2023\\\/10\\\/27\\\/interview-de-laurent-schwartz-sur-bfm-business-lor-tout-savoir-sur-sa-fiscalite\\\/#primaryimage\"},\"thumbnailUrl\":\"https:\\\/\\\/www.gold.fr\\\/news\\\/wp-content\\\/uploads\\\/2023\\\/10\\\/MEA-WP.jpg\",\"datePublished\":\"2023-10-27T12:59:00+00:00\",\"dateModified\":\"2023-10-27T13:00:06+00:00\",\"author\":{\"@id\":\"https:\\\/\\\/www.gold.fr\\\/news\\\/#\\\/schema\\\/person\\\/4ed91d9a70d8f3a313c26e8308214fc2\"},\"description\":\"La fiscalit\u00e9 concernant l'investissement dans l'or vous est expliqu\u00e9 par Laurent Schwartz, invit\u00e9 sur BFM Business.\",\"breadcrumb\":{\"@id\":\"https:\\\/\\\/www.gold.fr\\\/news\\\/2023\\\/10\\\/27\\\/interview-de-laurent-schwartz-sur-bfm-business-lor-tout-savoir-sur-sa-fiscalite\\\/#breadcrumb\"},\"inLanguage\":\"fr-FR\",\"potentialAction\":[{\"@type\":\"ReadAction\",\"target\":[\"https:\\\/\\\/www.gold.fr\\\/news\\\/2023\\\/10\\\/27\\\/interview-de-laurent-schwartz-sur-bfm-business-lor-tout-savoir-sur-sa-fiscalite\\\/\"]}]},{\"@type\":\"ImageObject\",\"inLanguage\":\"fr-FR\",\"@id\":\"https:\\\/\\\/www.gold.fr\\\/news\\\/2023\\\/10\\\/27\\\/interview-de-laurent-schwartz-sur-bfm-business-lor-tout-savoir-sur-sa-fiscalite\\\/#primaryimage\",\"url\":\"https:\\\/\\\/www.gold.fr\\\/news\\\/wp-content\\\/uploads\\\/2023\\\/10\\\/MEA-WP.jpg\",\"contentUrl\":\"https:\\\/\\\/www.gold.fr\\\/news\\\/wp-content\\\/uploads\\\/2023\\\/10\\\/MEA-WP.jpg\",\"width\":800,\"height\":533,\"caption\":\"Interview de Laurent Schwartz sur BFM Business - L'or : tout savoir sur sa fiscalit\u00e9\"},{\"@type\":\"BreadcrumbList\",\"@id\":\"https:\\\/\\\/www.gold.fr\\\/news\\\/2023\\\/10\\\/27\\\/interview-de-laurent-schwartz-sur-bfm-business-lor-tout-savoir-sur-sa-fiscalite\\\/#breadcrumb\",\"itemListElement\":[{\"@type\":\"ListItem\",\"position\":1,\"name\":\"Accueil\",\"item\":\"https:\\\/\\\/www.gold.fr\\\/\"},{\"@type\":\"ListItem\",\"position\":2,\"name\":\"Actualit\u00e9s\",\"item\":\"https:\\\/\\\/www.gold.fr\\\/news\\\/\"},{\"@type\":\"ListItem\",\"position\":3,\"name\":\"Interview de Laurent Schwartz sur BFM Business &#8211; L&rsquo;or : tout savoir sur sa fiscalit\u00e9\"}]},{\"@type\":\"WebSite\",\"@id\":\"https:\\\/\\\/www.gold.fr\\\/news\\\/#website\",\"url\":\"https:\\\/\\\/www.gold.fr\\\/news\\\/\",\"name\":\"Gold.fr\",\"description\":\"Actualit\u00e9s de l&#039;Or et des m\u00e9taux pr\u00e9cieux\",\"potentialAction\":[{\"@type\":\"SearchAction\",\"target\":{\"@type\":\"EntryPoint\",\"urlTemplate\":\"https:\\\/\\\/www.gold.fr\\\/news\\\/?s={search_term_string}\"},\"query-input\":{\"@type\":\"PropertyValueSpecification\",\"valueRequired\":true,\"valueName\":\"search_term_string\"}}],\"inLanguage\":\"fr-FR\"},{\"@type\":\"Person\",\"@id\":\"https:\\\/\\\/www.gold.fr\\\/news\\\/#\\\/schema\\\/person\\\/4ed91d9a70d8f3a313c26e8308214fc2\",\"name\":\"Laurent Schwartz\",\"image\":{\"@type\":\"ImageObject\",\"inLanguage\":\"fr-FR\",\"@id\":\"https:\\\/\\\/secure.gravatar.com\\\/avatar\\\/1496f846049365121827f5470219486f1a95f83957cc8ca0a9595e40c185f5ee?s=96&d=mm&r=g76f0e87c9ba82a161860a0fc16990d85\",\"url\":\"https:\\\/\\\/secure.gravatar.com\\\/avatar\\\/1496f846049365121827f5470219486f1a95f83957cc8ca0a9595e40c185f5ee?s=96&d=mm&r=g\",\"contentUrl\":\"https:\\\/\\\/secure.gravatar.com\\\/avatar\\\/1496f846049365121827f5470219486f1a95f83957cc8ca0a9595e40c185f5ee?s=96&d=mm&r=g\",\"caption\":\"Laurent Schwartz\"},\"description\":\"Dipl\u00f4m\u00e9 de l\u2019EDHEC Business School en 2005, Laurent SCHWARTZ int\u00e8gre le cabinet d\u2019audit ERNST &amp; YOUNG en 2005 o\u00f9 il travaille pendant 4 ans. Parall\u00e8lement, il travaille au sein de l\u2019entreprise familiale cr\u00e9\u00e9e en 1976 \u00e0 Strasbourg. Fort de cette exp\u00e9rience et du savoir-faire d\u00e9velopp\u00e9 durant ces 40 derni\u00e8res ann\u00e9es, Laurent proc\u00e8de \u00e0 la refonte du site Internet Gold.fr d\u00e9di\u00e9 \u00e0 l\u2019achat d'or, vente d\u2019or (pi\u00e8ces, lingots, ...), achat or et argent,... qui conna\u00eetra un franc succ\u00e8s d\u00e8s son d\u00e9marrage en 2008. Il d\u00e9cide alors de d\u00e9velopper un r\u00e9seau de concessions exclusives: Le Comptoir National de l\u2019Or. Il assure d\u00e9sormais le pilotage strat\u00e9gique du 1er r\u00e9seau de France qui compte aujourd\u2019hui pas loin de 60 agences r\u00e9parties dans toute la France et depuis peu en Allemagne (Breisach). Le Comptoir National de l\u2019Or se positionne aujourd\u2019hui comme le leader incontournable sur le march\u00e9 de l\u2019Or et des m\u00e9taux pr\u00e9cieux en France.\",\"sameAs\":[\"https:\\\/\\\/www.gold.fr\",\"https:\\\/\\\/www.linkedin.com\\\/in\\\/acheteror\\\/\"]}]}<\/script>\n<!-- \/ Yoast SEO plugin. -->","yoast_head_json":{"title":"L'or : tout savoir sur sa fiscalit\u00e9, Laurent Schwartz sur BFM Business a- Gold.fr","description":"La fiscalit\u00e9 concernant l'investissement dans l'or vous est expliqu\u00e9 par Laurent Schwartz, invit\u00e9 sur BFM Business.","robots":{"index":"index","follow":"follow","max-snippet":"max-snippet:-1","max-image-preview":"max-image-preview:large","max-video-preview":"max-video-preview:-1"},"canonical":"https:\/\/www.gold.fr\/news\/2023\/10\/27\/interview-de-laurent-schwartz-sur-bfm-business-lor-tout-savoir-sur-sa-fiscalite\/","og_locale":"fr_FR","og_type":"article","og_title":"L'or : tout savoir sur sa fiscalit\u00e9, Laurent Schwartz sur BFM Business a- Gold.fr","og_description":"La fiscalit\u00e9 concernant l'investissement dans l'or vous est expliqu\u00e9 par Laurent Schwartz, invit\u00e9 sur BFM Business.","og_url":"https:\/\/www.gold.fr\/news\/2023\/10\/27\/interview-de-laurent-schwartz-sur-bfm-business-lor-tout-savoir-sur-sa-fiscalite\/","og_site_name":"Gold.fr","article_publisher":"https:\/\/www.facebook.com\/Goldfr\/","article_published_time":"2023-10-27T12:59:00+00:00","article_modified_time":"2023-10-27T13:00:06+00:00","og_image":[{"width":800,"height":533,"url":"https:\/\/www.gold.fr\/news\/wp-content\/uploads\/2023\/10\/MEA-WP.jpg","type":"image\/jpeg"}],"author":"Laurent Schwartz","twitter_card":"summary_large_image","twitter_misc":{"\u00c9crit par":"Laurent Schwartz","Dur\u00e9e de lecture estim\u00e9e":"1 minute"},"schema":{"@context":"https:\/\/schema.org","@graph":[{"@type":"Article","@id":"https:\/\/www.gold.fr\/news\/2023\/10\/27\/interview-de-laurent-schwartz-sur-bfm-business-lor-tout-savoir-sur-sa-fiscalite\/#article","isPartOf":{"@id":"https:\/\/www.gold.fr\/news\/2023\/10\/27\/interview-de-laurent-schwartz-sur-bfm-business-lor-tout-savoir-sur-sa-fiscalite\/"},"author":{"name":"Laurent Schwartz","@id":"https:\/\/www.gold.fr\/news\/#\/schema\/person\/4ed91d9a70d8f3a313c26e8308214fc2"},"headline":"Interview de Laurent Schwartz sur BFM Business &#8211; L&rsquo;or : tout savoir sur sa fiscalit\u00e9","datePublished":"2023-10-27T12:59:00+00:00","dateModified":"2023-10-27T13:00:06+00:00","mainEntityOfPage":{"@id":"https:\/\/www.gold.fr\/news\/2023\/10\/27\/interview-de-laurent-schwartz-sur-bfm-business-lor-tout-savoir-sur-sa-fiscalite\/"},"wordCount":223,"image":{"@id":"https:\/\/www.gold.fr\/news\/2023\/10\/27\/interview-de-laurent-schwartz-sur-bfm-business-lor-tout-savoir-sur-sa-fiscalite\/#primaryimage"},"thumbnailUrl":"https:\/\/www.gold.fr\/news\/wp-content\/uploads\/2023\/10\/MEA-WP.jpg","keywords":["investir dans l'Or","march\u00e9 de l'or","Tout Cours de l'Or","Valeur refuge"],"articleSection":["Articles de presse","CNDO dans la presse"],"inLanguage":"fr-FR"},{"@type":"WebPage","@id":"https:\/\/www.gold.fr\/news\/2023\/10\/27\/interview-de-laurent-schwartz-sur-bfm-business-lor-tout-savoir-sur-sa-fiscalite\/","url":"https:\/\/www.gold.fr\/news\/2023\/10\/27\/interview-de-laurent-schwartz-sur-bfm-business-lor-tout-savoir-sur-sa-fiscalite\/","name":"L'or : tout savoir sur sa fiscalit\u00e9, Laurent Schwartz sur BFM Business a- Gold.fr","isPartOf":{"@id":"https:\/\/www.gold.fr\/news\/#website"},"primaryImageOfPage":{"@id":"https:\/\/www.gold.fr\/news\/2023\/10\/27\/interview-de-laurent-schwartz-sur-bfm-business-lor-tout-savoir-sur-sa-fiscalite\/#primaryimage"},"image":{"@id":"https:\/\/www.gold.fr\/news\/2023\/10\/27\/interview-de-laurent-schwartz-sur-bfm-business-lor-tout-savoir-sur-sa-fiscalite\/#primaryimage"},"thumbnailUrl":"https:\/\/www.gold.fr\/news\/wp-content\/uploads\/2023\/10\/MEA-WP.jpg","datePublished":"2023-10-27T12:59:00+00:00","dateModified":"2023-10-27T13:00:06+00:00","author":{"@id":"https:\/\/www.gold.fr\/news\/#\/schema\/person\/4ed91d9a70d8f3a313c26e8308214fc2"},"description":"La fiscalit\u00e9 concernant l'investissement dans l'or vous est expliqu\u00e9 par Laurent Schwartz, invit\u00e9 sur BFM Business.","breadcrumb":{"@id":"https:\/\/www.gold.fr\/news\/2023\/10\/27\/interview-de-laurent-schwartz-sur-bfm-business-lor-tout-savoir-sur-sa-fiscalite\/#breadcrumb"},"inLanguage":"fr-FR","potentialAction":[{"@type":"ReadAction","target":["https:\/\/www.gold.fr\/news\/2023\/10\/27\/interview-de-laurent-schwartz-sur-bfm-business-lor-tout-savoir-sur-sa-fiscalite\/"]}]},{"@type":"ImageObject","inLanguage":"fr-FR","@id":"https:\/\/www.gold.fr\/news\/2023\/10\/27\/interview-de-laurent-schwartz-sur-bfm-business-lor-tout-savoir-sur-sa-fiscalite\/#primaryimage","url":"https:\/\/www.gold.fr\/news\/wp-content\/uploads\/2023\/10\/MEA-WP.jpg","contentUrl":"https:\/\/www.gold.fr\/news\/wp-content\/uploads\/2023\/10\/MEA-WP.jpg","width":800,"height":533,"caption":"Interview de Laurent Schwartz sur BFM Business - L'or : tout savoir sur sa fiscalit\u00e9"},{"@type":"BreadcrumbList","@id":"https:\/\/www.gold.fr\/news\/2023\/10\/27\/interview-de-laurent-schwartz-sur-bfm-business-lor-tout-savoir-sur-sa-fiscalite\/#breadcrumb","itemListElement":[{"@type":"ListItem","position":1,"name":"Accueil","item":"https:\/\/www.gold.fr\/"},{"@type":"ListItem","position":2,"name":"Actualit\u00e9s","item":"https:\/\/www.gold.fr\/news\/"},{"@type":"ListItem","position":3,"name":"Interview de Laurent Schwartz sur BFM Business &#8211; L&rsquo;or : tout savoir sur sa fiscalit\u00e9"}]},{"@type":"WebSite","@id":"https:\/\/www.gold.fr\/news\/#website","url":"https:\/\/www.gold.fr\/news\/","name":"Gold.fr","description":"Actualit\u00e9s de l&#039;Or et des m\u00e9taux pr\u00e9cieux","potentialAction":[{"@type":"SearchAction","target":{"@type":"EntryPoint","urlTemplate":"https:\/\/www.gold.fr\/news\/?s={search_term_string}"},"query-input":{"@type":"PropertyValueSpecification","valueRequired":true,"valueName":"search_term_string"}}],"inLanguage":"fr-FR"},{"@type":"Person","@id":"https:\/\/www.gold.fr\/news\/#\/schema\/person\/4ed91d9a70d8f3a313c26e8308214fc2","name":"Laurent Schwartz","image":{"@type":"ImageObject","inLanguage":"fr-FR","@id":"https:\/\/secure.gravatar.com\/avatar\/1496f846049365121827f5470219486f1a95f83957cc8ca0a9595e40c185f5ee?s=96&d=mm&r=g76f0e87c9ba82a161860a0fc16990d85","url":"https:\/\/secure.gravatar.com\/avatar\/1496f846049365121827f5470219486f1a95f83957cc8ca0a9595e40c185f5ee?s=96&d=mm&r=g","contentUrl":"https:\/\/secure.gravatar.com\/avatar\/1496f846049365121827f5470219486f1a95f83957cc8ca0a9595e40c185f5ee?s=96&d=mm&r=g","caption":"Laurent Schwartz"},"description":"Dipl\u00f4m\u00e9 de l\u2019EDHEC Business School en 2005, Laurent SCHWARTZ int\u00e8gre le cabinet d\u2019audit ERNST &amp; YOUNG en 2005 o\u00f9 il travaille pendant 4 ans. Parall\u00e8lement, il travaille au sein de l\u2019entreprise familiale cr\u00e9\u00e9e en 1976 \u00e0 Strasbourg. Fort de cette exp\u00e9rience et du savoir-faire d\u00e9velopp\u00e9 durant ces 40 derni\u00e8res ann\u00e9es, Laurent proc\u00e8de \u00e0 la refonte du site Internet Gold.fr d\u00e9di\u00e9 \u00e0 l\u2019achat d'or, vente d\u2019or (pi\u00e8ces, lingots, ...), achat or et argent,... qui conna\u00eetra un franc succ\u00e8s d\u00e8s son d\u00e9marrage en 2008. Il d\u00e9cide alors de d\u00e9velopper un r\u00e9seau de concessions exclusives: Le Comptoir National de l\u2019Or. Il assure d\u00e9sormais le pilotage strat\u00e9gique du 1er r\u00e9seau de France qui compte aujourd\u2019hui pas loin de 60 agences r\u00e9parties dans toute la France et depuis peu en Allemagne (Breisach). Le Comptoir National de l\u2019Or se positionne aujourd\u2019hui comme le leader incontournable sur le march\u00e9 de l\u2019Or et des m\u00e9taux pr\u00e9cieux en France.","sameAs":["https:\/\/www.gold.fr","https:\/\/www.linkedin.com\/in\/acheteror\/"]}]}},"authors":[{"term_id":2567,"user_id":6,"is_guest":0,"slug":"laurent","display_name":"Laurent Schwartz","avatar_url":"https:\/\/secure.gravatar.com\/avatar\/1496f846049365121827f5470219486f1a95f83957cc8ca0a9595e40c185f5ee?s=96&d=mm&r=g","0":null,"1":"","2":"","3":"","4":"","5":"","6":"","7":"","8":""}],"_links":{"self":[{"href":"https:\/\/www.gold.fr\/news\/wp-json\/wp\/v2\/posts\/44931","targetHints":{"allow":["GET"]}}],"collection":[{"href":"https:\/\/www.gold.fr\/news\/wp-json\/wp\/v2\/posts"}],"about":[{"href":"https:\/\/www.gold.fr\/news\/wp-json\/wp\/v2\/types\/post"}],"author":[{"embeddable":true,"href":"https:\/\/www.gold.fr\/news\/wp-json\/wp\/v2\/users\/6"}],"replies":[{"embeddable":true,"href":"https:\/\/www.gold.fr\/news\/wp-json\/wp\/v2\/comments?post=44931"}],"version-history":[{"count":0,"href":"https:\/\/www.gold.fr\/news\/wp-json\/wp\/v2\/posts\/44931\/revisions"}],"wp:featuredmedia":[{"embeddable":true,"href":"https:\/\/www.gold.fr\/news\/wp-json\/wp\/v2\/media\/44936"}],"wp:attachment":[{"href":"https:\/\/www.gold.fr\/news\/wp-json\/wp\/v2\/media?parent=44931"}],"wp:term":[{"taxonomy":"category","embeddable":true,"href":"https:\/\/www.gold.fr\/news\/wp-json\/wp\/v2\/categories?post=44931"},{"taxonomy":"post_tag","embeddable":true,"href":"https:\/\/www.gold.fr\/news\/wp-json\/wp\/v2\/tags?post=44931"},{"taxonomy":"author","embeddable":true,"href":"https:\/\/www.gold.fr\/news\/wp-json\/wp\/v2\/ppma_author?post=44931"}],"curies":[{"name":"wp","href":"https:\/\/api.w.org\/{rel}","templated":true}]}}