{"id":44908,"date":"2023-10-11T09:58:45","date_gmt":"2023-10-11T07:58:45","guid":{"rendered":"https:\/\/www.gold.fr\/news\/?p=44908"},"modified":"2023-10-11T09:58:45","modified_gmt":"2023-10-11T07:58:45","slug":"cours-de-lor-correction-dautomne","status":"publish","type":"post","link":"https:\/\/www.gold.fr\/news\/2023\/10\/11\/cours-de-lor-correction-dautomne\/","title":{"rendered":"Cours de l\u2019or\u00a0: correction d\u2019automne"},"content":{"rendered":"<p><em>Dans cette lettre mensuelle, vous trouverez un point sur la performance de l\u2019or ainsi que plusieurs actualit\u00e9s et analyses sur des sujets qui influencent le cours du m\u00e9tal jaune. <\/em><\/p>\n<h3><strong>Ce qu\u2019il faut retenir du mois \u00e9coul\u00e9<\/strong><\/h3>\n<ul>\n<li>Baisse en septembre et octobre, sur fond de hausse des taux.<\/li>\n<li><a href=\"https:\/\/www.gold.fr\/cours-or-prix-de-l-or\/\">Cours de l\u2019or en euros<\/a>\u00a0: +1.88% sur 2023 (au 6 octobre)<\/li>\n<li>L\u2019or baisse moins que les actions, mais reste derri\u00e8re sur 2023<\/li>\n<li>Les banques centrales ach\u00e8tent plus de 70 tonnes en aout<\/li>\n<li>L\u2019or atteint des plus haut historiques en Chine<\/li>\n<li>200 tonnes d\u2019or sont actuellement dans des smartphones<\/li>\n<\/ul>\n<h3><strong>Correction de rentr\u00e9e sur fonds de hausse des taux<\/strong><\/h3>\n<p>Le cours de l\u2019or en euros a recul\u00e9 de 1.21% en septembre pour cl\u00f4turer le mois \u00e0 1768 euros l\u2019once. Sur la premi\u00e8re semaine d\u2019octobre, la tendance s\u2019est poursuivie avec un recul suppl\u00e9mentaire de 2.1%, portant le cours du fixing du 6 octobre \u00e0 1731 euros. <strong>Depuis le d\u00e9but de l\u2019ann\u00e9e, la performance reste positive, \u00e0 +1.88%.<\/strong><\/p>\n<p><a href=\"https:\/\/www.gold.fr\/news\/wp-content\/uploads\/2023\/10\/Or-euros-vs-Or-dollars-septembre.jpg\"><img loading=\"lazy\" decoding=\"async\" class=\"wp-image-44910 alignnone\" src=\"https:\/\/www.gold.fr\/news\/wp-content\/uploads\/2023\/10\/Or-euros-vs-Or-dollars-septembre-300x82.jpg\" alt=\"Or euros vs Or dollars septembre\" width=\"501\" height=\"137\" srcset=\"https:\/\/www.gold.fr\/news\/wp-content\/uploads\/2023\/10\/Or-euros-vs-Or-dollars-septembre-300x82.jpg 300w, https:\/\/www.gold.fr\/news\/wp-content\/uploads\/2023\/10\/Or-euros-vs-Or-dollars-septembre-298x81.jpg 298w, https:\/\/www.gold.fr\/news\/wp-content\/uploads\/2023\/10\/Or-euros-vs-Or-dollars-septembre.jpg 356w\" sizes=\"auto, (max-width: 501px) 100vw, 501px\" \/><\/a><\/p>\n<p>Le recul a \u00e9t\u00e9 encore plus marqu\u00e9 en dollars, puisque l\u2019once cotait 1819 dollars l\u2019once le 6 octobre.\u00a0 Cela implique un recul de 3.7% en septembre, et de 2.7% d\u00e9but octobre.<\/p>\n<p>Le recul \u00e0 l\u2019automne n\u2019est pas surprenant<strong>. Le mois de septembre est traditionnellement d\u00e9favorable au m\u00e9tal jaune<\/strong>. Au cours des 10 derni\u00e8res ann\u00e9es, 9 mois ont vu une performance n\u00e9gative de l\u2019or sur le mois de septembre. Mais dans 8 cas sur 10, l\u2019ann\u00e9e s\u2019est termin\u00e9e dans le vert.<\/p>\n<p><strong>La principale raison de cette correction r\u00e9side dans la hausse des taux d\u2019int\u00e9r\u00eat<\/strong>. Le taux 10 ans am\u00e9ricain est ainsi pass\u00e9 de 4.12% fin aout \u00e0 4.80%, atteignant ainsi un plus haut depuis 2007. Les march\u00e9s commencent \u00e9galement \u00e0 envisager de nouvelles hausses des taux directeur de la Fed, en raison de bons chiffres \u00e9conomiques. La r\u00e9cession am\u00e9ricaine, longtemps pr\u00e9dite par tous les analystes, semble d\u00e9sormais loin d\u2019arriver, et les analystes se pr\u00e9parent d\u00e9sormais pour le sc\u00e9nario du \u00ab\u00a0higher for longer\u00a0\u00bb\u00a0: des taux \u00e9lev\u00e9s et plus longtemps qu\u2019initialement pr\u00e9vu.<\/p>\n<p>Les p\u00e9riodes de restriction mon\u00e9taire sont g\u00e9n\u00e9ralement moins favorables \u00e0 l\u2019or, qui s\u2019appr\u00e9cie plut\u00f4t en p\u00e9riode de baisse des taux r\u00e9els. <strong>Avec une inflation qui ralentit et des taux nominaux en hausse, le m\u00e9tal jaune subit le vent de face \u00e0 court terme.<\/strong><\/p>\n<p>Cette hausse des taux a \u00e9galement \u00e9t\u00e9 aliment\u00e9e par un nouvel \u00e9pisode du plafond de la dette am\u00e9ricaine, et <strong>\u00e0 l\u2019approche de 2024, beaucoup voient cette ann\u00e9e d\u2019\u00e9lection am\u00e9ricaine comme une p\u00e9riode de risque politique accru. <\/strong>Les 4 derni\u00e8res ann\u00e9es d\u2019\u00e9lections am\u00e9ricaines ont \u00e9t\u00e9 de bonnes ann\u00e9es pour le cours de l\u2019or. Rappelons qu\u2019en 2016 et 2020, deux ann\u00e9es ou Trump s\u2019est pr\u00e9sent\u00e9, le cours de l\u2019or en euros a progress\u00e9 respectivement de 12.7% et 13%.<\/p>\n<p><em>Pour aller plus loin\u00a0: <\/em><a href=\"https:\/\/www.gold.fr\/informations-sur-l-or\/guides\/comment-est-fixe-le-cours-de-lor\"><em>Comment est fix\u00e9 le cours de l\u2019or\u00a0<\/em><\/a><em>?<\/em><\/p>\n<h3><strong>Or vs Actions\u00a0: avantage au m\u00e9tal jaune sur l\u2019\u00e9t\u00e9<\/strong><\/h3>\n<p><a href=\"https:\/\/www.gold.fr\/news\/wp-content\/uploads\/2023\/10\/Or-vs-Actions-septembre-2023.jpg\"><img loading=\"lazy\" decoding=\"async\" class=\" wp-image-44909 alignright\" src=\"https:\/\/www.gold.fr\/news\/wp-content\/uploads\/2023\/10\/Or-vs-Actions-septembre-2023-300x175.jpg\" alt=\"Or vs Actions septembre 2023\" width=\"459\" height=\"268\" srcset=\"https:\/\/www.gold.fr\/news\/wp-content\/uploads\/2023\/10\/Or-vs-Actions-septembre-2023-300x175.jpg 300w, https:\/\/www.gold.fr\/news\/wp-content\/uploads\/2023\/10\/Or-vs-Actions-septembre-2023-298x174.jpg 298w, https:\/\/www.gold.fr\/news\/wp-content\/uploads\/2023\/10\/Or-vs-Actions-septembre-2023.jpg 360w\" sizes=\"auto, (max-width: 459px) 100vw, 459px\" \/><\/a>La hausse des taux d\u2019int\u00e9r\u00eat a \u00e9galement pes\u00e9 sur les indices actions, avec un CAC 40 en recul de plus de 3% sur le mois de septembre, puis une correction de 1% la premi\u00e8re semaine d\u2019octobre. Sur 2023, l\u2019indice parisien progresse de 9%, et devance donc le m\u00e9tal jaune.<\/p>\n<p>&nbsp;<\/p>\n<p>&nbsp;<\/p>\n<p>&nbsp;<\/p>\n<h3><strong>Banques centrales<\/strong><\/h3>\n<p><strong>Les achats de banque centrales continuent sur un rythme soutenu, d\u00e9passant les 70 tonnes en ao\u00fbt<\/strong>. La Chine a proc\u00e9d\u00e9 \u00e0 son 11<sup>\u00e8me<\/sup> achat cons\u00e9cutif avec 29 tonnes en ao\u00fbt, portant ses avoirs \u00e0 2165 tonnes. Avec une augmentation totale de 155 tonnes, en 2023, le pays est de loin le premier acheteur mondial en 2023.<\/p>\n<p>Au deuxi\u00e8me rang, la Pologne qui a augment\u00e9 ses r\u00e9serves de 15 tonnes en aout, continuant dans la lign\u00e9e de sa politique annonc\u00e9e d\u2019acheter environ 100 tonnes. Les achats cumul\u00e9s du pays en 2023 atteignent 85 tonnes environ. On peut donc logiquement s\u2019attendre \u00e0 d\u2019autres transactions de ce pays, voisin d\u2019une zone de conflit.<\/p>\n<h3><strong>Le cours de l\u2019or en Chine a atteint des records historiques en septembre<\/strong><\/h3>\n<p>Si le cours a recul\u00e9 \u00e0 l\u2019ouest, en Chine le m\u00e9tal jaune a touch\u00e9 un plus haut historique. Converti en dollar, le cours de l\u2019or a m\u00eame momentan\u00e9ment d\u00e9pass\u00e9 les 2000 dollars \u00e0 Shanga\u00ef.<\/p>\n<p>Pourquoi une telle diff\u00e9rence avec les cours internationaux, principalement celui de Londres\u00a0? En raison d\u2019une distorsion du march\u00e9 local. La forte demande locale, coupl\u00e9e \u00e0 des difficult\u00e9s d\u2019approvisionnement, notamment en raison des restrictions \u00e0 l\u2019importation, explique que le cours chinois refl\u00e8te une prime, qui a atteint jusqu\u2019\u00e0 120 dollars l\u2019once.<\/p>\n<p>N\u2019oublions pas que si la Chine est le premier producteur et consommateur mondial, c\u2019est \u00e9galement le premier importateur car sa production reste insuffisante pour satisfaire les achats de bijoux dont les chinois sont friands, ainsi que les achats massif de la banque centrale chinoise.<\/p>\n<p>Autre \u00e9l\u00e9ment \u00e0 prendre en compte\u00a0: la bonne performance du m\u00e9tal jaune, qui se distingue particuli\u00e8rement au moment ou le pays traverse une crise immobili\u00e8re, avec d\u00e9pr\u00e9ciation du yuan, et une baisse des march\u00e9s actions chinois (-5% environ en 2023)<\/p>\n<h3><strong>200 tonnes d\u2019or actuellement dans un smartphone\u00a0!<\/strong><\/h3>\n<p>Le m\u00e9tal jaune est utilis\u00e9 dans beaucoup d\u2019appareils \u00e9lectronique en raison de sa conductivit\u00e9 exceptionnelle et de sa durabilit\u00e9 (pas de corrosion), permettant d\u2019assurer des contacts robustes dans le temps entre les composants \u00e9lectroniques. Il est \u00e9galement pr\u00e9sent dans des circuits imprim\u00e9s.<\/p>\n<p>Les smartphones ne font pas exception. On consid\u00e8re qu\u2019ils contiennent environ 25mg de m\u00e9tal jaune. Avec une estimation de 1.23 milliards de smartphones vendus en 2023 et plus de 8 milliards de smartphone en circulation (sources statista), on peut estimer qu\u2019environ 200 tonnes d\u2019or sont actuellement dans un smartphone\u00a0(soit une valeur de march\u00e9 d\u2019environ 11 milliards d\u2019euros)<\/p>\n<p>&nbsp;<\/p>\n<p><em><u>Avertissement<\/u><\/em><em>\u00a0:<\/em><\/p>\n<p><em>Le cours de l\u2019or peut varier significativement \u00e0 la hausse ou \u00e0 la baisse. Les informations contenues dans ce document ne constituent pas une recommandation d\u2019investissement et le lecteur est invit\u00e9 \u00e0 prendre conseil aupr\u00e8s de professionnels pour la gestion de son \u00e9pargne.<\/em><\/p>\n<!-- AddThis Advanced Settings generic via filter on the_content --><!-- AddThis Share Buttons generic via filter on the_content -->","protected":false},"excerpt":{"rendered":"<p>Dans cette lettre mensuelle, vous trouverez un point sur la performance de l\u2019or ainsi que plusieurs actualit\u00e9s et analyses sur des sujets qui influencent le cours du m\u00e9tal jaune. Ce qu\u2019il faut retenir du mois \u00e9coul\u00e9 [&hellip;]<\/p>\n","protected":false},"author":33,"featured_media":44921,"comment_status":"closed","ping_status":"closed","sticky":false,"template":"","format":"standard","meta":{"_mbp_gutenberg_autopost":false,"_pgmb_is_evergreen":false,"_pgmb_ap_template_id":0,"footnotes":""},"categories":[4],"tags":[1167,456,84],"ppma_author":[2571],"class_list":["post-44908","post","type-post","status-publish","format-standard","has-post-thumbnail","hentry","category-analyses-economiques","tag-evolution-or","tag-investir-dans-lor","tag-cours-de-lor"],"yoast_head":"<!-- This site is optimized with the Yoast SEO plugin v27.5 - https:\/\/yoast.com\/product\/yoast-seo-wordpress\/ -->\n<title>Cours de l\u2019or\u00a0: correction d\u2019automne et hausse des taux - Gold.fr<\/title>\n<meta name=\"description\" content=\"La hausse des taux met un correctif sur le cours de l&#039;or en cette rentr\u00e9e. Depuis le d\u00e9but de l\u2019ann\u00e9e, la performance est positive, \u00e0 +1.88%.\" \/>\n<meta name=\"robots\" content=\"index, follow, max-snippet:-1, max-image-preview:large, max-video-preview:-1\" \/>\n<link rel=\"canonical\" href=\"https:\/\/www.gold.fr\/news\/2023\/10\/11\/cours-de-lor-correction-dautomne\/\" \/>\n<meta property=\"og:locale\" content=\"fr_FR\" \/>\n<meta property=\"og:type\" content=\"article\" \/>\n<meta property=\"og:title\" content=\"Cours de l\u2019or\u00a0: correction d\u2019automne et hausse des taux - Gold.fr\" \/>\n<meta property=\"og:description\" content=\"La hausse des taux met un correctif sur le cours de l&#039;or en cette rentr\u00e9e. Depuis le d\u00e9but de l\u2019ann\u00e9e, la performance est positive, \u00e0 +1.88%.\" \/>\n<meta property=\"og:url\" content=\"https:\/\/www.gold.fr\/news\/2023\/10\/11\/cours-de-lor-correction-dautomne\/\" \/>\n<meta property=\"og:site_name\" content=\"Gold.fr\" \/>\n<meta property=\"article:publisher\" content=\"https:\/\/www.facebook.com\/Goldfr\/\" \/>\n<meta property=\"article:published_time\" content=\"2023-10-11T07:58:45+00:00\" \/>\n<meta property=\"og:image\" content=\"https:\/\/www.gold.fr\/news\/wp-content\/uploads\/2023\/10\/800533.png\" \/>\n\t<meta property=\"og:image:width\" content=\"800\" \/>\n\t<meta property=\"og:image:height\" content=\"533\" \/>\n\t<meta property=\"og:image:type\" content=\"image\/png\" \/>\n<meta name=\"author\" content=\"Christophe Bernard\" \/>\n<meta name=\"twitter:card\" content=\"summary_large_image\" \/>\n<meta name=\"twitter:label1\" content=\"\u00c9crit par\" \/>\n\t<meta name=\"twitter:data1\" content=\"Christophe Bernard\" \/>\n\t<meta name=\"twitter:label2\" content=\"Dur\u00e9e de lecture estim\u00e9e\" \/>\n\t<meta name=\"twitter:data2\" content=\"6 minutes\" \/>\n<script type=\"application\/ld+json\" class=\"yoast-schema-graph\">{\"@context\":\"https:\\\/\\\/schema.org\",\"@graph\":[{\"@type\":\"Article\",\"@id\":\"https:\\\/\\\/www.gold.fr\\\/news\\\/2023\\\/10\\\/11\\\/cours-de-lor-correction-dautomne\\\/#article\",\"isPartOf\":{\"@id\":\"https:\\\/\\\/www.gold.fr\\\/news\\\/2023\\\/10\\\/11\\\/cours-de-lor-correction-dautomne\\\/\"},\"author\":{\"name\":\"Christophe Bernard\",\"@id\":\"https:\\\/\\\/www.gold.fr\\\/news\\\/#\\\/schema\\\/person\\\/c04e756918e0770a338723b0cd6ae4e6\"},\"headline\":\"Cours de l\u2019or\u00a0: correction d\u2019automne\",\"datePublished\":\"2023-10-11T07:58:45+00:00\",\"mainEntityOfPage\":{\"@id\":\"https:\\\/\\\/www.gold.fr\\\/news\\\/2023\\\/10\\\/11\\\/cours-de-lor-correction-dautomne\\\/\"},\"wordCount\":1045,\"image\":{\"@id\":\"https:\\\/\\\/www.gold.fr\\\/news\\\/2023\\\/10\\\/11\\\/cours-de-lor-correction-dautomne\\\/#primaryimage\"},\"thumbnailUrl\":\"https:\\\/\\\/www.gold.fr\\\/news\\\/wp-content\\\/uploads\\\/2023\\\/10\\\/800533.png\",\"keywords\":[\"evolution or\",\"investir dans l'Or\",\"Tout Cours de l'Or\"],\"articleSection\":[\"Analyses Economiques\"],\"inLanguage\":\"fr-FR\"},{\"@type\":\"WebPage\",\"@id\":\"https:\\\/\\\/www.gold.fr\\\/news\\\/2023\\\/10\\\/11\\\/cours-de-lor-correction-dautomne\\\/\",\"url\":\"https:\\\/\\\/www.gold.fr\\\/news\\\/2023\\\/10\\\/11\\\/cours-de-lor-correction-dautomne\\\/\",\"name\":\"Cours de l\u2019or\u00a0: correction d\u2019automne et hausse des taux - Gold.fr\",\"isPartOf\":{\"@id\":\"https:\\\/\\\/www.gold.fr\\\/news\\\/#website\"},\"primaryImageOfPage\":{\"@id\":\"https:\\\/\\\/www.gold.fr\\\/news\\\/2023\\\/10\\\/11\\\/cours-de-lor-correction-dautomne\\\/#primaryimage\"},\"image\":{\"@id\":\"https:\\\/\\\/www.gold.fr\\\/news\\\/2023\\\/10\\\/11\\\/cours-de-lor-correction-dautomne\\\/#primaryimage\"},\"thumbnailUrl\":\"https:\\\/\\\/www.gold.fr\\\/news\\\/wp-content\\\/uploads\\\/2023\\\/10\\\/800533.png\",\"datePublished\":\"2023-10-11T07:58:45+00:00\",\"author\":{\"@id\":\"https:\\\/\\\/www.gold.fr\\\/news\\\/#\\\/schema\\\/person\\\/c04e756918e0770a338723b0cd6ae4e6\"},\"description\":\"La hausse des taux met un correctif sur le cours de l'or en cette rentr\u00e9e. Depuis le d\u00e9but de l\u2019ann\u00e9e, la performance est positive, \u00e0 +1.88%.\",\"breadcrumb\":{\"@id\":\"https:\\\/\\\/www.gold.fr\\\/news\\\/2023\\\/10\\\/11\\\/cours-de-lor-correction-dautomne\\\/#breadcrumb\"},\"inLanguage\":\"fr-FR\",\"potentialAction\":[{\"@type\":\"ReadAction\",\"target\":[\"https:\\\/\\\/www.gold.fr\\\/news\\\/2023\\\/10\\\/11\\\/cours-de-lor-correction-dautomne\\\/\"]}]},{\"@type\":\"ImageObject\",\"inLanguage\":\"fr-FR\",\"@id\":\"https:\\\/\\\/www.gold.fr\\\/news\\\/2023\\\/10\\\/11\\\/cours-de-lor-correction-dautomne\\\/#primaryimage\",\"url\":\"https:\\\/\\\/www.gold.fr\\\/news\\\/wp-content\\\/uploads\\\/2023\\\/10\\\/800533.png\",\"contentUrl\":\"https:\\\/\\\/www.gold.fr\\\/news\\\/wp-content\\\/uploads\\\/2023\\\/10\\\/800533.png\",\"width\":800,\"height\":533,\"caption\":\"Cours de l\u2019or\u00a0: correction d\u2019automne et hausse des taux\"},{\"@type\":\"BreadcrumbList\",\"@id\":\"https:\\\/\\\/www.gold.fr\\\/news\\\/2023\\\/10\\\/11\\\/cours-de-lor-correction-dautomne\\\/#breadcrumb\",\"itemListElement\":[{\"@type\":\"ListItem\",\"position\":1,\"name\":\"Accueil\",\"item\":\"https:\\\/\\\/www.gold.fr\\\/\"},{\"@type\":\"ListItem\",\"position\":2,\"name\":\"Actualit\u00e9s\",\"item\":\"https:\\\/\\\/www.gold.fr\\\/news\\\/\"},{\"@type\":\"ListItem\",\"position\":3,\"name\":\"Cours de l\u2019or\u00a0: correction d\u2019automne\"}]},{\"@type\":\"WebSite\",\"@id\":\"https:\\\/\\\/www.gold.fr\\\/news\\\/#website\",\"url\":\"https:\\\/\\\/www.gold.fr\\\/news\\\/\",\"name\":\"Gold.fr\",\"description\":\"Actualit\u00e9s de l&#039;Or et des m\u00e9taux pr\u00e9cieux\",\"potentialAction\":[{\"@type\":\"SearchAction\",\"target\":{\"@type\":\"EntryPoint\",\"urlTemplate\":\"https:\\\/\\\/www.gold.fr\\\/news\\\/?s={search_term_string}\"},\"query-input\":{\"@type\":\"PropertyValueSpecification\",\"valueRequired\":true,\"valueName\":\"search_term_string\"}}],\"inLanguage\":\"fr-FR\"},{\"@type\":\"Person\",\"@id\":\"https:\\\/\\\/www.gold.fr\\\/news\\\/#\\\/schema\\\/person\\\/c04e756918e0770a338723b0cd6ae4e6\",\"name\":\"Christophe Bernard\",\"image\":{\"@type\":\"ImageObject\",\"inLanguage\":\"fr-FR\",\"@id\":\"https:\\\/\\\/secure.gravatar.com\\\/avatar\\\/e885a0c86e335d4494765d4a37801e3d584f326e12c9df7107de52f506b813ae?s=96&d=mm&r=gf32062450d71e3280b64e6937c527471\",\"url\":\"https:\\\/\\\/secure.gravatar.com\\\/avatar\\\/e885a0c86e335d4494765d4a37801e3d584f326e12c9df7107de52f506b813ae?s=96&d=mm&r=g\",\"contentUrl\":\"https:\\\/\\\/secure.gravatar.com\\\/avatar\\\/e885a0c86e335d4494765d4a37801e3d584f326e12c9df7107de52f506b813ae?s=96&d=mm&r=g\",\"caption\":\"Christophe Bernard\"},\"description\":\"Christophe Bernard travaille en tant que Directeur r\u00e9seau au Comptoir National de l'Or. Le Comptoir National de l\u2019Or se positionne aujourd\u2019hui comme le leader incontournable sur le march\u00e9 de l\u2019Or et des m\u00e9taux pr\u00e9cieux en France. (achat d'or et vente d'or). Le commerce, c'est ma vie professionnelle. En passant successivement en vingt-cinq ans du commerce de d\u00e9tail \\\"aux d\u00e9tails du commerce\\\", du monde du discount \u00e0 l'univers du luxe, de l'export \u00e0 la supply chain, les notions de service autour du client et l'exigence de la rigueur et du sens du d\u00e9tail m'ont sembl\u00e9 des valeurs cardinales. Autodidacte, mes diff\u00e9rentes exp\u00e9riences op\u00e9rationnelles m\u2019ont permis d\u2019acqu\u00e9rir des comp\u00e9tences pluridisciplinaires, d\u2019aiguiser mon go\u00fbt pour les chiffres ,de l'analyse \u00e0 l'expertise, et m\u2019ont rendu surtout tr\u00e8s adaptable. Homme de terrain ,pour \u00eatre au coeur de l'action et pour en comprendre ses probl\u00e9matiques, je sais aussi \\\"prendre de la hauteur pour r\u00e9fl\u00e9chir au niveau strat\u00e9gique pour pr\u00e9parer le moyen et le long terme\\\". Je me propose donc de vous apporter ma vision op\u00e9rationnelle et strat\u00e9gique en menant les \u00e9quipes et les collaborateurs, vers l\u2019optimisation de leurs potentiels, et le d\u00e9veloppement de leurs comp\u00e9tences en les f\u00e9d\u00e9rant autour d\u2019un projet commun. \\\"S'assurer de poss\u00e9der les attendus du commerce avant de penser aux inattendus...\\\": c'est une de mes devises. J'ai su faire monter en comp\u00e9tence les personnes qui m'ont entour\u00e9. Toutes ces exp\u00e9riences m'ont amen\u00e9 \u00e0 prendre la responsabilit\u00e9 d'une enseigne de luxe et d'en d\u00e9finir la strat\u00e9gie . R\u00e9solument orient\u00e9 \u00e0 chercher et \u00e0 proposer des solutions de croissance \u00e0 moyen et \u00e0 long terme...j'ai aussi mont\u00e9 ma propre structure de conseils aux entreprises.\",\"sameAs\":[\"https:\\\/\\\/www.linkedin.com\\\/in\\\/christophe-bernard\\\/\"]}]}<\/script>\n<!-- \/ Yoast SEO plugin. -->","yoast_head_json":{"title":"Cours de l\u2019or\u00a0: correction d\u2019automne et hausse des taux - Gold.fr","description":"La hausse des taux met un correctif sur le cours de l'or en cette rentr\u00e9e. Depuis le d\u00e9but de l\u2019ann\u00e9e, la performance est positive, \u00e0 +1.88%.","robots":{"index":"index","follow":"follow","max-snippet":"max-snippet:-1","max-image-preview":"max-image-preview:large","max-video-preview":"max-video-preview:-1"},"canonical":"https:\/\/www.gold.fr\/news\/2023\/10\/11\/cours-de-lor-correction-dautomne\/","og_locale":"fr_FR","og_type":"article","og_title":"Cours de l\u2019or\u00a0: correction d\u2019automne et hausse des taux - Gold.fr","og_description":"La hausse des taux met un correctif sur le cours de l'or en cette rentr\u00e9e. Depuis le d\u00e9but de l\u2019ann\u00e9e, la performance est positive, \u00e0 +1.88%.","og_url":"https:\/\/www.gold.fr\/news\/2023\/10\/11\/cours-de-lor-correction-dautomne\/","og_site_name":"Gold.fr","article_publisher":"https:\/\/www.facebook.com\/Goldfr\/","article_published_time":"2023-10-11T07:58:45+00:00","og_image":[{"width":800,"height":533,"url":"https:\/\/www.gold.fr\/news\/wp-content\/uploads\/2023\/10\/800533.png","type":"image\/png"}],"author":"Christophe Bernard","twitter_card":"summary_large_image","twitter_misc":{"\u00c9crit par":"Christophe Bernard","Dur\u00e9e de lecture estim\u00e9e":"6 minutes"},"schema":{"@context":"https:\/\/schema.org","@graph":[{"@type":"Article","@id":"https:\/\/www.gold.fr\/news\/2023\/10\/11\/cours-de-lor-correction-dautomne\/#article","isPartOf":{"@id":"https:\/\/www.gold.fr\/news\/2023\/10\/11\/cours-de-lor-correction-dautomne\/"},"author":{"name":"Christophe Bernard","@id":"https:\/\/www.gold.fr\/news\/#\/schema\/person\/c04e756918e0770a338723b0cd6ae4e6"},"headline":"Cours de l\u2019or\u00a0: correction d\u2019automne","datePublished":"2023-10-11T07:58:45+00:00","mainEntityOfPage":{"@id":"https:\/\/www.gold.fr\/news\/2023\/10\/11\/cours-de-lor-correction-dautomne\/"},"wordCount":1045,"image":{"@id":"https:\/\/www.gold.fr\/news\/2023\/10\/11\/cours-de-lor-correction-dautomne\/#primaryimage"},"thumbnailUrl":"https:\/\/www.gold.fr\/news\/wp-content\/uploads\/2023\/10\/800533.png","keywords":["evolution or","investir dans l'Or","Tout Cours de l'Or"],"articleSection":["Analyses Economiques"],"inLanguage":"fr-FR"},{"@type":"WebPage","@id":"https:\/\/www.gold.fr\/news\/2023\/10\/11\/cours-de-lor-correction-dautomne\/","url":"https:\/\/www.gold.fr\/news\/2023\/10\/11\/cours-de-lor-correction-dautomne\/","name":"Cours de l\u2019or\u00a0: correction d\u2019automne et hausse des taux - Gold.fr","isPartOf":{"@id":"https:\/\/www.gold.fr\/news\/#website"},"primaryImageOfPage":{"@id":"https:\/\/www.gold.fr\/news\/2023\/10\/11\/cours-de-lor-correction-dautomne\/#primaryimage"},"image":{"@id":"https:\/\/www.gold.fr\/news\/2023\/10\/11\/cours-de-lor-correction-dautomne\/#primaryimage"},"thumbnailUrl":"https:\/\/www.gold.fr\/news\/wp-content\/uploads\/2023\/10\/800533.png","datePublished":"2023-10-11T07:58:45+00:00","author":{"@id":"https:\/\/www.gold.fr\/news\/#\/schema\/person\/c04e756918e0770a338723b0cd6ae4e6"},"description":"La hausse des taux met un correctif sur le cours de l'or en cette rentr\u00e9e. Depuis le d\u00e9but de l\u2019ann\u00e9e, la performance est positive, \u00e0 +1.88%.","breadcrumb":{"@id":"https:\/\/www.gold.fr\/news\/2023\/10\/11\/cours-de-lor-correction-dautomne\/#breadcrumb"},"inLanguage":"fr-FR","potentialAction":[{"@type":"ReadAction","target":["https:\/\/www.gold.fr\/news\/2023\/10\/11\/cours-de-lor-correction-dautomne\/"]}]},{"@type":"ImageObject","inLanguage":"fr-FR","@id":"https:\/\/www.gold.fr\/news\/2023\/10\/11\/cours-de-lor-correction-dautomne\/#primaryimage","url":"https:\/\/www.gold.fr\/news\/wp-content\/uploads\/2023\/10\/800533.png","contentUrl":"https:\/\/www.gold.fr\/news\/wp-content\/uploads\/2023\/10\/800533.png","width":800,"height":533,"caption":"Cours de l\u2019or\u00a0: correction d\u2019automne et hausse des taux"},{"@type":"BreadcrumbList","@id":"https:\/\/www.gold.fr\/news\/2023\/10\/11\/cours-de-lor-correction-dautomne\/#breadcrumb","itemListElement":[{"@type":"ListItem","position":1,"name":"Accueil","item":"https:\/\/www.gold.fr\/"},{"@type":"ListItem","position":2,"name":"Actualit\u00e9s","item":"https:\/\/www.gold.fr\/news\/"},{"@type":"ListItem","position":3,"name":"Cours de l\u2019or\u00a0: correction d\u2019automne"}]},{"@type":"WebSite","@id":"https:\/\/www.gold.fr\/news\/#website","url":"https:\/\/www.gold.fr\/news\/","name":"Gold.fr","description":"Actualit\u00e9s de l&#039;Or et des m\u00e9taux pr\u00e9cieux","potentialAction":[{"@type":"SearchAction","target":{"@type":"EntryPoint","urlTemplate":"https:\/\/www.gold.fr\/news\/?s={search_term_string}"},"query-input":{"@type":"PropertyValueSpecification","valueRequired":true,"valueName":"search_term_string"}}],"inLanguage":"fr-FR"},{"@type":"Person","@id":"https:\/\/www.gold.fr\/news\/#\/schema\/person\/c04e756918e0770a338723b0cd6ae4e6","name":"Christophe Bernard","image":{"@type":"ImageObject","inLanguage":"fr-FR","@id":"https:\/\/secure.gravatar.com\/avatar\/e885a0c86e335d4494765d4a37801e3d584f326e12c9df7107de52f506b813ae?s=96&d=mm&r=gf32062450d71e3280b64e6937c527471","url":"https:\/\/secure.gravatar.com\/avatar\/e885a0c86e335d4494765d4a37801e3d584f326e12c9df7107de52f506b813ae?s=96&d=mm&r=g","contentUrl":"https:\/\/secure.gravatar.com\/avatar\/e885a0c86e335d4494765d4a37801e3d584f326e12c9df7107de52f506b813ae?s=96&d=mm&r=g","caption":"Christophe Bernard"},"description":"Christophe Bernard travaille en tant que Directeur r\u00e9seau au Comptoir National de l'Or. Le Comptoir National de l\u2019Or se positionne aujourd\u2019hui comme le leader incontournable sur le march\u00e9 de l\u2019Or et des m\u00e9taux pr\u00e9cieux en France. (achat d'or et vente d'or). Le commerce, c'est ma vie professionnelle. En passant successivement en vingt-cinq ans du commerce de d\u00e9tail \"aux d\u00e9tails du commerce\", du monde du discount \u00e0 l'univers du luxe, de l'export \u00e0 la supply chain, les notions de service autour du client et l'exigence de la rigueur et du sens du d\u00e9tail m'ont sembl\u00e9 des valeurs cardinales. Autodidacte, mes diff\u00e9rentes exp\u00e9riences op\u00e9rationnelles m\u2019ont permis d\u2019acqu\u00e9rir des comp\u00e9tences pluridisciplinaires, d\u2019aiguiser mon go\u00fbt pour les chiffres ,de l'analyse \u00e0 l'expertise, et m\u2019ont rendu surtout tr\u00e8s adaptable. Homme de terrain ,pour \u00eatre au coeur de l'action et pour en comprendre ses probl\u00e9matiques, je sais aussi \"prendre de la hauteur pour r\u00e9fl\u00e9chir au niveau strat\u00e9gique pour pr\u00e9parer le moyen et le long terme\". Je me propose donc de vous apporter ma vision op\u00e9rationnelle et strat\u00e9gique en menant les \u00e9quipes et les collaborateurs, vers l\u2019optimisation de leurs potentiels, et le d\u00e9veloppement de leurs comp\u00e9tences en les f\u00e9d\u00e9rant autour d\u2019un projet commun. \"S'assurer de poss\u00e9der les attendus du commerce avant de penser aux inattendus...\": c'est une de mes devises. J'ai su faire monter en comp\u00e9tence les personnes qui m'ont entour\u00e9. Toutes ces exp\u00e9riences m'ont amen\u00e9 \u00e0 prendre la responsabilit\u00e9 d'une enseigne de luxe et d'en d\u00e9finir la strat\u00e9gie . R\u00e9solument orient\u00e9 \u00e0 chercher et \u00e0 proposer des solutions de croissance \u00e0 moyen et \u00e0 long terme...j'ai aussi mont\u00e9 ma propre structure de conseils aux entreprises.","sameAs":["https:\/\/www.linkedin.com\/in\/christophe-bernard\/"]}]}},"authors":[{"term_id":2571,"user_id":33,"is_guest":0,"slug":"christophe-bernard","display_name":"Christophe Bernard","avatar_url":"https:\/\/secure.gravatar.com\/avatar\/e885a0c86e335d4494765d4a37801e3d584f326e12c9df7107de52f506b813ae?s=96&d=mm&r=g","0":null,"1":"","2":"","3":"","4":"","5":"","6":"","7":"","8":""}],"_links":{"self":[{"href":"https:\/\/www.gold.fr\/news\/wp-json\/wp\/v2\/posts\/44908","targetHints":{"allow":["GET"]}}],"collection":[{"href":"https:\/\/www.gold.fr\/news\/wp-json\/wp\/v2\/posts"}],"about":[{"href":"https:\/\/www.gold.fr\/news\/wp-json\/wp\/v2\/types\/post"}],"author":[{"embeddable":true,"href":"https:\/\/www.gold.fr\/news\/wp-json\/wp\/v2\/users\/33"}],"replies":[{"embeddable":true,"href":"https:\/\/www.gold.fr\/news\/wp-json\/wp\/v2\/comments?post=44908"}],"version-history":[{"count":0,"href":"https:\/\/www.gold.fr\/news\/wp-json\/wp\/v2\/posts\/44908\/revisions"}],"wp:featuredmedia":[{"embeddable":true,"href":"https:\/\/www.gold.fr\/news\/wp-json\/wp\/v2\/media\/44921"}],"wp:attachment":[{"href":"https:\/\/www.gold.fr\/news\/wp-json\/wp\/v2\/media?parent=44908"}],"wp:term":[{"taxonomy":"category","embeddable":true,"href":"https:\/\/www.gold.fr\/news\/wp-json\/wp\/v2\/categories?post=44908"},{"taxonomy":"post_tag","embeddable":true,"href":"https:\/\/www.gold.fr\/news\/wp-json\/wp\/v2\/tags?post=44908"},{"taxonomy":"author","embeddable":true,"href":"https:\/\/www.gold.fr\/news\/wp-json\/wp\/v2\/ppma_author?post=44908"}],"curies":[{"name":"wp","href":"https:\/\/api.w.org\/{rel}","templated":true}]}}