{"id":44839,"date":"2023-08-11T10:51:18","date_gmt":"2023-08-11T08:51:18","guid":{"rendered":"https:\/\/www.gold.fr\/news\/?p=44839"},"modified":"2023-08-25T10:31:40","modified_gmt":"2023-08-25T08:31:40","slug":"cours-de-lor-un-ete-plutot-calme","status":"publish","type":"post","link":"https:\/\/www.gold.fr\/news\/2023\/08\/11\/cours-de-lor-un-ete-plutot-calme\/","title":{"rendered":"Cours de l&rsquo;or : un \u00e9t\u00e9 plut\u00f4t calme"},"content":{"rendered":"<p><em>Dans cette lettre mensuelle, vous trouverez un point sur la performance de l\u2019or ainsi que plusieurs actualit\u00e9s et analyses sur des sujets qui influencent le cours du m\u00e9tal jaune. <\/em><\/p>\n<h3><b><span data-contrast=\"none\">Ce qu\u2019il faut retenir du mois \u00e9coul\u00e9<\/span><\/b><\/h3>\n<ul>\n<li>Cours de l\u2019or en euros\u00a0: +3.07% en 2023<\/li>\n<li>Avantage au m\u00e9tal jaune sur les actions sur l\u2019\u00e9t\u00e9<\/li>\n<li>JP Morgan\u00a0: objectif \u00e0 2175 fin 2024<\/li>\n<li>Banques centrales encore acheteuses<\/li>\n<li>Quelques insolites plus l\u00e9g\u00e8res<\/li>\n<\/ul>\n<h3><b><span data-contrast=\"none\">Un \u00e9t\u00e9 calme pour le cours<\/span><\/b><\/h3>\n<p>En juillet, le cours de l\u2019or en euros s\u2019est appr\u00e9ci\u00e9 de 1.9%, pour atteindre 1785 euros au second fixing du 31 juillet \u00e0 Londres. Sur les premiers jours d\u2019ao\u00fbt, le cours a \u00e9t\u00e9 corrig\u00e9 pour revenir vers 1751 euros, soit le niveau de fin juin. Dans l\u2019ensemble, depuis le d\u00e9but de l\u2019\u00e9t\u00e9, le cours de l\u2019or est donc rest\u00e9 stable. <strong>Sur 2023 la performance du m\u00e9tal jaune reste dans le vert, \u00e0 +3.07%.<\/strong><\/p>\n<p><a href=\"https:\/\/www.gold.fr\/news\/wp-content\/uploads\/2023\/08\/Image1.svg\"><img loading=\"lazy\" decoding=\"async\" class=\"aligncenter wp-image-44840\" src=\"https:\/\/www.gold.fr\/news\/wp-content\/uploads\/2023\/08\/Image1.svg\" alt=\"Cours de l'or : un \u00e9t\u00e9 plut\u00f4t calme\" width=\"573\" height=\"106\" \/><\/a><\/p>\n<p>Le cours en dollar a atteint 1970 dollars fin juillet, proche de la barre symbolique des 2000, avant de c\u00e9der presque 2.5% en ao\u00fbt pour revenir vers 1922 dollars. Depuis le d\u00e9but de l\u2019ann\u00e9e, l\u2019investisseur am\u00e9ricain s\u2019en sort mieux que son homologue europ\u00e9en, qui a \u00e9t\u00e9 p\u00e9nalis\u00e9 par la baisse du billet vert.<\/p>\n<p><a href=\"https:\/\/www.gold.fr\/news\/wp-content\/uploads\/2023\/08\/Image2.svg\"><img loading=\"lazy\" decoding=\"async\" class=\"aligncenter wp-image-44841\" src=\"https:\/\/www.gold.fr\/news\/wp-content\/uploads\/2023\/08\/Image2.svg\" alt=\"Cours de l'or : un \u00e9t\u00e9 plut\u00f4t calme\" width=\"390\" height=\"106\" \/><\/a><\/p>\n<p><em>Pour aller plus loin\u00a0: <\/em><a href=\"https:\/\/www.gold.fr\/informations-sur-l-or\/guides\/comment-est-fixe-le-cours-de-lor\"><em>Comment est fix\u00e9 le cours de l\u2019or\u00a0<\/em><\/a><em>?<\/em><\/p>\n<h3><b><span data-contrast=\"none\">Or vs Actions : avantage au m\u00e9tal jaune sur l&rsquo;\u00e9t\u00e9<\/span><\/b><\/h3>\n<p>Depuis le d\u00e9but de l\u2019\u00e9t\u00e9, le m\u00e9tal jaune s\u2019est mieux comport\u00e9 que les actions. En juillet il a battu l\u2019indice parisien (+1.9% contre +1.32% pour le CAC), et en ao\u00fbt \u00e9galement (-1.89% contre -2.34% pour le CAC). Mais depuis le d\u00e9but de l\u2019ann\u00e9e, l\u2019or reste moins performant que les actions fran\u00e7aises, puisque le CAC 40 affiche une progression de 13.1%.<\/p>\n<p><a href=\"https:\/\/www.gold.fr\/news\/wp-content\/uploads\/2023\/08\/Image3.svg\"><img loading=\"lazy\" decoding=\"async\" class=\"aligncenter wp-image-44842\" src=\"https:\/\/www.gold.fr\/news\/wp-content\/uploads\/2023\/08\/Image3.svg\" alt=\"Cours de l'or : un \u00e9t\u00e9 plut\u00f4t calme\" width=\"453\" height=\"264\" \/><\/a><\/p>\n<h3><b><span data-contrast=\"none\">R\u00e9cession et perte du triple A par les \u00c9tats-Unis<\/span><\/b><\/h3>\n<p>Ces derni\u00e8res semaines, c\u2019est la dialectique autour de la croissance \u00e9conomique et de l\u2019ajustement des taux d\u2019int\u00e9r\u00eat qui a le plus influenc\u00e9 le cours du m\u00e9tal jaune. Les probabilit\u00e9s d\u2019une r\u00e9cession am\u00e9ricaine semblent diminuer, ce qui plaiderait pour un report des perspectives de baisse des taux de la Fed. Cela a pes\u00e9 sur le cours de l\u2019or en ao\u00fbt.<\/p>\n<p>Autre actualit\u00e9, l\u2019abaissement d\u2019un cran, le 1<sup>er<\/sup> ao\u00fbt, de la note de cr\u00e9dit des \u00c9tats-Unis par l\u2019agence Fitch ratings. Cela a fait augmenter les taux \u00e0 10 ans de presque 0.2% dans les jours qui ont suivi, m\u00eame s\u2019ils sont redescendus depuis. Parmi les raisons \u00e9voqu\u00e9es par l\u2019agence de notation, la d\u00e9t\u00e9rioration attendue de la situation budg\u00e9taire, le poids de la charge de la dette avec les taux qui sont remont\u00e9s, et les difficult\u00e9s politiques r\u00e9currentes autour du \u00ab plafond de la dette \u00bb. L\u2019impact pour le cours de l\u2019or est difficile \u00e0 d\u00e9terminer \u00e0 court terme. N\u00e9anmoins, \u00e0 long terme, toute d\u00e9t\u00e9rioration de la solvabilit\u00e9 d\u2019un \u00e9tat, surtout en raison du niveau de la dette est plut\u00f4t positif pour le m\u00e9tal jaune, qui est alors recherch\u00e9 en tant qu\u2019un actif r\u00e9el.<\/p>\n<h3><b><span data-contrast=\"none\">Du c\u00f4t\u00e9 des banques centrales&#8230;<\/span><\/b><\/h3>\n<p>La Chine a poursuivi sa politique d\u2019augmentation r\u00e9guli\u00e8re de ses r\u00e9serves d\u2019or, avec un 9<sup>\u00e8me<\/sup> mois cons\u00e9cutif \u00e0 l\u2019achat. Apr\u00e8s les 21 tonnes en juin, ce sont 23 tonnes de plus en juillet, ce qui porte les achats du pays \u00e0 188 tonnes en 9 mois. La Chine est logiquement le plus gros acheteur de 2023, anim\u00e9 par la volont\u00e9 de d\u00e9dollariser ses r\u00e9serves de change pour plus d\u2018ind\u00e9pendance.<\/p>\n<p>La Pologne a \u00e9galement proc\u00e9d\u00e9 \u00e0 l\u2019achat de 22 tonnes en juillet. En 2023, les r\u00e9serves polonaises ont augment\u00e9 de pr\u00e8s de 70 tonnes, confirmant les intentions formul\u00e9es en 2022 par les responsables de la banque centrale d\u2019augmenter les r\u00e9serves de 100 tonnes. D\u2019autres achats polonais sont donc \u00e0 pr\u00e9voir.<\/p>\n<p>Enfin, la Russie a annonc\u00e9 qu\u2019elle pourrait reprendre ses achats, \u00e0 mesure que les revenus li\u00e9s aux exportations d\u2019\u00e9nergie sont en augmentation.<\/p>\n<h3><b><span data-contrast=\"none\">JP Morgan : 2175 dollars fin 2024<\/span><\/b><\/h3>\n<p>La plus grosse banque d\u2019affaire am\u00e9ricaine, JP Morgan, a publi\u00e9 en juillet une recommandation positive sur le m\u00e9tal jaune, avec un objectif de cours au-del\u00e0 de 2000 dollars pour la fin de l\u2019ann\u00e9e, et de 2175 dollars fin 2024. Soit une appr\u00e9ciation de pr\u00e9vue de 13% sur 16 mois. La banque s\u2019attend en effet \u00e0 une baisse des taux d\u2019int\u00e9r\u00eat r\u00e9els, sous l\u2019effet d\u2019un ralentissement \u00e9conomique am\u00e9ricain qui devrait pousser la r\u00e9serve f\u00e9d\u00e9rale \u00e0 baisser ses taux directeurs.<\/p>\n<p>L\u2019objectif \u00e0 2000 dollars est partag\u00e9 par la banque allemande Commerzbank, qui consid\u00e8re que l\u2019inflation am\u00e9ricaine et les taux d\u2019int\u00e9r\u00eat ont peut-\u00eatre plafonn\u00e9, et vont donc baisser dans les prochains mois, soutenant le cours.<\/p>\n<h3><b><span data-contrast=\"none\">Plus insolite&#8230;<\/span><\/b><\/h3>\n<p>Les kowe\u00eftis sont parmi les plus gros consommateurs d\u2019or au monde, avec 3.8 grammes par an et par habitant, selon l\u2019Arab Times. Ce chiffre \u00e9lev\u00e9 s\u2019explique par la forte demande de bijoux par les habitants du pays.<\/p>\n<p>Un nouveau test de d\u00e9tection du COVID utilise des nanoparticules d\u2019or coupl\u00e9es \u00e0 des cl\u00e9s antig\u00e9niques. Le dispositif, qui prend la forme d\u2019un pansement adh\u00e9sif, s\u2019applique sur le doigt apr\u00e8s l\u2019avoir piqu\u00e9 pour obtenir une gouttelette de sang.<\/p>\n<p>&nbsp;<\/p>\n<p><em><u>Avertissement<\/u><\/em><em>\u00a0:<\/em><\/p>\n<p><em>Le cours de l\u2019or peut varier significativement \u00e0 la hausse ou \u00e0 la baisse. Les informations contenues dans ce document ne constituent pas une recommandation d\u2019investissement et le lecteur est invit\u00e9 \u00e0 prendre conseil aupr\u00e8s de professionnels pour la gestion de son \u00e9pargne.<\/em><\/p>\n<!-- AddThis Advanced Settings generic via filter on the_content --><!-- AddThis Share Buttons generic via filter on the_content -->","protected":false},"excerpt":{"rendered":"<p>Dans cette lettre mensuelle, vous trouverez un point sur la performance de l\u2019or ainsi que plusieurs actualit\u00e9s et analyses sur des sujets qui influencent le cours du m\u00e9tal jaune. Ce qu\u2019il faut retenir du mois \u00e9coul\u00e9 [&hellip;]<\/p>\n","protected":false},"author":32,"featured_media":44845,"comment_status":"closed","ping_status":"closed","sticky":false,"template":"","format":"standard","meta":{"_mbp_gutenberg_autopost":false,"_pgmb_is_evergreen":false,"_pgmb_ap_template_id":0,"footnotes":""},"categories":[4],"tags":[949,249,1000,84],"ppma_author":[2572],"class_list":["post-44839","post","type-post","status-publish","format-standard","has-post-thumbnail","hentry","category-analyses-economiques","tag-analyses","tag-banques-centrales","tag-economie","tag-cours-de-lor"],"yoast_head":"<!-- This site is optimized with the Yoast SEO plugin v27.5 - https:\/\/yoast.com\/product\/yoast-seo-wordpress\/ -->\n<title>Cours de l&#039;or : un \u00e9t\u00e9 plut\u00f4t calme - Gold.fr<\/title>\n<meta name=\"description\" content=\"\u00c9conomie, investissement. Depuis le d\u00e9but de l\u2019\u00e9t\u00e9, le m\u00e9tal jaune s\u2019est mieux comport\u00e9 que les actions. D\u00e9couvrez notre analyse compl\u00e8te.\" \/>\n<meta name=\"robots\" content=\"index, follow, max-snippet:-1, max-image-preview:large, max-video-preview:-1\" \/>\n<link rel=\"canonical\" href=\"https:\/\/www.gold.fr\/news\/2023\/08\/11\/cours-de-lor-un-ete-plutot-calme\/\" \/>\n<meta property=\"og:locale\" content=\"fr_FR\" \/>\n<meta property=\"og:type\" content=\"article\" \/>\n<meta property=\"og:title\" content=\"Cours de l&#039;or : un \u00e9t\u00e9 plut\u00f4t calme - Gold.fr\" \/>\n<meta property=\"og:description\" content=\"\u00c9conomie, investissement. Depuis le d\u00e9but de l\u2019\u00e9t\u00e9, le m\u00e9tal jaune s\u2019est mieux comport\u00e9 que les actions. D\u00e9couvrez notre analyse compl\u00e8te.\" \/>\n<meta property=\"og:url\" content=\"https:\/\/www.gold.fr\/news\/2023\/08\/11\/cours-de-lor-un-ete-plutot-calme\/\" \/>\n<meta property=\"og:site_name\" content=\"Gold.fr\" \/>\n<meta property=\"article:publisher\" content=\"https:\/\/www.facebook.com\/Goldfr\/\" \/>\n<meta property=\"article:published_time\" content=\"2023-08-11T08:51:18+00:00\" \/>\n<meta property=\"article:modified_time\" content=\"2023-08-25T08:31:40+00:00\" \/>\n<meta property=\"og:image\" content=\"https:\/\/www.gold.fr\/news\/wp-content\/uploads\/2023\/08\/MEA-WP.png\" \/>\n\t<meta property=\"og:image:width\" content=\"800\" \/>\n\t<meta property=\"og:image:height\" content=\"533\" \/>\n\t<meta property=\"og:image:type\" content=\"image\/png\" \/>\n<meta name=\"author\" content=\"Mickael Amar\" \/>\n<meta name=\"twitter:card\" content=\"summary_large_image\" \/>\n<meta name=\"twitter:label1\" content=\"\u00c9crit par\" \/>\n\t<meta name=\"twitter:data1\" content=\"Mickael Amar\" \/>\n\t<meta name=\"twitter:label2\" content=\"Dur\u00e9e de lecture estim\u00e9e\" \/>\n\t<meta name=\"twitter:data2\" content=\"6 minutes\" \/>\n<script type=\"application\/ld+json\" class=\"yoast-schema-graph\">{\"@context\":\"https:\\\/\\\/schema.org\",\"@graph\":[{\"@type\":\"Article\",\"@id\":\"https:\\\/\\\/www.gold.fr\\\/news\\\/2023\\\/08\\\/11\\\/cours-de-lor-un-ete-plutot-calme\\\/#article\",\"isPartOf\":{\"@id\":\"https:\\\/\\\/www.gold.fr\\\/news\\\/2023\\\/08\\\/11\\\/cours-de-lor-un-ete-plutot-calme\\\/\"},\"author\":{\"name\":\"Mickael Amar\",\"@id\":\"https:\\\/\\\/www.gold.fr\\\/news\\\/#\\\/schema\\\/person\\\/3cd6ba43512e1455694a537511f9846c\"},\"headline\":\"Cours de l&rsquo;or : un \u00e9t\u00e9 plut\u00f4t calme\",\"datePublished\":\"2023-08-11T08:51:18+00:00\",\"dateModified\":\"2023-08-25T08:31:40+00:00\",\"mainEntityOfPage\":{\"@id\":\"https:\\\/\\\/www.gold.fr\\\/news\\\/2023\\\/08\\\/11\\\/cours-de-lor-un-ete-plutot-calme\\\/\"},\"wordCount\":966,\"image\":{\"@id\":\"https:\\\/\\\/www.gold.fr\\\/news\\\/2023\\\/08\\\/11\\\/cours-de-lor-un-ete-plutot-calme\\\/#primaryimage\"},\"thumbnailUrl\":\"https:\\\/\\\/www.gold.fr\\\/news\\\/wp-content\\\/uploads\\\/2023\\\/08\\\/MEA-WP.png\",\"keywords\":[\"Analyses\",\"Banques centrales\",\"\u00e9conomie\",\"Tout Cours de l'Or\"],\"articleSection\":[\"Analyses Economiques\"],\"inLanguage\":\"fr-FR\"},{\"@type\":\"WebPage\",\"@id\":\"https:\\\/\\\/www.gold.fr\\\/news\\\/2023\\\/08\\\/11\\\/cours-de-lor-un-ete-plutot-calme\\\/\",\"url\":\"https:\\\/\\\/www.gold.fr\\\/news\\\/2023\\\/08\\\/11\\\/cours-de-lor-un-ete-plutot-calme\\\/\",\"name\":\"Cours de l'or : un \u00e9t\u00e9 plut\u00f4t calme - Gold.fr\",\"isPartOf\":{\"@id\":\"https:\\\/\\\/www.gold.fr\\\/news\\\/#website\"},\"primaryImageOfPage\":{\"@id\":\"https:\\\/\\\/www.gold.fr\\\/news\\\/2023\\\/08\\\/11\\\/cours-de-lor-un-ete-plutot-calme\\\/#primaryimage\"},\"image\":{\"@id\":\"https:\\\/\\\/www.gold.fr\\\/news\\\/2023\\\/08\\\/11\\\/cours-de-lor-un-ete-plutot-calme\\\/#primaryimage\"},\"thumbnailUrl\":\"https:\\\/\\\/www.gold.fr\\\/news\\\/wp-content\\\/uploads\\\/2023\\\/08\\\/MEA-WP.png\",\"datePublished\":\"2023-08-11T08:51:18+00:00\",\"dateModified\":\"2023-08-25T08:31:40+00:00\",\"author\":{\"@id\":\"https:\\\/\\\/www.gold.fr\\\/news\\\/#\\\/schema\\\/person\\\/3cd6ba43512e1455694a537511f9846c\"},\"description\":\"\u00c9conomie, investissement. Depuis le d\u00e9but de l\u2019\u00e9t\u00e9, le m\u00e9tal jaune s\u2019est mieux comport\u00e9 que les actions. D\u00e9couvrez notre analyse compl\u00e8te.\",\"breadcrumb\":{\"@id\":\"https:\\\/\\\/www.gold.fr\\\/news\\\/2023\\\/08\\\/11\\\/cours-de-lor-un-ete-plutot-calme\\\/#breadcrumb\"},\"inLanguage\":\"fr-FR\",\"potentialAction\":[{\"@type\":\"ReadAction\",\"target\":[\"https:\\\/\\\/www.gold.fr\\\/news\\\/2023\\\/08\\\/11\\\/cours-de-lor-un-ete-plutot-calme\\\/\"]}]},{\"@type\":\"ImageObject\",\"inLanguage\":\"fr-FR\",\"@id\":\"https:\\\/\\\/www.gold.fr\\\/news\\\/2023\\\/08\\\/11\\\/cours-de-lor-un-ete-plutot-calme\\\/#primaryimage\",\"url\":\"https:\\\/\\\/www.gold.fr\\\/news\\\/wp-content\\\/uploads\\\/2023\\\/08\\\/MEA-WP.png\",\"contentUrl\":\"https:\\\/\\\/www.gold.fr\\\/news\\\/wp-content\\\/uploads\\\/2023\\\/08\\\/MEA-WP.png\",\"width\":800,\"height\":533,\"caption\":\"Poutine et ses r\u00e9serves d'or\"},{\"@type\":\"BreadcrumbList\",\"@id\":\"https:\\\/\\\/www.gold.fr\\\/news\\\/2023\\\/08\\\/11\\\/cours-de-lor-un-ete-plutot-calme\\\/#breadcrumb\",\"itemListElement\":[{\"@type\":\"ListItem\",\"position\":1,\"name\":\"Accueil\",\"item\":\"https:\\\/\\\/www.gold.fr\\\/\"},{\"@type\":\"ListItem\",\"position\":2,\"name\":\"Actualit\u00e9s\",\"item\":\"https:\\\/\\\/www.gold.fr\\\/news\\\/\"},{\"@type\":\"ListItem\",\"position\":3,\"name\":\"Cours de l&rsquo;or : un \u00e9t\u00e9 plut\u00f4t calme\"}]},{\"@type\":\"WebSite\",\"@id\":\"https:\\\/\\\/www.gold.fr\\\/news\\\/#website\",\"url\":\"https:\\\/\\\/www.gold.fr\\\/news\\\/\",\"name\":\"Gold.fr\",\"description\":\"Actualit\u00e9s de l&#039;Or et des m\u00e9taux pr\u00e9cieux\",\"potentialAction\":[{\"@type\":\"SearchAction\",\"target\":{\"@type\":\"EntryPoint\",\"urlTemplate\":\"https:\\\/\\\/www.gold.fr\\\/news\\\/?s={search_term_string}\"},\"query-input\":{\"@type\":\"PropertyValueSpecification\",\"valueRequired\":true,\"valueName\":\"search_term_string\"}}],\"inLanguage\":\"fr-FR\"},{\"@type\":\"Person\",\"@id\":\"https:\\\/\\\/www.gold.fr\\\/news\\\/#\\\/schema\\\/person\\\/3cd6ba43512e1455694a537511f9846c\",\"name\":\"Mickael Amar\",\"image\":{\"@type\":\"ImageObject\",\"inLanguage\":\"fr-FR\",\"@id\":\"https:\\\/\\\/secure.gravatar.com\\\/avatar\\\/d52a0f458f57710f6e885a37fb07c37884548c110528dceeec4cde123e2f9231?s=96&d=mm&r=g12ea243340d82582abb9455c9c290483\",\"url\":\"https:\\\/\\\/secure.gravatar.com\\\/avatar\\\/d52a0f458f57710f6e885a37fb07c37884548c110528dceeec4cde123e2f9231?s=96&d=mm&r=g\",\"contentUrl\":\"https:\\\/\\\/secure.gravatar.com\\\/avatar\\\/d52a0f458f57710f6e885a37fb07c37884548c110528dceeec4cde123e2f9231?s=96&d=mm&r=g\",\"caption\":\"Mickael Amar\"},\"description\":\"Mickael Amar travaille en tant qu\u2019Adjoint du Directeur Op\u00e9rationnel au Comptoir National de l\u2019Or et il est aussi Responsable de la Formation des nouveaux Responsables d\u2019Agence qui int\u00e8grent le r\u00e9seau. Il a une vingtaine d\u2019ann\u00e9es d\u2019exp\u00e9rience sur des postes orient\u00e9s gestion de projets, conseil, accompagnement, RH, management avec \u00e0 chaque fois une composante business importante. Au Comptoir National de l\u2019Or il a pu d\u00e9velopper son expertise sur les march\u00e9s financiers et en particulier celui de l\u2019or et des m\u00e9taux pr\u00e9cieux. Le Comptoir National de l\u2019Or se positionne aujourd\u2019hui comme le leader incontournable sur le march\u00e9 de l\u2019Or et des m\u00e9taux pr\u00e9cieux en France. (achat d'or et vente d'or).\",\"sameAs\":[\"https:\\\/\\\/www.linkedin.com\\\/in\\\/mickael-amar\\\/\"]}]}<\/script>\n<!-- \/ Yoast SEO plugin. -->","yoast_head_json":{"title":"Cours de l'or : un \u00e9t\u00e9 plut\u00f4t calme - Gold.fr","description":"\u00c9conomie, investissement. Depuis le d\u00e9but de l\u2019\u00e9t\u00e9, le m\u00e9tal jaune s\u2019est mieux comport\u00e9 que les actions. D\u00e9couvrez notre analyse compl\u00e8te.","robots":{"index":"index","follow":"follow","max-snippet":"max-snippet:-1","max-image-preview":"max-image-preview:large","max-video-preview":"max-video-preview:-1"},"canonical":"https:\/\/www.gold.fr\/news\/2023\/08\/11\/cours-de-lor-un-ete-plutot-calme\/","og_locale":"fr_FR","og_type":"article","og_title":"Cours de l'or : un \u00e9t\u00e9 plut\u00f4t calme - Gold.fr","og_description":"\u00c9conomie, investissement. Depuis le d\u00e9but de l\u2019\u00e9t\u00e9, le m\u00e9tal jaune s\u2019est mieux comport\u00e9 que les actions. D\u00e9couvrez notre analyse compl\u00e8te.","og_url":"https:\/\/www.gold.fr\/news\/2023\/08\/11\/cours-de-lor-un-ete-plutot-calme\/","og_site_name":"Gold.fr","article_publisher":"https:\/\/www.facebook.com\/Goldfr\/","article_published_time":"2023-08-11T08:51:18+00:00","article_modified_time":"2023-08-25T08:31:40+00:00","og_image":[{"width":800,"height":533,"url":"https:\/\/www.gold.fr\/news\/wp-content\/uploads\/2023\/08\/MEA-WP.png","type":"image\/png"}],"author":"Mickael Amar","twitter_card":"summary_large_image","twitter_misc":{"\u00c9crit par":"Mickael Amar","Dur\u00e9e de lecture estim\u00e9e":"6 minutes"},"schema":{"@context":"https:\/\/schema.org","@graph":[{"@type":"Article","@id":"https:\/\/www.gold.fr\/news\/2023\/08\/11\/cours-de-lor-un-ete-plutot-calme\/#article","isPartOf":{"@id":"https:\/\/www.gold.fr\/news\/2023\/08\/11\/cours-de-lor-un-ete-plutot-calme\/"},"author":{"name":"Mickael Amar","@id":"https:\/\/www.gold.fr\/news\/#\/schema\/person\/3cd6ba43512e1455694a537511f9846c"},"headline":"Cours de l&rsquo;or : un \u00e9t\u00e9 plut\u00f4t calme","datePublished":"2023-08-11T08:51:18+00:00","dateModified":"2023-08-25T08:31:40+00:00","mainEntityOfPage":{"@id":"https:\/\/www.gold.fr\/news\/2023\/08\/11\/cours-de-lor-un-ete-plutot-calme\/"},"wordCount":966,"image":{"@id":"https:\/\/www.gold.fr\/news\/2023\/08\/11\/cours-de-lor-un-ete-plutot-calme\/#primaryimage"},"thumbnailUrl":"https:\/\/www.gold.fr\/news\/wp-content\/uploads\/2023\/08\/MEA-WP.png","keywords":["Analyses","Banques centrales","\u00e9conomie","Tout Cours de l'Or"],"articleSection":["Analyses Economiques"],"inLanguage":"fr-FR"},{"@type":"WebPage","@id":"https:\/\/www.gold.fr\/news\/2023\/08\/11\/cours-de-lor-un-ete-plutot-calme\/","url":"https:\/\/www.gold.fr\/news\/2023\/08\/11\/cours-de-lor-un-ete-plutot-calme\/","name":"Cours de l'or : un \u00e9t\u00e9 plut\u00f4t calme - Gold.fr","isPartOf":{"@id":"https:\/\/www.gold.fr\/news\/#website"},"primaryImageOfPage":{"@id":"https:\/\/www.gold.fr\/news\/2023\/08\/11\/cours-de-lor-un-ete-plutot-calme\/#primaryimage"},"image":{"@id":"https:\/\/www.gold.fr\/news\/2023\/08\/11\/cours-de-lor-un-ete-plutot-calme\/#primaryimage"},"thumbnailUrl":"https:\/\/www.gold.fr\/news\/wp-content\/uploads\/2023\/08\/MEA-WP.png","datePublished":"2023-08-11T08:51:18+00:00","dateModified":"2023-08-25T08:31:40+00:00","author":{"@id":"https:\/\/www.gold.fr\/news\/#\/schema\/person\/3cd6ba43512e1455694a537511f9846c"},"description":"\u00c9conomie, investissement. Depuis le d\u00e9but de l\u2019\u00e9t\u00e9, le m\u00e9tal jaune s\u2019est mieux comport\u00e9 que les actions. D\u00e9couvrez notre analyse compl\u00e8te.","breadcrumb":{"@id":"https:\/\/www.gold.fr\/news\/2023\/08\/11\/cours-de-lor-un-ete-plutot-calme\/#breadcrumb"},"inLanguage":"fr-FR","potentialAction":[{"@type":"ReadAction","target":["https:\/\/www.gold.fr\/news\/2023\/08\/11\/cours-de-lor-un-ete-plutot-calme\/"]}]},{"@type":"ImageObject","inLanguage":"fr-FR","@id":"https:\/\/www.gold.fr\/news\/2023\/08\/11\/cours-de-lor-un-ete-plutot-calme\/#primaryimage","url":"https:\/\/www.gold.fr\/news\/wp-content\/uploads\/2023\/08\/MEA-WP.png","contentUrl":"https:\/\/www.gold.fr\/news\/wp-content\/uploads\/2023\/08\/MEA-WP.png","width":800,"height":533,"caption":"Poutine et ses r\u00e9serves d'or"},{"@type":"BreadcrumbList","@id":"https:\/\/www.gold.fr\/news\/2023\/08\/11\/cours-de-lor-un-ete-plutot-calme\/#breadcrumb","itemListElement":[{"@type":"ListItem","position":1,"name":"Accueil","item":"https:\/\/www.gold.fr\/"},{"@type":"ListItem","position":2,"name":"Actualit\u00e9s","item":"https:\/\/www.gold.fr\/news\/"},{"@type":"ListItem","position":3,"name":"Cours de l&rsquo;or : un \u00e9t\u00e9 plut\u00f4t calme"}]},{"@type":"WebSite","@id":"https:\/\/www.gold.fr\/news\/#website","url":"https:\/\/www.gold.fr\/news\/","name":"Gold.fr","description":"Actualit\u00e9s de l&#039;Or et des m\u00e9taux pr\u00e9cieux","potentialAction":[{"@type":"SearchAction","target":{"@type":"EntryPoint","urlTemplate":"https:\/\/www.gold.fr\/news\/?s={search_term_string}"},"query-input":{"@type":"PropertyValueSpecification","valueRequired":true,"valueName":"search_term_string"}}],"inLanguage":"fr-FR"},{"@type":"Person","@id":"https:\/\/www.gold.fr\/news\/#\/schema\/person\/3cd6ba43512e1455694a537511f9846c","name":"Mickael Amar","image":{"@type":"ImageObject","inLanguage":"fr-FR","@id":"https:\/\/secure.gravatar.com\/avatar\/d52a0f458f57710f6e885a37fb07c37884548c110528dceeec4cde123e2f9231?s=96&d=mm&r=g12ea243340d82582abb9455c9c290483","url":"https:\/\/secure.gravatar.com\/avatar\/d52a0f458f57710f6e885a37fb07c37884548c110528dceeec4cde123e2f9231?s=96&d=mm&r=g","contentUrl":"https:\/\/secure.gravatar.com\/avatar\/d52a0f458f57710f6e885a37fb07c37884548c110528dceeec4cde123e2f9231?s=96&d=mm&r=g","caption":"Mickael Amar"},"description":"Mickael Amar travaille en tant qu\u2019Adjoint du Directeur Op\u00e9rationnel au Comptoir National de l\u2019Or et il est aussi Responsable de la Formation des nouveaux Responsables d\u2019Agence qui int\u00e8grent le r\u00e9seau. Il a une vingtaine d\u2019ann\u00e9es d\u2019exp\u00e9rience sur des postes orient\u00e9s gestion de projets, conseil, accompagnement, RH, management avec \u00e0 chaque fois une composante business importante. Au Comptoir National de l\u2019Or il a pu d\u00e9velopper son expertise sur les march\u00e9s financiers et en particulier celui de l\u2019or et des m\u00e9taux pr\u00e9cieux. Le Comptoir National de l\u2019Or se positionne aujourd\u2019hui comme le leader incontournable sur le march\u00e9 de l\u2019Or et des m\u00e9taux pr\u00e9cieux en France. (achat d'or et vente d'or).","sameAs":["https:\/\/www.linkedin.com\/in\/mickael-amar\/"]}]}},"authors":[{"term_id":2572,"user_id":32,"is_guest":0,"slug":"mickael-amar","display_name":"Mickael Amar","avatar_url":"https:\/\/secure.gravatar.com\/avatar\/d52a0f458f57710f6e885a37fb07c37884548c110528dceeec4cde123e2f9231?s=96&d=mm&r=g","0":null,"1":"","2":"","3":"","4":"","5":"","6":"","7":"","8":""}],"_links":{"self":[{"href":"https:\/\/www.gold.fr\/news\/wp-json\/wp\/v2\/posts\/44839","targetHints":{"allow":["GET"]}}],"collection":[{"href":"https:\/\/www.gold.fr\/news\/wp-json\/wp\/v2\/posts"}],"about":[{"href":"https:\/\/www.gold.fr\/news\/wp-json\/wp\/v2\/types\/post"}],"author":[{"embeddable":true,"href":"https:\/\/www.gold.fr\/news\/wp-json\/wp\/v2\/users\/32"}],"replies":[{"embeddable":true,"href":"https:\/\/www.gold.fr\/news\/wp-json\/wp\/v2\/comments?post=44839"}],"version-history":[{"count":0,"href":"https:\/\/www.gold.fr\/news\/wp-json\/wp\/v2\/posts\/44839\/revisions"}],"wp:featuredmedia":[{"embeddable":true,"href":"https:\/\/www.gold.fr\/news\/wp-json\/wp\/v2\/media\/44845"}],"wp:attachment":[{"href":"https:\/\/www.gold.fr\/news\/wp-json\/wp\/v2\/media?parent=44839"}],"wp:term":[{"taxonomy":"category","embeddable":true,"href":"https:\/\/www.gold.fr\/news\/wp-json\/wp\/v2\/categories?post=44839"},{"taxonomy":"post_tag","embeddable":true,"href":"https:\/\/www.gold.fr\/news\/wp-json\/wp\/v2\/tags?post=44839"},{"taxonomy":"author","embeddable":true,"href":"https:\/\/www.gold.fr\/news\/wp-json\/wp\/v2\/ppma_author?post=44839"}],"curies":[{"name":"wp","href":"https:\/\/api.w.org\/{rel}","templated":true}]}}