{"id":44781,"date":"2023-06-15T17:34:26","date_gmt":"2023-06-15T15:34:26","guid":{"rendered":"https:\/\/www.gold.fr\/news\/?p=44781"},"modified":"2023-07-17T12:01:08","modified_gmt":"2023-07-17T10:01:08","slug":"le-comptoir-national-de-lor-cite-par-les-echos-investir-09-06-comment-est-taxe-votre-or","status":"publish","type":"post","link":"https:\/\/www.gold.fr\/news\/2023\/06\/15\/le-comptoir-national-de-lor-cite-par-les-echos-investir-09-06-comment-est-taxe-votre-or\/","title":{"rendered":"Le Comptoir National de l\u2019or cit\u00e9 par Les Echos Investir 09\/06 \u2013 Comment est tax\u00e9 votre or ?"},"content":{"rendered":"<p>Vous avez investi il y a maintenant quelques temps dans la valeur refuge, l&rsquo;or, mais vous souhaitez vous en s\u00e9parer sans connaitre forcement la fiscalit\u00e9, la taxe sur l&rsquo;or qui peut s&rsquo;appliquer ? Les Echos &#8211; investir et le Comptoir National de l&rsquo;Or vous apporte toutes les r\u00e9ponses n\u00e9cessaires afin de vous permettre de vendre vos produits sereinement.<\/p>\n<p><span style=\"font-weight: 400;\">Premier chose \u00e0 savoir, \u00ab\u00a0La <a href=\"https:\/\/www.gold.fr\/informations-sur-l-or\/faq\/existe-t-il-un-taxe-sur-la-vente-dor\">taxe forfaitaire<\/a> s\u2019applique sur la totalit\u00e9 du prix de vente. Elle est collect\u00e9e par l\u2019agence qui vous rach\u00e8te vos pi\u00e8ces \u00bb, pr\u00e9cise Laurent Schwartz, pr\u00e9sident fondateur du Comptoir National de l\u2019Or.<\/span><\/p>\n<p>Vous souhaitez obtenir plus de renseignements sur la revente de vos produits ? Nos agences partout en France sont l\u00e0 pour vous conseiller \u2013 <a href=\"https:\/\/www.gold.fr\/comptoirs-achat-vente-or\/\">Trouvez le comptoir au plus pr\u00e8s de chez vous !<\/a><\/p>\n<p><strong>Lire l\u2019int\u00e9gralit\u00e9 de l\u2019article ci-dessous \u00ab L&rsquo;or pourrait s&rsquo;envoler pour 3 raisons, selon UBS \u00bb<\/strong>.<\/p>\n<p><iframe style=\"width: 100%; height: 800px; border: none;\" title=\"Chute des d\u00e9p\u00f4ts en banque, plongeon de l\u2019immobilier\u2026 \u201cl\u2019or pourrait inscrire un record plus vite que pr\u00e9vu\u201d, selon UBS\" src=\"https:\/\/www.gold.fr\/news\/wp-content\/uploads\/2023\/06\/Le-Comptoir-National-de-lor-cite-par-Les-Echos-Investir-09_06-\u2013-Comment-est-taxe-votre-or-_.pdf\"><span data-mce-type=\"bookmark\" style=\"display: inline-block; width: 0px; overflow: hidden; line-height: 0;\" class=\"mce_SELRES_start\">\ufeff<\/span><span data-mce-type=\"bookmark\" style=\"display: inline-block; width: 0px; overflow: hidden; line-height: 0;\" class=\"mce_SELRES_start\">\ufeff<\/span><span data-mce-type=\"bookmark\" style=\"display: inline-block; width: 0px; overflow: hidden; line-height: 0;\" class=\"mce_SELRES_start\">\ufeff<\/span><span data-mce-type=\"bookmark\" style=\"display: inline-block; width: 0px; overflow: hidden; line-height: 0;\" class=\"mce_SELRES_start\">\ufeff<\/span><span data-mce-type=\"bookmark\" style=\"display: inline-block; width: 0px; overflow: hidden; line-height: 0;\" class=\"mce_SELRES_start\">\ufeff<\/span><span data-mce-type=\"bookmark\" style=\"display: inline-block; width: 0px; overflow: hidden; line-height: 0;\" class=\"mce_SELRES_start\">\ufeff<\/span><span data-mce-type=\"bookmark\" style=\"display: inline-block; width: 0px; overflow: hidden; line-height: 0;\" class=\"mce_SELRES_start\">\ufeff<\/span><span data-mce-type=\"bookmark\" style=\"display: inline-block; width: 0px; overflow: hidden; line-height: 0;\" class=\"mce_SELRES_start\">\ufeff<\/span><span data-mce-type=\"bookmark\" style=\"display: inline-block; width: 0px; overflow: hidden; line-height: 0;\" class=\"mce_SELRES_start\">\ufeff<\/span><span data-mce-type=\"bookmark\" style=\"display: inline-block; width: 0px; overflow: hidden; line-height: 0;\" class=\"mce_SELRES_start\">\ufeff<\/span><span data-mce-type=\"bookmark\" style=\"display: inline-block; width: 0px; overflow: hidden; line-height: 0;\" class=\"mce_SELRES_start\">\ufeff<\/span><span data-mce-type=\"bookmark\" style=\"display: inline-block; width: 0px; overflow: hidden; line-height: 0;\" class=\"mce_SELRES_start\"><span data-mce-type=\"bookmark\" style=\"display: inline-block; width: 0px; overflow: hidden; line-height: 0;\" class=\"mce_SELRES_start\">\ufeff<\/span><\/span><span data-mce-type=\"bookmark\" style=\"display: inline-block; width: 0px; overflow: hidden; line-height: 0;\" class=\"mce_SELRES_start\"><\/span><span data-mce-type=\"bookmark\" style=\"display: inline-block; width: 0px; overflow: hidden; line-height: 0;\" class=\"mce_SELRES_start\"><\/span><span data-mce-type=\"bookmark\" style=\"display: inline-block; width: 0px; overflow: hidden; line-height: 0;\" class=\"mce_SELRES_start\"><\/span><span data-mce-type=\"bookmark\" style=\"display: inline-block; width: 0px; overflow: hidden; line-height: 0;\" class=\"mce_SELRES_start\"><\/span><span data-mce-type=\"bookmark\" style=\"display: inline-block; width: 0px; overflow: hidden; line-height: 0;\" class=\"mce_SELRES_start\"><\/span><span data-mce-type=\"bookmark\" style=\"display: inline-block; width: 0px; overflow: hidden; line-height: 0;\" class=\"mce_SELRES_start\"><\/span><span data-mce-type=\"bookmark\" style=\"display: inline-block; width: 0px; overflow: hidden; line-height: 0;\" class=\"mce_SELRES_start\"><\/span><\/iframe><\/p>\n<!-- AddThis Advanced Settings generic via filter on the_content --><!-- AddThis Share Buttons generic via filter on the_content -->","protected":false},"excerpt":{"rendered":"<p>Vous avez investi il y a maintenant quelques temps dans la valeur refuge, l&rsquo;or, mais vous souhaitez vous en s\u00e9parer sans connaitre forcement la fiscalit\u00e9, la taxe sur l&rsquo;or qui peut s&rsquo;appliquer ? Les Echos &#8211; [&hellip;]<\/p>\n","protected":false},"author":6,"featured_media":44789,"comment_status":"closed","ping_status":"closed","sticky":false,"template":"","format":"standard","meta":{"_mbp_gutenberg_autopost":false,"_pgmb_is_evergreen":false,"_pgmb_ap_template_id":0,"footnotes":""},"categories":[6,2414],"tags":[1926,1596,84,234],"ppma_author":[2567],"class_list":["post-44781","post","type-post","status-publish","format-standard","has-post-thumbnail","hentry","category-articles-de-presse","category-cndo-dans-la-presse","tag-revente-or","tag-taxe-vente-or","tag-cours-de-lor","tag-valeur-refuge"],"yoast_head":"<!-- This site is optimized with the Yoast SEO plugin v27.5 - https:\/\/yoast.com\/product\/yoast-seo-wordpress\/ -->\n<title>Les Echos Investir \u2013 Comment est tax\u00e9 votre or ? - Gold.fr<\/title>\n<meta name=\"description\" content=\"Taxe or, fiscalit\u00e9 or. Vous poss\u00e9dez de l&#039;or et vous souhaitez le vendre mais vous vous posez des questions sur les taxes ? Nous vous expliquons tout.\" \/>\n<meta name=\"robots\" content=\"index, follow, max-snippet:-1, max-image-preview:large, max-video-preview:-1\" \/>\n<link rel=\"canonical\" href=\"https:\/\/www.gold.fr\/news\/2023\/06\/15\/le-comptoir-national-de-lor-cite-par-les-echos-investir-09-06-comment-est-taxe-votre-or\/\" \/>\n<meta property=\"og:locale\" content=\"fr_FR\" \/>\n<meta property=\"og:type\" content=\"article\" \/>\n<meta property=\"og:title\" content=\"Les Echos Investir \u2013 Comment est tax\u00e9 votre or ? - Gold.fr\" \/>\n<meta property=\"og:description\" content=\"Taxe or, fiscalit\u00e9 or. Vous poss\u00e9dez de l&#039;or et vous souhaitez le vendre mais vous vous posez des questions sur les taxes ? Nous vous expliquons tout.\" \/>\n<meta property=\"og:url\" content=\"https:\/\/www.gold.fr\/news\/2023\/06\/15\/le-comptoir-national-de-lor-cite-par-les-echos-investir-09-06-comment-est-taxe-votre-or\/\" \/>\n<meta property=\"og:site_name\" content=\"Gold.fr\" \/>\n<meta property=\"article:publisher\" content=\"https:\/\/www.facebook.com\/Goldfr\/\" \/>\n<meta property=\"article:published_time\" content=\"2023-06-15T15:34:26+00:00\" \/>\n<meta property=\"article:modified_time\" content=\"2023-07-17T10:01:08+00:00\" \/>\n<meta property=\"og:image\" content=\"https:\/\/www.gold.fr\/news\/wp-content\/uploads\/2023\/06\/MicrosoftTeams-image-1.jpg\" \/>\n\t<meta property=\"og:image:width\" content=\"800\" \/>\n\t<meta property=\"og:image:height\" content=\"533\" \/>\n\t<meta property=\"og:image:type\" content=\"image\/jpeg\" \/>\n<meta name=\"author\" content=\"Laurent Schwartz\" \/>\n<meta name=\"twitter:card\" content=\"summary_large_image\" \/>\n<meta name=\"twitter:label1\" content=\"\u00c9crit par\" \/>\n\t<meta name=\"twitter:data1\" content=\"Laurent Schwartz\" \/>\n\t<meta name=\"twitter:label2\" content=\"Dur\u00e9e de lecture estim\u00e9e\" \/>\n\t<meta name=\"twitter:data2\" content=\"1 minute\" \/>\n<script type=\"application\/ld+json\" class=\"yoast-schema-graph\">{\"@context\":\"https:\\\/\\\/schema.org\",\"@graph\":[{\"@type\":\"Article\",\"@id\":\"https:\\\/\\\/www.gold.fr\\\/news\\\/2023\\\/06\\\/15\\\/le-comptoir-national-de-lor-cite-par-les-echos-investir-09-06-comment-est-taxe-votre-or\\\/#article\",\"isPartOf\":{\"@id\":\"https:\\\/\\\/www.gold.fr\\\/news\\\/2023\\\/06\\\/15\\\/le-comptoir-national-de-lor-cite-par-les-echos-investir-09-06-comment-est-taxe-votre-or\\\/\"},\"author\":{\"name\":\"Laurent Schwartz\",\"@id\":\"https:\\\/\\\/www.gold.fr\\\/news\\\/#\\\/schema\\\/person\\\/4ed91d9a70d8f3a313c26e8308214fc2\"},\"headline\":\"Le Comptoir National de l\u2019or cit\u00e9 par Les Echos Investir 09\\\/06 \u2013 Comment est tax\u00e9 votre or ?\",\"datePublished\":\"2023-06-15T15:34:26+00:00\",\"dateModified\":\"2023-07-17T10:01:08+00:00\",\"mainEntityOfPage\":{\"@id\":\"https:\\\/\\\/www.gold.fr\\\/news\\\/2023\\\/06\\\/15\\\/le-comptoir-national-de-lor-cite-par-les-echos-investir-09-06-comment-est-taxe-votre-or\\\/\"},\"wordCount\":171,\"image\":{\"@id\":\"https:\\\/\\\/www.gold.fr\\\/news\\\/2023\\\/06\\\/15\\\/le-comptoir-national-de-lor-cite-par-les-echos-investir-09-06-comment-est-taxe-votre-or\\\/#primaryimage\"},\"thumbnailUrl\":\"https:\\\/\\\/www.gold.fr\\\/news\\\/wp-content\\\/uploads\\\/2023\\\/06\\\/MicrosoftTeams-image-1.jpg\",\"keywords\":[\"Revente or\",\"taxe vente or\",\"Tout Cours de l'Or\",\"Valeur refuge\"],\"articleSection\":[\"Articles de presse\",\"CNDO dans la presse\"],\"inLanguage\":\"fr-FR\"},{\"@type\":\"WebPage\",\"@id\":\"https:\\\/\\\/www.gold.fr\\\/news\\\/2023\\\/06\\\/15\\\/le-comptoir-national-de-lor-cite-par-les-echos-investir-09-06-comment-est-taxe-votre-or\\\/\",\"url\":\"https:\\\/\\\/www.gold.fr\\\/news\\\/2023\\\/06\\\/15\\\/le-comptoir-national-de-lor-cite-par-les-echos-investir-09-06-comment-est-taxe-votre-or\\\/\",\"name\":\"Les Echos Investir \u2013 Comment est tax\u00e9 votre or ? - Gold.fr\",\"isPartOf\":{\"@id\":\"https:\\\/\\\/www.gold.fr\\\/news\\\/#website\"},\"primaryImageOfPage\":{\"@id\":\"https:\\\/\\\/www.gold.fr\\\/news\\\/2023\\\/06\\\/15\\\/le-comptoir-national-de-lor-cite-par-les-echos-investir-09-06-comment-est-taxe-votre-or\\\/#primaryimage\"},\"image\":{\"@id\":\"https:\\\/\\\/www.gold.fr\\\/news\\\/2023\\\/06\\\/15\\\/le-comptoir-national-de-lor-cite-par-les-echos-investir-09-06-comment-est-taxe-votre-or\\\/#primaryimage\"},\"thumbnailUrl\":\"https:\\\/\\\/www.gold.fr\\\/news\\\/wp-content\\\/uploads\\\/2023\\\/06\\\/MicrosoftTeams-image-1.jpg\",\"datePublished\":\"2023-06-15T15:34:26+00:00\",\"dateModified\":\"2023-07-17T10:01:08+00:00\",\"author\":{\"@id\":\"https:\\\/\\\/www.gold.fr\\\/news\\\/#\\\/schema\\\/person\\\/4ed91d9a70d8f3a313c26e8308214fc2\"},\"description\":\"Taxe or, fiscalit\u00e9 or. Vous poss\u00e9dez de l'or et vous souhaitez le vendre mais vous vous posez des questions sur les taxes ? Nous vous expliquons tout.\",\"breadcrumb\":{\"@id\":\"https:\\\/\\\/www.gold.fr\\\/news\\\/2023\\\/06\\\/15\\\/le-comptoir-national-de-lor-cite-par-les-echos-investir-09-06-comment-est-taxe-votre-or\\\/#breadcrumb\"},\"inLanguage\":\"fr-FR\",\"potentialAction\":[{\"@type\":\"ReadAction\",\"target\":[\"https:\\\/\\\/www.gold.fr\\\/news\\\/2023\\\/06\\\/15\\\/le-comptoir-national-de-lor-cite-par-les-echos-investir-09-06-comment-est-taxe-votre-or\\\/\"]}]},{\"@type\":\"ImageObject\",\"inLanguage\":\"fr-FR\",\"@id\":\"https:\\\/\\\/www.gold.fr\\\/news\\\/2023\\\/06\\\/15\\\/le-comptoir-national-de-lor-cite-par-les-echos-investir-09-06-comment-est-taxe-votre-or\\\/#primaryimage\",\"url\":\"https:\\\/\\\/www.gold.fr\\\/news\\\/wp-content\\\/uploads\\\/2023\\\/06\\\/MicrosoftTeams-image-1.jpg\",\"contentUrl\":\"https:\\\/\\\/www.gold.fr\\\/news\\\/wp-content\\\/uploads\\\/2023\\\/06\\\/MicrosoftTeams-image-1.jpg\",\"width\":800,\"height\":533,\"caption\":\"taxe or \u2013 Comment est tax\u00e9 votre or ?\"},{\"@type\":\"BreadcrumbList\",\"@id\":\"https:\\\/\\\/www.gold.fr\\\/news\\\/2023\\\/06\\\/15\\\/le-comptoir-national-de-lor-cite-par-les-echos-investir-09-06-comment-est-taxe-votre-or\\\/#breadcrumb\",\"itemListElement\":[{\"@type\":\"ListItem\",\"position\":1,\"name\":\"Accueil\",\"item\":\"https:\\\/\\\/www.gold.fr\\\/\"},{\"@type\":\"ListItem\",\"position\":2,\"name\":\"Actualit\u00e9s\",\"item\":\"https:\\\/\\\/www.gold.fr\\\/news\\\/\"},{\"@type\":\"ListItem\",\"position\":3,\"name\":\"Le Comptoir National de l\u2019or cit\u00e9 par Les Echos Investir 09\\\/06 \u2013 Comment est tax\u00e9 votre or ?\"}]},{\"@type\":\"WebSite\",\"@id\":\"https:\\\/\\\/www.gold.fr\\\/news\\\/#website\",\"url\":\"https:\\\/\\\/www.gold.fr\\\/news\\\/\",\"name\":\"Gold.fr\",\"description\":\"Actualit\u00e9s de l&#039;Or et des m\u00e9taux pr\u00e9cieux\",\"potentialAction\":[{\"@type\":\"SearchAction\",\"target\":{\"@type\":\"EntryPoint\",\"urlTemplate\":\"https:\\\/\\\/www.gold.fr\\\/news\\\/?s={search_term_string}\"},\"query-input\":{\"@type\":\"PropertyValueSpecification\",\"valueRequired\":true,\"valueName\":\"search_term_string\"}}],\"inLanguage\":\"fr-FR\"},{\"@type\":\"Person\",\"@id\":\"https:\\\/\\\/www.gold.fr\\\/news\\\/#\\\/schema\\\/person\\\/4ed91d9a70d8f3a313c26e8308214fc2\",\"name\":\"Laurent Schwartz\",\"image\":{\"@type\":\"ImageObject\",\"inLanguage\":\"fr-FR\",\"@id\":\"https:\\\/\\\/secure.gravatar.com\\\/avatar\\\/1496f846049365121827f5470219486f1a95f83957cc8ca0a9595e40c185f5ee?s=96&d=mm&r=g76f0e87c9ba82a161860a0fc16990d85\",\"url\":\"https:\\\/\\\/secure.gravatar.com\\\/avatar\\\/1496f846049365121827f5470219486f1a95f83957cc8ca0a9595e40c185f5ee?s=96&d=mm&r=g\",\"contentUrl\":\"https:\\\/\\\/secure.gravatar.com\\\/avatar\\\/1496f846049365121827f5470219486f1a95f83957cc8ca0a9595e40c185f5ee?s=96&d=mm&r=g\",\"caption\":\"Laurent Schwartz\"},\"description\":\"Dipl\u00f4m\u00e9 de l\u2019EDHEC Business School en 2005, Laurent SCHWARTZ int\u00e8gre le cabinet d\u2019audit ERNST &amp; YOUNG en 2005 o\u00f9 il travaille pendant 4 ans. Parall\u00e8lement, il travaille au sein de l\u2019entreprise familiale cr\u00e9\u00e9e en 1976 \u00e0 Strasbourg. Fort de cette exp\u00e9rience et du savoir-faire d\u00e9velopp\u00e9 durant ces 40 derni\u00e8res ann\u00e9es, Laurent proc\u00e8de \u00e0 la refonte du site Internet Gold.fr d\u00e9di\u00e9 \u00e0 l\u2019achat d'or, vente d\u2019or (pi\u00e8ces, lingots, ...), achat or et argent,... qui conna\u00eetra un franc succ\u00e8s d\u00e8s son d\u00e9marrage en 2008. Il d\u00e9cide alors de d\u00e9velopper un r\u00e9seau de concessions exclusives: Le Comptoir National de l\u2019Or. Il assure d\u00e9sormais le pilotage strat\u00e9gique du 1er r\u00e9seau de France qui compte aujourd\u2019hui pas loin de 60 agences r\u00e9parties dans toute la France et depuis peu en Allemagne (Breisach). Le Comptoir National de l\u2019Or se positionne aujourd\u2019hui comme le leader incontournable sur le march\u00e9 de l\u2019Or et des m\u00e9taux pr\u00e9cieux en France.\",\"sameAs\":[\"https:\\\/\\\/www.gold.fr\",\"https:\\\/\\\/www.linkedin.com\\\/in\\\/acheteror\\\/\"]}]}<\/script>\n<!-- \/ Yoast SEO plugin. -->","yoast_head_json":{"title":"Les Echos Investir \u2013 Comment est tax\u00e9 votre or ? - Gold.fr","description":"Taxe or, fiscalit\u00e9 or. Vous poss\u00e9dez de l'or et vous souhaitez le vendre mais vous vous posez des questions sur les taxes ? Nous vous expliquons tout.","robots":{"index":"index","follow":"follow","max-snippet":"max-snippet:-1","max-image-preview":"max-image-preview:large","max-video-preview":"max-video-preview:-1"},"canonical":"https:\/\/www.gold.fr\/news\/2023\/06\/15\/le-comptoir-national-de-lor-cite-par-les-echos-investir-09-06-comment-est-taxe-votre-or\/","og_locale":"fr_FR","og_type":"article","og_title":"Les Echos Investir \u2013 Comment est tax\u00e9 votre or ? - Gold.fr","og_description":"Taxe or, fiscalit\u00e9 or. Vous poss\u00e9dez de l'or et vous souhaitez le vendre mais vous vous posez des questions sur les taxes ? Nous vous expliquons tout.","og_url":"https:\/\/www.gold.fr\/news\/2023\/06\/15\/le-comptoir-national-de-lor-cite-par-les-echos-investir-09-06-comment-est-taxe-votre-or\/","og_site_name":"Gold.fr","article_publisher":"https:\/\/www.facebook.com\/Goldfr\/","article_published_time":"2023-06-15T15:34:26+00:00","article_modified_time":"2023-07-17T10:01:08+00:00","og_image":[{"width":800,"height":533,"url":"https:\/\/www.gold.fr\/news\/wp-content\/uploads\/2023\/06\/MicrosoftTeams-image-1.jpg","type":"image\/jpeg"}],"author":"Laurent Schwartz","twitter_card":"summary_large_image","twitter_misc":{"\u00c9crit par":"Laurent Schwartz","Dur\u00e9e de lecture estim\u00e9e":"1 minute"},"schema":{"@context":"https:\/\/schema.org","@graph":[{"@type":"Article","@id":"https:\/\/www.gold.fr\/news\/2023\/06\/15\/le-comptoir-national-de-lor-cite-par-les-echos-investir-09-06-comment-est-taxe-votre-or\/#article","isPartOf":{"@id":"https:\/\/www.gold.fr\/news\/2023\/06\/15\/le-comptoir-national-de-lor-cite-par-les-echos-investir-09-06-comment-est-taxe-votre-or\/"},"author":{"name":"Laurent Schwartz","@id":"https:\/\/www.gold.fr\/news\/#\/schema\/person\/4ed91d9a70d8f3a313c26e8308214fc2"},"headline":"Le Comptoir National de l\u2019or cit\u00e9 par Les Echos Investir 09\/06 \u2013 Comment est tax\u00e9 votre or ?","datePublished":"2023-06-15T15:34:26+00:00","dateModified":"2023-07-17T10:01:08+00:00","mainEntityOfPage":{"@id":"https:\/\/www.gold.fr\/news\/2023\/06\/15\/le-comptoir-national-de-lor-cite-par-les-echos-investir-09-06-comment-est-taxe-votre-or\/"},"wordCount":171,"image":{"@id":"https:\/\/www.gold.fr\/news\/2023\/06\/15\/le-comptoir-national-de-lor-cite-par-les-echos-investir-09-06-comment-est-taxe-votre-or\/#primaryimage"},"thumbnailUrl":"https:\/\/www.gold.fr\/news\/wp-content\/uploads\/2023\/06\/MicrosoftTeams-image-1.jpg","keywords":["Revente or","taxe vente or","Tout Cours de l'Or","Valeur refuge"],"articleSection":["Articles de presse","CNDO dans la presse"],"inLanguage":"fr-FR"},{"@type":"WebPage","@id":"https:\/\/www.gold.fr\/news\/2023\/06\/15\/le-comptoir-national-de-lor-cite-par-les-echos-investir-09-06-comment-est-taxe-votre-or\/","url":"https:\/\/www.gold.fr\/news\/2023\/06\/15\/le-comptoir-national-de-lor-cite-par-les-echos-investir-09-06-comment-est-taxe-votre-or\/","name":"Les Echos Investir \u2013 Comment est tax\u00e9 votre or ? - Gold.fr","isPartOf":{"@id":"https:\/\/www.gold.fr\/news\/#website"},"primaryImageOfPage":{"@id":"https:\/\/www.gold.fr\/news\/2023\/06\/15\/le-comptoir-national-de-lor-cite-par-les-echos-investir-09-06-comment-est-taxe-votre-or\/#primaryimage"},"image":{"@id":"https:\/\/www.gold.fr\/news\/2023\/06\/15\/le-comptoir-national-de-lor-cite-par-les-echos-investir-09-06-comment-est-taxe-votre-or\/#primaryimage"},"thumbnailUrl":"https:\/\/www.gold.fr\/news\/wp-content\/uploads\/2023\/06\/MicrosoftTeams-image-1.jpg","datePublished":"2023-06-15T15:34:26+00:00","dateModified":"2023-07-17T10:01:08+00:00","author":{"@id":"https:\/\/www.gold.fr\/news\/#\/schema\/person\/4ed91d9a70d8f3a313c26e8308214fc2"},"description":"Taxe or, fiscalit\u00e9 or. Vous poss\u00e9dez de l'or et vous souhaitez le vendre mais vous vous posez des questions sur les taxes ? Nous vous expliquons tout.","breadcrumb":{"@id":"https:\/\/www.gold.fr\/news\/2023\/06\/15\/le-comptoir-national-de-lor-cite-par-les-echos-investir-09-06-comment-est-taxe-votre-or\/#breadcrumb"},"inLanguage":"fr-FR","potentialAction":[{"@type":"ReadAction","target":["https:\/\/www.gold.fr\/news\/2023\/06\/15\/le-comptoir-national-de-lor-cite-par-les-echos-investir-09-06-comment-est-taxe-votre-or\/"]}]},{"@type":"ImageObject","inLanguage":"fr-FR","@id":"https:\/\/www.gold.fr\/news\/2023\/06\/15\/le-comptoir-national-de-lor-cite-par-les-echos-investir-09-06-comment-est-taxe-votre-or\/#primaryimage","url":"https:\/\/www.gold.fr\/news\/wp-content\/uploads\/2023\/06\/MicrosoftTeams-image-1.jpg","contentUrl":"https:\/\/www.gold.fr\/news\/wp-content\/uploads\/2023\/06\/MicrosoftTeams-image-1.jpg","width":800,"height":533,"caption":"taxe or \u2013 Comment est tax\u00e9 votre or ?"},{"@type":"BreadcrumbList","@id":"https:\/\/www.gold.fr\/news\/2023\/06\/15\/le-comptoir-national-de-lor-cite-par-les-echos-investir-09-06-comment-est-taxe-votre-or\/#breadcrumb","itemListElement":[{"@type":"ListItem","position":1,"name":"Accueil","item":"https:\/\/www.gold.fr\/"},{"@type":"ListItem","position":2,"name":"Actualit\u00e9s","item":"https:\/\/www.gold.fr\/news\/"},{"@type":"ListItem","position":3,"name":"Le Comptoir National de l\u2019or cit\u00e9 par Les Echos Investir 09\/06 \u2013 Comment est tax\u00e9 votre or ?"}]},{"@type":"WebSite","@id":"https:\/\/www.gold.fr\/news\/#website","url":"https:\/\/www.gold.fr\/news\/","name":"Gold.fr","description":"Actualit\u00e9s de l&#039;Or et des m\u00e9taux pr\u00e9cieux","potentialAction":[{"@type":"SearchAction","target":{"@type":"EntryPoint","urlTemplate":"https:\/\/www.gold.fr\/news\/?s={search_term_string}"},"query-input":{"@type":"PropertyValueSpecification","valueRequired":true,"valueName":"search_term_string"}}],"inLanguage":"fr-FR"},{"@type":"Person","@id":"https:\/\/www.gold.fr\/news\/#\/schema\/person\/4ed91d9a70d8f3a313c26e8308214fc2","name":"Laurent Schwartz","image":{"@type":"ImageObject","inLanguage":"fr-FR","@id":"https:\/\/secure.gravatar.com\/avatar\/1496f846049365121827f5470219486f1a95f83957cc8ca0a9595e40c185f5ee?s=96&d=mm&r=g76f0e87c9ba82a161860a0fc16990d85","url":"https:\/\/secure.gravatar.com\/avatar\/1496f846049365121827f5470219486f1a95f83957cc8ca0a9595e40c185f5ee?s=96&d=mm&r=g","contentUrl":"https:\/\/secure.gravatar.com\/avatar\/1496f846049365121827f5470219486f1a95f83957cc8ca0a9595e40c185f5ee?s=96&d=mm&r=g","caption":"Laurent Schwartz"},"description":"Dipl\u00f4m\u00e9 de l\u2019EDHEC Business School en 2005, Laurent SCHWARTZ int\u00e8gre le cabinet d\u2019audit ERNST &amp; YOUNG en 2005 o\u00f9 il travaille pendant 4 ans. Parall\u00e8lement, il travaille au sein de l\u2019entreprise familiale cr\u00e9\u00e9e en 1976 \u00e0 Strasbourg. Fort de cette exp\u00e9rience et du savoir-faire d\u00e9velopp\u00e9 durant ces 40 derni\u00e8res ann\u00e9es, Laurent proc\u00e8de \u00e0 la refonte du site Internet Gold.fr d\u00e9di\u00e9 \u00e0 l\u2019achat d'or, vente d\u2019or (pi\u00e8ces, lingots, ...), achat or et argent,... qui conna\u00eetra un franc succ\u00e8s d\u00e8s son d\u00e9marrage en 2008. Il d\u00e9cide alors de d\u00e9velopper un r\u00e9seau de concessions exclusives: Le Comptoir National de l\u2019Or. Il assure d\u00e9sormais le pilotage strat\u00e9gique du 1er r\u00e9seau de France qui compte aujourd\u2019hui pas loin de 60 agences r\u00e9parties dans toute la France et depuis peu en Allemagne (Breisach). Le Comptoir National de l\u2019Or se positionne aujourd\u2019hui comme le leader incontournable sur le march\u00e9 de l\u2019Or et des m\u00e9taux pr\u00e9cieux en France.","sameAs":["https:\/\/www.gold.fr","https:\/\/www.linkedin.com\/in\/acheteror\/"]}]}},"authors":[{"term_id":2567,"user_id":6,"is_guest":0,"slug":"laurent","display_name":"Laurent Schwartz","avatar_url":"https:\/\/secure.gravatar.com\/avatar\/1496f846049365121827f5470219486f1a95f83957cc8ca0a9595e40c185f5ee?s=96&d=mm&r=g","0":null,"1":"","2":"","3":"","4":"","5":"","6":"","7":"","8":""}],"_links":{"self":[{"href":"https:\/\/www.gold.fr\/news\/wp-json\/wp\/v2\/posts\/44781","targetHints":{"allow":["GET"]}}],"collection":[{"href":"https:\/\/www.gold.fr\/news\/wp-json\/wp\/v2\/posts"}],"about":[{"href":"https:\/\/www.gold.fr\/news\/wp-json\/wp\/v2\/types\/post"}],"author":[{"embeddable":true,"href":"https:\/\/www.gold.fr\/news\/wp-json\/wp\/v2\/users\/6"}],"replies":[{"embeddable":true,"href":"https:\/\/www.gold.fr\/news\/wp-json\/wp\/v2\/comments?post=44781"}],"version-history":[{"count":0,"href":"https:\/\/www.gold.fr\/news\/wp-json\/wp\/v2\/posts\/44781\/revisions"}],"wp:featuredmedia":[{"embeddable":true,"href":"https:\/\/www.gold.fr\/news\/wp-json\/wp\/v2\/media\/44789"}],"wp:attachment":[{"href":"https:\/\/www.gold.fr\/news\/wp-json\/wp\/v2\/media?parent=44781"}],"wp:term":[{"taxonomy":"category","embeddable":true,"href":"https:\/\/www.gold.fr\/news\/wp-json\/wp\/v2\/categories?post=44781"},{"taxonomy":"post_tag","embeddable":true,"href":"https:\/\/www.gold.fr\/news\/wp-json\/wp\/v2\/tags?post=44781"},{"taxonomy":"author","embeddable":true,"href":"https:\/\/www.gold.fr\/news\/wp-json\/wp\/v2\/ppma_author?post=44781"}],"curies":[{"name":"wp","href":"https:\/\/api.w.org\/{rel}","templated":true}]}}