{"id":44551,"date":"2023-04-13T11:45:47","date_gmt":"2023-04-13T09:45:47","guid":{"rendered":"https:\/\/www.gold.fr\/news\/?p=44551"},"modified":"2023-04-13T11:45:47","modified_gmt":"2023-04-13T09:45:47","slug":"interview-de-laurent-schwartz-par-radio-france-culture-la-ruee-vers-lor","status":"publish","type":"post","link":"https:\/\/www.gold.fr\/news\/2023\/04\/13\/interview-de-laurent-schwartz-par-radio-france-culture-la-ruee-vers-lor\/","title":{"rendered":"Interview de Laurent Schwartz par Radio France Culture &#8211; La ru\u00e9e vers l&rsquo;or"},"content":{"rendered":"<p>Une nouvelle ru\u00e9e vers l\u2019or fait son apparition depuis ces derniers mois, avec une hausse de 30% concernant l&rsquo;investissement dans l&rsquo;or.<\/p>\n<p>\u00ab C&rsquo;est un actif qui <a href=\"https:\/\/www.gold.fr\/charts\/\">\u00e9volue en fonction des taux d&rsquo;int\u00e9r\u00eat r\u00e9el<\/a> et donc indirectement en fonction des niveaux d&rsquo;inflations. Cette inflation a augment\u00e9 ces derniers temps et cela vient favoriser l&rsquo;augmentation du cours de l&rsquo;or. Il n&rsquo;y a pas que les aspects de crise politique, \u00e9conomique, g\u00e9opolitique, il y a \u00e9galement la politique mon\u00e9taire qui vient avoir un impact. [&#8230;]\u00bb, nous \u00e9voque Laurent Schwartz, pr\u00e9sident du Comptoir National de l\u2019Or.<\/p>\n<div>\n<p><strong>Dans cette interview, Laurent Schwartz nous explique plus en d\u00e9tail les raisons de<a href=\"https:\/\/www.gold.fr\/cours-or-prix-de-l-or\/\"> l&rsquo;augmentation du cours de l&rsquo;or<\/a> et donc la ru\u00e9e vers l&rsquo;or.\u00a0<\/strong><\/p>\n<audio class=\"wp-audio-shortcode\" id=\"audio-44551-1\" preload=\"none\" style=\"width: 100%;\" controls=\"controls\"><source type=\"audio\/mpeg\" src=\"https:\/\/www.gold.fr\/news\/wp-content\/uploads\/2023\/04\/10058-12.04.2023-ITEMA_23346543-2023C48902S0102-21-2.mp3?_=1\" \/><a href=\"https:\/\/www.gold.fr\/news\/wp-content\/uploads\/2023\/04\/10058-12.04.2023-ITEMA_23346543-2023C48902S0102-21-2.mp3\">https:\/\/www.gold.fr\/news\/wp-content\/uploads\/2023\/04\/10058-12.04.2023-ITEMA_23346543-2023C48902S0102-21-2.mp3<\/a><\/audio>\n<\/div>\n<!-- AddThis Advanced Settings generic via filter on the_content --><!-- AddThis Share Buttons generic via filter on the_content -->","protected":false},"excerpt":{"rendered":"<p>Une nouvelle ru\u00e9e vers l\u2019or fait son apparition depuis ces derniers mois, avec une hausse de 30% concernant l&rsquo;investissement dans l&rsquo;or. \u00ab C&rsquo;est un actif qui \u00e9volue en fonction des taux d&rsquo;int\u00e9r\u00eat r\u00e9el et donc indirectement [&hellip;]<\/p>\n","protected":false},"author":32,"featured_media":44558,"comment_status":"closed","ping_status":"closed","sticky":false,"template":"","format":"standard","meta":{"_mbp_gutenberg_autopost":false,"_pgmb_is_evergreen":false,"_pgmb_ap_template_id":0,"footnotes":""},"categories":[6,2414],"tags":[17,456,83,234],"ppma_author":[2572],"class_list":["post-44551","post","type-post","status-publish","format-standard","has-post-thumbnail","hentry","category-articles-de-presse","category-cndo-dans-la-presse","tag-achat-dor","tag-investir-dans-lor","tag-prix-de-lor","tag-valeur-refuge"],"yoast_head":"<!-- This site is optimized with the Yoast SEO plugin v27.5 - https:\/\/yoast.com\/product\/yoast-seo-wordpress\/ -->\n<title>La ru\u00e9e vers l&#039;or - Gold.fr<\/title>\n<meta name=\"description\" content=\"Ru\u00e9e vers l&#039;or depuis ces derniers mois, mais pourquoi ? Laurent Schwartz nous apporte les r\u00e9ponses \u00e0 nos questions dans son interview.\" \/>\n<meta name=\"robots\" content=\"index, follow, max-snippet:-1, max-image-preview:large, max-video-preview:-1\" \/>\n<link rel=\"canonical\" href=\"https:\/\/www.gold.fr\/news\/2023\/04\/13\/interview-de-laurent-schwartz-par-radio-france-culture-la-ruee-vers-lor\/\" \/>\n<meta property=\"og:locale\" content=\"fr_FR\" \/>\n<meta property=\"og:type\" content=\"article\" \/>\n<meta property=\"og:title\" content=\"La ru\u00e9e vers l&#039;or - Gold.fr\" \/>\n<meta property=\"og:description\" content=\"Ru\u00e9e vers l&#039;or depuis ces derniers mois, mais pourquoi ? Laurent Schwartz nous apporte les r\u00e9ponses \u00e0 nos questions dans son interview.\" \/>\n<meta property=\"og:url\" content=\"https:\/\/www.gold.fr\/news\/2023\/04\/13\/interview-de-laurent-schwartz-par-radio-france-culture-la-ruee-vers-lor\/\" \/>\n<meta property=\"og:site_name\" content=\"Gold.fr\" \/>\n<meta property=\"article:publisher\" content=\"https:\/\/www.facebook.com\/Goldfr\/\" \/>\n<meta property=\"article:published_time\" content=\"2023-04-13T09:45:47+00:00\" \/>\n<meta property=\"og:image\" content=\"https:\/\/www.gold.fr\/news\/wp-content\/uploads\/2023\/04\/MEA-WP-logo@1x_1-1.jpg\" \/>\n\t<meta property=\"og:image:width\" content=\"800\" \/>\n\t<meta property=\"og:image:height\" content=\"533\" \/>\n\t<meta property=\"og:image:type\" content=\"image\/jpeg\" \/>\n<meta name=\"author\" content=\"Mickael Amar\" \/>\n<meta name=\"twitter:card\" content=\"summary_large_image\" \/>\n<meta name=\"twitter:label1\" content=\"\u00c9crit par\" \/>\n\t<meta name=\"twitter:data1\" content=\"Mickael Amar\" \/>\n\t<meta name=\"twitter:label2\" content=\"Dur\u00e9e de lecture estim\u00e9e\" \/>\n\t<meta name=\"twitter:data2\" content=\"1 minute\" \/>\n<script type=\"application\/ld+json\" class=\"yoast-schema-graph\">{\"@context\":\"https:\\\/\\\/schema.org\",\"@graph\":[{\"@type\":\"Article\",\"@id\":\"https:\\\/\\\/www.gold.fr\\\/news\\\/2023\\\/04\\\/13\\\/interview-de-laurent-schwartz-par-radio-france-culture-la-ruee-vers-lor\\\/#article\",\"isPartOf\":{\"@id\":\"https:\\\/\\\/www.gold.fr\\\/news\\\/2023\\\/04\\\/13\\\/interview-de-laurent-schwartz-par-radio-france-culture-la-ruee-vers-lor\\\/\"},\"author\":{\"name\":\"Mickael Amar\",\"@id\":\"https:\\\/\\\/www.gold.fr\\\/news\\\/#\\\/schema\\\/person\\\/3cd6ba43512e1455694a537511f9846c\"},\"headline\":\"Interview de Laurent Schwartz par Radio France Culture &#8211; La ru\u00e9e vers l&rsquo;or\",\"datePublished\":\"2023-04-13T09:45:47+00:00\",\"mainEntityOfPage\":{\"@id\":\"https:\\\/\\\/www.gold.fr\\\/news\\\/2023\\\/04\\\/13\\\/interview-de-laurent-schwartz-par-radio-france-culture-la-ruee-vers-lor\\\/\"},\"wordCount\":168,\"image\":{\"@id\":\"https:\\\/\\\/www.gold.fr\\\/news\\\/2023\\\/04\\\/13\\\/interview-de-laurent-schwartz-par-radio-france-culture-la-ruee-vers-lor\\\/#primaryimage\"},\"thumbnailUrl\":\"https:\\\/\\\/www.gold.fr\\\/news\\\/wp-content\\\/uploads\\\/2023\\\/04\\\/MEA-WP-logo@1x_1-1.jpg\",\"keywords\":[\"Achat d'Or\",\"investir dans l'Or\",\"prix de l'or\",\"Valeur refuge\"],\"articleSection\":[\"Articles de presse\",\"CNDO dans la presse\"],\"inLanguage\":\"fr-FR\"},{\"@type\":\"WebPage\",\"@id\":\"https:\\\/\\\/www.gold.fr\\\/news\\\/2023\\\/04\\\/13\\\/interview-de-laurent-schwartz-par-radio-france-culture-la-ruee-vers-lor\\\/\",\"url\":\"https:\\\/\\\/www.gold.fr\\\/news\\\/2023\\\/04\\\/13\\\/interview-de-laurent-schwartz-par-radio-france-culture-la-ruee-vers-lor\\\/\",\"name\":\"La ru\u00e9e vers l'or - Gold.fr\",\"isPartOf\":{\"@id\":\"https:\\\/\\\/www.gold.fr\\\/news\\\/#website\"},\"primaryImageOfPage\":{\"@id\":\"https:\\\/\\\/www.gold.fr\\\/news\\\/2023\\\/04\\\/13\\\/interview-de-laurent-schwartz-par-radio-france-culture-la-ruee-vers-lor\\\/#primaryimage\"},\"image\":{\"@id\":\"https:\\\/\\\/www.gold.fr\\\/news\\\/2023\\\/04\\\/13\\\/interview-de-laurent-schwartz-par-radio-france-culture-la-ruee-vers-lor\\\/#primaryimage\"},\"thumbnailUrl\":\"https:\\\/\\\/www.gold.fr\\\/news\\\/wp-content\\\/uploads\\\/2023\\\/04\\\/MEA-WP-logo@1x_1-1.jpg\",\"datePublished\":\"2023-04-13T09:45:47+00:00\",\"author\":{\"@id\":\"https:\\\/\\\/www.gold.fr\\\/news\\\/#\\\/schema\\\/person\\\/3cd6ba43512e1455694a537511f9846c\"},\"description\":\"Ru\u00e9e vers l'or depuis ces derniers mois, mais pourquoi ? Laurent Schwartz nous apporte les r\u00e9ponses \u00e0 nos questions dans son interview.\",\"breadcrumb\":{\"@id\":\"https:\\\/\\\/www.gold.fr\\\/news\\\/2023\\\/04\\\/13\\\/interview-de-laurent-schwartz-par-radio-france-culture-la-ruee-vers-lor\\\/#breadcrumb\"},\"inLanguage\":\"fr-FR\",\"potentialAction\":[{\"@type\":\"ReadAction\",\"target\":[\"https:\\\/\\\/www.gold.fr\\\/news\\\/2023\\\/04\\\/13\\\/interview-de-laurent-schwartz-par-radio-france-culture-la-ruee-vers-lor\\\/\"]}]},{\"@type\":\"ImageObject\",\"inLanguage\":\"fr-FR\",\"@id\":\"https:\\\/\\\/www.gold.fr\\\/news\\\/2023\\\/04\\\/13\\\/interview-de-laurent-schwartz-par-radio-france-culture-la-ruee-vers-lor\\\/#primaryimage\",\"url\":\"https:\\\/\\\/www.gold.fr\\\/news\\\/wp-content\\\/uploads\\\/2023\\\/04\\\/MEA-WP-logo@1x_1-1.jpg\",\"contentUrl\":\"https:\\\/\\\/www.gold.fr\\\/news\\\/wp-content\\\/uploads\\\/2023\\\/04\\\/MEA-WP-logo@1x_1-1.jpg\",\"width\":800,\"height\":533,\"caption\":\"Interview de Laurent Schwartz par Radio France Culture - La ru\u00e9e vers l'or\"},{\"@type\":\"BreadcrumbList\",\"@id\":\"https:\\\/\\\/www.gold.fr\\\/news\\\/2023\\\/04\\\/13\\\/interview-de-laurent-schwartz-par-radio-france-culture-la-ruee-vers-lor\\\/#breadcrumb\",\"itemListElement\":[{\"@type\":\"ListItem\",\"position\":1,\"name\":\"Accueil\",\"item\":\"https:\\\/\\\/www.gold.fr\\\/\"},{\"@type\":\"ListItem\",\"position\":2,\"name\":\"Actualit\u00e9s\",\"item\":\"https:\\\/\\\/www.gold.fr\\\/news\\\/\"},{\"@type\":\"ListItem\",\"position\":3,\"name\":\"Interview de Laurent Schwartz par Radio France Culture &#8211; La ru\u00e9e vers l&rsquo;or\"}]},{\"@type\":\"WebSite\",\"@id\":\"https:\\\/\\\/www.gold.fr\\\/news\\\/#website\",\"url\":\"https:\\\/\\\/www.gold.fr\\\/news\\\/\",\"name\":\"Gold.fr\",\"description\":\"Actualit\u00e9s de l&#039;Or et des m\u00e9taux pr\u00e9cieux\",\"potentialAction\":[{\"@type\":\"SearchAction\",\"target\":{\"@type\":\"EntryPoint\",\"urlTemplate\":\"https:\\\/\\\/www.gold.fr\\\/news\\\/?s={search_term_string}\"},\"query-input\":{\"@type\":\"PropertyValueSpecification\",\"valueRequired\":true,\"valueName\":\"search_term_string\"}}],\"inLanguage\":\"fr-FR\"},{\"@type\":\"Person\",\"@id\":\"https:\\\/\\\/www.gold.fr\\\/news\\\/#\\\/schema\\\/person\\\/3cd6ba43512e1455694a537511f9846c\",\"name\":\"Mickael Amar\",\"image\":{\"@type\":\"ImageObject\",\"inLanguage\":\"fr-FR\",\"@id\":\"https:\\\/\\\/secure.gravatar.com\\\/avatar\\\/d52a0f458f57710f6e885a37fb07c37884548c110528dceeec4cde123e2f9231?s=96&d=mm&r=g12ea243340d82582abb9455c9c290483\",\"url\":\"https:\\\/\\\/secure.gravatar.com\\\/avatar\\\/d52a0f458f57710f6e885a37fb07c37884548c110528dceeec4cde123e2f9231?s=96&d=mm&r=g\",\"contentUrl\":\"https:\\\/\\\/secure.gravatar.com\\\/avatar\\\/d52a0f458f57710f6e885a37fb07c37884548c110528dceeec4cde123e2f9231?s=96&d=mm&r=g\",\"caption\":\"Mickael Amar\"},\"description\":\"Mickael Amar travaille en tant qu\u2019Adjoint du Directeur Op\u00e9rationnel au Comptoir National de l\u2019Or et il est aussi Responsable de la Formation des nouveaux Responsables d\u2019Agence qui int\u00e8grent le r\u00e9seau. Il a une vingtaine d\u2019ann\u00e9es d\u2019exp\u00e9rience sur des postes orient\u00e9s gestion de projets, conseil, accompagnement, RH, management avec \u00e0 chaque fois une composante business importante. Au Comptoir National de l\u2019Or il a pu d\u00e9velopper son expertise sur les march\u00e9s financiers et en particulier celui de l\u2019or et des m\u00e9taux pr\u00e9cieux. Le Comptoir National de l\u2019Or se positionne aujourd\u2019hui comme le leader incontournable sur le march\u00e9 de l\u2019Or et des m\u00e9taux pr\u00e9cieux en France. (achat d'or et vente d'or).\",\"sameAs\":[\"https:\\\/\\\/www.linkedin.com\\\/in\\\/mickael-amar\\\/\"]}]}<\/script>\n<!-- \/ Yoast SEO plugin. -->","yoast_head_json":{"title":"La ru\u00e9e vers l'or - Gold.fr","description":"Ru\u00e9e vers l'or depuis ces derniers mois, mais pourquoi ? Laurent Schwartz nous apporte les r\u00e9ponses \u00e0 nos questions dans son interview.","robots":{"index":"index","follow":"follow","max-snippet":"max-snippet:-1","max-image-preview":"max-image-preview:large","max-video-preview":"max-video-preview:-1"},"canonical":"https:\/\/www.gold.fr\/news\/2023\/04\/13\/interview-de-laurent-schwartz-par-radio-france-culture-la-ruee-vers-lor\/","og_locale":"fr_FR","og_type":"article","og_title":"La ru\u00e9e vers l'or - Gold.fr","og_description":"Ru\u00e9e vers l'or depuis ces derniers mois, mais pourquoi ? Laurent Schwartz nous apporte les r\u00e9ponses \u00e0 nos questions dans son interview.","og_url":"https:\/\/www.gold.fr\/news\/2023\/04\/13\/interview-de-laurent-schwartz-par-radio-france-culture-la-ruee-vers-lor\/","og_site_name":"Gold.fr","article_publisher":"https:\/\/www.facebook.com\/Goldfr\/","article_published_time":"2023-04-13T09:45:47+00:00","og_image":[{"width":800,"height":533,"url":"https:\/\/www.gold.fr\/news\/wp-content\/uploads\/2023\/04\/MEA-WP-logo@1x_1-1.jpg","type":"image\/jpeg"}],"author":"Mickael Amar","twitter_card":"summary_large_image","twitter_misc":{"\u00c9crit par":"Mickael Amar","Dur\u00e9e de lecture estim\u00e9e":"1 minute"},"schema":{"@context":"https:\/\/schema.org","@graph":[{"@type":"Article","@id":"https:\/\/www.gold.fr\/news\/2023\/04\/13\/interview-de-laurent-schwartz-par-radio-france-culture-la-ruee-vers-lor\/#article","isPartOf":{"@id":"https:\/\/www.gold.fr\/news\/2023\/04\/13\/interview-de-laurent-schwartz-par-radio-france-culture-la-ruee-vers-lor\/"},"author":{"name":"Mickael Amar","@id":"https:\/\/www.gold.fr\/news\/#\/schema\/person\/3cd6ba43512e1455694a537511f9846c"},"headline":"Interview de Laurent Schwartz par Radio France Culture &#8211; La ru\u00e9e vers l&rsquo;or","datePublished":"2023-04-13T09:45:47+00:00","mainEntityOfPage":{"@id":"https:\/\/www.gold.fr\/news\/2023\/04\/13\/interview-de-laurent-schwartz-par-radio-france-culture-la-ruee-vers-lor\/"},"wordCount":168,"image":{"@id":"https:\/\/www.gold.fr\/news\/2023\/04\/13\/interview-de-laurent-schwartz-par-radio-france-culture-la-ruee-vers-lor\/#primaryimage"},"thumbnailUrl":"https:\/\/www.gold.fr\/news\/wp-content\/uploads\/2023\/04\/MEA-WP-logo@1x_1-1.jpg","keywords":["Achat d'Or","investir dans l'Or","prix de l'or","Valeur refuge"],"articleSection":["Articles de presse","CNDO dans la presse"],"inLanguage":"fr-FR"},{"@type":"WebPage","@id":"https:\/\/www.gold.fr\/news\/2023\/04\/13\/interview-de-laurent-schwartz-par-radio-france-culture-la-ruee-vers-lor\/","url":"https:\/\/www.gold.fr\/news\/2023\/04\/13\/interview-de-laurent-schwartz-par-radio-france-culture-la-ruee-vers-lor\/","name":"La ru\u00e9e vers l'or - Gold.fr","isPartOf":{"@id":"https:\/\/www.gold.fr\/news\/#website"},"primaryImageOfPage":{"@id":"https:\/\/www.gold.fr\/news\/2023\/04\/13\/interview-de-laurent-schwartz-par-radio-france-culture-la-ruee-vers-lor\/#primaryimage"},"image":{"@id":"https:\/\/www.gold.fr\/news\/2023\/04\/13\/interview-de-laurent-schwartz-par-radio-france-culture-la-ruee-vers-lor\/#primaryimage"},"thumbnailUrl":"https:\/\/www.gold.fr\/news\/wp-content\/uploads\/2023\/04\/MEA-WP-logo@1x_1-1.jpg","datePublished":"2023-04-13T09:45:47+00:00","author":{"@id":"https:\/\/www.gold.fr\/news\/#\/schema\/person\/3cd6ba43512e1455694a537511f9846c"},"description":"Ru\u00e9e vers l'or depuis ces derniers mois, mais pourquoi ? Laurent Schwartz nous apporte les r\u00e9ponses \u00e0 nos questions dans son interview.","breadcrumb":{"@id":"https:\/\/www.gold.fr\/news\/2023\/04\/13\/interview-de-laurent-schwartz-par-radio-france-culture-la-ruee-vers-lor\/#breadcrumb"},"inLanguage":"fr-FR","potentialAction":[{"@type":"ReadAction","target":["https:\/\/www.gold.fr\/news\/2023\/04\/13\/interview-de-laurent-schwartz-par-radio-france-culture-la-ruee-vers-lor\/"]}]},{"@type":"ImageObject","inLanguage":"fr-FR","@id":"https:\/\/www.gold.fr\/news\/2023\/04\/13\/interview-de-laurent-schwartz-par-radio-france-culture-la-ruee-vers-lor\/#primaryimage","url":"https:\/\/www.gold.fr\/news\/wp-content\/uploads\/2023\/04\/MEA-WP-logo@1x_1-1.jpg","contentUrl":"https:\/\/www.gold.fr\/news\/wp-content\/uploads\/2023\/04\/MEA-WP-logo@1x_1-1.jpg","width":800,"height":533,"caption":"Interview de Laurent Schwartz par Radio France Culture - La ru\u00e9e vers l'or"},{"@type":"BreadcrumbList","@id":"https:\/\/www.gold.fr\/news\/2023\/04\/13\/interview-de-laurent-schwartz-par-radio-france-culture-la-ruee-vers-lor\/#breadcrumb","itemListElement":[{"@type":"ListItem","position":1,"name":"Accueil","item":"https:\/\/www.gold.fr\/"},{"@type":"ListItem","position":2,"name":"Actualit\u00e9s","item":"https:\/\/www.gold.fr\/news\/"},{"@type":"ListItem","position":3,"name":"Interview de Laurent Schwartz par Radio France Culture &#8211; La ru\u00e9e vers l&rsquo;or"}]},{"@type":"WebSite","@id":"https:\/\/www.gold.fr\/news\/#website","url":"https:\/\/www.gold.fr\/news\/","name":"Gold.fr","description":"Actualit\u00e9s de l&#039;Or et des m\u00e9taux pr\u00e9cieux","potentialAction":[{"@type":"SearchAction","target":{"@type":"EntryPoint","urlTemplate":"https:\/\/www.gold.fr\/news\/?s={search_term_string}"},"query-input":{"@type":"PropertyValueSpecification","valueRequired":true,"valueName":"search_term_string"}}],"inLanguage":"fr-FR"},{"@type":"Person","@id":"https:\/\/www.gold.fr\/news\/#\/schema\/person\/3cd6ba43512e1455694a537511f9846c","name":"Mickael Amar","image":{"@type":"ImageObject","inLanguage":"fr-FR","@id":"https:\/\/secure.gravatar.com\/avatar\/d52a0f458f57710f6e885a37fb07c37884548c110528dceeec4cde123e2f9231?s=96&d=mm&r=g12ea243340d82582abb9455c9c290483","url":"https:\/\/secure.gravatar.com\/avatar\/d52a0f458f57710f6e885a37fb07c37884548c110528dceeec4cde123e2f9231?s=96&d=mm&r=g","contentUrl":"https:\/\/secure.gravatar.com\/avatar\/d52a0f458f57710f6e885a37fb07c37884548c110528dceeec4cde123e2f9231?s=96&d=mm&r=g","caption":"Mickael Amar"},"description":"Mickael Amar travaille en tant qu\u2019Adjoint du Directeur Op\u00e9rationnel au Comptoir National de l\u2019Or et il est aussi Responsable de la Formation des nouveaux Responsables d\u2019Agence qui int\u00e8grent le r\u00e9seau. Il a une vingtaine d\u2019ann\u00e9es d\u2019exp\u00e9rience sur des postes orient\u00e9s gestion de projets, conseil, accompagnement, RH, management avec \u00e0 chaque fois une composante business importante. Au Comptoir National de l\u2019Or il a pu d\u00e9velopper son expertise sur les march\u00e9s financiers et en particulier celui de l\u2019or et des m\u00e9taux pr\u00e9cieux. Le Comptoir National de l\u2019Or se positionne aujourd\u2019hui comme le leader incontournable sur le march\u00e9 de l\u2019Or et des m\u00e9taux pr\u00e9cieux en France. (achat d'or et vente d'or).","sameAs":["https:\/\/www.linkedin.com\/in\/mickael-amar\/"]}]}},"authors":[{"term_id":2572,"user_id":32,"is_guest":0,"slug":"mickael-amar","display_name":"Mickael Amar","avatar_url":"https:\/\/secure.gravatar.com\/avatar\/d52a0f458f57710f6e885a37fb07c37884548c110528dceeec4cde123e2f9231?s=96&d=mm&r=g","0":null,"1":"","2":"","3":"","4":"","5":"","6":"","7":"","8":""}],"_links":{"self":[{"href":"https:\/\/www.gold.fr\/news\/wp-json\/wp\/v2\/posts\/44551","targetHints":{"allow":["GET"]}}],"collection":[{"href":"https:\/\/www.gold.fr\/news\/wp-json\/wp\/v2\/posts"}],"about":[{"href":"https:\/\/www.gold.fr\/news\/wp-json\/wp\/v2\/types\/post"}],"author":[{"embeddable":true,"href":"https:\/\/www.gold.fr\/news\/wp-json\/wp\/v2\/users\/32"}],"replies":[{"embeddable":true,"href":"https:\/\/www.gold.fr\/news\/wp-json\/wp\/v2\/comments?post=44551"}],"version-history":[{"count":0,"href":"https:\/\/www.gold.fr\/news\/wp-json\/wp\/v2\/posts\/44551\/revisions"}],"wp:featuredmedia":[{"embeddable":true,"href":"https:\/\/www.gold.fr\/news\/wp-json\/wp\/v2\/media\/44558"}],"wp:attachment":[{"href":"https:\/\/www.gold.fr\/news\/wp-json\/wp\/v2\/media?parent=44551"}],"wp:term":[{"taxonomy":"category","embeddable":true,"href":"https:\/\/www.gold.fr\/news\/wp-json\/wp\/v2\/categories?post=44551"},{"taxonomy":"post_tag","embeddable":true,"href":"https:\/\/www.gold.fr\/news\/wp-json\/wp\/v2\/tags?post=44551"},{"taxonomy":"author","embeddable":true,"href":"https:\/\/www.gold.fr\/news\/wp-json\/wp\/v2\/ppma_author?post=44551"}],"curies":[{"name":"wp","href":"https:\/\/api.w.org\/{rel}","templated":true}]}}