{"id":4441,"date":"2011-12-17T10:25:12","date_gmt":"2011-12-17T09:25:12","guid":{"rendered":"http:\/\/news.gold.fr\/?p=4441"},"modified":"2020-06-25T16:31:58","modified_gmt":"2020-06-25T14:31:58","slug":"baisse-de-lor-perspectives-a-court-terme-2","status":"publish","type":"post","link":"https:\/\/www.gold.fr\/news\/2011\/12\/17\/baisse-de-lor-perspectives-a-court-terme-2\/","title":{"rendered":"Baisse de l\u2019or \u2013 Perspectives \u00e0 court terme"},"content":{"rendered":"<p style=\"text-align: justify;\"><span style=\"font-family: verdana,geneva; font-size: small;\"><strong><a href=\"http:\/\/news.gold.fr\/wp-content\/uploads\/2011\/12\/krugerrand-or.jpg\"><img loading=\"lazy\" decoding=\"async\" class=\"alignleft size-thumbnail wp-image-4443\" style=\"float: left; margin: 5px; border: 1px solid black;\" title=\"krugerrand-or\" src=\"http:\/\/news.gold.fr\/wp-content\/uploads\/2011\/12\/krugerrand-or-150x150.jpg\" alt=\"\" width=\"150\" height=\"150\" \/><\/a>Tendance baissi\u00e8re<\/strong> permanente ou \u00ab incident \u00bb de passage ? Les analystes sont perplexes. Impossible apparemment \u00e0 ce stade de dire si l&rsquo;<strong><a class=\"esk-seo-plu-link\" href=\"https:\/\/www.gold.fr\/news\/tags\/or\">or<\/a><\/strong> va pouvoir retrouver son statut de valeur refuge avant la fin de l&rsquo;ann\u00e9e, ou pas. Les perspectives \u00e0 court terme en tout cas demeurent tr\u00e8s incertaines.<\/span> <span style=\"font-family: verdana,geneva; font-size: small;\"> Passage en revue des principales sp\u00e9culations professionnelles du moment.<\/span> <span style=\"font-family: verdana,geneva; font-size: small;\"> Courtier en m\u00e9taux de Mitsubishi, Triland Metals prend note de la faiblesse des \u00e9changes de la semaine et remarque que \u00ab les march\u00e9s attendent encore ce qu&rsquo;il ressortira des autres r\u00e9unions de dirigeants europ\u00e9ens \u00bb. Cette appr\u00e9hension g\u00e9n\u00e9ralis\u00e9e n&rsquo;a pas manqu\u00e9 d&rsquo;affecter le prix du <a class=\"esk-seo-plu-link\" href=\"https:\/\/www.gold.fr\/news\/tags\/or\">m\u00e9tal jaune<\/a>. Gen\u00e8ve MKS Finance, n\u00e9gociant en m\u00e9taux fins et maison m\u00e8re du fondeur PAMP, table sur la m\u00eame vague de sp\u00e9culation, estimant que \u00ab cette semaine sera \u00e9maill\u00e9e d&rsquo;\u00e9v\u00e8nements particuli\u00e8rement int\u00e9ressants qui d&rsquo;ailleurs sont tr\u00e8s attendus \u00bb.<\/span> <span style=\"font-family: verdana,geneva; font-size: small;\"> MKS Finance n&rsquo;h\u00e9site pas, de son c\u00f4t\u00e9, \u00e0 d\u00e9clarer clairement que \u00ab derni\u00e8rement, l&rsquo;<strong><a class=\"esk-seo-plu-link\" href=\"https:\/\/www.gold.fr\/news\/tags\/or\">or<\/a><\/strong> a souffert d&rsquo;une forte corr\u00e9lation avec les march\u00e9s d&rsquo;actions et le dollar US \u00bb. Les analystes du groupe estiment toutefois que, suite aux m\u00e9saventures des r\u00e9unions europ\u00e9ennes, l&rsquo; a de bonnes chances de \u00ab retrouver son statut de valeur refuge et se diriger vers de nouveaux records historiques vers la fin de l&rsquo;ann\u00e9e \u00bb.<\/span><\/p>\n<!-- AddThis Advanced Settings generic via filter on the_content --><!-- AddThis Share Buttons generic via filter on the_content -->","protected":false},"excerpt":{"rendered":"<p>Tendance baissi\u00e8re permanente ou \u00ab incident \u00bb de passage ? Les analystes sont perplexes. Impossible apparemment \u00e0 ce stade de dire si l&rsquo;or va pouvoir retrouver son statut de valeur refuge avant la fin de l&rsquo;ann\u00e9e, [&hellip;]<\/p>\n","protected":false},"author":18,"featured_media":4442,"comment_status":"closed","ping_status":"closed","sticky":false,"template":"","format":"standard","meta":{"_mbp_gutenberg_autopost":false,"_pgmb_is_evergreen":false,"_pgmb_ap_template_id":0,"footnotes":""},"categories":[6],"tags":[76,127],"ppma_author":[2565],"class_list":["post-4441","post","type-post","status-publish","format-standard","has-post-thumbnail","hentry","category-articles-de-presse","tag-or","tag-tendance-baissiere"],"yoast_head":"<!-- This site is optimized with the Yoast SEO plugin v27.5 - https:\/\/yoast.com\/product\/yoast-seo-wordpress\/ -->\n<title>Baisse de l\u2019or \u2013 Perspectives \u00e0 court terme - Gold.fr<\/title>\n<meta name=\"description\" content=\"Tendance baissi\u00e8re permanente ou \u00ab incident \u00bb de passage ? Les analystes sont perplexes. Baisse de l\u2019or Perspectives \u00e0 court terme\" \/>\n<meta name=\"robots\" content=\"index, follow, max-snippet:-1, max-image-preview:large, max-video-preview:-1\" \/>\n<link rel=\"canonical\" href=\"https:\/\/www.gold.fr\/news\/2011\/12\/17\/baisse-de-lor-perspectives-a-court-terme-2\/\" \/>\n<meta property=\"og:locale\" content=\"fr_FR\" \/>\n<meta property=\"og:type\" content=\"article\" \/>\n<meta property=\"og:title\" content=\"Baisse de l\u2019or \u2013 Perspectives \u00e0 court terme - Gold.fr\" \/>\n<meta property=\"og:description\" content=\"Tendance baissi\u00e8re permanente ou \u00ab incident \u00bb de passage ? Les analystes sont perplexes. Baisse de l\u2019or Perspectives \u00e0 court terme\" \/>\n<meta property=\"og:url\" content=\"https:\/\/www.gold.fr\/news\/2011\/12\/17\/baisse-de-lor-perspectives-a-court-terme-2\/\" \/>\n<meta property=\"og:site_name\" content=\"Gold.fr\" \/>\n<meta property=\"article:publisher\" content=\"https:\/\/www.facebook.com\/Goldfr\/\" \/>\n<meta property=\"article:published_time\" content=\"2011-12-17T09:25:12+00:00\" \/>\n<meta property=\"article:modified_time\" content=\"2020-06-25T14:31:58+00:00\" \/>\n<meta property=\"og:image\" content=\"https:\/\/www.gold.fr\/news\/wp-content\/uploads\/2011\/12\/tendance-or.jpg\" \/>\n\t<meta property=\"og:image:width\" content=\"625\" \/>\n\t<meta property=\"og:image:height\" content=\"351\" \/>\n\t<meta property=\"og:image:type\" content=\"image\/jpeg\" \/>\n<meta name=\"author\" content=\"Comptoir National de l&#039;Or\" \/>\n<meta name=\"twitter:card\" content=\"summary_large_image\" \/>\n<meta name=\"twitter:label1\" content=\"\u00c9crit par\" \/>\n\t<meta name=\"twitter:data1\" content=\"Comptoir National de l&#039;Or\" \/>\n\t<meta name=\"twitter:label2\" content=\"Dur\u00e9e de lecture estim\u00e9e\" \/>\n\t<meta name=\"twitter:data2\" content=\"1 minute\" \/>\n<script type=\"application\/ld+json\" class=\"yoast-schema-graph\">{\"@context\":\"https:\\\/\\\/schema.org\",\"@graph\":[{\"@type\":\"Article\",\"@id\":\"https:\\\/\\\/www.gold.fr\\\/news\\\/2011\\\/12\\\/17\\\/baisse-de-lor-perspectives-a-court-terme-2\\\/#article\",\"isPartOf\":{\"@id\":\"https:\\\/\\\/www.gold.fr\\\/news\\\/2011\\\/12\\\/17\\\/baisse-de-lor-perspectives-a-court-terme-2\\\/\"},\"author\":{\"name\":\"Comptoir National de l'Or\",\"@id\":\"https:\\\/\\\/www.gold.fr\\\/news\\\/#\\\/schema\\\/person\\\/070491b4b4fb7671bf59b3be20302ce9\"},\"headline\":\"Baisse de l\u2019or \u2013 Perspectives \u00e0 court terme\",\"datePublished\":\"2011-12-17T09:25:12+00:00\",\"dateModified\":\"2020-06-25T14:31:58+00:00\",\"mainEntityOfPage\":{\"@id\":\"https:\\\/\\\/www.gold.fr\\\/news\\\/2011\\\/12\\\/17\\\/baisse-de-lor-perspectives-a-court-terme-2\\\/\"},\"wordCount\":248,\"image\":{\"@id\":\"https:\\\/\\\/www.gold.fr\\\/news\\\/2011\\\/12\\\/17\\\/baisse-de-lor-perspectives-a-court-terme-2\\\/#primaryimage\"},\"thumbnailUrl\":\"https:\\\/\\\/www.gold.fr\\\/news\\\/wp-content\\\/uploads\\\/2011\\\/12\\\/tendance-or.jpg\",\"keywords\":[\"Or\",\"tendance baissi\u00e8re\"],\"articleSection\":[\"Articles de presse\"],\"inLanguage\":\"fr-FR\"},{\"@type\":\"WebPage\",\"@id\":\"https:\\\/\\\/www.gold.fr\\\/news\\\/2011\\\/12\\\/17\\\/baisse-de-lor-perspectives-a-court-terme-2\\\/\",\"url\":\"https:\\\/\\\/www.gold.fr\\\/news\\\/2011\\\/12\\\/17\\\/baisse-de-lor-perspectives-a-court-terme-2\\\/\",\"name\":\"Baisse de l\u2019or \u2013 Perspectives \u00e0 court terme - Gold.fr\",\"isPartOf\":{\"@id\":\"https:\\\/\\\/www.gold.fr\\\/news\\\/#website\"},\"primaryImageOfPage\":{\"@id\":\"https:\\\/\\\/www.gold.fr\\\/news\\\/2011\\\/12\\\/17\\\/baisse-de-lor-perspectives-a-court-terme-2\\\/#primaryimage\"},\"image\":{\"@id\":\"https:\\\/\\\/www.gold.fr\\\/news\\\/2011\\\/12\\\/17\\\/baisse-de-lor-perspectives-a-court-terme-2\\\/#primaryimage\"},\"thumbnailUrl\":\"https:\\\/\\\/www.gold.fr\\\/news\\\/wp-content\\\/uploads\\\/2011\\\/12\\\/tendance-or.jpg\",\"datePublished\":\"2011-12-17T09:25:12+00:00\",\"dateModified\":\"2020-06-25T14:31:58+00:00\",\"author\":{\"@id\":\"https:\\\/\\\/www.gold.fr\\\/news\\\/#\\\/schema\\\/person\\\/070491b4b4fb7671bf59b3be20302ce9\"},\"description\":\"Tendance baissi\u00e8re permanente ou \u00ab incident \u00bb de passage ? Les analystes sont perplexes. Baisse de l\u2019or Perspectives \u00e0 court terme\",\"breadcrumb\":{\"@id\":\"https:\\\/\\\/www.gold.fr\\\/news\\\/2011\\\/12\\\/17\\\/baisse-de-lor-perspectives-a-court-terme-2\\\/#breadcrumb\"},\"inLanguage\":\"fr-FR\",\"potentialAction\":[{\"@type\":\"ReadAction\",\"target\":[\"https:\\\/\\\/www.gold.fr\\\/news\\\/2011\\\/12\\\/17\\\/baisse-de-lor-perspectives-a-court-terme-2\\\/\"]}]},{\"@type\":\"ImageObject\",\"inLanguage\":\"fr-FR\",\"@id\":\"https:\\\/\\\/www.gold.fr\\\/news\\\/2011\\\/12\\\/17\\\/baisse-de-lor-perspectives-a-court-terme-2\\\/#primaryimage\",\"url\":\"https:\\\/\\\/www.gold.fr\\\/news\\\/wp-content\\\/uploads\\\/2011\\\/12\\\/tendance-or.jpg\",\"contentUrl\":\"https:\\\/\\\/www.gold.fr\\\/news\\\/wp-content\\\/uploads\\\/2011\\\/12\\\/tendance-or.jpg\",\"width\":\"625\",\"height\":\"351\",\"caption\":\"tendance-or\"},{\"@type\":\"BreadcrumbList\",\"@id\":\"https:\\\/\\\/www.gold.fr\\\/news\\\/2011\\\/12\\\/17\\\/baisse-de-lor-perspectives-a-court-terme-2\\\/#breadcrumb\",\"itemListElement\":[{\"@type\":\"ListItem\",\"position\":1,\"name\":\"Accueil\",\"item\":\"https:\\\/\\\/www.gold.fr\\\/\"},{\"@type\":\"ListItem\",\"position\":2,\"name\":\"Actualit\u00e9s\",\"item\":\"https:\\\/\\\/www.gold.fr\\\/news\\\/\"},{\"@type\":\"ListItem\",\"position\":3,\"name\":\"Baisse de l\u2019or \u2013 Perspectives \u00e0 court terme\"}]},{\"@type\":\"WebSite\",\"@id\":\"https:\\\/\\\/www.gold.fr\\\/news\\\/#website\",\"url\":\"https:\\\/\\\/www.gold.fr\\\/news\\\/\",\"name\":\"Gold.fr\",\"description\":\"Actualit\u00e9s de l&#039;Or et des m\u00e9taux pr\u00e9cieux\",\"potentialAction\":[{\"@type\":\"SearchAction\",\"target\":{\"@type\":\"EntryPoint\",\"urlTemplate\":\"https:\\\/\\\/www.gold.fr\\\/news\\\/?s={search_term_string}\"},\"query-input\":{\"@type\":\"PropertyValueSpecification\",\"valueRequired\":true,\"valueName\":\"search_term_string\"}}],\"inLanguage\":\"fr-FR\"},{\"@type\":\"Person\",\"@id\":\"https:\\\/\\\/www.gold.fr\\\/news\\\/#\\\/schema\\\/person\\\/070491b4b4fb7671bf59b3be20302ce9\",\"name\":\"Comptoir National de l'Or\",\"image\":{\"@type\":\"ImageObject\",\"inLanguage\":\"fr-FR\",\"@id\":\"https:\\\/\\\/secure.gravatar.com\\\/avatar\\\/0a2867fd5abe37bed95d5a65e9d58f01756e11efc68af9888dfc50cfa7f65948?s=96&d=mm&r=gb490554db0a38188709de567aa58480d\",\"url\":\"https:\\\/\\\/secure.gravatar.com\\\/avatar\\\/0a2867fd5abe37bed95d5a65e9d58f01756e11efc68af9888dfc50cfa7f65948?s=96&d=mm&r=g\",\"contentUrl\":\"https:\\\/\\\/secure.gravatar.com\\\/avatar\\\/0a2867fd5abe37bed95d5a65e9d58f01756e11efc68af9888dfc50cfa7f65948?s=96&d=mm&r=g\",\"caption\":\"Comptoir National de l'Or\"},\"description\":\"Notre r\u00e9daction est constitu\u00e9e de membres experts dans les m\u00e9tiers de l'\u00e9conomie et la gestion, des Responsables d'agence Comptoir National de l'Or, des analystes financiers qui publient r\u00e9guli\u00e8rement des \u00e9tudes sur les politiques des banques centrales, le cours de l'or, prix de l'or, cours de l'argent, prix de l'argent, cours du platine, cours du palladium,... la situation en zone euro et l'impact de la strat\u00e9gie mon\u00e9taire de la FED. Notre \u00e9quipe scrute \u00e9galement une information plus g\u00e9n\u00e9raliste \u00e0 la recherche d'actualit\u00e9 \\\"p\u00e9pite\\\" \u00e0 vous partager. Depuis 5 ans, nous avons publi\u00e9 un peu plus de 4000 articles qui s'adressent \u00e0 un public large et vari\u00e9 ayant pour objectif de satisfaire votre curiosit\u00e9 et de partager avec vous une certaine fascination pour le m\u00e9tal jaune, le rachat d'or, et pour ceux qui veulent investir dans l'or, vendre leur or tout simplement en savoir plus... Pour tous vos achat or et argent, n'h\u00e9sitez pas \u00e0 prendre rendez-vous dans l'un de nos nombreux comptoirs.\",\"sameAs\":[\"https:\\\/\\\/www.gold.fr\"]}]}<\/script>\n<!-- \/ Yoast SEO plugin. -->","yoast_head_json":{"title":"Baisse de l\u2019or \u2013 Perspectives \u00e0 court terme - Gold.fr","description":"Tendance baissi\u00e8re permanente ou \u00ab incident \u00bb de passage ? Les analystes sont perplexes. Baisse de l\u2019or Perspectives \u00e0 court terme","robots":{"index":"index","follow":"follow","max-snippet":"max-snippet:-1","max-image-preview":"max-image-preview:large","max-video-preview":"max-video-preview:-1"},"canonical":"https:\/\/www.gold.fr\/news\/2011\/12\/17\/baisse-de-lor-perspectives-a-court-terme-2\/","og_locale":"fr_FR","og_type":"article","og_title":"Baisse de l\u2019or \u2013 Perspectives \u00e0 court terme - Gold.fr","og_description":"Tendance baissi\u00e8re permanente ou \u00ab incident \u00bb de passage ? Les analystes sont perplexes. Baisse de l\u2019or Perspectives \u00e0 court terme","og_url":"https:\/\/www.gold.fr\/news\/2011\/12\/17\/baisse-de-lor-perspectives-a-court-terme-2\/","og_site_name":"Gold.fr","article_publisher":"https:\/\/www.facebook.com\/Goldfr\/","article_published_time":"2011-12-17T09:25:12+00:00","article_modified_time":"2020-06-25T14:31:58+00:00","og_image":[{"width":625,"height":351,"url":"https:\/\/www.gold.fr\/news\/wp-content\/uploads\/2011\/12\/tendance-or.jpg","type":"image\/jpeg"}],"author":"Comptoir National de l'Or","twitter_card":"summary_large_image","twitter_misc":{"\u00c9crit par":"Comptoir National de l'Or","Dur\u00e9e de lecture estim\u00e9e":"1 minute"},"schema":{"@context":"https:\/\/schema.org","@graph":[{"@type":"Article","@id":"https:\/\/www.gold.fr\/news\/2011\/12\/17\/baisse-de-lor-perspectives-a-court-terme-2\/#article","isPartOf":{"@id":"https:\/\/www.gold.fr\/news\/2011\/12\/17\/baisse-de-lor-perspectives-a-court-terme-2\/"},"author":{"name":"Comptoir National de l'Or","@id":"https:\/\/www.gold.fr\/news\/#\/schema\/person\/070491b4b4fb7671bf59b3be20302ce9"},"headline":"Baisse de l\u2019or \u2013 Perspectives \u00e0 court terme","datePublished":"2011-12-17T09:25:12+00:00","dateModified":"2020-06-25T14:31:58+00:00","mainEntityOfPage":{"@id":"https:\/\/www.gold.fr\/news\/2011\/12\/17\/baisse-de-lor-perspectives-a-court-terme-2\/"},"wordCount":248,"image":{"@id":"https:\/\/www.gold.fr\/news\/2011\/12\/17\/baisse-de-lor-perspectives-a-court-terme-2\/#primaryimage"},"thumbnailUrl":"https:\/\/www.gold.fr\/news\/wp-content\/uploads\/2011\/12\/tendance-or.jpg","keywords":["Or","tendance baissi\u00e8re"],"articleSection":["Articles de presse"],"inLanguage":"fr-FR"},{"@type":"WebPage","@id":"https:\/\/www.gold.fr\/news\/2011\/12\/17\/baisse-de-lor-perspectives-a-court-terme-2\/","url":"https:\/\/www.gold.fr\/news\/2011\/12\/17\/baisse-de-lor-perspectives-a-court-terme-2\/","name":"Baisse de l\u2019or \u2013 Perspectives \u00e0 court terme - Gold.fr","isPartOf":{"@id":"https:\/\/www.gold.fr\/news\/#website"},"primaryImageOfPage":{"@id":"https:\/\/www.gold.fr\/news\/2011\/12\/17\/baisse-de-lor-perspectives-a-court-terme-2\/#primaryimage"},"image":{"@id":"https:\/\/www.gold.fr\/news\/2011\/12\/17\/baisse-de-lor-perspectives-a-court-terme-2\/#primaryimage"},"thumbnailUrl":"https:\/\/www.gold.fr\/news\/wp-content\/uploads\/2011\/12\/tendance-or.jpg","datePublished":"2011-12-17T09:25:12+00:00","dateModified":"2020-06-25T14:31:58+00:00","author":{"@id":"https:\/\/www.gold.fr\/news\/#\/schema\/person\/070491b4b4fb7671bf59b3be20302ce9"},"description":"Tendance baissi\u00e8re permanente ou \u00ab incident \u00bb de passage ? Les analystes sont perplexes. Baisse de l\u2019or Perspectives \u00e0 court terme","breadcrumb":{"@id":"https:\/\/www.gold.fr\/news\/2011\/12\/17\/baisse-de-lor-perspectives-a-court-terme-2\/#breadcrumb"},"inLanguage":"fr-FR","potentialAction":[{"@type":"ReadAction","target":["https:\/\/www.gold.fr\/news\/2011\/12\/17\/baisse-de-lor-perspectives-a-court-terme-2\/"]}]},{"@type":"ImageObject","inLanguage":"fr-FR","@id":"https:\/\/www.gold.fr\/news\/2011\/12\/17\/baisse-de-lor-perspectives-a-court-terme-2\/#primaryimage","url":"https:\/\/www.gold.fr\/news\/wp-content\/uploads\/2011\/12\/tendance-or.jpg","contentUrl":"https:\/\/www.gold.fr\/news\/wp-content\/uploads\/2011\/12\/tendance-or.jpg","width":"625","height":"351","caption":"tendance-or"},{"@type":"BreadcrumbList","@id":"https:\/\/www.gold.fr\/news\/2011\/12\/17\/baisse-de-lor-perspectives-a-court-terme-2\/#breadcrumb","itemListElement":[{"@type":"ListItem","position":1,"name":"Accueil","item":"https:\/\/www.gold.fr\/"},{"@type":"ListItem","position":2,"name":"Actualit\u00e9s","item":"https:\/\/www.gold.fr\/news\/"},{"@type":"ListItem","position":3,"name":"Baisse de l\u2019or \u2013 Perspectives \u00e0 court terme"}]},{"@type":"WebSite","@id":"https:\/\/www.gold.fr\/news\/#website","url":"https:\/\/www.gold.fr\/news\/","name":"Gold.fr","description":"Actualit\u00e9s de l&#039;Or et des m\u00e9taux pr\u00e9cieux","potentialAction":[{"@type":"SearchAction","target":{"@type":"EntryPoint","urlTemplate":"https:\/\/www.gold.fr\/news\/?s={search_term_string}"},"query-input":{"@type":"PropertyValueSpecification","valueRequired":true,"valueName":"search_term_string"}}],"inLanguage":"fr-FR"},{"@type":"Person","@id":"https:\/\/www.gold.fr\/news\/#\/schema\/person\/070491b4b4fb7671bf59b3be20302ce9","name":"Comptoir National de l'Or","image":{"@type":"ImageObject","inLanguage":"fr-FR","@id":"https:\/\/secure.gravatar.com\/avatar\/0a2867fd5abe37bed95d5a65e9d58f01756e11efc68af9888dfc50cfa7f65948?s=96&d=mm&r=gb490554db0a38188709de567aa58480d","url":"https:\/\/secure.gravatar.com\/avatar\/0a2867fd5abe37bed95d5a65e9d58f01756e11efc68af9888dfc50cfa7f65948?s=96&d=mm&r=g","contentUrl":"https:\/\/secure.gravatar.com\/avatar\/0a2867fd5abe37bed95d5a65e9d58f01756e11efc68af9888dfc50cfa7f65948?s=96&d=mm&r=g","caption":"Comptoir National de l'Or"},"description":"Notre r\u00e9daction est constitu\u00e9e de membres experts dans les m\u00e9tiers de l'\u00e9conomie et la gestion, des Responsables d'agence Comptoir National de l'Or, des analystes financiers qui publient r\u00e9guli\u00e8rement des \u00e9tudes sur les politiques des banques centrales, le cours de l'or, prix de l'or, cours de l'argent, prix de l'argent, cours du platine, cours du palladium,... la situation en zone euro et l'impact de la strat\u00e9gie mon\u00e9taire de la FED. Notre \u00e9quipe scrute \u00e9galement une information plus g\u00e9n\u00e9raliste \u00e0 la recherche d'actualit\u00e9 \"p\u00e9pite\" \u00e0 vous partager. Depuis 5 ans, nous avons publi\u00e9 un peu plus de 4000 articles qui s'adressent \u00e0 un public large et vari\u00e9 ayant pour objectif de satisfaire votre curiosit\u00e9 et de partager avec vous une certaine fascination pour le m\u00e9tal jaune, le rachat d'or, et pour ceux qui veulent investir dans l'or, vendre leur or tout simplement en savoir plus... Pour tous vos achat or et argent, n'h\u00e9sitez pas \u00e0 prendre rendez-vous dans l'un de nos nombreux comptoirs.","sameAs":["https:\/\/www.gold.fr"]}]}},"authors":[{"term_id":2565,"user_id":18,"is_guest":0,"slug":"julie","display_name":"Comptoir National de l'Or","avatar_url":"https:\/\/secure.gravatar.com\/avatar\/713f289e398d35ead876c4a4cc08607f0d6d266058cfc25683fffb6092d0e572?s=96&d=mm&r=g","0":null,"1":"","2":"","3":"","4":"","5":"","6":"","7":"","8":""}],"_links":{"self":[{"href":"https:\/\/www.gold.fr\/news\/wp-json\/wp\/v2\/posts\/4441","targetHints":{"allow":["GET"]}}],"collection":[{"href":"https:\/\/www.gold.fr\/news\/wp-json\/wp\/v2\/posts"}],"about":[{"href":"https:\/\/www.gold.fr\/news\/wp-json\/wp\/v2\/types\/post"}],"author":[{"embeddable":true,"href":"https:\/\/www.gold.fr\/news\/wp-json\/wp\/v2\/users\/18"}],"replies":[{"embeddable":true,"href":"https:\/\/www.gold.fr\/news\/wp-json\/wp\/v2\/comments?post=4441"}],"version-history":[{"count":0,"href":"https:\/\/www.gold.fr\/news\/wp-json\/wp\/v2\/posts\/4441\/revisions"}],"wp:featuredmedia":[{"embeddable":true,"href":"https:\/\/www.gold.fr\/news\/wp-json\/wp\/v2\/media\/4442"}],"wp:attachment":[{"href":"https:\/\/www.gold.fr\/news\/wp-json\/wp\/v2\/media?parent=4441"}],"wp:term":[{"taxonomy":"category","embeddable":true,"href":"https:\/\/www.gold.fr\/news\/wp-json\/wp\/v2\/categories?post=4441"},{"taxonomy":"post_tag","embeddable":true,"href":"https:\/\/www.gold.fr\/news\/wp-json\/wp\/v2\/tags?post=4441"},{"taxonomy":"author","embeddable":true,"href":"https:\/\/www.gold.fr\/news\/wp-json\/wp\/v2\/ppma_author?post=4441"}],"curies":[{"name":"wp","href":"https:\/\/api.w.org\/{rel}","templated":true}]}}