{"id":44015,"date":"2023-03-08T11:45:39","date_gmt":"2023-03-08T10:45:39","guid":{"rendered":"https:\/\/www.gold.fr\/news\/?p=44015"},"modified":"2023-03-08T11:45:39","modified_gmt":"2023-03-08T10:45:39","slug":"cours-de-lor-forte-correction-en-fevrier","status":"publish","type":"post","link":"https:\/\/www.gold.fr\/news\/2023\/03\/08\/cours-de-lor-forte-correction-en-fevrier\/","title":{"rendered":"Cours de l\u2019or : forte correction en f\u00e9vrier"},"content":{"rendered":"<p><em>Dans cette lettre mensuelle, vous trouverez un point sur la performance de l\u2019or ainsi que plusieurs actualit\u00e9s et analyses sur des sujets qui influencent le cours du m\u00e9tal jaune. <\/em><\/p>\n<h3><strong>Ce qu\u2019il faut retenir du mois \u00e9coul\u00e9<\/strong><\/h3>\n<ul>\n<li>Cours de l\u2019or\u00a0en euro : -3.27% en f\u00e9vrier, +2.25% sur 2023 (au 3 mars)<\/li>\n<li>La Chine continue ses achats r\u00e9guliers d\u2019or<\/li>\n<li>Les couts de production de l\u2019or en hausse\u00a0: une bonne nouvelle pour les investisseurs<\/li>\n<li>Les Allemands ach\u00e8tent 8 fois plus d\u2019or que les Fran\u00e7ais<\/li>\n<li>Ils l\u2019ont dit ce mois-ci\u2026<\/li>\n<\/ul>\n<h3><strong>+2.25% depuis le d\u00e9but de l\u2019ann\u00e9e<\/strong><\/h3>\n<p>Le cours de l\u2019or en euro a fortement chut\u00e9 en f\u00e9vrier (-3.27%), avant de se ressaisir sur les premiers jours de mars. Au 3 mars, le cours de l\u2019once atteint 1737.31 euros et la performance du m\u00e9tal jaune depuis le d\u00e9but de l\u2019ann\u00e9e 2023 s\u2019\u00e9l\u00e8ve \u00e0 +2.25%.<\/p>\n<p>Depuis le d\u00e9but de l\u2019ann\u00e9e, les actions fran\u00e7aises du CAC 40 affichent une progression de 13.5% tandis que les indices obligataires europ\u00e9ens s\u2019inscrivent en l\u00e9ger repli, de l\u2019ordre de -0.4%. Il s\u2019agit donc d\u2019un bon d\u00e9but d\u2019ann\u00e9e pour les actifs risqu\u00e9s.<\/p>\n<p><a href=\"https:\/\/www.gold.fr\/news\/wp-content\/uploads\/2023\/03\/Graphique-Cours-de-lor-Euro-vs-Dollars-Fevrier.jpg\"><img loading=\"lazy\" decoding=\"async\" class=\" wp-image-44020 alignleft\" src=\"https:\/\/www.gold.fr\/news\/wp-content\/uploads\/2023\/03\/Graphique-Cours-de-lor-Euro-vs-Dollars-Fevrier-300x256.jpg\" alt=\"Graphique Cours de l'or Euro vs Dollars F\u00e9vrier\" width=\"371\" height=\"317\" srcset=\"https:\/\/www.gold.fr\/news\/wp-content\/uploads\/2023\/03\/Graphique-Cours-de-lor-Euro-vs-Dollars-Fevrier-300x256.jpg 300w, https:\/\/www.gold.fr\/news\/wp-content\/uploads\/2023\/03\/Graphique-Cours-de-lor-Euro-vs-Dollars-Fevrier-1024x873.jpg 1024w, https:\/\/www.gold.fr\/news\/wp-content\/uploads\/2023\/03\/Graphique-Cours-de-lor-Euro-vs-Dollars-Fevrier-768x655.jpg 768w, https:\/\/www.gold.fr\/news\/wp-content\/uploads\/2023\/03\/Graphique-Cours-de-lor-Euro-vs-Dollars-Fevrier-1055x900.jpg 1055w, https:\/\/www.gold.fr\/news\/wp-content\/uploads\/2023\/03\/Graphique-Cours-de-lor-Euro-vs-Dollars-Fevrier-298x254.jpg 298w, https:\/\/www.gold.fr\/news\/wp-content\/uploads\/2023\/03\/Graphique-Cours-de-lor-Euro-vs-Dollars-Fevrier.jpg 1135w\" sizes=\"auto, (max-width: 371px) 100vw, 371px\" \/><\/a>Cette mauvaise performance du m\u00e9tal jaune s\u2019explique par un rehaussement des anticipations de hausse des taux d\u2019int\u00e9r\u00eats, qui sont traditionnellement n\u00e9gatifs pour le m\u00e9tal jaune. Aux Etats Unis, les indications donn\u00e9es par la banque centrale, la bonne tenue de l\u2019\u00e9conomie ainsi que des chiffres d\u2019inflation plus \u00e9lev\u00e9s qu\u2019attendus poussent en effet les analystes \u00e0 diff\u00e9rer l\u2019espoir d\u2019un pivot de la FED (c\u2019est-\u00e0-dire le passage \u00e0 une politique mon\u00e9taire plus accommodante).<\/p>\n<p>En Europe, malgr\u00e9 des chiffres \u00e9conomiques qui se d\u00e9gradent, Christine Lagarde a d\u00e9j\u00e0 annonc\u00e9 une hausse de taux en mars, et se dit pr\u00eate \u00ab\u00a0\u00e0 continuer sur cette voie\u00a0\u00bb tant que l\u2019inflation ne sera pas contenue.<\/p>\n<p><em>Pour aller plus loin\u00a0: <\/em><a href=\"https:\/\/www.gold.fr\/informations-sur-l-or\/guides\/comment-est-fixe-le-cours-de-lor\"><em>Comment est fix\u00e9 le cours de l\u2019or\u00a0<\/em><\/a><em>?<\/em><\/p>\n<h3><\/h3>\n<p>&nbsp;<\/p>\n<h3><strong>D\u00e9dollarisation et banques centrales<\/strong><\/h3>\n<p>En janvier, deux pays se sont distingu\u00e9es en terme d\u2019achat d\u2019or\u00a0: la Turquie (+23 tonnes) et la Chine (+15 tonnes). Il s\u2019agit du 3<sup>\u00e8me<\/sup> achat chinois cons\u00e9cutifs d\u00e9clar\u00e9, sur la base de 15 tonnes par mois. <strong>Ce rythme, s\u2019il est maintenu, pourrait faire de la Chine de Xi Jinping le premier acheteur institutionnel de 2023.<\/strong><\/p>\n<p>La demande des banques centrales est largement consid\u00e9r\u00e9e comme un des moteurs de la demande d\u2019or pour 2023, en particulier de la part des pays \u00ab \u00e9mergents \u00bb, avec comme toile de fond la volont\u00e9 de d\u00e9dollariser leurs r\u00e9serves.<\/p>\n<p>Dans une <a href=\"https:\/\/www.alainelkanninterviews.com\/john-paulson\/\">interview<\/a> r\u00e9cente, John Paulson, le r\u00e9sume \u00e0 sa mani\u00e8re\u00a0: \u00a0<em>\u00ab\u00a0Ceci conduit les investisseurs et les banques centrales \u00e0 chercher une monnaie de r\u00e9serve alternative, et la part de l\u2019or augmente \u00e0 nouveau. Je dis \u00e0 nouveau, car l\u2019or a \u00e9t\u00e9 la monnaie de r\u00e9serve du monde pendant des mill\u00e9naires, une alternative l\u00e9gitime \u00e0 la d\u00e9tention de dollar ou d\u2019autres monnaies papier. <strong>Il y a eu une augmentation significative de la demande des banques centrales pour remplacer le dollar par de l\u2019or, et nous ne sommes qu\u2019au d\u00e9but de cette tendance<\/strong>.\u00a0\u00bb<\/em><\/p>\n<h3><strong>Les couts d\u2019extraction de l\u2019or en forte hausse<\/strong><\/h3>\n<p>Les deux premi\u00e8res soci\u00e9t\u00e9s mini\u00e8res, Newmont et Barrick, ont annonc\u00e9 leurs r\u00e9sultats 2022. Parmi les donn\u00e9es scrut\u00e9es par les analystes, les cout de production durable, le All-in Sutaining Cost qui comprend les couts li\u00e9s \u00e0 l\u2019extraction, \u00e0 l\u2019investissement et \u00e0 l\u2019exploration n\u00e9cessaire au renouvellement des ressources.<\/p>\n<p><strong>Barrick Gold, 2<sup>\u00e8me<\/sup> producteur mondial, annonce un cout tout compris d\u2019extraction de 1222 dollars par once en 2022, contre 1026 en 2021, soit une augmentation de 19%<\/strong>. Chez Newmont, le 1<sup>er<\/sup> producteur mondial, les co\u00fbts de production sont pass\u00e9s de 1062 dollars par once en 2021 \u00e0 1211 en 2022, soit une hausse de 14%. Chez leurs concurrents, les couts de productions restent \u00e9galement \u00e9lev\u00e9s\u00a0: 1383 dollars par once chez AngloGold, de 1271 dollars chez Kinross.<\/p>\n<p>Pour le cours de l\u2019or, c\u2019est une bonne nouvelle. Il ne peut durablement chuter sous le cout de production, au risque de rendre la production non rentable. Le cout de production, c\u2019est donc un prix plancher th\u00e9orique. Et quand le prix plancher augmente, les investisseurs sont mieux prot\u00e9g\u00e9s.<\/p>\n<h3><strong>Ils l\u2019ont dit ce mois-ci\u2026<\/strong><\/h3>\n<p>Les <strong>strat\u00e9gistes de la Soci\u00e9t\u00e9 G\u00e9n\u00e9rale<\/strong> consid\u00e8rent que l\u2019or est un actif attractif pour 2023. Il peut offrir une protection contre le risque syst\u00e9mique et il apportera \u00ab\u00a0une bonne protection contre la baisse du dollar\u00a0\u00bb.<\/p>\n<p>Pour <strong>Randy Smallwood, le pr\u00e9sident to conseil mondial de l\u2019or<\/strong> : \u00ab\u00a0La soci\u00e9t\u00e9 a toujours eu besoin de l\u2019or car elle a besoin d\u2019une mesure non-politique de la valeur. Une des choses qui est arriv\u00e9e en 2022, et qui, je pense, a soutenu le m\u00e9tal jaune est le fait que le dollar est devenu politique\u00a0\u00bb. \u00ab\u00a0je crois r\u00e9ellement qu\u2019avoir une r\u00e9serve de valeur non politis\u00e9e, comme le fait l\u2019or, est extr\u00eamement important\u00a0\u00bb.<\/p>\n<p>Pour <strong>John Paulson<\/strong>, l\u2019investisseur qui a anticip\u00e9 la crise des subprime et r\u00e9alis\u00e9 un des plus gros profit de l\u2019histoire\u00a0:\u00a0 \u00ab\u00a0cette ann\u00e9e l\u2019or va s\u2019appr\u00e9cier contre le dollar, et aussi sur les 3, 5 et 10 prochaines ann\u00e9es \u00bb.<\/p>\n<p><strong>Wayne Gordon<\/strong>, en charge des mati\u00e8res premi\u00e8res au sein de UBS Wealth Management, <a href=\"https:\/\/www.cnbc.com\/video\/2023\/03\/01\/hutchmed-says-it-expects-to-reach-profitability-in-2025.html\">pense<\/a> que le m\u00e9tal jaune va \u00e0 nouveau franchir les 2000 dollars, en particulier si le dollar baisse et la R\u00e9serve F\u00e9d\u00e9rale fait une pause dans la hausse des taux.<\/p>\n<h3><strong>Le chiffre du mois\u00a0: 5.6 tonnes de pi\u00e8ces et lingots achet\u00e9s par les Fran\u00e7ais en 2022<\/strong><\/h3>\n<p>Au cours moyen de 2022, cela repr\u00e9sente environ 308 millions d\u2019euros. Ce chiffre publi\u00e9 par le Conseil Mondial de l\u2019Or, est au plus haut depuis 2011, ann\u00e9e de la crise de la dette grecque qui faisait planner le risque d\u2019une dislocation de l\u2019euro.<\/p>\n<p>Cot\u00e9 bijouterie, la demande fran\u00e7aise s\u2019est \u00e9lev\u00e9e \u00e0 plus de 14 tonnes en 2022, ce qui porte les achats totaux d\u2019or des fran\u00e7ais \u00e0 19 tonnes, soit environ 0.30 grammes par habitant.<\/p>\n<p>Compar\u00e9 \u00e0 d\u2019autres pays, les fran\u00e7ais boudent le m\u00e9tal jaune\u00a0:\u00a0un chinois (0.56g par habitant en 2022) ach\u00e8te quasiment deux fois plus d\u2019or que les Fran\u00e7ais et un Am\u00e9ricain plus de deux fois plus (0.77 g par habitant). Mais la palme en Europe revient aux Allemand qui ont achet\u00e9 2.36 grammes d\u2019or par habitant en 2022. <strong>Soit presque 8 fois plus qu\u2019un fran\u00e7ais\u2026<\/strong><\/p>\n<p>&nbsp;<\/p>\n<p><em><u>Avertissement<\/u><\/em><em>\u00a0:<\/em><\/p>\n<p><em>Le cours de l\u2019or peut varier significativement \u00e0 la hausse ou \u00e0 la baisse. Les informations contenues dans ce document ne constituent pas une recommandation d\u2019investissement et le lecteur est invit\u00e9 \u00e0 prendre conseil aupr\u00e8s de professionnels pour la gestion de son \u00e9pargne.<\/em><\/p>\n<!-- AddThis Advanced Settings generic via filter on the_content --><!-- AddThis Share Buttons generic via filter on the_content -->","protected":false},"excerpt":{"rendered":"<p>Dans cette lettre mensuelle, vous trouverez un point sur la performance de l\u2019or ainsi que plusieurs actualit\u00e9s et analyses sur des sujets qui influencent le cours du m\u00e9tal jaune. Ce qu\u2019il faut retenir du mois \u00e9coul\u00e9 [&hellip;]<\/p>\n","protected":false},"author":6,"featured_media":44029,"comment_status":"closed","ping_status":"closed","sticky":false,"template":"","format":"standard","meta":{"_mbp_gutenberg_autopost":false,"_pgmb_is_evergreen":false,"_pgmb_ap_template_id":0,"footnotes":""},"categories":[4],"tags":[1143,1477,84,234],"ppma_author":[2567],"class_list":["post-44015","post","type-post","status-publish","format-standard","has-post-thumbnail","hentry","category-analyses-economiques","tag-achat-or-chine","tag-or-allemand","tag-cours-de-lor","tag-valeur-refuge"],"yoast_head":"<!-- This site is optimized with the Yoast SEO plugin v27.5 - https:\/\/yoast.com\/product\/yoast-seo-wordpress\/ -->\n<title>Cours de l\u2019or : forte correction en f\u00e9vrier - Gold.fr<\/title>\n<meta name=\"description\" content=\"Cours de l&#039;or en euro pour le mois de f\u00e9vrier, nous vous donnons tous les d\u00e9tails de sa performance au sein de l&#039;article.\" \/>\n<meta name=\"robots\" content=\"index, follow, max-snippet:-1, max-image-preview:large, max-video-preview:-1\" \/>\n<link rel=\"canonical\" href=\"https:\/\/www.gold.fr\/news\/2023\/03\/08\/cours-de-lor-forte-correction-en-fevrier\/\" \/>\n<meta property=\"og:locale\" content=\"fr_FR\" \/>\n<meta property=\"og:type\" content=\"article\" \/>\n<meta property=\"og:title\" content=\"Cours de l\u2019or : forte correction en f\u00e9vrier - Gold.fr\" \/>\n<meta property=\"og:description\" content=\"Cours de l&#039;or en euro pour le mois de f\u00e9vrier, nous vous donnons tous les d\u00e9tails de sa performance au sein de l&#039;article.\" \/>\n<meta property=\"og:url\" content=\"https:\/\/www.gold.fr\/news\/2023\/03\/08\/cours-de-lor-forte-correction-en-fevrier\/\" \/>\n<meta property=\"og:site_name\" content=\"Gold.fr\" \/>\n<meta property=\"article:publisher\" content=\"https:\/\/www.facebook.com\/Goldfr\/\" \/>\n<meta property=\"article:published_time\" content=\"2023-03-08T10:45:39+00:00\" \/>\n<meta property=\"og:image\" content=\"https:\/\/www.gold.fr\/news\/wp-content\/uploads\/2023\/03\/banner-BFMBOURSE-190222-4.jpg\" \/>\n\t<meta property=\"og:image:width\" content=\"800\" \/>\n\t<meta property=\"og:image:height\" content=\"533\" \/>\n\t<meta property=\"og:image:type\" content=\"image\/jpeg\" \/>\n<meta name=\"author\" content=\"Laurent Schwartz\" \/>\n<meta name=\"twitter:card\" content=\"summary_large_image\" \/>\n<meta name=\"twitter:label1\" content=\"\u00c9crit par\" \/>\n\t<meta name=\"twitter:data1\" content=\"Laurent Schwartz\" \/>\n\t<meta name=\"twitter:label2\" content=\"Dur\u00e9e de lecture estim\u00e9e\" \/>\n\t<meta name=\"twitter:data2\" content=\"6 minutes\" \/>\n<script type=\"application\/ld+json\" class=\"yoast-schema-graph\">{\"@context\":\"https:\\\/\\\/schema.org\",\"@graph\":[{\"@type\":\"Article\",\"@id\":\"https:\\\/\\\/www.gold.fr\\\/news\\\/2023\\\/03\\\/08\\\/cours-de-lor-forte-correction-en-fevrier\\\/#article\",\"isPartOf\":{\"@id\":\"https:\\\/\\\/www.gold.fr\\\/news\\\/2023\\\/03\\\/08\\\/cours-de-lor-forte-correction-en-fevrier\\\/\"},\"author\":{\"name\":\"Laurent Schwartz\",\"@id\":\"https:\\\/\\\/www.gold.fr\\\/news\\\/#\\\/schema\\\/person\\\/4ed91d9a70d8f3a313c26e8308214fc2\"},\"headline\":\"Cours de l\u2019or : forte correction en f\u00e9vrier\",\"datePublished\":\"2023-03-08T10:45:39+00:00\",\"mainEntityOfPage\":{\"@id\":\"https:\\\/\\\/www.gold.fr\\\/news\\\/2023\\\/03\\\/08\\\/cours-de-lor-forte-correction-en-fevrier\\\/\"},\"wordCount\":1170,\"image\":{\"@id\":\"https:\\\/\\\/www.gold.fr\\\/news\\\/2023\\\/03\\\/08\\\/cours-de-lor-forte-correction-en-fevrier\\\/#primaryimage\"},\"thumbnailUrl\":\"https:\\\/\\\/www.gold.fr\\\/news\\\/wp-content\\\/uploads\\\/2023\\\/03\\\/banner-BFMBOURSE-190222-4.jpg\",\"keywords\":[\"achat or chine\",\"or allemand\",\"Tout Cours de l'Or\",\"Valeur refuge\"],\"articleSection\":[\"Analyses Economiques\"],\"inLanguage\":\"fr-FR\"},{\"@type\":\"WebPage\",\"@id\":\"https:\\\/\\\/www.gold.fr\\\/news\\\/2023\\\/03\\\/08\\\/cours-de-lor-forte-correction-en-fevrier\\\/\",\"url\":\"https:\\\/\\\/www.gold.fr\\\/news\\\/2023\\\/03\\\/08\\\/cours-de-lor-forte-correction-en-fevrier\\\/\",\"name\":\"Cours de l\u2019or : forte correction en f\u00e9vrier - Gold.fr\",\"isPartOf\":{\"@id\":\"https:\\\/\\\/www.gold.fr\\\/news\\\/#website\"},\"primaryImageOfPage\":{\"@id\":\"https:\\\/\\\/www.gold.fr\\\/news\\\/2023\\\/03\\\/08\\\/cours-de-lor-forte-correction-en-fevrier\\\/#primaryimage\"},\"image\":{\"@id\":\"https:\\\/\\\/www.gold.fr\\\/news\\\/2023\\\/03\\\/08\\\/cours-de-lor-forte-correction-en-fevrier\\\/#primaryimage\"},\"thumbnailUrl\":\"https:\\\/\\\/www.gold.fr\\\/news\\\/wp-content\\\/uploads\\\/2023\\\/03\\\/banner-BFMBOURSE-190222-4.jpg\",\"datePublished\":\"2023-03-08T10:45:39+00:00\",\"author\":{\"@id\":\"https:\\\/\\\/www.gold.fr\\\/news\\\/#\\\/schema\\\/person\\\/4ed91d9a70d8f3a313c26e8308214fc2\"},\"description\":\"Cours de l'or en euro pour le mois de f\u00e9vrier, nous vous donnons tous les d\u00e9tails de sa performance au sein de l'article.\",\"breadcrumb\":{\"@id\":\"https:\\\/\\\/www.gold.fr\\\/news\\\/2023\\\/03\\\/08\\\/cours-de-lor-forte-correction-en-fevrier\\\/#breadcrumb\"},\"inLanguage\":\"fr-FR\",\"potentialAction\":[{\"@type\":\"ReadAction\",\"target\":[\"https:\\\/\\\/www.gold.fr\\\/news\\\/2023\\\/03\\\/08\\\/cours-de-lor-forte-correction-en-fevrier\\\/\"]}]},{\"@type\":\"ImageObject\",\"inLanguage\":\"fr-FR\",\"@id\":\"https:\\\/\\\/www.gold.fr\\\/news\\\/2023\\\/03\\\/08\\\/cours-de-lor-forte-correction-en-fevrier\\\/#primaryimage\",\"url\":\"https:\\\/\\\/www.gold.fr\\\/news\\\/wp-content\\\/uploads\\\/2023\\\/03\\\/banner-BFMBOURSE-190222-4.jpg\",\"contentUrl\":\"https:\\\/\\\/www.gold.fr\\\/news\\\/wp-content\\\/uploads\\\/2023\\\/03\\\/banner-BFMBOURSE-190222-4.jpg\",\"width\":800,\"height\":533,\"caption\":\"Cours de l\u2019or : forte correction en f\u00e9vrier\"},{\"@type\":\"BreadcrumbList\",\"@id\":\"https:\\\/\\\/www.gold.fr\\\/news\\\/2023\\\/03\\\/08\\\/cours-de-lor-forte-correction-en-fevrier\\\/#breadcrumb\",\"itemListElement\":[{\"@type\":\"ListItem\",\"position\":1,\"name\":\"Accueil\",\"item\":\"https:\\\/\\\/www.gold.fr\\\/\"},{\"@type\":\"ListItem\",\"position\":2,\"name\":\"Actualit\u00e9s\",\"item\":\"https:\\\/\\\/www.gold.fr\\\/news\\\/\"},{\"@type\":\"ListItem\",\"position\":3,\"name\":\"Cours de l\u2019or : forte correction en f\u00e9vrier\"}]},{\"@type\":\"WebSite\",\"@id\":\"https:\\\/\\\/www.gold.fr\\\/news\\\/#website\",\"url\":\"https:\\\/\\\/www.gold.fr\\\/news\\\/\",\"name\":\"Gold.fr\",\"description\":\"Actualit\u00e9s de l&#039;Or et des m\u00e9taux pr\u00e9cieux\",\"potentialAction\":[{\"@type\":\"SearchAction\",\"target\":{\"@type\":\"EntryPoint\",\"urlTemplate\":\"https:\\\/\\\/www.gold.fr\\\/news\\\/?s={search_term_string}\"},\"query-input\":{\"@type\":\"PropertyValueSpecification\",\"valueRequired\":true,\"valueName\":\"search_term_string\"}}],\"inLanguage\":\"fr-FR\"},{\"@type\":\"Person\",\"@id\":\"https:\\\/\\\/www.gold.fr\\\/news\\\/#\\\/schema\\\/person\\\/4ed91d9a70d8f3a313c26e8308214fc2\",\"name\":\"Laurent Schwartz\",\"image\":{\"@type\":\"ImageObject\",\"inLanguage\":\"fr-FR\",\"@id\":\"https:\\\/\\\/secure.gravatar.com\\\/avatar\\\/1496f846049365121827f5470219486f1a95f83957cc8ca0a9595e40c185f5ee?s=96&d=mm&r=g76f0e87c9ba82a161860a0fc16990d85\",\"url\":\"https:\\\/\\\/secure.gravatar.com\\\/avatar\\\/1496f846049365121827f5470219486f1a95f83957cc8ca0a9595e40c185f5ee?s=96&d=mm&r=g\",\"contentUrl\":\"https:\\\/\\\/secure.gravatar.com\\\/avatar\\\/1496f846049365121827f5470219486f1a95f83957cc8ca0a9595e40c185f5ee?s=96&d=mm&r=g\",\"caption\":\"Laurent Schwartz\"},\"description\":\"Dipl\u00f4m\u00e9 de l\u2019EDHEC Business School en 2005, Laurent SCHWARTZ int\u00e8gre le cabinet d\u2019audit ERNST &amp; YOUNG en 2005 o\u00f9 il travaille pendant 4 ans. Parall\u00e8lement, il travaille au sein de l\u2019entreprise familiale cr\u00e9\u00e9e en 1976 \u00e0 Strasbourg. Fort de cette exp\u00e9rience et du savoir-faire d\u00e9velopp\u00e9 durant ces 40 derni\u00e8res ann\u00e9es, Laurent proc\u00e8de \u00e0 la refonte du site Internet Gold.fr d\u00e9di\u00e9 \u00e0 l\u2019achat d'or, vente d\u2019or (pi\u00e8ces, lingots, ...), achat or et argent,... qui conna\u00eetra un franc succ\u00e8s d\u00e8s son d\u00e9marrage en 2008. Il d\u00e9cide alors de d\u00e9velopper un r\u00e9seau de concessions exclusives: Le Comptoir National de l\u2019Or. Il assure d\u00e9sormais le pilotage strat\u00e9gique du 1er r\u00e9seau de France qui compte aujourd\u2019hui pas loin de 60 agences r\u00e9parties dans toute la France et depuis peu en Allemagne (Breisach). Le Comptoir National de l\u2019Or se positionne aujourd\u2019hui comme le leader incontournable sur le march\u00e9 de l\u2019Or et des m\u00e9taux pr\u00e9cieux en France.\",\"sameAs\":[\"https:\\\/\\\/www.gold.fr\",\"https:\\\/\\\/www.linkedin.com\\\/in\\\/acheteror\\\/\"]}]}<\/script>\n<!-- \/ Yoast SEO plugin. -->","yoast_head_json":{"title":"Cours de l\u2019or : forte correction en f\u00e9vrier - Gold.fr","description":"Cours de l'or en euro pour le mois de f\u00e9vrier, nous vous donnons tous les d\u00e9tails de sa performance au sein de l'article.","robots":{"index":"index","follow":"follow","max-snippet":"max-snippet:-1","max-image-preview":"max-image-preview:large","max-video-preview":"max-video-preview:-1"},"canonical":"https:\/\/www.gold.fr\/news\/2023\/03\/08\/cours-de-lor-forte-correction-en-fevrier\/","og_locale":"fr_FR","og_type":"article","og_title":"Cours de l\u2019or : forte correction en f\u00e9vrier - Gold.fr","og_description":"Cours de l'or en euro pour le mois de f\u00e9vrier, nous vous donnons tous les d\u00e9tails de sa performance au sein de l'article.","og_url":"https:\/\/www.gold.fr\/news\/2023\/03\/08\/cours-de-lor-forte-correction-en-fevrier\/","og_site_name":"Gold.fr","article_publisher":"https:\/\/www.facebook.com\/Goldfr\/","article_published_time":"2023-03-08T10:45:39+00:00","og_image":[{"width":800,"height":533,"url":"https:\/\/www.gold.fr\/news\/wp-content\/uploads\/2023\/03\/banner-BFMBOURSE-190222-4.jpg","type":"image\/jpeg"}],"author":"Laurent Schwartz","twitter_card":"summary_large_image","twitter_misc":{"\u00c9crit par":"Laurent Schwartz","Dur\u00e9e de lecture estim\u00e9e":"6 minutes"},"schema":{"@context":"https:\/\/schema.org","@graph":[{"@type":"Article","@id":"https:\/\/www.gold.fr\/news\/2023\/03\/08\/cours-de-lor-forte-correction-en-fevrier\/#article","isPartOf":{"@id":"https:\/\/www.gold.fr\/news\/2023\/03\/08\/cours-de-lor-forte-correction-en-fevrier\/"},"author":{"name":"Laurent Schwartz","@id":"https:\/\/www.gold.fr\/news\/#\/schema\/person\/4ed91d9a70d8f3a313c26e8308214fc2"},"headline":"Cours de l\u2019or : forte correction en f\u00e9vrier","datePublished":"2023-03-08T10:45:39+00:00","mainEntityOfPage":{"@id":"https:\/\/www.gold.fr\/news\/2023\/03\/08\/cours-de-lor-forte-correction-en-fevrier\/"},"wordCount":1170,"image":{"@id":"https:\/\/www.gold.fr\/news\/2023\/03\/08\/cours-de-lor-forte-correction-en-fevrier\/#primaryimage"},"thumbnailUrl":"https:\/\/www.gold.fr\/news\/wp-content\/uploads\/2023\/03\/banner-BFMBOURSE-190222-4.jpg","keywords":["achat or chine","or allemand","Tout Cours de l'Or","Valeur refuge"],"articleSection":["Analyses Economiques"],"inLanguage":"fr-FR"},{"@type":"WebPage","@id":"https:\/\/www.gold.fr\/news\/2023\/03\/08\/cours-de-lor-forte-correction-en-fevrier\/","url":"https:\/\/www.gold.fr\/news\/2023\/03\/08\/cours-de-lor-forte-correction-en-fevrier\/","name":"Cours de l\u2019or : forte correction en f\u00e9vrier - Gold.fr","isPartOf":{"@id":"https:\/\/www.gold.fr\/news\/#website"},"primaryImageOfPage":{"@id":"https:\/\/www.gold.fr\/news\/2023\/03\/08\/cours-de-lor-forte-correction-en-fevrier\/#primaryimage"},"image":{"@id":"https:\/\/www.gold.fr\/news\/2023\/03\/08\/cours-de-lor-forte-correction-en-fevrier\/#primaryimage"},"thumbnailUrl":"https:\/\/www.gold.fr\/news\/wp-content\/uploads\/2023\/03\/banner-BFMBOURSE-190222-4.jpg","datePublished":"2023-03-08T10:45:39+00:00","author":{"@id":"https:\/\/www.gold.fr\/news\/#\/schema\/person\/4ed91d9a70d8f3a313c26e8308214fc2"},"description":"Cours de l'or en euro pour le mois de f\u00e9vrier, nous vous donnons tous les d\u00e9tails de sa performance au sein de l'article.","breadcrumb":{"@id":"https:\/\/www.gold.fr\/news\/2023\/03\/08\/cours-de-lor-forte-correction-en-fevrier\/#breadcrumb"},"inLanguage":"fr-FR","potentialAction":[{"@type":"ReadAction","target":["https:\/\/www.gold.fr\/news\/2023\/03\/08\/cours-de-lor-forte-correction-en-fevrier\/"]}]},{"@type":"ImageObject","inLanguage":"fr-FR","@id":"https:\/\/www.gold.fr\/news\/2023\/03\/08\/cours-de-lor-forte-correction-en-fevrier\/#primaryimage","url":"https:\/\/www.gold.fr\/news\/wp-content\/uploads\/2023\/03\/banner-BFMBOURSE-190222-4.jpg","contentUrl":"https:\/\/www.gold.fr\/news\/wp-content\/uploads\/2023\/03\/banner-BFMBOURSE-190222-4.jpg","width":800,"height":533,"caption":"Cours de l\u2019or : forte correction en f\u00e9vrier"},{"@type":"BreadcrumbList","@id":"https:\/\/www.gold.fr\/news\/2023\/03\/08\/cours-de-lor-forte-correction-en-fevrier\/#breadcrumb","itemListElement":[{"@type":"ListItem","position":1,"name":"Accueil","item":"https:\/\/www.gold.fr\/"},{"@type":"ListItem","position":2,"name":"Actualit\u00e9s","item":"https:\/\/www.gold.fr\/news\/"},{"@type":"ListItem","position":3,"name":"Cours de l\u2019or : forte correction en f\u00e9vrier"}]},{"@type":"WebSite","@id":"https:\/\/www.gold.fr\/news\/#website","url":"https:\/\/www.gold.fr\/news\/","name":"Gold.fr","description":"Actualit\u00e9s de l&#039;Or et des m\u00e9taux pr\u00e9cieux","potentialAction":[{"@type":"SearchAction","target":{"@type":"EntryPoint","urlTemplate":"https:\/\/www.gold.fr\/news\/?s={search_term_string}"},"query-input":{"@type":"PropertyValueSpecification","valueRequired":true,"valueName":"search_term_string"}}],"inLanguage":"fr-FR"},{"@type":"Person","@id":"https:\/\/www.gold.fr\/news\/#\/schema\/person\/4ed91d9a70d8f3a313c26e8308214fc2","name":"Laurent Schwartz","image":{"@type":"ImageObject","inLanguage":"fr-FR","@id":"https:\/\/secure.gravatar.com\/avatar\/1496f846049365121827f5470219486f1a95f83957cc8ca0a9595e40c185f5ee?s=96&d=mm&r=g76f0e87c9ba82a161860a0fc16990d85","url":"https:\/\/secure.gravatar.com\/avatar\/1496f846049365121827f5470219486f1a95f83957cc8ca0a9595e40c185f5ee?s=96&d=mm&r=g","contentUrl":"https:\/\/secure.gravatar.com\/avatar\/1496f846049365121827f5470219486f1a95f83957cc8ca0a9595e40c185f5ee?s=96&d=mm&r=g","caption":"Laurent Schwartz"},"description":"Dipl\u00f4m\u00e9 de l\u2019EDHEC Business School en 2005, Laurent SCHWARTZ int\u00e8gre le cabinet d\u2019audit ERNST &amp; YOUNG en 2005 o\u00f9 il travaille pendant 4 ans. Parall\u00e8lement, il travaille au sein de l\u2019entreprise familiale cr\u00e9\u00e9e en 1976 \u00e0 Strasbourg. Fort de cette exp\u00e9rience et du savoir-faire d\u00e9velopp\u00e9 durant ces 40 derni\u00e8res ann\u00e9es, Laurent proc\u00e8de \u00e0 la refonte du site Internet Gold.fr d\u00e9di\u00e9 \u00e0 l\u2019achat d'or, vente d\u2019or (pi\u00e8ces, lingots, ...), achat or et argent,... qui conna\u00eetra un franc succ\u00e8s d\u00e8s son d\u00e9marrage en 2008. Il d\u00e9cide alors de d\u00e9velopper un r\u00e9seau de concessions exclusives: Le Comptoir National de l\u2019Or. Il assure d\u00e9sormais le pilotage strat\u00e9gique du 1er r\u00e9seau de France qui compte aujourd\u2019hui pas loin de 60 agences r\u00e9parties dans toute la France et depuis peu en Allemagne (Breisach). Le Comptoir National de l\u2019Or se positionne aujourd\u2019hui comme le leader incontournable sur le march\u00e9 de l\u2019Or et des m\u00e9taux pr\u00e9cieux en France.","sameAs":["https:\/\/www.gold.fr","https:\/\/www.linkedin.com\/in\/acheteror\/"]}]}},"authors":[{"term_id":2567,"user_id":6,"is_guest":0,"slug":"laurent","display_name":"Laurent Schwartz","avatar_url":"https:\/\/secure.gravatar.com\/avatar\/1496f846049365121827f5470219486f1a95f83957cc8ca0a9595e40c185f5ee?s=96&d=mm&r=g","0":null,"1":"","2":"","3":"","4":"","5":"","6":"","7":"","8":""}],"_links":{"self":[{"href":"https:\/\/www.gold.fr\/news\/wp-json\/wp\/v2\/posts\/44015","targetHints":{"allow":["GET"]}}],"collection":[{"href":"https:\/\/www.gold.fr\/news\/wp-json\/wp\/v2\/posts"}],"about":[{"href":"https:\/\/www.gold.fr\/news\/wp-json\/wp\/v2\/types\/post"}],"author":[{"embeddable":true,"href":"https:\/\/www.gold.fr\/news\/wp-json\/wp\/v2\/users\/6"}],"replies":[{"embeddable":true,"href":"https:\/\/www.gold.fr\/news\/wp-json\/wp\/v2\/comments?post=44015"}],"version-history":[{"count":0,"href":"https:\/\/www.gold.fr\/news\/wp-json\/wp\/v2\/posts\/44015\/revisions"}],"wp:featuredmedia":[{"embeddable":true,"href":"https:\/\/www.gold.fr\/news\/wp-json\/wp\/v2\/media\/44029"}],"wp:attachment":[{"href":"https:\/\/www.gold.fr\/news\/wp-json\/wp\/v2\/media?parent=44015"}],"wp:term":[{"taxonomy":"category","embeddable":true,"href":"https:\/\/www.gold.fr\/news\/wp-json\/wp\/v2\/categories?post=44015"},{"taxonomy":"post_tag","embeddable":true,"href":"https:\/\/www.gold.fr\/news\/wp-json\/wp\/v2\/tags?post=44015"},{"taxonomy":"author","embeddable":true,"href":"https:\/\/www.gold.fr\/news\/wp-json\/wp\/v2\/ppma_author?post=44015"}],"curies":[{"name":"wp","href":"https:\/\/api.w.org\/{rel}","templated":true}]}}