{"id":43988,"date":"2023-02-10T12:54:32","date_gmt":"2023-02-10T11:54:32","guid":{"rendered":"https:\/\/www.gold.fr\/news\/?p=43988"},"modified":"2023-02-16T11:45:30","modified_gmt":"2023-02-16T10:45:30","slug":"cours-de-lor-lannee-2023-commence-a-merveille","status":"publish","type":"post","link":"https:\/\/www.gold.fr\/news\/2023\/02\/10\/cours-de-lor-lannee-2023-commence-a-merveille\/","title":{"rendered":"Cours de l\u2019or : l&rsquo;ann\u00e9e 2023 commence \u00e0 merveille"},"content":{"rendered":"<p><em>Dans cette lettre mensuelle, vous trouverez un point sur la performance de l\u2019or ainsi que plusieurs actualit\u00e9s et analyses sur des sujets qui influencent le cours du m\u00e9tal jaune. <\/em><\/p>\n<h3><strong>Ce qu\u2019il faut retenir du mois \u00e9coul\u00e9<\/strong><\/h3>\n<ul>\n<li><a href=\"https:\/\/www.gold.fr\/charts\/\">Cours de l\u2019or\u00a0en euro<\/a> janvier: +2.6% sur 2023<\/li>\n<li>Pr\u00e9visions de cours 2023\u00a0: stabilit\u00e9\u00a0?<\/li>\n<li>Le point sur l\u2019offre et la demande mondiale d\u2019or<\/li>\n<li>FMI\u00a0: les raisons des achats d\u2019or par les banques centrales<\/li>\n<li>Newmont \/ Newcrest\u00a0: m\u00e9ga deal en perspective entre 2 g\u00e9ants de l\u2019or.<\/li>\n<\/ul>\n<h3><strong>+2.6% depuis le d\u00e9but de l\u2019ann\u00e9e<\/strong><\/h3>\n<p>Le cours de l\u2019or en euro a progress\u00e9 de 4.34% sur le mois de janvier avant de corriger sur les premiers jours de f\u00e9vrier, et ainsi \u00e9tablir une performance depuis le d\u00e9but de l\u2019ann\u00e9e de +2.61% (en date du 6 f\u00e9vrier).<\/p>\n<p><a href=\"https:\/\/www.gold.fr\/news\/wp-content\/uploads\/2023\/02\/Cour-de-lor-Euro-vs-Dollars-janvier-2023.jpg\"><img loading=\"lazy\" decoding=\"async\" class=\"alignleft wp-image-43989\" src=\"https:\/\/www.gold.fr\/news\/wp-content\/uploads\/2023\/02\/Cour-de-lor-Euro-vs-Dollars-janvier-2023-300x257.jpg\" alt=\"Graphique du Cour de l'or Euro vs Dollars janvier 2023\" width=\"389\" height=\"333\" srcset=\"https:\/\/www.gold.fr\/news\/wp-content\/uploads\/2023\/02\/Cour-de-lor-Euro-vs-Dollars-janvier-2023-300x257.jpg 300w, https:\/\/www.gold.fr\/news\/wp-content\/uploads\/2023\/02\/Cour-de-lor-Euro-vs-Dollars-janvier-2023-1024x879.jpg 1024w, https:\/\/www.gold.fr\/news\/wp-content\/uploads\/2023\/02\/Cour-de-lor-Euro-vs-Dollars-janvier-2023-768x659.jpg 768w, https:\/\/www.gold.fr\/news\/wp-content\/uploads\/2023\/02\/Cour-de-lor-Euro-vs-Dollars-janvier-2023-1049x900.jpg 1049w, https:\/\/www.gold.fr\/news\/wp-content\/uploads\/2023\/02\/Cour-de-lor-Euro-vs-Dollars-janvier-2023-298x256.jpg 298w, https:\/\/www.gold.fr\/news\/wp-content\/uploads\/2023\/02\/Cour-de-lor-Euro-vs-Dollars-janvier-2023.jpg 1112w\" sizes=\"auto, (max-width: 389px) 100vw, 389px\" \/><\/a><\/p>\n<p>La forte performance de d\u00e9but d\u2019ann\u00e9e s\u2019explique par des anticipations d\u2019un \u00ab pivot mon\u00e9taire \u00bb : \u00e0 mesure que l\u2019inflation et \u00a0l\u2019\u00e9conomie ralentissent, les banques centrales devraient assouplir leur politique mon\u00e9taire en baissant les taux. Traditionnellement, une anticipation de\u00a0 baisse des taux est favorable au m\u00e9tal jaune.<\/p>\n<p>Mais ce sc\u00e9nario pourrait \u00eatre bouscul\u00e9 ou retard\u00e9, en particulier si l\u2019\u00e9conomie r\u00e9siste mieux que pr\u00e9vu. D\u00e9but f\u00e9vrier, de bons chiffres \u00e9conomiques am\u00e9ricains font craindre aux analystes que la FED maintienne plus longtemps ses taux \u00e9lev\u00e9s, ce qui pour le coup, est plut\u00f4t d\u00e9favorable \u00e0 l\u2019or, d\u2019o\u00f9 la baise des derniers jours.<\/p>\n<p>Depuis le d\u00e9but de l\u2019ann\u00e9e le m\u00e9tal jaune reste en retrait des march\u00e9s actions, qui se sont particuli\u00e8rement bien comport\u00e9s. Le CAC 40 affichait au 6 f\u00e9vrier un gain de 10.25%, largement sup\u00e9rieur au m\u00e9tal jaune. Un effet de rattrapage apr\u00e8s une ann\u00e9e 2022 calamiteuse qui avait vu l\u2019or prendre largement le dessus sur l\u2019indice parisien.<\/p>\n<p><em>Pour aller plus loin\u00a0: <\/em><a href=\"https:\/\/www.gold.fr\/informations-sur-l-or\/guides\/comment-est-fixe-le-cours-de-lor\"><em>Comment est fix\u00e9 le cours de l\u2019or\u00a0<\/em><\/a><em>?<\/em><\/p>\n<h3><strong>Les pr\u00e9visions de cours plut\u00f4t stables pour 2023<\/strong><\/h3>\n<p>La London Bullion Market Association (LBMA) a publi\u00e9 son enqu\u00eate annuelle sur les pr\u00e9visions de cours pour 2023. <strong>En moyenne, les 30 analystes consult\u00e9s voient un cours moyen sur l\u2019ann\u00e9e 2023 de 1859.90 dollars<\/strong>, soit un niveau tr\u00e8s proche des cours actuels. 18 analystes sur 23 envisagent une fourchette haute au-del\u00e0 des 2000 dollars, et 16 en de\u00e7a des 1700 dollars.<\/p>\n<p>Pour ces sp\u00e9cialistes de l\u2019or, le facteur le plus important \u00e0 surveiller en 2023 est le niveau du dollar et la politique mon\u00e9taire de la r\u00e9serve f\u00e9d\u00e9rale am\u00e9ricaine. L\u2019accalmie sur le front de l\u2019inflation, ainsi que les perspectives de ralentissement devraient pousser la Fed \u00e0 faire son \u00ab pivot \u00bb, c\u2019est-\u00e0-dire \u00e0 stopper la hausse, voire r\u00e9duire ses taux directeurs en 2023. C\u2019est donc la macro \u00e9conomie qui dominera l\u2019actualit\u00e9 du m\u00e9tal jaune.<\/p>\n<p>Parmi les autres facteurs qui influenceront le cours, beaucoup d\u2019analystes citent enfin les achats continus par le secteur officiel (banques centrales) et les tensions g\u00e9opolitiques.<\/p>\n<h3><strong>L\u2019offre et la demande d\u2019or<\/strong><\/h3>\n<p>Le <a href=\"https:\/\/www.gold.org\/goldhub\/research\/gold-demand-trends\/gold-demand-trends-full-year-2022\">rapport annuel<\/a> 2022 du World Gold Council, publi\u00e9 fin janvier, annonce une ann\u00e9e record pour la demande mondiale d\u2019or. Voici quelques points cl\u00e9s\u00a0:<\/p>\n<ul>\n<li>La demande totale de m\u00e9tal jaune atteint d\u00e9passe 4700 tonnes en 2022, un plus haut de 10 ans.<\/li>\n<li>La demande joaill\u00e8re r\u00e9siste remarquablement, \u00e0 2086 tonnes et retrouve presque ses niveaux pr\u00e9-covid, malgr\u00e9 une demande chinoise en berne et des pressions sur les budgets des consommateurs en raison de l\u2019inflation.<\/li>\n<li>La demande d\u2019investissement atteint 1106 tonnes, en hausse de 10%, tir\u00e9 par la demande en lingots et pi\u00e8ces, en particulier en Europe et aux Etats-Unis.<\/li>\n<li>Les banques centrales ont achet\u00e9 <strong>1135 tonnes de m\u00e9tal jaune, un plus haut historique depuis 1967<\/strong>. En 2022, la Chine a repris ses achats officiels d\u2019or.<\/li>\n<li>La demande industrielle s\u2019affiche en repli en raison d\u2019une baisse de la demande \u00e9lectronique, elle-m\u00eame impact\u00e9e par le ralentissement \u00e9conomique g\u00e9n\u00e9ral.<\/li>\n<\/ul>\n<p>Du cot\u00e9 de l\u2019offre, la production mini\u00e8re (3612 tonnes) a augment\u00e9 de 1% et reste en dessous du plus haut de 2018, tandis que le recyclage (1144 tonnes) est 30% en dessous des records de 2012, malgr\u00e9 des prix \u00e9lev\u00e9s.<\/p>\n<h3><strong>FMI\u00a0: le risque de sanctions internationales conduit \u00e0 acheter de l\u2019or<\/strong><\/h3>\n<p>Dans une <a href=\"https:\/\/www.imf.org\/en\/Publications\/WP\/Issues\/2023\/01\/27\/Gold-as-International-Reserves-A-Barbarous-Relic-No-More-528089\">note de recherche<\/a> publi\u00e9e fin janvier, trois chercheurs du FMI se sont int\u00e9ress\u00e9s aux raisons pour lesquelles les banques centrales augmentaient leur r\u00e9serve d\u2019or. Un rapport qui tombe \u00e0 point sur le sujet chaud du moment (cf. paragraphe pr\u00e9c\u00e9dent).<\/p>\n<p>Premier constat, peu surprenant\u00a0: tous les pays, d\u00e9velopp\u00e9s ou \u00e9mergents, ont tendance \u00e0 augmenter leurs r\u00e9serves d\u2019or lorsque le risque g\u00e9opolitique et\/ou l\u2019incertitude \u00e9conomique augmentent. Et ces derniers temps, il y a de la mati\u00e8re\u2026<\/p>\n<p>Les chercheurs du FMI constatent \u00e9galement que les acheteurs actifs sont tous des pays \u00e9mergents et que le risque de sanction (av\u00e9r\u00e9 ou per\u00e7u) est un facteur explicatif statistiquement significatif. <strong>Ainsi, lorsque l\u2019on recense les plus gros achats d\u2019or depuis 1999, la moiti\u00e9 ont \u00e9t\u00e9 fait par des pays sous sanction la m\u00eame ann\u00e9e ou les deux pr\u00e9c\u00e9dentes<\/strong>.<\/p>\n<h3><strong>Mega deal en perspective entre deux g\u00e9ants de l\u2019or<\/strong><\/h3>\n<p>Newmont, le 1<sup>er<\/sup> producteur mondial d\u2019or a propos\u00e9 le 5 f\u00e9vrier de racheter son concurrent australien Newcrest Mining, 7<sup>\u00e8me<\/sup> producteur mondial pour 17 milliards de dollars australiens. <strong>Si l\u2019op\u00e9ration va \u00e0 son terme, il s\u2019agirait de la plus grande OPA du secteur minier aurif\u00e8re<\/strong>. Les entreprises ont annonc\u00e9 continuer les pourparlers et l\u2019analyse des conditions de l\u2019offre.<\/p>\n<p>Newcrest est fragilis\u00e9 en bourse en raison de ses performances d\u00e9cevantes l\u2019an dernier et de son absence de leadership, puisque son PDG Sandeep Biswas a d\u00e9missionn\u00e9 en d\u00e9cembre. L\u2019int\u00e9rim est assur\u00e9 depuis par la directrice financi\u00e8re Sherry Duhe.<\/p>\n<p>Il n\u2019est pas surprenant de voir les soci\u00e9t\u00e9s mini\u00e8res fusionner dans un contexte inflationniste, alors que des \u00e9conomies d\u2019\u00e9chelle peuvent \u00eatre r\u00e9alis\u00e9s en mati\u00e8res d\u2019achats, de logistique, et de technologies, en particulier lorsque les mines sont voisines. Autre int\u00e9r\u00eat pour Newmont, l\u2019acheteur : Newcrest est \u00e9galement producteur de cuivre, un minerai d\u2019avenir pour la transition \u00e9nerg\u00e9tique.<\/p>\n<p>&nbsp;<\/p>\n<p><em><u>Avertissement<\/u><\/em><em>\u00a0:<\/em><\/p>\n<p><em>Le <a href=\"https:\/\/www.gold.fr\/cours-or-prix-de-l-or\/\">cours de l\u2019or<\/a> peut varier significativement \u00e0 la hausse ou \u00e0 la baisse. Les informations contenues dans ce document ne constituent pas une recommandation d\u2019investissement et le lecteur est invit\u00e9 \u00e0 prendre conseil aupr\u00e8s de professionnels pour la gestion de son \u00e9pargne.<\/em><\/p>\n<!-- AddThis Advanced Settings generic via filter on the_content --><!-- AddThis Share Buttons generic via filter on the_content -->","protected":false},"excerpt":{"rendered":"<p>Dans cette lettre mensuelle, vous trouverez un point sur la performance de l\u2019or ainsi que plusieurs actualit\u00e9s et analyses sur des sujets qui influencent le cours du m\u00e9tal jaune. Ce qu\u2019il faut retenir du mois \u00e9coul\u00e9 [&hellip;]<\/p>\n","protected":false},"author":34,"featured_media":43998,"comment_status":"closed","ping_status":"closed","sticky":false,"template":"","format":"standard","meta":{"_mbp_gutenberg_autopost":false,"_pgmb_is_evergreen":false,"_pgmb_ap_template_id":0,"footnotes":""},"categories":[4],"tags":[969,1167,456,84],"ppma_author":[2573],"class_list":["post-43988","post","type-post","status-publish","format-standard","has-post-thumbnail","hentry","category-analyses-economiques","tag-achat-or-banques-centrales","tag-evolution-or","tag-investir-dans-lor","tag-cours-de-lor"],"yoast_head":"<!-- This site is optimized with the Yoast SEO plugin v27.5 - https:\/\/yoast.com\/product\/yoast-seo-wordpress\/ -->\n<title>Cours de l\u2019or : l&#039;ann\u00e9e 2023 commence \u00e0 merveille - Gold.fr<\/title>\n<meta name=\"description\" content=\"Cours de l&#039;or janvier 2023, se porte \u00e0 la perfection pour le m\u00e9tal jaune. Pour connaitre les raisons de cette performance, lisez l&#039;article.\" \/>\n<meta name=\"robots\" content=\"index, follow, max-snippet:-1, max-image-preview:large, max-video-preview:-1\" \/>\n<link rel=\"canonical\" href=\"https:\/\/www.gold.fr\/news\/2023\/02\/10\/cours-de-lor-lannee-2023-commence-a-merveille\/\" \/>\n<meta property=\"og:locale\" content=\"fr_FR\" \/>\n<meta property=\"og:type\" content=\"article\" \/>\n<meta property=\"og:title\" content=\"Cours de l\u2019or : l&#039;ann\u00e9e 2023 commence \u00e0 merveille - Gold.fr\" \/>\n<meta property=\"og:description\" content=\"Cours de l&#039;or janvier 2023, se porte \u00e0 la perfection pour le m\u00e9tal jaune. Pour connaitre les raisons de cette performance, lisez l&#039;article.\" \/>\n<meta property=\"og:url\" content=\"https:\/\/www.gold.fr\/news\/2023\/02\/10\/cours-de-lor-lannee-2023-commence-a-merveille\/\" \/>\n<meta property=\"og:site_name\" content=\"Gold.fr\" \/>\n<meta property=\"article:publisher\" content=\"https:\/\/www.facebook.com\/Goldfr\/\" \/>\n<meta property=\"article:published_time\" content=\"2023-02-10T11:54:32+00:00\" \/>\n<meta property=\"article:modified_time\" content=\"2023-02-16T10:45:30+00:00\" \/>\n<meta property=\"og:image\" content=\"https:\/\/www.gold.fr\/news\/wp-content\/uploads\/2023\/02\/banner-BFMBOURSE-190222-3.jpg\" \/>\n\t<meta property=\"og:image:width\" content=\"800\" \/>\n\t<meta property=\"og:image:height\" content=\"533\" \/>\n\t<meta property=\"og:image:type\" content=\"image\/jpeg\" \/>\n<meta name=\"author\" content=\"Olivier Atac\" \/>\n<meta name=\"twitter:card\" content=\"summary_large_image\" \/>\n<meta name=\"twitter:label1\" content=\"\u00c9crit par\" \/>\n\t<meta name=\"twitter:data1\" content=\"Olivier Atac\" \/>\n\t<meta name=\"twitter:label2\" content=\"Dur\u00e9e de lecture estim\u00e9e\" \/>\n\t<meta name=\"twitter:data2\" content=\"6 minutes\" \/>\n<script type=\"application\/ld+json\" class=\"yoast-schema-graph\">{\"@context\":\"https:\\\/\\\/schema.org\",\"@graph\":[{\"@type\":\"Article\",\"@id\":\"https:\\\/\\\/www.gold.fr\\\/news\\\/2023\\\/02\\\/10\\\/cours-de-lor-lannee-2023-commence-a-merveille\\\/#article\",\"isPartOf\":{\"@id\":\"https:\\\/\\\/www.gold.fr\\\/news\\\/2023\\\/02\\\/10\\\/cours-de-lor-lannee-2023-commence-a-merveille\\\/\"},\"author\":{\"name\":\"Olivier Atac\",\"@id\":\"https:\\\/\\\/www.gold.fr\\\/news\\\/#\\\/schema\\\/person\\\/559d136d585de9617a12737306e8f2f0\"},\"headline\":\"Cours de l\u2019or : l&rsquo;ann\u00e9e 2023 commence \u00e0 merveille\",\"datePublished\":\"2023-02-10T11:54:32+00:00\",\"dateModified\":\"2023-02-16T10:45:30+00:00\",\"mainEntityOfPage\":{\"@id\":\"https:\\\/\\\/www.gold.fr\\\/news\\\/2023\\\/02\\\/10\\\/cours-de-lor-lannee-2023-commence-a-merveille\\\/\"},\"wordCount\":1114,\"image\":{\"@id\":\"https:\\\/\\\/www.gold.fr\\\/news\\\/2023\\\/02\\\/10\\\/cours-de-lor-lannee-2023-commence-a-merveille\\\/#primaryimage\"},\"thumbnailUrl\":\"https:\\\/\\\/www.gold.fr\\\/news\\\/wp-content\\\/uploads\\\/2023\\\/02\\\/banner-BFMBOURSE-190222-3.jpg\",\"keywords\":[\"Achat or banques centrales\",\"evolution or\",\"investir dans l'Or\",\"Tout Cours de l'Or\"],\"articleSection\":[\"Analyses Economiques\"],\"inLanguage\":\"fr-FR\"},{\"@type\":\"WebPage\",\"@id\":\"https:\\\/\\\/www.gold.fr\\\/news\\\/2023\\\/02\\\/10\\\/cours-de-lor-lannee-2023-commence-a-merveille\\\/\",\"url\":\"https:\\\/\\\/www.gold.fr\\\/news\\\/2023\\\/02\\\/10\\\/cours-de-lor-lannee-2023-commence-a-merveille\\\/\",\"name\":\"Cours de l\u2019or : l'ann\u00e9e 2023 commence \u00e0 merveille - Gold.fr\",\"isPartOf\":{\"@id\":\"https:\\\/\\\/www.gold.fr\\\/news\\\/#website\"},\"primaryImageOfPage\":{\"@id\":\"https:\\\/\\\/www.gold.fr\\\/news\\\/2023\\\/02\\\/10\\\/cours-de-lor-lannee-2023-commence-a-merveille\\\/#primaryimage\"},\"image\":{\"@id\":\"https:\\\/\\\/www.gold.fr\\\/news\\\/2023\\\/02\\\/10\\\/cours-de-lor-lannee-2023-commence-a-merveille\\\/#primaryimage\"},\"thumbnailUrl\":\"https:\\\/\\\/www.gold.fr\\\/news\\\/wp-content\\\/uploads\\\/2023\\\/02\\\/banner-BFMBOURSE-190222-3.jpg\",\"datePublished\":\"2023-02-10T11:54:32+00:00\",\"dateModified\":\"2023-02-16T10:45:30+00:00\",\"author\":{\"@id\":\"https:\\\/\\\/www.gold.fr\\\/news\\\/#\\\/schema\\\/person\\\/559d136d585de9617a12737306e8f2f0\"},\"description\":\"Cours de l'or janvier 2023, se porte \u00e0 la perfection pour le m\u00e9tal jaune. Pour connaitre les raisons de cette performance, lisez l'article.\",\"breadcrumb\":{\"@id\":\"https:\\\/\\\/www.gold.fr\\\/news\\\/2023\\\/02\\\/10\\\/cours-de-lor-lannee-2023-commence-a-merveille\\\/#breadcrumb\"},\"inLanguage\":\"fr-FR\",\"potentialAction\":[{\"@type\":\"ReadAction\",\"target\":[\"https:\\\/\\\/www.gold.fr\\\/news\\\/2023\\\/02\\\/10\\\/cours-de-lor-lannee-2023-commence-a-merveille\\\/\"]}]},{\"@type\":\"ImageObject\",\"inLanguage\":\"fr-FR\",\"@id\":\"https:\\\/\\\/www.gold.fr\\\/news\\\/2023\\\/02\\\/10\\\/cours-de-lor-lannee-2023-commence-a-merveille\\\/#primaryimage\",\"url\":\"https:\\\/\\\/www.gold.fr\\\/news\\\/wp-content\\\/uploads\\\/2023\\\/02\\\/banner-BFMBOURSE-190222-3.jpg\",\"contentUrl\":\"https:\\\/\\\/www.gold.fr\\\/news\\\/wp-content\\\/uploads\\\/2023\\\/02\\\/banner-BFMBOURSE-190222-3.jpg\",\"width\":800,\"height\":533,\"caption\":\"Cours de l\u2019or janvier : l'ann\u00e9e 2023 commence \u00e0 merveille\"},{\"@type\":\"BreadcrumbList\",\"@id\":\"https:\\\/\\\/www.gold.fr\\\/news\\\/2023\\\/02\\\/10\\\/cours-de-lor-lannee-2023-commence-a-merveille\\\/#breadcrumb\",\"itemListElement\":[{\"@type\":\"ListItem\",\"position\":1,\"name\":\"Accueil\",\"item\":\"https:\\\/\\\/www.gold.fr\\\/\"},{\"@type\":\"ListItem\",\"position\":2,\"name\":\"Actualit\u00e9s\",\"item\":\"https:\\\/\\\/www.gold.fr\\\/news\\\/\"},{\"@type\":\"ListItem\",\"position\":3,\"name\":\"Cours de l\u2019or : l&rsquo;ann\u00e9e 2023 commence \u00e0 merveille\"}]},{\"@type\":\"WebSite\",\"@id\":\"https:\\\/\\\/www.gold.fr\\\/news\\\/#website\",\"url\":\"https:\\\/\\\/www.gold.fr\\\/news\\\/\",\"name\":\"Gold.fr\",\"description\":\"Actualit\u00e9s de l&#039;Or et des m\u00e9taux pr\u00e9cieux\",\"potentialAction\":[{\"@type\":\"SearchAction\",\"target\":{\"@type\":\"EntryPoint\",\"urlTemplate\":\"https:\\\/\\\/www.gold.fr\\\/news\\\/?s={search_term_string}\"},\"query-input\":{\"@type\":\"PropertyValueSpecification\",\"valueRequired\":true,\"valueName\":\"search_term_string\"}}],\"inLanguage\":\"fr-FR\"},{\"@type\":\"Person\",\"@id\":\"https:\\\/\\\/www.gold.fr\\\/news\\\/#\\\/schema\\\/person\\\/559d136d585de9617a12737306e8f2f0\",\"name\":\"Olivier Atac\",\"image\":{\"@type\":\"ImageObject\",\"inLanguage\":\"fr-FR\",\"@id\":\"https:\\\/\\\/secure.gravatar.com\\\/avatar\\\/dc2c4e0a30110c8acd667300141487d01d62bf75df0e95ffaf5fb26cf387d2ad?s=96&d=mm&r=gb4ad34d7be9371f7ca6ef60dca1ac615\",\"url\":\"https:\\\/\\\/secure.gravatar.com\\\/avatar\\\/dc2c4e0a30110c8acd667300141487d01d62bf75df0e95ffaf5fb26cf387d2ad?s=96&d=mm&r=g\",\"contentUrl\":\"https:\\\/\\\/secure.gravatar.com\\\/avatar\\\/dc2c4e0a30110c8acd667300141487d01d62bf75df0e95ffaf5fb26cf387d2ad?s=96&d=mm&r=g\",\"caption\":\"Olivier Atac\"},\"description\":\"Dipl\u00f4m\u00e9 de l\u2019EM Strasbourg en 2005 avec une sp\u00e9cialisation en Banque\\\/Finance, Olivier ATAC int\u00e8gre le groupe AUCHAN au poste de Directeur de Magasin Simply Market. Passionn\u00e9 par la grande distribution, il int\u00e8gre ensuite le groupe LIDL o\u00f9 pendant plus de 10 ans, il va g\u00e9rer, en tant que Responsable de Secteur, 4 \u00e0 7 magasins sur des zones g\u00e9ographiques diverses allant du Haut-Doubs jusqu\u2019au Nord de l\u2019Alsace. Plusieurs fois nomin\u00e9 Meilleur Responsable de Secteur, il a en outre g\u00e9r\u00e9 le magasin Pilote France en 2012 puis le magasin Pilote R\u00e9gional de 2013 \u00e0 2018. Il int\u00e8gre ensuite le groupe ALDI au poste de Responsable R\u00e9gional des Ventes o\u00f9 il g\u00e8re alors plus de 30 magasins. Il intervient au sein du Comptoir National de l'Or sur des missions diverses : Sourcing, Support IT, cr\u00e9ation de podcasts.\"}]}<\/script>\n<!-- \/ Yoast SEO plugin. -->","yoast_head_json":{"title":"Cours de l\u2019or : l'ann\u00e9e 2023 commence \u00e0 merveille - Gold.fr","description":"Cours de l'or janvier 2023, se porte \u00e0 la perfection pour le m\u00e9tal jaune. Pour connaitre les raisons de cette performance, lisez l'article.","robots":{"index":"index","follow":"follow","max-snippet":"max-snippet:-1","max-image-preview":"max-image-preview:large","max-video-preview":"max-video-preview:-1"},"canonical":"https:\/\/www.gold.fr\/news\/2023\/02\/10\/cours-de-lor-lannee-2023-commence-a-merveille\/","og_locale":"fr_FR","og_type":"article","og_title":"Cours de l\u2019or : l'ann\u00e9e 2023 commence \u00e0 merveille - Gold.fr","og_description":"Cours de l'or janvier 2023, se porte \u00e0 la perfection pour le m\u00e9tal jaune. Pour connaitre les raisons de cette performance, lisez l'article.","og_url":"https:\/\/www.gold.fr\/news\/2023\/02\/10\/cours-de-lor-lannee-2023-commence-a-merveille\/","og_site_name":"Gold.fr","article_publisher":"https:\/\/www.facebook.com\/Goldfr\/","article_published_time":"2023-02-10T11:54:32+00:00","article_modified_time":"2023-02-16T10:45:30+00:00","og_image":[{"width":800,"height":533,"url":"https:\/\/www.gold.fr\/news\/wp-content\/uploads\/2023\/02\/banner-BFMBOURSE-190222-3.jpg","type":"image\/jpeg"}],"author":"Olivier Atac","twitter_card":"summary_large_image","twitter_misc":{"\u00c9crit par":"Olivier Atac","Dur\u00e9e de lecture estim\u00e9e":"6 minutes"},"schema":{"@context":"https:\/\/schema.org","@graph":[{"@type":"Article","@id":"https:\/\/www.gold.fr\/news\/2023\/02\/10\/cours-de-lor-lannee-2023-commence-a-merveille\/#article","isPartOf":{"@id":"https:\/\/www.gold.fr\/news\/2023\/02\/10\/cours-de-lor-lannee-2023-commence-a-merveille\/"},"author":{"name":"Olivier Atac","@id":"https:\/\/www.gold.fr\/news\/#\/schema\/person\/559d136d585de9617a12737306e8f2f0"},"headline":"Cours de l\u2019or : l&rsquo;ann\u00e9e 2023 commence \u00e0 merveille","datePublished":"2023-02-10T11:54:32+00:00","dateModified":"2023-02-16T10:45:30+00:00","mainEntityOfPage":{"@id":"https:\/\/www.gold.fr\/news\/2023\/02\/10\/cours-de-lor-lannee-2023-commence-a-merveille\/"},"wordCount":1114,"image":{"@id":"https:\/\/www.gold.fr\/news\/2023\/02\/10\/cours-de-lor-lannee-2023-commence-a-merveille\/#primaryimage"},"thumbnailUrl":"https:\/\/www.gold.fr\/news\/wp-content\/uploads\/2023\/02\/banner-BFMBOURSE-190222-3.jpg","keywords":["Achat or banques centrales","evolution or","investir dans l'Or","Tout Cours de l'Or"],"articleSection":["Analyses Economiques"],"inLanguage":"fr-FR"},{"@type":"WebPage","@id":"https:\/\/www.gold.fr\/news\/2023\/02\/10\/cours-de-lor-lannee-2023-commence-a-merveille\/","url":"https:\/\/www.gold.fr\/news\/2023\/02\/10\/cours-de-lor-lannee-2023-commence-a-merveille\/","name":"Cours de l\u2019or : l'ann\u00e9e 2023 commence \u00e0 merveille - Gold.fr","isPartOf":{"@id":"https:\/\/www.gold.fr\/news\/#website"},"primaryImageOfPage":{"@id":"https:\/\/www.gold.fr\/news\/2023\/02\/10\/cours-de-lor-lannee-2023-commence-a-merveille\/#primaryimage"},"image":{"@id":"https:\/\/www.gold.fr\/news\/2023\/02\/10\/cours-de-lor-lannee-2023-commence-a-merveille\/#primaryimage"},"thumbnailUrl":"https:\/\/www.gold.fr\/news\/wp-content\/uploads\/2023\/02\/banner-BFMBOURSE-190222-3.jpg","datePublished":"2023-02-10T11:54:32+00:00","dateModified":"2023-02-16T10:45:30+00:00","author":{"@id":"https:\/\/www.gold.fr\/news\/#\/schema\/person\/559d136d585de9617a12737306e8f2f0"},"description":"Cours de l'or janvier 2023, se porte \u00e0 la perfection pour le m\u00e9tal jaune. Pour connaitre les raisons de cette performance, lisez l'article.","breadcrumb":{"@id":"https:\/\/www.gold.fr\/news\/2023\/02\/10\/cours-de-lor-lannee-2023-commence-a-merveille\/#breadcrumb"},"inLanguage":"fr-FR","potentialAction":[{"@type":"ReadAction","target":["https:\/\/www.gold.fr\/news\/2023\/02\/10\/cours-de-lor-lannee-2023-commence-a-merveille\/"]}]},{"@type":"ImageObject","inLanguage":"fr-FR","@id":"https:\/\/www.gold.fr\/news\/2023\/02\/10\/cours-de-lor-lannee-2023-commence-a-merveille\/#primaryimage","url":"https:\/\/www.gold.fr\/news\/wp-content\/uploads\/2023\/02\/banner-BFMBOURSE-190222-3.jpg","contentUrl":"https:\/\/www.gold.fr\/news\/wp-content\/uploads\/2023\/02\/banner-BFMBOURSE-190222-3.jpg","width":800,"height":533,"caption":"Cours de l\u2019or janvier : l'ann\u00e9e 2023 commence \u00e0 merveille"},{"@type":"BreadcrumbList","@id":"https:\/\/www.gold.fr\/news\/2023\/02\/10\/cours-de-lor-lannee-2023-commence-a-merveille\/#breadcrumb","itemListElement":[{"@type":"ListItem","position":1,"name":"Accueil","item":"https:\/\/www.gold.fr\/"},{"@type":"ListItem","position":2,"name":"Actualit\u00e9s","item":"https:\/\/www.gold.fr\/news\/"},{"@type":"ListItem","position":3,"name":"Cours de l\u2019or : l&rsquo;ann\u00e9e 2023 commence \u00e0 merveille"}]},{"@type":"WebSite","@id":"https:\/\/www.gold.fr\/news\/#website","url":"https:\/\/www.gold.fr\/news\/","name":"Gold.fr","description":"Actualit\u00e9s de l&#039;Or et des m\u00e9taux pr\u00e9cieux","potentialAction":[{"@type":"SearchAction","target":{"@type":"EntryPoint","urlTemplate":"https:\/\/www.gold.fr\/news\/?s={search_term_string}"},"query-input":{"@type":"PropertyValueSpecification","valueRequired":true,"valueName":"search_term_string"}}],"inLanguage":"fr-FR"},{"@type":"Person","@id":"https:\/\/www.gold.fr\/news\/#\/schema\/person\/559d136d585de9617a12737306e8f2f0","name":"Olivier Atac","image":{"@type":"ImageObject","inLanguage":"fr-FR","@id":"https:\/\/secure.gravatar.com\/avatar\/dc2c4e0a30110c8acd667300141487d01d62bf75df0e95ffaf5fb26cf387d2ad?s=96&d=mm&r=gb4ad34d7be9371f7ca6ef60dca1ac615","url":"https:\/\/secure.gravatar.com\/avatar\/dc2c4e0a30110c8acd667300141487d01d62bf75df0e95ffaf5fb26cf387d2ad?s=96&d=mm&r=g","contentUrl":"https:\/\/secure.gravatar.com\/avatar\/dc2c4e0a30110c8acd667300141487d01d62bf75df0e95ffaf5fb26cf387d2ad?s=96&d=mm&r=g","caption":"Olivier Atac"},"description":"Dipl\u00f4m\u00e9 de l\u2019EM Strasbourg en 2005 avec une sp\u00e9cialisation en Banque\/Finance, Olivier ATAC int\u00e8gre le groupe AUCHAN au poste de Directeur de Magasin Simply Market. Passionn\u00e9 par la grande distribution, il int\u00e8gre ensuite le groupe LIDL o\u00f9 pendant plus de 10 ans, il va g\u00e9rer, en tant que Responsable de Secteur, 4 \u00e0 7 magasins sur des zones g\u00e9ographiques diverses allant du Haut-Doubs jusqu\u2019au Nord de l\u2019Alsace. Plusieurs fois nomin\u00e9 Meilleur Responsable de Secteur, il a en outre g\u00e9r\u00e9 le magasin Pilote France en 2012 puis le magasin Pilote R\u00e9gional de 2013 \u00e0 2018. Il int\u00e8gre ensuite le groupe ALDI au poste de Responsable R\u00e9gional des Ventes o\u00f9 il g\u00e8re alors plus de 30 magasins. Il intervient au sein du Comptoir National de l'Or sur des missions diverses : Sourcing, Support IT, cr\u00e9ation de podcasts."}]}},"authors":[{"term_id":2573,"user_id":34,"is_guest":0,"slug":"olivier-atac","display_name":"Olivier Atac","avatar_url":"https:\/\/secure.gravatar.com\/avatar\/dc2c4e0a30110c8acd667300141487d01d62bf75df0e95ffaf5fb26cf387d2ad?s=96&d=mm&r=g","0":null,"1":"","2":"","3":"","4":"","5":"","6":"","7":"","8":""}],"_links":{"self":[{"href":"https:\/\/www.gold.fr\/news\/wp-json\/wp\/v2\/posts\/43988","targetHints":{"allow":["GET"]}}],"collection":[{"href":"https:\/\/www.gold.fr\/news\/wp-json\/wp\/v2\/posts"}],"about":[{"href":"https:\/\/www.gold.fr\/news\/wp-json\/wp\/v2\/types\/post"}],"author":[{"embeddable":true,"href":"https:\/\/www.gold.fr\/news\/wp-json\/wp\/v2\/users\/34"}],"replies":[{"embeddable":true,"href":"https:\/\/www.gold.fr\/news\/wp-json\/wp\/v2\/comments?post=43988"}],"version-history":[{"count":0,"href":"https:\/\/www.gold.fr\/news\/wp-json\/wp\/v2\/posts\/43988\/revisions"}],"wp:featuredmedia":[{"embeddable":true,"href":"https:\/\/www.gold.fr\/news\/wp-json\/wp\/v2\/media\/43998"}],"wp:attachment":[{"href":"https:\/\/www.gold.fr\/news\/wp-json\/wp\/v2\/media?parent=43988"}],"wp:term":[{"taxonomy":"category","embeddable":true,"href":"https:\/\/www.gold.fr\/news\/wp-json\/wp\/v2\/categories?post=43988"},{"taxonomy":"post_tag","embeddable":true,"href":"https:\/\/www.gold.fr\/news\/wp-json\/wp\/v2\/tags?post=43988"},{"taxonomy":"author","embeddable":true,"href":"https:\/\/www.gold.fr\/news\/wp-json\/wp\/v2\/ppma_author?post=43988"}],"curies":[{"name":"wp","href":"https:\/\/api.w.org\/{rel}","templated":true}]}}