{"id":43398,"date":"2022-11-09T10:19:44","date_gmt":"2022-11-09T09:19:44","guid":{"rendered":"https:\/\/www.gold.fr\/news\/?p=43398"},"modified":"2022-11-09T11:35:33","modified_gmt":"2022-11-09T10:35:33","slug":"le-comptoir-national-de-lor-cite-dans-sud-ouest-06-11-le-bouscat-un-nouveau-commerce-de-lor-sest-installe","status":"publish","type":"post","link":"https:\/\/www.gold.fr\/news\/2022\/11\/09\/le-comptoir-national-de-lor-cite-dans-sud-ouest-06-11-le-bouscat-un-nouveau-commerce-de-lor-sest-installe\/","title":{"rendered":"Le Comptoir National de l&rsquo;Or cit\u00e9 dans Sud Ouest 06\/11 &#8211; Le Bouscat : un nouveau commerce de l\u2019or s\u2019est install\u00e9"},"content":{"rendered":"<p>Rendez-vous dans notre tout nouveau <a href=\"https:\/\/www.gold.fr\/comptoirs-achat-vente-or\/le-bouscat\/\">comptoir au Bouscat : 21 bis, avenue de la Lib\u00e9ration.<\/a> Notre responsable d&rsquo;agence, Delphine, vous accueille du lundi apr\u00e8s-midi au samedi matin pour vous conseiller sur vos projets de rachats ou d&rsquo;investissement dans les m\u00e9taux pr\u00e9cieux.<\/p>\n<p>Vous pouvez prendre directement rendez-vous en ligne juste <a href=\"https:\/\/www.gold.fr\/news\/prendre-rendez-vous-au-comptoir-national-de-lor-de-le-bouscat\/\">ici<\/a>.<\/p>\n<p>D\u00e9couvrez dans cet article de <strong>Sud Ouest<\/strong><b>, <\/b>notre nouveau comptoir du Bouscat et sa responsable d&rsquo;agence.<\/p>\n<p><strong>Lire l\u2019int\u00e9gralit\u00e9 de l\u2019article ci-dessous \u00ab\u00a0Le Bouscat : un nouveau commerce de l\u2019or s\u2019est install\u00e9\u00a0\u00bb :<\/strong><\/p>\n<p><iframe style=\"width: 100%; height: 400px; border: none;\" title=\"Le Comptoir National de l'Or cit\u00e9 par BFM Bourse 19\/02 - OR: Comment va se comporter l'Or face aux remont\u00e9es de taux \u00e0 venir\" src=\"https:\/\/www.gold.fr\/news\/wp-content\/uploads\/2022\/11\/Le-Comptoir-National-de-lor-cite-par-Sud-Ouest-06_11-\u2013-Le-Bouscat-_-un-nouveau-commerce-de-lor-sest-installe_.pdf\"><span data-mce-type=\"bookmark\" style=\"display: inline-block; width: 0px; overflow: hidden; line-height: 0;\" class=\"mce_SELRES_start\">\ufeff<\/span><span data-mce-type=\"bookmark\" style=\"display: inline-block; width: 0px; overflow: hidden; line-height: 0;\" class=\"mce_SELRES_start\">\ufeff<\/span><span data-mce-type=\"bookmark\" style=\"display: inline-block; width: 0px; overflow: hidden; line-height: 0;\" class=\"mce_SELRES_start\">\ufeff<\/span><span data-mce-type=\"bookmark\" style=\"display: inline-block; width: 0px; overflow: hidden; line-height: 0;\" class=\"mce_SELRES_start\"><\/span><span data-mce-type=\"bookmark\" style=\"display: inline-block; width: 0px; overflow: hidden; line-height: 0;\" class=\"mce_SELRES_start\"><\/span><span data-mce-type=\"bookmark\" style=\"display: inline-block; width: 0px; overflow: hidden; line-height: 0;\" class=\"mce_SELRES_start\"><\/span><span data-mce-type=\"bookmark\" style=\"display: inline-block; width: 0px; overflow: hidden; line-height: 0;\" class=\"mce_SELRES_start\"><\/span><span data-mce-type=\"bookmark\" style=\"display: inline-block; width: 0px; overflow: hidden; line-height: 0;\" class=\"mce_SELRES_start\"><\/span><span data-mce-type=\"bookmark\" style=\"display: inline-block; width: 0px; overflow: hidden; line-height: 0;\" class=\"mce_SELRES_start\"><\/span><span data-mce-type=\"bookmark\" style=\"display: inline-block; width: 0px; overflow: hidden; line-height: 0;\" class=\"mce_SELRES_start\"><\/span><span data-mce-type=\"bookmark\" style=\"display: inline-block; width: 0px; overflow: hidden; line-height: 0;\" class=\"mce_SELRES_start\"><\/span><\/iframe><\/p>\n<!-- AddThis Advanced Settings generic via filter on the_content --><!-- AddThis Share Buttons generic via filter on the_content -->","protected":false},"excerpt":{"rendered":"<p>Rendez-vous dans notre tout nouveau comptoir au Bouscat : 21 bis, avenue de la Lib\u00e9ration. Notre responsable d&rsquo;agence, Delphine, vous accueille du lundi apr\u00e8s-midi au samedi matin pour vous conseiller sur vos projets de rachats ou [&hellip;]<\/p>\n","protected":false},"author":33,"featured_media":43403,"comment_status":"closed","ping_status":"closed","sticky":false,"template":"","format":"standard","meta":{"_mbp_gutenberg_autopost":false,"_pgmb_is_evergreen":false,"_pgmb_ap_template_id":0,"footnotes":""},"categories":[6,2414],"tags":[2544,456,932,76,304],"ppma_author":[2571],"class_list":["post-43398","post","type-post","status-publish","format-standard","has-post-thumbnail","hentry","category-articles-de-presse","category-cndo-dans-la-presse","tag-comptoir-national-de-lor-le-bouscat","tag-investir-dans-lor","tag-metal-jaune","tag-or","tag-rachat-or"],"yoast_head":"<!-- This site is optimized with the Yoast SEO plugin v27.5 - https:\/\/yoast.com\/product\/yoast-seo-wordpress\/ -->\n<title>Sud Ouest - Le Bouscat : un nouveau commerce de l\u2019or s\u2019est install\u00e9 - Gold.fr<\/title>\n<meta name=\"description\" content=\"Sud Ouest vous fait d\u00e9couvrir notre nouveau comptoir au Bouscat et sa responsable d&#039;agence qui saura vous conseiller sur tous vos projets.\" \/>\n<meta name=\"robots\" content=\"index, follow, max-snippet:-1, max-image-preview:large, max-video-preview:-1\" \/>\n<link rel=\"canonical\" href=\"https:\/\/www.gold.fr\/news\/2022\/11\/09\/le-comptoir-national-de-lor-cite-dans-sud-ouest-06-11-le-bouscat-un-nouveau-commerce-de-lor-sest-installe\/\" \/>\n<meta property=\"og:locale\" content=\"fr_FR\" \/>\n<meta property=\"og:type\" content=\"article\" \/>\n<meta property=\"og:title\" content=\"Sud Ouest - Le Bouscat : un nouveau commerce de l\u2019or s\u2019est install\u00e9 - Gold.fr\" \/>\n<meta property=\"og:description\" content=\"Sud Ouest vous fait d\u00e9couvrir notre nouveau comptoir au Bouscat et sa responsable d&#039;agence qui saura vous conseiller sur tous vos projets.\" \/>\n<meta property=\"og:url\" content=\"https:\/\/www.gold.fr\/news\/2022\/11\/09\/le-comptoir-national-de-lor-cite-dans-sud-ouest-06-11-le-bouscat-un-nouveau-commerce-de-lor-sest-installe\/\" \/>\n<meta property=\"og:site_name\" content=\"Gold.fr\" \/>\n<meta property=\"article:publisher\" content=\"https:\/\/www.facebook.com\/Goldfr\/\" \/>\n<meta property=\"article:published_time\" content=\"2022-11-09T09:19:44+00:00\" \/>\n<meta property=\"article:modified_time\" content=\"2022-11-09T10:35:33+00:00\" \/>\n<meta property=\"og:image\" content=\"https:\/\/www.gold.fr\/news\/wp-content\/uploads\/2022\/11\/MEA-WP-logo.jpg\" \/>\n\t<meta property=\"og:image:width\" content=\"800\" \/>\n\t<meta property=\"og:image:height\" content=\"533\" \/>\n\t<meta property=\"og:image:type\" content=\"image\/jpeg\" \/>\n<meta name=\"author\" content=\"Christophe Bernard\" \/>\n<meta name=\"twitter:card\" content=\"summary_large_image\" \/>\n<meta name=\"twitter:label1\" content=\"\u00c9crit par\" \/>\n\t<meta name=\"twitter:data1\" content=\"Christophe Bernard\" \/>\n\t<meta name=\"twitter:label2\" content=\"Dur\u00e9e de lecture estim\u00e9e\" \/>\n\t<meta name=\"twitter:data2\" content=\"1 minute\" \/>\n<script type=\"application\/ld+json\" class=\"yoast-schema-graph\">{\"@context\":\"https:\\\/\\\/schema.org\",\"@graph\":[{\"@type\":\"Article\",\"@id\":\"https:\\\/\\\/www.gold.fr\\\/news\\\/2022\\\/11\\\/09\\\/le-comptoir-national-de-lor-cite-dans-sud-ouest-06-11-le-bouscat-un-nouveau-commerce-de-lor-sest-installe\\\/#article\",\"isPartOf\":{\"@id\":\"https:\\\/\\\/www.gold.fr\\\/news\\\/2022\\\/11\\\/09\\\/le-comptoir-national-de-lor-cite-dans-sud-ouest-06-11-le-bouscat-un-nouveau-commerce-de-lor-sest-installe\\\/\"},\"author\":{\"name\":\"Christophe Bernard\",\"@id\":\"https:\\\/\\\/www.gold.fr\\\/news\\\/#\\\/schema\\\/person\\\/c04e756918e0770a338723b0cd6ae4e6\"},\"headline\":\"Le Comptoir National de l&rsquo;Or cit\u00e9 dans Sud Ouest 06\\\/11 &#8211; Le Bouscat : un nouveau commerce de l\u2019or s\u2019est install\u00e9\",\"datePublished\":\"2022-11-09T09:19:44+00:00\",\"dateModified\":\"2022-11-09T10:35:33+00:00\",\"mainEntityOfPage\":{\"@id\":\"https:\\\/\\\/www.gold.fr\\\/news\\\/2022\\\/11\\\/09\\\/le-comptoir-national-de-lor-cite-dans-sud-ouest-06-11-le-bouscat-un-nouveau-commerce-de-lor-sest-installe\\\/\"},\"wordCount\":113,\"image\":{\"@id\":\"https:\\\/\\\/www.gold.fr\\\/news\\\/2022\\\/11\\\/09\\\/le-comptoir-national-de-lor-cite-dans-sud-ouest-06-11-le-bouscat-un-nouveau-commerce-de-lor-sest-installe\\\/#primaryimage\"},\"thumbnailUrl\":\"https:\\\/\\\/www.gold.fr\\\/news\\\/wp-content\\\/uploads\\\/2022\\\/11\\\/MEA-WP-logo.jpg\",\"keywords\":[\"comptoir national de l'Or Le Bouscat\",\"investir dans l'Or\",\"M\u00e9tal jaune\",\"Or\",\"rachat or\"],\"articleSection\":[\"Articles de presse\",\"CNDO dans la presse\"],\"inLanguage\":\"fr-FR\"},{\"@type\":\"WebPage\",\"@id\":\"https:\\\/\\\/www.gold.fr\\\/news\\\/2022\\\/11\\\/09\\\/le-comptoir-national-de-lor-cite-dans-sud-ouest-06-11-le-bouscat-un-nouveau-commerce-de-lor-sest-installe\\\/\",\"url\":\"https:\\\/\\\/www.gold.fr\\\/news\\\/2022\\\/11\\\/09\\\/le-comptoir-national-de-lor-cite-dans-sud-ouest-06-11-le-bouscat-un-nouveau-commerce-de-lor-sest-installe\\\/\",\"name\":\"Sud Ouest - Le Bouscat : un nouveau commerce de l\u2019or s\u2019est install\u00e9 - Gold.fr\",\"isPartOf\":{\"@id\":\"https:\\\/\\\/www.gold.fr\\\/news\\\/#website\"},\"primaryImageOfPage\":{\"@id\":\"https:\\\/\\\/www.gold.fr\\\/news\\\/2022\\\/11\\\/09\\\/le-comptoir-national-de-lor-cite-dans-sud-ouest-06-11-le-bouscat-un-nouveau-commerce-de-lor-sest-installe\\\/#primaryimage\"},\"image\":{\"@id\":\"https:\\\/\\\/www.gold.fr\\\/news\\\/2022\\\/11\\\/09\\\/le-comptoir-national-de-lor-cite-dans-sud-ouest-06-11-le-bouscat-un-nouveau-commerce-de-lor-sest-installe\\\/#primaryimage\"},\"thumbnailUrl\":\"https:\\\/\\\/www.gold.fr\\\/news\\\/wp-content\\\/uploads\\\/2022\\\/11\\\/MEA-WP-logo.jpg\",\"datePublished\":\"2022-11-09T09:19:44+00:00\",\"dateModified\":\"2022-11-09T10:35:33+00:00\",\"author\":{\"@id\":\"https:\\\/\\\/www.gold.fr\\\/news\\\/#\\\/schema\\\/person\\\/c04e756918e0770a338723b0cd6ae4e6\"},\"description\":\"Sud Ouest vous fait d\u00e9couvrir notre nouveau comptoir au Bouscat et sa responsable d'agence qui saura vous conseiller sur tous vos projets.\",\"breadcrumb\":{\"@id\":\"https:\\\/\\\/www.gold.fr\\\/news\\\/2022\\\/11\\\/09\\\/le-comptoir-national-de-lor-cite-dans-sud-ouest-06-11-le-bouscat-un-nouveau-commerce-de-lor-sest-installe\\\/#breadcrumb\"},\"inLanguage\":\"fr-FR\",\"potentialAction\":[{\"@type\":\"ReadAction\",\"target\":[\"https:\\\/\\\/www.gold.fr\\\/news\\\/2022\\\/11\\\/09\\\/le-comptoir-national-de-lor-cite-dans-sud-ouest-06-11-le-bouscat-un-nouveau-commerce-de-lor-sest-installe\\\/\"]}]},{\"@type\":\"ImageObject\",\"inLanguage\":\"fr-FR\",\"@id\":\"https:\\\/\\\/www.gold.fr\\\/news\\\/2022\\\/11\\\/09\\\/le-comptoir-national-de-lor-cite-dans-sud-ouest-06-11-le-bouscat-un-nouveau-commerce-de-lor-sest-installe\\\/#primaryimage\",\"url\":\"https:\\\/\\\/www.gold.fr\\\/news\\\/wp-content\\\/uploads\\\/2022\\\/11\\\/MEA-WP-logo.jpg\",\"contentUrl\":\"https:\\\/\\\/www.gold.fr\\\/news\\\/wp-content\\\/uploads\\\/2022\\\/11\\\/MEA-WP-logo.jpg\",\"width\":800,\"height\":533,\"caption\":\"Le Comptoir National de l'Or cit\u00e9 dans Sud Ouest 06\\\/11 - Le Bouscat : un nouveau commerce de l\u2019or s\u2019est install\u00e9\"},{\"@type\":\"BreadcrumbList\",\"@id\":\"https:\\\/\\\/www.gold.fr\\\/news\\\/2022\\\/11\\\/09\\\/le-comptoir-national-de-lor-cite-dans-sud-ouest-06-11-le-bouscat-un-nouveau-commerce-de-lor-sest-installe\\\/#breadcrumb\",\"itemListElement\":[{\"@type\":\"ListItem\",\"position\":1,\"name\":\"Accueil\",\"item\":\"https:\\\/\\\/www.gold.fr\\\/\"},{\"@type\":\"ListItem\",\"position\":2,\"name\":\"Actualit\u00e9s\",\"item\":\"https:\\\/\\\/www.gold.fr\\\/news\\\/\"},{\"@type\":\"ListItem\",\"position\":3,\"name\":\"Le Comptoir National de l&rsquo;Or cit\u00e9 dans Sud Ouest 06\\\/11 &#8211; Le Bouscat : un nouveau commerce de l\u2019or s\u2019est install\u00e9\"}]},{\"@type\":\"WebSite\",\"@id\":\"https:\\\/\\\/www.gold.fr\\\/news\\\/#website\",\"url\":\"https:\\\/\\\/www.gold.fr\\\/news\\\/\",\"name\":\"Gold.fr\",\"description\":\"Actualit\u00e9s de l&#039;Or et des m\u00e9taux pr\u00e9cieux\",\"potentialAction\":[{\"@type\":\"SearchAction\",\"target\":{\"@type\":\"EntryPoint\",\"urlTemplate\":\"https:\\\/\\\/www.gold.fr\\\/news\\\/?s={search_term_string}\"},\"query-input\":{\"@type\":\"PropertyValueSpecification\",\"valueRequired\":true,\"valueName\":\"search_term_string\"}}],\"inLanguage\":\"fr-FR\"},{\"@type\":\"Person\",\"@id\":\"https:\\\/\\\/www.gold.fr\\\/news\\\/#\\\/schema\\\/person\\\/c04e756918e0770a338723b0cd6ae4e6\",\"name\":\"Christophe Bernard\",\"image\":{\"@type\":\"ImageObject\",\"inLanguage\":\"fr-FR\",\"@id\":\"https:\\\/\\\/secure.gravatar.com\\\/avatar\\\/e885a0c86e335d4494765d4a37801e3d584f326e12c9df7107de52f506b813ae?s=96&d=mm&r=gf32062450d71e3280b64e6937c527471\",\"url\":\"https:\\\/\\\/secure.gravatar.com\\\/avatar\\\/e885a0c86e335d4494765d4a37801e3d584f326e12c9df7107de52f506b813ae?s=96&d=mm&r=g\",\"contentUrl\":\"https:\\\/\\\/secure.gravatar.com\\\/avatar\\\/e885a0c86e335d4494765d4a37801e3d584f326e12c9df7107de52f506b813ae?s=96&d=mm&r=g\",\"caption\":\"Christophe Bernard\"},\"description\":\"Christophe Bernard travaille en tant que Directeur r\u00e9seau au Comptoir National de l'Or. Le Comptoir National de l\u2019Or se positionne aujourd\u2019hui comme le leader incontournable sur le march\u00e9 de l\u2019Or et des m\u00e9taux pr\u00e9cieux en France. (achat d'or et vente d'or). Le commerce, c'est ma vie professionnelle. En passant successivement en vingt-cinq ans du commerce de d\u00e9tail \\\"aux d\u00e9tails du commerce\\\", du monde du discount \u00e0 l'univers du luxe, de l'export \u00e0 la supply chain, les notions de service autour du client et l'exigence de la rigueur et du sens du d\u00e9tail m'ont sembl\u00e9 des valeurs cardinales. Autodidacte, mes diff\u00e9rentes exp\u00e9riences op\u00e9rationnelles m\u2019ont permis d\u2019acqu\u00e9rir des comp\u00e9tences pluridisciplinaires, d\u2019aiguiser mon go\u00fbt pour les chiffres ,de l'analyse \u00e0 l'expertise, et m\u2019ont rendu surtout tr\u00e8s adaptable. Homme de terrain ,pour \u00eatre au coeur de l'action et pour en comprendre ses probl\u00e9matiques, je sais aussi \\\"prendre de la hauteur pour r\u00e9fl\u00e9chir au niveau strat\u00e9gique pour pr\u00e9parer le moyen et le long terme\\\". Je me propose donc de vous apporter ma vision op\u00e9rationnelle et strat\u00e9gique en menant les \u00e9quipes et les collaborateurs, vers l\u2019optimisation de leurs potentiels, et le d\u00e9veloppement de leurs comp\u00e9tences en les f\u00e9d\u00e9rant autour d\u2019un projet commun. \\\"S'assurer de poss\u00e9der les attendus du commerce avant de penser aux inattendus...\\\": c'est une de mes devises. J'ai su faire monter en comp\u00e9tence les personnes qui m'ont entour\u00e9. Toutes ces exp\u00e9riences m'ont amen\u00e9 \u00e0 prendre la responsabilit\u00e9 d'une enseigne de luxe et d'en d\u00e9finir la strat\u00e9gie . R\u00e9solument orient\u00e9 \u00e0 chercher et \u00e0 proposer des solutions de croissance \u00e0 moyen et \u00e0 long terme...j'ai aussi mont\u00e9 ma propre structure de conseils aux entreprises.\",\"sameAs\":[\"https:\\\/\\\/www.linkedin.com\\\/in\\\/christophe-bernard\\\/\"]}]}<\/script>\n<!-- \/ Yoast SEO plugin. -->","yoast_head_json":{"title":"Sud Ouest - Le Bouscat : un nouveau commerce de l\u2019or s\u2019est install\u00e9 - Gold.fr","description":"Sud Ouest vous fait d\u00e9couvrir notre nouveau comptoir au Bouscat et sa responsable d'agence qui saura vous conseiller sur tous vos projets.","robots":{"index":"index","follow":"follow","max-snippet":"max-snippet:-1","max-image-preview":"max-image-preview:large","max-video-preview":"max-video-preview:-1"},"canonical":"https:\/\/www.gold.fr\/news\/2022\/11\/09\/le-comptoir-national-de-lor-cite-dans-sud-ouest-06-11-le-bouscat-un-nouveau-commerce-de-lor-sest-installe\/","og_locale":"fr_FR","og_type":"article","og_title":"Sud Ouest - Le Bouscat : un nouveau commerce de l\u2019or s\u2019est install\u00e9 - Gold.fr","og_description":"Sud Ouest vous fait d\u00e9couvrir notre nouveau comptoir au Bouscat et sa responsable d'agence qui saura vous conseiller sur tous vos projets.","og_url":"https:\/\/www.gold.fr\/news\/2022\/11\/09\/le-comptoir-national-de-lor-cite-dans-sud-ouest-06-11-le-bouscat-un-nouveau-commerce-de-lor-sest-installe\/","og_site_name":"Gold.fr","article_publisher":"https:\/\/www.facebook.com\/Goldfr\/","article_published_time":"2022-11-09T09:19:44+00:00","article_modified_time":"2022-11-09T10:35:33+00:00","og_image":[{"width":800,"height":533,"url":"https:\/\/www.gold.fr\/news\/wp-content\/uploads\/2022\/11\/MEA-WP-logo.jpg","type":"image\/jpeg"}],"author":"Christophe Bernard","twitter_card":"summary_large_image","twitter_misc":{"\u00c9crit par":"Christophe Bernard","Dur\u00e9e de lecture estim\u00e9e":"1 minute"},"schema":{"@context":"https:\/\/schema.org","@graph":[{"@type":"Article","@id":"https:\/\/www.gold.fr\/news\/2022\/11\/09\/le-comptoir-national-de-lor-cite-dans-sud-ouest-06-11-le-bouscat-un-nouveau-commerce-de-lor-sest-installe\/#article","isPartOf":{"@id":"https:\/\/www.gold.fr\/news\/2022\/11\/09\/le-comptoir-national-de-lor-cite-dans-sud-ouest-06-11-le-bouscat-un-nouveau-commerce-de-lor-sest-installe\/"},"author":{"name":"Christophe Bernard","@id":"https:\/\/www.gold.fr\/news\/#\/schema\/person\/c04e756918e0770a338723b0cd6ae4e6"},"headline":"Le Comptoir National de l&rsquo;Or cit\u00e9 dans Sud Ouest 06\/11 &#8211; Le Bouscat : un nouveau commerce de l\u2019or s\u2019est install\u00e9","datePublished":"2022-11-09T09:19:44+00:00","dateModified":"2022-11-09T10:35:33+00:00","mainEntityOfPage":{"@id":"https:\/\/www.gold.fr\/news\/2022\/11\/09\/le-comptoir-national-de-lor-cite-dans-sud-ouest-06-11-le-bouscat-un-nouveau-commerce-de-lor-sest-installe\/"},"wordCount":113,"image":{"@id":"https:\/\/www.gold.fr\/news\/2022\/11\/09\/le-comptoir-national-de-lor-cite-dans-sud-ouest-06-11-le-bouscat-un-nouveau-commerce-de-lor-sest-installe\/#primaryimage"},"thumbnailUrl":"https:\/\/www.gold.fr\/news\/wp-content\/uploads\/2022\/11\/MEA-WP-logo.jpg","keywords":["comptoir national de l'Or Le Bouscat","investir dans l'Or","M\u00e9tal jaune","Or","rachat or"],"articleSection":["Articles de presse","CNDO dans la presse"],"inLanguage":"fr-FR"},{"@type":"WebPage","@id":"https:\/\/www.gold.fr\/news\/2022\/11\/09\/le-comptoir-national-de-lor-cite-dans-sud-ouest-06-11-le-bouscat-un-nouveau-commerce-de-lor-sest-installe\/","url":"https:\/\/www.gold.fr\/news\/2022\/11\/09\/le-comptoir-national-de-lor-cite-dans-sud-ouest-06-11-le-bouscat-un-nouveau-commerce-de-lor-sest-installe\/","name":"Sud Ouest - Le Bouscat : un nouveau commerce de l\u2019or s\u2019est install\u00e9 - Gold.fr","isPartOf":{"@id":"https:\/\/www.gold.fr\/news\/#website"},"primaryImageOfPage":{"@id":"https:\/\/www.gold.fr\/news\/2022\/11\/09\/le-comptoir-national-de-lor-cite-dans-sud-ouest-06-11-le-bouscat-un-nouveau-commerce-de-lor-sest-installe\/#primaryimage"},"image":{"@id":"https:\/\/www.gold.fr\/news\/2022\/11\/09\/le-comptoir-national-de-lor-cite-dans-sud-ouest-06-11-le-bouscat-un-nouveau-commerce-de-lor-sest-installe\/#primaryimage"},"thumbnailUrl":"https:\/\/www.gold.fr\/news\/wp-content\/uploads\/2022\/11\/MEA-WP-logo.jpg","datePublished":"2022-11-09T09:19:44+00:00","dateModified":"2022-11-09T10:35:33+00:00","author":{"@id":"https:\/\/www.gold.fr\/news\/#\/schema\/person\/c04e756918e0770a338723b0cd6ae4e6"},"description":"Sud Ouest vous fait d\u00e9couvrir notre nouveau comptoir au Bouscat et sa responsable d'agence qui saura vous conseiller sur tous vos projets.","breadcrumb":{"@id":"https:\/\/www.gold.fr\/news\/2022\/11\/09\/le-comptoir-national-de-lor-cite-dans-sud-ouest-06-11-le-bouscat-un-nouveau-commerce-de-lor-sest-installe\/#breadcrumb"},"inLanguage":"fr-FR","potentialAction":[{"@type":"ReadAction","target":["https:\/\/www.gold.fr\/news\/2022\/11\/09\/le-comptoir-national-de-lor-cite-dans-sud-ouest-06-11-le-bouscat-un-nouveau-commerce-de-lor-sest-installe\/"]}]},{"@type":"ImageObject","inLanguage":"fr-FR","@id":"https:\/\/www.gold.fr\/news\/2022\/11\/09\/le-comptoir-national-de-lor-cite-dans-sud-ouest-06-11-le-bouscat-un-nouveau-commerce-de-lor-sest-installe\/#primaryimage","url":"https:\/\/www.gold.fr\/news\/wp-content\/uploads\/2022\/11\/MEA-WP-logo.jpg","contentUrl":"https:\/\/www.gold.fr\/news\/wp-content\/uploads\/2022\/11\/MEA-WP-logo.jpg","width":800,"height":533,"caption":"Le Comptoir National de l'Or cit\u00e9 dans Sud Ouest 06\/11 - Le Bouscat : un nouveau commerce de l\u2019or s\u2019est install\u00e9"},{"@type":"BreadcrumbList","@id":"https:\/\/www.gold.fr\/news\/2022\/11\/09\/le-comptoir-national-de-lor-cite-dans-sud-ouest-06-11-le-bouscat-un-nouveau-commerce-de-lor-sest-installe\/#breadcrumb","itemListElement":[{"@type":"ListItem","position":1,"name":"Accueil","item":"https:\/\/www.gold.fr\/"},{"@type":"ListItem","position":2,"name":"Actualit\u00e9s","item":"https:\/\/www.gold.fr\/news\/"},{"@type":"ListItem","position":3,"name":"Le Comptoir National de l&rsquo;Or cit\u00e9 dans Sud Ouest 06\/11 &#8211; Le Bouscat : un nouveau commerce de l\u2019or s\u2019est install\u00e9"}]},{"@type":"WebSite","@id":"https:\/\/www.gold.fr\/news\/#website","url":"https:\/\/www.gold.fr\/news\/","name":"Gold.fr","description":"Actualit\u00e9s de l&#039;Or et des m\u00e9taux pr\u00e9cieux","potentialAction":[{"@type":"SearchAction","target":{"@type":"EntryPoint","urlTemplate":"https:\/\/www.gold.fr\/news\/?s={search_term_string}"},"query-input":{"@type":"PropertyValueSpecification","valueRequired":true,"valueName":"search_term_string"}}],"inLanguage":"fr-FR"},{"@type":"Person","@id":"https:\/\/www.gold.fr\/news\/#\/schema\/person\/c04e756918e0770a338723b0cd6ae4e6","name":"Christophe Bernard","image":{"@type":"ImageObject","inLanguage":"fr-FR","@id":"https:\/\/secure.gravatar.com\/avatar\/e885a0c86e335d4494765d4a37801e3d584f326e12c9df7107de52f506b813ae?s=96&d=mm&r=gf32062450d71e3280b64e6937c527471","url":"https:\/\/secure.gravatar.com\/avatar\/e885a0c86e335d4494765d4a37801e3d584f326e12c9df7107de52f506b813ae?s=96&d=mm&r=g","contentUrl":"https:\/\/secure.gravatar.com\/avatar\/e885a0c86e335d4494765d4a37801e3d584f326e12c9df7107de52f506b813ae?s=96&d=mm&r=g","caption":"Christophe Bernard"},"description":"Christophe Bernard travaille en tant que Directeur r\u00e9seau au Comptoir National de l'Or. Le Comptoir National de l\u2019Or se positionne aujourd\u2019hui comme le leader incontournable sur le march\u00e9 de l\u2019Or et des m\u00e9taux pr\u00e9cieux en France. (achat d'or et vente d'or). Le commerce, c'est ma vie professionnelle. En passant successivement en vingt-cinq ans du commerce de d\u00e9tail \"aux d\u00e9tails du commerce\", du monde du discount \u00e0 l'univers du luxe, de l'export \u00e0 la supply chain, les notions de service autour du client et l'exigence de la rigueur et du sens du d\u00e9tail m'ont sembl\u00e9 des valeurs cardinales. Autodidacte, mes diff\u00e9rentes exp\u00e9riences op\u00e9rationnelles m\u2019ont permis d\u2019acqu\u00e9rir des comp\u00e9tences pluridisciplinaires, d\u2019aiguiser mon go\u00fbt pour les chiffres ,de l'analyse \u00e0 l'expertise, et m\u2019ont rendu surtout tr\u00e8s adaptable. Homme de terrain ,pour \u00eatre au coeur de l'action et pour en comprendre ses probl\u00e9matiques, je sais aussi \"prendre de la hauteur pour r\u00e9fl\u00e9chir au niveau strat\u00e9gique pour pr\u00e9parer le moyen et le long terme\". Je me propose donc de vous apporter ma vision op\u00e9rationnelle et strat\u00e9gique en menant les \u00e9quipes et les collaborateurs, vers l\u2019optimisation de leurs potentiels, et le d\u00e9veloppement de leurs comp\u00e9tences en les f\u00e9d\u00e9rant autour d\u2019un projet commun. \"S'assurer de poss\u00e9der les attendus du commerce avant de penser aux inattendus...\": c'est une de mes devises. J'ai su faire monter en comp\u00e9tence les personnes qui m'ont entour\u00e9. Toutes ces exp\u00e9riences m'ont amen\u00e9 \u00e0 prendre la responsabilit\u00e9 d'une enseigne de luxe et d'en d\u00e9finir la strat\u00e9gie . R\u00e9solument orient\u00e9 \u00e0 chercher et \u00e0 proposer des solutions de croissance \u00e0 moyen et \u00e0 long terme...j'ai aussi mont\u00e9 ma propre structure de conseils aux entreprises.","sameAs":["https:\/\/www.linkedin.com\/in\/christophe-bernard\/"]}]}},"authors":[{"term_id":2571,"user_id":33,"is_guest":0,"slug":"christophe-bernard","display_name":"Christophe Bernard","avatar_url":"https:\/\/secure.gravatar.com\/avatar\/e885a0c86e335d4494765d4a37801e3d584f326e12c9df7107de52f506b813ae?s=96&d=mm&r=g","0":null,"1":"","2":"","3":"","4":"","5":"","6":"","7":"","8":""}],"_links":{"self":[{"href":"https:\/\/www.gold.fr\/news\/wp-json\/wp\/v2\/posts\/43398","targetHints":{"allow":["GET"]}}],"collection":[{"href":"https:\/\/www.gold.fr\/news\/wp-json\/wp\/v2\/posts"}],"about":[{"href":"https:\/\/www.gold.fr\/news\/wp-json\/wp\/v2\/types\/post"}],"author":[{"embeddable":true,"href":"https:\/\/www.gold.fr\/news\/wp-json\/wp\/v2\/users\/33"}],"replies":[{"embeddable":true,"href":"https:\/\/www.gold.fr\/news\/wp-json\/wp\/v2\/comments?post=43398"}],"version-history":[{"count":0,"href":"https:\/\/www.gold.fr\/news\/wp-json\/wp\/v2\/posts\/43398\/revisions"}],"wp:featuredmedia":[{"embeddable":true,"href":"https:\/\/www.gold.fr\/news\/wp-json\/wp\/v2\/media\/43403"}],"wp:attachment":[{"href":"https:\/\/www.gold.fr\/news\/wp-json\/wp\/v2\/media?parent=43398"}],"wp:term":[{"taxonomy":"category","embeddable":true,"href":"https:\/\/www.gold.fr\/news\/wp-json\/wp\/v2\/categories?post=43398"},{"taxonomy":"post_tag","embeddable":true,"href":"https:\/\/www.gold.fr\/news\/wp-json\/wp\/v2\/tags?post=43398"},{"taxonomy":"author","embeddable":true,"href":"https:\/\/www.gold.fr\/news\/wp-json\/wp\/v2\/ppma_author?post=43398"}],"curies":[{"name":"wp","href":"https:\/\/api.w.org\/{rel}","templated":true}]}}