{"id":43387,"date":"2022-11-04T17:01:12","date_gmt":"2022-11-04T16:01:12","guid":{"rendered":"https:\/\/www.gold.fr\/news\/?p=43387"},"modified":"2022-11-04T17:01:12","modified_gmt":"2022-11-04T16:01:12","slug":"interview-de-laurent-schwartz-europe-1-panorama-lor-valeur-refuge-en-temps-de-crise","status":"publish","type":"post","link":"https:\/\/www.gold.fr\/news\/2022\/11\/04\/interview-de-laurent-schwartz-europe-1-panorama-lor-valeur-refuge-en-temps-de-crise\/","title":{"rendered":"Interview de Laurent Schwartz Europe 1 Panorama &#8211; L\u2019or valeur refuge en temps de crise"},"content":{"rendered":"<p>\u00ab\u00a0L&rsquo;Or est un actif pour tous les temps. Il maintient le pouvoir d&rsquo;achat sur plusieurs si\u00e8cles. C&rsquo;est une valeur refuge qui permet de stabiliser un portefeuille contenant d&rsquo;autres actifs. Il a \u00e9t\u00e9 une forte protection face \u00e0 la guerre en Ukraine\u00a0\u00bb, nous fait part Laurent Schwartz lors de son interview dans l&rsquo;\u00e9mission de Pierre de Vilno sur Europe 1.<\/p>\n<p><strong>Dans cette interview, Laurent Schwartz nous \u00e9voque les diff\u00e9rents points qui font du <a href=\"https:\/\/www.gold.fr\/news\/article\/valeur-refuge\/\">m\u00e9tal jaune une valeur refuge de tous les temps.<\/a>\u00a0<\/strong><\/p>\n<p><iframe loading=\"lazy\" title=\"Panorama : L\u2019or valeur refuge en temps de crise\" src=\"https:\/\/www.europe1.fr\/videos\/embed\/4144293\" width=\"480\" height=\"270\" frameborder=\"0\" allowfullscreen=\"allowfullscreen\"><\/iframe><\/p>\n<!-- AddThis Advanced Settings generic via filter on the_content --><!-- AddThis Share Buttons generic via filter on the_content -->","protected":false},"excerpt":{"rendered":"<p>\u00ab\u00a0L&rsquo;Or est un actif pour tous les temps. Il maintient le pouvoir d&rsquo;achat sur plusieurs si\u00e8cles. C&rsquo;est une valeur refuge qui permet de stabiliser un portefeuille contenant d&rsquo;autres actifs. Il a \u00e9t\u00e9 une forte protection face [&hellip;]<\/p>\n","protected":false},"author":6,"featured_media":43393,"comment_status":"closed","ping_status":"closed","sticky":false,"template":"","format":"standard","meta":{"_mbp_gutenberg_autopost":false,"_pgmb_is_evergreen":false,"_pgmb_ap_template_id":0,"footnotes":""},"categories":[6,2414],"tags":[17,456,932,76,84,234],"ppma_author":[2567],"class_list":["post-43387","post","type-post","status-publish","format-standard","has-post-thumbnail","hentry","category-articles-de-presse","category-cndo-dans-la-presse","tag-achat-dor","tag-investir-dans-lor","tag-metal-jaune","tag-or","tag-cours-de-lor","tag-valeur-refuge"],"yoast_head":"<!-- This site is optimized with the Yoast SEO plugin v27.5 - https:\/\/yoast.com\/product\/yoast-seo-wordpress\/ -->\n<title>Interview de Laurent Schwartz Europe 1 Panorama - L\u2019or valeur refuge en temps de crise - Gold.fr<\/title>\n<meta name=\"description\" content=\"L&#039;or est connu pour \u00eatre vue comme une valeur refuge. Laurent Schwartz nous explique les raisons de cette notion au travers de interview Europe 1.\" \/>\n<meta name=\"robots\" content=\"index, follow, max-snippet:-1, max-image-preview:large, max-video-preview:-1\" \/>\n<link rel=\"canonical\" href=\"https:\/\/www.gold.fr\/news\/2022\/11\/04\/interview-de-laurent-schwartz-europe-1-panorama-lor-valeur-refuge-en-temps-de-crise\/\" \/>\n<meta property=\"og:locale\" content=\"fr_FR\" \/>\n<meta property=\"og:type\" content=\"article\" \/>\n<meta property=\"og:title\" content=\"Interview de Laurent Schwartz Europe 1 Panorama - L\u2019or valeur refuge en temps de crise - Gold.fr\" \/>\n<meta property=\"og:description\" content=\"L&#039;or est connu pour \u00eatre vue comme une valeur refuge. Laurent Schwartz nous explique les raisons de cette notion au travers de interview Europe 1.\" \/>\n<meta property=\"og:url\" content=\"https:\/\/www.gold.fr\/news\/2022\/11\/04\/interview-de-laurent-schwartz-europe-1-panorama-lor-valeur-refuge-en-temps-de-crise\/\" \/>\n<meta property=\"og:site_name\" content=\"Gold.fr\" \/>\n<meta property=\"article:publisher\" content=\"https:\/\/www.facebook.com\/Goldfr\/\" \/>\n<meta property=\"article:published_time\" content=\"2022-11-04T16:01:12+00:00\" \/>\n<meta property=\"og:image\" content=\"https:\/\/www.gold.fr\/news\/wp-content\/uploads\/2022\/11\/banner-BFMBOURSE-190222.jpg\" \/>\n\t<meta property=\"og:image:width\" content=\"800\" \/>\n\t<meta property=\"og:image:height\" content=\"533\" \/>\n\t<meta property=\"og:image:type\" content=\"image\/jpeg\" \/>\n<meta name=\"author\" content=\"Laurent Schwartz\" \/>\n<meta name=\"twitter:card\" content=\"summary_large_image\" \/>\n<meta name=\"twitter:label1\" content=\"\u00c9crit par\" \/>\n\t<meta name=\"twitter:data1\" content=\"Laurent Schwartz\" \/>\n\t<meta name=\"twitter:label2\" content=\"Dur\u00e9e de lecture estim\u00e9e\" \/>\n\t<meta name=\"twitter:data2\" content=\"1 minute\" \/>\n<script type=\"application\/ld+json\" class=\"yoast-schema-graph\">{\"@context\":\"https:\\\/\\\/schema.org\",\"@graph\":[{\"@type\":\"Article\",\"@id\":\"https:\\\/\\\/www.gold.fr\\\/news\\\/2022\\\/11\\\/04\\\/interview-de-laurent-schwartz-europe-1-panorama-lor-valeur-refuge-en-temps-de-crise\\\/#article\",\"isPartOf\":{\"@id\":\"https:\\\/\\\/www.gold.fr\\\/news\\\/2022\\\/11\\\/04\\\/interview-de-laurent-schwartz-europe-1-panorama-lor-valeur-refuge-en-temps-de-crise\\\/\"},\"author\":{\"name\":\"Laurent Schwartz\",\"@id\":\"https:\\\/\\\/www.gold.fr\\\/news\\\/#\\\/schema\\\/person\\\/4ed91d9a70d8f3a313c26e8308214fc2\"},\"headline\":\"Interview de Laurent Schwartz Europe 1 Panorama &#8211; L\u2019or valeur refuge en temps de crise\",\"datePublished\":\"2022-11-04T16:01:12+00:00\",\"mainEntityOfPage\":{\"@id\":\"https:\\\/\\\/www.gold.fr\\\/news\\\/2022\\\/11\\\/04\\\/interview-de-laurent-schwartz-europe-1-panorama-lor-valeur-refuge-en-temps-de-crise\\\/\"},\"wordCount\":102,\"image\":{\"@id\":\"https:\\\/\\\/www.gold.fr\\\/news\\\/2022\\\/11\\\/04\\\/interview-de-laurent-schwartz-europe-1-panorama-lor-valeur-refuge-en-temps-de-crise\\\/#primaryimage\"},\"thumbnailUrl\":\"https:\\\/\\\/www.gold.fr\\\/news\\\/wp-content\\\/uploads\\\/2022\\\/11\\\/banner-BFMBOURSE-190222.jpg\",\"keywords\":[\"Achat d'Or\",\"investir dans l'Or\",\"M\u00e9tal jaune\",\"Or\",\"Tout Cours de l'Or\",\"Valeur refuge\"],\"articleSection\":[\"Articles de presse\",\"CNDO dans la presse\"],\"inLanguage\":\"fr-FR\"},{\"@type\":\"WebPage\",\"@id\":\"https:\\\/\\\/www.gold.fr\\\/news\\\/2022\\\/11\\\/04\\\/interview-de-laurent-schwartz-europe-1-panorama-lor-valeur-refuge-en-temps-de-crise\\\/\",\"url\":\"https:\\\/\\\/www.gold.fr\\\/news\\\/2022\\\/11\\\/04\\\/interview-de-laurent-schwartz-europe-1-panorama-lor-valeur-refuge-en-temps-de-crise\\\/\",\"name\":\"Interview de Laurent Schwartz Europe 1 Panorama - L\u2019or valeur refuge en temps de crise - Gold.fr\",\"isPartOf\":{\"@id\":\"https:\\\/\\\/www.gold.fr\\\/news\\\/#website\"},\"primaryImageOfPage\":{\"@id\":\"https:\\\/\\\/www.gold.fr\\\/news\\\/2022\\\/11\\\/04\\\/interview-de-laurent-schwartz-europe-1-panorama-lor-valeur-refuge-en-temps-de-crise\\\/#primaryimage\"},\"image\":{\"@id\":\"https:\\\/\\\/www.gold.fr\\\/news\\\/2022\\\/11\\\/04\\\/interview-de-laurent-schwartz-europe-1-panorama-lor-valeur-refuge-en-temps-de-crise\\\/#primaryimage\"},\"thumbnailUrl\":\"https:\\\/\\\/www.gold.fr\\\/news\\\/wp-content\\\/uploads\\\/2022\\\/11\\\/banner-BFMBOURSE-190222.jpg\",\"datePublished\":\"2022-11-04T16:01:12+00:00\",\"author\":{\"@id\":\"https:\\\/\\\/www.gold.fr\\\/news\\\/#\\\/schema\\\/person\\\/4ed91d9a70d8f3a313c26e8308214fc2\"},\"description\":\"L'or est connu pour \u00eatre vue comme une valeur refuge. Laurent Schwartz nous explique les raisons de cette notion au travers de interview Europe 1.\",\"breadcrumb\":{\"@id\":\"https:\\\/\\\/www.gold.fr\\\/news\\\/2022\\\/11\\\/04\\\/interview-de-laurent-schwartz-europe-1-panorama-lor-valeur-refuge-en-temps-de-crise\\\/#breadcrumb\"},\"inLanguage\":\"fr-FR\",\"potentialAction\":[{\"@type\":\"ReadAction\",\"target\":[\"https:\\\/\\\/www.gold.fr\\\/news\\\/2022\\\/11\\\/04\\\/interview-de-laurent-schwartz-europe-1-panorama-lor-valeur-refuge-en-temps-de-crise\\\/\"]}]},{\"@type\":\"ImageObject\",\"inLanguage\":\"fr-FR\",\"@id\":\"https:\\\/\\\/www.gold.fr\\\/news\\\/2022\\\/11\\\/04\\\/interview-de-laurent-schwartz-europe-1-panorama-lor-valeur-refuge-en-temps-de-crise\\\/#primaryimage\",\"url\":\"https:\\\/\\\/www.gold.fr\\\/news\\\/wp-content\\\/uploads\\\/2022\\\/11\\\/banner-BFMBOURSE-190222.jpg\",\"contentUrl\":\"https:\\\/\\\/www.gold.fr\\\/news\\\/wp-content\\\/uploads\\\/2022\\\/11\\\/banner-BFMBOURSE-190222.jpg\",\"width\":800,\"height\":533,\"caption\":\"Interview de Laurent Schwartz Europe 1 Panorama - L\u2019or valeur refuge en temps de crise\"},{\"@type\":\"BreadcrumbList\",\"@id\":\"https:\\\/\\\/www.gold.fr\\\/news\\\/2022\\\/11\\\/04\\\/interview-de-laurent-schwartz-europe-1-panorama-lor-valeur-refuge-en-temps-de-crise\\\/#breadcrumb\",\"itemListElement\":[{\"@type\":\"ListItem\",\"position\":1,\"name\":\"Accueil\",\"item\":\"https:\\\/\\\/www.gold.fr\\\/\"},{\"@type\":\"ListItem\",\"position\":2,\"name\":\"Actualit\u00e9s\",\"item\":\"https:\\\/\\\/www.gold.fr\\\/news\\\/\"},{\"@type\":\"ListItem\",\"position\":3,\"name\":\"Interview de Laurent Schwartz Europe 1 Panorama &#8211; L\u2019or valeur refuge en temps de crise\"}]},{\"@type\":\"WebSite\",\"@id\":\"https:\\\/\\\/www.gold.fr\\\/news\\\/#website\",\"url\":\"https:\\\/\\\/www.gold.fr\\\/news\\\/\",\"name\":\"Gold.fr\",\"description\":\"Actualit\u00e9s de l&#039;Or et des m\u00e9taux pr\u00e9cieux\",\"potentialAction\":[{\"@type\":\"SearchAction\",\"target\":{\"@type\":\"EntryPoint\",\"urlTemplate\":\"https:\\\/\\\/www.gold.fr\\\/news\\\/?s={search_term_string}\"},\"query-input\":{\"@type\":\"PropertyValueSpecification\",\"valueRequired\":true,\"valueName\":\"search_term_string\"}}],\"inLanguage\":\"fr-FR\"},{\"@type\":\"Person\",\"@id\":\"https:\\\/\\\/www.gold.fr\\\/news\\\/#\\\/schema\\\/person\\\/4ed91d9a70d8f3a313c26e8308214fc2\",\"name\":\"Laurent Schwartz\",\"image\":{\"@type\":\"ImageObject\",\"inLanguage\":\"fr-FR\",\"@id\":\"https:\\\/\\\/secure.gravatar.com\\\/avatar\\\/1496f846049365121827f5470219486f1a95f83957cc8ca0a9595e40c185f5ee?s=96&d=mm&r=g76f0e87c9ba82a161860a0fc16990d85\",\"url\":\"https:\\\/\\\/secure.gravatar.com\\\/avatar\\\/1496f846049365121827f5470219486f1a95f83957cc8ca0a9595e40c185f5ee?s=96&d=mm&r=g\",\"contentUrl\":\"https:\\\/\\\/secure.gravatar.com\\\/avatar\\\/1496f846049365121827f5470219486f1a95f83957cc8ca0a9595e40c185f5ee?s=96&d=mm&r=g\",\"caption\":\"Laurent Schwartz\"},\"description\":\"Dipl\u00f4m\u00e9 de l\u2019EDHEC Business School en 2005, Laurent SCHWARTZ int\u00e8gre le cabinet d\u2019audit ERNST &amp; YOUNG en 2005 o\u00f9 il travaille pendant 4 ans. Parall\u00e8lement, il travaille au sein de l\u2019entreprise familiale cr\u00e9\u00e9e en 1976 \u00e0 Strasbourg. Fort de cette exp\u00e9rience et du savoir-faire d\u00e9velopp\u00e9 durant ces 40 derni\u00e8res ann\u00e9es, Laurent proc\u00e8de \u00e0 la refonte du site Internet Gold.fr d\u00e9di\u00e9 \u00e0 l\u2019achat d'or, vente d\u2019or (pi\u00e8ces, lingots, ...), achat or et argent,... qui conna\u00eetra un franc succ\u00e8s d\u00e8s son d\u00e9marrage en 2008. Il d\u00e9cide alors de d\u00e9velopper un r\u00e9seau de concessions exclusives: Le Comptoir National de l\u2019Or. Il assure d\u00e9sormais le pilotage strat\u00e9gique du 1er r\u00e9seau de France qui compte aujourd\u2019hui pas loin de 60 agences r\u00e9parties dans toute la France et depuis peu en Allemagne (Breisach). Le Comptoir National de l\u2019Or se positionne aujourd\u2019hui comme le leader incontournable sur le march\u00e9 de l\u2019Or et des m\u00e9taux pr\u00e9cieux en France.\",\"sameAs\":[\"https:\\\/\\\/www.gold.fr\",\"https:\\\/\\\/www.linkedin.com\\\/in\\\/acheteror\\\/\"]}]}<\/script>\n<!-- \/ Yoast SEO plugin. -->","yoast_head_json":{"title":"Interview de Laurent Schwartz Europe 1 Panorama - L\u2019or valeur refuge en temps de crise - Gold.fr","description":"L'or est connu pour \u00eatre vue comme une valeur refuge. Laurent Schwartz nous explique les raisons de cette notion au travers de interview Europe 1.","robots":{"index":"index","follow":"follow","max-snippet":"max-snippet:-1","max-image-preview":"max-image-preview:large","max-video-preview":"max-video-preview:-1"},"canonical":"https:\/\/www.gold.fr\/news\/2022\/11\/04\/interview-de-laurent-schwartz-europe-1-panorama-lor-valeur-refuge-en-temps-de-crise\/","og_locale":"fr_FR","og_type":"article","og_title":"Interview de Laurent Schwartz Europe 1 Panorama - L\u2019or valeur refuge en temps de crise - Gold.fr","og_description":"L'or est connu pour \u00eatre vue comme une valeur refuge. Laurent Schwartz nous explique les raisons de cette notion au travers de interview Europe 1.","og_url":"https:\/\/www.gold.fr\/news\/2022\/11\/04\/interview-de-laurent-schwartz-europe-1-panorama-lor-valeur-refuge-en-temps-de-crise\/","og_site_name":"Gold.fr","article_publisher":"https:\/\/www.facebook.com\/Goldfr\/","article_published_time":"2022-11-04T16:01:12+00:00","og_image":[{"width":800,"height":533,"url":"https:\/\/www.gold.fr\/news\/wp-content\/uploads\/2022\/11\/banner-BFMBOURSE-190222.jpg","type":"image\/jpeg"}],"author":"Laurent Schwartz","twitter_card":"summary_large_image","twitter_misc":{"\u00c9crit par":"Laurent Schwartz","Dur\u00e9e de lecture estim\u00e9e":"1 minute"},"schema":{"@context":"https:\/\/schema.org","@graph":[{"@type":"Article","@id":"https:\/\/www.gold.fr\/news\/2022\/11\/04\/interview-de-laurent-schwartz-europe-1-panorama-lor-valeur-refuge-en-temps-de-crise\/#article","isPartOf":{"@id":"https:\/\/www.gold.fr\/news\/2022\/11\/04\/interview-de-laurent-schwartz-europe-1-panorama-lor-valeur-refuge-en-temps-de-crise\/"},"author":{"name":"Laurent Schwartz","@id":"https:\/\/www.gold.fr\/news\/#\/schema\/person\/4ed91d9a70d8f3a313c26e8308214fc2"},"headline":"Interview de Laurent Schwartz Europe 1 Panorama &#8211; L\u2019or valeur refuge en temps de crise","datePublished":"2022-11-04T16:01:12+00:00","mainEntityOfPage":{"@id":"https:\/\/www.gold.fr\/news\/2022\/11\/04\/interview-de-laurent-schwartz-europe-1-panorama-lor-valeur-refuge-en-temps-de-crise\/"},"wordCount":102,"image":{"@id":"https:\/\/www.gold.fr\/news\/2022\/11\/04\/interview-de-laurent-schwartz-europe-1-panorama-lor-valeur-refuge-en-temps-de-crise\/#primaryimage"},"thumbnailUrl":"https:\/\/www.gold.fr\/news\/wp-content\/uploads\/2022\/11\/banner-BFMBOURSE-190222.jpg","keywords":["Achat d'Or","investir dans l'Or","M\u00e9tal jaune","Or","Tout Cours de l'Or","Valeur refuge"],"articleSection":["Articles de presse","CNDO dans la presse"],"inLanguage":"fr-FR"},{"@type":"WebPage","@id":"https:\/\/www.gold.fr\/news\/2022\/11\/04\/interview-de-laurent-schwartz-europe-1-panorama-lor-valeur-refuge-en-temps-de-crise\/","url":"https:\/\/www.gold.fr\/news\/2022\/11\/04\/interview-de-laurent-schwartz-europe-1-panorama-lor-valeur-refuge-en-temps-de-crise\/","name":"Interview de Laurent Schwartz Europe 1 Panorama - L\u2019or valeur refuge en temps de crise - Gold.fr","isPartOf":{"@id":"https:\/\/www.gold.fr\/news\/#website"},"primaryImageOfPage":{"@id":"https:\/\/www.gold.fr\/news\/2022\/11\/04\/interview-de-laurent-schwartz-europe-1-panorama-lor-valeur-refuge-en-temps-de-crise\/#primaryimage"},"image":{"@id":"https:\/\/www.gold.fr\/news\/2022\/11\/04\/interview-de-laurent-schwartz-europe-1-panorama-lor-valeur-refuge-en-temps-de-crise\/#primaryimage"},"thumbnailUrl":"https:\/\/www.gold.fr\/news\/wp-content\/uploads\/2022\/11\/banner-BFMBOURSE-190222.jpg","datePublished":"2022-11-04T16:01:12+00:00","author":{"@id":"https:\/\/www.gold.fr\/news\/#\/schema\/person\/4ed91d9a70d8f3a313c26e8308214fc2"},"description":"L'or est connu pour \u00eatre vue comme une valeur refuge. Laurent Schwartz nous explique les raisons de cette notion au travers de interview Europe 1.","breadcrumb":{"@id":"https:\/\/www.gold.fr\/news\/2022\/11\/04\/interview-de-laurent-schwartz-europe-1-panorama-lor-valeur-refuge-en-temps-de-crise\/#breadcrumb"},"inLanguage":"fr-FR","potentialAction":[{"@type":"ReadAction","target":["https:\/\/www.gold.fr\/news\/2022\/11\/04\/interview-de-laurent-schwartz-europe-1-panorama-lor-valeur-refuge-en-temps-de-crise\/"]}]},{"@type":"ImageObject","inLanguage":"fr-FR","@id":"https:\/\/www.gold.fr\/news\/2022\/11\/04\/interview-de-laurent-schwartz-europe-1-panorama-lor-valeur-refuge-en-temps-de-crise\/#primaryimage","url":"https:\/\/www.gold.fr\/news\/wp-content\/uploads\/2022\/11\/banner-BFMBOURSE-190222.jpg","contentUrl":"https:\/\/www.gold.fr\/news\/wp-content\/uploads\/2022\/11\/banner-BFMBOURSE-190222.jpg","width":800,"height":533,"caption":"Interview de Laurent Schwartz Europe 1 Panorama - L\u2019or valeur refuge en temps de crise"},{"@type":"BreadcrumbList","@id":"https:\/\/www.gold.fr\/news\/2022\/11\/04\/interview-de-laurent-schwartz-europe-1-panorama-lor-valeur-refuge-en-temps-de-crise\/#breadcrumb","itemListElement":[{"@type":"ListItem","position":1,"name":"Accueil","item":"https:\/\/www.gold.fr\/"},{"@type":"ListItem","position":2,"name":"Actualit\u00e9s","item":"https:\/\/www.gold.fr\/news\/"},{"@type":"ListItem","position":3,"name":"Interview de Laurent Schwartz Europe 1 Panorama &#8211; L\u2019or valeur refuge en temps de crise"}]},{"@type":"WebSite","@id":"https:\/\/www.gold.fr\/news\/#website","url":"https:\/\/www.gold.fr\/news\/","name":"Gold.fr","description":"Actualit\u00e9s de l&#039;Or et des m\u00e9taux pr\u00e9cieux","potentialAction":[{"@type":"SearchAction","target":{"@type":"EntryPoint","urlTemplate":"https:\/\/www.gold.fr\/news\/?s={search_term_string}"},"query-input":{"@type":"PropertyValueSpecification","valueRequired":true,"valueName":"search_term_string"}}],"inLanguage":"fr-FR"},{"@type":"Person","@id":"https:\/\/www.gold.fr\/news\/#\/schema\/person\/4ed91d9a70d8f3a313c26e8308214fc2","name":"Laurent Schwartz","image":{"@type":"ImageObject","inLanguage":"fr-FR","@id":"https:\/\/secure.gravatar.com\/avatar\/1496f846049365121827f5470219486f1a95f83957cc8ca0a9595e40c185f5ee?s=96&d=mm&r=g76f0e87c9ba82a161860a0fc16990d85","url":"https:\/\/secure.gravatar.com\/avatar\/1496f846049365121827f5470219486f1a95f83957cc8ca0a9595e40c185f5ee?s=96&d=mm&r=g","contentUrl":"https:\/\/secure.gravatar.com\/avatar\/1496f846049365121827f5470219486f1a95f83957cc8ca0a9595e40c185f5ee?s=96&d=mm&r=g","caption":"Laurent Schwartz"},"description":"Dipl\u00f4m\u00e9 de l\u2019EDHEC Business School en 2005, Laurent SCHWARTZ int\u00e8gre le cabinet d\u2019audit ERNST &amp; YOUNG en 2005 o\u00f9 il travaille pendant 4 ans. Parall\u00e8lement, il travaille au sein de l\u2019entreprise familiale cr\u00e9\u00e9e en 1976 \u00e0 Strasbourg. Fort de cette exp\u00e9rience et du savoir-faire d\u00e9velopp\u00e9 durant ces 40 derni\u00e8res ann\u00e9es, Laurent proc\u00e8de \u00e0 la refonte du site Internet Gold.fr d\u00e9di\u00e9 \u00e0 l\u2019achat d'or, vente d\u2019or (pi\u00e8ces, lingots, ...), achat or et argent,... qui conna\u00eetra un franc succ\u00e8s d\u00e8s son d\u00e9marrage en 2008. Il d\u00e9cide alors de d\u00e9velopper un r\u00e9seau de concessions exclusives: Le Comptoir National de l\u2019Or. Il assure d\u00e9sormais le pilotage strat\u00e9gique du 1er r\u00e9seau de France qui compte aujourd\u2019hui pas loin de 60 agences r\u00e9parties dans toute la France et depuis peu en Allemagne (Breisach). Le Comptoir National de l\u2019Or se positionne aujourd\u2019hui comme le leader incontournable sur le march\u00e9 de l\u2019Or et des m\u00e9taux pr\u00e9cieux en France.","sameAs":["https:\/\/www.gold.fr","https:\/\/www.linkedin.com\/in\/acheteror\/"]}]}},"authors":[{"term_id":2567,"user_id":6,"is_guest":0,"slug":"laurent","display_name":"Laurent Schwartz","avatar_url":"https:\/\/secure.gravatar.com\/avatar\/1496f846049365121827f5470219486f1a95f83957cc8ca0a9595e40c185f5ee?s=96&d=mm&r=g","0":null,"1":"","2":"","3":"","4":"","5":"","6":"","7":"","8":""}],"_links":{"self":[{"href":"https:\/\/www.gold.fr\/news\/wp-json\/wp\/v2\/posts\/43387","targetHints":{"allow":["GET"]}}],"collection":[{"href":"https:\/\/www.gold.fr\/news\/wp-json\/wp\/v2\/posts"}],"about":[{"href":"https:\/\/www.gold.fr\/news\/wp-json\/wp\/v2\/types\/post"}],"author":[{"embeddable":true,"href":"https:\/\/www.gold.fr\/news\/wp-json\/wp\/v2\/users\/6"}],"replies":[{"embeddable":true,"href":"https:\/\/www.gold.fr\/news\/wp-json\/wp\/v2\/comments?post=43387"}],"version-history":[{"count":0,"href":"https:\/\/www.gold.fr\/news\/wp-json\/wp\/v2\/posts\/43387\/revisions"}],"wp:featuredmedia":[{"embeddable":true,"href":"https:\/\/www.gold.fr\/news\/wp-json\/wp\/v2\/media\/43393"}],"wp:attachment":[{"href":"https:\/\/www.gold.fr\/news\/wp-json\/wp\/v2\/media?parent=43387"}],"wp:term":[{"taxonomy":"category","embeddable":true,"href":"https:\/\/www.gold.fr\/news\/wp-json\/wp\/v2\/categories?post=43387"},{"taxonomy":"post_tag","embeddable":true,"href":"https:\/\/www.gold.fr\/news\/wp-json\/wp\/v2\/tags?post=43387"},{"taxonomy":"author","embeddable":true,"href":"https:\/\/www.gold.fr\/news\/wp-json\/wp\/v2\/ppma_author?post=43387"}],"curies":[{"name":"wp","href":"https:\/\/api.w.org\/{rel}","templated":true}]}}