{"id":42512,"date":"2022-06-10T15:02:27","date_gmt":"2022-06-10T13:02:27","guid":{"rendered":"https:\/\/www.gold.fr\/news\/?p=42512"},"modified":"2022-06-10T15:02:27","modified_gmt":"2022-06-10T13:02:27","slug":"cours-de-lor-repli-en-mai-hausse-sur-lannee","status":"publish","type":"post","link":"https:\/\/www.gold.fr\/news\/2022\/06\/10\/cours-de-lor-repli-en-mai-hausse-sur-lannee\/","title":{"rendered":"Cours de l\u2019or : repli en mai, hausse sur l\u2019ann\u00e9e"},"content":{"rendered":"<p><em>Dans cette lettre mensuelle, vous trouverez un point sur la performance de l\u2019or ainsi que plusieurs actualit\u00e9s et analyses sur des sujets qui influencent le cours du m\u00e9tal jaune.<\/em><\/p>\n<h3><strong>Ce qu\u2019il faut retenir du mois \u00e9coul\u00e9<\/strong><\/h3>\n<ul>\n<li>Cours de l\u2019or\u00a0: -5.3% en mai\u00a0; +7% en 2022<\/li>\n<li>L\u2019or devance les actions de 18% en 2022<\/li>\n<li>Stagflation et craintes de r\u00e9cession<\/li>\n<li>Inqui\u00e9tudes sur l\u2019immobilier<\/li>\n<li>GAFA 2.0\u00a0: Gold, Agriculture, Fuel, Aerospace<\/li>\n<li>La R\u00e9publique Tch\u00e8que va multiplier ses r\u00e9serves d\u2019or par 10<\/li>\n<\/ul>\n<h3><strong>Malgr\u00e9 5% de repli en mai, l\u2019or en hausse de 7% sur 2022<\/strong><\/h3>\n<p>Le cours de l\u2019or a fortement corrig\u00e9 en mai et affiche un repli de 5.28% en euros, cl\u00f4turant le 31 mai \u00e0 1718.82 euros l\u2019once au second fixing de Londres. En dollar, la correction n\u2019est que de 3.8% avec un cours en fin de mois \u00e0 1838.7 dollars l\u2019once.<a href=\"https:\/\/www.gold.fr\/news\/wp-content\/uploads\/2022\/06\/Cours-de-lonce-performance-mai-2022.jpg\"><img loading=\"lazy\" decoding=\"async\" class=\"wp-image-42513 aligncenter\" src=\"https:\/\/www.gold.fr\/news\/wp-content\/uploads\/2022\/06\/Cours-de-lonce-performance-mai-2022-300x62.jpg\" alt=\"Cours de l'once performance mai 2022\" width=\"571\" height=\"118\" srcset=\"https:\/\/www.gold.fr\/news\/wp-content\/uploads\/2022\/06\/Cours-de-lonce-performance-mai-2022-300x62.jpg 300w, https:\/\/www.gold.fr\/news\/wp-content\/uploads\/2022\/06\/Cours-de-lonce-performance-mai-2022-298x62.jpg 298w, https:\/\/www.gold.fr\/news\/wp-content\/uploads\/2022\/06\/Cours-de-lonce-performance-mai-2022.jpg 481w\" sizes=\"auto, (max-width: 571px) 100vw, 571px\" \/><\/a><\/p>\n<p>Malgr\u00e9 la correction, <strong>depuis le d\u00e9but de l\u2019ann\u00e9e, le m\u00e9tal jaune s\u2019appr\u00e9cie de plus de 7% en euros et reste en haut du palmar\u00e8s des meilleurs actifs de l\u2019ann\u00e9e<\/strong>. L\u2019investisseur europ\u00e9en a \u00e9galement trouv\u00e9 dans le m\u00e9tal jaune un refuge contre une d\u00e9pr\u00e9ciation de l\u2019euro de l\u2019ordre de 6% contre le billet vert sur 2022.<\/p>\n<h3><strong>Le m\u00e9tal jaune devance les actions en 2022<\/strong><\/h3>\n<p><a href=\"https:\/\/www.gold.fr\/news\/wp-content\/uploads\/2022\/06\/Or-VS-action-mai-2022.jpg\"><img loading=\"lazy\" decoding=\"async\" class=\" wp-image-42514 alignright\" src=\"https:\/\/www.gold.fr\/news\/wp-content\/uploads\/2022\/06\/Or-VS-action-mai-2022-300x175.jpg\" alt=\"Or VS Actions mai 2022\" width=\"514\" height=\"300\" srcset=\"https:\/\/www.gold.fr\/news\/wp-content\/uploads\/2022\/06\/Or-VS-action-mai-2022-300x175.jpg 300w, https:\/\/www.gold.fr\/news\/wp-content\/uploads\/2022\/06\/Or-VS-action-mai-2022-298x174.jpg 298w, https:\/\/www.gold.fr\/news\/wp-content\/uploads\/2022\/06\/Or-VS-action-mai-2022.jpg 377w\" sizes=\"auto, (max-width: 514px) 100vw, 514px\" \/><\/a>L\u2019indice parisien du CAC 40 s\u2019est repli\u00e9 de 1% sur le mois de mai. Le m\u00e9tal jaune s\u2019est montr\u00e9 plus d\u00e9fensif que les actions en d\u00e9but de mois, alors que l\u2019inflation et les craintes de hausse des taux ont inqui\u00e9t\u00e9 les march\u00e9s et fait plonger les bourses. Mais c\u2019est un rebond de fin de mois sur 3 s\u00e9ances qui a permis aux actions fran\u00e7aises de creuser l\u2019\u00e9cart avec l\u2019or. <strong>Mais sur 2022, la situation est totalement diff\u00e9rente\u00a0: le CAC 40 reste en repli de 9.5%, soit presque 18% de retard sur le m\u00e9tal jaune\u00a0!<\/strong><\/p>\n<p><em>Pour aller plus loin\u00a0: <\/em><a href=\"https:\/\/www.gold.fr\/informations-sur-l-or\/guides\/comment-est-fixe-le-cours-de-lor\"><em>Comment est fix\u00e9 le cours de l\u2019or\u00a0<\/em><\/a><em>?<\/em><\/p>\n<h3><strong>Stagflation <\/strong><\/h3>\n<p>Les banques centrales pourront elles contr\u00f4ler l\u2019inflation galopante par des hausses de taux d\u2019int\u00e9r\u00eat sans risquer de cr\u00e9er une r\u00e9cession\u00a0? C\u2019est la question qui agite (et continuera d\u2019agiter) les march\u00e9s pendant les prochains mois.<\/p>\n<p>La hausse des prix s\u2019acc\u00e9l\u00e8re encore, particuli\u00e8rement sur le vieux continent o\u00f9 l\u2019inflation a atteint 8.1% en mai dans la zone euro, un chiffre plus \u00e9lev\u00e9 que les pr\u00e9visions. Dans les <a href=\"https:\/\/www.bfmtv.com\/economie\/economie-social\/union-europeenne\/20-en-mai-les-pays-baltes-face-a-une-inflation-alarmante_AV-202205310409.html\">pays baltes<\/a>, particuli\u00e8rement impact\u00e9s par les cons\u00e9quences de la guerre en Ukraine, l\u2019inflation atteint m\u00eame 20%\u00a0!<\/p>\n<p>Dans ce contexte, toutes les banques centrales, y compris la BCE, ont annonc\u00e9 des hausses agressives de taux d\u2019int\u00e9r\u00eat. Mais les doutes planent sur la capacit\u00e9 des institutions \u00e0 ma\u00eetriser une inflation qui est due \u00e0 des facteurs externes qu\u2019elles ne contr\u00f4lent pas\u00a0(\u00e9nergie, mati\u00e8res premi\u00e8res, chaines d\u2019approvisionnement, etc).<\/p>\n<p>Le risque est que la hausse des taux soit trop importante pour une \u00e9conomie qui ralentit d\u00e9j\u00e0. Les avertissements commencent \u00e0 se faire entendre, \u00e0 l\u2019instar de Jamie Dimon, le patron de la banque d\u2019affaire JP Morgan, qui parle d\u2019un \u00ab\u00a0<a href=\"https:\/\/www.bfmtv.com\/economie\/entreprises\/ouragan-economique-les-previsions-pessimistes-du-patron-de-la-banque-jp-morgan_AV-202206030428.html\">ouragan \u00e9conomique\u00a0<\/a>\u00bb \u00e0 venir. Ou de Elon Musk,\u00a0qui a un \u00ab\u00a0<a href=\"https:\/\/www.courrierinternational.com\/article\/emploi-un-tres-mauvais-pressentiment-pousse-elon-musk-a-reduire-de-10-les-effectifs-de-tesla\">tr\u00e8s mauvais pressentiment\u00a0<\/a>\u00bb concernant l\u2019\u00e9conomie am\u00e9ricaine. Ou enfin de Lloyd Blankfein, pr\u00e9sident de Goldman Sachs, qui voit un \u00ab\u00a0risque tr\u00e8s tr\u00e8s \u00e9lev\u00e9\u00a0\u00bb de r\u00e9cession.<\/p>\n<p>La stagflation (une activit\u00e9 \u00e9conomique molle et une hausse des prix importante) est donc le sc\u00e9nario redout\u00e9. L\u2019inflation vient \u00e9roder le patrimoine de l\u2019\u00e9pargnant, la hausse des taux p\u00e9nalise les obligations et l\u2019immobilier, tandis que la faible activit\u00e9 \u00e9conomique n\u2019est pas favorable pour les actions. Reste le m\u00e9tal jaune qui s\u2019est historiquement bien comport\u00e9 pendant la phase de stagflation des ann\u00e9es 70.<\/p>\n<p><em>Pour aller plus loin\u00a0: <\/em><a href=\"https:\/\/www.gold.fr\/news\/2022\/04\/01\/lor-et-linflation-mythes-et-realites\/\"><em>l\u2019or et l\u2019inflation, mythes et r\u00e9alit\u00e9s<\/em><\/a><\/p>\n<h3><strong>Inqui\u00e9tudes sur l\u2019immobilier<\/strong><\/h3>\n<p>En p\u00e9riode de crise, les placements refuges que sont l\u2019or et l\u2019immobilier sont g\u00e9n\u00e9ralement porteurs. Mais quelques nuages s\u2019accumulent sur l\u2019immobilier en raison de la hausse des taux d\u2019int\u00e9r\u00eat.<\/p>\n<p>Outre atlantique, la remont\u00e9e des taux des pr\u00eats hypoth\u00e9caires a caus\u00e9 une baisse des ventes de logement neufs de 20% en Avril, et certains s\u2019attendent \u00e0 une mod\u00e9ration des prix dans un march\u00e9 am\u00e9ricain qui s\u2019est envol\u00e9 ces derni\u00e8res ann\u00e9es.<\/p>\n<p>Situation analogue en France, o\u00f9 la hausse des taux coupl\u00e9e \u00e0 de nouvelles r\u00e8gles de calcul des taux d\u2019endettement font <a href=\"https:\/\/www.latribune.fr\/entreprises-finance\/banques-finance\/industrie-financiere\/credit-immobilier-les-taux-montent-le-nombre-de-prets-chute-920362.html\">chuter l\u2019octroi de cr\u00e9dit<\/a> en 2022. En mai, le nombre de cr\u00e9dit accord\u00e9s baisse m\u00eame de 27% par rapport \u00e0 l\u2019an dernier. De quoi inqui\u00e9ter les sp\u00e9cialistes, comme le patron du r\u00e9seau Guy Hoquet\u00a0qui dans une <a href=\"https:\/\/www.ladepeche.fr\/2022\/05\/04\/entretien-immobilier-il-va-y-avoir-une-baisse-des-prix-suite-a-la-montee-des-taux-demprunt-selon-les-agences-guy-hocquet-10275208.php\">interview<\/a> constate une hausse des refus de pr\u00eats qui\u00a0 fait sortir certains m\u00e9nages de l\u2019assiette des clients finan\u00e7ables, avec une baisse de prix probable dans les mois qui viennent.<\/p>\n<h3><strong>GAFA 2.0\u00a0: Gold, Agriculture, Fuel, Aerospace<\/strong><\/h3>\n<p>Tout le monde connait l\u2019acronyme GAFA (Google, Amazon, Facebook, Apple) qui est utilis\u00e9 pour d\u00e9signer l\u2019\u00e9conomie digitale et les g\u00e9ants du num\u00e9rique. Moins connue, sa version anglaise FAANG incorpore Netflix pour d\u00e9signer les plateformes de contenu num\u00e9riques. Cet acronyme est tr\u00e8s populaire chez les analystes de march\u00e9 et les investisseurs, qui l\u2019utilisent pour suivre les performances boursi\u00e8res de l\u2019\u00e9conomie num\u00e9rique.<\/p>\n<p>Dans une <a href=\"https:\/\/fortune.com\/2022\/05\/06\/markets-wipeout-bofa-faang-tip-bear-market-fb-nflx-goog-amzn-aapl\/\">note<\/a> r\u00e9cente, deux strat\u00e9gistes de la banque priv\u00e9e de Bank of America consid\u00e8rent que le changement d\u2019\u00e9poque provoqu\u00e9 par la crise du Covid et la guerre en Ukraine n\u00e9cessite de remplacer les actifs qui composent\u00a0le panier, pour cr\u00e9er une nouvelle FAANG\u00a02.0 : Fuels, Aerospace and defense, Agriculture, Nuclear and renewables, Gold and metals.<\/p>\n<p>Pour la banque, c\u2019est dans ces secteurs que se situe la croissance de demain en raison de changements structurels et profonds du monde. Pourquoi int\u00e9grer l\u2019or \u00e0 ce panier\u00a0? Simplement parce que \u00ab\u00a0L\u2019or est d\u00e9sormais l\u2019actif pr\u00e9f\u00e9r\u00e9 des banques centrales gr\u00e2ce \u00e0 la g\u00e9opolitique\u00a0\u00bb.<\/p>\n<h3><strong>La banque centrale Tch\u00e8que va multiplier ses r\u00e9serves d\u2019or par 10<\/strong><\/h3>\n<p>Le nouveau gouverneur de la banque centrale Tch\u00e8que, Al\u00e8s Michl, va proposer une augmentation graduelle des r\u00e9serves d\u2019or du pays, pour les passer de 11 tonnes actuellement \u00e0 plus de 100 tonnes, progressivement sur plusieurs ann\u00e9es.<\/p>\n<p>Ales Michl souhaite dynamiser les investissements du pays et s\u2019inscrire dans une \u00ab\u00a0vision pour cr\u00e9er de la richesse nationale qui va au-del\u00e0 des 6 ans de mon mandat\u00a0\u00bb et \u00ab\u00a0l\u2019or est bon pour la diversification, il a une corr\u00e9lation nulle avec les actions\u00a0\u00bb.<\/p>\n<p>Il s\u2019agit du troisi\u00e8me pays du groupe de <a href=\"https:\/\/www.visegradgroup.eu\/about\">Visegrad<\/a> \u00e0 augmenter ses r\u00e9serves d\u2019or. Au sein de l\u2019alliance des 4 pays (Hongrie, Pologne, R\u00e9publique Tch\u00e8que et Slovaquie), la Pologne avait d\u00e9j\u00e0 achet\u00e9 plus de 125 tonnes en 2019, suivie en 2021 d\u2019un achat de 61 tonnes d\u2019or par la Hongrie.<\/p>\n<p>Les yeux se tournent d\u00e9sormais vers la Slovaquie\u2026<\/p>\n<p>&nbsp;<\/p>\n<p><em><u>Avertissement<\/u><\/em><em>\u00a0:<\/em><\/p>\n<p><em>Le cours de l\u2019or peut varier significativement \u00e0 la hausse ou \u00e0 la baisse. Les informations contenues dans ce document ne constituent pas une recommandation d\u2019investissement et le lecteur est invit\u00e9 \u00e0 prendre conseil aupr\u00e8s de professionnels pour la gestion de son \u00e9pargne.<\/em><\/p>\n<p>&nbsp;<\/p>\n<p>&nbsp;<\/p>\n<!-- AddThis Advanced Settings generic via filter on the_content --><!-- AddThis Share Buttons generic via filter on the_content -->","protected":false},"excerpt":{"rendered":"<p>Dans cette lettre mensuelle, vous trouverez un point sur la performance de l\u2019or ainsi que plusieurs actualit\u00e9s et analyses sur des sujets qui influencent le cours du m\u00e9tal jaune. Ce qu\u2019il faut retenir du mois \u00e9coul\u00e9 [&hellip;]<\/p>\n","protected":false},"author":32,"featured_media":42523,"comment_status":"closed","ping_status":"closed","sticky":false,"template":"","format":"standard","meta":{"_mbp_gutenberg_autopost":false,"_pgmb_is_evergreen":false,"_pgmb_ap_template_id":0,"footnotes":""},"categories":[4],"tags":[1023,1000,932,2535,84],"ppma_author":[2572],"class_list":["post-42512","post","type-post","status-publish","format-standard","has-post-thumbnail","hentry","category-analyses-economiques","tag-banque-centrale","tag-economie","tag-metal-jaune","tag-stagflation","tag-cours-de-lor"],"yoast_head":"<!-- This site is optimized with the Yoast SEO plugin v27.5 - https:\/\/yoast.com\/product\/yoast-seo-wordpress\/ -->\n<title>Cours de l\u2019or : repli en mai, hausse sur l\u2019ann\u00e9e - Gold.fr<\/title>\n<meta name=\"description\" content=\"Cours du m\u00e9tal jaune et stagflation, nous vous expliquons tout en d\u00e9tail sur leur comportement durant le mois de mai.\" \/>\n<meta name=\"robots\" content=\"index, follow, max-snippet:-1, max-image-preview:large, max-video-preview:-1\" \/>\n<link rel=\"canonical\" href=\"https:\/\/www.gold.fr\/news\/2022\/06\/10\/cours-de-lor-repli-en-mai-hausse-sur-lannee\/\" \/>\n<meta property=\"og:locale\" content=\"fr_FR\" \/>\n<meta property=\"og:type\" content=\"article\" \/>\n<meta property=\"og:title\" content=\"Cours de l\u2019or : repli en mai, hausse sur l\u2019ann\u00e9e - Gold.fr\" \/>\n<meta property=\"og:description\" content=\"Cours du m\u00e9tal jaune et stagflation, nous vous expliquons tout en d\u00e9tail sur leur comportement durant le mois de mai.\" \/>\n<meta property=\"og:url\" content=\"https:\/\/www.gold.fr\/news\/2022\/06\/10\/cours-de-lor-repli-en-mai-hausse-sur-lannee\/\" \/>\n<meta property=\"og:site_name\" content=\"Gold.fr\" \/>\n<meta property=\"article:publisher\" content=\"https:\/\/www.facebook.com\/Goldfr\/\" \/>\n<meta property=\"article:published_time\" content=\"2022-06-10T13:02:27+00:00\" \/>\n<meta property=\"og:image\" content=\"https:\/\/www.gold.fr\/news\/wp-content\/uploads\/2022\/06\/Image-MEA-grande-WP-7.jpg\" \/>\n\t<meta property=\"og:image:width\" content=\"800\" \/>\n\t<meta property=\"og:image:height\" content=\"533\" \/>\n\t<meta property=\"og:image:type\" content=\"image\/jpeg\" \/>\n<meta name=\"author\" content=\"Mickael Amar\" \/>\n<meta name=\"twitter:card\" content=\"summary_large_image\" \/>\n<meta name=\"twitter:label1\" content=\"\u00c9crit par\" \/>\n\t<meta name=\"twitter:data1\" content=\"Mickael Amar\" \/>\n\t<meta name=\"twitter:label2\" content=\"Dur\u00e9e de lecture estim\u00e9e\" \/>\n\t<meta name=\"twitter:data2\" content=\"7 minutes\" \/>\n<script type=\"application\/ld+json\" class=\"yoast-schema-graph\">{\"@context\":\"https:\\\/\\\/schema.org\",\"@graph\":[{\"@type\":\"Article\",\"@id\":\"https:\\\/\\\/www.gold.fr\\\/news\\\/2022\\\/06\\\/10\\\/cours-de-lor-repli-en-mai-hausse-sur-lannee\\\/#article\",\"isPartOf\":{\"@id\":\"https:\\\/\\\/www.gold.fr\\\/news\\\/2022\\\/06\\\/10\\\/cours-de-lor-repli-en-mai-hausse-sur-lannee\\\/\"},\"author\":{\"name\":\"Mickael Amar\",\"@id\":\"https:\\\/\\\/www.gold.fr\\\/news\\\/#\\\/schema\\\/person\\\/3cd6ba43512e1455694a537511f9846c\"},\"headline\":\"Cours de l\u2019or : repli en mai, hausse sur l\u2019ann\u00e9e\",\"datePublished\":\"2022-06-10T13:02:27+00:00\",\"mainEntityOfPage\":{\"@id\":\"https:\\\/\\\/www.gold.fr\\\/news\\\/2022\\\/06\\\/10\\\/cours-de-lor-repli-en-mai-hausse-sur-lannee\\\/\"},\"wordCount\":1256,\"image\":{\"@id\":\"https:\\\/\\\/www.gold.fr\\\/news\\\/2022\\\/06\\\/10\\\/cours-de-lor-repli-en-mai-hausse-sur-lannee\\\/#primaryimage\"},\"thumbnailUrl\":\"https:\\\/\\\/www.gold.fr\\\/news\\\/wp-content\\\/uploads\\\/2022\\\/06\\\/Image-MEA-grande-WP-7.jpg\",\"keywords\":[\"Banque centrale\",\"\u00e9conomie\",\"M\u00e9tal jaune\",\"stagflation\",\"Tout Cours de l'Or\"],\"articleSection\":[\"Analyses Economiques\"],\"inLanguage\":\"fr-FR\"},{\"@type\":\"WebPage\",\"@id\":\"https:\\\/\\\/www.gold.fr\\\/news\\\/2022\\\/06\\\/10\\\/cours-de-lor-repli-en-mai-hausse-sur-lannee\\\/\",\"url\":\"https:\\\/\\\/www.gold.fr\\\/news\\\/2022\\\/06\\\/10\\\/cours-de-lor-repli-en-mai-hausse-sur-lannee\\\/\",\"name\":\"Cours de l\u2019or : repli en mai, hausse sur l\u2019ann\u00e9e - Gold.fr\",\"isPartOf\":{\"@id\":\"https:\\\/\\\/www.gold.fr\\\/news\\\/#website\"},\"primaryImageOfPage\":{\"@id\":\"https:\\\/\\\/www.gold.fr\\\/news\\\/2022\\\/06\\\/10\\\/cours-de-lor-repli-en-mai-hausse-sur-lannee\\\/#primaryimage\"},\"image\":{\"@id\":\"https:\\\/\\\/www.gold.fr\\\/news\\\/2022\\\/06\\\/10\\\/cours-de-lor-repli-en-mai-hausse-sur-lannee\\\/#primaryimage\"},\"thumbnailUrl\":\"https:\\\/\\\/www.gold.fr\\\/news\\\/wp-content\\\/uploads\\\/2022\\\/06\\\/Image-MEA-grande-WP-7.jpg\",\"datePublished\":\"2022-06-10T13:02:27+00:00\",\"author\":{\"@id\":\"https:\\\/\\\/www.gold.fr\\\/news\\\/#\\\/schema\\\/person\\\/3cd6ba43512e1455694a537511f9846c\"},\"description\":\"Cours du m\u00e9tal jaune et stagflation, nous vous expliquons tout en d\u00e9tail sur leur comportement durant le mois de mai.\",\"breadcrumb\":{\"@id\":\"https:\\\/\\\/www.gold.fr\\\/news\\\/2022\\\/06\\\/10\\\/cours-de-lor-repli-en-mai-hausse-sur-lannee\\\/#breadcrumb\"},\"inLanguage\":\"fr-FR\",\"potentialAction\":[{\"@type\":\"ReadAction\",\"target\":[\"https:\\\/\\\/www.gold.fr\\\/news\\\/2022\\\/06\\\/10\\\/cours-de-lor-repli-en-mai-hausse-sur-lannee\\\/\"]}]},{\"@type\":\"ImageObject\",\"inLanguage\":\"fr-FR\",\"@id\":\"https:\\\/\\\/www.gold.fr\\\/news\\\/2022\\\/06\\\/10\\\/cours-de-lor-repli-en-mai-hausse-sur-lannee\\\/#primaryimage\",\"url\":\"https:\\\/\\\/www.gold.fr\\\/news\\\/wp-content\\\/uploads\\\/2022\\\/06\\\/Image-MEA-grande-WP-7.jpg\",\"contentUrl\":\"https:\\\/\\\/www.gold.fr\\\/news\\\/wp-content\\\/uploads\\\/2022\\\/06\\\/Image-MEA-grande-WP-7.jpg\",\"width\":800,\"height\":533,\"caption\":\"Cours de l\u2019or : repli en mai, hausse sur l\u2019ann\u00e9e\"},{\"@type\":\"BreadcrumbList\",\"@id\":\"https:\\\/\\\/www.gold.fr\\\/news\\\/2022\\\/06\\\/10\\\/cours-de-lor-repli-en-mai-hausse-sur-lannee\\\/#breadcrumb\",\"itemListElement\":[{\"@type\":\"ListItem\",\"position\":1,\"name\":\"Accueil\",\"item\":\"https:\\\/\\\/www.gold.fr\\\/\"},{\"@type\":\"ListItem\",\"position\":2,\"name\":\"Actualit\u00e9s\",\"item\":\"https:\\\/\\\/www.gold.fr\\\/news\\\/\"},{\"@type\":\"ListItem\",\"position\":3,\"name\":\"Cours de l\u2019or : repli en mai, hausse sur l\u2019ann\u00e9e\"}]},{\"@type\":\"WebSite\",\"@id\":\"https:\\\/\\\/www.gold.fr\\\/news\\\/#website\",\"url\":\"https:\\\/\\\/www.gold.fr\\\/news\\\/\",\"name\":\"Gold.fr\",\"description\":\"Actualit\u00e9s de l&#039;Or et des m\u00e9taux pr\u00e9cieux\",\"potentialAction\":[{\"@type\":\"SearchAction\",\"target\":{\"@type\":\"EntryPoint\",\"urlTemplate\":\"https:\\\/\\\/www.gold.fr\\\/news\\\/?s={search_term_string}\"},\"query-input\":{\"@type\":\"PropertyValueSpecification\",\"valueRequired\":true,\"valueName\":\"search_term_string\"}}],\"inLanguage\":\"fr-FR\"},{\"@type\":\"Person\",\"@id\":\"https:\\\/\\\/www.gold.fr\\\/news\\\/#\\\/schema\\\/person\\\/3cd6ba43512e1455694a537511f9846c\",\"name\":\"Mickael Amar\",\"image\":{\"@type\":\"ImageObject\",\"inLanguage\":\"fr-FR\",\"@id\":\"https:\\\/\\\/secure.gravatar.com\\\/avatar\\\/d52a0f458f57710f6e885a37fb07c37884548c110528dceeec4cde123e2f9231?s=96&d=mm&r=g12ea243340d82582abb9455c9c290483\",\"url\":\"https:\\\/\\\/secure.gravatar.com\\\/avatar\\\/d52a0f458f57710f6e885a37fb07c37884548c110528dceeec4cde123e2f9231?s=96&d=mm&r=g\",\"contentUrl\":\"https:\\\/\\\/secure.gravatar.com\\\/avatar\\\/d52a0f458f57710f6e885a37fb07c37884548c110528dceeec4cde123e2f9231?s=96&d=mm&r=g\",\"caption\":\"Mickael Amar\"},\"description\":\"Mickael Amar travaille en tant qu\u2019Adjoint du Directeur Op\u00e9rationnel au Comptoir National de l\u2019Or et il est aussi Responsable de la Formation des nouveaux Responsables d\u2019Agence qui int\u00e8grent le r\u00e9seau. Il a une vingtaine d\u2019ann\u00e9es d\u2019exp\u00e9rience sur des postes orient\u00e9s gestion de projets, conseil, accompagnement, RH, management avec \u00e0 chaque fois une composante business importante. Au Comptoir National de l\u2019Or il a pu d\u00e9velopper son expertise sur les march\u00e9s financiers et en particulier celui de l\u2019or et des m\u00e9taux pr\u00e9cieux. Le Comptoir National de l\u2019Or se positionne aujourd\u2019hui comme le leader incontournable sur le march\u00e9 de l\u2019Or et des m\u00e9taux pr\u00e9cieux en France. (achat d'or et vente d'or).\",\"sameAs\":[\"https:\\\/\\\/www.linkedin.com\\\/in\\\/mickael-amar\\\/\"]}]}<\/script>\n<!-- \/ Yoast SEO plugin. -->","yoast_head_json":{"title":"Cours de l\u2019or : repli en mai, hausse sur l\u2019ann\u00e9e - Gold.fr","description":"Cours du m\u00e9tal jaune et stagflation, nous vous expliquons tout en d\u00e9tail sur leur comportement durant le mois de mai.","robots":{"index":"index","follow":"follow","max-snippet":"max-snippet:-1","max-image-preview":"max-image-preview:large","max-video-preview":"max-video-preview:-1"},"canonical":"https:\/\/www.gold.fr\/news\/2022\/06\/10\/cours-de-lor-repli-en-mai-hausse-sur-lannee\/","og_locale":"fr_FR","og_type":"article","og_title":"Cours de l\u2019or : repli en mai, hausse sur l\u2019ann\u00e9e - Gold.fr","og_description":"Cours du m\u00e9tal jaune et stagflation, nous vous expliquons tout en d\u00e9tail sur leur comportement durant le mois de mai.","og_url":"https:\/\/www.gold.fr\/news\/2022\/06\/10\/cours-de-lor-repli-en-mai-hausse-sur-lannee\/","og_site_name":"Gold.fr","article_publisher":"https:\/\/www.facebook.com\/Goldfr\/","article_published_time":"2022-06-10T13:02:27+00:00","og_image":[{"width":800,"height":533,"url":"https:\/\/www.gold.fr\/news\/wp-content\/uploads\/2022\/06\/Image-MEA-grande-WP-7.jpg","type":"image\/jpeg"}],"author":"Mickael Amar","twitter_card":"summary_large_image","twitter_misc":{"\u00c9crit par":"Mickael Amar","Dur\u00e9e de lecture estim\u00e9e":"7 minutes"},"schema":{"@context":"https:\/\/schema.org","@graph":[{"@type":"Article","@id":"https:\/\/www.gold.fr\/news\/2022\/06\/10\/cours-de-lor-repli-en-mai-hausse-sur-lannee\/#article","isPartOf":{"@id":"https:\/\/www.gold.fr\/news\/2022\/06\/10\/cours-de-lor-repli-en-mai-hausse-sur-lannee\/"},"author":{"name":"Mickael Amar","@id":"https:\/\/www.gold.fr\/news\/#\/schema\/person\/3cd6ba43512e1455694a537511f9846c"},"headline":"Cours de l\u2019or : repli en mai, hausse sur l\u2019ann\u00e9e","datePublished":"2022-06-10T13:02:27+00:00","mainEntityOfPage":{"@id":"https:\/\/www.gold.fr\/news\/2022\/06\/10\/cours-de-lor-repli-en-mai-hausse-sur-lannee\/"},"wordCount":1256,"image":{"@id":"https:\/\/www.gold.fr\/news\/2022\/06\/10\/cours-de-lor-repli-en-mai-hausse-sur-lannee\/#primaryimage"},"thumbnailUrl":"https:\/\/www.gold.fr\/news\/wp-content\/uploads\/2022\/06\/Image-MEA-grande-WP-7.jpg","keywords":["Banque centrale","\u00e9conomie","M\u00e9tal jaune","stagflation","Tout Cours de l'Or"],"articleSection":["Analyses Economiques"],"inLanguage":"fr-FR"},{"@type":"WebPage","@id":"https:\/\/www.gold.fr\/news\/2022\/06\/10\/cours-de-lor-repli-en-mai-hausse-sur-lannee\/","url":"https:\/\/www.gold.fr\/news\/2022\/06\/10\/cours-de-lor-repli-en-mai-hausse-sur-lannee\/","name":"Cours de l\u2019or : repli en mai, hausse sur l\u2019ann\u00e9e - Gold.fr","isPartOf":{"@id":"https:\/\/www.gold.fr\/news\/#website"},"primaryImageOfPage":{"@id":"https:\/\/www.gold.fr\/news\/2022\/06\/10\/cours-de-lor-repli-en-mai-hausse-sur-lannee\/#primaryimage"},"image":{"@id":"https:\/\/www.gold.fr\/news\/2022\/06\/10\/cours-de-lor-repli-en-mai-hausse-sur-lannee\/#primaryimage"},"thumbnailUrl":"https:\/\/www.gold.fr\/news\/wp-content\/uploads\/2022\/06\/Image-MEA-grande-WP-7.jpg","datePublished":"2022-06-10T13:02:27+00:00","author":{"@id":"https:\/\/www.gold.fr\/news\/#\/schema\/person\/3cd6ba43512e1455694a537511f9846c"},"description":"Cours du m\u00e9tal jaune et stagflation, nous vous expliquons tout en d\u00e9tail sur leur comportement durant le mois de mai.","breadcrumb":{"@id":"https:\/\/www.gold.fr\/news\/2022\/06\/10\/cours-de-lor-repli-en-mai-hausse-sur-lannee\/#breadcrumb"},"inLanguage":"fr-FR","potentialAction":[{"@type":"ReadAction","target":["https:\/\/www.gold.fr\/news\/2022\/06\/10\/cours-de-lor-repli-en-mai-hausse-sur-lannee\/"]}]},{"@type":"ImageObject","inLanguage":"fr-FR","@id":"https:\/\/www.gold.fr\/news\/2022\/06\/10\/cours-de-lor-repli-en-mai-hausse-sur-lannee\/#primaryimage","url":"https:\/\/www.gold.fr\/news\/wp-content\/uploads\/2022\/06\/Image-MEA-grande-WP-7.jpg","contentUrl":"https:\/\/www.gold.fr\/news\/wp-content\/uploads\/2022\/06\/Image-MEA-grande-WP-7.jpg","width":800,"height":533,"caption":"Cours de l\u2019or : repli en mai, hausse sur l\u2019ann\u00e9e"},{"@type":"BreadcrumbList","@id":"https:\/\/www.gold.fr\/news\/2022\/06\/10\/cours-de-lor-repli-en-mai-hausse-sur-lannee\/#breadcrumb","itemListElement":[{"@type":"ListItem","position":1,"name":"Accueil","item":"https:\/\/www.gold.fr\/"},{"@type":"ListItem","position":2,"name":"Actualit\u00e9s","item":"https:\/\/www.gold.fr\/news\/"},{"@type":"ListItem","position":3,"name":"Cours de l\u2019or : repli en mai, hausse sur l\u2019ann\u00e9e"}]},{"@type":"WebSite","@id":"https:\/\/www.gold.fr\/news\/#website","url":"https:\/\/www.gold.fr\/news\/","name":"Gold.fr","description":"Actualit\u00e9s de l&#039;Or et des m\u00e9taux pr\u00e9cieux","potentialAction":[{"@type":"SearchAction","target":{"@type":"EntryPoint","urlTemplate":"https:\/\/www.gold.fr\/news\/?s={search_term_string}"},"query-input":{"@type":"PropertyValueSpecification","valueRequired":true,"valueName":"search_term_string"}}],"inLanguage":"fr-FR"},{"@type":"Person","@id":"https:\/\/www.gold.fr\/news\/#\/schema\/person\/3cd6ba43512e1455694a537511f9846c","name":"Mickael Amar","image":{"@type":"ImageObject","inLanguage":"fr-FR","@id":"https:\/\/secure.gravatar.com\/avatar\/d52a0f458f57710f6e885a37fb07c37884548c110528dceeec4cde123e2f9231?s=96&d=mm&r=g12ea243340d82582abb9455c9c290483","url":"https:\/\/secure.gravatar.com\/avatar\/d52a0f458f57710f6e885a37fb07c37884548c110528dceeec4cde123e2f9231?s=96&d=mm&r=g","contentUrl":"https:\/\/secure.gravatar.com\/avatar\/d52a0f458f57710f6e885a37fb07c37884548c110528dceeec4cde123e2f9231?s=96&d=mm&r=g","caption":"Mickael Amar"},"description":"Mickael Amar travaille en tant qu\u2019Adjoint du Directeur Op\u00e9rationnel au Comptoir National de l\u2019Or et il est aussi Responsable de la Formation des nouveaux Responsables d\u2019Agence qui int\u00e8grent le r\u00e9seau. Il a une vingtaine d\u2019ann\u00e9es d\u2019exp\u00e9rience sur des postes orient\u00e9s gestion de projets, conseil, accompagnement, RH, management avec \u00e0 chaque fois une composante business importante. Au Comptoir National de l\u2019Or il a pu d\u00e9velopper son expertise sur les march\u00e9s financiers et en particulier celui de l\u2019or et des m\u00e9taux pr\u00e9cieux. Le Comptoir National de l\u2019Or se positionne aujourd\u2019hui comme le leader incontournable sur le march\u00e9 de l\u2019Or et des m\u00e9taux pr\u00e9cieux en France. (achat d'or et vente d'or).","sameAs":["https:\/\/www.linkedin.com\/in\/mickael-amar\/"]}]}},"authors":[{"term_id":2572,"user_id":32,"is_guest":0,"slug":"mickael-amar","display_name":"Mickael Amar","avatar_url":"https:\/\/secure.gravatar.com\/avatar\/d52a0f458f57710f6e885a37fb07c37884548c110528dceeec4cde123e2f9231?s=96&d=mm&r=g","0":null,"1":"","2":"","3":"","4":"","5":"","6":"","7":"","8":""}],"_links":{"self":[{"href":"https:\/\/www.gold.fr\/news\/wp-json\/wp\/v2\/posts\/42512","targetHints":{"allow":["GET"]}}],"collection":[{"href":"https:\/\/www.gold.fr\/news\/wp-json\/wp\/v2\/posts"}],"about":[{"href":"https:\/\/www.gold.fr\/news\/wp-json\/wp\/v2\/types\/post"}],"author":[{"embeddable":true,"href":"https:\/\/www.gold.fr\/news\/wp-json\/wp\/v2\/users\/32"}],"replies":[{"embeddable":true,"href":"https:\/\/www.gold.fr\/news\/wp-json\/wp\/v2\/comments?post=42512"}],"version-history":[{"count":0,"href":"https:\/\/www.gold.fr\/news\/wp-json\/wp\/v2\/posts\/42512\/revisions"}],"wp:featuredmedia":[{"embeddable":true,"href":"https:\/\/www.gold.fr\/news\/wp-json\/wp\/v2\/media\/42523"}],"wp:attachment":[{"href":"https:\/\/www.gold.fr\/news\/wp-json\/wp\/v2\/media?parent=42512"}],"wp:term":[{"taxonomy":"category","embeddable":true,"href":"https:\/\/www.gold.fr\/news\/wp-json\/wp\/v2\/categories?post=42512"},{"taxonomy":"post_tag","embeddable":true,"href":"https:\/\/www.gold.fr\/news\/wp-json\/wp\/v2\/tags?post=42512"},{"taxonomy":"author","embeddable":true,"href":"https:\/\/www.gold.fr\/news\/wp-json\/wp\/v2\/ppma_author?post=42512"}],"curies":[{"name":"wp","href":"https:\/\/api.w.org\/{rel}","templated":true}]}}