{"id":42089,"date":"2022-04-25T12:58:54","date_gmt":"2022-04-25T10:58:54","guid":{"rendered":"https:\/\/www.gold.fr\/news\/?p=42089"},"modified":"2022-04-25T14:23:29","modified_gmt":"2022-04-25T12:23:29","slug":"le-comptoir-national-de-lor-cite-par-la-voix-du-nord-21-04-avec-quatre-comptoirs-dachat-vente-arras-connait-elle-la-fievre-de-lor","status":"publish","type":"post","link":"https:\/\/www.gold.fr\/news\/2022\/04\/25\/le-comptoir-national-de-lor-cite-par-la-voix-du-nord-21-04-avec-quatre-comptoirs-dachat-vente-arras-connait-elle-la-fievre-de-lor\/","title":{"rendered":"Le Comptoir National de l\u2019or cit\u00e9 par La Voix du Nord 21\/04 \u2013 Avec quatre comptoirs d&rsquo;achat-vente, Arras conna\u00eet-elle la fi\u00e8vre de l&rsquo;or ?"},"content":{"rendered":"<p>Le Comptoir National de l&rsquo;Or continue son implantation en France avec l&rsquo;ouverture de son nouveau comptoir dans <a href=\"https:\/\/www.gold.fr\/comptoirs-achat-vente-or\/arras\/\">la ville d&rsquo;Arras,<\/a> afin de vous fournir les meilleurs services au plus proche de chez vous.<\/p>\n<p>D\u00e9couvrez dans cet article de la Voix du Nord notre nouveau comptoir<a href=\"https:\/\/www.gold.fr\/comptoirs-achat-vente-or\/arras\/\"> d&rsquo;Arras<\/a> et son responsable d&rsquo;agence, David Engrand, qui vous accueillera du mardi au samedi <a href=\"https:\/\/www.gold.fr\/news\/rdv-arras-comptoir-or\/\">avec<\/a> ou sans rendez-vous pour vos projets de Vente d&rsquo;Or ou Rachat d&rsquo;Or.<\/p>\n<p><strong>Lire l\u2019int\u00e9gralit\u00e9 de l\u2019article ci-dessous \u00abAvec quatre comptoirs d&rsquo;achat-vente, Arras conna\u00eet-elle la fi\u00e8vre de l&rsquo;or ?\u00bb :<\/strong><\/p>\n<p><iframe style=\"width: 100%; height: 400px; border: none;\" title=\"Le Comptoir National de l\u2019or cit\u00e9 par Le Figaro 12\/04 \u2013 Guerre en Ukraine : \u201cL\u2019or de Russie devient intouchable\u201d\" src=\"https:\/\/www.gold.fr\/news\/wp-content\/uploads\/2022\/04\/Le-Comptoir-National-de-lOr-cite-par-La-Voix-du-Nord-21_04_22-Avec-quatre-comptoirs-dachat-vente-Arras-connait-elle-la-fievre-de-lor-_.pdf\"><span data-mce-type=\"bookmark\" style=\"display: inline-block; width: 0px; overflow: hidden; line-height: 0;\" class=\"mce_SELRES_start\">\ufeff<\/span><span data-mce-type=\"bookmark\" style=\"display: inline-block; width: 0px; overflow: hidden; line-height: 0;\" class=\"mce_SELRES_start\">\ufeff<\/span><span data-mce-type=\"bookmark\" style=\"display: inline-block; width: 0px; overflow: hidden; line-height: 0;\" class=\"mce_SELRES_start\"><\/span><span data-mce-type=\"bookmark\" style=\"display: inline-block; width: 0px; overflow: hidden; line-height: 0;\" class=\"mce_SELRES_start\"><\/span><span data-mce-type=\"bookmark\" style=\"display: inline-block; width: 0px; overflow: hidden; line-height: 0;\" class=\"mce_SELRES_start\"><\/span><span data-mce-type=\"bookmark\" style=\"display: inline-block; width: 0px; overflow: hidden; line-height: 0;\" class=\"mce_SELRES_start\"><\/span><span data-mce-type=\"bookmark\" style=\"display: inline-block; width: 0px; overflow: hidden; line-height: 0;\" class=\"mce_SELRES_start\"><\/span><span data-mce-type=\"bookmark\" style=\"display: inline-block; width: 0px; overflow: hidden; line-height: 0;\" class=\"mce_SELRES_start\"><\/span><span data-mce-type=\"bookmark\" style=\"display: inline-block; width: 0px; overflow: hidden; line-height: 0;\" class=\"mce_SELRES_start\"><\/span><span data-mce-type=\"bookmark\" style=\"display: inline-block; width: 0px; overflow: hidden; line-height: 0;\" class=\"mce_SELRES_start\"><\/span><\/iframe><\/p>\n<!-- AddThis Advanced Settings generic via filter on the_content --><!-- AddThis Share Buttons generic via filter on the_content -->","protected":false},"excerpt":{"rendered":"<p>Le Comptoir National de l&rsquo;Or continue son implantation en France avec l&rsquo;ouverture de son nouveau comptoir dans la ville d&rsquo;Arras, afin de vous fournir les meilleurs services au plus proche de chez vous. D\u00e9couvrez dans cet [&hellip;]<\/p>\n","protected":false},"author":6,"featured_media":42096,"comment_status":"closed","ping_status":"closed","sticky":false,"template":"","format":"standard","meta":{"_mbp_gutenberg_autopost":false,"_pgmb_is_evergreen":false,"_pgmb_ap_template_id":0,"footnotes":""},"categories":[2414],"tags":[231,2533,76,234,464,2534],"ppma_author":[2567],"class_list":["post-42089","post","type-post","status-publish","format-standard","has-post-thumbnail","hentry","category-cndo-dans-la-presse","tag-achat-or","tag-comptoir-national-de-lor-arras","tag-or","tag-valeur-refuge","tag-vente-or","tag-vente-or-arras"],"yoast_head":"<!-- This site is optimized with the Yoast SEO plugin v27.5 - https:\/\/yoast.com\/product\/yoast-seo-wordpress\/ -->\n<title>Le Comptoir National de l\u2019or cit\u00e9 par La Voix du Nord 21\/04 \u2013 Avec quatre comptoirs d&#039;achat-vente, Arras conna\u00eet-elle la fi\u00e8vre de l&#039;or ? - Gold.fr<\/title>\n<meta name=\"description\" content=\"Rachat Or Arras, Vente Or Arras. Venez rencontrer David Engrand qui vous accueillera au sein de notre comptoir d&#039;Arras du mardi au samedi.\" \/>\n<meta name=\"robots\" content=\"index, follow, max-snippet:-1, max-image-preview:large, max-video-preview:-1\" \/>\n<link rel=\"canonical\" href=\"https:\/\/www.gold.fr\/news\/2022\/04\/25\/le-comptoir-national-de-lor-cite-par-la-voix-du-nord-21-04-avec-quatre-comptoirs-dachat-vente-arras-connait-elle-la-fievre-de-lor\/\" \/>\n<meta property=\"og:locale\" content=\"fr_FR\" \/>\n<meta property=\"og:type\" content=\"article\" \/>\n<meta property=\"og:title\" content=\"Le Comptoir National de l\u2019or cit\u00e9 par La Voix du Nord 21\/04 \u2013 Avec quatre comptoirs d&#039;achat-vente, Arras conna\u00eet-elle la fi\u00e8vre de l&#039;or ? - Gold.fr\" \/>\n<meta property=\"og:description\" content=\"Rachat Or Arras, Vente Or Arras. Venez rencontrer David Engrand qui vous accueillera au sein de notre comptoir d&#039;Arras du mardi au samedi.\" \/>\n<meta property=\"og:url\" content=\"https:\/\/www.gold.fr\/news\/2022\/04\/25\/le-comptoir-national-de-lor-cite-par-la-voix-du-nord-21-04-avec-quatre-comptoirs-dachat-vente-arras-connait-elle-la-fievre-de-lor\/\" \/>\n<meta property=\"og:site_name\" content=\"Gold.fr\" \/>\n<meta property=\"article:publisher\" content=\"https:\/\/www.facebook.com\/Goldfr\/\" \/>\n<meta property=\"article:published_time\" content=\"2022-04-25T10:58:54+00:00\" \/>\n<meta property=\"article:modified_time\" content=\"2022-04-25T12:23:29+00:00\" \/>\n<meta property=\"og:image\" content=\"https:\/\/www.gold.fr\/news\/wp-content\/uploads\/2022\/04\/Image-MEA-grande-WP-2-1.jpg\" \/>\n\t<meta property=\"og:image:width\" content=\"800\" \/>\n\t<meta property=\"og:image:height\" content=\"533\" \/>\n\t<meta property=\"og:image:type\" content=\"image\/jpeg\" \/>\n<meta name=\"author\" content=\"Laurent Schwartz\" \/>\n<meta name=\"twitter:card\" content=\"summary_large_image\" \/>\n<meta name=\"twitter:label1\" content=\"\u00c9crit par\" \/>\n\t<meta name=\"twitter:data1\" content=\"Laurent Schwartz\" \/>\n\t<meta name=\"twitter:label2\" content=\"Dur\u00e9e de lecture estim\u00e9e\" \/>\n\t<meta name=\"twitter:data2\" content=\"1 minute\" \/>\n<script type=\"application\/ld+json\" class=\"yoast-schema-graph\">{\"@context\":\"https:\\\/\\\/schema.org\",\"@graph\":[{\"@type\":\"Article\",\"@id\":\"https:\\\/\\\/www.gold.fr\\\/news\\\/2022\\\/04\\\/25\\\/le-comptoir-national-de-lor-cite-par-la-voix-du-nord-21-04-avec-quatre-comptoirs-dachat-vente-arras-connait-elle-la-fievre-de-lor\\\/#article\",\"isPartOf\":{\"@id\":\"https:\\\/\\\/www.gold.fr\\\/news\\\/2022\\\/04\\\/25\\\/le-comptoir-national-de-lor-cite-par-la-voix-du-nord-21-04-avec-quatre-comptoirs-dachat-vente-arras-connait-elle-la-fievre-de-lor\\\/\"},\"author\":{\"name\":\"Laurent Schwartz\",\"@id\":\"https:\\\/\\\/www.gold.fr\\\/news\\\/#\\\/schema\\\/person\\\/4ed91d9a70d8f3a313c26e8308214fc2\"},\"headline\":\"Le Comptoir National de l\u2019or cit\u00e9 par La Voix du Nord 21\\\/04 \u2013 Avec quatre comptoirs d&rsquo;achat-vente, Arras conna\u00eet-elle la fi\u00e8vre de l&rsquo;or ?\",\"datePublished\":\"2022-04-25T10:58:54+00:00\",\"dateModified\":\"2022-04-25T12:23:29+00:00\",\"mainEntityOfPage\":{\"@id\":\"https:\\\/\\\/www.gold.fr\\\/news\\\/2022\\\/04\\\/25\\\/le-comptoir-national-de-lor-cite-par-la-voix-du-nord-21-04-avec-quatre-comptoirs-dachat-vente-arras-connait-elle-la-fievre-de-lor\\\/\"},\"wordCount\":128,\"image\":{\"@id\":\"https:\\\/\\\/www.gold.fr\\\/news\\\/2022\\\/04\\\/25\\\/le-comptoir-national-de-lor-cite-par-la-voix-du-nord-21-04-avec-quatre-comptoirs-dachat-vente-arras-connait-elle-la-fievre-de-lor\\\/#primaryimage\"},\"thumbnailUrl\":\"https:\\\/\\\/www.gold.fr\\\/news\\\/wp-content\\\/uploads\\\/2022\\\/04\\\/Image-MEA-grande-WP-2-1.jpg\",\"keywords\":[\"Achat or\",\"Comptoir National de l'Or Arras\",\"Or\",\"Valeur refuge\",\"Vente or\",\"vente or arras\"],\"articleSection\":[\"CNDO dans la presse\"],\"inLanguage\":\"fr-FR\"},{\"@type\":\"WebPage\",\"@id\":\"https:\\\/\\\/www.gold.fr\\\/news\\\/2022\\\/04\\\/25\\\/le-comptoir-national-de-lor-cite-par-la-voix-du-nord-21-04-avec-quatre-comptoirs-dachat-vente-arras-connait-elle-la-fievre-de-lor\\\/\",\"url\":\"https:\\\/\\\/www.gold.fr\\\/news\\\/2022\\\/04\\\/25\\\/le-comptoir-national-de-lor-cite-par-la-voix-du-nord-21-04-avec-quatre-comptoirs-dachat-vente-arras-connait-elle-la-fievre-de-lor\\\/\",\"name\":\"Le Comptoir National de l\u2019or cit\u00e9 par La Voix du Nord 21\\\/04 \u2013 Avec quatre comptoirs d'achat-vente, Arras conna\u00eet-elle la fi\u00e8vre de l'or ? - Gold.fr\",\"isPartOf\":{\"@id\":\"https:\\\/\\\/www.gold.fr\\\/news\\\/#website\"},\"primaryImageOfPage\":{\"@id\":\"https:\\\/\\\/www.gold.fr\\\/news\\\/2022\\\/04\\\/25\\\/le-comptoir-national-de-lor-cite-par-la-voix-du-nord-21-04-avec-quatre-comptoirs-dachat-vente-arras-connait-elle-la-fievre-de-lor\\\/#primaryimage\"},\"image\":{\"@id\":\"https:\\\/\\\/www.gold.fr\\\/news\\\/2022\\\/04\\\/25\\\/le-comptoir-national-de-lor-cite-par-la-voix-du-nord-21-04-avec-quatre-comptoirs-dachat-vente-arras-connait-elle-la-fievre-de-lor\\\/#primaryimage\"},\"thumbnailUrl\":\"https:\\\/\\\/www.gold.fr\\\/news\\\/wp-content\\\/uploads\\\/2022\\\/04\\\/Image-MEA-grande-WP-2-1.jpg\",\"datePublished\":\"2022-04-25T10:58:54+00:00\",\"dateModified\":\"2022-04-25T12:23:29+00:00\",\"author\":{\"@id\":\"https:\\\/\\\/www.gold.fr\\\/news\\\/#\\\/schema\\\/person\\\/4ed91d9a70d8f3a313c26e8308214fc2\"},\"description\":\"Rachat Or Arras, Vente Or Arras. Venez rencontrer David Engrand qui vous accueillera au sein de notre comptoir d'Arras du mardi au samedi.\",\"breadcrumb\":{\"@id\":\"https:\\\/\\\/www.gold.fr\\\/news\\\/2022\\\/04\\\/25\\\/le-comptoir-national-de-lor-cite-par-la-voix-du-nord-21-04-avec-quatre-comptoirs-dachat-vente-arras-connait-elle-la-fievre-de-lor\\\/#breadcrumb\"},\"inLanguage\":\"fr-FR\",\"potentialAction\":[{\"@type\":\"ReadAction\",\"target\":[\"https:\\\/\\\/www.gold.fr\\\/news\\\/2022\\\/04\\\/25\\\/le-comptoir-national-de-lor-cite-par-la-voix-du-nord-21-04-avec-quatre-comptoirs-dachat-vente-arras-connait-elle-la-fievre-de-lor\\\/\"]}]},{\"@type\":\"ImageObject\",\"inLanguage\":\"fr-FR\",\"@id\":\"https:\\\/\\\/www.gold.fr\\\/news\\\/2022\\\/04\\\/25\\\/le-comptoir-national-de-lor-cite-par-la-voix-du-nord-21-04-avec-quatre-comptoirs-dachat-vente-arras-connait-elle-la-fievre-de-lor\\\/#primaryimage\",\"url\":\"https:\\\/\\\/www.gold.fr\\\/news\\\/wp-content\\\/uploads\\\/2022\\\/04\\\/Image-MEA-grande-WP-2-1.jpg\",\"contentUrl\":\"https:\\\/\\\/www.gold.fr\\\/news\\\/wp-content\\\/uploads\\\/2022\\\/04\\\/Image-MEA-grande-WP-2-1.jpg\",\"width\":800,\"height\":533,\"caption\":\"Ouverture Arras La Voix du Nord 21\\\/04\"},{\"@type\":\"BreadcrumbList\",\"@id\":\"https:\\\/\\\/www.gold.fr\\\/news\\\/2022\\\/04\\\/25\\\/le-comptoir-national-de-lor-cite-par-la-voix-du-nord-21-04-avec-quatre-comptoirs-dachat-vente-arras-connait-elle-la-fievre-de-lor\\\/#breadcrumb\",\"itemListElement\":[{\"@type\":\"ListItem\",\"position\":1,\"name\":\"Accueil\",\"item\":\"https:\\\/\\\/www.gold.fr\\\/\"},{\"@type\":\"ListItem\",\"position\":2,\"name\":\"Actualit\u00e9s\",\"item\":\"https:\\\/\\\/www.gold.fr\\\/news\\\/\"},{\"@type\":\"ListItem\",\"position\":3,\"name\":\"Le Comptoir National de l\u2019or cit\u00e9 par La Voix du Nord 21\\\/04 \u2013 Avec quatre comptoirs d&rsquo;achat-vente, Arras conna\u00eet-elle la fi\u00e8vre de l&rsquo;or ?\"}]},{\"@type\":\"WebSite\",\"@id\":\"https:\\\/\\\/www.gold.fr\\\/news\\\/#website\",\"url\":\"https:\\\/\\\/www.gold.fr\\\/news\\\/\",\"name\":\"Gold.fr\",\"description\":\"Actualit\u00e9s de l&#039;Or et des m\u00e9taux pr\u00e9cieux\",\"potentialAction\":[{\"@type\":\"SearchAction\",\"target\":{\"@type\":\"EntryPoint\",\"urlTemplate\":\"https:\\\/\\\/www.gold.fr\\\/news\\\/?s={search_term_string}\"},\"query-input\":{\"@type\":\"PropertyValueSpecification\",\"valueRequired\":true,\"valueName\":\"search_term_string\"}}],\"inLanguage\":\"fr-FR\"},{\"@type\":\"Person\",\"@id\":\"https:\\\/\\\/www.gold.fr\\\/news\\\/#\\\/schema\\\/person\\\/4ed91d9a70d8f3a313c26e8308214fc2\",\"name\":\"Laurent Schwartz\",\"image\":{\"@type\":\"ImageObject\",\"inLanguage\":\"fr-FR\",\"@id\":\"https:\\\/\\\/secure.gravatar.com\\\/avatar\\\/1496f846049365121827f5470219486f1a95f83957cc8ca0a9595e40c185f5ee?s=96&d=mm&r=g76f0e87c9ba82a161860a0fc16990d85\",\"url\":\"https:\\\/\\\/secure.gravatar.com\\\/avatar\\\/1496f846049365121827f5470219486f1a95f83957cc8ca0a9595e40c185f5ee?s=96&d=mm&r=g\",\"contentUrl\":\"https:\\\/\\\/secure.gravatar.com\\\/avatar\\\/1496f846049365121827f5470219486f1a95f83957cc8ca0a9595e40c185f5ee?s=96&d=mm&r=g\",\"caption\":\"Laurent Schwartz\"},\"description\":\"Dipl\u00f4m\u00e9 de l\u2019EDHEC Business School en 2005, Laurent SCHWARTZ int\u00e8gre le cabinet d\u2019audit ERNST &amp; YOUNG en 2005 o\u00f9 il travaille pendant 4 ans. Parall\u00e8lement, il travaille au sein de l\u2019entreprise familiale cr\u00e9\u00e9e en 1976 \u00e0 Strasbourg. Fort de cette exp\u00e9rience et du savoir-faire d\u00e9velopp\u00e9 durant ces 40 derni\u00e8res ann\u00e9es, Laurent proc\u00e8de \u00e0 la refonte du site Internet Gold.fr d\u00e9di\u00e9 \u00e0 l\u2019achat d'or, vente d\u2019or (pi\u00e8ces, lingots, ...), achat or et argent,... qui conna\u00eetra un franc succ\u00e8s d\u00e8s son d\u00e9marrage en 2008. Il d\u00e9cide alors de d\u00e9velopper un r\u00e9seau de concessions exclusives: Le Comptoir National de l\u2019Or. Il assure d\u00e9sormais le pilotage strat\u00e9gique du 1er r\u00e9seau de France qui compte aujourd\u2019hui pas loin de 60 agences r\u00e9parties dans toute la France et depuis peu en Allemagne (Breisach). Le Comptoir National de l\u2019Or se positionne aujourd\u2019hui comme le leader incontournable sur le march\u00e9 de l\u2019Or et des m\u00e9taux pr\u00e9cieux en France.\",\"sameAs\":[\"https:\\\/\\\/www.gold.fr\",\"https:\\\/\\\/www.linkedin.com\\\/in\\\/acheteror\\\/\"]}]}<\/script>\n<!-- \/ Yoast SEO plugin. -->","yoast_head_json":{"title":"Le Comptoir National de l\u2019or cit\u00e9 par La Voix du Nord 21\/04 \u2013 Avec quatre comptoirs d'achat-vente, Arras conna\u00eet-elle la fi\u00e8vre de l'or ? - Gold.fr","description":"Rachat Or Arras, Vente Or Arras. Venez rencontrer David Engrand qui vous accueillera au sein de notre comptoir d'Arras du mardi au samedi.","robots":{"index":"index","follow":"follow","max-snippet":"max-snippet:-1","max-image-preview":"max-image-preview:large","max-video-preview":"max-video-preview:-1"},"canonical":"https:\/\/www.gold.fr\/news\/2022\/04\/25\/le-comptoir-national-de-lor-cite-par-la-voix-du-nord-21-04-avec-quatre-comptoirs-dachat-vente-arras-connait-elle-la-fievre-de-lor\/","og_locale":"fr_FR","og_type":"article","og_title":"Le Comptoir National de l\u2019or cit\u00e9 par La Voix du Nord 21\/04 \u2013 Avec quatre comptoirs d'achat-vente, Arras conna\u00eet-elle la fi\u00e8vre de l'or ? - Gold.fr","og_description":"Rachat Or Arras, Vente Or Arras. Venez rencontrer David Engrand qui vous accueillera au sein de notre comptoir d'Arras du mardi au samedi.","og_url":"https:\/\/www.gold.fr\/news\/2022\/04\/25\/le-comptoir-national-de-lor-cite-par-la-voix-du-nord-21-04-avec-quatre-comptoirs-dachat-vente-arras-connait-elle-la-fievre-de-lor\/","og_site_name":"Gold.fr","article_publisher":"https:\/\/www.facebook.com\/Goldfr\/","article_published_time":"2022-04-25T10:58:54+00:00","article_modified_time":"2022-04-25T12:23:29+00:00","og_image":[{"width":800,"height":533,"url":"https:\/\/www.gold.fr\/news\/wp-content\/uploads\/2022\/04\/Image-MEA-grande-WP-2-1.jpg","type":"image\/jpeg"}],"author":"Laurent Schwartz","twitter_card":"summary_large_image","twitter_misc":{"\u00c9crit par":"Laurent Schwartz","Dur\u00e9e de lecture estim\u00e9e":"1 minute"},"schema":{"@context":"https:\/\/schema.org","@graph":[{"@type":"Article","@id":"https:\/\/www.gold.fr\/news\/2022\/04\/25\/le-comptoir-national-de-lor-cite-par-la-voix-du-nord-21-04-avec-quatre-comptoirs-dachat-vente-arras-connait-elle-la-fievre-de-lor\/#article","isPartOf":{"@id":"https:\/\/www.gold.fr\/news\/2022\/04\/25\/le-comptoir-national-de-lor-cite-par-la-voix-du-nord-21-04-avec-quatre-comptoirs-dachat-vente-arras-connait-elle-la-fievre-de-lor\/"},"author":{"name":"Laurent Schwartz","@id":"https:\/\/www.gold.fr\/news\/#\/schema\/person\/4ed91d9a70d8f3a313c26e8308214fc2"},"headline":"Le Comptoir National de l\u2019or cit\u00e9 par La Voix du Nord 21\/04 \u2013 Avec quatre comptoirs d&rsquo;achat-vente, Arras conna\u00eet-elle la fi\u00e8vre de l&rsquo;or ?","datePublished":"2022-04-25T10:58:54+00:00","dateModified":"2022-04-25T12:23:29+00:00","mainEntityOfPage":{"@id":"https:\/\/www.gold.fr\/news\/2022\/04\/25\/le-comptoir-national-de-lor-cite-par-la-voix-du-nord-21-04-avec-quatre-comptoirs-dachat-vente-arras-connait-elle-la-fievre-de-lor\/"},"wordCount":128,"image":{"@id":"https:\/\/www.gold.fr\/news\/2022\/04\/25\/le-comptoir-national-de-lor-cite-par-la-voix-du-nord-21-04-avec-quatre-comptoirs-dachat-vente-arras-connait-elle-la-fievre-de-lor\/#primaryimage"},"thumbnailUrl":"https:\/\/www.gold.fr\/news\/wp-content\/uploads\/2022\/04\/Image-MEA-grande-WP-2-1.jpg","keywords":["Achat or","Comptoir National de l'Or Arras","Or","Valeur refuge","Vente or","vente or arras"],"articleSection":["CNDO dans la presse"],"inLanguage":"fr-FR"},{"@type":"WebPage","@id":"https:\/\/www.gold.fr\/news\/2022\/04\/25\/le-comptoir-national-de-lor-cite-par-la-voix-du-nord-21-04-avec-quatre-comptoirs-dachat-vente-arras-connait-elle-la-fievre-de-lor\/","url":"https:\/\/www.gold.fr\/news\/2022\/04\/25\/le-comptoir-national-de-lor-cite-par-la-voix-du-nord-21-04-avec-quatre-comptoirs-dachat-vente-arras-connait-elle-la-fievre-de-lor\/","name":"Le Comptoir National de l\u2019or cit\u00e9 par La Voix du Nord 21\/04 \u2013 Avec quatre comptoirs d'achat-vente, Arras conna\u00eet-elle la fi\u00e8vre de l'or ? - Gold.fr","isPartOf":{"@id":"https:\/\/www.gold.fr\/news\/#website"},"primaryImageOfPage":{"@id":"https:\/\/www.gold.fr\/news\/2022\/04\/25\/le-comptoir-national-de-lor-cite-par-la-voix-du-nord-21-04-avec-quatre-comptoirs-dachat-vente-arras-connait-elle-la-fievre-de-lor\/#primaryimage"},"image":{"@id":"https:\/\/www.gold.fr\/news\/2022\/04\/25\/le-comptoir-national-de-lor-cite-par-la-voix-du-nord-21-04-avec-quatre-comptoirs-dachat-vente-arras-connait-elle-la-fievre-de-lor\/#primaryimage"},"thumbnailUrl":"https:\/\/www.gold.fr\/news\/wp-content\/uploads\/2022\/04\/Image-MEA-grande-WP-2-1.jpg","datePublished":"2022-04-25T10:58:54+00:00","dateModified":"2022-04-25T12:23:29+00:00","author":{"@id":"https:\/\/www.gold.fr\/news\/#\/schema\/person\/4ed91d9a70d8f3a313c26e8308214fc2"},"description":"Rachat Or Arras, Vente Or Arras. Venez rencontrer David Engrand qui vous accueillera au sein de notre comptoir d'Arras du mardi au samedi.","breadcrumb":{"@id":"https:\/\/www.gold.fr\/news\/2022\/04\/25\/le-comptoir-national-de-lor-cite-par-la-voix-du-nord-21-04-avec-quatre-comptoirs-dachat-vente-arras-connait-elle-la-fievre-de-lor\/#breadcrumb"},"inLanguage":"fr-FR","potentialAction":[{"@type":"ReadAction","target":["https:\/\/www.gold.fr\/news\/2022\/04\/25\/le-comptoir-national-de-lor-cite-par-la-voix-du-nord-21-04-avec-quatre-comptoirs-dachat-vente-arras-connait-elle-la-fievre-de-lor\/"]}]},{"@type":"ImageObject","inLanguage":"fr-FR","@id":"https:\/\/www.gold.fr\/news\/2022\/04\/25\/le-comptoir-national-de-lor-cite-par-la-voix-du-nord-21-04-avec-quatre-comptoirs-dachat-vente-arras-connait-elle-la-fievre-de-lor\/#primaryimage","url":"https:\/\/www.gold.fr\/news\/wp-content\/uploads\/2022\/04\/Image-MEA-grande-WP-2-1.jpg","contentUrl":"https:\/\/www.gold.fr\/news\/wp-content\/uploads\/2022\/04\/Image-MEA-grande-WP-2-1.jpg","width":800,"height":533,"caption":"Ouverture Arras La Voix du Nord 21\/04"},{"@type":"BreadcrumbList","@id":"https:\/\/www.gold.fr\/news\/2022\/04\/25\/le-comptoir-national-de-lor-cite-par-la-voix-du-nord-21-04-avec-quatre-comptoirs-dachat-vente-arras-connait-elle-la-fievre-de-lor\/#breadcrumb","itemListElement":[{"@type":"ListItem","position":1,"name":"Accueil","item":"https:\/\/www.gold.fr\/"},{"@type":"ListItem","position":2,"name":"Actualit\u00e9s","item":"https:\/\/www.gold.fr\/news\/"},{"@type":"ListItem","position":3,"name":"Le Comptoir National de l\u2019or cit\u00e9 par La Voix du Nord 21\/04 \u2013 Avec quatre comptoirs d&rsquo;achat-vente, Arras conna\u00eet-elle la fi\u00e8vre de l&rsquo;or ?"}]},{"@type":"WebSite","@id":"https:\/\/www.gold.fr\/news\/#website","url":"https:\/\/www.gold.fr\/news\/","name":"Gold.fr","description":"Actualit\u00e9s de l&#039;Or et des m\u00e9taux pr\u00e9cieux","potentialAction":[{"@type":"SearchAction","target":{"@type":"EntryPoint","urlTemplate":"https:\/\/www.gold.fr\/news\/?s={search_term_string}"},"query-input":{"@type":"PropertyValueSpecification","valueRequired":true,"valueName":"search_term_string"}}],"inLanguage":"fr-FR"},{"@type":"Person","@id":"https:\/\/www.gold.fr\/news\/#\/schema\/person\/4ed91d9a70d8f3a313c26e8308214fc2","name":"Laurent Schwartz","image":{"@type":"ImageObject","inLanguage":"fr-FR","@id":"https:\/\/secure.gravatar.com\/avatar\/1496f846049365121827f5470219486f1a95f83957cc8ca0a9595e40c185f5ee?s=96&d=mm&r=g76f0e87c9ba82a161860a0fc16990d85","url":"https:\/\/secure.gravatar.com\/avatar\/1496f846049365121827f5470219486f1a95f83957cc8ca0a9595e40c185f5ee?s=96&d=mm&r=g","contentUrl":"https:\/\/secure.gravatar.com\/avatar\/1496f846049365121827f5470219486f1a95f83957cc8ca0a9595e40c185f5ee?s=96&d=mm&r=g","caption":"Laurent Schwartz"},"description":"Dipl\u00f4m\u00e9 de l\u2019EDHEC Business School en 2005, Laurent SCHWARTZ int\u00e8gre le cabinet d\u2019audit ERNST &amp; YOUNG en 2005 o\u00f9 il travaille pendant 4 ans. Parall\u00e8lement, il travaille au sein de l\u2019entreprise familiale cr\u00e9\u00e9e en 1976 \u00e0 Strasbourg. Fort de cette exp\u00e9rience et du savoir-faire d\u00e9velopp\u00e9 durant ces 40 derni\u00e8res ann\u00e9es, Laurent proc\u00e8de \u00e0 la refonte du site Internet Gold.fr d\u00e9di\u00e9 \u00e0 l\u2019achat d'or, vente d\u2019or (pi\u00e8ces, lingots, ...), achat or et argent,... qui conna\u00eetra un franc succ\u00e8s d\u00e8s son d\u00e9marrage en 2008. Il d\u00e9cide alors de d\u00e9velopper un r\u00e9seau de concessions exclusives: Le Comptoir National de l\u2019Or. Il assure d\u00e9sormais le pilotage strat\u00e9gique du 1er r\u00e9seau de France qui compte aujourd\u2019hui pas loin de 60 agences r\u00e9parties dans toute la France et depuis peu en Allemagne (Breisach). Le Comptoir National de l\u2019Or se positionne aujourd\u2019hui comme le leader incontournable sur le march\u00e9 de l\u2019Or et des m\u00e9taux pr\u00e9cieux en France.","sameAs":["https:\/\/www.gold.fr","https:\/\/www.linkedin.com\/in\/acheteror\/"]}]}},"authors":[{"term_id":2567,"user_id":6,"is_guest":0,"slug":"laurent","display_name":"Laurent Schwartz","avatar_url":"https:\/\/secure.gravatar.com\/avatar\/1496f846049365121827f5470219486f1a95f83957cc8ca0a9595e40c185f5ee?s=96&d=mm&r=g","0":null,"1":"","2":"","3":"","4":"","5":"","6":"","7":"","8":""}],"_links":{"self":[{"href":"https:\/\/www.gold.fr\/news\/wp-json\/wp\/v2\/posts\/42089","targetHints":{"allow":["GET"]}}],"collection":[{"href":"https:\/\/www.gold.fr\/news\/wp-json\/wp\/v2\/posts"}],"about":[{"href":"https:\/\/www.gold.fr\/news\/wp-json\/wp\/v2\/types\/post"}],"author":[{"embeddable":true,"href":"https:\/\/www.gold.fr\/news\/wp-json\/wp\/v2\/users\/6"}],"replies":[{"embeddable":true,"href":"https:\/\/www.gold.fr\/news\/wp-json\/wp\/v2\/comments?post=42089"}],"version-history":[{"count":0,"href":"https:\/\/www.gold.fr\/news\/wp-json\/wp\/v2\/posts\/42089\/revisions"}],"wp:featuredmedia":[{"embeddable":true,"href":"https:\/\/www.gold.fr\/news\/wp-json\/wp\/v2\/media\/42096"}],"wp:attachment":[{"href":"https:\/\/www.gold.fr\/news\/wp-json\/wp\/v2\/media?parent=42089"}],"wp:term":[{"taxonomy":"category","embeddable":true,"href":"https:\/\/www.gold.fr\/news\/wp-json\/wp\/v2\/categories?post=42089"},{"taxonomy":"post_tag","embeddable":true,"href":"https:\/\/www.gold.fr\/news\/wp-json\/wp\/v2\/tags?post=42089"},{"taxonomy":"author","embeddable":true,"href":"https:\/\/www.gold.fr\/news\/wp-json\/wp\/v2\/ppma_author?post=42089"}],"curies":[{"name":"wp","href":"https:\/\/api.w.org\/{rel}","templated":true}]}}