{"id":4204,"date":"2011-12-05T16:35:12","date_gmt":"2011-12-05T15:35:12","guid":{"rendered":"http:\/\/news.gold.fr\/?p=4204"},"modified":"2020-06-26T12:57:19","modified_gmt":"2020-06-26T10:57:19","slug":"apres-strasbourg-cest-au-tour-de-lyon-douvrir-un-2e-comptoir-le-13-decembre-2011","status":"publish","type":"post","link":"https:\/\/www.gold.fr\/news\/2011\/12\/05\/apres-strasbourg-cest-au-tour-de-lyon-douvrir-un-2e-comptoir-le-13-decembre-2011\/","title":{"rendered":"Ouverture d&rsquo;un second Comptoir \u00e0 Lyon le 13 d\u00e9cembre 2011"},"content":{"rendered":"<p style=\"text-align: justify;\"><span style=\"font-family: verdana,geneva; font-size: small;\"><a href=\"http:\/\/news.gold.fr\/wp-content\/uploads\/2011\/12\/Comptoir-Lyon.jpg\"><img loading=\"lazy\" decoding=\"async\" class=\"alignleft size-full wp-image-4209\" style=\"float: left; margin: 5px; border: 1px solid black;\" title=\"Comptoir Lyon\" src=\"http:\/\/news.gold.fr\/wp-content\/uploads\/2011\/12\/Comptoir-Lyon.jpg\" alt=\"\" width=\"150\" height=\"97\" srcset=\"https:\/\/www.gold.fr\/news\/wp-content\/uploads\/2011\/12\/Comptoir-Lyon.jpg 150w, https:\/\/www.gold.fr\/news\/wp-content\/uploads\/2011\/12\/Comptoir-Lyon-1x1.jpg 1w\" sizes=\"auto, (max-width: 150px) 100vw, 150px\" \/><\/a>Alors que nous vous annoncions la semaine derni\u00e8re l&rsquo;ouverture de 3 nouveaux comptoirs pour le mois de d\u00e9cembre. Le Comptoir National de l&rsquo;<a class=\"esk-seo-plu-link\" href=\"https:\/\/www.gold.fr\/news\/tags\/or\">Or<\/a> est heureux de vous annoncer l&rsquo;ouverture d&rsquo;un nouveau comptoir d&rsquo;<strong>achat<\/strong> et de <strong>vente d&rsquo;<a class=\"esk-seo-plu-link\" href=\"https:\/\/www.gold.fr\/news\/tags\/or\">or<\/a><\/strong> qui ouvrira ses portes \u00e0 <strong>Lyon<\/strong> dans le 6e arrondissement.<\/span><\/p>\n<p style=\"text-align: justify;\"><span style=\"font-family: verdana,geneva; font-size: small;\">Vous pourrez b\u00e9n\u00e9ficier d&rsquo;une <strong>expertise gratuite <\/strong>concernant l&rsquo;<strong><a title=\"Achat or\" href=\"https:\/\/www.gold.fr\/achat-or\/\" target=\"_blank\" rel=\"noopener noreferrer\">achat d\u2019or<\/a> <\/strong>(<strong><a class=\"esk-seo-plu-link\" href=\"https:\/\/www.gold.fr\/news\/tags\/piece-dor\">pi\u00e8ces d&rsquo;or<\/a><\/strong>,<strong> <strong><a class=\"esk-seo-plu-link\" href=\"https:\/\/www.gold.fr\/news\/tags\/lingot-dor\">lingots d&rsquo;or<\/a><\/strong><\/strong>,<strong><strong> <a class=\"esk-seo-plu-link\" href=\"https:\/\/www.gold.fr\/news\/tags\/lingot-dor\">lingotins<\/a><\/strong><\/strong>) ou la <strong><a title=\"vente or\" href=\"https:\/\/www.gold.fr\/vente-or\/\" target=\"_blank\" rel=\"noopener noreferrer\">vente d\u2019or<\/a> <\/strong>(<strong><strong><strong>bijoux en <a class=\"esk-seo-plu-link\" href=\"https:\/\/www.gold.fr\/news\/tags\/or\">or<\/a><\/strong><\/strong><\/strong>,<strong><strong><strong> d\u00e9bris d&rsquo;<a class=\"esk-seo-plu-link\" href=\"https:\/\/www.gold.fr\/news\/tags\/or\">or<\/a><\/strong> <\/strong><\/strong>et<strong><strong> o<strong>r dentaire<\/strong><\/strong><\/strong>).<\/span><\/p>\n<p style=\"text-align: justify;\"><span style=\"text-decoration: underline; font-family: verdana,geneva; font-size: small;\">Comptoir National de l&rsquo;<a class=\"esk-seo-plu-link\" href=\"https:\/\/www.gold.fr\/news\/tags\/or\">Or<\/a> de Lyon 6e : <\/span><\/p>\n<ul style=\"text-align: justify;\">\n<li><span style=\"font-family: verdana,geneva; font-size: small;\">Manager Christine DEGLI<\/span><\/li>\n<li><span style=\"font-family: verdana,geneva; font-size: small;\">24 Cours Franklin Roosevelt, 69006 Lyon<\/span><\/li>\n<li><span style=\"font-family: verdana,geneva; font-size: small;\">T\u00e9l : 04.78.37.62.11<\/span><\/li>\n<\/ul>\n<p style=\"text-align: justify;\"><span style=\"font-family: verdana,geneva; font-size: small;\"><a href=\"https:\/\/www.gold.fr\/contact-comptoir\/lyon6\/\">&gt;&gt;&gt; Contacter ce comptoir<\/a> <\/span><\/p>\n<!-- AddThis Advanced Settings generic via filter on the_content --><!-- AddThis Share Buttons generic via filter on the_content -->","protected":false},"excerpt":{"rendered":"<p>Alors que nous vous annoncions la semaine derni\u00e8re l&rsquo;ouverture de 3 nouveaux comptoirs pour le mois de d\u00e9cembre. Le Comptoir National de l&rsquo;Or est heureux de vous annoncer l&rsquo;ouverture d&rsquo;un nouveau comptoir d&rsquo;achat et de vente [&hellip;]<\/p>\n","protected":false},"author":18,"featured_media":4217,"comment_status":"closed","ping_status":"closed","sticky":false,"template":"","format":"standard","meta":{"_mbp_gutenberg_autopost":false,"_pgmb_is_evergreen":false,"_pgmb_ap_template_id":0,"footnotes":""},"categories":[5],"tags":[96,76,24],"ppma_author":[2565],"class_list":["post-4204","post","type-post","status-publish","format-standard","has-post-thumbnail","hentry","category-flash-infos","tag-lingot-dor","tag-or","tag-_lyon_"],"yoast_head":"<!-- This site is optimized with the Yoast SEO plugin v27.5 - https:\/\/yoast.com\/product\/yoast-seo-wordpress\/ -->\n<title>Ouverture d&#039;un second Comptoir \u00e0 Lyon le 13 d\u00e9cembre 2011 - Gold.fr<\/title>\n<meta name=\"description\" content=\"Ouverture de nouveaux comptoirs pour le mois de d\u00e9cembre Comptoir National de l&#039;Or, Lyon Achat, Vente Or, Pi\u00e8ces et Lingots, Expertise bijoux\" \/>\n<meta name=\"robots\" content=\"index, follow, max-snippet:-1, max-image-preview:large, max-video-preview:-1\" \/>\n<link rel=\"canonical\" href=\"https:\/\/www.gold.fr\/news\/2011\/12\/05\/apres-strasbourg-cest-au-tour-de-lyon-douvrir-un-2e-comptoir-le-13-decembre-2011\/\" \/>\n<meta property=\"og:locale\" content=\"fr_FR\" \/>\n<meta property=\"og:type\" content=\"article\" \/>\n<meta property=\"og:title\" content=\"Ouverture d&#039;un second Comptoir \u00e0 Lyon le 13 d\u00e9cembre 2011 - Gold.fr\" \/>\n<meta property=\"og:description\" content=\"Ouverture de nouveaux comptoirs pour le mois de d\u00e9cembre Comptoir National de l&#039;Or, Lyon Achat, Vente Or, Pi\u00e8ces et Lingots, Expertise bijoux\" \/>\n<meta property=\"og:url\" content=\"https:\/\/www.gold.fr\/news\/2011\/12\/05\/apres-strasbourg-cest-au-tour-de-lyon-douvrir-un-2e-comptoir-le-13-decembre-2011\/\" \/>\n<meta property=\"og:site_name\" content=\"Gold.fr\" \/>\n<meta property=\"article:publisher\" content=\"https:\/\/www.facebook.com\/Goldfr\/\" \/>\n<meta property=\"article:published_time\" content=\"2011-12-05T15:35:12+00:00\" \/>\n<meta property=\"article:modified_time\" content=\"2020-06-26T10:57:19+00:00\" \/>\n<meta property=\"og:image\" content=\"https:\/\/www.gold.fr\/news\/wp-content\/uploads\/2011\/12\/Comptoir-national-de-lor-d-e1323099990877.jpg\" \/>\n\t<meta property=\"og:image:width\" content=\"625\" \/>\n\t<meta property=\"og:image:height\" content=\"404\" \/>\n\t<meta property=\"og:image:type\" content=\"image\/jpeg\" \/>\n<meta name=\"author\" content=\"Comptoir National de l&#039;Or\" \/>\n<meta name=\"twitter:card\" content=\"summary_large_image\" \/>\n<meta name=\"twitter:label1\" content=\"\u00c9crit par\" \/>\n\t<meta name=\"twitter:data1\" content=\"Comptoir National de l&#039;Or\" \/>\n\t<meta name=\"twitter:label2\" content=\"Dur\u00e9e de lecture estim\u00e9e\" \/>\n\t<meta name=\"twitter:data2\" content=\"1 minute\" \/>\n<script type=\"application\/ld+json\" class=\"yoast-schema-graph\">{\"@context\":\"https:\\\/\\\/schema.org\",\"@graph\":[{\"@type\":\"Article\",\"@id\":\"https:\\\/\\\/www.gold.fr\\\/news\\\/2011\\\/12\\\/05\\\/apres-strasbourg-cest-au-tour-de-lyon-douvrir-un-2e-comptoir-le-13-decembre-2011\\\/#article\",\"isPartOf\":{\"@id\":\"https:\\\/\\\/www.gold.fr\\\/news\\\/2011\\\/12\\\/05\\\/apres-strasbourg-cest-au-tour-de-lyon-douvrir-un-2e-comptoir-le-13-decembre-2011\\\/\"},\"author\":{\"name\":\"Comptoir National de l'Or\",\"@id\":\"https:\\\/\\\/www.gold.fr\\\/news\\\/#\\\/schema\\\/person\\\/070491b4b4fb7671bf59b3be20302ce9\"},\"headline\":\"Ouverture d&rsquo;un second Comptoir \u00e0 Lyon le 13 d\u00e9cembre 2011\",\"datePublished\":\"2011-12-05T15:35:12+00:00\",\"dateModified\":\"2020-06-26T10:57:19+00:00\",\"mainEntityOfPage\":{\"@id\":\"https:\\\/\\\/www.gold.fr\\\/news\\\/2011\\\/12\\\/05\\\/apres-strasbourg-cest-au-tour-de-lyon-douvrir-un-2e-comptoir-le-13-decembre-2011\\\/\"},\"wordCount\":122,\"image\":{\"@id\":\"https:\\\/\\\/www.gold.fr\\\/news\\\/2011\\\/12\\\/05\\\/apres-strasbourg-cest-au-tour-de-lyon-douvrir-un-2e-comptoir-le-13-decembre-2011\\\/#primaryimage\"},\"thumbnailUrl\":\"https:\\\/\\\/www.gold.fr\\\/news\\\/wp-content\\\/uploads\\\/2011\\\/12\\\/Comptoir-national-de-lor-d-e1323099990877.jpg\",\"keywords\":[\"Lingot d'Or\",\"Or\",\"_Lyon_\"],\"articleSection\":[\"Flash infos\"],\"inLanguage\":\"fr-FR\"},{\"@type\":\"WebPage\",\"@id\":\"https:\\\/\\\/www.gold.fr\\\/news\\\/2011\\\/12\\\/05\\\/apres-strasbourg-cest-au-tour-de-lyon-douvrir-un-2e-comptoir-le-13-decembre-2011\\\/\",\"url\":\"https:\\\/\\\/www.gold.fr\\\/news\\\/2011\\\/12\\\/05\\\/apres-strasbourg-cest-au-tour-de-lyon-douvrir-un-2e-comptoir-le-13-decembre-2011\\\/\",\"name\":\"Ouverture d'un second Comptoir \u00e0 Lyon le 13 d\u00e9cembre 2011 - Gold.fr\",\"isPartOf\":{\"@id\":\"https:\\\/\\\/www.gold.fr\\\/news\\\/#website\"},\"primaryImageOfPage\":{\"@id\":\"https:\\\/\\\/www.gold.fr\\\/news\\\/2011\\\/12\\\/05\\\/apres-strasbourg-cest-au-tour-de-lyon-douvrir-un-2e-comptoir-le-13-decembre-2011\\\/#primaryimage\"},\"image\":{\"@id\":\"https:\\\/\\\/www.gold.fr\\\/news\\\/2011\\\/12\\\/05\\\/apres-strasbourg-cest-au-tour-de-lyon-douvrir-un-2e-comptoir-le-13-decembre-2011\\\/#primaryimage\"},\"thumbnailUrl\":\"https:\\\/\\\/www.gold.fr\\\/news\\\/wp-content\\\/uploads\\\/2011\\\/12\\\/Comptoir-national-de-lor-d-e1323099990877.jpg\",\"datePublished\":\"2011-12-05T15:35:12+00:00\",\"dateModified\":\"2020-06-26T10:57:19+00:00\",\"author\":{\"@id\":\"https:\\\/\\\/www.gold.fr\\\/news\\\/#\\\/schema\\\/person\\\/070491b4b4fb7671bf59b3be20302ce9\"},\"description\":\"Ouverture de nouveaux comptoirs pour le mois de d\u00e9cembre Comptoir National de l'Or, Lyon Achat, Vente Or, Pi\u00e8ces et Lingots, Expertise bijoux\",\"breadcrumb\":{\"@id\":\"https:\\\/\\\/www.gold.fr\\\/news\\\/2011\\\/12\\\/05\\\/apres-strasbourg-cest-au-tour-de-lyon-douvrir-un-2e-comptoir-le-13-decembre-2011\\\/#breadcrumb\"},\"inLanguage\":\"fr-FR\",\"potentialAction\":[{\"@type\":\"ReadAction\",\"target\":[\"https:\\\/\\\/www.gold.fr\\\/news\\\/2011\\\/12\\\/05\\\/apres-strasbourg-cest-au-tour-de-lyon-douvrir-un-2e-comptoir-le-13-decembre-2011\\\/\"]}]},{\"@type\":\"ImageObject\",\"inLanguage\":\"fr-FR\",\"@id\":\"https:\\\/\\\/www.gold.fr\\\/news\\\/2011\\\/12\\\/05\\\/apres-strasbourg-cest-au-tour-de-lyon-douvrir-un-2e-comptoir-le-13-decembre-2011\\\/#primaryimage\",\"url\":\"https:\\\/\\\/www.gold.fr\\\/news\\\/wp-content\\\/uploads\\\/2011\\\/12\\\/Comptoir-national-de-lor-d-e1323099990877.jpg\",\"contentUrl\":\"https:\\\/\\\/www.gold.fr\\\/news\\\/wp-content\\\/uploads\\\/2011\\\/12\\\/Comptoir-national-de-lor-d-e1323099990877.jpg\",\"width\":\"625\",\"height\":\"404\",\"caption\":\"Comptoir-national-de-l'or\"},{\"@type\":\"BreadcrumbList\",\"@id\":\"https:\\\/\\\/www.gold.fr\\\/news\\\/2011\\\/12\\\/05\\\/apres-strasbourg-cest-au-tour-de-lyon-douvrir-un-2e-comptoir-le-13-decembre-2011\\\/#breadcrumb\",\"itemListElement\":[{\"@type\":\"ListItem\",\"position\":1,\"name\":\"Accueil\",\"item\":\"https:\\\/\\\/www.gold.fr\\\/\"},{\"@type\":\"ListItem\",\"position\":2,\"name\":\"Actualit\u00e9s\",\"item\":\"https:\\\/\\\/www.gold.fr\\\/news\\\/\"},{\"@type\":\"ListItem\",\"position\":3,\"name\":\"Ouverture d&rsquo;un second Comptoir \u00e0 Lyon le 13 d\u00e9cembre 2011\"}]},{\"@type\":\"WebSite\",\"@id\":\"https:\\\/\\\/www.gold.fr\\\/news\\\/#website\",\"url\":\"https:\\\/\\\/www.gold.fr\\\/news\\\/\",\"name\":\"Gold.fr\",\"description\":\"Actualit\u00e9s de l&#039;Or et des m\u00e9taux pr\u00e9cieux\",\"potentialAction\":[{\"@type\":\"SearchAction\",\"target\":{\"@type\":\"EntryPoint\",\"urlTemplate\":\"https:\\\/\\\/www.gold.fr\\\/news\\\/?s={search_term_string}\"},\"query-input\":{\"@type\":\"PropertyValueSpecification\",\"valueRequired\":true,\"valueName\":\"search_term_string\"}}],\"inLanguage\":\"fr-FR\"},{\"@type\":\"Person\",\"@id\":\"https:\\\/\\\/www.gold.fr\\\/news\\\/#\\\/schema\\\/person\\\/070491b4b4fb7671bf59b3be20302ce9\",\"name\":\"Comptoir National de l'Or\",\"image\":{\"@type\":\"ImageObject\",\"inLanguage\":\"fr-FR\",\"@id\":\"https:\\\/\\\/secure.gravatar.com\\\/avatar\\\/0a2867fd5abe37bed95d5a65e9d58f01756e11efc68af9888dfc50cfa7f65948?s=96&d=mm&r=gb490554db0a38188709de567aa58480d\",\"url\":\"https:\\\/\\\/secure.gravatar.com\\\/avatar\\\/0a2867fd5abe37bed95d5a65e9d58f01756e11efc68af9888dfc50cfa7f65948?s=96&d=mm&r=g\",\"contentUrl\":\"https:\\\/\\\/secure.gravatar.com\\\/avatar\\\/0a2867fd5abe37bed95d5a65e9d58f01756e11efc68af9888dfc50cfa7f65948?s=96&d=mm&r=g\",\"caption\":\"Comptoir National de l'Or\"},\"description\":\"Notre r\u00e9daction est constitu\u00e9e de membres experts dans les m\u00e9tiers de l'\u00e9conomie et la gestion, des Responsables d'agence Comptoir National de l'Or, des analystes financiers qui publient r\u00e9guli\u00e8rement des \u00e9tudes sur les politiques des banques centrales, le cours de l'or, prix de l'or, cours de l'argent, prix de l'argent, cours du platine, cours du palladium,... la situation en zone euro et l'impact de la strat\u00e9gie mon\u00e9taire de la FED. Notre \u00e9quipe scrute \u00e9galement une information plus g\u00e9n\u00e9raliste \u00e0 la recherche d'actualit\u00e9 \\\"p\u00e9pite\\\" \u00e0 vous partager. Depuis 5 ans, nous avons publi\u00e9 un peu plus de 4000 articles qui s'adressent \u00e0 un public large et vari\u00e9 ayant pour objectif de satisfaire votre curiosit\u00e9 et de partager avec vous une certaine fascination pour le m\u00e9tal jaune, le rachat d'or, et pour ceux qui veulent investir dans l'or, vendre leur or tout simplement en savoir plus... Pour tous vos achat or et argent, n'h\u00e9sitez pas \u00e0 prendre rendez-vous dans l'un de nos nombreux comptoirs.\",\"sameAs\":[\"https:\\\/\\\/www.gold.fr\"]}]}<\/script>\n<!-- \/ Yoast SEO plugin. -->","yoast_head_json":{"title":"Ouverture d'un second Comptoir \u00e0 Lyon le 13 d\u00e9cembre 2011 - Gold.fr","description":"Ouverture de nouveaux comptoirs pour le mois de d\u00e9cembre Comptoir National de l'Or, Lyon Achat, Vente Or, Pi\u00e8ces et Lingots, Expertise bijoux","robots":{"index":"index","follow":"follow","max-snippet":"max-snippet:-1","max-image-preview":"max-image-preview:large","max-video-preview":"max-video-preview:-1"},"canonical":"https:\/\/www.gold.fr\/news\/2011\/12\/05\/apres-strasbourg-cest-au-tour-de-lyon-douvrir-un-2e-comptoir-le-13-decembre-2011\/","og_locale":"fr_FR","og_type":"article","og_title":"Ouverture d'un second Comptoir \u00e0 Lyon le 13 d\u00e9cembre 2011 - Gold.fr","og_description":"Ouverture de nouveaux comptoirs pour le mois de d\u00e9cembre Comptoir National de l'Or, Lyon Achat, Vente Or, Pi\u00e8ces et Lingots, Expertise bijoux","og_url":"https:\/\/www.gold.fr\/news\/2011\/12\/05\/apres-strasbourg-cest-au-tour-de-lyon-douvrir-un-2e-comptoir-le-13-decembre-2011\/","og_site_name":"Gold.fr","article_publisher":"https:\/\/www.facebook.com\/Goldfr\/","article_published_time":"2011-12-05T15:35:12+00:00","article_modified_time":"2020-06-26T10:57:19+00:00","og_image":[{"width":625,"height":404,"url":"https:\/\/www.gold.fr\/news\/wp-content\/uploads\/2011\/12\/Comptoir-national-de-lor-d-e1323099990877.jpg","type":"image\/jpeg"}],"author":"Comptoir National de l'Or","twitter_card":"summary_large_image","twitter_misc":{"\u00c9crit par":"Comptoir National de l'Or","Dur\u00e9e de lecture estim\u00e9e":"1 minute"},"schema":{"@context":"https:\/\/schema.org","@graph":[{"@type":"Article","@id":"https:\/\/www.gold.fr\/news\/2011\/12\/05\/apres-strasbourg-cest-au-tour-de-lyon-douvrir-un-2e-comptoir-le-13-decembre-2011\/#article","isPartOf":{"@id":"https:\/\/www.gold.fr\/news\/2011\/12\/05\/apres-strasbourg-cest-au-tour-de-lyon-douvrir-un-2e-comptoir-le-13-decembre-2011\/"},"author":{"name":"Comptoir National de l'Or","@id":"https:\/\/www.gold.fr\/news\/#\/schema\/person\/070491b4b4fb7671bf59b3be20302ce9"},"headline":"Ouverture d&rsquo;un second Comptoir \u00e0 Lyon le 13 d\u00e9cembre 2011","datePublished":"2011-12-05T15:35:12+00:00","dateModified":"2020-06-26T10:57:19+00:00","mainEntityOfPage":{"@id":"https:\/\/www.gold.fr\/news\/2011\/12\/05\/apres-strasbourg-cest-au-tour-de-lyon-douvrir-un-2e-comptoir-le-13-decembre-2011\/"},"wordCount":122,"image":{"@id":"https:\/\/www.gold.fr\/news\/2011\/12\/05\/apres-strasbourg-cest-au-tour-de-lyon-douvrir-un-2e-comptoir-le-13-decembre-2011\/#primaryimage"},"thumbnailUrl":"https:\/\/www.gold.fr\/news\/wp-content\/uploads\/2011\/12\/Comptoir-national-de-lor-d-e1323099990877.jpg","keywords":["Lingot d'Or","Or","_Lyon_"],"articleSection":["Flash infos"],"inLanguage":"fr-FR"},{"@type":"WebPage","@id":"https:\/\/www.gold.fr\/news\/2011\/12\/05\/apres-strasbourg-cest-au-tour-de-lyon-douvrir-un-2e-comptoir-le-13-decembre-2011\/","url":"https:\/\/www.gold.fr\/news\/2011\/12\/05\/apres-strasbourg-cest-au-tour-de-lyon-douvrir-un-2e-comptoir-le-13-decembre-2011\/","name":"Ouverture d'un second Comptoir \u00e0 Lyon le 13 d\u00e9cembre 2011 - Gold.fr","isPartOf":{"@id":"https:\/\/www.gold.fr\/news\/#website"},"primaryImageOfPage":{"@id":"https:\/\/www.gold.fr\/news\/2011\/12\/05\/apres-strasbourg-cest-au-tour-de-lyon-douvrir-un-2e-comptoir-le-13-decembre-2011\/#primaryimage"},"image":{"@id":"https:\/\/www.gold.fr\/news\/2011\/12\/05\/apres-strasbourg-cest-au-tour-de-lyon-douvrir-un-2e-comptoir-le-13-decembre-2011\/#primaryimage"},"thumbnailUrl":"https:\/\/www.gold.fr\/news\/wp-content\/uploads\/2011\/12\/Comptoir-national-de-lor-d-e1323099990877.jpg","datePublished":"2011-12-05T15:35:12+00:00","dateModified":"2020-06-26T10:57:19+00:00","author":{"@id":"https:\/\/www.gold.fr\/news\/#\/schema\/person\/070491b4b4fb7671bf59b3be20302ce9"},"description":"Ouverture de nouveaux comptoirs pour le mois de d\u00e9cembre Comptoir National de l'Or, Lyon Achat, Vente Or, Pi\u00e8ces et Lingots, Expertise bijoux","breadcrumb":{"@id":"https:\/\/www.gold.fr\/news\/2011\/12\/05\/apres-strasbourg-cest-au-tour-de-lyon-douvrir-un-2e-comptoir-le-13-decembre-2011\/#breadcrumb"},"inLanguage":"fr-FR","potentialAction":[{"@type":"ReadAction","target":["https:\/\/www.gold.fr\/news\/2011\/12\/05\/apres-strasbourg-cest-au-tour-de-lyon-douvrir-un-2e-comptoir-le-13-decembre-2011\/"]}]},{"@type":"ImageObject","inLanguage":"fr-FR","@id":"https:\/\/www.gold.fr\/news\/2011\/12\/05\/apres-strasbourg-cest-au-tour-de-lyon-douvrir-un-2e-comptoir-le-13-decembre-2011\/#primaryimage","url":"https:\/\/www.gold.fr\/news\/wp-content\/uploads\/2011\/12\/Comptoir-national-de-lor-d-e1323099990877.jpg","contentUrl":"https:\/\/www.gold.fr\/news\/wp-content\/uploads\/2011\/12\/Comptoir-national-de-lor-d-e1323099990877.jpg","width":"625","height":"404","caption":"Comptoir-national-de-l'or"},{"@type":"BreadcrumbList","@id":"https:\/\/www.gold.fr\/news\/2011\/12\/05\/apres-strasbourg-cest-au-tour-de-lyon-douvrir-un-2e-comptoir-le-13-decembre-2011\/#breadcrumb","itemListElement":[{"@type":"ListItem","position":1,"name":"Accueil","item":"https:\/\/www.gold.fr\/"},{"@type":"ListItem","position":2,"name":"Actualit\u00e9s","item":"https:\/\/www.gold.fr\/news\/"},{"@type":"ListItem","position":3,"name":"Ouverture d&rsquo;un second Comptoir \u00e0 Lyon le 13 d\u00e9cembre 2011"}]},{"@type":"WebSite","@id":"https:\/\/www.gold.fr\/news\/#website","url":"https:\/\/www.gold.fr\/news\/","name":"Gold.fr","description":"Actualit\u00e9s de l&#039;Or et des m\u00e9taux pr\u00e9cieux","potentialAction":[{"@type":"SearchAction","target":{"@type":"EntryPoint","urlTemplate":"https:\/\/www.gold.fr\/news\/?s={search_term_string}"},"query-input":{"@type":"PropertyValueSpecification","valueRequired":true,"valueName":"search_term_string"}}],"inLanguage":"fr-FR"},{"@type":"Person","@id":"https:\/\/www.gold.fr\/news\/#\/schema\/person\/070491b4b4fb7671bf59b3be20302ce9","name":"Comptoir National de l'Or","image":{"@type":"ImageObject","inLanguage":"fr-FR","@id":"https:\/\/secure.gravatar.com\/avatar\/0a2867fd5abe37bed95d5a65e9d58f01756e11efc68af9888dfc50cfa7f65948?s=96&d=mm&r=gb490554db0a38188709de567aa58480d","url":"https:\/\/secure.gravatar.com\/avatar\/0a2867fd5abe37bed95d5a65e9d58f01756e11efc68af9888dfc50cfa7f65948?s=96&d=mm&r=g","contentUrl":"https:\/\/secure.gravatar.com\/avatar\/0a2867fd5abe37bed95d5a65e9d58f01756e11efc68af9888dfc50cfa7f65948?s=96&d=mm&r=g","caption":"Comptoir National de l'Or"},"description":"Notre r\u00e9daction est constitu\u00e9e de membres experts dans les m\u00e9tiers de l'\u00e9conomie et la gestion, des Responsables d'agence Comptoir National de l'Or, des analystes financiers qui publient r\u00e9guli\u00e8rement des \u00e9tudes sur les politiques des banques centrales, le cours de l'or, prix de l'or, cours de l'argent, prix de l'argent, cours du platine, cours du palladium,... la situation en zone euro et l'impact de la strat\u00e9gie mon\u00e9taire de la FED. Notre \u00e9quipe scrute \u00e9galement une information plus g\u00e9n\u00e9raliste \u00e0 la recherche d'actualit\u00e9 \"p\u00e9pite\" \u00e0 vous partager. Depuis 5 ans, nous avons publi\u00e9 un peu plus de 4000 articles qui s'adressent \u00e0 un public large et vari\u00e9 ayant pour objectif de satisfaire votre curiosit\u00e9 et de partager avec vous une certaine fascination pour le m\u00e9tal jaune, le rachat d'or, et pour ceux qui veulent investir dans l'or, vendre leur or tout simplement en savoir plus... Pour tous vos achat or et argent, n'h\u00e9sitez pas \u00e0 prendre rendez-vous dans l'un de nos nombreux comptoirs.","sameAs":["https:\/\/www.gold.fr"]}]}},"authors":[{"term_id":2565,"user_id":18,"is_guest":0,"slug":"julie","display_name":"Comptoir National de l'Or","avatar_url":"https:\/\/secure.gravatar.com\/avatar\/713f289e398d35ead876c4a4cc08607f0d6d266058cfc25683fffb6092d0e572?s=96&d=mm&r=g","0":null,"1":"","2":"","3":"","4":"","5":"","6":"","7":"","8":""}],"_links":{"self":[{"href":"https:\/\/www.gold.fr\/news\/wp-json\/wp\/v2\/posts\/4204","targetHints":{"allow":["GET"]}}],"collection":[{"href":"https:\/\/www.gold.fr\/news\/wp-json\/wp\/v2\/posts"}],"about":[{"href":"https:\/\/www.gold.fr\/news\/wp-json\/wp\/v2\/types\/post"}],"author":[{"embeddable":true,"href":"https:\/\/www.gold.fr\/news\/wp-json\/wp\/v2\/users\/18"}],"replies":[{"embeddable":true,"href":"https:\/\/www.gold.fr\/news\/wp-json\/wp\/v2\/comments?post=4204"}],"version-history":[{"count":0,"href":"https:\/\/www.gold.fr\/news\/wp-json\/wp\/v2\/posts\/4204\/revisions"}],"wp:featuredmedia":[{"embeddable":true,"href":"https:\/\/www.gold.fr\/news\/wp-json\/wp\/v2\/media\/4217"}],"wp:attachment":[{"href":"https:\/\/www.gold.fr\/news\/wp-json\/wp\/v2\/media?parent=4204"}],"wp:term":[{"taxonomy":"category","embeddable":true,"href":"https:\/\/www.gold.fr\/news\/wp-json\/wp\/v2\/categories?post=4204"},{"taxonomy":"post_tag","embeddable":true,"href":"https:\/\/www.gold.fr\/news\/wp-json\/wp\/v2\/tags?post=4204"},{"taxonomy":"author","embeddable":true,"href":"https:\/\/www.gold.fr\/news\/wp-json\/wp\/v2\/ppma_author?post=4204"}],"curies":[{"name":"wp","href":"https:\/\/api.w.org\/{rel}","templated":true}]}}