{"id":4200,"date":"2011-12-03T14:30:05","date_gmt":"2011-12-03T13:30:05","guid":{"rendered":"http:\/\/news.gold.fr\/?p=4200"},"modified":"2017-11-02T11:36:58","modified_gmt":"2017-11-02T10:36:58","slug":"or-et-records-cest-reparti","status":"publish","type":"post","link":"https:\/\/www.gold.fr\/news\/2011\/12\/03\/or-et-records-cest-reparti\/","title":{"rendered":"Or et records \u2013 C\u2019est reparti !"},"content":{"rendered":"<p style=\"text-align: justify;\"><span style=\"font-family: verdana,geneva; font-size: small;\"><a href=\"http:\/\/news.gold.fr\/wp-content\/uploads\/2011\/12\/main-dor.jpg\"><img loading=\"lazy\" decoding=\"async\" class=\"alignleft size-thumbnail wp-image-4201\" style=\"float: left; margin: 5px; border: 1px solid black;\" title=\"main-d'or\" src=\"http:\/\/news.gold.fr\/wp-content\/uploads\/2011\/12\/main-dor-150x150.jpg\" alt=\"\" width=\"150\" height=\"150\" \/><\/a><\/span><span style=\"font-family: verdana,geneva; font-size: small;\">Apr\u00e8s des semaines de stagnation profond\u00e9ment marqu\u00e9e par <strong>une tendance baissi\u00e8re<\/strong> persistante, le <a href='https:\/\/www.gold.fr\/news\/tags\/or' class='esk-seo-plu-link'>m\u00e9tal jaune<\/a> reprend enfin du poil de la b\u00eate et repart sur le chemin de la hausse.<\/span><\/p>\n<p>  <span style=\"font-family: verdana,geneva; font-size: small;\"> L&rsquo;<strong><a href='https:\/\/www.gold.fr\/news\/tags\/or' class='esk-seo-plu-link'>or<\/a><\/strong> avait stagn\u00e9 pendant plus de deux semaines dans une fourchette (entre 1 600 dollars et 1 690 dollars) qui l&rsquo;\u00e9loignait progressivement de ses derniers records, enregistr\u00e9s tout au long de l&rsquo;\u00e9t\u00e9. Les analystes du n\u00e9gociant helv\u00e9tique MKS Finance estiment que la \u00ab liquidit\u00e9 du <strong>march\u00e9 de l&rsquo;<a href='https:\/\/www.gold.fr\/news\/tags\/or' class='esk-seo-plu-link'>or<\/a><\/strong> avait faibli en raison, notamment, du d\u00e9crochage de l&rsquo;euro qui n&rsquo;a pas manqu\u00e9 d&rsquo;exercer une forte pression baissi\u00e8re sur le prix du fin m\u00e9tal \u00bb.<\/span>    <span style=\"font-family: verdana,geneva; font-size: small;\"> Le courtier en m\u00e9taux de Mitsubishi voit, quant \u00e0 lui, que cette tendance baissi\u00e8re est due \u00e0 <strong>une crise g\u00e9n\u00e9ralis\u00e9e de la zone euro<\/strong>, aussi bien sur le plan \u00e9conomique que politique. \u00ab Les investisseurs &lsquo;longs&rsquo; ont d\u00e9cid\u00e9 qu&rsquo;il fallait privil\u00e9gier le cash par les temps qui courent \u00bb, d\u00e9clare-t-il.<\/span>    <span style=\"font-family: verdana,geneva; font-size: small;\"> Toujours est-il que l&rsquo;<strong><a href='https:\/\/www.gold.fr\/news\/tags\/or' class='esk-seo-plu-link'>or<\/a><\/strong> a finalement retrouv\u00e9 le chemin de la hausse en brisant le seuil psychologique et technique des 1 700 dollars, orientant son prix dans le sens d&rsquo;une ascension que la plupart des professionnels voient mener \u00e0 de nouveaux records d\u00e8s le d\u00e9but de l&rsquo;ann\u00e9e prochaine.<\/span>    <span style=\"font-family: verdana,geneva; font-size: small;\"> En attendant, le pr\u00e9cieux m\u00e9tal devra briser une autre r\u00e9sistance de taille localis\u00e9e dans les 1 800 \u00e0 1 820 dollars<\/span><\/p>\n<!-- AddThis Advanced Settings generic via filter on the_content --><!-- AddThis Share Buttons generic via filter on the_content -->","protected":false},"excerpt":{"rendered":"<p>Apr\u00e8s des semaines de stagnation profond\u00e9ment marqu\u00e9e par une tendance baissi\u00e8re persistante, le m\u00e9tal jaune reprend enfin du poil de la b\u00eate et repart sur le chemin de la hausse. L&rsquo;or avait stagn\u00e9 pendant plus de [&hellip;]<\/p>\n","protected":false},"author":18,"featured_media":4202,"comment_status":"open","ping_status":"open","sticky":false,"template":"","format":"standard","meta":{"_mbp_gutenberg_autopost":false,"_pgmb_is_evergreen":false,"_pgmb_ap_template_id":0,"footnotes":""},"categories":[6],"tags":[95,76,127],"ppma_author":[2565],"class_list":["post-4200","post","type-post","status-publish","format-standard","has-post-thumbnail","hentry","category-articles-de-presse","tag-marche-de-lor","tag-or","tag-tendance-baissiere"],"yoast_head":"<!-- This site is optimized with the Yoast SEO plugin v27.5 - https:\/\/yoast.com\/product\/yoast-seo-wordpress\/ -->\n<title>Or et records \u2013 C\u2019est reparti ! - Gold.fr<\/title>\n<meta name=\"robots\" content=\"index, follow, max-snippet:-1, max-image-preview:large, max-video-preview:-1\" \/>\n<link rel=\"canonical\" href=\"https:\/\/www.gold.fr\/news\/2011\/12\/03\/or-et-records-cest-reparti\/\" \/>\n<meta property=\"og:locale\" content=\"fr_FR\" \/>\n<meta property=\"og:type\" content=\"article\" \/>\n<meta property=\"og:title\" content=\"Or et records \u2013 C\u2019est reparti ! - Gold.fr\" \/>\n<meta property=\"og:description\" content=\"Apr\u00e8s des semaines de stagnation profond\u00e9ment marqu\u00e9e par une tendance baissi\u00e8re persistante, le m\u00e9tal jaune reprend enfin du poil de la b\u00eate et repart sur le chemin de la hausse. L&rsquo;or avait stagn\u00e9 pendant plus de [&hellip;]\" \/>\n<meta property=\"og:url\" content=\"https:\/\/www.gold.fr\/news\/2011\/12\/03\/or-et-records-cest-reparti\/\" \/>\n<meta property=\"og:site_name\" content=\"Gold.fr\" \/>\n<meta property=\"article:publisher\" content=\"https:\/\/www.facebook.com\/Goldfr\/\" \/>\n<meta property=\"article:published_time\" content=\"2011-12-03T13:30:05+00:00\" \/>\n<meta property=\"article:modified_time\" content=\"2017-11-02T10:36:58+00:00\" \/>\n<meta property=\"og:image\" content=\"https:\/\/www.gold.fr\/news\/wp-content\/uploads\/2011\/12\/boudha-or.jpg\" \/>\n\t<meta property=\"og:image:width\" content=\"601\" \/>\n\t<meta property=\"og:image:height\" content=\"400\" \/>\n\t<meta property=\"og:image:type\" content=\"image\/jpeg\" \/>\n<meta name=\"author\" content=\"Comptoir National de l&#039;Or\" \/>\n<meta name=\"twitter:card\" content=\"summary_large_image\" \/>\n<meta name=\"twitter:label1\" content=\"\u00c9crit par\" \/>\n\t<meta name=\"twitter:data1\" content=\"Comptoir National de l&#039;Or\" \/>\n\t<meta name=\"twitter:label2\" content=\"Dur\u00e9e de lecture estim\u00e9e\" \/>\n\t<meta name=\"twitter:data2\" content=\"1 minute\" \/>\n<script type=\"application\/ld+json\" class=\"yoast-schema-graph\">{\"@context\":\"https:\\\/\\\/schema.org\",\"@graph\":[{\"@type\":\"Article\",\"@id\":\"https:\\\/\\\/www.gold.fr\\\/news\\\/2011\\\/12\\\/03\\\/or-et-records-cest-reparti\\\/#article\",\"isPartOf\":{\"@id\":\"https:\\\/\\\/www.gold.fr\\\/news\\\/2011\\\/12\\\/03\\\/or-et-records-cest-reparti\\\/\"},\"author\":{\"name\":\"Comptoir National de l'Or\",\"@id\":\"https:\\\/\\\/www.gold.fr\\\/news\\\/#\\\/schema\\\/person\\\/070491b4b4fb7671bf59b3be20302ce9\"},\"headline\":\"Or et records \u2013 C\u2019est reparti !\",\"datePublished\":\"2011-12-03T13:30:05+00:00\",\"dateModified\":\"2017-11-02T10:36:58+00:00\",\"mainEntityOfPage\":{\"@id\":\"https:\\\/\\\/www.gold.fr\\\/news\\\/2011\\\/12\\\/03\\\/or-et-records-cest-reparti\\\/\"},\"wordCount\":248,\"commentCount\":0,\"image\":{\"@id\":\"https:\\\/\\\/www.gold.fr\\\/news\\\/2011\\\/12\\\/03\\\/or-et-records-cest-reparti\\\/#primaryimage\"},\"thumbnailUrl\":\"https:\\\/\\\/www.gold.fr\\\/news\\\/wp-content\\\/uploads\\\/2011\\\/12\\\/boudha-or.jpg\",\"keywords\":[\"march\u00e9 de l'or\",\"Or\",\"tendance baissi\u00e8re\"],\"articleSection\":[\"Articles de presse\"],\"inLanguage\":\"fr-FR\"},{\"@type\":\"WebPage\",\"@id\":\"https:\\\/\\\/www.gold.fr\\\/news\\\/2011\\\/12\\\/03\\\/or-et-records-cest-reparti\\\/\",\"url\":\"https:\\\/\\\/www.gold.fr\\\/news\\\/2011\\\/12\\\/03\\\/or-et-records-cest-reparti\\\/\",\"name\":\"Or et records \u2013 C\u2019est reparti ! - Gold.fr\",\"isPartOf\":{\"@id\":\"https:\\\/\\\/www.gold.fr\\\/news\\\/#website\"},\"primaryImageOfPage\":{\"@id\":\"https:\\\/\\\/www.gold.fr\\\/news\\\/2011\\\/12\\\/03\\\/or-et-records-cest-reparti\\\/#primaryimage\"},\"image\":{\"@id\":\"https:\\\/\\\/www.gold.fr\\\/news\\\/2011\\\/12\\\/03\\\/or-et-records-cest-reparti\\\/#primaryimage\"},\"thumbnailUrl\":\"https:\\\/\\\/www.gold.fr\\\/news\\\/wp-content\\\/uploads\\\/2011\\\/12\\\/boudha-or.jpg\",\"datePublished\":\"2011-12-03T13:30:05+00:00\",\"dateModified\":\"2017-11-02T10:36:58+00:00\",\"author\":{\"@id\":\"https:\\\/\\\/www.gold.fr\\\/news\\\/#\\\/schema\\\/person\\\/070491b4b4fb7671bf59b3be20302ce9\"},\"breadcrumb\":{\"@id\":\"https:\\\/\\\/www.gold.fr\\\/news\\\/2011\\\/12\\\/03\\\/or-et-records-cest-reparti\\\/#breadcrumb\"},\"inLanguage\":\"fr-FR\",\"potentialAction\":[{\"@type\":\"ReadAction\",\"target\":[\"https:\\\/\\\/www.gold.fr\\\/news\\\/2011\\\/12\\\/03\\\/or-et-records-cest-reparti\\\/\"]}]},{\"@type\":\"ImageObject\",\"inLanguage\":\"fr-FR\",\"@id\":\"https:\\\/\\\/www.gold.fr\\\/news\\\/2011\\\/12\\\/03\\\/or-et-records-cest-reparti\\\/#primaryimage\",\"url\":\"https:\\\/\\\/www.gold.fr\\\/news\\\/wp-content\\\/uploads\\\/2011\\\/12\\\/boudha-or.jpg\",\"contentUrl\":\"https:\\\/\\\/www.gold.fr\\\/news\\\/wp-content\\\/uploads\\\/2011\\\/12\\\/boudha-or.jpg\",\"width\":\"601\",\"height\":\"400\",\"caption\":\"Symbolisme de l'Or\"},{\"@type\":\"BreadcrumbList\",\"@id\":\"https:\\\/\\\/www.gold.fr\\\/news\\\/2011\\\/12\\\/03\\\/or-et-records-cest-reparti\\\/#breadcrumb\",\"itemListElement\":[{\"@type\":\"ListItem\",\"position\":1,\"name\":\"Accueil\",\"item\":\"https:\\\/\\\/www.gold.fr\\\/\"},{\"@type\":\"ListItem\",\"position\":2,\"name\":\"Actualit\u00e9s\",\"item\":\"https:\\\/\\\/www.gold.fr\\\/news\\\/\"},{\"@type\":\"ListItem\",\"position\":3,\"name\":\"Or et records \u2013 C\u2019est reparti !\"}]},{\"@type\":\"WebSite\",\"@id\":\"https:\\\/\\\/www.gold.fr\\\/news\\\/#website\",\"url\":\"https:\\\/\\\/www.gold.fr\\\/news\\\/\",\"name\":\"Gold.fr\",\"description\":\"Actualit\u00e9s de l&#039;Or et des m\u00e9taux pr\u00e9cieux\",\"potentialAction\":[{\"@type\":\"SearchAction\",\"target\":{\"@type\":\"EntryPoint\",\"urlTemplate\":\"https:\\\/\\\/www.gold.fr\\\/news\\\/?s={search_term_string}\"},\"query-input\":{\"@type\":\"PropertyValueSpecification\",\"valueRequired\":true,\"valueName\":\"search_term_string\"}}],\"inLanguage\":\"fr-FR\"},{\"@type\":\"Person\",\"@id\":\"https:\\\/\\\/www.gold.fr\\\/news\\\/#\\\/schema\\\/person\\\/070491b4b4fb7671bf59b3be20302ce9\",\"name\":\"Comptoir National de l'Or\",\"image\":{\"@type\":\"ImageObject\",\"inLanguage\":\"fr-FR\",\"@id\":\"https:\\\/\\\/secure.gravatar.com\\\/avatar\\\/0a2867fd5abe37bed95d5a65e9d58f01756e11efc68af9888dfc50cfa7f65948?s=96&d=mm&r=gb490554db0a38188709de567aa58480d\",\"url\":\"https:\\\/\\\/secure.gravatar.com\\\/avatar\\\/0a2867fd5abe37bed95d5a65e9d58f01756e11efc68af9888dfc50cfa7f65948?s=96&d=mm&r=g\",\"contentUrl\":\"https:\\\/\\\/secure.gravatar.com\\\/avatar\\\/0a2867fd5abe37bed95d5a65e9d58f01756e11efc68af9888dfc50cfa7f65948?s=96&d=mm&r=g\",\"caption\":\"Comptoir National de l'Or\"},\"description\":\"Notre r\u00e9daction est constitu\u00e9e de membres experts dans les m\u00e9tiers de l'\u00e9conomie et la gestion, des Responsables d'agence Comptoir National de l'Or, des analystes financiers qui publient r\u00e9guli\u00e8rement des \u00e9tudes sur les politiques des banques centrales, le cours de l'or, prix de l'or, cours de l'argent, prix de l'argent, cours du platine, cours du palladium,... la situation en zone euro et l'impact de la strat\u00e9gie mon\u00e9taire de la FED. Notre \u00e9quipe scrute \u00e9galement une information plus g\u00e9n\u00e9raliste \u00e0 la recherche d'actualit\u00e9 \\\"p\u00e9pite\\\" \u00e0 vous partager. Depuis 5 ans, nous avons publi\u00e9 un peu plus de 4000 articles qui s'adressent \u00e0 un public large et vari\u00e9 ayant pour objectif de satisfaire votre curiosit\u00e9 et de partager avec vous une certaine fascination pour le m\u00e9tal jaune, le rachat d'or, et pour ceux qui veulent investir dans l'or, vendre leur or tout simplement en savoir plus... Pour tous vos achat or et argent, n'h\u00e9sitez pas \u00e0 prendre rendez-vous dans l'un de nos nombreux comptoirs.\",\"sameAs\":[\"https:\\\/\\\/www.gold.fr\"]}]}<\/script>\n<!-- \/ Yoast SEO plugin. -->","yoast_head_json":{"title":"Or et records \u2013 C\u2019est reparti ! - Gold.fr","robots":{"index":"index","follow":"follow","max-snippet":"max-snippet:-1","max-image-preview":"max-image-preview:large","max-video-preview":"max-video-preview:-1"},"canonical":"https:\/\/www.gold.fr\/news\/2011\/12\/03\/or-et-records-cest-reparti\/","og_locale":"fr_FR","og_type":"article","og_title":"Or et records \u2013 C\u2019est reparti ! - Gold.fr","og_description":"Apr\u00e8s des semaines de stagnation profond\u00e9ment marqu\u00e9e par une tendance baissi\u00e8re persistante, le m\u00e9tal jaune reprend enfin du poil de la b\u00eate et repart sur le chemin de la hausse. L&rsquo;or avait stagn\u00e9 pendant plus de [&hellip;]","og_url":"https:\/\/www.gold.fr\/news\/2011\/12\/03\/or-et-records-cest-reparti\/","og_site_name":"Gold.fr","article_publisher":"https:\/\/www.facebook.com\/Goldfr\/","article_published_time":"2011-12-03T13:30:05+00:00","article_modified_time":"2017-11-02T10:36:58+00:00","og_image":[{"width":601,"height":400,"url":"https:\/\/www.gold.fr\/news\/wp-content\/uploads\/2011\/12\/boudha-or.jpg","type":"image\/jpeg"}],"author":"Comptoir National de l'Or","twitter_card":"summary_large_image","twitter_misc":{"\u00c9crit par":"Comptoir National de l'Or","Dur\u00e9e de lecture estim\u00e9e":"1 minute"},"schema":{"@context":"https:\/\/schema.org","@graph":[{"@type":"Article","@id":"https:\/\/www.gold.fr\/news\/2011\/12\/03\/or-et-records-cest-reparti\/#article","isPartOf":{"@id":"https:\/\/www.gold.fr\/news\/2011\/12\/03\/or-et-records-cest-reparti\/"},"author":{"name":"Comptoir National de l'Or","@id":"https:\/\/www.gold.fr\/news\/#\/schema\/person\/070491b4b4fb7671bf59b3be20302ce9"},"headline":"Or et records \u2013 C\u2019est reparti !","datePublished":"2011-12-03T13:30:05+00:00","dateModified":"2017-11-02T10:36:58+00:00","mainEntityOfPage":{"@id":"https:\/\/www.gold.fr\/news\/2011\/12\/03\/or-et-records-cest-reparti\/"},"wordCount":248,"commentCount":0,"image":{"@id":"https:\/\/www.gold.fr\/news\/2011\/12\/03\/or-et-records-cest-reparti\/#primaryimage"},"thumbnailUrl":"https:\/\/www.gold.fr\/news\/wp-content\/uploads\/2011\/12\/boudha-or.jpg","keywords":["march\u00e9 de l'or","Or","tendance baissi\u00e8re"],"articleSection":["Articles de presse"],"inLanguage":"fr-FR"},{"@type":"WebPage","@id":"https:\/\/www.gold.fr\/news\/2011\/12\/03\/or-et-records-cest-reparti\/","url":"https:\/\/www.gold.fr\/news\/2011\/12\/03\/or-et-records-cest-reparti\/","name":"Or et records \u2013 C\u2019est reparti ! - Gold.fr","isPartOf":{"@id":"https:\/\/www.gold.fr\/news\/#website"},"primaryImageOfPage":{"@id":"https:\/\/www.gold.fr\/news\/2011\/12\/03\/or-et-records-cest-reparti\/#primaryimage"},"image":{"@id":"https:\/\/www.gold.fr\/news\/2011\/12\/03\/or-et-records-cest-reparti\/#primaryimage"},"thumbnailUrl":"https:\/\/www.gold.fr\/news\/wp-content\/uploads\/2011\/12\/boudha-or.jpg","datePublished":"2011-12-03T13:30:05+00:00","dateModified":"2017-11-02T10:36:58+00:00","author":{"@id":"https:\/\/www.gold.fr\/news\/#\/schema\/person\/070491b4b4fb7671bf59b3be20302ce9"},"breadcrumb":{"@id":"https:\/\/www.gold.fr\/news\/2011\/12\/03\/or-et-records-cest-reparti\/#breadcrumb"},"inLanguage":"fr-FR","potentialAction":[{"@type":"ReadAction","target":["https:\/\/www.gold.fr\/news\/2011\/12\/03\/or-et-records-cest-reparti\/"]}]},{"@type":"ImageObject","inLanguage":"fr-FR","@id":"https:\/\/www.gold.fr\/news\/2011\/12\/03\/or-et-records-cest-reparti\/#primaryimage","url":"https:\/\/www.gold.fr\/news\/wp-content\/uploads\/2011\/12\/boudha-or.jpg","contentUrl":"https:\/\/www.gold.fr\/news\/wp-content\/uploads\/2011\/12\/boudha-or.jpg","width":"601","height":"400","caption":"Symbolisme de l'Or"},{"@type":"BreadcrumbList","@id":"https:\/\/www.gold.fr\/news\/2011\/12\/03\/or-et-records-cest-reparti\/#breadcrumb","itemListElement":[{"@type":"ListItem","position":1,"name":"Accueil","item":"https:\/\/www.gold.fr\/"},{"@type":"ListItem","position":2,"name":"Actualit\u00e9s","item":"https:\/\/www.gold.fr\/news\/"},{"@type":"ListItem","position":3,"name":"Or et records \u2013 C\u2019est reparti !"}]},{"@type":"WebSite","@id":"https:\/\/www.gold.fr\/news\/#website","url":"https:\/\/www.gold.fr\/news\/","name":"Gold.fr","description":"Actualit\u00e9s de l&#039;Or et des m\u00e9taux pr\u00e9cieux","potentialAction":[{"@type":"SearchAction","target":{"@type":"EntryPoint","urlTemplate":"https:\/\/www.gold.fr\/news\/?s={search_term_string}"},"query-input":{"@type":"PropertyValueSpecification","valueRequired":true,"valueName":"search_term_string"}}],"inLanguage":"fr-FR"},{"@type":"Person","@id":"https:\/\/www.gold.fr\/news\/#\/schema\/person\/070491b4b4fb7671bf59b3be20302ce9","name":"Comptoir National de l'Or","image":{"@type":"ImageObject","inLanguage":"fr-FR","@id":"https:\/\/secure.gravatar.com\/avatar\/0a2867fd5abe37bed95d5a65e9d58f01756e11efc68af9888dfc50cfa7f65948?s=96&d=mm&r=gb490554db0a38188709de567aa58480d","url":"https:\/\/secure.gravatar.com\/avatar\/0a2867fd5abe37bed95d5a65e9d58f01756e11efc68af9888dfc50cfa7f65948?s=96&d=mm&r=g","contentUrl":"https:\/\/secure.gravatar.com\/avatar\/0a2867fd5abe37bed95d5a65e9d58f01756e11efc68af9888dfc50cfa7f65948?s=96&d=mm&r=g","caption":"Comptoir National de l'Or"},"description":"Notre r\u00e9daction est constitu\u00e9e de membres experts dans les m\u00e9tiers de l'\u00e9conomie et la gestion, des Responsables d'agence Comptoir National de l'Or, des analystes financiers qui publient r\u00e9guli\u00e8rement des \u00e9tudes sur les politiques des banques centrales, le cours de l'or, prix de l'or, cours de l'argent, prix de l'argent, cours du platine, cours du palladium,... la situation en zone euro et l'impact de la strat\u00e9gie mon\u00e9taire de la FED. Notre \u00e9quipe scrute \u00e9galement une information plus g\u00e9n\u00e9raliste \u00e0 la recherche d'actualit\u00e9 \"p\u00e9pite\" \u00e0 vous partager. Depuis 5 ans, nous avons publi\u00e9 un peu plus de 4000 articles qui s'adressent \u00e0 un public large et vari\u00e9 ayant pour objectif de satisfaire votre curiosit\u00e9 et de partager avec vous une certaine fascination pour le m\u00e9tal jaune, le rachat d'or, et pour ceux qui veulent investir dans l'or, vendre leur or tout simplement en savoir plus... Pour tous vos achat or et argent, n'h\u00e9sitez pas \u00e0 prendre rendez-vous dans l'un de nos nombreux comptoirs.","sameAs":["https:\/\/www.gold.fr"]}]}},"authors":[{"term_id":2565,"user_id":18,"is_guest":0,"slug":"julie","display_name":"Comptoir National de l'Or","avatar_url":"https:\/\/secure.gravatar.com\/avatar\/713f289e398d35ead876c4a4cc08607f0d6d266058cfc25683fffb6092d0e572?s=96&d=mm&r=g","0":null,"1":"","2":"","3":"","4":"","5":"","6":"","7":"","8":""}],"_links":{"self":[{"href":"https:\/\/www.gold.fr\/news\/wp-json\/wp\/v2\/posts\/4200","targetHints":{"allow":["GET"]}}],"collection":[{"href":"https:\/\/www.gold.fr\/news\/wp-json\/wp\/v2\/posts"}],"about":[{"href":"https:\/\/www.gold.fr\/news\/wp-json\/wp\/v2\/types\/post"}],"author":[{"embeddable":true,"href":"https:\/\/www.gold.fr\/news\/wp-json\/wp\/v2\/users\/18"}],"replies":[{"embeddable":true,"href":"https:\/\/www.gold.fr\/news\/wp-json\/wp\/v2\/comments?post=4200"}],"version-history":[{"count":0,"href":"https:\/\/www.gold.fr\/news\/wp-json\/wp\/v2\/posts\/4200\/revisions"}],"wp:featuredmedia":[{"embeddable":true,"href":"https:\/\/www.gold.fr\/news\/wp-json\/wp\/v2\/media\/4202"}],"wp:attachment":[{"href":"https:\/\/www.gold.fr\/news\/wp-json\/wp\/v2\/media?parent=4200"}],"wp:term":[{"taxonomy":"category","embeddable":true,"href":"https:\/\/www.gold.fr\/news\/wp-json\/wp\/v2\/categories?post=4200"},{"taxonomy":"post_tag","embeddable":true,"href":"https:\/\/www.gold.fr\/news\/wp-json\/wp\/v2\/tags?post=4200"},{"taxonomy":"author","embeddable":true,"href":"https:\/\/www.gold.fr\/news\/wp-json\/wp\/v2\/ppma_author?post=4200"}],"curies":[{"name":"wp","href":"https:\/\/api.w.org\/{rel}","templated":true}]}}